{"id":172489,"date":"2025-10-21T12:32:13","date_gmt":"2025-10-21T15:32:13","guid":{"rendered":"https:\/\/noticiasmercedinas.com\/site\/?p=172489"},"modified":"2025-10-21T12:34:05","modified_gmt":"2025-10-21T15:34:05","slug":"atilra-y-gremios-movilizados-ex-trabajadores-de-la-suipachense-llevan-60-dias-de-acampe-sin-resolucion-judicial","status":"publish","type":"post","link":"https:\/\/noticiasmercedinas.com\/site\/2025\/10\/21\/atilra-y-gremios-movilizados-ex-trabajadores-de-la-suipachense-llevan-60-dias-de-acampe-sin-resolucion-judicial\/","title":{"rendered":"ATILRA y gremios movilizados: ex trabajadores de La Suipachense llevan 60 dias de acampe sin resoluci\u00f3n judicial"},"content":{"rendered":"<p><img loading=\"lazy\" decoding=\"async\" class=\"alignnone size-full wp-image-172491\" src=\"https:\/\/noticiasmercedinas.com\/site\/wp-content\/uploads\/2025\/10\/IMG-20251021-WA0032-scaled.jpeg\" alt=\"\" width=\"2560\" height=\"1440\" srcset=\"https:\/\/noticiasmercedinas.com\/site\/wp-content\/uploads\/2025\/10\/IMG-20251021-WA0032-scaled.jpeg 2560w, https:\/\/noticiasmercedinas.com\/site\/wp-content\/uploads\/2025\/10\/IMG-20251021-WA0032-300x169.jpeg 300w, https:\/\/noticiasmercedinas.com\/site\/wp-content\/uploads\/2025\/10\/IMG-20251021-WA0032-1024x576.jpeg 1024w, https:\/\/noticiasmercedinas.com\/site\/wp-content\/uploads\/2025\/10\/IMG-20251021-WA0032-768x432.jpeg 768w, https:\/\/noticiasmercedinas.com\/site\/wp-content\/uploads\/2025\/10\/IMG-20251021-WA0032-1536x864.jpeg 1536w, https:\/\/noticiasmercedinas.com\/site\/wp-content\/uploads\/2025\/10\/IMG-20251021-WA0032-2048x1152.jpeg 2048w, https:\/\/noticiasmercedinas.com\/site\/wp-content\/uploads\/2025\/10\/IMG-20251021-WA0032-640x360.jpeg 640w, https:\/\/noticiasmercedinas.com\/site\/wp-content\/uploads\/2025\/10\/IMG-20251021-WA0032-1280x720.jpeg 1280w, https:\/\/noticiasmercedinas.com\/site\/wp-content\/uploads\/2025\/10\/IMG-20251021-WA0032-681x383.jpeg 681w, https:\/\/noticiasmercedinas.com\/site\/wp-content\/uploads\/2025\/10\/IMG-20251021-WA0032-1362x766.jpeg 1362w\" sizes=\"auto, (max-width: 2560px) 100vw, 2560px\" \/><\/p>\n<p>Un importante conflicto gremial que afecta a los ex trabajadores de la tradicional empresa l\u00e1ctea La Suipachense, vecina de esta ciudad, recrudeci\u00f3 hoy en Mercedes con una nueva movilizaci\u00f3n frente a las puertas del Juzgado N\u00b0 7.<\/p>\n<p>Los manifestantes, encabezados por el gremio ATILRA y con el apoyo de otros sindicatos, cumplen m\u00e1s de 60 d\u00edas de acampe sin obtener una resoluci\u00f3n judicial definitiva sobre el futuro de la compa\u00f1\u00eda.<\/p>\n<p><img loading=\"lazy\" decoding=\"async\" class=\"alignnone size-full wp-image-172492\" src=\"https:\/\/noticiasmercedinas.com\/site\/wp-content\/uploads\/2025\/10\/IMG-20251021-WA0030-scaled.jpeg\" alt=\"\" width=\"2560\" height=\"1440\" srcset=\"https:\/\/noticiasmercedinas.com\/site\/wp-content\/uploads\/2025\/10\/IMG-20251021-WA0030-scaled.jpeg 2560w, https:\/\/noticiasmercedinas.com\/site\/wp-content\/uploads\/2025\/10\/IMG-20251021-WA0030-300x169.jpeg 300w, https:\/\/noticiasmercedinas.com\/site\/wp-content\/uploads\/2025\/10\/IMG-20251021-WA0030-1024x576.jpeg 1024w, https:\/\/noticiasmercedinas.com\/site\/wp-content\/uploads\/2025\/10\/IMG-20251021-WA0030-768x432.jpeg 768w, https:\/\/noticiasmercedinas.com\/site\/wp-content\/uploads\/2025\/10\/IMG-20251021-WA0030-1536x864.jpeg 1536w, https:\/\/noticiasmercedinas.com\/site\/wp-content\/uploads\/2025\/10\/IMG-20251021-WA0030-2048x1152.jpeg 2048w, https:\/\/noticiasmercedinas.com\/site\/wp-content\/uploads\/2025\/10\/IMG-20251021-WA0030-640x360.jpeg 640w, https:\/\/noticiasmercedinas.com\/site\/wp-content\/uploads\/2025\/10\/IMG-20251021-WA0030-1280x720.jpeg 1280w, https:\/\/noticiasmercedinas.com\/site\/wp-content\/uploads\/2025\/10\/IMG-20251021-WA0030-681x383.jpeg 681w, https:\/\/noticiasmercedinas.com\/site\/wp-content\/uploads\/2025\/10\/IMG-20251021-WA0030-1362x766.jpeg 1362w\" sizes=\"auto, (max-width: 2560px) 100vw, 2560px\" \/><\/p>\n<p>Mario Nelch, Secretario Adjunto de ATILRA, confirm\u00f3 a este medio que la jornada de hoy se centra en una audiencia crucial con los principales actores de la causa: los acreedores chilenos \u2014identificados como los m\u00e1ximos interesados\u2014, el propio gremio y el s\u00edndico del concurso de la empresa.<\/p>\n<p>\u00abVinimos a una audiencia con los venezolanos, los m\u00e1ximos acreedores que son los chilenos, el gremio que somos nosotros y el s\u00edndico del concurso de la empresa,\u00bb declar\u00f3 Nelch, tras una audiencia anterior diez d\u00edas atr\u00e1s que no arroj\u00f3 resultados.<\/p>\n<p>Los trabajadores, que llevan 60 d\u00edas sin actividad laboral, mantienen expectativas claras: el cese de la intervenci\u00f3n del grupo actual. \u00abNuestras expectativas son que esta gente que vino a reventar la empresa se vaya una vez por todas y le ceda la empresa a la gente que realmente la quiere levantar y quiere trabajar en ella,\u00bb manifest\u00f3 el dirigente gremial. Nelch indic\u00f3 que la confianza con los actuales interesados est\u00e1 rota y que la \u00fanica salida viable es que \u00abla agarre alguien que realmente quiere trabajar\u00bb.<\/p>\n<blockquote><p>Nelch indic\u00f3 que la confianza con los actuales interesados est\u00e1 rota y que la \u00fanica salida viable es que \u00abla agarre alguien que realmente quiere trabajar\u00bb.<\/p><\/blockquote>\n<p>El conflicto laboral se enmarca en un contexto m\u00e1s amplio, seg\u00fan Nelch, quien se\u00f1al\u00f3 antecedentes con el grupo inversor: \u00abEste grupo MARALAC ya lo ha hecho antes, la f\u00e1brica ARSA, Alimentos Refrigerados Sociedad An\u00f3nima, que ya la concursaron y la quebraron y quieren hacer lo mismo con esta.\u00bb Por ello, los afectados perciben la situaci\u00f3n como el resultado de un posible il\u00edcito: \u00abExactamente, esta gente viene a romper con todo y bueno nosotros estamos hace 60 d\u00edas tratando de impedir eso.\u00bb<\/p>\n<p>La movilizaci\u00f3n, que cont\u00f3 con la adhesi\u00f3n de trabajadores de gremios locales como AEFIP y la CGT Regional se extiende durante la jornada a la espera de que el juez de la causa emita alguna definici\u00f3n que ponga fin a la incertidumbre de las familias afectadas.<\/p>\n<p><img loading=\"lazy\" decoding=\"async\" class=\"alignnone size-full wp-image-172494\" src=\"https:\/\/noticiasmercedinas.com\/site\/wp-content\/uploads\/2025\/10\/IMG-20251021-WA0028-scaled.jpeg\" alt=\"\" width=\"2560\" height=\"1440\" srcset=\"https:\/\/noticiasmercedinas.com\/site\/wp-content\/uploads\/2025\/10\/IMG-20251021-WA0028-scaled.jpeg 2560w, https:\/\/noticiasmercedinas.com\/site\/wp-content\/uploads\/2025\/10\/IMG-20251021-WA0028-300x169.jpeg 300w, https:\/\/noticiasmercedinas.com\/site\/wp-content\/uploads\/2025\/10\/IMG-20251021-WA0028-1024x576.jpeg 1024w, https:\/\/noticiasmercedinas.com\/site\/wp-content\/uploads\/2025\/10\/IMG-20251021-WA0028-768x432.jpeg 768w, https:\/\/noticiasmercedinas.com\/site\/wp-content\/uploads\/2025\/10\/IMG-20251021-WA0028-1536x864.jpeg 1536w, https:\/\/noticiasmercedinas.com\/site\/wp-content\/uploads\/2025\/10\/IMG-20251021-WA0028-2048x1152.jpeg 2048w, https:\/\/noticiasmercedinas.com\/site\/wp-content\/uploads\/2025\/10\/IMG-20251021-WA0028-640x360.jpeg 640w, https:\/\/noticiasmercedinas.com\/site\/wp-content\/uploads\/2025\/10\/IMG-20251021-WA0028-1280x720.jpeg 1280w, https:\/\/noticiasmercedinas.com\/site\/wp-content\/uploads\/2025\/10\/IMG-20251021-WA0028-681x383.jpeg 681w, https:\/\/noticiasmercedinas.com\/site\/wp-content\/uploads\/2025\/10\/IMG-20251021-WA0028-1362x766.jpeg 1362w\" sizes=\"auto, (max-width: 2560px) 100vw, 2560px\" \/><\/p>\n","protected":false},"excerpt":{"rendered":"<p>\u25a0 Mario Nelch, Secretario Adjunto de ATILRA, denuncia que los m\u00e1ximos acreedores buscan \u00abreventar la empresa\u00bb y exige que la gesti\u00f3n sea cedida a inversores con intenci\u00f3n real de reactivar la planta l\u00e1ctea.<\/p>\n","protected":false},"author":16,"featured_media":172491,"comment_status":"closed","ping_status":"closed","sticky":false,"template":"","format":"standard","meta":{"footnotes":""},"categories":[3,20734],"tags":[3580,6959,524,10475,1095],"class_list":["post-172489","post","type-post","status-publish","format-standard","has-post-thumbnail","hentry","category-sociedad","category-ultimo-momento","tag-atilra","tag-fabrica","tag-justicia","tag-la-suipachense","tag-suipacha"],"yoast_head":"<!-- This site is optimized with the Yoast SEO plugin v27.5 - https:\/\/yoast.com\/product\/yoast-seo-wordpress\/ -->\n<title>ATILRA y gremios movilizados: ex trabajadores de La Suipachense llevan 60 dias de acampe sin resoluci\u00f3n judicial<\/title>\n<meta name=\"description\" content=\"Mario Nelch, Secretario Adjunto de ATILRA, denuncia que los m\u00e1ximos acreedores buscan &quot;reventar la empresa&quot; y exige que la gesti\u00f3n sea cedida a inversores con intenci\u00f3n real de reactivar la planta l\u00e1ctea.\" \/>\n<meta name=\"robots\" content=\"index, follow, max-snippet:-1, max-image-preview:large, max-video-preview:-1\" \/>\n<link rel=\"canonical\" href=\"https:\/\/noticiasmercedinas.com\/site\/2025\/10\/21\/atilra-y-gremios-movilizados-ex-trabajadores-de-la-suipachense-llevan-60-dias-de-acampe-sin-resolucion-judicial\/\" \/>\n<meta property=\"og:locale\" content=\"es_ES\" \/>\n<meta property=\"og:type\" content=\"article\" \/>\n<meta property=\"og:title\" content=\"ATILRA y gremios movilizados: ex trabajadores de La Suipachense llevan 60 dias de acampe sin resoluci\u00f3n judicial\" \/>\n<meta property=\"og:description\" content=\"Mario Nelch, Secretario Adjunto de ATILRA, denuncia que los m\u00e1ximos acreedores buscan &quot;reventar la empresa&quot; y exige que la gesti\u00f3n sea cedida a inversores con intenci\u00f3n real de reactivar la planta l\u00e1ctea.\" \/>\n<meta property=\"og:url\" content=\"https:\/\/noticiasmercedinas.com\/site\/2025\/10\/21\/atilra-y-gremios-movilizados-ex-trabajadores-de-la-suipachense-llevan-60-dias-de-acampe-sin-resolucion-judicial\/\" \/>\n<meta property=\"og:site_name\" content=\"NOTICIASMERCEDINAS.COM\" \/>\n<meta property=\"article:publisher\" content=\"https:\/\/www.facebook.com\/noticiasmercedinas\/\" \/>\n<meta property=\"article:published_time\" content=\"2025-10-21T15:32:13+00:00\" \/>\n<meta property=\"article:modified_time\" content=\"2025-10-21T15:34:05+00:00\" \/>\n<meta property=\"og:image\" content=\"https:\/\/noticiasmercedinas.com\/site\/wp-content\/uploads\/2025\/10\/IMG-20251021-WA0032-scaled.jpeg\" \/>\n\t<meta property=\"og:image:width\" content=\"2560\" \/>\n\t<meta property=\"og:image:height\" content=\"1440\" \/>\n\t<meta property=\"og:image:type\" content=\"image\/jpeg\" \/>\n<meta name=\"author\" content=\"NOTICIASMERCEDINAS.COM\" \/>\n<meta name=\"twitter:card\" content=\"summary_large_image\" \/>\n<meta name=\"twitter:creator\" content=\"@notmercedinas\" \/>\n<meta name=\"twitter:site\" content=\"@notmercedinas\" \/>\n<meta name=\"twitter:label1\" content=\"Escrito por\" \/>\n\t<meta name=\"twitter:data1\" content=\"NOTICIASMERCEDINAS.COM\" \/>\n\t<meta name=\"twitter:label2\" content=\"Tiempo de lectura\" \/>\n\t<meta name=\"twitter:data2\" content=\"3 minutos\" \/>\n<script type=\"application\/ld+json\" class=\"yoast-schema-graph\">{\"@context\":\"https:\\\/\\\/schema.org\",\"@graph\":[{\"@type\":\"Article\",\"@id\":\"https:\\\/\\\/noticiasmercedinas.com\\\/site\\\/2025\\\/10\\\/21\\\/atilra-y-gremios-movilizados-ex-trabajadores-de-la-suipachense-llevan-60-dias-de-acampe-sin-resolucion-judicial\\\/#article\",\"isPartOf\":{\"@id\":\"https:\\\/\\\/noticiasmercedinas.com\\\/site\\\/2025\\\/10\\\/21\\\/atilra-y-gremios-movilizados-ex-trabajadores-de-la-suipachense-llevan-60-dias-de-acampe-sin-resolucion-judicial\\\/\"},\"author\":{\"name\":\"NOTICIASMERCEDINAS.COM\",\"@id\":\"https:\\\/\\\/noticiasmercedinas.com\\\/site\\\/#\\\/schema\\\/person\\\/84b59c099c28ff2e8b77d4ceec5d8063\"},\"headline\":\"ATILRA y gremios movilizados: ex trabajadores de La Suipachense llevan 60 dias de acampe sin resoluci\u00f3n judicial\",\"datePublished\":\"2025-10-21T15:32:13+00:00\",\"dateModified\":\"2025-10-21T15:34:05+00:00\",\"mainEntityOfPage\":{\"@id\":\"https:\\\/\\\/noticiasmercedinas.com\\\/site\\\/2025\\\/10\\\/21\\\/atilra-y-gremios-movilizados-ex-trabajadores-de-la-suipachense-llevan-60-dias-de-acampe-sin-resolucion-judicial\\\/\"},\"wordCount\":434,\"publisher\":{\"@id\":\"https:\\\/\\\/noticiasmercedinas.com\\\/site\\\/#organization\"},\"image\":{\"@id\":\"https:\\\/\\\/noticiasmercedinas.com\\\/site\\\/2025\\\/10\\\/21\\\/atilra-y-gremios-movilizados-ex-trabajadores-de-la-suipachense-llevan-60-dias-de-acampe-sin-resolucion-judicial\\\/#primaryimage\"},\"thumbnailUrl\":\"https:\\\/\\\/noticiasmercedinas.com\\\/site\\\/wp-content\\\/uploads\\\/2025\\\/10\\\/IMG-20251021-WA0032-scaled.jpeg\",\"keywords\":[\"ATILRA\",\"fabrica\",\"justicia\",\"La Suipachense\",\"suipacha\"],\"articleSection\":[\"Sociedad\",\"Ultimo momento\"],\"inLanguage\":\"es\"},{\"@type\":\"WebPage\",\"@id\":\"https:\\\/\\\/noticiasmercedinas.com\\\/site\\\/2025\\\/10\\\/21\\\/atilra-y-gremios-movilizados-ex-trabajadores-de-la-suipachense-llevan-60-dias-de-acampe-sin-resolucion-judicial\\\/\",\"url\":\"https:\\\/\\\/noticiasmercedinas.com\\\/site\\\/2025\\\/10\\\/21\\\/atilra-y-gremios-movilizados-ex-trabajadores-de-la-suipachense-llevan-60-dias-de-acampe-sin-resolucion-judicial\\\/\",\"name\":\"ATILRA y gremios movilizados: ex trabajadores de La Suipachense llevan 60 dias de acampe sin resoluci\u00f3n judicial\",\"isPartOf\":{\"@id\":\"https:\\\/\\\/noticiasmercedinas.com\\\/site\\\/#website\"},\"primaryImageOfPage\":{\"@id\":\"https:\\\/\\\/noticiasmercedinas.com\\\/site\\\/2025\\\/10\\\/21\\\/atilra-y-gremios-movilizados-ex-trabajadores-de-la-suipachense-llevan-60-dias-de-acampe-sin-resolucion-judicial\\\/#primaryimage\"},\"image\":{\"@id\":\"https:\\\/\\\/noticiasmercedinas.com\\\/site\\\/2025\\\/10\\\/21\\\/atilra-y-gremios-movilizados-ex-trabajadores-de-la-suipachense-llevan-60-dias-de-acampe-sin-resolucion-judicial\\\/#primaryimage\"},\"thumbnailUrl\":\"https:\\\/\\\/noticiasmercedinas.com\\\/site\\\/wp-content\\\/uploads\\\/2025\\\/10\\\/IMG-20251021-WA0032-scaled.jpeg\",\"datePublished\":\"2025-10-21T15:32:13+00:00\",\"dateModified\":\"2025-10-21T15:34:05+00:00\",\"description\":\"Mario Nelch, Secretario Adjunto de ATILRA, denuncia que los m\u00e1ximos acreedores buscan \\\"reventar la empresa\\\" y exige que la gesti\u00f3n sea cedida a inversores con intenci\u00f3n real de reactivar la planta l\u00e1ctea.\",\"breadcrumb\":{\"@id\":\"https:\\\/\\\/noticiasmercedinas.com\\\/site\\\/2025\\\/10\\\/21\\\/atilra-y-gremios-movilizados-ex-trabajadores-de-la-suipachense-llevan-60-dias-de-acampe-sin-resolucion-judicial\\\/#breadcrumb\"},\"inLanguage\":\"es\",\"potentialAction\":[{\"@type\":\"ReadAction\",\"target\":[\"https:\\\/\\\/noticiasmercedinas.com\\\/site\\\/2025\\\/10\\\/21\\\/atilra-y-gremios-movilizados-ex-trabajadores-de-la-suipachense-llevan-60-dias-de-acampe-sin-resolucion-judicial\\\/\"]}]},{\"@type\":\"ImageObject\",\"inLanguage\":\"es\",\"@id\":\"https:\\\/\\\/noticiasmercedinas.com\\\/site\\\/2025\\\/10\\\/21\\\/atilra-y-gremios-movilizados-ex-trabajadores-de-la-suipachense-llevan-60-dias-de-acampe-sin-resolucion-judicial\\\/#primaryimage\",\"url\":\"https:\\\/\\\/noticiasmercedinas.com\\\/site\\\/wp-content\\\/uploads\\\/2025\\\/10\\\/IMG-20251021-WA0032-scaled.jpeg\",\"contentUrl\":\"https:\\\/\\\/noticiasmercedinas.com\\\/site\\\/wp-content\\\/uploads\\\/2025\\\/10\\\/IMG-20251021-WA0032-scaled.jpeg\",\"width\":2560,\"height\":1440},{\"@type\":\"BreadcrumbList\",\"@id\":\"https:\\\/\\\/noticiasmercedinas.com\\\/site\\\/2025\\\/10\\\/21\\\/atilra-y-gremios-movilizados-ex-trabajadores-de-la-suipachense-llevan-60-dias-de-acampe-sin-resolucion-judicial\\\/#breadcrumb\",\"itemListElement\":[{\"@type\":\"ListItem\",\"position\":1,\"name\":\"Portada\",\"item\":\"https:\\\/\\\/noticiasmercedinas.com\\\/site\\\/\"},{\"@type\":\"ListItem\",\"position\":2,\"name\":\"ATILRA y gremios movilizados: ex trabajadores de La Suipachense llevan 60 dias de acampe sin resoluci\u00f3n judicial\"}]},{\"@type\":\"WebSite\",\"@id\":\"https:\\\/\\\/noticiasmercedinas.com\\\/site\\\/#website\",\"url\":\"https:\\\/\\\/noticiasmercedinas.com\\\/site\\\/\",\"name\":\"NOTICIASMERCEDINAS.COM\",\"description\":\"Mercedes, Buenos Aires, Argentina\",\"publisher\":{\"@id\":\"https:\\\/\\\/noticiasmercedinas.com\\\/site\\\/#organization\"},\"potentialAction\":[{\"@type\":\"SearchAction\",\"target\":{\"@type\":\"EntryPoint\",\"urlTemplate\":\"https:\\\/\\\/noticiasmercedinas.com\\\/site\\\/?s={search_term_string}\"},\"query-input\":{\"@type\":\"PropertyValueSpecification\",\"valueRequired\":true,\"valueName\":\"search_term_string\"}}],\"inLanguage\":\"es\"},{\"@type\":\"Organization\",\"@id\":\"https:\\\/\\\/noticiasmercedinas.com\\\/site\\\/#organization\",\"name\":\"NOTICIASMERCEDINAS.COM\",\"url\":\"https:\\\/\\\/noticiasmercedinas.com\\\/site\\\/\",\"logo\":{\"@type\":\"ImageObject\",\"inLanguage\":\"es\",\"@id\":\"https:\\\/\\\/noticiasmercedinas.com\\\/site\\\/#\\\/schema\\\/logo\\\/image\\\/\",\"url\":\"https:\\\/\\\/noticiasmercedinas.com\\\/site\\\/wp-content\\\/uploads\\\/2020\\\/06\\\/LOGO-512.jpg\",\"contentUrl\":\"https:\\\/\\\/noticiasmercedinas.com\\\/site\\\/wp-content\\\/uploads\\\/2020\\\/06\\\/LOGO-512.jpg\",\"width\":512,\"height\":512,\"caption\":\"NOTICIASMERCEDINAS.COM\"},\"image\":{\"@id\":\"https:\\\/\\\/noticiasmercedinas.com\\\/site\\\/#\\\/schema\\\/logo\\\/image\\\/\"},\"sameAs\":[\"https:\\\/\\\/www.facebook.com\\\/noticiasmercedinas\\\/\",\"https:\\\/\\\/x.com\\\/notmercedinas\",\"https:\\\/\\\/www.instagram.com\\\/noticiasmercedinas\\\/\"]},{\"@type\":\"Person\",\"@id\":\"https:\\\/\\\/noticiasmercedinas.com\\\/site\\\/#\\\/schema\\\/person\\\/84b59c099c28ff2e8b77d4ceec5d8063\",\"name\":\"NOTICIASMERCEDINAS.COM\",\"image\":{\"@type\":\"ImageObject\",\"inLanguage\":\"es\",\"@id\":\"https:\\\/\\\/secure.gravatar.com\\\/avatar\\\/4dfbf16b4d17945bfb6341b2d19043457132fcf478a5ee04f42e959fd8f5df0a?s=96&d=mm&r=g\",\"url\":\"https:\\\/\\\/secure.gravatar.com\\\/avatar\\\/4dfbf16b4d17945bfb6341b2d19043457132fcf478a5ee04f42e959fd8f5df0a?s=96&d=mm&r=g\",\"contentUrl\":\"https:\\\/\\\/secure.gravatar.com\\\/avatar\\\/4dfbf16b4d17945bfb6341b2d19043457132fcf478a5ee04f42e959fd8f5df0a?s=96&d=mm&r=g\",\"caption\":\"NOTICIASMERCEDINAS.COM\"},\"url\":\"https:\\\/\\\/noticiasmercedinas.com\\\/site\\\/author\\\/anonimo\\\/\"}]}<\/script>\n<!-- \/ Yoast SEO plugin. -->","yoast_head_json":{"title":"ATILRA y gremios movilizados: ex trabajadores de La Suipachense llevan 60 dias de acampe sin resoluci\u00f3n judicial","description":"Mario Nelch, Secretario Adjunto de ATILRA, denuncia que los m\u00e1ximos acreedores buscan \"reventar la empresa\" y exige que la gesti\u00f3n sea cedida a inversores con intenci\u00f3n real de reactivar la planta l\u00e1ctea.","robots":{"index":"index","follow":"follow","max-snippet":"max-snippet:-1","max-image-preview":"max-image-preview:large","max-video-preview":"max-video-preview:-1"},"canonical":"https:\/\/noticiasmercedinas.com\/site\/2025\/10\/21\/atilra-y-gremios-movilizados-ex-trabajadores-de-la-suipachense-llevan-60-dias-de-acampe-sin-resolucion-judicial\/","og_locale":"es_ES","og_type":"article","og_title":"ATILRA y gremios movilizados: ex trabajadores de La Suipachense llevan 60 dias de acampe sin resoluci\u00f3n judicial","og_description":"Mario Nelch, Secretario Adjunto de ATILRA, denuncia que los m\u00e1ximos acreedores buscan \"reventar la empresa\" y exige que la gesti\u00f3n sea cedida a inversores con intenci\u00f3n real de reactivar la planta l\u00e1ctea.","og_url":"https:\/\/noticiasmercedinas.com\/site\/2025\/10\/21\/atilra-y-gremios-movilizados-ex-trabajadores-de-la-suipachense-llevan-60-dias-de-acampe-sin-resolucion-judicial\/","og_site_name":"NOTICIASMERCEDINAS.COM","article_publisher":"https:\/\/www.facebook.com\/noticiasmercedinas\/","article_published_time":"2025-10-21T15:32:13+00:00","article_modified_time":"2025-10-21T15:34:05+00:00","og_image":[{"width":2560,"height":1440,"url":"https:\/\/noticiasmercedinas.com\/site\/wp-content\/uploads\/2025\/10\/IMG-20251021-WA0032-scaled.jpeg","type":"image\/jpeg"}],"author":"NOTICIASMERCEDINAS.COM","twitter_card":"summary_large_image","twitter_creator":"@notmercedinas","twitter_site":"@notmercedinas","twitter_misc":{"Escrito por":"NOTICIASMERCEDINAS.COM","Tiempo de lectura":"3 minutos"},"schema":{"@context":"https:\/\/schema.org","@graph":[{"@type":"Article","@id":"https:\/\/noticiasmercedinas.com\/site\/2025\/10\/21\/atilra-y-gremios-movilizados-ex-trabajadores-de-la-suipachense-llevan-60-dias-de-acampe-sin-resolucion-judicial\/#article","isPartOf":{"@id":"https:\/\/noticiasmercedinas.com\/site\/2025\/10\/21\/atilra-y-gremios-movilizados-ex-trabajadores-de-la-suipachense-llevan-60-dias-de-acampe-sin-resolucion-judicial\/"},"author":{"name":"NOTICIASMERCEDINAS.COM","@id":"https:\/\/noticiasmercedinas.com\/site\/#\/schema\/person\/84b59c099c28ff2e8b77d4ceec5d8063"},"headline":"ATILRA y gremios movilizados: ex trabajadores de La Suipachense llevan 60 dias de acampe sin resoluci\u00f3n judicial","datePublished":"2025-10-21T15:32:13+00:00","dateModified":"2025-10-21T15:34:05+00:00","mainEntityOfPage":{"@id":"https:\/\/noticiasmercedinas.com\/site\/2025\/10\/21\/atilra-y-gremios-movilizados-ex-trabajadores-de-la-suipachense-llevan-60-dias-de-acampe-sin-resolucion-judicial\/"},"wordCount":434,"publisher":{"@id":"https:\/\/noticiasmercedinas.com\/site\/#organization"},"image":{"@id":"https:\/\/noticiasmercedinas.com\/site\/2025\/10\/21\/atilra-y-gremios-movilizados-ex-trabajadores-de-la-suipachense-llevan-60-dias-de-acampe-sin-resolucion-judicial\/#primaryimage"},"thumbnailUrl":"https:\/\/noticiasmercedinas.com\/site\/wp-content\/uploads\/2025\/10\/IMG-20251021-WA0032-scaled.jpeg","keywords":["ATILRA","fabrica","justicia","La Suipachense","suipacha"],"articleSection":["Sociedad","Ultimo momento"],"inLanguage":"es"},{"@type":"WebPage","@id":"https:\/\/noticiasmercedinas.com\/site\/2025\/10\/21\/atilra-y-gremios-movilizados-ex-trabajadores-de-la-suipachense-llevan-60-dias-de-acampe-sin-resolucion-judicial\/","url":"https:\/\/noticiasmercedinas.com\/site\/2025\/10\/21\/atilra-y-gremios-movilizados-ex-trabajadores-de-la-suipachense-llevan-60-dias-de-acampe-sin-resolucion-judicial\/","name":"ATILRA y gremios movilizados: ex trabajadores de La Suipachense llevan 60 dias de acampe sin resoluci\u00f3n judicial","isPartOf":{"@id":"https:\/\/noticiasmercedinas.com\/site\/#website"},"primaryImageOfPage":{"@id":"https:\/\/noticiasmercedinas.com\/site\/2025\/10\/21\/atilra-y-gremios-movilizados-ex-trabajadores-de-la-suipachense-llevan-60-dias-de-acampe-sin-resolucion-judicial\/#primaryimage"},"image":{"@id":"https:\/\/noticiasmercedinas.com\/site\/2025\/10\/21\/atilra-y-gremios-movilizados-ex-trabajadores-de-la-suipachense-llevan-60-dias-de-acampe-sin-resolucion-judicial\/#primaryimage"},"thumbnailUrl":"https:\/\/noticiasmercedinas.com\/site\/wp-content\/uploads\/2025\/10\/IMG-20251021-WA0032-scaled.jpeg","datePublished":"2025-10-21T15:32:13+00:00","dateModified":"2025-10-21T15:34:05+00:00","description":"Mario Nelch, Secretario Adjunto de ATILRA, denuncia que los m\u00e1ximos acreedores buscan \"reventar la empresa\" y exige que la gesti\u00f3n sea cedida a inversores con intenci\u00f3n real de reactivar la planta l\u00e1ctea.","breadcrumb":{"@id":"https:\/\/noticiasmercedinas.com\/site\/2025\/10\/21\/atilra-y-gremios-movilizados-ex-trabajadores-de-la-suipachense-llevan-60-dias-de-acampe-sin-resolucion-judicial\/#breadcrumb"},"inLanguage":"es","potentialAction":[{"@type":"ReadAction","target":["https:\/\/noticiasmercedinas.com\/site\/2025\/10\/21\/atilra-y-gremios-movilizados-ex-trabajadores-de-la-suipachense-llevan-60-dias-de-acampe-sin-resolucion-judicial\/"]}]},{"@type":"ImageObject","inLanguage":"es","@id":"https:\/\/noticiasmercedinas.com\/site\/2025\/10\/21\/atilra-y-gremios-movilizados-ex-trabajadores-de-la-suipachense-llevan-60-dias-de-acampe-sin-resolucion-judicial\/#primaryimage","url":"https:\/\/noticiasmercedinas.com\/site\/wp-content\/uploads\/2025\/10\/IMG-20251021-WA0032-scaled.jpeg","contentUrl":"https:\/\/noticiasmercedinas.com\/site\/wp-content\/uploads\/2025\/10\/IMG-20251021-WA0032-scaled.jpeg","width":2560,"height":1440},{"@type":"BreadcrumbList","@id":"https:\/\/noticiasmercedinas.com\/site\/2025\/10\/21\/atilra-y-gremios-movilizados-ex-trabajadores-de-la-suipachense-llevan-60-dias-de-acampe-sin-resolucion-judicial\/#breadcrumb","itemListElement":[{"@type":"ListItem","position":1,"name":"Portada","item":"https:\/\/noticiasmercedinas.com\/site\/"},{"@type":"ListItem","position":2,"name":"ATILRA y gremios movilizados: ex trabajadores de La Suipachense llevan 60 dias de acampe sin resoluci\u00f3n judicial"}]},{"@type":"WebSite","@id":"https:\/\/noticiasmercedinas.com\/site\/#website","url":"https:\/\/noticiasmercedinas.com\/site\/","name":"NOTICIASMERCEDINAS.COM","description":"Mercedes, Buenos Aires, Argentina","publisher":{"@id":"https:\/\/noticiasmercedinas.com\/site\/#organization"},"potentialAction":[{"@type":"SearchAction","target":{"@type":"EntryPoint","urlTemplate":"https:\/\/noticiasmercedinas.com\/site\/?s={search_term_string}"},"query-input":{"@type":"PropertyValueSpecification","valueRequired":true,"valueName":"search_term_string"}}],"inLanguage":"es"},{"@type":"Organization","@id":"https:\/\/noticiasmercedinas.com\/site\/#organization","name":"NOTICIASMERCEDINAS.COM","url":"https:\/\/noticiasmercedinas.com\/site\/","logo":{"@type":"ImageObject","inLanguage":"es","@id":"https:\/\/noticiasmercedinas.com\/site\/#\/schema\/logo\/image\/","url":"https:\/\/noticiasmercedinas.com\/site\/wp-content\/uploads\/2020\/06\/LOGO-512.jpg","contentUrl":"https:\/\/noticiasmercedinas.com\/site\/wp-content\/uploads\/2020\/06\/LOGO-512.jpg","width":512,"height":512,"caption":"NOTICIASMERCEDINAS.COM"},"image":{"@id":"https:\/\/noticiasmercedinas.com\/site\/#\/schema\/logo\/image\/"},"sameAs":["https:\/\/www.facebook.com\/noticiasmercedinas\/","https:\/\/x.com\/notmercedinas","https:\/\/www.instagram.com\/noticiasmercedinas\/"]},{"@type":"Person","@id":"https:\/\/noticiasmercedinas.com\/site\/#\/schema\/person\/84b59c099c28ff2e8b77d4ceec5d8063","name":"NOTICIASMERCEDINAS.COM","image":{"@type":"ImageObject","inLanguage":"es","@id":"https:\/\/secure.gravatar.com\/avatar\/4dfbf16b4d17945bfb6341b2d19043457132fcf478a5ee04f42e959fd8f5df0a?s=96&d=mm&r=g","url":"https:\/\/secure.gravatar.com\/avatar\/4dfbf16b4d17945bfb6341b2d19043457132fcf478a5ee04f42e959fd8f5df0a?s=96&d=mm&r=g","contentUrl":"https:\/\/secure.gravatar.com\/avatar\/4dfbf16b4d17945bfb6341b2d19043457132fcf478a5ee04f42e959fd8f5df0a?s=96&d=mm&r=g","caption":"NOTICIASMERCEDINAS.COM"},"url":"https:\/\/noticiasmercedinas.com\/site\/author\/anonimo\/"}]}},"amp_enabled":true,"_links":{"self":[{"href":"https:\/\/noticiasmercedinas.com\/site\/wp-json\/wp\/v2\/posts\/172489","targetHints":{"allow":["GET"]}}],"collection":[{"href":"https:\/\/noticiasmercedinas.com\/site\/wp-json\/wp\/v2\/posts"}],"about":[{"href":"https:\/\/noticiasmercedinas.com\/site\/wp-json\/wp\/v2\/types\/post"}],"author":[{"embeddable":true,"href":"https:\/\/noticiasmercedinas.com\/site\/wp-json\/wp\/v2\/users\/16"}],"replies":[{"embeddable":true,"href":"https:\/\/noticiasmercedinas.com\/site\/wp-json\/wp\/v2\/comments?post=172489"}],"version-history":[{"count":4,"href":"https:\/\/noticiasmercedinas.com\/site\/wp-json\/wp\/v2\/posts\/172489\/revisions"}],"predecessor-version":[{"id":172496,"href":"https:\/\/noticiasmercedinas.com\/site\/wp-json\/wp\/v2\/posts\/172489\/revisions\/172496"}],"wp:featuredmedia":[{"embeddable":true,"href":"https:\/\/noticiasmercedinas.com\/site\/wp-json\/wp\/v2\/media\/172491"}],"wp:attachment":[{"href":"https:\/\/noticiasmercedinas.com\/site\/wp-json\/wp\/v2\/media?parent=172489"}],"wp:term":[{"taxonomy":"category","embeddable":true,"href":"https:\/\/noticiasmercedinas.com\/site\/wp-json\/wp\/v2\/categories?post=172489"},{"taxonomy":"post_tag","embeddable":true,"href":"https:\/\/noticiasmercedinas.com\/site\/wp-json\/wp\/v2\/tags?post=172489"}],"curies":[{"name":"wp","href":"https:\/\/api.w.org\/{rel}","templated":true}]}}