{"id":172504,"date":"2025-10-21T12:53:02","date_gmt":"2025-10-21T15:53:02","guid":{"rendered":"https:\/\/noticiasmercedinas.com\/site\/?p=172504"},"modified":"2025-10-21T12:53:02","modified_gmt":"2025-10-21T15:53:02","slug":"legendario-baterista-daniel-demaria-visitara-el-programa-radial-llegaron-los-blues","status":"publish","type":"post","link":"https:\/\/noticiasmercedinas.com\/site\/2025\/10\/21\/legendario-baterista-daniel-demaria-visitara-el-programa-radial-llegaron-los-blues\/","title":{"rendered":"Legendario baterista Daniel Demar\u00eda visitar\u00e1 el programa radial \u00abLlegaron los Blues\u00bb"},"content":{"rendered":"<p><img loading=\"lazy\" decoding=\"async\" class=\"alignnone size-full wp-image-172506\" src=\"https:\/\/noticiasmercedinas.com\/site\/wp-content\/uploads\/2025\/10\/IMG-20251020-WA0010.jpg\" alt=\"\" width=\"1600\" height=\"1600\" srcset=\"https:\/\/noticiasmercedinas.com\/site\/wp-content\/uploads\/2025\/10\/IMG-20251020-WA0010.jpg 1600w, https:\/\/noticiasmercedinas.com\/site\/wp-content\/uploads\/2025\/10\/IMG-20251020-WA0010-300x300.jpg 300w, https:\/\/noticiasmercedinas.com\/site\/wp-content\/uploads\/2025\/10\/IMG-20251020-WA0010-1024x1024.jpg 1024w, https:\/\/noticiasmercedinas.com\/site\/wp-content\/uploads\/2025\/10\/IMG-20251020-WA0010-150x150.jpg 150w, https:\/\/noticiasmercedinas.com\/site\/wp-content\/uploads\/2025\/10\/IMG-20251020-WA0010-768x768.jpg 768w, https:\/\/noticiasmercedinas.com\/site\/wp-content\/uploads\/2025\/10\/IMG-20251020-WA0010-1536x1536.jpg 1536w, https:\/\/noticiasmercedinas.com\/site\/wp-content\/uploads\/2025\/10\/IMG-20251020-WA0010-640x640.jpg 640w, https:\/\/noticiasmercedinas.com\/site\/wp-content\/uploads\/2025\/10\/IMG-20251020-WA0010-1280x1280.jpg 1280w, https:\/\/noticiasmercedinas.com\/site\/wp-content\/uploads\/2025\/10\/IMG-20251020-WA0010-681x681.jpg 681w, https:\/\/noticiasmercedinas.com\/site\/wp-content\/uploads\/2025\/10\/IMG-20251020-WA0010-1362x1362.jpg 1362w\" sizes=\"auto, (max-width: 1600px) 100vw, 1600px\" \/><\/p>\n<p>La escena del blues local recibir\u00e1 una visita de lujo este viernes 24 de octubre. El reconocido baterista Daniel Demar\u00eda ser\u00e1 el invitado central del programa radial \u00abLlegaron los Blues\u00bb, que se emite por UDPlay 88.1 FM Santa Mar\u00eda a partir de las 18:00 hs.<\/p>\n<p>Demar\u00eda es una figura emblem\u00e1tica de la percusi\u00f3n en el circuito de blues y rock nacional, con una extensa trayectoria que abarca varias d\u00e9cadas y formaciones esenciales.<\/p>\n<p>La carrera de Demar\u00eda despeg\u00f3 en los a\u00f1os 80 con la Studebaker Band, donde comparti\u00f3 escenario con Yalo L\u00f3pez, m\u00fasico sesionista de la reconocida cantante y profesora de Blues y Jazz, Cristina Aguayo.<br \/>\nSin embargo, su rol m\u00e1s conocido es como miembro original de la banda Durazno de Gala a partir de 1987, una agrupaci\u00f3n que marc\u00f3 un hito en el blues argentino.<\/p>\n<p>Ya en la d\u00e9cada de 2000, Daniel Demar\u00eda fue cofundador de R\u00edo M\u00edstico, reuni\u00e9ndose nuevamente con Yalo L\u00f3pez, junto a V\u00edctor Hamudis, Alberto Garc\u00eda y Mariano D&#8217;Andrea. M\u00e1s recientemente, en 2022, form\u00f3 Spoonful junto a Alberto Garc\u00eda, Mat\u00edas Salom\u00f3n y Mauro Ceriello, una banda que ha cosechado una importante audiencia y que ya ha realizado varias presentaciones en Mercedes.<\/p>\n<p>La visita de Demar\u00eda a \u00abLlegaron los Blues\u00bb promete ser un recorrido por la rica historia del blues y rock local, analizando su evoluci\u00f3n desde los &#8217;80 hasta la actualidad, y ser\u00e1 una oportunidad para que los oyentes conozcan las experiencias detr\u00e1s de estas emblem\u00e1ticas formaciones musicales.<\/p>\n<p>El programa \u00abLlegaron los Blues\u00bb es conducido por Hern\u00e1n Rivero.<\/p>\n","protected":false},"excerpt":{"rendered":"<p>El m\u00fasico, ex integrante de Durazno de Gala y figura clave del blues local, repasar\u00e1 su trayectoria que incluye colaboraciones con Cristina Aguayo y la formaci\u00f3n de R\u00edo M\u00edstico.<\/p>\n","protected":false},"author":16,"featured_media":172506,"comment_status":"closed","ping_status":"closed","sticky":false,"template":"","format":"standard","meta":{"footnotes":""},"categories":[4,4210],"tags":[21105,55,2762,554],"class_list":["post-172504","post","type-post","status-publish","format-standard","has-post-thumbnail","hentry","category-cultura","category-medios","tag-daniel-demaria","tag-hernan-rivero","tag-llegaron-los-blues","tag-radio"],"yoast_head":"<!-- This site is optimized with the Yoast SEO plugin v27.4 - https:\/\/yoast.com\/product\/yoast-seo-wordpress\/ -->\n<title>Legendario baterista Daniel Demar\u00eda visitar\u00e1 el programa radial &quot;Llegaron los Blues&quot;<\/title>\n<meta name=\"description\" content=\"El m\u00fasico, ex integrante de Durazno de Gala y figura clave del blues local, repasar\u00e1 su trayectoria que incluye colaboraciones con Cristina Aguayo y la formaci\u00f3n de R\u00edo M\u00edstico.\" \/>\n<meta name=\"robots\" content=\"index, follow, max-snippet:-1, max-image-preview:large, max-video-preview:-1\" \/>\n<link rel=\"canonical\" href=\"https:\/\/noticiasmercedinas.com\/site\/2025\/10\/21\/legendario-baterista-daniel-demaria-visitara-el-programa-radial-llegaron-los-blues\/\" \/>\n<meta property=\"og:locale\" content=\"es_ES\" \/>\n<meta property=\"og:type\" content=\"article\" \/>\n<meta property=\"og:title\" content=\"Legendario baterista Daniel Demar\u00eda visitar\u00e1 el programa radial &quot;Llegaron los Blues&quot;\" \/>\n<meta property=\"og:description\" content=\"El m\u00fasico, ex integrante de Durazno de Gala y figura clave del blues local, repasar\u00e1 su trayectoria que incluye colaboraciones con Cristina Aguayo y la formaci\u00f3n de R\u00edo M\u00edstico.\" \/>\n<meta property=\"og:url\" content=\"https:\/\/noticiasmercedinas.com\/site\/2025\/10\/21\/legendario-baterista-daniel-demaria-visitara-el-programa-radial-llegaron-los-blues\/\" \/>\n<meta property=\"og:site_name\" content=\"NOTICIASMERCEDINAS.COM\" \/>\n<meta property=\"article:publisher\" content=\"https:\/\/www.facebook.com\/noticiasmercedinas\/\" \/>\n<meta property=\"article:published_time\" content=\"2025-10-21T15:53:02+00:00\" \/>\n<meta property=\"og:image\" content=\"https:\/\/noticiasmercedinas.com\/site\/wp-content\/uploads\/2025\/10\/IMG-20251020-WA0010.jpg\" \/>\n\t<meta property=\"og:image:width\" content=\"1600\" \/>\n\t<meta property=\"og:image:height\" content=\"1600\" \/>\n\t<meta property=\"og:image:type\" content=\"image\/jpeg\" \/>\n<meta name=\"author\" content=\"NOTICIASMERCEDINAS.COM\" \/>\n<meta name=\"twitter:card\" content=\"summary_large_image\" \/>\n<meta name=\"twitter:creator\" content=\"@notmercedinas\" \/>\n<meta name=\"twitter:site\" content=\"@notmercedinas\" \/>\n<meta name=\"twitter:label1\" content=\"Escrito por\" \/>\n\t<meta name=\"twitter:data1\" content=\"NOTICIASMERCEDINAS.COM\" \/>\n\t<meta name=\"twitter:label2\" content=\"Tiempo de lectura\" \/>\n\t<meta name=\"twitter:data2\" content=\"2 minutos\" \/>\n<script type=\"application\/ld+json\" class=\"yoast-schema-graph\">{\"@context\":\"https:\\\/\\\/schema.org\",\"@graph\":[{\"@type\":\"Article\",\"@id\":\"https:\\\/\\\/noticiasmercedinas.com\\\/site\\\/2025\\\/10\\\/21\\\/legendario-baterista-daniel-demaria-visitara-el-programa-radial-llegaron-los-blues\\\/#article\",\"isPartOf\":{\"@id\":\"https:\\\/\\\/noticiasmercedinas.com\\\/site\\\/2025\\\/10\\\/21\\\/legendario-baterista-daniel-demaria-visitara-el-programa-radial-llegaron-los-blues\\\/\"},\"author\":{\"name\":\"NOTICIASMERCEDINAS.COM\",\"@id\":\"https:\\\/\\\/noticiasmercedinas.com\\\/site\\\/#\\\/schema\\\/person\\\/84b59c099c28ff2e8b77d4ceec5d8063\"},\"headline\":\"Legendario baterista Daniel Demar\u00eda visitar\u00e1 el programa radial \u00abLlegaron los Blues\u00bb\",\"datePublished\":\"2025-10-21T15:53:02+00:00\",\"mainEntityOfPage\":{\"@id\":\"https:\\\/\\\/noticiasmercedinas.com\\\/site\\\/2025\\\/10\\\/21\\\/legendario-baterista-daniel-demaria-visitara-el-programa-radial-llegaron-los-blues\\\/\"},\"wordCount\":285,\"publisher\":{\"@id\":\"https:\\\/\\\/noticiasmercedinas.com\\\/site\\\/#organization\"},\"image\":{\"@id\":\"https:\\\/\\\/noticiasmercedinas.com\\\/site\\\/2025\\\/10\\\/21\\\/legendario-baterista-daniel-demaria-visitara-el-programa-radial-llegaron-los-blues\\\/#primaryimage\"},\"thumbnailUrl\":\"https:\\\/\\\/noticiasmercedinas.com\\\/site\\\/wp-content\\\/uploads\\\/2025\\\/10\\\/IMG-20251020-WA0010.jpg\",\"keywords\":[\"Daniel Demar\u00eda\",\"Hernan Rivero\",\"llegaron los blues\",\"radio\"],\"articleSection\":[\"Cultura\",\"Medios\"],\"inLanguage\":\"es\"},{\"@type\":\"WebPage\",\"@id\":\"https:\\\/\\\/noticiasmercedinas.com\\\/site\\\/2025\\\/10\\\/21\\\/legendario-baterista-daniel-demaria-visitara-el-programa-radial-llegaron-los-blues\\\/\",\"url\":\"https:\\\/\\\/noticiasmercedinas.com\\\/site\\\/2025\\\/10\\\/21\\\/legendario-baterista-daniel-demaria-visitara-el-programa-radial-llegaron-los-blues\\\/\",\"name\":\"Legendario baterista Daniel Demar\u00eda visitar\u00e1 el programa radial \\\"Llegaron los Blues\\\"\",\"isPartOf\":{\"@id\":\"https:\\\/\\\/noticiasmercedinas.com\\\/site\\\/#website\"},\"primaryImageOfPage\":{\"@id\":\"https:\\\/\\\/noticiasmercedinas.com\\\/site\\\/2025\\\/10\\\/21\\\/legendario-baterista-daniel-demaria-visitara-el-programa-radial-llegaron-los-blues\\\/#primaryimage\"},\"image\":{\"@id\":\"https:\\\/\\\/noticiasmercedinas.com\\\/site\\\/2025\\\/10\\\/21\\\/legendario-baterista-daniel-demaria-visitara-el-programa-radial-llegaron-los-blues\\\/#primaryimage\"},\"thumbnailUrl\":\"https:\\\/\\\/noticiasmercedinas.com\\\/site\\\/wp-content\\\/uploads\\\/2025\\\/10\\\/IMG-20251020-WA0010.jpg\",\"datePublished\":\"2025-10-21T15:53:02+00:00\",\"description\":\"El m\u00fasico, ex integrante de Durazno de Gala y figura clave del blues local, repasar\u00e1 su trayectoria que incluye colaboraciones con Cristina Aguayo y la formaci\u00f3n de R\u00edo M\u00edstico.\",\"breadcrumb\":{\"@id\":\"https:\\\/\\\/noticiasmercedinas.com\\\/site\\\/2025\\\/10\\\/21\\\/legendario-baterista-daniel-demaria-visitara-el-programa-radial-llegaron-los-blues\\\/#breadcrumb\"},\"inLanguage\":\"es\",\"potentialAction\":[{\"@type\":\"ReadAction\",\"target\":[\"https:\\\/\\\/noticiasmercedinas.com\\\/site\\\/2025\\\/10\\\/21\\\/legendario-baterista-daniel-demaria-visitara-el-programa-radial-llegaron-los-blues\\\/\"]}]},{\"@type\":\"ImageObject\",\"inLanguage\":\"es\",\"@id\":\"https:\\\/\\\/noticiasmercedinas.com\\\/site\\\/2025\\\/10\\\/21\\\/legendario-baterista-daniel-demaria-visitara-el-programa-radial-llegaron-los-blues\\\/#primaryimage\",\"url\":\"https:\\\/\\\/noticiasmercedinas.com\\\/site\\\/wp-content\\\/uploads\\\/2025\\\/10\\\/IMG-20251020-WA0010.jpg\",\"contentUrl\":\"https:\\\/\\\/noticiasmercedinas.com\\\/site\\\/wp-content\\\/uploads\\\/2025\\\/10\\\/IMG-20251020-WA0010.jpg\",\"width\":1600,\"height\":1600},{\"@type\":\"BreadcrumbList\",\"@id\":\"https:\\\/\\\/noticiasmercedinas.com\\\/site\\\/2025\\\/10\\\/21\\\/legendario-baterista-daniel-demaria-visitara-el-programa-radial-llegaron-los-blues\\\/#breadcrumb\",\"itemListElement\":[{\"@type\":\"ListItem\",\"position\":1,\"name\":\"Portada\",\"item\":\"https:\\\/\\\/noticiasmercedinas.com\\\/site\\\/\"},{\"@type\":\"ListItem\",\"position\":2,\"name\":\"Legendario baterista Daniel Demar\u00eda visitar\u00e1 el programa radial \u00abLlegaron los Blues\u00bb\"}]},{\"@type\":\"WebSite\",\"@id\":\"https:\\\/\\\/noticiasmercedinas.com\\\/site\\\/#website\",\"url\":\"https:\\\/\\\/noticiasmercedinas.com\\\/site\\\/\",\"name\":\"NOTICIASMERCEDINAS.COM\",\"description\":\"Mercedes, Buenos Aires, Argentina\",\"publisher\":{\"@id\":\"https:\\\/\\\/noticiasmercedinas.com\\\/site\\\/#organization\"},\"potentialAction\":[{\"@type\":\"SearchAction\",\"target\":{\"@type\":\"EntryPoint\",\"urlTemplate\":\"https:\\\/\\\/noticiasmercedinas.com\\\/site\\\/?s={search_term_string}\"},\"query-input\":{\"@type\":\"PropertyValueSpecification\",\"valueRequired\":true,\"valueName\":\"search_term_string\"}}],\"inLanguage\":\"es\"},{\"@type\":\"Organization\",\"@id\":\"https:\\\/\\\/noticiasmercedinas.com\\\/site\\\/#organization\",\"name\":\"NOTICIASMERCEDINAS.COM\",\"url\":\"https:\\\/\\\/noticiasmercedinas.com\\\/site\\\/\",\"logo\":{\"@type\":\"ImageObject\",\"inLanguage\":\"es\",\"@id\":\"https:\\\/\\\/noticiasmercedinas.com\\\/site\\\/#\\\/schema\\\/logo\\\/image\\\/\",\"url\":\"https:\\\/\\\/noticiasmercedinas.com\\\/site\\\/wp-content\\\/uploads\\\/2020\\\/06\\\/LOGO-512.jpg\",\"contentUrl\":\"https:\\\/\\\/noticiasmercedinas.com\\\/site\\\/wp-content\\\/uploads\\\/2020\\\/06\\\/LOGO-512.jpg\",\"width\":512,\"height\":512,\"caption\":\"NOTICIASMERCEDINAS.COM\"},\"image\":{\"@id\":\"https:\\\/\\\/noticiasmercedinas.com\\\/site\\\/#\\\/schema\\\/logo\\\/image\\\/\"},\"sameAs\":[\"https:\\\/\\\/www.facebook.com\\\/noticiasmercedinas\\\/\",\"https:\\\/\\\/x.com\\\/notmercedinas\",\"https:\\\/\\\/www.instagram.com\\\/noticiasmercedinas\\\/\"]},{\"@type\":\"Person\",\"@id\":\"https:\\\/\\\/noticiasmercedinas.com\\\/site\\\/#\\\/schema\\\/person\\\/84b59c099c28ff2e8b77d4ceec5d8063\",\"name\":\"NOTICIASMERCEDINAS.COM\",\"image\":{\"@type\":\"ImageObject\",\"inLanguage\":\"es\",\"@id\":\"https:\\\/\\\/secure.gravatar.com\\\/avatar\\\/4dfbf16b4d17945bfb6341b2d19043457132fcf478a5ee04f42e959fd8f5df0a?s=96&d=mm&r=g\",\"url\":\"https:\\\/\\\/secure.gravatar.com\\\/avatar\\\/4dfbf16b4d17945bfb6341b2d19043457132fcf478a5ee04f42e959fd8f5df0a?s=96&d=mm&r=g\",\"contentUrl\":\"https:\\\/\\\/secure.gravatar.com\\\/avatar\\\/4dfbf16b4d17945bfb6341b2d19043457132fcf478a5ee04f42e959fd8f5df0a?s=96&d=mm&r=g\",\"caption\":\"NOTICIASMERCEDINAS.COM\"},\"url\":\"https:\\\/\\\/noticiasmercedinas.com\\\/site\\\/author\\\/anonimo\\\/\"}]}<\/script>\n<!-- \/ Yoast SEO plugin. -->","yoast_head_json":{"title":"Legendario baterista Daniel Demar\u00eda visitar\u00e1 el programa radial \"Llegaron los Blues\"","description":"El m\u00fasico, ex integrante de Durazno de Gala y figura clave del blues local, repasar\u00e1 su trayectoria que incluye colaboraciones con Cristina Aguayo y la formaci\u00f3n de R\u00edo M\u00edstico.","robots":{"index":"index","follow":"follow","max-snippet":"max-snippet:-1","max-image-preview":"max-image-preview:large","max-video-preview":"max-video-preview:-1"},"canonical":"https:\/\/noticiasmercedinas.com\/site\/2025\/10\/21\/legendario-baterista-daniel-demaria-visitara-el-programa-radial-llegaron-los-blues\/","og_locale":"es_ES","og_type":"article","og_title":"Legendario baterista Daniel Demar\u00eda visitar\u00e1 el programa radial \"Llegaron los Blues\"","og_description":"El m\u00fasico, ex integrante de Durazno de Gala y figura clave del blues local, repasar\u00e1 su trayectoria que incluye colaboraciones con Cristina Aguayo y la formaci\u00f3n de R\u00edo M\u00edstico.","og_url":"https:\/\/noticiasmercedinas.com\/site\/2025\/10\/21\/legendario-baterista-daniel-demaria-visitara-el-programa-radial-llegaron-los-blues\/","og_site_name":"NOTICIASMERCEDINAS.COM","article_publisher":"https:\/\/www.facebook.com\/noticiasmercedinas\/","article_published_time":"2025-10-21T15:53:02+00:00","og_image":[{"width":1600,"height":1600,"url":"https:\/\/noticiasmercedinas.com\/site\/wp-content\/uploads\/2025\/10\/IMG-20251020-WA0010.jpg","type":"image\/jpeg"}],"author":"NOTICIASMERCEDINAS.COM","twitter_card":"summary_large_image","twitter_creator":"@notmercedinas","twitter_site":"@notmercedinas","twitter_misc":{"Escrito por":"NOTICIASMERCEDINAS.COM","Tiempo de lectura":"2 minutos"},"schema":{"@context":"https:\/\/schema.org","@graph":[{"@type":"Article","@id":"https:\/\/noticiasmercedinas.com\/site\/2025\/10\/21\/legendario-baterista-daniel-demaria-visitara-el-programa-radial-llegaron-los-blues\/#article","isPartOf":{"@id":"https:\/\/noticiasmercedinas.com\/site\/2025\/10\/21\/legendario-baterista-daniel-demaria-visitara-el-programa-radial-llegaron-los-blues\/"},"author":{"name":"NOTICIASMERCEDINAS.COM","@id":"https:\/\/noticiasmercedinas.com\/site\/#\/schema\/person\/84b59c099c28ff2e8b77d4ceec5d8063"},"headline":"Legendario baterista Daniel Demar\u00eda visitar\u00e1 el programa radial \u00abLlegaron los Blues\u00bb","datePublished":"2025-10-21T15:53:02+00:00","mainEntityOfPage":{"@id":"https:\/\/noticiasmercedinas.com\/site\/2025\/10\/21\/legendario-baterista-daniel-demaria-visitara-el-programa-radial-llegaron-los-blues\/"},"wordCount":285,"publisher":{"@id":"https:\/\/noticiasmercedinas.com\/site\/#organization"},"image":{"@id":"https:\/\/noticiasmercedinas.com\/site\/2025\/10\/21\/legendario-baterista-daniel-demaria-visitara-el-programa-radial-llegaron-los-blues\/#primaryimage"},"thumbnailUrl":"https:\/\/noticiasmercedinas.com\/site\/wp-content\/uploads\/2025\/10\/IMG-20251020-WA0010.jpg","keywords":["Daniel Demar\u00eda","Hernan Rivero","llegaron los blues","radio"],"articleSection":["Cultura","Medios"],"inLanguage":"es"},{"@type":"WebPage","@id":"https:\/\/noticiasmercedinas.com\/site\/2025\/10\/21\/legendario-baterista-daniel-demaria-visitara-el-programa-radial-llegaron-los-blues\/","url":"https:\/\/noticiasmercedinas.com\/site\/2025\/10\/21\/legendario-baterista-daniel-demaria-visitara-el-programa-radial-llegaron-los-blues\/","name":"Legendario baterista Daniel Demar\u00eda visitar\u00e1 el programa radial \"Llegaron los Blues\"","isPartOf":{"@id":"https:\/\/noticiasmercedinas.com\/site\/#website"},"primaryImageOfPage":{"@id":"https:\/\/noticiasmercedinas.com\/site\/2025\/10\/21\/legendario-baterista-daniel-demaria-visitara-el-programa-radial-llegaron-los-blues\/#primaryimage"},"image":{"@id":"https:\/\/noticiasmercedinas.com\/site\/2025\/10\/21\/legendario-baterista-daniel-demaria-visitara-el-programa-radial-llegaron-los-blues\/#primaryimage"},"thumbnailUrl":"https:\/\/noticiasmercedinas.com\/site\/wp-content\/uploads\/2025\/10\/IMG-20251020-WA0010.jpg","datePublished":"2025-10-21T15:53:02+00:00","description":"El m\u00fasico, ex integrante de Durazno de Gala y figura clave del blues local, repasar\u00e1 su trayectoria que incluye colaboraciones con Cristina Aguayo y la formaci\u00f3n de R\u00edo M\u00edstico.","breadcrumb":{"@id":"https:\/\/noticiasmercedinas.com\/site\/2025\/10\/21\/legendario-baterista-daniel-demaria-visitara-el-programa-radial-llegaron-los-blues\/#breadcrumb"},"inLanguage":"es","potentialAction":[{"@type":"ReadAction","target":["https:\/\/noticiasmercedinas.com\/site\/2025\/10\/21\/legendario-baterista-daniel-demaria-visitara-el-programa-radial-llegaron-los-blues\/"]}]},{"@type":"ImageObject","inLanguage":"es","@id":"https:\/\/noticiasmercedinas.com\/site\/2025\/10\/21\/legendario-baterista-daniel-demaria-visitara-el-programa-radial-llegaron-los-blues\/#primaryimage","url":"https:\/\/noticiasmercedinas.com\/site\/wp-content\/uploads\/2025\/10\/IMG-20251020-WA0010.jpg","contentUrl":"https:\/\/noticiasmercedinas.com\/site\/wp-content\/uploads\/2025\/10\/IMG-20251020-WA0010.jpg","width":1600,"height":1600},{"@type":"BreadcrumbList","@id":"https:\/\/noticiasmercedinas.com\/site\/2025\/10\/21\/legendario-baterista-daniel-demaria-visitara-el-programa-radial-llegaron-los-blues\/#breadcrumb","itemListElement":[{"@type":"ListItem","position":1,"name":"Portada","item":"https:\/\/noticiasmercedinas.com\/site\/"},{"@type":"ListItem","position":2,"name":"Legendario baterista Daniel Demar\u00eda visitar\u00e1 el programa radial \u00abLlegaron los Blues\u00bb"}]},{"@type":"WebSite","@id":"https:\/\/noticiasmercedinas.com\/site\/#website","url":"https:\/\/noticiasmercedinas.com\/site\/","name":"NOTICIASMERCEDINAS.COM","description":"Mercedes, Buenos Aires, Argentina","publisher":{"@id":"https:\/\/noticiasmercedinas.com\/site\/#organization"},"potentialAction":[{"@type":"SearchAction","target":{"@type":"EntryPoint","urlTemplate":"https:\/\/noticiasmercedinas.com\/site\/?s={search_term_string}"},"query-input":{"@type":"PropertyValueSpecification","valueRequired":true,"valueName":"search_term_string"}}],"inLanguage":"es"},{"@type":"Organization","@id":"https:\/\/noticiasmercedinas.com\/site\/#organization","name":"NOTICIASMERCEDINAS.COM","url":"https:\/\/noticiasmercedinas.com\/site\/","logo":{"@type":"ImageObject","inLanguage":"es","@id":"https:\/\/noticiasmercedinas.com\/site\/#\/schema\/logo\/image\/","url":"https:\/\/noticiasmercedinas.com\/site\/wp-content\/uploads\/2020\/06\/LOGO-512.jpg","contentUrl":"https:\/\/noticiasmercedinas.com\/site\/wp-content\/uploads\/2020\/06\/LOGO-512.jpg","width":512,"height":512,"caption":"NOTICIASMERCEDINAS.COM"},"image":{"@id":"https:\/\/noticiasmercedinas.com\/site\/#\/schema\/logo\/image\/"},"sameAs":["https:\/\/www.facebook.com\/noticiasmercedinas\/","https:\/\/x.com\/notmercedinas","https:\/\/www.instagram.com\/noticiasmercedinas\/"]},{"@type":"Person","@id":"https:\/\/noticiasmercedinas.com\/site\/#\/schema\/person\/84b59c099c28ff2e8b77d4ceec5d8063","name":"NOTICIASMERCEDINAS.COM","image":{"@type":"ImageObject","inLanguage":"es","@id":"https:\/\/secure.gravatar.com\/avatar\/4dfbf16b4d17945bfb6341b2d19043457132fcf478a5ee04f42e959fd8f5df0a?s=96&d=mm&r=g","url":"https:\/\/secure.gravatar.com\/avatar\/4dfbf16b4d17945bfb6341b2d19043457132fcf478a5ee04f42e959fd8f5df0a?s=96&d=mm&r=g","contentUrl":"https:\/\/secure.gravatar.com\/avatar\/4dfbf16b4d17945bfb6341b2d19043457132fcf478a5ee04f42e959fd8f5df0a?s=96&d=mm&r=g","caption":"NOTICIASMERCEDINAS.COM"},"url":"https:\/\/noticiasmercedinas.com\/site\/author\/anonimo\/"}]}},"amp_enabled":true,"_links":{"self":[{"href":"https:\/\/noticiasmercedinas.com\/site\/wp-json\/wp\/v2\/posts\/172504","targetHints":{"allow":["GET"]}}],"collection":[{"href":"https:\/\/noticiasmercedinas.com\/site\/wp-json\/wp\/v2\/posts"}],"about":[{"href":"https:\/\/noticiasmercedinas.com\/site\/wp-json\/wp\/v2\/types\/post"}],"author":[{"embeddable":true,"href":"https:\/\/noticiasmercedinas.com\/site\/wp-json\/wp\/v2\/users\/16"}],"replies":[{"embeddable":true,"href":"https:\/\/noticiasmercedinas.com\/site\/wp-json\/wp\/v2\/comments?post=172504"}],"version-history":[{"count":3,"href":"https:\/\/noticiasmercedinas.com\/site\/wp-json\/wp\/v2\/posts\/172504\/revisions"}],"predecessor-version":[{"id":172508,"href":"https:\/\/noticiasmercedinas.com\/site\/wp-json\/wp\/v2\/posts\/172504\/revisions\/172508"}],"wp:featuredmedia":[{"embeddable":true,"href":"https:\/\/noticiasmercedinas.com\/site\/wp-json\/wp\/v2\/media\/172506"}],"wp:attachment":[{"href":"https:\/\/noticiasmercedinas.com\/site\/wp-json\/wp\/v2\/media?parent=172504"}],"wp:term":[{"taxonomy":"category","embeddable":true,"href":"https:\/\/noticiasmercedinas.com\/site\/wp-json\/wp\/v2\/categories?post=172504"},{"taxonomy":"post_tag","embeddable":true,"href":"https:\/\/noticiasmercedinas.com\/site\/wp-json\/wp\/v2\/tags?post=172504"}],"curies":[{"name":"wp","href":"https:\/\/api.w.org\/{rel}","templated":true}]}}