{"id":172699,"date":"2025-10-23T18:47:39","date_gmt":"2025-10-23T21:47:39","guid":{"rendered":"https:\/\/noticiasmercedinas.com\/site\/?p=172699"},"modified":"2025-10-23T18:47:39","modified_gmt":"2025-10-23T21:47:39","slug":"diputada-sabrina-selva-denuncia-a-milei-por-incumplir-leyes-instituidas-por-el-congreso","status":"publish","type":"post","link":"https:\/\/noticiasmercedinas.com\/site\/2025\/10\/23\/diputada-sabrina-selva-denuncia-a-milei-por-incumplir-leyes-instituidas-por-el-congreso\/","title":{"rendered":"Diputada Sabrina Selva denuncia a Milei por incumplir Leyes instituidas por el Congreso"},"content":{"rendered":"<p><img loading=\"lazy\" decoding=\"async\" class=\"alignnone size-full wp-image-167399\" src=\"https:\/\/noticiasmercedinas.com\/site\/wp-content\/uploads\/2025\/08\/sabrinaselva.jpg\" alt=\"\" width=\"683\" height=\"455\" srcset=\"https:\/\/noticiasmercedinas.com\/site\/wp-content\/uploads\/2025\/08\/sabrinaselva.jpg 683w, https:\/\/noticiasmercedinas.com\/site\/wp-content\/uploads\/2025\/08\/sabrinaselva-300x200.jpg 300w, https:\/\/noticiasmercedinas.com\/site\/wp-content\/uploads\/2025\/08\/sabrinaselva-640x426.jpg 640w, https:\/\/noticiasmercedinas.com\/site\/wp-content\/uploads\/2025\/08\/sabrinaselva-681x454.jpg 681w\" sizes=\"auto, (max-width: 683px) 100vw, 683px\" \/><\/p>\n<p>La Diputada Nacional <strong>Sabrina Selva<\/strong> utiliz\u00f3 sus redes sociales e hizo declaraciones a la prensa para lanzar una fuerte cr\u00edtica contra el Presidente Javier Milei, acus\u00e1ndolo de incumplir leyes que han sido ratificadas por el Congreso de la Naci\u00f3n, generando un \u00abdesequilibrio institucional\u00bb en el pa\u00eds.<\/p>\n<p>La diputada expres\u00f3 su indignaci\u00f3n y se\u00f1al\u00f3 directamente la falta de acci\u00f3n del Poder Judicial. \u00abMientras la gente espera respuestas, tenemos un Presidente que incumple leyes por decreto a los ojos de todo el mundo y una justicia que no hace nada\u00bb, afirm\u00f3 Selva.<\/p>\n<p>En declaraciones a medios, la legisladora profundiz\u00f3 su cr\u00edtica al funcionamiento de la divisi\u00f3n de poderes, destacando que el rol de la Justicia es fundamental para \u00abponerle claridad a esta divisi\u00f3n de poderes cuando hay un desequilibrio institucional\u00bb.<\/p>\n<p>Selva fue taxativa al mencionar casos concretos donde el Poder Ejecutivo estar\u00eda omitiendo la aplicaci\u00f3n de normativas vigentes:<\/p>\n<ul>\n<li>Ley de Emergencia en Discapacidad: \u00abLa gente hoy est\u00e1 esperando que Milei cumpla con la ley de emergencia en discapacidad\u00bb.<\/li>\n<li>Financiamiento Universitario: \u00abLas universidades hoy est\u00e1n esperando que Milei cumpla con el financiamiento universitario\u00bb.<\/li>\n<li>Presupuestos para Hospital Garrahan y Jubilados: La diputada tambi\u00e9n incluy\u00f3 al Hospital Garrahan y a los jubilados entre los sectores afectados por el incumplimiento de las normativas sancionadas.<\/li>\n<\/ul>\n<p>La diputada concluy\u00f3 sus declaraciones con una frase contundente, reflejando su frustraci\u00f3n ante la situaci\u00f3n: \u00abA m\u00ed me genera indignaci\u00f3n que desde la C\u00e1mara de Diputados, habiendo cumplido con todo el procedimiento de normal sanci\u00f3n de las leyes, tengamos un presidente, perd\u00f3n que use esta palabra, que se cague en eso\u00bb. La cr\u00edtica apunta a la negaci\u00f3n del Presidente del trabajo y la voluntad expresada por el Congreso.<\/p>\n","protected":false},"excerpt":{"rendered":"<p>\u25a0 La legisladora advirti\u00f3 sobre un \u00abdesequilibrio institucional\u00bb y critic\u00f3 duramente a la Justicia por no actuar ante el \u00abincumplimiento de normas por decreto\u00bb del Presidente de la Naci\u00f3n.<\/p>\n","protected":false},"author":16,"featured_media":167399,"comment_status":"closed","ping_status":"closed","sticky":false,"template":"","format":"standard","meta":{"footnotes":""},"categories":[16],"tags":[174,8655,14331,160,21127,4259],"class_list":["post-172699","post","type-post","status-publish","format-standard","has-post-thumbnail","hentry","category-politica","tag-diputados","tag-hospital-garrahan","tag-javier-milei","tag-jubilados","tag-leyes","tag-sabrina-selva"],"yoast_head":"<!-- This site is optimized with the Yoast SEO plugin v27.4 - https:\/\/yoast.com\/product\/yoast-seo-wordpress\/ -->\n<title>Diputada Sabrina Selva denuncia a Milei por incumplir Leyes instituidas por el Congreso<\/title>\n<meta name=\"description\" content=\"\u25a0 La legisladora advirti\u00f3 sobre un &quot;desequilibrio institucional&quot; y critic\u00f3 duramente a la Justicia por no actuar ante el &quot;incumplimiento de normas por decreto&quot; del Presidente de la Naci\u00f3n.\" \/>\n<meta name=\"robots\" content=\"index, follow, max-snippet:-1, max-image-preview:large, max-video-preview:-1\" \/>\n<link rel=\"canonical\" href=\"https:\/\/noticiasmercedinas.com\/site\/2025\/10\/23\/diputada-sabrina-selva-denuncia-a-milei-por-incumplir-leyes-instituidas-por-el-congreso\/\" \/>\n<meta property=\"og:locale\" content=\"es_ES\" \/>\n<meta property=\"og:type\" content=\"article\" \/>\n<meta property=\"og:title\" content=\"Diputada Sabrina Selva denuncia a Milei por incumplir Leyes instituidas por el Congreso\" \/>\n<meta property=\"og:description\" content=\"\u25a0 La legisladora advirti\u00f3 sobre un &quot;desequilibrio institucional&quot; y critic\u00f3 duramente a la Justicia por no actuar ante el &quot;incumplimiento de normas por decreto&quot; del Presidente de la Naci\u00f3n.\" \/>\n<meta property=\"og:url\" content=\"https:\/\/noticiasmercedinas.com\/site\/2025\/10\/23\/diputada-sabrina-selva-denuncia-a-milei-por-incumplir-leyes-instituidas-por-el-congreso\/\" \/>\n<meta property=\"og:site_name\" content=\"NOTICIASMERCEDINAS.COM\" \/>\n<meta property=\"article:publisher\" content=\"https:\/\/www.facebook.com\/noticiasmercedinas\/\" \/>\n<meta property=\"article:published_time\" content=\"2025-10-23T21:47:39+00:00\" \/>\n<meta property=\"og:image\" content=\"https:\/\/noticiasmercedinas.com\/site\/wp-content\/uploads\/2025\/08\/sabrinaselva.jpg\" \/>\n\t<meta property=\"og:image:width\" content=\"683\" \/>\n\t<meta property=\"og:image:height\" content=\"455\" \/>\n\t<meta property=\"og:image:type\" content=\"image\/jpeg\" \/>\n<meta name=\"author\" content=\"NOTICIASMERCEDINAS.COM\" \/>\n<meta name=\"twitter:card\" content=\"summary_large_image\" \/>\n<meta name=\"twitter:creator\" content=\"@notmercedinas\" \/>\n<meta name=\"twitter:site\" content=\"@notmercedinas\" \/>\n<meta name=\"twitter:label1\" content=\"Escrito por\" \/>\n\t<meta name=\"twitter:data1\" content=\"NOTICIASMERCEDINAS.COM\" \/>\n\t<meta name=\"twitter:label2\" content=\"Tiempo de lectura\" \/>\n\t<meta name=\"twitter:data2\" content=\"2 minutos\" \/>\n<script type=\"application\/ld+json\" class=\"yoast-schema-graph\">{\"@context\":\"https:\\\/\\\/schema.org\",\"@graph\":[{\"@type\":\"Article\",\"@id\":\"https:\\\/\\\/noticiasmercedinas.com\\\/site\\\/2025\\\/10\\\/23\\\/diputada-sabrina-selva-denuncia-a-milei-por-incumplir-leyes-instituidas-por-el-congreso\\\/#article\",\"isPartOf\":{\"@id\":\"https:\\\/\\\/noticiasmercedinas.com\\\/site\\\/2025\\\/10\\\/23\\\/diputada-sabrina-selva-denuncia-a-milei-por-incumplir-leyes-instituidas-por-el-congreso\\\/\"},\"author\":{\"name\":\"NOTICIASMERCEDINAS.COM\",\"@id\":\"https:\\\/\\\/noticiasmercedinas.com\\\/site\\\/#\\\/schema\\\/person\\\/84b59c099c28ff2e8b77d4ceec5d8063\"},\"headline\":\"Diputada Sabrina Selva denuncia a Milei por incumplir Leyes instituidas por el Congreso\",\"datePublished\":\"2025-10-23T21:47:39+00:00\",\"mainEntityOfPage\":{\"@id\":\"https:\\\/\\\/noticiasmercedinas.com\\\/site\\\/2025\\\/10\\\/23\\\/diputada-sabrina-selva-denuncia-a-milei-por-incumplir-leyes-instituidas-por-el-congreso\\\/\"},\"wordCount\":311,\"publisher\":{\"@id\":\"https:\\\/\\\/noticiasmercedinas.com\\\/site\\\/#organization\"},\"image\":{\"@id\":\"https:\\\/\\\/noticiasmercedinas.com\\\/site\\\/2025\\\/10\\\/23\\\/diputada-sabrina-selva-denuncia-a-milei-por-incumplir-leyes-instituidas-por-el-congreso\\\/#primaryimage\"},\"thumbnailUrl\":\"https:\\\/\\\/noticiasmercedinas.com\\\/site\\\/wp-content\\\/uploads\\\/2025\\\/08\\\/sabrinaselva.jpg\",\"keywords\":[\"diputados\",\"hospital garrahan\",\"Javier Milei\",\"jubilados\",\"leyes\",\"sabrina selva\"],\"articleSection\":[\"Politica\"],\"inLanguage\":\"es\"},{\"@type\":\"WebPage\",\"@id\":\"https:\\\/\\\/noticiasmercedinas.com\\\/site\\\/2025\\\/10\\\/23\\\/diputada-sabrina-selva-denuncia-a-milei-por-incumplir-leyes-instituidas-por-el-congreso\\\/\",\"url\":\"https:\\\/\\\/noticiasmercedinas.com\\\/site\\\/2025\\\/10\\\/23\\\/diputada-sabrina-selva-denuncia-a-milei-por-incumplir-leyes-instituidas-por-el-congreso\\\/\",\"name\":\"Diputada Sabrina Selva denuncia a Milei por incumplir Leyes instituidas por el Congreso\",\"isPartOf\":{\"@id\":\"https:\\\/\\\/noticiasmercedinas.com\\\/site\\\/#website\"},\"primaryImageOfPage\":{\"@id\":\"https:\\\/\\\/noticiasmercedinas.com\\\/site\\\/2025\\\/10\\\/23\\\/diputada-sabrina-selva-denuncia-a-milei-por-incumplir-leyes-instituidas-por-el-congreso\\\/#primaryimage\"},\"image\":{\"@id\":\"https:\\\/\\\/noticiasmercedinas.com\\\/site\\\/2025\\\/10\\\/23\\\/diputada-sabrina-selva-denuncia-a-milei-por-incumplir-leyes-instituidas-por-el-congreso\\\/#primaryimage\"},\"thumbnailUrl\":\"https:\\\/\\\/noticiasmercedinas.com\\\/site\\\/wp-content\\\/uploads\\\/2025\\\/08\\\/sabrinaselva.jpg\",\"datePublished\":\"2025-10-23T21:47:39+00:00\",\"description\":\"\u25a0 La legisladora advirti\u00f3 sobre un \\\"desequilibrio institucional\\\" y critic\u00f3 duramente a la Justicia por no actuar ante el \\\"incumplimiento de normas por decreto\\\" del Presidente de la Naci\u00f3n.\",\"breadcrumb\":{\"@id\":\"https:\\\/\\\/noticiasmercedinas.com\\\/site\\\/2025\\\/10\\\/23\\\/diputada-sabrina-selva-denuncia-a-milei-por-incumplir-leyes-instituidas-por-el-congreso\\\/#breadcrumb\"},\"inLanguage\":\"es\",\"potentialAction\":[{\"@type\":\"ReadAction\",\"target\":[\"https:\\\/\\\/noticiasmercedinas.com\\\/site\\\/2025\\\/10\\\/23\\\/diputada-sabrina-selva-denuncia-a-milei-por-incumplir-leyes-instituidas-por-el-congreso\\\/\"]}]},{\"@type\":\"ImageObject\",\"inLanguage\":\"es\",\"@id\":\"https:\\\/\\\/noticiasmercedinas.com\\\/site\\\/2025\\\/10\\\/23\\\/diputada-sabrina-selva-denuncia-a-milei-por-incumplir-leyes-instituidas-por-el-congreso\\\/#primaryimage\",\"url\":\"https:\\\/\\\/noticiasmercedinas.com\\\/site\\\/wp-content\\\/uploads\\\/2025\\\/08\\\/sabrinaselva.jpg\",\"contentUrl\":\"https:\\\/\\\/noticiasmercedinas.com\\\/site\\\/wp-content\\\/uploads\\\/2025\\\/08\\\/sabrinaselva.jpg\",\"width\":683,\"height\":455},{\"@type\":\"BreadcrumbList\",\"@id\":\"https:\\\/\\\/noticiasmercedinas.com\\\/site\\\/2025\\\/10\\\/23\\\/diputada-sabrina-selva-denuncia-a-milei-por-incumplir-leyes-instituidas-por-el-congreso\\\/#breadcrumb\",\"itemListElement\":[{\"@type\":\"ListItem\",\"position\":1,\"name\":\"Portada\",\"item\":\"https:\\\/\\\/noticiasmercedinas.com\\\/site\\\/\"},{\"@type\":\"ListItem\",\"position\":2,\"name\":\"Diputada Sabrina Selva denuncia a Milei por incumplir Leyes instituidas por el Congreso\"}]},{\"@type\":\"WebSite\",\"@id\":\"https:\\\/\\\/noticiasmercedinas.com\\\/site\\\/#website\",\"url\":\"https:\\\/\\\/noticiasmercedinas.com\\\/site\\\/\",\"name\":\"NOTICIASMERCEDINAS.COM\",\"description\":\"Mercedes, Buenos Aires, Argentina\",\"publisher\":{\"@id\":\"https:\\\/\\\/noticiasmercedinas.com\\\/site\\\/#organization\"},\"potentialAction\":[{\"@type\":\"SearchAction\",\"target\":{\"@type\":\"EntryPoint\",\"urlTemplate\":\"https:\\\/\\\/noticiasmercedinas.com\\\/site\\\/?s={search_term_string}\"},\"query-input\":{\"@type\":\"PropertyValueSpecification\",\"valueRequired\":true,\"valueName\":\"search_term_string\"}}],\"inLanguage\":\"es\"},{\"@type\":\"Organization\",\"@id\":\"https:\\\/\\\/noticiasmercedinas.com\\\/site\\\/#organization\",\"name\":\"NOTICIASMERCEDINAS.COM\",\"url\":\"https:\\\/\\\/noticiasmercedinas.com\\\/site\\\/\",\"logo\":{\"@type\":\"ImageObject\",\"inLanguage\":\"es\",\"@id\":\"https:\\\/\\\/noticiasmercedinas.com\\\/site\\\/#\\\/schema\\\/logo\\\/image\\\/\",\"url\":\"https:\\\/\\\/noticiasmercedinas.com\\\/site\\\/wp-content\\\/uploads\\\/2020\\\/06\\\/LOGO-512.jpg\",\"contentUrl\":\"https:\\\/\\\/noticiasmercedinas.com\\\/site\\\/wp-content\\\/uploads\\\/2020\\\/06\\\/LOGO-512.jpg\",\"width\":512,\"height\":512,\"caption\":\"NOTICIASMERCEDINAS.COM\"},\"image\":{\"@id\":\"https:\\\/\\\/noticiasmercedinas.com\\\/site\\\/#\\\/schema\\\/logo\\\/image\\\/\"},\"sameAs\":[\"https:\\\/\\\/www.facebook.com\\\/noticiasmercedinas\\\/\",\"https:\\\/\\\/x.com\\\/notmercedinas\",\"https:\\\/\\\/www.instagram.com\\\/noticiasmercedinas\\\/\"]},{\"@type\":\"Person\",\"@id\":\"https:\\\/\\\/noticiasmercedinas.com\\\/site\\\/#\\\/schema\\\/person\\\/84b59c099c28ff2e8b77d4ceec5d8063\",\"name\":\"NOTICIASMERCEDINAS.COM\",\"image\":{\"@type\":\"ImageObject\",\"inLanguage\":\"es\",\"@id\":\"https:\\\/\\\/secure.gravatar.com\\\/avatar\\\/4dfbf16b4d17945bfb6341b2d19043457132fcf478a5ee04f42e959fd8f5df0a?s=96&d=mm&r=g\",\"url\":\"https:\\\/\\\/secure.gravatar.com\\\/avatar\\\/4dfbf16b4d17945bfb6341b2d19043457132fcf478a5ee04f42e959fd8f5df0a?s=96&d=mm&r=g\",\"contentUrl\":\"https:\\\/\\\/secure.gravatar.com\\\/avatar\\\/4dfbf16b4d17945bfb6341b2d19043457132fcf478a5ee04f42e959fd8f5df0a?s=96&d=mm&r=g\",\"caption\":\"NOTICIASMERCEDINAS.COM\"},\"url\":\"https:\\\/\\\/noticiasmercedinas.com\\\/site\\\/author\\\/anonimo\\\/\"}]}<\/script>\n<!-- \/ Yoast SEO plugin. -->","yoast_head_json":{"title":"Diputada Sabrina Selva denuncia a Milei por incumplir Leyes instituidas por el Congreso","description":"\u25a0 La legisladora advirti\u00f3 sobre un \"desequilibrio institucional\" y critic\u00f3 duramente a la Justicia por no actuar ante el \"incumplimiento de normas por decreto\" del Presidente de la Naci\u00f3n.","robots":{"index":"index","follow":"follow","max-snippet":"max-snippet:-1","max-image-preview":"max-image-preview:large","max-video-preview":"max-video-preview:-1"},"canonical":"https:\/\/noticiasmercedinas.com\/site\/2025\/10\/23\/diputada-sabrina-selva-denuncia-a-milei-por-incumplir-leyes-instituidas-por-el-congreso\/","og_locale":"es_ES","og_type":"article","og_title":"Diputada Sabrina Selva denuncia a Milei por incumplir Leyes instituidas por el Congreso","og_description":"\u25a0 La legisladora advirti\u00f3 sobre un \"desequilibrio institucional\" y critic\u00f3 duramente a la Justicia por no actuar ante el \"incumplimiento de normas por decreto\" del Presidente de la Naci\u00f3n.","og_url":"https:\/\/noticiasmercedinas.com\/site\/2025\/10\/23\/diputada-sabrina-selva-denuncia-a-milei-por-incumplir-leyes-instituidas-por-el-congreso\/","og_site_name":"NOTICIASMERCEDINAS.COM","article_publisher":"https:\/\/www.facebook.com\/noticiasmercedinas\/","article_published_time":"2025-10-23T21:47:39+00:00","og_image":[{"width":683,"height":455,"url":"https:\/\/noticiasmercedinas.com\/site\/wp-content\/uploads\/2025\/08\/sabrinaselva.jpg","type":"image\/jpeg"}],"author":"NOTICIASMERCEDINAS.COM","twitter_card":"summary_large_image","twitter_creator":"@notmercedinas","twitter_site":"@notmercedinas","twitter_misc":{"Escrito por":"NOTICIASMERCEDINAS.COM","Tiempo de lectura":"2 minutos"},"schema":{"@context":"https:\/\/schema.org","@graph":[{"@type":"Article","@id":"https:\/\/noticiasmercedinas.com\/site\/2025\/10\/23\/diputada-sabrina-selva-denuncia-a-milei-por-incumplir-leyes-instituidas-por-el-congreso\/#article","isPartOf":{"@id":"https:\/\/noticiasmercedinas.com\/site\/2025\/10\/23\/diputada-sabrina-selva-denuncia-a-milei-por-incumplir-leyes-instituidas-por-el-congreso\/"},"author":{"name":"NOTICIASMERCEDINAS.COM","@id":"https:\/\/noticiasmercedinas.com\/site\/#\/schema\/person\/84b59c099c28ff2e8b77d4ceec5d8063"},"headline":"Diputada Sabrina Selva denuncia a Milei por incumplir Leyes instituidas por el Congreso","datePublished":"2025-10-23T21:47:39+00:00","mainEntityOfPage":{"@id":"https:\/\/noticiasmercedinas.com\/site\/2025\/10\/23\/diputada-sabrina-selva-denuncia-a-milei-por-incumplir-leyes-instituidas-por-el-congreso\/"},"wordCount":311,"publisher":{"@id":"https:\/\/noticiasmercedinas.com\/site\/#organization"},"image":{"@id":"https:\/\/noticiasmercedinas.com\/site\/2025\/10\/23\/diputada-sabrina-selva-denuncia-a-milei-por-incumplir-leyes-instituidas-por-el-congreso\/#primaryimage"},"thumbnailUrl":"https:\/\/noticiasmercedinas.com\/site\/wp-content\/uploads\/2025\/08\/sabrinaselva.jpg","keywords":["diputados","hospital garrahan","Javier Milei","jubilados","leyes","sabrina selva"],"articleSection":["Politica"],"inLanguage":"es"},{"@type":"WebPage","@id":"https:\/\/noticiasmercedinas.com\/site\/2025\/10\/23\/diputada-sabrina-selva-denuncia-a-milei-por-incumplir-leyes-instituidas-por-el-congreso\/","url":"https:\/\/noticiasmercedinas.com\/site\/2025\/10\/23\/diputada-sabrina-selva-denuncia-a-milei-por-incumplir-leyes-instituidas-por-el-congreso\/","name":"Diputada Sabrina Selva denuncia a Milei por incumplir Leyes instituidas por el Congreso","isPartOf":{"@id":"https:\/\/noticiasmercedinas.com\/site\/#website"},"primaryImageOfPage":{"@id":"https:\/\/noticiasmercedinas.com\/site\/2025\/10\/23\/diputada-sabrina-selva-denuncia-a-milei-por-incumplir-leyes-instituidas-por-el-congreso\/#primaryimage"},"image":{"@id":"https:\/\/noticiasmercedinas.com\/site\/2025\/10\/23\/diputada-sabrina-selva-denuncia-a-milei-por-incumplir-leyes-instituidas-por-el-congreso\/#primaryimage"},"thumbnailUrl":"https:\/\/noticiasmercedinas.com\/site\/wp-content\/uploads\/2025\/08\/sabrinaselva.jpg","datePublished":"2025-10-23T21:47:39+00:00","description":"\u25a0 La legisladora advirti\u00f3 sobre un \"desequilibrio institucional\" y critic\u00f3 duramente a la Justicia por no actuar ante el \"incumplimiento de normas por decreto\" del Presidente de la Naci\u00f3n.","breadcrumb":{"@id":"https:\/\/noticiasmercedinas.com\/site\/2025\/10\/23\/diputada-sabrina-selva-denuncia-a-milei-por-incumplir-leyes-instituidas-por-el-congreso\/#breadcrumb"},"inLanguage":"es","potentialAction":[{"@type":"ReadAction","target":["https:\/\/noticiasmercedinas.com\/site\/2025\/10\/23\/diputada-sabrina-selva-denuncia-a-milei-por-incumplir-leyes-instituidas-por-el-congreso\/"]}]},{"@type":"ImageObject","inLanguage":"es","@id":"https:\/\/noticiasmercedinas.com\/site\/2025\/10\/23\/diputada-sabrina-selva-denuncia-a-milei-por-incumplir-leyes-instituidas-por-el-congreso\/#primaryimage","url":"https:\/\/noticiasmercedinas.com\/site\/wp-content\/uploads\/2025\/08\/sabrinaselva.jpg","contentUrl":"https:\/\/noticiasmercedinas.com\/site\/wp-content\/uploads\/2025\/08\/sabrinaselva.jpg","width":683,"height":455},{"@type":"BreadcrumbList","@id":"https:\/\/noticiasmercedinas.com\/site\/2025\/10\/23\/diputada-sabrina-selva-denuncia-a-milei-por-incumplir-leyes-instituidas-por-el-congreso\/#breadcrumb","itemListElement":[{"@type":"ListItem","position":1,"name":"Portada","item":"https:\/\/noticiasmercedinas.com\/site\/"},{"@type":"ListItem","position":2,"name":"Diputada Sabrina Selva denuncia a Milei por incumplir Leyes instituidas por el Congreso"}]},{"@type":"WebSite","@id":"https:\/\/noticiasmercedinas.com\/site\/#website","url":"https:\/\/noticiasmercedinas.com\/site\/","name":"NOTICIASMERCEDINAS.COM","description":"Mercedes, Buenos Aires, Argentina","publisher":{"@id":"https:\/\/noticiasmercedinas.com\/site\/#organization"},"potentialAction":[{"@type":"SearchAction","target":{"@type":"EntryPoint","urlTemplate":"https:\/\/noticiasmercedinas.com\/site\/?s={search_term_string}"},"query-input":{"@type":"PropertyValueSpecification","valueRequired":true,"valueName":"search_term_string"}}],"inLanguage":"es"},{"@type":"Organization","@id":"https:\/\/noticiasmercedinas.com\/site\/#organization","name":"NOTICIASMERCEDINAS.COM","url":"https:\/\/noticiasmercedinas.com\/site\/","logo":{"@type":"ImageObject","inLanguage":"es","@id":"https:\/\/noticiasmercedinas.com\/site\/#\/schema\/logo\/image\/","url":"https:\/\/noticiasmercedinas.com\/site\/wp-content\/uploads\/2020\/06\/LOGO-512.jpg","contentUrl":"https:\/\/noticiasmercedinas.com\/site\/wp-content\/uploads\/2020\/06\/LOGO-512.jpg","width":512,"height":512,"caption":"NOTICIASMERCEDINAS.COM"},"image":{"@id":"https:\/\/noticiasmercedinas.com\/site\/#\/schema\/logo\/image\/"},"sameAs":["https:\/\/www.facebook.com\/noticiasmercedinas\/","https:\/\/x.com\/notmercedinas","https:\/\/www.instagram.com\/noticiasmercedinas\/"]},{"@type":"Person","@id":"https:\/\/noticiasmercedinas.com\/site\/#\/schema\/person\/84b59c099c28ff2e8b77d4ceec5d8063","name":"NOTICIASMERCEDINAS.COM","image":{"@type":"ImageObject","inLanguage":"es","@id":"https:\/\/secure.gravatar.com\/avatar\/4dfbf16b4d17945bfb6341b2d19043457132fcf478a5ee04f42e959fd8f5df0a?s=96&d=mm&r=g","url":"https:\/\/secure.gravatar.com\/avatar\/4dfbf16b4d17945bfb6341b2d19043457132fcf478a5ee04f42e959fd8f5df0a?s=96&d=mm&r=g","contentUrl":"https:\/\/secure.gravatar.com\/avatar\/4dfbf16b4d17945bfb6341b2d19043457132fcf478a5ee04f42e959fd8f5df0a?s=96&d=mm&r=g","caption":"NOTICIASMERCEDINAS.COM"},"url":"https:\/\/noticiasmercedinas.com\/site\/author\/anonimo\/"}]}},"amp_enabled":true,"_links":{"self":[{"href":"https:\/\/noticiasmercedinas.com\/site\/wp-json\/wp\/v2\/posts\/172699","targetHints":{"allow":["GET"]}}],"collection":[{"href":"https:\/\/noticiasmercedinas.com\/site\/wp-json\/wp\/v2\/posts"}],"about":[{"href":"https:\/\/noticiasmercedinas.com\/site\/wp-json\/wp\/v2\/types\/post"}],"author":[{"embeddable":true,"href":"https:\/\/noticiasmercedinas.com\/site\/wp-json\/wp\/v2\/users\/16"}],"replies":[{"embeddable":true,"href":"https:\/\/noticiasmercedinas.com\/site\/wp-json\/wp\/v2\/comments?post=172699"}],"version-history":[{"count":1,"href":"https:\/\/noticiasmercedinas.com\/site\/wp-json\/wp\/v2\/posts\/172699\/revisions"}],"predecessor-version":[{"id":172700,"href":"https:\/\/noticiasmercedinas.com\/site\/wp-json\/wp\/v2\/posts\/172699\/revisions\/172700"}],"wp:featuredmedia":[{"embeddable":true,"href":"https:\/\/noticiasmercedinas.com\/site\/wp-json\/wp\/v2\/media\/167399"}],"wp:attachment":[{"href":"https:\/\/noticiasmercedinas.com\/site\/wp-json\/wp\/v2\/media?parent=172699"}],"wp:term":[{"taxonomy":"category","embeddable":true,"href":"https:\/\/noticiasmercedinas.com\/site\/wp-json\/wp\/v2\/categories?post=172699"},{"taxonomy":"post_tag","embeddable":true,"href":"https:\/\/noticiasmercedinas.com\/site\/wp-json\/wp\/v2\/tags?post=172699"}],"curies":[{"name":"wp","href":"https:\/\/api.w.org\/{rel}","templated":true}]}}