{"id":172725,"date":"2025-10-24T08:27:10","date_gmt":"2025-10-24T11:27:10","guid":{"rendered":"https:\/\/noticiasmercedinas.com\/site\/?p=172725"},"modified":"2025-10-24T08:27:10","modified_gmt":"2025-10-24T11:27:10","slug":"llega-aquelarre-vol-i-al-anfiteatro-municipal-con-cartelera-estelar","status":"publish","type":"post","link":"https:\/\/noticiasmercedinas.com\/site\/2025\/10\/24\/llega-aquelarre-vol-i-al-anfiteatro-municipal-con-cartelera-estelar\/","title":{"rendered":"Llega \u00abAquelarre Vol. I\u00bb al Anfiteatro Municipal con cartelera estelar"},"content":{"rendered":"<div id=\"model-response-message-contentr_709acd788b5ced29\" class=\"markdown markdown-main-panel enable-updated-hr-color\" dir=\"ltr\">\n<p><img loading=\"lazy\" decoding=\"async\" class=\"alignnone size-full wp-image-172726\" src=\"https:\/\/noticiasmercedinas.com\/site\/wp-content\/uploads\/2025\/10\/voodoo.jpg\" alt=\"\" width=\"640\" height=\"473\" srcset=\"https:\/\/noticiasmercedinas.com\/site\/wp-content\/uploads\/2025\/10\/voodoo.jpg 640w, https:\/\/noticiasmercedinas.com\/site\/wp-content\/uploads\/2025\/10\/voodoo-300x222.jpg 300w, https:\/\/noticiasmercedinas.com\/site\/wp-content\/uploads\/2025\/10\/voodoo-80x60.jpg 80w, https:\/\/noticiasmercedinas.com\/site\/wp-content\/uploads\/2025\/10\/voodoo-100x75.jpg 100w\" sizes=\"auto, (max-width: 640px) 100vw, 640px\" \/><\/p>\n<p>La escena musical local se prepara para un evento imperdible. El <b>Anfiteatro Municipal<\/b> ser\u00e1 la sede del festival <b>\u00abAquelarre Vol. I\u00bb<\/b> el pr\u00f3ximo <b>viernes 31 de octubre<\/b>, comenzando puntualmente a las <b>17:00 horas<\/b>. El encuentro se perfila como una potente jornada de rock y g\u00e9neros afines, impulsada por la autogesti\u00f3n y la participaci\u00f3n de un numeroso grupo de bandas.<\/p>\n<p>El cartel de artistas confirma una fecha cargada de energ\u00eda y diversidad sonora, destacando la presencia de <b>Voodoo<\/b>, quienes ya confirmaron su participaci\u00f3n activa en el evento. Junto a ellos, se presentar\u00e1n <b>Se\u00f1orita Miel<\/b>, <b>Mango Blu<\/b>, <b>Trinautas<\/b>, <b>Los Plasher<\/b>, <b>Navegante Perdido<\/b> y <b>Kurossawa<\/b>.<\/p>\n<p>Seg\u00fan lo difundido por la organizaci\u00f3n y las propias bandas, como el grupo Voodoo (a trav\u00e9s de su cuenta @voodoooficial.1), el evento promete ser una \u00abcita que no te pod\u00e9s perder\u00bb, destacando el esp\u00edritu combativo y la calidad de las agrupaciones convocadas.<\/p>\n<p>Adem\u00e1s de la m\u00fasica en vivo, el festival contar\u00e1 con espacios dedicados al encuentro comunitario y la cultura local. Adem\u00e1s se promociona la existencia de una <b>Cantina<\/b>, as\u00ed como puestos de <b>Artistas<\/b> y <b>Artesanos<\/b>, fomentando un ambiente integral para los asistentes.<\/p>\n<p>El evento, que lleva el t\u00edtulo \u00abAquelarre Vol. I\u00bb, sugiere la posibilidad de convertirse en una cita recurrente en la agenda cultural de la ciudad, marcando un hito en la autogesti\u00f3n de festivales de rock en el Anfiteatro Municipal de Mercedes.<\/p>\n<\/div>\n","protected":false},"excerpt":{"rendered":"<p>\u25a0\u00a0El pr\u00f3ximo 31 de octubre, bandas como Voodoo, Se\u00f1orita Miel, Mango Blu y m\u00e1s, dar\u00e1n vida a una jornada musical autogestionada en el escenario al aire libre.<\/p>\n","protected":false},"author":16,"featured_media":172726,"comment_status":"closed","ping_status":"closed","sticky":false,"template":"","format":"standard","meta":{"footnotes":""},"categories":[4],"tags":[15989,21128,3191,17275,17276,12481,3193,904],"class_list":["post-172725","post","type-post","status-publish","format-standard","has-post-thumbnail","hentry","category-cultura","tag-anfiteatro","tag-kurossawa","tag-los-plasher","tag-mango-blu","tag-navegante-perdido","tag-senorita-miel","tag-trinautas","tag-voodoo"],"yoast_head":"<!-- This site is optimized with the Yoast SEO plugin v27.5 - https:\/\/yoast.com\/product\/yoast-seo-wordpress\/ -->\n<title>Llega &quot;Aquelarre Vol. I&quot; al Anfiteatro Municipal con cartelera estelar<\/title>\n<meta name=\"description\" content=\"\u25a0\u00a0El pr\u00f3ximo 31 de octubre, bandas como Voodoo, Se\u00f1orita Miel, Mango Blu y m\u00e1s, dar\u00e1n vida a una jornada musical autogestionada en el escenario al aire libre.\" \/>\n<meta name=\"robots\" content=\"index, follow, max-snippet:-1, max-image-preview:large, max-video-preview:-1\" \/>\n<link rel=\"canonical\" href=\"https:\/\/noticiasmercedinas.com\/site\/2025\/10\/24\/llega-aquelarre-vol-i-al-anfiteatro-municipal-con-cartelera-estelar\/\" \/>\n<meta property=\"og:locale\" content=\"es_ES\" \/>\n<meta property=\"og:type\" content=\"article\" \/>\n<meta property=\"og:title\" content=\"Llega &quot;Aquelarre Vol. I&quot; al Anfiteatro Municipal con cartelera estelar\" \/>\n<meta property=\"og:description\" content=\"\u25a0\u00a0El pr\u00f3ximo 31 de octubre, bandas como Voodoo, Se\u00f1orita Miel, Mango Blu y m\u00e1s, dar\u00e1n vida a una jornada musical autogestionada en el escenario al aire libre.\" \/>\n<meta property=\"og:url\" content=\"https:\/\/noticiasmercedinas.com\/site\/2025\/10\/24\/llega-aquelarre-vol-i-al-anfiteatro-municipal-con-cartelera-estelar\/\" \/>\n<meta property=\"og:site_name\" content=\"NOTICIASMERCEDINAS.COM\" \/>\n<meta property=\"article:publisher\" content=\"https:\/\/www.facebook.com\/noticiasmercedinas\/\" \/>\n<meta property=\"article:published_time\" content=\"2025-10-24T11:27:10+00:00\" \/>\n<meta property=\"og:image\" content=\"https:\/\/noticiasmercedinas.com\/site\/wp-content\/uploads\/2025\/10\/voodoo.jpg\" \/>\n\t<meta property=\"og:image:width\" content=\"640\" \/>\n\t<meta property=\"og:image:height\" content=\"473\" \/>\n\t<meta property=\"og:image:type\" content=\"image\/jpeg\" \/>\n<meta name=\"author\" content=\"NOTICIASMERCEDINAS.COM\" \/>\n<meta name=\"twitter:card\" content=\"summary_large_image\" \/>\n<meta name=\"twitter:creator\" content=\"@notmercedinas\" \/>\n<meta name=\"twitter:site\" content=\"@notmercedinas\" \/>\n<meta name=\"twitter:label1\" content=\"Escrito por\" \/>\n\t<meta name=\"twitter:data1\" content=\"NOTICIASMERCEDINAS.COM\" \/>\n\t<meta name=\"twitter:label2\" content=\"Tiempo de lectura\" \/>\n\t<meta name=\"twitter:data2\" content=\"2 minutos\" \/>\n<script type=\"application\/ld+json\" class=\"yoast-schema-graph\">{\"@context\":\"https:\\\/\\\/schema.org\",\"@graph\":[{\"@type\":\"Article\",\"@id\":\"https:\\\/\\\/noticiasmercedinas.com\\\/site\\\/2025\\\/10\\\/24\\\/llega-aquelarre-vol-i-al-anfiteatro-municipal-con-cartelera-estelar\\\/#article\",\"isPartOf\":{\"@id\":\"https:\\\/\\\/noticiasmercedinas.com\\\/site\\\/2025\\\/10\\\/24\\\/llega-aquelarre-vol-i-al-anfiteatro-municipal-con-cartelera-estelar\\\/\"},\"author\":{\"name\":\"NOTICIASMERCEDINAS.COM\",\"@id\":\"https:\\\/\\\/noticiasmercedinas.com\\\/site\\\/#\\\/schema\\\/person\\\/84b59c099c28ff2e8b77d4ceec5d8063\"},\"headline\":\"Llega \u00abAquelarre Vol. I\u00bb al Anfiteatro Municipal con cartelera estelar\",\"datePublished\":\"2025-10-24T11:27:10+00:00\",\"mainEntityOfPage\":{\"@id\":\"https:\\\/\\\/noticiasmercedinas.com\\\/site\\\/2025\\\/10\\\/24\\\/llega-aquelarre-vol-i-al-anfiteatro-municipal-con-cartelera-estelar\\\/\"},\"wordCount\":252,\"publisher\":{\"@id\":\"https:\\\/\\\/noticiasmercedinas.com\\\/site\\\/#organization\"},\"image\":{\"@id\":\"https:\\\/\\\/noticiasmercedinas.com\\\/site\\\/2025\\\/10\\\/24\\\/llega-aquelarre-vol-i-al-anfiteatro-municipal-con-cartelera-estelar\\\/#primaryimage\"},\"thumbnailUrl\":\"https:\\\/\\\/noticiasmercedinas.com\\\/site\\\/wp-content\\\/uploads\\\/2025\\\/10\\\/voodoo.jpg\",\"keywords\":[\"Anfiteatro\",\"Kurossawa\",\"Los Plasher\",\"Mango Blu\",\"Navegante Perdido\",\"se\u00f1orita miel\",\"Trinautas\",\"Voodoo\"],\"articleSection\":[\"Cultura\"],\"inLanguage\":\"es\"},{\"@type\":\"WebPage\",\"@id\":\"https:\\\/\\\/noticiasmercedinas.com\\\/site\\\/2025\\\/10\\\/24\\\/llega-aquelarre-vol-i-al-anfiteatro-municipal-con-cartelera-estelar\\\/\",\"url\":\"https:\\\/\\\/noticiasmercedinas.com\\\/site\\\/2025\\\/10\\\/24\\\/llega-aquelarre-vol-i-al-anfiteatro-municipal-con-cartelera-estelar\\\/\",\"name\":\"Llega \\\"Aquelarre Vol. I\\\" al Anfiteatro Municipal con cartelera estelar\",\"isPartOf\":{\"@id\":\"https:\\\/\\\/noticiasmercedinas.com\\\/site\\\/#website\"},\"primaryImageOfPage\":{\"@id\":\"https:\\\/\\\/noticiasmercedinas.com\\\/site\\\/2025\\\/10\\\/24\\\/llega-aquelarre-vol-i-al-anfiteatro-municipal-con-cartelera-estelar\\\/#primaryimage\"},\"image\":{\"@id\":\"https:\\\/\\\/noticiasmercedinas.com\\\/site\\\/2025\\\/10\\\/24\\\/llega-aquelarre-vol-i-al-anfiteatro-municipal-con-cartelera-estelar\\\/#primaryimage\"},\"thumbnailUrl\":\"https:\\\/\\\/noticiasmercedinas.com\\\/site\\\/wp-content\\\/uploads\\\/2025\\\/10\\\/voodoo.jpg\",\"datePublished\":\"2025-10-24T11:27:10+00:00\",\"description\":\"\u25a0\u00a0El pr\u00f3ximo 31 de octubre, bandas como Voodoo, Se\u00f1orita Miel, Mango Blu y m\u00e1s, dar\u00e1n vida a una jornada musical autogestionada en el escenario al aire libre.\",\"breadcrumb\":{\"@id\":\"https:\\\/\\\/noticiasmercedinas.com\\\/site\\\/2025\\\/10\\\/24\\\/llega-aquelarre-vol-i-al-anfiteatro-municipal-con-cartelera-estelar\\\/#breadcrumb\"},\"inLanguage\":\"es\",\"potentialAction\":[{\"@type\":\"ReadAction\",\"target\":[\"https:\\\/\\\/noticiasmercedinas.com\\\/site\\\/2025\\\/10\\\/24\\\/llega-aquelarre-vol-i-al-anfiteatro-municipal-con-cartelera-estelar\\\/\"]}]},{\"@type\":\"ImageObject\",\"inLanguage\":\"es\",\"@id\":\"https:\\\/\\\/noticiasmercedinas.com\\\/site\\\/2025\\\/10\\\/24\\\/llega-aquelarre-vol-i-al-anfiteatro-municipal-con-cartelera-estelar\\\/#primaryimage\",\"url\":\"https:\\\/\\\/noticiasmercedinas.com\\\/site\\\/wp-content\\\/uploads\\\/2025\\\/10\\\/voodoo.jpg\",\"contentUrl\":\"https:\\\/\\\/noticiasmercedinas.com\\\/site\\\/wp-content\\\/uploads\\\/2025\\\/10\\\/voodoo.jpg\",\"width\":640,\"height\":473},{\"@type\":\"BreadcrumbList\",\"@id\":\"https:\\\/\\\/noticiasmercedinas.com\\\/site\\\/2025\\\/10\\\/24\\\/llega-aquelarre-vol-i-al-anfiteatro-municipal-con-cartelera-estelar\\\/#breadcrumb\",\"itemListElement\":[{\"@type\":\"ListItem\",\"position\":1,\"name\":\"Portada\",\"item\":\"https:\\\/\\\/noticiasmercedinas.com\\\/site\\\/\"},{\"@type\":\"ListItem\",\"position\":2,\"name\":\"Llega \u00abAquelarre Vol. I\u00bb al Anfiteatro Municipal con cartelera estelar\"}]},{\"@type\":\"WebSite\",\"@id\":\"https:\\\/\\\/noticiasmercedinas.com\\\/site\\\/#website\",\"url\":\"https:\\\/\\\/noticiasmercedinas.com\\\/site\\\/\",\"name\":\"NOTICIASMERCEDINAS.COM\",\"description\":\"Mercedes, Buenos Aires, Argentina\",\"publisher\":{\"@id\":\"https:\\\/\\\/noticiasmercedinas.com\\\/site\\\/#organization\"},\"potentialAction\":[{\"@type\":\"SearchAction\",\"target\":{\"@type\":\"EntryPoint\",\"urlTemplate\":\"https:\\\/\\\/noticiasmercedinas.com\\\/site\\\/?s={search_term_string}\"},\"query-input\":{\"@type\":\"PropertyValueSpecification\",\"valueRequired\":true,\"valueName\":\"search_term_string\"}}],\"inLanguage\":\"es\"},{\"@type\":\"Organization\",\"@id\":\"https:\\\/\\\/noticiasmercedinas.com\\\/site\\\/#organization\",\"name\":\"NOTICIASMERCEDINAS.COM\",\"url\":\"https:\\\/\\\/noticiasmercedinas.com\\\/site\\\/\",\"logo\":{\"@type\":\"ImageObject\",\"inLanguage\":\"es\",\"@id\":\"https:\\\/\\\/noticiasmercedinas.com\\\/site\\\/#\\\/schema\\\/logo\\\/image\\\/\",\"url\":\"https:\\\/\\\/noticiasmercedinas.com\\\/site\\\/wp-content\\\/uploads\\\/2020\\\/06\\\/LOGO-512.jpg\",\"contentUrl\":\"https:\\\/\\\/noticiasmercedinas.com\\\/site\\\/wp-content\\\/uploads\\\/2020\\\/06\\\/LOGO-512.jpg\",\"width\":512,\"height\":512,\"caption\":\"NOTICIASMERCEDINAS.COM\"},\"image\":{\"@id\":\"https:\\\/\\\/noticiasmercedinas.com\\\/site\\\/#\\\/schema\\\/logo\\\/image\\\/\"},\"sameAs\":[\"https:\\\/\\\/www.facebook.com\\\/noticiasmercedinas\\\/\",\"https:\\\/\\\/x.com\\\/notmercedinas\",\"https:\\\/\\\/www.instagram.com\\\/noticiasmercedinas\\\/\"]},{\"@type\":\"Person\",\"@id\":\"https:\\\/\\\/noticiasmercedinas.com\\\/site\\\/#\\\/schema\\\/person\\\/84b59c099c28ff2e8b77d4ceec5d8063\",\"name\":\"NOTICIASMERCEDINAS.COM\",\"image\":{\"@type\":\"ImageObject\",\"inLanguage\":\"es\",\"@id\":\"https:\\\/\\\/secure.gravatar.com\\\/avatar\\\/4dfbf16b4d17945bfb6341b2d19043457132fcf478a5ee04f42e959fd8f5df0a?s=96&d=mm&r=g\",\"url\":\"https:\\\/\\\/secure.gravatar.com\\\/avatar\\\/4dfbf16b4d17945bfb6341b2d19043457132fcf478a5ee04f42e959fd8f5df0a?s=96&d=mm&r=g\",\"contentUrl\":\"https:\\\/\\\/secure.gravatar.com\\\/avatar\\\/4dfbf16b4d17945bfb6341b2d19043457132fcf478a5ee04f42e959fd8f5df0a?s=96&d=mm&r=g\",\"caption\":\"NOTICIASMERCEDINAS.COM\"},\"url\":\"https:\\\/\\\/noticiasmercedinas.com\\\/site\\\/author\\\/anonimo\\\/\"}]}<\/script>\n<!-- \/ Yoast SEO plugin. -->","yoast_head_json":{"title":"Llega \"Aquelarre Vol. I\" al Anfiteatro Municipal con cartelera estelar","description":"\u25a0\u00a0El pr\u00f3ximo 31 de octubre, bandas como Voodoo, Se\u00f1orita Miel, Mango Blu y m\u00e1s, dar\u00e1n vida a una jornada musical autogestionada en el escenario al aire libre.","robots":{"index":"index","follow":"follow","max-snippet":"max-snippet:-1","max-image-preview":"max-image-preview:large","max-video-preview":"max-video-preview:-1"},"canonical":"https:\/\/noticiasmercedinas.com\/site\/2025\/10\/24\/llega-aquelarre-vol-i-al-anfiteatro-municipal-con-cartelera-estelar\/","og_locale":"es_ES","og_type":"article","og_title":"Llega \"Aquelarre Vol. I\" al Anfiteatro Municipal con cartelera estelar","og_description":"\u25a0\u00a0El pr\u00f3ximo 31 de octubre, bandas como Voodoo, Se\u00f1orita Miel, Mango Blu y m\u00e1s, dar\u00e1n vida a una jornada musical autogestionada en el escenario al aire libre.","og_url":"https:\/\/noticiasmercedinas.com\/site\/2025\/10\/24\/llega-aquelarre-vol-i-al-anfiteatro-municipal-con-cartelera-estelar\/","og_site_name":"NOTICIASMERCEDINAS.COM","article_publisher":"https:\/\/www.facebook.com\/noticiasmercedinas\/","article_published_time":"2025-10-24T11:27:10+00:00","og_image":[{"width":640,"height":473,"url":"https:\/\/noticiasmercedinas.com\/site\/wp-content\/uploads\/2025\/10\/voodoo.jpg","type":"image\/jpeg"}],"author":"NOTICIASMERCEDINAS.COM","twitter_card":"summary_large_image","twitter_creator":"@notmercedinas","twitter_site":"@notmercedinas","twitter_misc":{"Escrito por":"NOTICIASMERCEDINAS.COM","Tiempo de lectura":"2 minutos"},"schema":{"@context":"https:\/\/schema.org","@graph":[{"@type":"Article","@id":"https:\/\/noticiasmercedinas.com\/site\/2025\/10\/24\/llega-aquelarre-vol-i-al-anfiteatro-municipal-con-cartelera-estelar\/#article","isPartOf":{"@id":"https:\/\/noticiasmercedinas.com\/site\/2025\/10\/24\/llega-aquelarre-vol-i-al-anfiteatro-municipal-con-cartelera-estelar\/"},"author":{"name":"NOTICIASMERCEDINAS.COM","@id":"https:\/\/noticiasmercedinas.com\/site\/#\/schema\/person\/84b59c099c28ff2e8b77d4ceec5d8063"},"headline":"Llega \u00abAquelarre Vol. I\u00bb al Anfiteatro Municipal con cartelera estelar","datePublished":"2025-10-24T11:27:10+00:00","mainEntityOfPage":{"@id":"https:\/\/noticiasmercedinas.com\/site\/2025\/10\/24\/llega-aquelarre-vol-i-al-anfiteatro-municipal-con-cartelera-estelar\/"},"wordCount":252,"publisher":{"@id":"https:\/\/noticiasmercedinas.com\/site\/#organization"},"image":{"@id":"https:\/\/noticiasmercedinas.com\/site\/2025\/10\/24\/llega-aquelarre-vol-i-al-anfiteatro-municipal-con-cartelera-estelar\/#primaryimage"},"thumbnailUrl":"https:\/\/noticiasmercedinas.com\/site\/wp-content\/uploads\/2025\/10\/voodoo.jpg","keywords":["Anfiteatro","Kurossawa","Los Plasher","Mango Blu","Navegante Perdido","se\u00f1orita miel","Trinautas","Voodoo"],"articleSection":["Cultura"],"inLanguage":"es"},{"@type":"WebPage","@id":"https:\/\/noticiasmercedinas.com\/site\/2025\/10\/24\/llega-aquelarre-vol-i-al-anfiteatro-municipal-con-cartelera-estelar\/","url":"https:\/\/noticiasmercedinas.com\/site\/2025\/10\/24\/llega-aquelarre-vol-i-al-anfiteatro-municipal-con-cartelera-estelar\/","name":"Llega \"Aquelarre Vol. I\" al Anfiteatro Municipal con cartelera estelar","isPartOf":{"@id":"https:\/\/noticiasmercedinas.com\/site\/#website"},"primaryImageOfPage":{"@id":"https:\/\/noticiasmercedinas.com\/site\/2025\/10\/24\/llega-aquelarre-vol-i-al-anfiteatro-municipal-con-cartelera-estelar\/#primaryimage"},"image":{"@id":"https:\/\/noticiasmercedinas.com\/site\/2025\/10\/24\/llega-aquelarre-vol-i-al-anfiteatro-municipal-con-cartelera-estelar\/#primaryimage"},"thumbnailUrl":"https:\/\/noticiasmercedinas.com\/site\/wp-content\/uploads\/2025\/10\/voodoo.jpg","datePublished":"2025-10-24T11:27:10+00:00","description":"\u25a0\u00a0El pr\u00f3ximo 31 de octubre, bandas como Voodoo, Se\u00f1orita Miel, Mango Blu y m\u00e1s, dar\u00e1n vida a una jornada musical autogestionada en el escenario al aire libre.","breadcrumb":{"@id":"https:\/\/noticiasmercedinas.com\/site\/2025\/10\/24\/llega-aquelarre-vol-i-al-anfiteatro-municipal-con-cartelera-estelar\/#breadcrumb"},"inLanguage":"es","potentialAction":[{"@type":"ReadAction","target":["https:\/\/noticiasmercedinas.com\/site\/2025\/10\/24\/llega-aquelarre-vol-i-al-anfiteatro-municipal-con-cartelera-estelar\/"]}]},{"@type":"ImageObject","inLanguage":"es","@id":"https:\/\/noticiasmercedinas.com\/site\/2025\/10\/24\/llega-aquelarre-vol-i-al-anfiteatro-municipal-con-cartelera-estelar\/#primaryimage","url":"https:\/\/noticiasmercedinas.com\/site\/wp-content\/uploads\/2025\/10\/voodoo.jpg","contentUrl":"https:\/\/noticiasmercedinas.com\/site\/wp-content\/uploads\/2025\/10\/voodoo.jpg","width":640,"height":473},{"@type":"BreadcrumbList","@id":"https:\/\/noticiasmercedinas.com\/site\/2025\/10\/24\/llega-aquelarre-vol-i-al-anfiteatro-municipal-con-cartelera-estelar\/#breadcrumb","itemListElement":[{"@type":"ListItem","position":1,"name":"Portada","item":"https:\/\/noticiasmercedinas.com\/site\/"},{"@type":"ListItem","position":2,"name":"Llega \u00abAquelarre Vol. I\u00bb al Anfiteatro Municipal con cartelera estelar"}]},{"@type":"WebSite","@id":"https:\/\/noticiasmercedinas.com\/site\/#website","url":"https:\/\/noticiasmercedinas.com\/site\/","name":"NOTICIASMERCEDINAS.COM","description":"Mercedes, Buenos Aires, Argentina","publisher":{"@id":"https:\/\/noticiasmercedinas.com\/site\/#organization"},"potentialAction":[{"@type":"SearchAction","target":{"@type":"EntryPoint","urlTemplate":"https:\/\/noticiasmercedinas.com\/site\/?s={search_term_string}"},"query-input":{"@type":"PropertyValueSpecification","valueRequired":true,"valueName":"search_term_string"}}],"inLanguage":"es"},{"@type":"Organization","@id":"https:\/\/noticiasmercedinas.com\/site\/#organization","name":"NOTICIASMERCEDINAS.COM","url":"https:\/\/noticiasmercedinas.com\/site\/","logo":{"@type":"ImageObject","inLanguage":"es","@id":"https:\/\/noticiasmercedinas.com\/site\/#\/schema\/logo\/image\/","url":"https:\/\/noticiasmercedinas.com\/site\/wp-content\/uploads\/2020\/06\/LOGO-512.jpg","contentUrl":"https:\/\/noticiasmercedinas.com\/site\/wp-content\/uploads\/2020\/06\/LOGO-512.jpg","width":512,"height":512,"caption":"NOTICIASMERCEDINAS.COM"},"image":{"@id":"https:\/\/noticiasmercedinas.com\/site\/#\/schema\/logo\/image\/"},"sameAs":["https:\/\/www.facebook.com\/noticiasmercedinas\/","https:\/\/x.com\/notmercedinas","https:\/\/www.instagram.com\/noticiasmercedinas\/"]},{"@type":"Person","@id":"https:\/\/noticiasmercedinas.com\/site\/#\/schema\/person\/84b59c099c28ff2e8b77d4ceec5d8063","name":"NOTICIASMERCEDINAS.COM","image":{"@type":"ImageObject","inLanguage":"es","@id":"https:\/\/secure.gravatar.com\/avatar\/4dfbf16b4d17945bfb6341b2d19043457132fcf478a5ee04f42e959fd8f5df0a?s=96&d=mm&r=g","url":"https:\/\/secure.gravatar.com\/avatar\/4dfbf16b4d17945bfb6341b2d19043457132fcf478a5ee04f42e959fd8f5df0a?s=96&d=mm&r=g","contentUrl":"https:\/\/secure.gravatar.com\/avatar\/4dfbf16b4d17945bfb6341b2d19043457132fcf478a5ee04f42e959fd8f5df0a?s=96&d=mm&r=g","caption":"NOTICIASMERCEDINAS.COM"},"url":"https:\/\/noticiasmercedinas.com\/site\/author\/anonimo\/"}]}},"amp_enabled":true,"_links":{"self":[{"href":"https:\/\/noticiasmercedinas.com\/site\/wp-json\/wp\/v2\/posts\/172725","targetHints":{"allow":["GET"]}}],"collection":[{"href":"https:\/\/noticiasmercedinas.com\/site\/wp-json\/wp\/v2\/posts"}],"about":[{"href":"https:\/\/noticiasmercedinas.com\/site\/wp-json\/wp\/v2\/types\/post"}],"author":[{"embeddable":true,"href":"https:\/\/noticiasmercedinas.com\/site\/wp-json\/wp\/v2\/users\/16"}],"replies":[{"embeddable":true,"href":"https:\/\/noticiasmercedinas.com\/site\/wp-json\/wp\/v2\/comments?post=172725"}],"version-history":[{"count":1,"href":"https:\/\/noticiasmercedinas.com\/site\/wp-json\/wp\/v2\/posts\/172725\/revisions"}],"predecessor-version":[{"id":172727,"href":"https:\/\/noticiasmercedinas.com\/site\/wp-json\/wp\/v2\/posts\/172725\/revisions\/172727"}],"wp:featuredmedia":[{"embeddable":true,"href":"https:\/\/noticiasmercedinas.com\/site\/wp-json\/wp\/v2\/media\/172726"}],"wp:attachment":[{"href":"https:\/\/noticiasmercedinas.com\/site\/wp-json\/wp\/v2\/media?parent=172725"}],"wp:term":[{"taxonomy":"category","embeddable":true,"href":"https:\/\/noticiasmercedinas.com\/site\/wp-json\/wp\/v2\/categories?post=172725"},{"taxonomy":"post_tag","embeddable":true,"href":"https:\/\/noticiasmercedinas.com\/site\/wp-json\/wp\/v2\/tags?post=172725"}],"curies":[{"name":"wp","href":"https:\/\/api.w.org\/{rel}","templated":true}]}}