{"id":1728,"date":"2018-09-13T08:40:31","date_gmt":"2018-09-13T11:40:31","guid":{"rendered":"https:\/\/noticiasmercedinas.com\/site\/?p=1728"},"modified":"2018-09-13T08:40:31","modified_gmt":"2018-09-13T11:40:31","slug":"ninez-preocupa-desfinanciamiento-y-crecimiento-de-la-demanda","status":"publish","type":"post","link":"https:\/\/noticiasmercedinas.com\/site\/2018\/09\/13\/ninez-preocupa-desfinanciamiento-y-crecimiento-de-la-demanda\/","title":{"rendered":"Ni\u00f1ez: preocupa desfinanciamiento y crecimiento de la demanda"},"content":{"rendered":"<figure id=\"attachment_1729\" aria-describedby=\"caption-attachment-1729\" style=\"width: 650px\" class=\"wp-caption alignnone\"><img loading=\"lazy\" decoding=\"async\" class=\"size-full wp-image-1729\" src=\"https:\/\/noticiasmercedinas.com\/site\/wp-content\/uploads\/2018\/09\/GrabrielaOlivella.jpg\" alt=\"\" width=\"650\" height=\"380\" srcset=\"https:\/\/noticiasmercedinas.com\/site\/wp-content\/uploads\/2018\/09\/GrabrielaOlivella.jpg 650w, https:\/\/noticiasmercedinas.com\/site\/wp-content\/uploads\/2018\/09\/GrabrielaOlivella-300x175.jpg 300w, https:\/\/noticiasmercedinas.com\/site\/wp-content\/uploads\/2018\/09\/GrabrielaOlivella-640x374.jpg 640w\" sizes=\"auto, (max-width: 650px) 100vw, 650px\" \/><figcaption id=\"caption-attachment-1729\" class=\"wp-caption-text\">Gabriela Olivella<\/figcaption><\/figure>\n<p>La situaci\u00f3n en ni\u00f1ez es cada d\u00eda m\u00e1s complicada. Las pol\u00edticas nacionales y provinciales de ajuste impactan en distintos programas. En Mercedes, por ejemplo, \u201cVuelta a Casa\u201d contin\u00faa gracias a la inversi\u00f3n municipal. Unicef ha emitido un alerta en todo el pa\u00eds. La licemciada Gabriela Olivella, desde la Direcci\u00f3n de Ni\u00f1ez, se mostr\u00f3 muy preocupada \u201cpor todo el retroceso en programas de cuidado y protecci\u00f3n de los ni\u00f1os que se est\u00e1 viviendo\u201d y destac\u00f3 que \u201ces muy grave porque sin duda ellos son el futuro\u201d.<\/p>\n<p>El programa \u201cVuelta a Casa\u201d permit\u00eda actuar, por ejemplo, en el Centro Comunitario Blandengues y \u201cpor decisi\u00f3n del intendente y nuestra secretaria de Desarrollo Social no se quit\u00f3 ninguna actividad, ning\u00fan beneficio, efectuando la cobertura ahora desde el municipio\u201d: \u201cLos nenes y nenas no son responsables de las malas administraciones y el ajuste. Para nosotros es un orgullo el compromiso de la gesti\u00f3n municipal, pero es tambi\u00e9n una preocupaci\u00f3n muy grande\u201d, coment\u00f3 Olivella.<\/p>\n<p>\u201cEn Mercedes la provincia invert\u00eda a trav\u00e9s del programa Vuelta a Casa en el centro comunitario Blandengues, sosteniendo actividades y profesionales para trabajar con los ni\u00f1os y adolescentes de esa barriada. Mediante una carta documento la provincia dio de baja el programa en nuestra ciudad y en varios lugares de la provincia. Sin raz\u00f3n alguna ni justificaci\u00f3n m\u00e1s que el ajuste\u201d, aclar\u00f3 por su parte la secretaria de Desarrollo Social, licenciada Jorgelina Silva dando m\u00e1s detalles de la situaci\u00f3n: \u201cLos fondos destinados a la Secretar\u00eda de Ni\u00f1ez nacional terminaron en otras \u00e1reas dedicadas a otras funciones, que nada que ver con el cuidado y proyecci\u00f3n de la infancia\u201d, afirm\u00f3 sin olvidar que \u201ces una clara decisi\u00f3n pol\u00edtica y de designaci\u00f3n de recursos ajena de la sociedad, con otros intereses\u201d.<\/p>\n<p><strong>UNICEF<br \/>\n<\/strong>Muchos de los programas de ni\u00f1ez perdieron su financiamiento ya que no se usa m\u00e1s para los nenes y nenas en el marco de la Primera Infancia, sino que son ahora dispuestos para \u00e1reas como Seguridad, o al pago de deuda externa. Una de las organizaciones internacionales con actuaci\u00f3n en el pa\u00eds, quiz\u00e1s la m\u00e1s reconocida, UNICEF, expuso la problem\u00e1tica: \u201cParte del presupuesto de programas como \u201cPromoci\u00f3n y Asistencia Espacios Primera infancia\u201d por casi $118 millones y \u201cPol\u00edticas federales para protecci\u00f3n de ni\u00f1os, ni\u00f1as y adolescentes\u201d por $ 2,8 millones, fueron reasignados a fuerzas de seguridad y turismo entre otros destinos\u201d. Seg\u00fan UNICEF \u201cla medida desconoce la imposibilidad de reducir los fondos destinados a la infancia, adolescencia y familia dispuesta por el art\u00edculo 72 de la Ley 26061\u201d.<\/p>\n<p>Consultada sobre el tema Gabriela Olivella afirm\u00f3: \u201cEfectivamente, hemos visto lo expresado por UNICEF como as\u00ed tambi\u00e9n otros organismos. Es una situaci\u00f3n muy grave. Son pol\u00edticas de Estado que descuidan por completo la ni\u00f1ez, con una desaprensi\u00f3n total hacia los m\u00e1s peque\u00f1os\u201d.<\/p>\n<p>M\u00e1s adelante se le pregunt\u00f3 sobre la realidad local: \u201cEstamos reforzando mucho el \u00e1rea. En Casa del Ni\u00f1o, en los Espacios Jardines Primera Infancia, en cada comedor donde intervenimos, en las bolsas que se entregan a las familias. Las tarifas tan altas, la falta de trabajo en los sectores informales ha generado una crisis enorme. Est\u00e1, como se dice, todo parado y eso golpea en las econom\u00edas dom\u00e9sticas\u201d, sostuvo Olivella tras la consulta de un medio respecto si era verdad que en algunos barrios debieron reforzar la cantidad de cupos para atender a los nenes.<\/p>\n<p>\u201cVivimos una contracara muy notable. Mientras Provincia y Naci\u00f3n ajusta nosotros nos expandimos, son sensibilidades sociales distintas, son formas de ver la vida con compromisos diferentes. En Mercedes cuidamos la ni\u00f1ez, cuidamos el futuro y haremos todo lo posible, siempre, porque es un eje marcado por el intendente Ustarroz\u201d, complet\u00f3.<\/p>\n<p>El Ministerio de Desarrollo Social, pese a haber absorbido al Ministerio de Salud sigue figurando en el anexo como un ente aparte. All\u00ed el ajuste impacta m\u00e1s: 129 millones se quitan del programa de Integraci\u00f3n Socio Urbana. Eso se compone fundamentalmente de unos 118 millones del programa de Promoci\u00f3n y Asistencia a Espacios de Primera Infancia. Tambi\u00e9n se sustraen casi 9 millones m\u00e1s destinados a actividades compartidas con los programas de Promoci\u00f3n y Protecci\u00f3n integral de los Derechos de Ni\u00f1os, Ni\u00f1as y Adolescentes; Promoci\u00f3n y Protecci\u00f3n de los Derechos de Adultos Mayores; y Pol\u00edticas Federales para la Promoci\u00f3n de los Derechos de Ni\u00f1os y Adolescentes.<\/p>\n","protected":false},"excerpt":{"rendered":"<p>La situaci\u00f3n en ni\u00f1ez es cada d\u00eda m\u00e1s complicada. Las pol\u00edticas nacionales y provinciales de ajuste impactan en distintos programas. En Mercedes, por ejemplo, \u201cVuelta a Casa\u201d contin\u00faa gracias a la inversi\u00f3n municipal. Unicef ha emitido un alerta en todo el pa\u00eds. La licemciada Gabriela Olivella, desde la Direcci\u00f3n de Ni\u00f1ez, se mostr\u00f3 muy preocupada [&hellip;]<\/p>\n","protected":false},"author":2,"featured_media":1729,"comment_status":"open","ping_status":"open","sticky":false,"template":"","format":"standard","meta":{"footnotes":""},"categories":[3],"tags":[371,709,369,71,708],"class_list":["post-1728","post","type-post","status-publish","format-standard","has-post-thumbnail","hentry","category-sociedad","tag-gabriela-olivella","tag-jorgelina-silva","tag-ninez","tag-salud","tag-unicef"],"yoast_head":"<!-- This site is optimized with the Yoast SEO plugin v27.5 - https:\/\/yoast.com\/product\/yoast-seo-wordpress\/ -->\n<title>Ni\u00f1ez: preocupa desfinanciamiento y crecimiento de la demanda<\/title>\n<meta name=\"robots\" content=\"index, follow, max-snippet:-1, max-image-preview:large, max-video-preview:-1\" \/>\n<link rel=\"canonical\" href=\"https:\/\/noticiasmercedinas.com\/site\/2018\/09\/13\/ninez-preocupa-desfinanciamiento-y-crecimiento-de-la-demanda\/\" \/>\n<meta property=\"og:locale\" content=\"es_ES\" \/>\n<meta property=\"og:type\" content=\"article\" \/>\n<meta property=\"og:title\" content=\"Ni\u00f1ez: preocupa desfinanciamiento y crecimiento de la demanda\" \/>\n<meta property=\"og:description\" content=\"La situaci\u00f3n en ni\u00f1ez es cada d\u00eda m\u00e1s complicada. Las pol\u00edticas nacionales y provinciales de ajuste impactan en distintos programas. En Mercedes, por ejemplo, \u201cVuelta a Casa\u201d contin\u00faa gracias a la inversi\u00f3n municipal. Unicef ha emitido un alerta en todo el pa\u00eds. La licemciada Gabriela Olivella, desde la Direcci\u00f3n de Ni\u00f1ez, se mostr\u00f3 muy preocupada [&hellip;]\" \/>\n<meta property=\"og:url\" content=\"https:\/\/noticiasmercedinas.com\/site\/2018\/09\/13\/ninez-preocupa-desfinanciamiento-y-crecimiento-de-la-demanda\/\" \/>\n<meta property=\"og:site_name\" content=\"NOTICIASMERCEDINAS.COM\" \/>\n<meta property=\"article:publisher\" content=\"https:\/\/www.facebook.com\/noticiasmercedinas\/\" \/>\n<meta property=\"article:author\" content=\"https:\/\/www.facebook.com\/cristian.falabella\" \/>\n<meta property=\"article:published_time\" content=\"2018-09-13T11:40:31+00:00\" \/>\n<meta property=\"og:image\" content=\"https:\/\/noticiasmercedinas.com\/site\/wp-content\/uploads\/2018\/09\/GrabrielaOlivella.jpg\" \/>\n\t<meta property=\"og:image:width\" content=\"650\" \/>\n\t<meta property=\"og:image:height\" content=\"380\" \/>\n\t<meta property=\"og:image:type\" content=\"image\/jpeg\" \/>\n<meta name=\"author\" content=\"Cristian Falabella NOTICIASMERCEDINAS.COM\" \/>\n<meta name=\"twitter:card\" content=\"summary_large_image\" \/>\n<meta name=\"twitter:creator\" content=\"@https:\/\/twitter.com\/NOTMERCEDINAS\" \/>\n<meta name=\"twitter:site\" content=\"@notmercedinas\" \/>\n<meta name=\"twitter:label1\" content=\"Escrito por\" \/>\n\t<meta name=\"twitter:data1\" content=\"Cristian Falabella NOTICIASMERCEDINAS.COM\" \/>\n\t<meta name=\"twitter:label2\" content=\"Tiempo de lectura\" \/>\n\t<meta name=\"twitter:data2\" content=\"4 minutos\" \/>\n<script type=\"application\/ld+json\" class=\"yoast-schema-graph\">{\"@context\":\"https:\\\/\\\/schema.org\",\"@graph\":[{\"@type\":\"Article\",\"@id\":\"https:\\\/\\\/noticiasmercedinas.com\\\/site\\\/2018\\\/09\\\/13\\\/ninez-preocupa-desfinanciamiento-y-crecimiento-de-la-demanda\\\/#article\",\"isPartOf\":{\"@id\":\"https:\\\/\\\/noticiasmercedinas.com\\\/site\\\/2018\\\/09\\\/13\\\/ninez-preocupa-desfinanciamiento-y-crecimiento-de-la-demanda\\\/\"},\"author\":{\"name\":\"Cristian Falabella NOTICIASMERCEDINAS.COM\",\"@id\":\"https:\\\/\\\/noticiasmercedinas.com\\\/site\\\/#\\\/schema\\\/person\\\/d481a9696a5feaec13a60e2bbd991a6a\"},\"headline\":\"Ni\u00f1ez: preocupa desfinanciamiento y crecimiento de la demanda\",\"datePublished\":\"2018-09-13T11:40:31+00:00\",\"mainEntityOfPage\":{\"@id\":\"https:\\\/\\\/noticiasmercedinas.com\\\/site\\\/2018\\\/09\\\/13\\\/ninez-preocupa-desfinanciamiento-y-crecimiento-de-la-demanda\\\/\"},\"wordCount\":791,\"commentCount\":0,\"publisher\":{\"@id\":\"https:\\\/\\\/noticiasmercedinas.com\\\/site\\\/#organization\"},\"image\":{\"@id\":\"https:\\\/\\\/noticiasmercedinas.com\\\/site\\\/2018\\\/09\\\/13\\\/ninez-preocupa-desfinanciamiento-y-crecimiento-de-la-demanda\\\/#primaryimage\"},\"thumbnailUrl\":\"https:\\\/\\\/noticiasmercedinas.com\\\/site\\\/wp-content\\\/uploads\\\/2018\\\/09\\\/GrabrielaOlivella.jpg\",\"keywords\":[\"gabriela olivella\",\"jorgelina silva\",\"ni\u00f1ez\",\"salud\",\"unicef\"],\"articleSection\":[\"Sociedad\"],\"inLanguage\":\"es\",\"potentialAction\":[{\"@type\":\"CommentAction\",\"name\":\"Comment\",\"target\":[\"https:\\\/\\\/noticiasmercedinas.com\\\/site\\\/2018\\\/09\\\/13\\\/ninez-preocupa-desfinanciamiento-y-crecimiento-de-la-demanda\\\/#respond\"]}]},{\"@type\":\"WebPage\",\"@id\":\"https:\\\/\\\/noticiasmercedinas.com\\\/site\\\/2018\\\/09\\\/13\\\/ninez-preocupa-desfinanciamiento-y-crecimiento-de-la-demanda\\\/\",\"url\":\"https:\\\/\\\/noticiasmercedinas.com\\\/site\\\/2018\\\/09\\\/13\\\/ninez-preocupa-desfinanciamiento-y-crecimiento-de-la-demanda\\\/\",\"name\":\"Ni\u00f1ez: preocupa desfinanciamiento y crecimiento de la demanda\",\"isPartOf\":{\"@id\":\"https:\\\/\\\/noticiasmercedinas.com\\\/site\\\/#website\"},\"primaryImageOfPage\":{\"@id\":\"https:\\\/\\\/noticiasmercedinas.com\\\/site\\\/2018\\\/09\\\/13\\\/ninez-preocupa-desfinanciamiento-y-crecimiento-de-la-demanda\\\/#primaryimage\"},\"image\":{\"@id\":\"https:\\\/\\\/noticiasmercedinas.com\\\/site\\\/2018\\\/09\\\/13\\\/ninez-preocupa-desfinanciamiento-y-crecimiento-de-la-demanda\\\/#primaryimage\"},\"thumbnailUrl\":\"https:\\\/\\\/noticiasmercedinas.com\\\/site\\\/wp-content\\\/uploads\\\/2018\\\/09\\\/GrabrielaOlivella.jpg\",\"datePublished\":\"2018-09-13T11:40:31+00:00\",\"breadcrumb\":{\"@id\":\"https:\\\/\\\/noticiasmercedinas.com\\\/site\\\/2018\\\/09\\\/13\\\/ninez-preocupa-desfinanciamiento-y-crecimiento-de-la-demanda\\\/#breadcrumb\"},\"inLanguage\":\"es\",\"potentialAction\":[{\"@type\":\"ReadAction\",\"target\":[\"https:\\\/\\\/noticiasmercedinas.com\\\/site\\\/2018\\\/09\\\/13\\\/ninez-preocupa-desfinanciamiento-y-crecimiento-de-la-demanda\\\/\"]}]},{\"@type\":\"ImageObject\",\"inLanguage\":\"es\",\"@id\":\"https:\\\/\\\/noticiasmercedinas.com\\\/site\\\/2018\\\/09\\\/13\\\/ninez-preocupa-desfinanciamiento-y-crecimiento-de-la-demanda\\\/#primaryimage\",\"url\":\"https:\\\/\\\/noticiasmercedinas.com\\\/site\\\/wp-content\\\/uploads\\\/2018\\\/09\\\/GrabrielaOlivella.jpg\",\"contentUrl\":\"https:\\\/\\\/noticiasmercedinas.com\\\/site\\\/wp-content\\\/uploads\\\/2018\\\/09\\\/GrabrielaOlivella.jpg\",\"width\":650,\"height\":380,\"caption\":\"Gabriela Olivella\"},{\"@type\":\"BreadcrumbList\",\"@id\":\"https:\\\/\\\/noticiasmercedinas.com\\\/site\\\/2018\\\/09\\\/13\\\/ninez-preocupa-desfinanciamiento-y-crecimiento-de-la-demanda\\\/#breadcrumb\",\"itemListElement\":[{\"@type\":\"ListItem\",\"position\":1,\"name\":\"Portada\",\"item\":\"https:\\\/\\\/noticiasmercedinas.com\\\/site\\\/\"},{\"@type\":\"ListItem\",\"position\":2,\"name\":\"Ni\u00f1ez: preocupa desfinanciamiento y crecimiento de la demanda\"}]},{\"@type\":\"WebSite\",\"@id\":\"https:\\\/\\\/noticiasmercedinas.com\\\/site\\\/#website\",\"url\":\"https:\\\/\\\/noticiasmercedinas.com\\\/site\\\/\",\"name\":\"NOTICIASMERCEDINAS.COM\",\"description\":\"Mercedes, Buenos Aires, Argentina\",\"publisher\":{\"@id\":\"https:\\\/\\\/noticiasmercedinas.com\\\/site\\\/#organization\"},\"potentialAction\":[{\"@type\":\"SearchAction\",\"target\":{\"@type\":\"EntryPoint\",\"urlTemplate\":\"https:\\\/\\\/noticiasmercedinas.com\\\/site\\\/?s={search_term_string}\"},\"query-input\":{\"@type\":\"PropertyValueSpecification\",\"valueRequired\":true,\"valueName\":\"search_term_string\"}}],\"inLanguage\":\"es\"},{\"@type\":\"Organization\",\"@id\":\"https:\\\/\\\/noticiasmercedinas.com\\\/site\\\/#organization\",\"name\":\"NOTICIASMERCEDINAS.COM\",\"url\":\"https:\\\/\\\/noticiasmercedinas.com\\\/site\\\/\",\"logo\":{\"@type\":\"ImageObject\",\"inLanguage\":\"es\",\"@id\":\"https:\\\/\\\/noticiasmercedinas.com\\\/site\\\/#\\\/schema\\\/logo\\\/image\\\/\",\"url\":\"https:\\\/\\\/noticiasmercedinas.com\\\/site\\\/wp-content\\\/uploads\\\/2020\\\/06\\\/LOGO-512.jpg\",\"contentUrl\":\"https:\\\/\\\/noticiasmercedinas.com\\\/site\\\/wp-content\\\/uploads\\\/2020\\\/06\\\/LOGO-512.jpg\",\"width\":512,\"height\":512,\"caption\":\"NOTICIASMERCEDINAS.COM\"},\"image\":{\"@id\":\"https:\\\/\\\/noticiasmercedinas.com\\\/site\\\/#\\\/schema\\\/logo\\\/image\\\/\"},\"sameAs\":[\"https:\\\/\\\/www.facebook.com\\\/noticiasmercedinas\\\/\",\"https:\\\/\\\/x.com\\\/notmercedinas\",\"https:\\\/\\\/www.instagram.com\\\/noticiasmercedinas\\\/\"]},{\"@type\":\"Person\",\"@id\":\"https:\\\/\\\/noticiasmercedinas.com\\\/site\\\/#\\\/schema\\\/person\\\/d481a9696a5feaec13a60e2bbd991a6a\",\"name\":\"Cristian Falabella NOTICIASMERCEDINAS.COM\",\"image\":{\"@type\":\"ImageObject\",\"inLanguage\":\"es\",\"@id\":\"https:\\\/\\\/secure.gravatar.com\\\/avatar\\\/0dbbfc45970cc46bcd0e57766228574ff3511d6eed045b182f536f0f478c1f06?s=96&d=mm&r=g\",\"url\":\"https:\\\/\\\/secure.gravatar.com\\\/avatar\\\/0dbbfc45970cc46bcd0e57766228574ff3511d6eed045b182f536f0f478c1f06?s=96&d=mm&r=g\",\"contentUrl\":\"https:\\\/\\\/secure.gravatar.com\\\/avatar\\\/0dbbfc45970cc46bcd0e57766228574ff3511d6eed045b182f536f0f478c1f06?s=96&d=mm&r=g\",\"caption\":\"Cristian Falabella NOTICIASMERCEDINAS.COM\"},\"description\":\"Periodista, editor de Noticias Mercedinas. Pas\u00f3 por varias redacciones y emprendimientos de prensa, en distintos formatos y \u00e9pocas. Se especializ\u00f3 --y sigue haci\u00e9ndolo-- en comunicaci\u00f3n en la web y en junio de 2006 fund\u00f3 este diario digital.\",\"sameAs\":[\"https:\\\/\\\/noticiasmercedinas.com\",\"https:\\\/\\\/www.facebook.com\\\/cristian.falabella\",\"https:\\\/\\\/www.instagram.com\\\/noticiasmercedinas\\\/\",\"https:\\\/\\\/x.com\\\/https:\\\/\\\/twitter.com\\\/NOTMERCEDINAS\"],\"url\":\"https:\\\/\\\/noticiasmercedinas.com\\\/site\\\/author\\\/as000384\\\/\"}]}<\/script>\n<!-- \/ Yoast SEO plugin. -->","yoast_head_json":{"title":"Ni\u00f1ez: preocupa desfinanciamiento y crecimiento de la demanda","robots":{"index":"index","follow":"follow","max-snippet":"max-snippet:-1","max-image-preview":"max-image-preview:large","max-video-preview":"max-video-preview:-1"},"canonical":"https:\/\/noticiasmercedinas.com\/site\/2018\/09\/13\/ninez-preocupa-desfinanciamiento-y-crecimiento-de-la-demanda\/","og_locale":"es_ES","og_type":"article","og_title":"Ni\u00f1ez: preocupa desfinanciamiento y crecimiento de la demanda","og_description":"La situaci\u00f3n en ni\u00f1ez es cada d\u00eda m\u00e1s complicada. Las pol\u00edticas nacionales y provinciales de ajuste impactan en distintos programas. En Mercedes, por ejemplo, \u201cVuelta a Casa\u201d contin\u00faa gracias a la inversi\u00f3n municipal. Unicef ha emitido un alerta en todo el pa\u00eds. La licemciada Gabriela Olivella, desde la Direcci\u00f3n de Ni\u00f1ez, se mostr\u00f3 muy preocupada [&hellip;]","og_url":"https:\/\/noticiasmercedinas.com\/site\/2018\/09\/13\/ninez-preocupa-desfinanciamiento-y-crecimiento-de-la-demanda\/","og_site_name":"NOTICIASMERCEDINAS.COM","article_publisher":"https:\/\/www.facebook.com\/noticiasmercedinas\/","article_author":"https:\/\/www.facebook.com\/cristian.falabella","article_published_time":"2018-09-13T11:40:31+00:00","og_image":[{"width":650,"height":380,"url":"https:\/\/noticiasmercedinas.com\/site\/wp-content\/uploads\/2018\/09\/GrabrielaOlivella.jpg","type":"image\/jpeg"}],"author":"Cristian Falabella NOTICIASMERCEDINAS.COM","twitter_card":"summary_large_image","twitter_creator":"@https:\/\/twitter.com\/NOTMERCEDINAS","twitter_site":"@notmercedinas","twitter_misc":{"Escrito por":"Cristian Falabella NOTICIASMERCEDINAS.COM","Tiempo de lectura":"4 minutos"},"schema":{"@context":"https:\/\/schema.org","@graph":[{"@type":"Article","@id":"https:\/\/noticiasmercedinas.com\/site\/2018\/09\/13\/ninez-preocupa-desfinanciamiento-y-crecimiento-de-la-demanda\/#article","isPartOf":{"@id":"https:\/\/noticiasmercedinas.com\/site\/2018\/09\/13\/ninez-preocupa-desfinanciamiento-y-crecimiento-de-la-demanda\/"},"author":{"name":"Cristian Falabella NOTICIASMERCEDINAS.COM","@id":"https:\/\/noticiasmercedinas.com\/site\/#\/schema\/person\/d481a9696a5feaec13a60e2bbd991a6a"},"headline":"Ni\u00f1ez: preocupa desfinanciamiento y crecimiento de la demanda","datePublished":"2018-09-13T11:40:31+00:00","mainEntityOfPage":{"@id":"https:\/\/noticiasmercedinas.com\/site\/2018\/09\/13\/ninez-preocupa-desfinanciamiento-y-crecimiento-de-la-demanda\/"},"wordCount":791,"commentCount":0,"publisher":{"@id":"https:\/\/noticiasmercedinas.com\/site\/#organization"},"image":{"@id":"https:\/\/noticiasmercedinas.com\/site\/2018\/09\/13\/ninez-preocupa-desfinanciamiento-y-crecimiento-de-la-demanda\/#primaryimage"},"thumbnailUrl":"https:\/\/noticiasmercedinas.com\/site\/wp-content\/uploads\/2018\/09\/GrabrielaOlivella.jpg","keywords":["gabriela olivella","jorgelina silva","ni\u00f1ez","salud","unicef"],"articleSection":["Sociedad"],"inLanguage":"es","potentialAction":[{"@type":"CommentAction","name":"Comment","target":["https:\/\/noticiasmercedinas.com\/site\/2018\/09\/13\/ninez-preocupa-desfinanciamiento-y-crecimiento-de-la-demanda\/#respond"]}]},{"@type":"WebPage","@id":"https:\/\/noticiasmercedinas.com\/site\/2018\/09\/13\/ninez-preocupa-desfinanciamiento-y-crecimiento-de-la-demanda\/","url":"https:\/\/noticiasmercedinas.com\/site\/2018\/09\/13\/ninez-preocupa-desfinanciamiento-y-crecimiento-de-la-demanda\/","name":"Ni\u00f1ez: preocupa desfinanciamiento y crecimiento de la demanda","isPartOf":{"@id":"https:\/\/noticiasmercedinas.com\/site\/#website"},"primaryImageOfPage":{"@id":"https:\/\/noticiasmercedinas.com\/site\/2018\/09\/13\/ninez-preocupa-desfinanciamiento-y-crecimiento-de-la-demanda\/#primaryimage"},"image":{"@id":"https:\/\/noticiasmercedinas.com\/site\/2018\/09\/13\/ninez-preocupa-desfinanciamiento-y-crecimiento-de-la-demanda\/#primaryimage"},"thumbnailUrl":"https:\/\/noticiasmercedinas.com\/site\/wp-content\/uploads\/2018\/09\/GrabrielaOlivella.jpg","datePublished":"2018-09-13T11:40:31+00:00","breadcrumb":{"@id":"https:\/\/noticiasmercedinas.com\/site\/2018\/09\/13\/ninez-preocupa-desfinanciamiento-y-crecimiento-de-la-demanda\/#breadcrumb"},"inLanguage":"es","potentialAction":[{"@type":"ReadAction","target":["https:\/\/noticiasmercedinas.com\/site\/2018\/09\/13\/ninez-preocupa-desfinanciamiento-y-crecimiento-de-la-demanda\/"]}]},{"@type":"ImageObject","inLanguage":"es","@id":"https:\/\/noticiasmercedinas.com\/site\/2018\/09\/13\/ninez-preocupa-desfinanciamiento-y-crecimiento-de-la-demanda\/#primaryimage","url":"https:\/\/noticiasmercedinas.com\/site\/wp-content\/uploads\/2018\/09\/GrabrielaOlivella.jpg","contentUrl":"https:\/\/noticiasmercedinas.com\/site\/wp-content\/uploads\/2018\/09\/GrabrielaOlivella.jpg","width":650,"height":380,"caption":"Gabriela Olivella"},{"@type":"BreadcrumbList","@id":"https:\/\/noticiasmercedinas.com\/site\/2018\/09\/13\/ninez-preocupa-desfinanciamiento-y-crecimiento-de-la-demanda\/#breadcrumb","itemListElement":[{"@type":"ListItem","position":1,"name":"Portada","item":"https:\/\/noticiasmercedinas.com\/site\/"},{"@type":"ListItem","position":2,"name":"Ni\u00f1ez: preocupa desfinanciamiento y crecimiento de la demanda"}]},{"@type":"WebSite","@id":"https:\/\/noticiasmercedinas.com\/site\/#website","url":"https:\/\/noticiasmercedinas.com\/site\/","name":"NOTICIASMERCEDINAS.COM","description":"Mercedes, Buenos Aires, Argentina","publisher":{"@id":"https:\/\/noticiasmercedinas.com\/site\/#organization"},"potentialAction":[{"@type":"SearchAction","target":{"@type":"EntryPoint","urlTemplate":"https:\/\/noticiasmercedinas.com\/site\/?s={search_term_string}"},"query-input":{"@type":"PropertyValueSpecification","valueRequired":true,"valueName":"search_term_string"}}],"inLanguage":"es"},{"@type":"Organization","@id":"https:\/\/noticiasmercedinas.com\/site\/#organization","name":"NOTICIASMERCEDINAS.COM","url":"https:\/\/noticiasmercedinas.com\/site\/","logo":{"@type":"ImageObject","inLanguage":"es","@id":"https:\/\/noticiasmercedinas.com\/site\/#\/schema\/logo\/image\/","url":"https:\/\/noticiasmercedinas.com\/site\/wp-content\/uploads\/2020\/06\/LOGO-512.jpg","contentUrl":"https:\/\/noticiasmercedinas.com\/site\/wp-content\/uploads\/2020\/06\/LOGO-512.jpg","width":512,"height":512,"caption":"NOTICIASMERCEDINAS.COM"},"image":{"@id":"https:\/\/noticiasmercedinas.com\/site\/#\/schema\/logo\/image\/"},"sameAs":["https:\/\/www.facebook.com\/noticiasmercedinas\/","https:\/\/x.com\/notmercedinas","https:\/\/www.instagram.com\/noticiasmercedinas\/"]},{"@type":"Person","@id":"https:\/\/noticiasmercedinas.com\/site\/#\/schema\/person\/d481a9696a5feaec13a60e2bbd991a6a","name":"Cristian Falabella NOTICIASMERCEDINAS.COM","image":{"@type":"ImageObject","inLanguage":"es","@id":"https:\/\/secure.gravatar.com\/avatar\/0dbbfc45970cc46bcd0e57766228574ff3511d6eed045b182f536f0f478c1f06?s=96&d=mm&r=g","url":"https:\/\/secure.gravatar.com\/avatar\/0dbbfc45970cc46bcd0e57766228574ff3511d6eed045b182f536f0f478c1f06?s=96&d=mm&r=g","contentUrl":"https:\/\/secure.gravatar.com\/avatar\/0dbbfc45970cc46bcd0e57766228574ff3511d6eed045b182f536f0f478c1f06?s=96&d=mm&r=g","caption":"Cristian Falabella NOTICIASMERCEDINAS.COM"},"description":"Periodista, editor de Noticias Mercedinas. Pas\u00f3 por varias redacciones y emprendimientos de prensa, en distintos formatos y \u00e9pocas. Se especializ\u00f3 --y sigue haci\u00e9ndolo-- en comunicaci\u00f3n en la web y en junio de 2006 fund\u00f3 este diario digital.","sameAs":["https:\/\/noticiasmercedinas.com","https:\/\/www.facebook.com\/cristian.falabella","https:\/\/www.instagram.com\/noticiasmercedinas\/","https:\/\/x.com\/https:\/\/twitter.com\/NOTMERCEDINAS"],"url":"https:\/\/noticiasmercedinas.com\/site\/author\/as000384\/"}]}},"amp_enabled":true,"_links":{"self":[{"href":"https:\/\/noticiasmercedinas.com\/site\/wp-json\/wp\/v2\/posts\/1728","targetHints":{"allow":["GET"]}}],"collection":[{"href":"https:\/\/noticiasmercedinas.com\/site\/wp-json\/wp\/v2\/posts"}],"about":[{"href":"https:\/\/noticiasmercedinas.com\/site\/wp-json\/wp\/v2\/types\/post"}],"author":[{"embeddable":true,"href":"https:\/\/noticiasmercedinas.com\/site\/wp-json\/wp\/v2\/users\/2"}],"replies":[{"embeddable":true,"href":"https:\/\/noticiasmercedinas.com\/site\/wp-json\/wp\/v2\/comments?post=1728"}],"version-history":[{"count":1,"href":"https:\/\/noticiasmercedinas.com\/site\/wp-json\/wp\/v2\/posts\/1728\/revisions"}],"predecessor-version":[{"id":1730,"href":"https:\/\/noticiasmercedinas.com\/site\/wp-json\/wp\/v2\/posts\/1728\/revisions\/1730"}],"wp:featuredmedia":[{"embeddable":true,"href":"https:\/\/noticiasmercedinas.com\/site\/wp-json\/wp\/v2\/media\/1729"}],"wp:attachment":[{"href":"https:\/\/noticiasmercedinas.com\/site\/wp-json\/wp\/v2\/media?parent=1728"}],"wp:term":[{"taxonomy":"category","embeddable":true,"href":"https:\/\/noticiasmercedinas.com\/site\/wp-json\/wp\/v2\/categories?post=1728"},{"taxonomy":"post_tag","embeddable":true,"href":"https:\/\/noticiasmercedinas.com\/site\/wp-json\/wp\/v2\/tags?post=1728"}],"curies":[{"name":"wp","href":"https:\/\/api.w.org\/{rel}","templated":true}]}}