{"id":172934,"date":"2025-10-27T19:13:03","date_gmt":"2025-10-27T22:13:03","guid":{"rendered":"https:\/\/noticiasmercedinas.com\/site\/?p=172934"},"modified":"2025-10-27T19:13:03","modified_gmt":"2025-10-27T22:13:03","slug":"en-deportivo-merlo-cayo-all-haz-ante-colon","status":"publish","type":"post","link":"https:\/\/noticiasmercedinas.com\/site\/2025\/10\/27\/en-deportivo-merlo-cayo-all-haz-ante-colon\/","title":{"rendered":"En Deportivo Merlo cay\u00f3 All Haz ante Col\u00f3n"},"content":{"rendered":"<figure id=\"attachment_172935\" aria-describedby=\"caption-attachment-172935\" style=\"width: 640px\" class=\"wp-caption alignnone\"><img loading=\"lazy\" decoding=\"async\" class=\"wp-image-172935 size-full\" src=\"https:\/\/noticiasmercedinas.com\/site\/wp-content\/uploads\/2025\/10\/48a02ae6-3897-4187-b1de-950ab8db5626.jpg\" alt=\"\" width=\"640\" height=\"372\" srcset=\"https:\/\/noticiasmercedinas.com\/site\/wp-content\/uploads\/2025\/10\/48a02ae6-3897-4187-b1de-950ab8db5626.jpg 640w, https:\/\/noticiasmercedinas.com\/site\/wp-content\/uploads\/2025\/10\/48a02ae6-3897-4187-b1de-950ab8db5626-300x174.jpg 300w\" sizes=\"auto, (max-width: 640px) 100vw, 640px\" \/><figcaption id=\"caption-attachment-172935\" class=\"wp-caption-text\">Equipos a la cancha en Deportivo Merlo.<\/figcaption><\/figure>\n<p>Cerrando la segunda fecha del TRFA jugaron este lunes por la tarde en cancha de Deportivo Merlo los equipos de All Haz y Col\u00f3n (Chivilcoy), viniendo ambos de no conocer la victoria en el certamen del Consejo Federal versi\u00f3n 2025. Dejando un primer tiempo sin goles en medio de un terreno de juego impecable, generando muy poco ambos hasta que sobre el final estuvo cerca de festejar la visita, lo impidi\u00f3 Mor\u00e1n.<\/p>\n<p>S\u00f3lo hab\u00eda transcurrido 34\u2019 segundos del complemento, que Col\u00f3n se mostr\u00f3 ofensivo y sin poder detener esa presi\u00f3n el local pas\u00f3 a ganar la visita con definici\u00f3n de alto y espigado Alvarez Rodr\u00edguez. La reacci\u00f3n de los de Baglione no se demorar\u00eda, en 11\u2019 en una interesante jugada de equipo resolvi\u00f3 Mercado para el 1 a 1 y con ello la historia pasaba a ser otra. Motiv\u00e1ndose All Haz que con los cambios creci\u00f3 en propuesta futbol\u00edstica.<\/p>\n<p><img loading=\"lazy\" decoding=\"async\" class=\"alignnone size-full wp-image-172936\" src=\"https:\/\/noticiasmercedinas.com\/site\/wp-content\/uploads\/2025\/10\/1a41bfa2-985b-4cf9-b1ca-2165f39e6923.jpg\" alt=\"\" width=\"640\" height=\"402\" srcset=\"https:\/\/noticiasmercedinas.com\/site\/wp-content\/uploads\/2025\/10\/1a41bfa2-985b-4cf9-b1ca-2165f39e6923.jpg 640w, https:\/\/noticiasmercedinas.com\/site\/wp-content\/uploads\/2025\/10\/1a41bfa2-985b-4cf9-b1ca-2165f39e6923-300x188.jpg 300w\" sizes=\"auto, (max-width: 640px) 100vw, 640px\" \/><\/p>\n<p>Aunque el peso en el \u00e1rea de enfrente dio mayor resultado, en 20\u2019 R\u00edos de cabeza puso las cosas 1-2 para ampliar en el cierre de contra el ingresado Caffaro. Lo gan\u00f3 Col\u00f3n y alcanz\u00f3 a Front\u00f3n en la cima del certamen, para All Haz segundo traspi\u00e9 en medio de un marcador exagerado, s\u00f3lo un gol hubiese sido la diferencia. Para lo que viene los de Baglione tendr\u00e1n que ajustar la falta de gol y con ello poder quebrar la racha.<\/p>\n<p><strong>All Haz 1:<\/strong> Gonzalo Mercado.<br \/>\n<strong>Col\u00f3n 3:<\/strong> N\u00e9stor Alvarez Rodr\u00edguez, Leandro R\u00edos y Marcos Caffaro.<br \/>\n<strong>Arbitro:<\/strong> Ignacio Pastor (Liga de Luj\u00e1n).<\/p>\n<p><strong>Pr\u00f3xima fecha<\/strong> &#8211; tercera<br \/>\nACFA vs. All Haz.<br \/>\nEl Front\u00f3n vs. Col\u00f3n.<\/p>\n<p><img loading=\"lazy\" decoding=\"async\" class=\"alignnone size-full wp-image-172937\" src=\"https:\/\/noticiasmercedinas.com\/site\/wp-content\/uploads\/2025\/10\/TRFA-2.jpg\" alt=\"\" width=\"640\" height=\"186\" srcset=\"https:\/\/noticiasmercedinas.com\/site\/wp-content\/uploads\/2025\/10\/TRFA-2.jpg 640w, https:\/\/noticiasmercedinas.com\/site\/wp-content\/uploads\/2025\/10\/TRFA-2-300x87.jpg 300w\" sizes=\"auto, (max-width: 640px) 100vw, 640px\" \/><\/p>\n","protected":false},"excerpt":{"rendered":"<p>\u25a0 Fue 1-3 ante Col\u00f3n en la tarde de este lunes. Tras un 0 a 0 en el primer acto antes del minuto los chivilcoyanos se pusieron la frente. Luego llegar\u00eda el empate para llevarse la victoria la visita.<\/p>\n","protected":false},"author":6,"featured_media":172935,"comment_status":"closed","ping_status":"closed","sticky":false,"template":"","format":"standard","meta":{"footnotes":""},"categories":[5],"tags":[17772,11815,3405,18959],"class_list":["post-172934","post","type-post","status-publish","format-standard","has-post-thumbnail","hentry","category-deportes","tag-all-haz","tag-colon-de-chivilcoy","tag-torneo-regional-federal-amateur","tag-trfa"],"yoast_head":"<!-- This site is optimized with the Yoast SEO plugin v27.5 - https:\/\/yoast.com\/product\/yoast-seo-wordpress\/ -->\n<title>En Deportivo Merlo cay\u00f3 All Haz ante Col\u00f3n<\/title>\n<meta name=\"robots\" content=\"index, follow, max-snippet:-1, max-image-preview:large, max-video-preview:-1\" \/>\n<link rel=\"canonical\" href=\"https:\/\/noticiasmercedinas.com\/site\/2025\/10\/27\/en-deportivo-merlo-cayo-all-haz-ante-colon\/\" \/>\n<meta property=\"og:locale\" content=\"es_ES\" \/>\n<meta property=\"og:type\" content=\"article\" \/>\n<meta property=\"og:title\" content=\"En Deportivo Merlo cay\u00f3 All Haz ante Col\u00f3n\" \/>\n<meta property=\"og:description\" content=\"\u25a0 Fue 1-3 ante Col\u00f3n en la tarde de este lunes. Tras un 0 a 0 en el primer acto antes del minuto los chivilcoyanos se pusieron la frente. Luego llegar\u00eda el empate para llevarse la victoria la visita.\" \/>\n<meta property=\"og:url\" content=\"https:\/\/noticiasmercedinas.com\/site\/2025\/10\/27\/en-deportivo-merlo-cayo-all-haz-ante-colon\/\" \/>\n<meta property=\"og:site_name\" content=\"NOTICIASMERCEDINAS.COM\" \/>\n<meta property=\"article:publisher\" content=\"https:\/\/www.facebook.com\/noticiasmercedinas\/\" \/>\n<meta property=\"article:published_time\" content=\"2025-10-27T22:13:03+00:00\" \/>\n<meta property=\"og:image\" content=\"https:\/\/noticiasmercedinas.com\/site\/wp-content\/uploads\/2025\/10\/48a02ae6-3897-4187-b1de-950ab8db5626.jpg\" \/>\n\t<meta property=\"og:image:width\" content=\"640\" \/>\n\t<meta property=\"og:image:height\" content=\"372\" \/>\n\t<meta property=\"og:image:type\" content=\"image\/jpeg\" \/>\n<meta name=\"author\" content=\"Juan Dagnino NOTICIASMERCEDINAS.COM\" \/>\n<meta name=\"twitter:card\" content=\"summary_large_image\" \/>\n<meta name=\"twitter:creator\" content=\"@notmercedinas\" \/>\n<meta name=\"twitter:site\" content=\"@notmercedinas\" \/>\n<meta name=\"twitter:label1\" content=\"Escrito por\" \/>\n\t<meta name=\"twitter:data1\" content=\"Juan Dagnino NOTICIASMERCEDINAS.COM\" \/>\n\t<meta name=\"twitter:label2\" content=\"Tiempo de lectura\" \/>\n\t<meta name=\"twitter:data2\" content=\"3 minutos\" \/>\n<script type=\"application\/ld+json\" class=\"yoast-schema-graph\">{\"@context\":\"https:\\\/\\\/schema.org\",\"@graph\":[{\"@type\":\"Article\",\"@id\":\"https:\\\/\\\/noticiasmercedinas.com\\\/site\\\/2025\\\/10\\\/27\\\/en-deportivo-merlo-cayo-all-haz-ante-colon\\\/#article\",\"isPartOf\":{\"@id\":\"https:\\\/\\\/noticiasmercedinas.com\\\/site\\\/2025\\\/10\\\/27\\\/en-deportivo-merlo-cayo-all-haz-ante-colon\\\/\"},\"author\":{\"name\":\"Juan Dagnino NOTICIASMERCEDINAS.COM\",\"@id\":\"https:\\\/\\\/noticiasmercedinas.com\\\/site\\\/#\\\/schema\\\/person\\\/8f2f09d666ef40986eba4a5e6f2a06f9\"},\"headline\":\"En Deportivo Merlo cay\u00f3 All Haz ante Col\u00f3n\",\"datePublished\":\"2025-10-27T22:13:03+00:00\",\"mainEntityOfPage\":{\"@id\":\"https:\\\/\\\/noticiasmercedinas.com\\\/site\\\/2025\\\/10\\\/27\\\/en-deportivo-merlo-cayo-all-haz-ante-colon\\\/\"},\"wordCount\":304,\"publisher\":{\"@id\":\"https:\\\/\\\/noticiasmercedinas.com\\\/site\\\/#organization\"},\"image\":{\"@id\":\"https:\\\/\\\/noticiasmercedinas.com\\\/site\\\/2025\\\/10\\\/27\\\/en-deportivo-merlo-cayo-all-haz-ante-colon\\\/#primaryimage\"},\"thumbnailUrl\":\"https:\\\/\\\/noticiasmercedinas.com\\\/site\\\/wp-content\\\/uploads\\\/2025\\\/10\\\/48a02ae6-3897-4187-b1de-950ab8db5626.jpg\",\"keywords\":[\"All haz\",\"colon de chivilcoy\",\"Torneo Regional Federal Amateur\",\"TRFA\"],\"articleSection\":[\"Deportes\"],\"inLanguage\":\"es\"},{\"@type\":\"WebPage\",\"@id\":\"https:\\\/\\\/noticiasmercedinas.com\\\/site\\\/2025\\\/10\\\/27\\\/en-deportivo-merlo-cayo-all-haz-ante-colon\\\/\",\"url\":\"https:\\\/\\\/noticiasmercedinas.com\\\/site\\\/2025\\\/10\\\/27\\\/en-deportivo-merlo-cayo-all-haz-ante-colon\\\/\",\"name\":\"En Deportivo Merlo cay\u00f3 All Haz ante Col\u00f3n\",\"isPartOf\":{\"@id\":\"https:\\\/\\\/noticiasmercedinas.com\\\/site\\\/#website\"},\"primaryImageOfPage\":{\"@id\":\"https:\\\/\\\/noticiasmercedinas.com\\\/site\\\/2025\\\/10\\\/27\\\/en-deportivo-merlo-cayo-all-haz-ante-colon\\\/#primaryimage\"},\"image\":{\"@id\":\"https:\\\/\\\/noticiasmercedinas.com\\\/site\\\/2025\\\/10\\\/27\\\/en-deportivo-merlo-cayo-all-haz-ante-colon\\\/#primaryimage\"},\"thumbnailUrl\":\"https:\\\/\\\/noticiasmercedinas.com\\\/site\\\/wp-content\\\/uploads\\\/2025\\\/10\\\/48a02ae6-3897-4187-b1de-950ab8db5626.jpg\",\"datePublished\":\"2025-10-27T22:13:03+00:00\",\"breadcrumb\":{\"@id\":\"https:\\\/\\\/noticiasmercedinas.com\\\/site\\\/2025\\\/10\\\/27\\\/en-deportivo-merlo-cayo-all-haz-ante-colon\\\/#breadcrumb\"},\"inLanguage\":\"es\",\"potentialAction\":[{\"@type\":\"ReadAction\",\"target\":[\"https:\\\/\\\/noticiasmercedinas.com\\\/site\\\/2025\\\/10\\\/27\\\/en-deportivo-merlo-cayo-all-haz-ante-colon\\\/\"]}]},{\"@type\":\"ImageObject\",\"inLanguage\":\"es\",\"@id\":\"https:\\\/\\\/noticiasmercedinas.com\\\/site\\\/2025\\\/10\\\/27\\\/en-deportivo-merlo-cayo-all-haz-ante-colon\\\/#primaryimage\",\"url\":\"https:\\\/\\\/noticiasmercedinas.com\\\/site\\\/wp-content\\\/uploads\\\/2025\\\/10\\\/48a02ae6-3897-4187-b1de-950ab8db5626.jpg\",\"contentUrl\":\"https:\\\/\\\/noticiasmercedinas.com\\\/site\\\/wp-content\\\/uploads\\\/2025\\\/10\\\/48a02ae6-3897-4187-b1de-950ab8db5626.jpg\",\"width\":640,\"height\":372},{\"@type\":\"BreadcrumbList\",\"@id\":\"https:\\\/\\\/noticiasmercedinas.com\\\/site\\\/2025\\\/10\\\/27\\\/en-deportivo-merlo-cayo-all-haz-ante-colon\\\/#breadcrumb\",\"itemListElement\":[{\"@type\":\"ListItem\",\"position\":1,\"name\":\"Portada\",\"item\":\"https:\\\/\\\/noticiasmercedinas.com\\\/site\\\/\"},{\"@type\":\"ListItem\",\"position\":2,\"name\":\"En Deportivo Merlo cay\u00f3 All Haz ante Col\u00f3n\"}]},{\"@type\":\"WebSite\",\"@id\":\"https:\\\/\\\/noticiasmercedinas.com\\\/site\\\/#website\",\"url\":\"https:\\\/\\\/noticiasmercedinas.com\\\/site\\\/\",\"name\":\"NOTICIASMERCEDINAS.COM\",\"description\":\"Mercedes, Buenos Aires, Argentina\",\"publisher\":{\"@id\":\"https:\\\/\\\/noticiasmercedinas.com\\\/site\\\/#organization\"},\"potentialAction\":[{\"@type\":\"SearchAction\",\"target\":{\"@type\":\"EntryPoint\",\"urlTemplate\":\"https:\\\/\\\/noticiasmercedinas.com\\\/site\\\/?s={search_term_string}\"},\"query-input\":{\"@type\":\"PropertyValueSpecification\",\"valueRequired\":true,\"valueName\":\"search_term_string\"}}],\"inLanguage\":\"es\"},{\"@type\":\"Organization\",\"@id\":\"https:\\\/\\\/noticiasmercedinas.com\\\/site\\\/#organization\",\"name\":\"NOTICIASMERCEDINAS.COM\",\"url\":\"https:\\\/\\\/noticiasmercedinas.com\\\/site\\\/\",\"logo\":{\"@type\":\"ImageObject\",\"inLanguage\":\"es\",\"@id\":\"https:\\\/\\\/noticiasmercedinas.com\\\/site\\\/#\\\/schema\\\/logo\\\/image\\\/\",\"url\":\"https:\\\/\\\/noticiasmercedinas.com\\\/site\\\/wp-content\\\/uploads\\\/2020\\\/06\\\/LOGO-512.jpg\",\"contentUrl\":\"https:\\\/\\\/noticiasmercedinas.com\\\/site\\\/wp-content\\\/uploads\\\/2020\\\/06\\\/LOGO-512.jpg\",\"width\":512,\"height\":512,\"caption\":\"NOTICIASMERCEDINAS.COM\"},\"image\":{\"@id\":\"https:\\\/\\\/noticiasmercedinas.com\\\/site\\\/#\\\/schema\\\/logo\\\/image\\\/\"},\"sameAs\":[\"https:\\\/\\\/www.facebook.com\\\/noticiasmercedinas\\\/\",\"https:\\\/\\\/x.com\\\/notmercedinas\",\"https:\\\/\\\/www.instagram.com\\\/noticiasmercedinas\\\/\"]},{\"@type\":\"Person\",\"@id\":\"https:\\\/\\\/noticiasmercedinas.com\\\/site\\\/#\\\/schema\\\/person\\\/8f2f09d666ef40986eba4a5e6f2a06f9\",\"name\":\"Juan Dagnino NOTICIASMERCEDINAS.COM\",\"image\":{\"@type\":\"ImageObject\",\"inLanguage\":\"es\",\"@id\":\"https:\\\/\\\/secure.gravatar.com\\\/avatar\\\/fc7059a769f5a3cae65fadb228a3e4accf3a64b4b2305020d0a27e6d5333c91b?s=96&d=mm&r=g\",\"url\":\"https:\\\/\\\/secure.gravatar.com\\\/avatar\\\/fc7059a769f5a3cae65fadb228a3e4accf3a64b4b2305020d0a27e6d5333c91b?s=96&d=mm&r=g\",\"contentUrl\":\"https:\\\/\\\/secure.gravatar.com\\\/avatar\\\/fc7059a769f5a3cae65fadb228a3e4accf3a64b4b2305020d0a27e6d5333c91b?s=96&d=mm&r=g\",\"caption\":\"Juan Dagnino NOTICIASMERCEDINAS.COM\"},\"url\":\"https:\\\/\\\/noticiasmercedinas.com\\\/site\\\/author\\\/juandagnino\\\/\"}]}<\/script>\n<!-- \/ Yoast SEO plugin. -->","yoast_head_json":{"title":"En Deportivo Merlo cay\u00f3 All Haz ante Col\u00f3n","robots":{"index":"index","follow":"follow","max-snippet":"max-snippet:-1","max-image-preview":"max-image-preview:large","max-video-preview":"max-video-preview:-1"},"canonical":"https:\/\/noticiasmercedinas.com\/site\/2025\/10\/27\/en-deportivo-merlo-cayo-all-haz-ante-colon\/","og_locale":"es_ES","og_type":"article","og_title":"En Deportivo Merlo cay\u00f3 All Haz ante Col\u00f3n","og_description":"\u25a0 Fue 1-3 ante Col\u00f3n en la tarde de este lunes. Tras un 0 a 0 en el primer acto antes del minuto los chivilcoyanos se pusieron la frente. Luego llegar\u00eda el empate para llevarse la victoria la visita.","og_url":"https:\/\/noticiasmercedinas.com\/site\/2025\/10\/27\/en-deportivo-merlo-cayo-all-haz-ante-colon\/","og_site_name":"NOTICIASMERCEDINAS.COM","article_publisher":"https:\/\/www.facebook.com\/noticiasmercedinas\/","article_published_time":"2025-10-27T22:13:03+00:00","og_image":[{"width":640,"height":372,"url":"https:\/\/noticiasmercedinas.com\/site\/wp-content\/uploads\/2025\/10\/48a02ae6-3897-4187-b1de-950ab8db5626.jpg","type":"image\/jpeg"}],"author":"Juan Dagnino NOTICIASMERCEDINAS.COM","twitter_card":"summary_large_image","twitter_creator":"@notmercedinas","twitter_site":"@notmercedinas","twitter_misc":{"Escrito por":"Juan Dagnino NOTICIASMERCEDINAS.COM","Tiempo de lectura":"3 minutos"},"schema":{"@context":"https:\/\/schema.org","@graph":[{"@type":"Article","@id":"https:\/\/noticiasmercedinas.com\/site\/2025\/10\/27\/en-deportivo-merlo-cayo-all-haz-ante-colon\/#article","isPartOf":{"@id":"https:\/\/noticiasmercedinas.com\/site\/2025\/10\/27\/en-deportivo-merlo-cayo-all-haz-ante-colon\/"},"author":{"name":"Juan Dagnino NOTICIASMERCEDINAS.COM","@id":"https:\/\/noticiasmercedinas.com\/site\/#\/schema\/person\/8f2f09d666ef40986eba4a5e6f2a06f9"},"headline":"En Deportivo Merlo cay\u00f3 All Haz ante Col\u00f3n","datePublished":"2025-10-27T22:13:03+00:00","mainEntityOfPage":{"@id":"https:\/\/noticiasmercedinas.com\/site\/2025\/10\/27\/en-deportivo-merlo-cayo-all-haz-ante-colon\/"},"wordCount":304,"publisher":{"@id":"https:\/\/noticiasmercedinas.com\/site\/#organization"},"image":{"@id":"https:\/\/noticiasmercedinas.com\/site\/2025\/10\/27\/en-deportivo-merlo-cayo-all-haz-ante-colon\/#primaryimage"},"thumbnailUrl":"https:\/\/noticiasmercedinas.com\/site\/wp-content\/uploads\/2025\/10\/48a02ae6-3897-4187-b1de-950ab8db5626.jpg","keywords":["All haz","colon de chivilcoy","Torneo Regional Federal Amateur","TRFA"],"articleSection":["Deportes"],"inLanguage":"es"},{"@type":"WebPage","@id":"https:\/\/noticiasmercedinas.com\/site\/2025\/10\/27\/en-deportivo-merlo-cayo-all-haz-ante-colon\/","url":"https:\/\/noticiasmercedinas.com\/site\/2025\/10\/27\/en-deportivo-merlo-cayo-all-haz-ante-colon\/","name":"En Deportivo Merlo cay\u00f3 All Haz ante Col\u00f3n","isPartOf":{"@id":"https:\/\/noticiasmercedinas.com\/site\/#website"},"primaryImageOfPage":{"@id":"https:\/\/noticiasmercedinas.com\/site\/2025\/10\/27\/en-deportivo-merlo-cayo-all-haz-ante-colon\/#primaryimage"},"image":{"@id":"https:\/\/noticiasmercedinas.com\/site\/2025\/10\/27\/en-deportivo-merlo-cayo-all-haz-ante-colon\/#primaryimage"},"thumbnailUrl":"https:\/\/noticiasmercedinas.com\/site\/wp-content\/uploads\/2025\/10\/48a02ae6-3897-4187-b1de-950ab8db5626.jpg","datePublished":"2025-10-27T22:13:03+00:00","breadcrumb":{"@id":"https:\/\/noticiasmercedinas.com\/site\/2025\/10\/27\/en-deportivo-merlo-cayo-all-haz-ante-colon\/#breadcrumb"},"inLanguage":"es","potentialAction":[{"@type":"ReadAction","target":["https:\/\/noticiasmercedinas.com\/site\/2025\/10\/27\/en-deportivo-merlo-cayo-all-haz-ante-colon\/"]}]},{"@type":"ImageObject","inLanguage":"es","@id":"https:\/\/noticiasmercedinas.com\/site\/2025\/10\/27\/en-deportivo-merlo-cayo-all-haz-ante-colon\/#primaryimage","url":"https:\/\/noticiasmercedinas.com\/site\/wp-content\/uploads\/2025\/10\/48a02ae6-3897-4187-b1de-950ab8db5626.jpg","contentUrl":"https:\/\/noticiasmercedinas.com\/site\/wp-content\/uploads\/2025\/10\/48a02ae6-3897-4187-b1de-950ab8db5626.jpg","width":640,"height":372},{"@type":"BreadcrumbList","@id":"https:\/\/noticiasmercedinas.com\/site\/2025\/10\/27\/en-deportivo-merlo-cayo-all-haz-ante-colon\/#breadcrumb","itemListElement":[{"@type":"ListItem","position":1,"name":"Portada","item":"https:\/\/noticiasmercedinas.com\/site\/"},{"@type":"ListItem","position":2,"name":"En Deportivo Merlo cay\u00f3 All Haz ante Col\u00f3n"}]},{"@type":"WebSite","@id":"https:\/\/noticiasmercedinas.com\/site\/#website","url":"https:\/\/noticiasmercedinas.com\/site\/","name":"NOTICIASMERCEDINAS.COM","description":"Mercedes, Buenos Aires, Argentina","publisher":{"@id":"https:\/\/noticiasmercedinas.com\/site\/#organization"},"potentialAction":[{"@type":"SearchAction","target":{"@type":"EntryPoint","urlTemplate":"https:\/\/noticiasmercedinas.com\/site\/?s={search_term_string}"},"query-input":{"@type":"PropertyValueSpecification","valueRequired":true,"valueName":"search_term_string"}}],"inLanguage":"es"},{"@type":"Organization","@id":"https:\/\/noticiasmercedinas.com\/site\/#organization","name":"NOTICIASMERCEDINAS.COM","url":"https:\/\/noticiasmercedinas.com\/site\/","logo":{"@type":"ImageObject","inLanguage":"es","@id":"https:\/\/noticiasmercedinas.com\/site\/#\/schema\/logo\/image\/","url":"https:\/\/noticiasmercedinas.com\/site\/wp-content\/uploads\/2020\/06\/LOGO-512.jpg","contentUrl":"https:\/\/noticiasmercedinas.com\/site\/wp-content\/uploads\/2020\/06\/LOGO-512.jpg","width":512,"height":512,"caption":"NOTICIASMERCEDINAS.COM"},"image":{"@id":"https:\/\/noticiasmercedinas.com\/site\/#\/schema\/logo\/image\/"},"sameAs":["https:\/\/www.facebook.com\/noticiasmercedinas\/","https:\/\/x.com\/notmercedinas","https:\/\/www.instagram.com\/noticiasmercedinas\/"]},{"@type":"Person","@id":"https:\/\/noticiasmercedinas.com\/site\/#\/schema\/person\/8f2f09d666ef40986eba4a5e6f2a06f9","name":"Juan Dagnino NOTICIASMERCEDINAS.COM","image":{"@type":"ImageObject","inLanguage":"es","@id":"https:\/\/secure.gravatar.com\/avatar\/fc7059a769f5a3cae65fadb228a3e4accf3a64b4b2305020d0a27e6d5333c91b?s=96&d=mm&r=g","url":"https:\/\/secure.gravatar.com\/avatar\/fc7059a769f5a3cae65fadb228a3e4accf3a64b4b2305020d0a27e6d5333c91b?s=96&d=mm&r=g","contentUrl":"https:\/\/secure.gravatar.com\/avatar\/fc7059a769f5a3cae65fadb228a3e4accf3a64b4b2305020d0a27e6d5333c91b?s=96&d=mm&r=g","caption":"Juan Dagnino NOTICIASMERCEDINAS.COM"},"url":"https:\/\/noticiasmercedinas.com\/site\/author\/juandagnino\/"}]}},"amp_enabled":true,"_links":{"self":[{"href":"https:\/\/noticiasmercedinas.com\/site\/wp-json\/wp\/v2\/posts\/172934","targetHints":{"allow":["GET"]}}],"collection":[{"href":"https:\/\/noticiasmercedinas.com\/site\/wp-json\/wp\/v2\/posts"}],"about":[{"href":"https:\/\/noticiasmercedinas.com\/site\/wp-json\/wp\/v2\/types\/post"}],"author":[{"embeddable":true,"href":"https:\/\/noticiasmercedinas.com\/site\/wp-json\/wp\/v2\/users\/6"}],"replies":[{"embeddable":true,"href":"https:\/\/noticiasmercedinas.com\/site\/wp-json\/wp\/v2\/comments?post=172934"}],"version-history":[{"count":1,"href":"https:\/\/noticiasmercedinas.com\/site\/wp-json\/wp\/v2\/posts\/172934\/revisions"}],"predecessor-version":[{"id":172938,"href":"https:\/\/noticiasmercedinas.com\/site\/wp-json\/wp\/v2\/posts\/172934\/revisions\/172938"}],"wp:featuredmedia":[{"embeddable":true,"href":"https:\/\/noticiasmercedinas.com\/site\/wp-json\/wp\/v2\/media\/172935"}],"wp:attachment":[{"href":"https:\/\/noticiasmercedinas.com\/site\/wp-json\/wp\/v2\/media?parent=172934"}],"wp:term":[{"taxonomy":"category","embeddable":true,"href":"https:\/\/noticiasmercedinas.com\/site\/wp-json\/wp\/v2\/categories?post=172934"},{"taxonomy":"post_tag","embeddable":true,"href":"https:\/\/noticiasmercedinas.com\/site\/wp-json\/wp\/v2\/tags?post=172934"}],"curies":[{"name":"wp","href":"https:\/\/api.w.org\/{rel}","templated":true}]}}