{"id":173185,"date":"2025-10-31T13:06:23","date_gmt":"2025-10-31T16:06:23","guid":{"rendered":"https:\/\/noticiasmercedinas.com\/site\/?p=173185"},"modified":"2025-10-31T14:47:54","modified_gmt":"2025-10-31T17:47:54","slug":"mercedina-leonor-ocampo-fue-distinguida-en-encuentro-provincial-del-cooperativas-escolares","status":"publish","type":"post","link":"https:\/\/noticiasmercedinas.com\/site\/2025\/10\/31\/mercedina-leonor-ocampo-fue-distinguida-en-encuentro-provincial-del-cooperativas-escolares\/","title":{"rendered":"Mercedina Leonor Ocampo fue distinguida en Encuentro Provincial de Cooperativas Escolares"},"content":{"rendered":"<p><img loading=\"lazy\" decoding=\"async\" class=\"alignnone size-full wp-image-173187\" src=\"https:\/\/noticiasmercedinas.com\/site\/wp-content\/uploads\/2025\/10\/IMG-20251031-WA0022.jpg\" alt=\"\" width=\"1600\" height=\"1200\" srcset=\"https:\/\/noticiasmercedinas.com\/site\/wp-content\/uploads\/2025\/10\/IMG-20251031-WA0022.jpg 1600w, https:\/\/noticiasmercedinas.com\/site\/wp-content\/uploads\/2025\/10\/IMG-20251031-WA0022-300x225.jpg 300w, https:\/\/noticiasmercedinas.com\/site\/wp-content\/uploads\/2025\/10\/IMG-20251031-WA0022-1024x768.jpg 1024w, https:\/\/noticiasmercedinas.com\/site\/wp-content\/uploads\/2025\/10\/IMG-20251031-WA0022-768x576.jpg 768w, https:\/\/noticiasmercedinas.com\/site\/wp-content\/uploads\/2025\/10\/IMG-20251031-WA0022-1536x1152.jpg 1536w, https:\/\/noticiasmercedinas.com\/site\/wp-content\/uploads\/2025\/10\/IMG-20251031-WA0022-80x60.jpg 80w, https:\/\/noticiasmercedinas.com\/site\/wp-content\/uploads\/2025\/10\/IMG-20251031-WA0022-160x120.jpg 160w, https:\/\/noticiasmercedinas.com\/site\/wp-content\/uploads\/2025\/10\/IMG-20251031-WA0022-100x75.jpg 100w, https:\/\/noticiasmercedinas.com\/site\/wp-content\/uploads\/2025\/10\/IMG-20251031-WA0022-200x150.jpg 200w, https:\/\/noticiasmercedinas.com\/site\/wp-content\/uploads\/2025\/10\/IMG-20251031-WA0022-180x135.jpg 180w, https:\/\/noticiasmercedinas.com\/site\/wp-content\/uploads\/2025\/10\/IMG-20251031-WA0022-360x270.jpg 360w, https:\/\/noticiasmercedinas.com\/site\/wp-content\/uploads\/2025\/10\/IMG-20251031-WA0022-238x178.jpg 238w, https:\/\/noticiasmercedinas.com\/site\/wp-content\/uploads\/2025\/10\/IMG-20251031-WA0022-476x356.jpg 476w, https:\/\/noticiasmercedinas.com\/site\/wp-content\/uploads\/2025\/10\/IMG-20251031-WA0022-640x480.jpg 640w, https:\/\/noticiasmercedinas.com\/site\/wp-content\/uploads\/2025\/10\/IMG-20251031-WA0022-1280x960.jpg 1280w, https:\/\/noticiasmercedinas.com\/site\/wp-content\/uploads\/2025\/10\/IMG-20251031-WA0022-681x511.jpg 681w, https:\/\/noticiasmercedinas.com\/site\/wp-content\/uploads\/2025\/10\/IMG-20251031-WA0022-1362x1022.jpg 1362w\" sizes=\"auto, (max-width: 1600px) 100vw, 1600px\" \/><\/p>\n<p>Bajo el lema \u201cV\u00ednculos cooperativos\u201d, la Direcci\u00f3n General de Cultura y Educaci\u00f3n de la Provincia de Buenos Aires, organiz\u00f3 en la localidad de Ensenada una jornada que reuni\u00f3 a m\u00e1s de 600 estudiantes, docentes, cooperativas y referentes institucionales de 79 escuelas y 45 localidades bonaerenses.<\/p>\n<p>En ese marco fue distinguida la Lic. Leonor Ocampo, oriunda de nuestra localidad, por su trayectoria vinculada al trabajo con Cooperativas Escolares, una modalidad de ense\u00f1anza \u00e1ulica que permite desarrollar contenidos curriculares a trav\u00e9s de la implementaci\u00f3n de proyectos llevados a cabo por estudiantes y sus docentes gu\u00eda.<\/p>\n<p>Las Cooperativas Escolares, a diferencia de la Cooperadoras Escolares, que suelen estar constituidas por directivos de establecimientos y padres, y tiene otro fin, son estrategias did\u00e1cticas y pedag\u00f3gicas con un enfoque transversal que entrelaza contenidos educativos, experiencias desde el quehacer concreto y valores vinculados a la participaci\u00f3n democr\u00e1tica, la solidaridad y la cooperaci\u00f3n entre alumnos que identifican una necesidad o inter\u00e9s en com\u00fan.<\/p>\n<p><img loading=\"lazy\" decoding=\"async\" class=\"alignnone size-full wp-image-173189\" src=\"https:\/\/noticiasmercedinas.com\/site\/wp-content\/uploads\/2025\/10\/IMG-20251031-WA0023.jpg\" alt=\"\" width=\"1600\" height=\"1200\" srcset=\"https:\/\/noticiasmercedinas.com\/site\/wp-content\/uploads\/2025\/10\/IMG-20251031-WA0023.jpg 1600w, https:\/\/noticiasmercedinas.com\/site\/wp-content\/uploads\/2025\/10\/IMG-20251031-WA0023-300x225.jpg 300w, https:\/\/noticiasmercedinas.com\/site\/wp-content\/uploads\/2025\/10\/IMG-20251031-WA0023-1024x768.jpg 1024w, https:\/\/noticiasmercedinas.com\/site\/wp-content\/uploads\/2025\/10\/IMG-20251031-WA0023-768x576.jpg 768w, https:\/\/noticiasmercedinas.com\/site\/wp-content\/uploads\/2025\/10\/IMG-20251031-WA0023-1536x1152.jpg 1536w, https:\/\/noticiasmercedinas.com\/site\/wp-content\/uploads\/2025\/10\/IMG-20251031-WA0023-80x60.jpg 80w, https:\/\/noticiasmercedinas.com\/site\/wp-content\/uploads\/2025\/10\/IMG-20251031-WA0023-160x120.jpg 160w, https:\/\/noticiasmercedinas.com\/site\/wp-content\/uploads\/2025\/10\/IMG-20251031-WA0023-100x75.jpg 100w, https:\/\/noticiasmercedinas.com\/site\/wp-content\/uploads\/2025\/10\/IMG-20251031-WA0023-200x150.jpg 200w, https:\/\/noticiasmercedinas.com\/site\/wp-content\/uploads\/2025\/10\/IMG-20251031-WA0023-180x135.jpg 180w, https:\/\/noticiasmercedinas.com\/site\/wp-content\/uploads\/2025\/10\/IMG-20251031-WA0023-360x270.jpg 360w, https:\/\/noticiasmercedinas.com\/site\/wp-content\/uploads\/2025\/10\/IMG-20251031-WA0023-238x178.jpg 238w, https:\/\/noticiasmercedinas.com\/site\/wp-content\/uploads\/2025\/10\/IMG-20251031-WA0023-476x356.jpg 476w, https:\/\/noticiasmercedinas.com\/site\/wp-content\/uploads\/2025\/10\/IMG-20251031-WA0023-640x480.jpg 640w, https:\/\/noticiasmercedinas.com\/site\/wp-content\/uploads\/2025\/10\/IMG-20251031-WA0023-1280x960.jpg 1280w, https:\/\/noticiasmercedinas.com\/site\/wp-content\/uploads\/2025\/10\/IMG-20251031-WA0023-681x511.jpg 681w, https:\/\/noticiasmercedinas.com\/site\/wp-content\/uploads\/2025\/10\/IMG-20251031-WA0023-1362x1022.jpg 1362w\" sizes=\"auto, (max-width: 1600px) 100vw, 1600px\" \/><\/p>\n<p>La actividad llevada a cabo en el predio recreativo del Sindicato SOSBA en Ensenada, permiti\u00f3 exponer las experiencias de los j\u00f3venes cooperativistas bonaerenses, quienes apostados en sus stands intercambiaron experiencias con sus pares de otras localidades.<\/p>\n<p>Ocampo destac\u00f3 el valor que tiene para un chico vivir una experiencia temprana de cooperaci\u00f3n organizada.<\/p>\n<p>Al respecto asegur\u00f3: \u201cEn las cooperativas escolares los alumnos trabajan en proyectos productivos, tecnol\u00f3gicos o de servicios, pero tambi\u00e9n, con obras de teatro, coros y actividades deportivas. Lo m\u00e1s importante de este tipo de estrategia es que el docente cuente con un recurso did\u00e1ctico para el desarrollo de contenidos que tengan que ver con lo actitudinal. En las cooperativas escolares se trabaja mucho la participaci\u00f3n, la democracia y la ayuda mutua\u201d.<\/p>\n<p>https:\/\/www.youtube.com\/watch?v=vgt1mHNguwQ<\/p>\n<p>&nbsp;<\/p>\n<p>&nbsp;<\/p>\n","protected":false},"excerpt":{"rendered":"<p>\u25a0 Fue distinguida en Ensenada por su trayectoria vinculada al trabajo con Cooperativas Escolares, una modalidad de ense\u00f1anza \u00e1ulica que permite desarrollar contenidos curriculares a trav\u00e9s de la implementaci\u00f3n de proyectos llevados a cabo por estudiantes y sus docentes gu\u00eda.<\/p>\n","protected":false},"author":16,"featured_media":173187,"comment_status":"closed","ping_status":"closed","sticky":false,"template":"","format":"standard","meta":{"footnotes":""},"categories":[3,20734],"tags":[9746,673],"class_list":["post-173185","post","type-post","status-publish","format-standard","has-post-thumbnail","hentry","category-sociedad","category-ultimo-momento","tag-cooperativas","tag-leonor-ocampo"],"yoast_head":"<!-- This site is optimized with the Yoast SEO plugin v27.4 - https:\/\/yoast.com\/product\/yoast-seo-wordpress\/ -->\n<title>Mercedina Leonor Ocampo fue distinguida en Encuentro Provincial de Cooperativas Escolares<\/title>\n<meta name=\"description\" content=\"Leonor Ocampo, oriunda de nuestra localidad, fue distinguida en Ensenada por su trayectoria vinculada al trabajo con Cooperativas Escolares, una modalidad de ense\u00f1anza \u00e1ulica que permite desarrollar contenidos curriculares a trav\u00e9s de la implementaci\u00f3n de proyectos llevados a cabo por estudiantes y sus docentes gu\u00eda.\u00a0\" \/>\n<meta name=\"robots\" content=\"index, follow, max-snippet:-1, max-image-preview:large, max-video-preview:-1\" \/>\n<link rel=\"canonical\" href=\"https:\/\/noticiasmercedinas.com\/site\/2025\/10\/31\/mercedina-leonor-ocampo-fue-distinguida-en-encuentro-provincial-del-cooperativas-escolares\/\" \/>\n<meta property=\"og:locale\" content=\"es_ES\" \/>\n<meta property=\"og:type\" content=\"article\" \/>\n<meta property=\"og:title\" content=\"Mercedina Leonor Ocampo fue distinguida en Encuentro Provincial de Cooperativas Escolares\" \/>\n<meta property=\"og:description\" content=\"Leonor Ocampo, oriunda de nuestra localidad, fue distinguida en Ensenada por su trayectoria vinculada al trabajo con Cooperativas Escolares, una modalidad de ense\u00f1anza \u00e1ulica que permite desarrollar contenidos curriculares a trav\u00e9s de la implementaci\u00f3n de proyectos llevados a cabo por estudiantes y sus docentes gu\u00eda.\u00a0\" \/>\n<meta property=\"og:url\" content=\"https:\/\/noticiasmercedinas.com\/site\/2025\/10\/31\/mercedina-leonor-ocampo-fue-distinguida-en-encuentro-provincial-del-cooperativas-escolares\/\" \/>\n<meta property=\"og:site_name\" content=\"NOTICIASMERCEDINAS.COM\" \/>\n<meta property=\"article:publisher\" content=\"https:\/\/www.facebook.com\/noticiasmercedinas\/\" \/>\n<meta property=\"article:published_time\" content=\"2025-10-31T16:06:23+00:00\" \/>\n<meta property=\"article:modified_time\" content=\"2025-10-31T17:47:54+00:00\" \/>\n<meta property=\"og:image\" content=\"https:\/\/noticiasmercedinas.com\/site\/wp-content\/uploads\/2025\/10\/IMG-20251031-WA0022.jpg\" \/>\n\t<meta property=\"og:image:width\" content=\"1600\" \/>\n\t<meta property=\"og:image:height\" content=\"1200\" \/>\n\t<meta property=\"og:image:type\" content=\"image\/jpeg\" \/>\n<meta name=\"author\" content=\"NOTICIASMERCEDINAS.COM\" \/>\n<meta name=\"twitter:card\" content=\"summary_large_image\" \/>\n<meta name=\"twitter:creator\" content=\"@notmercedinas\" \/>\n<meta name=\"twitter:site\" content=\"@notmercedinas\" \/>\n<meta name=\"twitter:label1\" content=\"Escrito por\" \/>\n\t<meta name=\"twitter:data1\" content=\"NOTICIASMERCEDINAS.COM\" \/>\n\t<meta name=\"twitter:label2\" content=\"Tiempo de lectura\" \/>\n\t<meta name=\"twitter:data2\" content=\"2 minutos\" \/>\n<script type=\"application\/ld+json\" class=\"yoast-schema-graph\">{\"@context\":\"https:\\\/\\\/schema.org\",\"@graph\":[{\"@type\":\"Article\",\"@id\":\"https:\\\/\\\/noticiasmercedinas.com\\\/site\\\/2025\\\/10\\\/31\\\/mercedina-leonor-ocampo-fue-distinguida-en-encuentro-provincial-del-cooperativas-escolares\\\/#article\",\"isPartOf\":{\"@id\":\"https:\\\/\\\/noticiasmercedinas.com\\\/site\\\/2025\\\/10\\\/31\\\/mercedina-leonor-ocampo-fue-distinguida-en-encuentro-provincial-del-cooperativas-escolares\\\/\"},\"author\":{\"name\":\"NOTICIASMERCEDINAS.COM\",\"@id\":\"https:\\\/\\\/noticiasmercedinas.com\\\/site\\\/#\\\/schema\\\/person\\\/84b59c099c28ff2e8b77d4ceec5d8063\"},\"headline\":\"Mercedina Leonor Ocampo fue distinguida en Encuentro Provincial de Cooperativas Escolares\",\"datePublished\":\"2025-10-31T16:06:23+00:00\",\"dateModified\":\"2025-10-31T17:47:54+00:00\",\"mainEntityOfPage\":{\"@id\":\"https:\\\/\\\/noticiasmercedinas.com\\\/site\\\/2025\\\/10\\\/31\\\/mercedina-leonor-ocampo-fue-distinguida-en-encuentro-provincial-del-cooperativas-escolares\\\/\"},\"wordCount\":319,\"publisher\":{\"@id\":\"https:\\\/\\\/noticiasmercedinas.com\\\/site\\\/#organization\"},\"image\":{\"@id\":\"https:\\\/\\\/noticiasmercedinas.com\\\/site\\\/2025\\\/10\\\/31\\\/mercedina-leonor-ocampo-fue-distinguida-en-encuentro-provincial-del-cooperativas-escolares\\\/#primaryimage\"},\"thumbnailUrl\":\"https:\\\/\\\/noticiasmercedinas.com\\\/site\\\/wp-content\\\/uploads\\\/2025\\\/10\\\/IMG-20251031-WA0022.jpg\",\"keywords\":[\"cooperativas\",\"leonor ocampo\"],\"articleSection\":[\"Sociedad\",\"Ultimo momento\"],\"inLanguage\":\"es\"},{\"@type\":\"WebPage\",\"@id\":\"https:\\\/\\\/noticiasmercedinas.com\\\/site\\\/2025\\\/10\\\/31\\\/mercedina-leonor-ocampo-fue-distinguida-en-encuentro-provincial-del-cooperativas-escolares\\\/\",\"url\":\"https:\\\/\\\/noticiasmercedinas.com\\\/site\\\/2025\\\/10\\\/31\\\/mercedina-leonor-ocampo-fue-distinguida-en-encuentro-provincial-del-cooperativas-escolares\\\/\",\"name\":\"Mercedina Leonor Ocampo fue distinguida en Encuentro Provincial de Cooperativas Escolares\",\"isPartOf\":{\"@id\":\"https:\\\/\\\/noticiasmercedinas.com\\\/site\\\/#website\"},\"primaryImageOfPage\":{\"@id\":\"https:\\\/\\\/noticiasmercedinas.com\\\/site\\\/2025\\\/10\\\/31\\\/mercedina-leonor-ocampo-fue-distinguida-en-encuentro-provincial-del-cooperativas-escolares\\\/#primaryimage\"},\"image\":{\"@id\":\"https:\\\/\\\/noticiasmercedinas.com\\\/site\\\/2025\\\/10\\\/31\\\/mercedina-leonor-ocampo-fue-distinguida-en-encuentro-provincial-del-cooperativas-escolares\\\/#primaryimage\"},\"thumbnailUrl\":\"https:\\\/\\\/noticiasmercedinas.com\\\/site\\\/wp-content\\\/uploads\\\/2025\\\/10\\\/IMG-20251031-WA0022.jpg\",\"datePublished\":\"2025-10-31T16:06:23+00:00\",\"dateModified\":\"2025-10-31T17:47:54+00:00\",\"description\":\"Leonor Ocampo, oriunda de nuestra localidad, fue distinguida en Ensenada por su trayectoria vinculada al trabajo con Cooperativas Escolares, una modalidad de ense\u00f1anza \u00e1ulica que permite desarrollar contenidos curriculares a trav\u00e9s de la implementaci\u00f3n de proyectos llevados a cabo por estudiantes y sus docentes gu\u00eda.\u00a0\",\"breadcrumb\":{\"@id\":\"https:\\\/\\\/noticiasmercedinas.com\\\/site\\\/2025\\\/10\\\/31\\\/mercedina-leonor-ocampo-fue-distinguida-en-encuentro-provincial-del-cooperativas-escolares\\\/#breadcrumb\"},\"inLanguage\":\"es\",\"potentialAction\":[{\"@type\":\"ReadAction\",\"target\":[\"https:\\\/\\\/noticiasmercedinas.com\\\/site\\\/2025\\\/10\\\/31\\\/mercedina-leonor-ocampo-fue-distinguida-en-encuentro-provincial-del-cooperativas-escolares\\\/\"]}]},{\"@type\":\"ImageObject\",\"inLanguage\":\"es\",\"@id\":\"https:\\\/\\\/noticiasmercedinas.com\\\/site\\\/2025\\\/10\\\/31\\\/mercedina-leonor-ocampo-fue-distinguida-en-encuentro-provincial-del-cooperativas-escolares\\\/#primaryimage\",\"url\":\"https:\\\/\\\/noticiasmercedinas.com\\\/site\\\/wp-content\\\/uploads\\\/2025\\\/10\\\/IMG-20251031-WA0022.jpg\",\"contentUrl\":\"https:\\\/\\\/noticiasmercedinas.com\\\/site\\\/wp-content\\\/uploads\\\/2025\\\/10\\\/IMG-20251031-WA0022.jpg\",\"width\":1600,\"height\":1200},{\"@type\":\"BreadcrumbList\",\"@id\":\"https:\\\/\\\/noticiasmercedinas.com\\\/site\\\/2025\\\/10\\\/31\\\/mercedina-leonor-ocampo-fue-distinguida-en-encuentro-provincial-del-cooperativas-escolares\\\/#breadcrumb\",\"itemListElement\":[{\"@type\":\"ListItem\",\"position\":1,\"name\":\"Portada\",\"item\":\"https:\\\/\\\/noticiasmercedinas.com\\\/site\\\/\"},{\"@type\":\"ListItem\",\"position\":2,\"name\":\"Mercedina Leonor Ocampo fue distinguida en Encuentro Provincial de Cooperativas Escolares\"}]},{\"@type\":\"WebSite\",\"@id\":\"https:\\\/\\\/noticiasmercedinas.com\\\/site\\\/#website\",\"url\":\"https:\\\/\\\/noticiasmercedinas.com\\\/site\\\/\",\"name\":\"NOTICIASMERCEDINAS.COM\",\"description\":\"Mercedes, Buenos Aires, Argentina\",\"publisher\":{\"@id\":\"https:\\\/\\\/noticiasmercedinas.com\\\/site\\\/#organization\"},\"potentialAction\":[{\"@type\":\"SearchAction\",\"target\":{\"@type\":\"EntryPoint\",\"urlTemplate\":\"https:\\\/\\\/noticiasmercedinas.com\\\/site\\\/?s={search_term_string}\"},\"query-input\":{\"@type\":\"PropertyValueSpecification\",\"valueRequired\":true,\"valueName\":\"search_term_string\"}}],\"inLanguage\":\"es\"},{\"@type\":\"Organization\",\"@id\":\"https:\\\/\\\/noticiasmercedinas.com\\\/site\\\/#organization\",\"name\":\"NOTICIASMERCEDINAS.COM\",\"url\":\"https:\\\/\\\/noticiasmercedinas.com\\\/site\\\/\",\"logo\":{\"@type\":\"ImageObject\",\"inLanguage\":\"es\",\"@id\":\"https:\\\/\\\/noticiasmercedinas.com\\\/site\\\/#\\\/schema\\\/logo\\\/image\\\/\",\"url\":\"https:\\\/\\\/noticiasmercedinas.com\\\/site\\\/wp-content\\\/uploads\\\/2020\\\/06\\\/LOGO-512.jpg\",\"contentUrl\":\"https:\\\/\\\/noticiasmercedinas.com\\\/site\\\/wp-content\\\/uploads\\\/2020\\\/06\\\/LOGO-512.jpg\",\"width\":512,\"height\":512,\"caption\":\"NOTICIASMERCEDINAS.COM\"},\"image\":{\"@id\":\"https:\\\/\\\/noticiasmercedinas.com\\\/site\\\/#\\\/schema\\\/logo\\\/image\\\/\"},\"sameAs\":[\"https:\\\/\\\/www.facebook.com\\\/noticiasmercedinas\\\/\",\"https:\\\/\\\/x.com\\\/notmercedinas\",\"https:\\\/\\\/www.instagram.com\\\/noticiasmercedinas\\\/\"]},{\"@type\":\"Person\",\"@id\":\"https:\\\/\\\/noticiasmercedinas.com\\\/site\\\/#\\\/schema\\\/person\\\/84b59c099c28ff2e8b77d4ceec5d8063\",\"name\":\"NOTICIASMERCEDINAS.COM\",\"image\":{\"@type\":\"ImageObject\",\"inLanguage\":\"es\",\"@id\":\"https:\\\/\\\/secure.gravatar.com\\\/avatar\\\/4dfbf16b4d17945bfb6341b2d19043457132fcf478a5ee04f42e959fd8f5df0a?s=96&d=mm&r=g\",\"url\":\"https:\\\/\\\/secure.gravatar.com\\\/avatar\\\/4dfbf16b4d17945bfb6341b2d19043457132fcf478a5ee04f42e959fd8f5df0a?s=96&d=mm&r=g\",\"contentUrl\":\"https:\\\/\\\/secure.gravatar.com\\\/avatar\\\/4dfbf16b4d17945bfb6341b2d19043457132fcf478a5ee04f42e959fd8f5df0a?s=96&d=mm&r=g\",\"caption\":\"NOTICIASMERCEDINAS.COM\"},\"url\":\"https:\\\/\\\/noticiasmercedinas.com\\\/site\\\/author\\\/anonimo\\\/\"}]}<\/script>\n<!-- \/ Yoast SEO plugin. -->","yoast_head_json":{"title":"Mercedina Leonor Ocampo fue distinguida en Encuentro Provincial de Cooperativas Escolares","description":"Leonor Ocampo, oriunda de nuestra localidad, fue distinguida en Ensenada por su trayectoria vinculada al trabajo con Cooperativas Escolares, una modalidad de ense\u00f1anza \u00e1ulica que permite desarrollar contenidos curriculares a trav\u00e9s de la implementaci\u00f3n de proyectos llevados a cabo por estudiantes y sus docentes gu\u00eda.\u00a0","robots":{"index":"index","follow":"follow","max-snippet":"max-snippet:-1","max-image-preview":"max-image-preview:large","max-video-preview":"max-video-preview:-1"},"canonical":"https:\/\/noticiasmercedinas.com\/site\/2025\/10\/31\/mercedina-leonor-ocampo-fue-distinguida-en-encuentro-provincial-del-cooperativas-escolares\/","og_locale":"es_ES","og_type":"article","og_title":"Mercedina Leonor Ocampo fue distinguida en Encuentro Provincial de Cooperativas Escolares","og_description":"Leonor Ocampo, oriunda de nuestra localidad, fue distinguida en Ensenada por su trayectoria vinculada al trabajo con Cooperativas Escolares, una modalidad de ense\u00f1anza \u00e1ulica que permite desarrollar contenidos curriculares a trav\u00e9s de la implementaci\u00f3n de proyectos llevados a cabo por estudiantes y sus docentes gu\u00eda.\u00a0","og_url":"https:\/\/noticiasmercedinas.com\/site\/2025\/10\/31\/mercedina-leonor-ocampo-fue-distinguida-en-encuentro-provincial-del-cooperativas-escolares\/","og_site_name":"NOTICIASMERCEDINAS.COM","article_publisher":"https:\/\/www.facebook.com\/noticiasmercedinas\/","article_published_time":"2025-10-31T16:06:23+00:00","article_modified_time":"2025-10-31T17:47:54+00:00","og_image":[{"width":1600,"height":1200,"url":"https:\/\/noticiasmercedinas.com\/site\/wp-content\/uploads\/2025\/10\/IMG-20251031-WA0022.jpg","type":"image\/jpeg"}],"author":"NOTICIASMERCEDINAS.COM","twitter_card":"summary_large_image","twitter_creator":"@notmercedinas","twitter_site":"@notmercedinas","twitter_misc":{"Escrito por":"NOTICIASMERCEDINAS.COM","Tiempo de lectura":"2 minutos"},"schema":{"@context":"https:\/\/schema.org","@graph":[{"@type":"Article","@id":"https:\/\/noticiasmercedinas.com\/site\/2025\/10\/31\/mercedina-leonor-ocampo-fue-distinguida-en-encuentro-provincial-del-cooperativas-escolares\/#article","isPartOf":{"@id":"https:\/\/noticiasmercedinas.com\/site\/2025\/10\/31\/mercedina-leonor-ocampo-fue-distinguida-en-encuentro-provincial-del-cooperativas-escolares\/"},"author":{"name":"NOTICIASMERCEDINAS.COM","@id":"https:\/\/noticiasmercedinas.com\/site\/#\/schema\/person\/84b59c099c28ff2e8b77d4ceec5d8063"},"headline":"Mercedina Leonor Ocampo fue distinguida en Encuentro Provincial de Cooperativas Escolares","datePublished":"2025-10-31T16:06:23+00:00","dateModified":"2025-10-31T17:47:54+00:00","mainEntityOfPage":{"@id":"https:\/\/noticiasmercedinas.com\/site\/2025\/10\/31\/mercedina-leonor-ocampo-fue-distinguida-en-encuentro-provincial-del-cooperativas-escolares\/"},"wordCount":319,"publisher":{"@id":"https:\/\/noticiasmercedinas.com\/site\/#organization"},"image":{"@id":"https:\/\/noticiasmercedinas.com\/site\/2025\/10\/31\/mercedina-leonor-ocampo-fue-distinguida-en-encuentro-provincial-del-cooperativas-escolares\/#primaryimage"},"thumbnailUrl":"https:\/\/noticiasmercedinas.com\/site\/wp-content\/uploads\/2025\/10\/IMG-20251031-WA0022.jpg","keywords":["cooperativas","leonor ocampo"],"articleSection":["Sociedad","Ultimo momento"],"inLanguage":"es"},{"@type":"WebPage","@id":"https:\/\/noticiasmercedinas.com\/site\/2025\/10\/31\/mercedina-leonor-ocampo-fue-distinguida-en-encuentro-provincial-del-cooperativas-escolares\/","url":"https:\/\/noticiasmercedinas.com\/site\/2025\/10\/31\/mercedina-leonor-ocampo-fue-distinguida-en-encuentro-provincial-del-cooperativas-escolares\/","name":"Mercedina Leonor Ocampo fue distinguida en Encuentro Provincial de Cooperativas Escolares","isPartOf":{"@id":"https:\/\/noticiasmercedinas.com\/site\/#website"},"primaryImageOfPage":{"@id":"https:\/\/noticiasmercedinas.com\/site\/2025\/10\/31\/mercedina-leonor-ocampo-fue-distinguida-en-encuentro-provincial-del-cooperativas-escolares\/#primaryimage"},"image":{"@id":"https:\/\/noticiasmercedinas.com\/site\/2025\/10\/31\/mercedina-leonor-ocampo-fue-distinguida-en-encuentro-provincial-del-cooperativas-escolares\/#primaryimage"},"thumbnailUrl":"https:\/\/noticiasmercedinas.com\/site\/wp-content\/uploads\/2025\/10\/IMG-20251031-WA0022.jpg","datePublished":"2025-10-31T16:06:23+00:00","dateModified":"2025-10-31T17:47:54+00:00","description":"Leonor Ocampo, oriunda de nuestra localidad, fue distinguida en Ensenada por su trayectoria vinculada al trabajo con Cooperativas Escolares, una modalidad de ense\u00f1anza \u00e1ulica que permite desarrollar contenidos curriculares a trav\u00e9s de la implementaci\u00f3n de proyectos llevados a cabo por estudiantes y sus docentes gu\u00eda.\u00a0","breadcrumb":{"@id":"https:\/\/noticiasmercedinas.com\/site\/2025\/10\/31\/mercedina-leonor-ocampo-fue-distinguida-en-encuentro-provincial-del-cooperativas-escolares\/#breadcrumb"},"inLanguage":"es","potentialAction":[{"@type":"ReadAction","target":["https:\/\/noticiasmercedinas.com\/site\/2025\/10\/31\/mercedina-leonor-ocampo-fue-distinguida-en-encuentro-provincial-del-cooperativas-escolares\/"]}]},{"@type":"ImageObject","inLanguage":"es","@id":"https:\/\/noticiasmercedinas.com\/site\/2025\/10\/31\/mercedina-leonor-ocampo-fue-distinguida-en-encuentro-provincial-del-cooperativas-escolares\/#primaryimage","url":"https:\/\/noticiasmercedinas.com\/site\/wp-content\/uploads\/2025\/10\/IMG-20251031-WA0022.jpg","contentUrl":"https:\/\/noticiasmercedinas.com\/site\/wp-content\/uploads\/2025\/10\/IMG-20251031-WA0022.jpg","width":1600,"height":1200},{"@type":"BreadcrumbList","@id":"https:\/\/noticiasmercedinas.com\/site\/2025\/10\/31\/mercedina-leonor-ocampo-fue-distinguida-en-encuentro-provincial-del-cooperativas-escolares\/#breadcrumb","itemListElement":[{"@type":"ListItem","position":1,"name":"Portada","item":"https:\/\/noticiasmercedinas.com\/site\/"},{"@type":"ListItem","position":2,"name":"Mercedina Leonor Ocampo fue distinguida en Encuentro Provincial de Cooperativas Escolares"}]},{"@type":"WebSite","@id":"https:\/\/noticiasmercedinas.com\/site\/#website","url":"https:\/\/noticiasmercedinas.com\/site\/","name":"NOTICIASMERCEDINAS.COM","description":"Mercedes, Buenos Aires, Argentina","publisher":{"@id":"https:\/\/noticiasmercedinas.com\/site\/#organization"},"potentialAction":[{"@type":"SearchAction","target":{"@type":"EntryPoint","urlTemplate":"https:\/\/noticiasmercedinas.com\/site\/?s={search_term_string}"},"query-input":{"@type":"PropertyValueSpecification","valueRequired":true,"valueName":"search_term_string"}}],"inLanguage":"es"},{"@type":"Organization","@id":"https:\/\/noticiasmercedinas.com\/site\/#organization","name":"NOTICIASMERCEDINAS.COM","url":"https:\/\/noticiasmercedinas.com\/site\/","logo":{"@type":"ImageObject","inLanguage":"es","@id":"https:\/\/noticiasmercedinas.com\/site\/#\/schema\/logo\/image\/","url":"https:\/\/noticiasmercedinas.com\/site\/wp-content\/uploads\/2020\/06\/LOGO-512.jpg","contentUrl":"https:\/\/noticiasmercedinas.com\/site\/wp-content\/uploads\/2020\/06\/LOGO-512.jpg","width":512,"height":512,"caption":"NOTICIASMERCEDINAS.COM"},"image":{"@id":"https:\/\/noticiasmercedinas.com\/site\/#\/schema\/logo\/image\/"},"sameAs":["https:\/\/www.facebook.com\/noticiasmercedinas\/","https:\/\/x.com\/notmercedinas","https:\/\/www.instagram.com\/noticiasmercedinas\/"]},{"@type":"Person","@id":"https:\/\/noticiasmercedinas.com\/site\/#\/schema\/person\/84b59c099c28ff2e8b77d4ceec5d8063","name":"NOTICIASMERCEDINAS.COM","image":{"@type":"ImageObject","inLanguage":"es","@id":"https:\/\/secure.gravatar.com\/avatar\/4dfbf16b4d17945bfb6341b2d19043457132fcf478a5ee04f42e959fd8f5df0a?s=96&d=mm&r=g","url":"https:\/\/secure.gravatar.com\/avatar\/4dfbf16b4d17945bfb6341b2d19043457132fcf478a5ee04f42e959fd8f5df0a?s=96&d=mm&r=g","contentUrl":"https:\/\/secure.gravatar.com\/avatar\/4dfbf16b4d17945bfb6341b2d19043457132fcf478a5ee04f42e959fd8f5df0a?s=96&d=mm&r=g","caption":"NOTICIASMERCEDINAS.COM"},"url":"https:\/\/noticiasmercedinas.com\/site\/author\/anonimo\/"}]}},"amp_enabled":true,"_links":{"self":[{"href":"https:\/\/noticiasmercedinas.com\/site\/wp-json\/wp\/v2\/posts\/173185","targetHints":{"allow":["GET"]}}],"collection":[{"href":"https:\/\/noticiasmercedinas.com\/site\/wp-json\/wp\/v2\/posts"}],"about":[{"href":"https:\/\/noticiasmercedinas.com\/site\/wp-json\/wp\/v2\/types\/post"}],"author":[{"embeddable":true,"href":"https:\/\/noticiasmercedinas.com\/site\/wp-json\/wp\/v2\/users\/16"}],"replies":[{"embeddable":true,"href":"https:\/\/noticiasmercedinas.com\/site\/wp-json\/wp\/v2\/comments?post=173185"}],"version-history":[{"count":5,"href":"https:\/\/noticiasmercedinas.com\/site\/wp-json\/wp\/v2\/posts\/173185\/revisions"}],"predecessor-version":[{"id":173199,"href":"https:\/\/noticiasmercedinas.com\/site\/wp-json\/wp\/v2\/posts\/173185\/revisions\/173199"}],"wp:featuredmedia":[{"embeddable":true,"href":"https:\/\/noticiasmercedinas.com\/site\/wp-json\/wp\/v2\/media\/173187"}],"wp:attachment":[{"href":"https:\/\/noticiasmercedinas.com\/site\/wp-json\/wp\/v2\/media?parent=173185"}],"wp:term":[{"taxonomy":"category","embeddable":true,"href":"https:\/\/noticiasmercedinas.com\/site\/wp-json\/wp\/v2\/categories?post=173185"},{"taxonomy":"post_tag","embeddable":true,"href":"https:\/\/noticiasmercedinas.com\/site\/wp-json\/wp\/v2\/tags?post=173185"}],"curies":[{"name":"wp","href":"https:\/\/api.w.org\/{rel}","templated":true}]}}