{"id":173212,"date":"2025-10-31T17:28:53","date_gmt":"2025-10-31T20:28:53","guid":{"rendered":"https:\/\/noticiasmercedinas.com\/site\/?p=173212"},"modified":"2025-10-31T17:28:53","modified_gmt":"2025-10-31T20:28:53","slug":"dias-de-futbol-por-la-liga-mercedina-2","status":"publish","type":"post","link":"https:\/\/noticiasmercedinas.com\/site\/2025\/10\/31\/dias-de-futbol-por-la-liga-mercedina-2\/","title":{"rendered":"D\u00edas de f\u00fatbol por la Liga Mercedina"},"content":{"rendered":"<p><img loading=\"lazy\" decoding=\"async\" class=\"alignnone size-full wp-image-173217\" src=\"https:\/\/noticiasmercedinas.com\/site\/wp-content\/uploads\/2025\/10\/IMG_1400.jpg\" alt=\"\" width=\"640\" height=\"427\" srcset=\"https:\/\/noticiasmercedinas.com\/site\/wp-content\/uploads\/2025\/10\/IMG_1400.jpg 640w, https:\/\/noticiasmercedinas.com\/site\/wp-content\/uploads\/2025\/10\/IMG_1400-300x200.jpg 300w\" sizes=\"auto, (max-width: 640px) 100vw, 640px\" \/><\/p>\n<p>A partir de esta noche y durante el fin de semana la Liga Mercedina de F\u00fatbol tendr\u00e1 una buena cantidad de <a href=\"https:\/\/ligamercedina.com\/web\/adelanto-de-horarios-para-el-fin-de-semana-todo-a-confirmar\/\">encuentros por sus distintos torneos<\/a>. En Primera Divisi\u00f3n se jugar\u00e1 la octava fecha, que comenz\u00f3 el martes con la victoria de El Front\u00f3n por 1-0 sobre V\u00e9lez, quedando como \u00fanico l\u00edder el conjunto de San Andr\u00e9s de Giles. Lo que vendr\u00e1 ser\u00e1 la disputa de las restantes posiciones, vale recordar que se suspendi\u00f3 Atl\u00e9tico Rodr\u00edguez y Juventud de Suipacha.<\/p>\n<p>La Segunda Divisi\u00f3n tambi\u00e9n tendr\u00e1 la octava fecha este s\u00e1bado y domingo, pen\u00faltima de la primera rueda, quedando libre el puntero All Haz. En lo que hace a Reserva se llevar\u00e1 adelante la jornada correspondiente de las dos categor\u00edas. Este s\u00e1bado el Infanto Juvenil cumplir\u00e1 con la d\u00e9cima fecha y el domingo se jugar\u00e1n los pendientes de Pabell\u00f3n vs. Talleres en Marcos Paz m\u00e1s Holanda vs. Estudiantes en el predio del \u201cNaranja\u201d.<\/p>\n<p>Ya en el F\u00fatbol Femenino se celebrar\u00e1 la \u00faltima fecha, defini\u00e9ndose un lugar en la clasificaci\u00f3n ya su vez los puntos que resolver\u00e1n los cruces. Este viernes Palometas buscar\u00e1 la victoria en su visita a Mercedes, de lograrlo se clasificar\u00e1. Las \u201cGranates\u201d tienen 10 puntos, a tres unidades marchan El Front\u00f3n y Defensores. Arriba ya est\u00e1 en Reducido y resuelven lugares en la tabla: Pabell\u00f3n 19, Cer\u00e1mica 18 y Tim\u00f3n 16.<\/p>\n<p>Por \u00faltimo, en el Femenino de inferiores ser\u00e1 el turno de la cuarta fecha, con la particularidad que desde la hora 12 Nicol\u00e1s inaugurar\u00e1 su local\u00eda en la Sub 12 y calle 4 y 63. M\u00e1s partidos se jugar\u00e1n en las canchas de Mercedes, Trocha, Palometas y s\u00f3lo un partido en Carteros. En lo que respecta al <a href=\"https:\/\/ligamercedina.com\/web\/honorable-tribunal-de-penas-fallo-32\/\">Tribunal de Penas<\/a> se present\u00f3 una <a href=\"https:\/\/ligamercedina.com\/web\/ampliacion-fallo-32-htp\/\">aplicaci\u00f3n el fallo 32<\/a>. Se viene horas y d\u00edas de f\u00fatbol donde en cada torneo hay algo en juego.<\/p>\n","protected":false},"excerpt":{"rendered":"<p>\u25a0 Se le dar\u00e1 continuidad a la octava fecha de Primera. Segunda afrontar\u00e1 la pen\u00faltima. Habr\u00e1 juegos de Reserva m\u00e1s la d\u00e9cima jornada del Infanto Juvenil. El Femenino de Primera resuelve sus cruces. Las Inferiores va por la cuarta jornada. <\/p>\n","protected":false},"author":6,"featured_media":173217,"comment_status":"closed","ping_status":"closed","sticky":false,"template":"","format":"standard","meta":{"footnotes":""},"categories":[5],"tags":[751,766,3346,14140,592,14141],"class_list":["post-173212","post","type-post","status-publish","format-standard","has-post-thumbnail","hentry","category-deportes","tag-futbol-femenino","tag-infanto-juvenil","tag-liga-mercedina-de-futbol","tag-primera-division-a","tag-reserva","tag-segunda-division-a"],"yoast_head":"<!-- This site is optimized with the Yoast SEO plugin v27.5 - https:\/\/yoast.com\/product\/yoast-seo-wordpress\/ -->\n<title>D\u00edas de f\u00fatbol por la Liga Mercedina<\/title>\n<meta name=\"robots\" content=\"index, follow, max-snippet:-1, max-image-preview:large, max-video-preview:-1\" \/>\n<link rel=\"canonical\" href=\"https:\/\/noticiasmercedinas.com\/site\/2025\/10\/31\/dias-de-futbol-por-la-liga-mercedina-2\/\" \/>\n<meta property=\"og:locale\" content=\"es_ES\" \/>\n<meta property=\"og:type\" content=\"article\" \/>\n<meta property=\"og:title\" content=\"D\u00edas de f\u00fatbol por la Liga Mercedina\" \/>\n<meta property=\"og:description\" content=\"\u25a0 Se le dar\u00e1 continuidad a la octava fecha de Primera. Segunda afrontar\u00e1 la pen\u00faltima. Habr\u00e1 juegos de Reserva m\u00e1s la d\u00e9cima jornada del Infanto Juvenil. El Femenino de Primera resuelve sus cruces. Las Inferiores va por la cuarta jornada.\" \/>\n<meta property=\"og:url\" content=\"https:\/\/noticiasmercedinas.com\/site\/2025\/10\/31\/dias-de-futbol-por-la-liga-mercedina-2\/\" \/>\n<meta property=\"og:site_name\" content=\"NOTICIASMERCEDINAS.COM\" \/>\n<meta property=\"article:publisher\" content=\"https:\/\/www.facebook.com\/noticiasmercedinas\/\" \/>\n<meta property=\"article:published_time\" content=\"2025-10-31T20:28:53+00:00\" \/>\n<meta property=\"og:image\" content=\"https:\/\/noticiasmercedinas.com\/site\/wp-content\/uploads\/2025\/10\/IMG_1400.jpg\" \/>\n\t<meta property=\"og:image:width\" content=\"640\" \/>\n\t<meta property=\"og:image:height\" content=\"427\" \/>\n\t<meta property=\"og:image:type\" content=\"image\/jpeg\" \/>\n<meta name=\"author\" content=\"Juan Dagnino NOTICIASMERCEDINAS.COM\" \/>\n<meta name=\"twitter:card\" content=\"summary_large_image\" \/>\n<meta name=\"twitter:creator\" content=\"@notmercedinas\" \/>\n<meta name=\"twitter:site\" content=\"@notmercedinas\" \/>\n<meta name=\"twitter:label1\" content=\"Escrito por\" \/>\n\t<meta name=\"twitter:data1\" content=\"Juan Dagnino NOTICIASMERCEDINAS.COM\" \/>\n\t<meta name=\"twitter:label2\" content=\"Tiempo de lectura\" \/>\n\t<meta name=\"twitter:data2\" content=\"2 minutos\" \/>\n<script type=\"application\/ld+json\" class=\"yoast-schema-graph\">{\"@context\":\"https:\\\/\\\/schema.org\",\"@graph\":[{\"@type\":\"Article\",\"@id\":\"https:\\\/\\\/noticiasmercedinas.com\\\/site\\\/2025\\\/10\\\/31\\\/dias-de-futbol-por-la-liga-mercedina-2\\\/#article\",\"isPartOf\":{\"@id\":\"https:\\\/\\\/noticiasmercedinas.com\\\/site\\\/2025\\\/10\\\/31\\\/dias-de-futbol-por-la-liga-mercedina-2\\\/\"},\"author\":{\"name\":\"Juan Dagnino NOTICIASMERCEDINAS.COM\",\"@id\":\"https:\\\/\\\/noticiasmercedinas.com\\\/site\\\/#\\\/schema\\\/person\\\/8f2f09d666ef40986eba4a5e6f2a06f9\"},\"headline\":\"D\u00edas de f\u00fatbol por la Liga Mercedina\",\"datePublished\":\"2025-10-31T20:28:53+00:00\",\"mainEntityOfPage\":{\"@id\":\"https:\\\/\\\/noticiasmercedinas.com\\\/site\\\/2025\\\/10\\\/31\\\/dias-de-futbol-por-la-liga-mercedina-2\\\/\"},\"wordCount\":339,\"publisher\":{\"@id\":\"https:\\\/\\\/noticiasmercedinas.com\\\/site\\\/#organization\"},\"image\":{\"@id\":\"https:\\\/\\\/noticiasmercedinas.com\\\/site\\\/2025\\\/10\\\/31\\\/dias-de-futbol-por-la-liga-mercedina-2\\\/#primaryimage\"},\"thumbnailUrl\":\"https:\\\/\\\/noticiasmercedinas.com\\\/site\\\/wp-content\\\/uploads\\\/2025\\\/10\\\/IMG_1400.jpg\",\"keywords\":[\"f\u00fatbol femenino\",\"infanto juvenil\",\"Liga Mercedina de F\u00fatbol\",\"primera divisi\u00f3n a\",\"reserva\",\"segunda divisi\u00f3n a\"],\"articleSection\":[\"Deportes\"],\"inLanguage\":\"es\"},{\"@type\":\"WebPage\",\"@id\":\"https:\\\/\\\/noticiasmercedinas.com\\\/site\\\/2025\\\/10\\\/31\\\/dias-de-futbol-por-la-liga-mercedina-2\\\/\",\"url\":\"https:\\\/\\\/noticiasmercedinas.com\\\/site\\\/2025\\\/10\\\/31\\\/dias-de-futbol-por-la-liga-mercedina-2\\\/\",\"name\":\"D\u00edas de f\u00fatbol por la Liga Mercedina\",\"isPartOf\":{\"@id\":\"https:\\\/\\\/noticiasmercedinas.com\\\/site\\\/#website\"},\"primaryImageOfPage\":{\"@id\":\"https:\\\/\\\/noticiasmercedinas.com\\\/site\\\/2025\\\/10\\\/31\\\/dias-de-futbol-por-la-liga-mercedina-2\\\/#primaryimage\"},\"image\":{\"@id\":\"https:\\\/\\\/noticiasmercedinas.com\\\/site\\\/2025\\\/10\\\/31\\\/dias-de-futbol-por-la-liga-mercedina-2\\\/#primaryimage\"},\"thumbnailUrl\":\"https:\\\/\\\/noticiasmercedinas.com\\\/site\\\/wp-content\\\/uploads\\\/2025\\\/10\\\/IMG_1400.jpg\",\"datePublished\":\"2025-10-31T20:28:53+00:00\",\"breadcrumb\":{\"@id\":\"https:\\\/\\\/noticiasmercedinas.com\\\/site\\\/2025\\\/10\\\/31\\\/dias-de-futbol-por-la-liga-mercedina-2\\\/#breadcrumb\"},\"inLanguage\":\"es\",\"potentialAction\":[{\"@type\":\"ReadAction\",\"target\":[\"https:\\\/\\\/noticiasmercedinas.com\\\/site\\\/2025\\\/10\\\/31\\\/dias-de-futbol-por-la-liga-mercedina-2\\\/\"]}]},{\"@type\":\"ImageObject\",\"inLanguage\":\"es\",\"@id\":\"https:\\\/\\\/noticiasmercedinas.com\\\/site\\\/2025\\\/10\\\/31\\\/dias-de-futbol-por-la-liga-mercedina-2\\\/#primaryimage\",\"url\":\"https:\\\/\\\/noticiasmercedinas.com\\\/site\\\/wp-content\\\/uploads\\\/2025\\\/10\\\/IMG_1400.jpg\",\"contentUrl\":\"https:\\\/\\\/noticiasmercedinas.com\\\/site\\\/wp-content\\\/uploads\\\/2025\\\/10\\\/IMG_1400.jpg\",\"width\":640,\"height\":427},{\"@type\":\"BreadcrumbList\",\"@id\":\"https:\\\/\\\/noticiasmercedinas.com\\\/site\\\/2025\\\/10\\\/31\\\/dias-de-futbol-por-la-liga-mercedina-2\\\/#breadcrumb\",\"itemListElement\":[{\"@type\":\"ListItem\",\"position\":1,\"name\":\"Portada\",\"item\":\"https:\\\/\\\/noticiasmercedinas.com\\\/site\\\/\"},{\"@type\":\"ListItem\",\"position\":2,\"name\":\"D\u00edas de f\u00fatbol por la Liga Mercedina\"}]},{\"@type\":\"WebSite\",\"@id\":\"https:\\\/\\\/noticiasmercedinas.com\\\/site\\\/#website\",\"url\":\"https:\\\/\\\/noticiasmercedinas.com\\\/site\\\/\",\"name\":\"NOTICIASMERCEDINAS.COM\",\"description\":\"Mercedes, Buenos Aires, Argentina\",\"publisher\":{\"@id\":\"https:\\\/\\\/noticiasmercedinas.com\\\/site\\\/#organization\"},\"potentialAction\":[{\"@type\":\"SearchAction\",\"target\":{\"@type\":\"EntryPoint\",\"urlTemplate\":\"https:\\\/\\\/noticiasmercedinas.com\\\/site\\\/?s={search_term_string}\"},\"query-input\":{\"@type\":\"PropertyValueSpecification\",\"valueRequired\":true,\"valueName\":\"search_term_string\"}}],\"inLanguage\":\"es\"},{\"@type\":\"Organization\",\"@id\":\"https:\\\/\\\/noticiasmercedinas.com\\\/site\\\/#organization\",\"name\":\"NOTICIASMERCEDINAS.COM\",\"url\":\"https:\\\/\\\/noticiasmercedinas.com\\\/site\\\/\",\"logo\":{\"@type\":\"ImageObject\",\"inLanguage\":\"es\",\"@id\":\"https:\\\/\\\/noticiasmercedinas.com\\\/site\\\/#\\\/schema\\\/logo\\\/image\\\/\",\"url\":\"https:\\\/\\\/noticiasmercedinas.com\\\/site\\\/wp-content\\\/uploads\\\/2020\\\/06\\\/LOGO-512.jpg\",\"contentUrl\":\"https:\\\/\\\/noticiasmercedinas.com\\\/site\\\/wp-content\\\/uploads\\\/2020\\\/06\\\/LOGO-512.jpg\",\"width\":512,\"height\":512,\"caption\":\"NOTICIASMERCEDINAS.COM\"},\"image\":{\"@id\":\"https:\\\/\\\/noticiasmercedinas.com\\\/site\\\/#\\\/schema\\\/logo\\\/image\\\/\"},\"sameAs\":[\"https:\\\/\\\/www.facebook.com\\\/noticiasmercedinas\\\/\",\"https:\\\/\\\/x.com\\\/notmercedinas\",\"https:\\\/\\\/www.instagram.com\\\/noticiasmercedinas\\\/\"]},{\"@type\":\"Person\",\"@id\":\"https:\\\/\\\/noticiasmercedinas.com\\\/site\\\/#\\\/schema\\\/person\\\/8f2f09d666ef40986eba4a5e6f2a06f9\",\"name\":\"Juan Dagnino NOTICIASMERCEDINAS.COM\",\"image\":{\"@type\":\"ImageObject\",\"inLanguage\":\"es\",\"@id\":\"https:\\\/\\\/secure.gravatar.com\\\/avatar\\\/fc7059a769f5a3cae65fadb228a3e4accf3a64b4b2305020d0a27e6d5333c91b?s=96&d=mm&r=g\",\"url\":\"https:\\\/\\\/secure.gravatar.com\\\/avatar\\\/fc7059a769f5a3cae65fadb228a3e4accf3a64b4b2305020d0a27e6d5333c91b?s=96&d=mm&r=g\",\"contentUrl\":\"https:\\\/\\\/secure.gravatar.com\\\/avatar\\\/fc7059a769f5a3cae65fadb228a3e4accf3a64b4b2305020d0a27e6d5333c91b?s=96&d=mm&r=g\",\"caption\":\"Juan Dagnino NOTICIASMERCEDINAS.COM\"},\"url\":\"https:\\\/\\\/noticiasmercedinas.com\\\/site\\\/author\\\/juandagnino\\\/\"}]}<\/script>\n<!-- \/ Yoast SEO plugin. -->","yoast_head_json":{"title":"D\u00edas de f\u00fatbol por la Liga Mercedina","robots":{"index":"index","follow":"follow","max-snippet":"max-snippet:-1","max-image-preview":"max-image-preview:large","max-video-preview":"max-video-preview:-1"},"canonical":"https:\/\/noticiasmercedinas.com\/site\/2025\/10\/31\/dias-de-futbol-por-la-liga-mercedina-2\/","og_locale":"es_ES","og_type":"article","og_title":"D\u00edas de f\u00fatbol por la Liga Mercedina","og_description":"\u25a0 Se le dar\u00e1 continuidad a la octava fecha de Primera. Segunda afrontar\u00e1 la pen\u00faltima. Habr\u00e1 juegos de Reserva m\u00e1s la d\u00e9cima jornada del Infanto Juvenil. El Femenino de Primera resuelve sus cruces. Las Inferiores va por la cuarta jornada.","og_url":"https:\/\/noticiasmercedinas.com\/site\/2025\/10\/31\/dias-de-futbol-por-la-liga-mercedina-2\/","og_site_name":"NOTICIASMERCEDINAS.COM","article_publisher":"https:\/\/www.facebook.com\/noticiasmercedinas\/","article_published_time":"2025-10-31T20:28:53+00:00","og_image":[{"width":640,"height":427,"url":"https:\/\/noticiasmercedinas.com\/site\/wp-content\/uploads\/2025\/10\/IMG_1400.jpg","type":"image\/jpeg"}],"author":"Juan Dagnino NOTICIASMERCEDINAS.COM","twitter_card":"summary_large_image","twitter_creator":"@notmercedinas","twitter_site":"@notmercedinas","twitter_misc":{"Escrito por":"Juan Dagnino NOTICIASMERCEDINAS.COM","Tiempo de lectura":"2 minutos"},"schema":{"@context":"https:\/\/schema.org","@graph":[{"@type":"Article","@id":"https:\/\/noticiasmercedinas.com\/site\/2025\/10\/31\/dias-de-futbol-por-la-liga-mercedina-2\/#article","isPartOf":{"@id":"https:\/\/noticiasmercedinas.com\/site\/2025\/10\/31\/dias-de-futbol-por-la-liga-mercedina-2\/"},"author":{"name":"Juan Dagnino NOTICIASMERCEDINAS.COM","@id":"https:\/\/noticiasmercedinas.com\/site\/#\/schema\/person\/8f2f09d666ef40986eba4a5e6f2a06f9"},"headline":"D\u00edas de f\u00fatbol por la Liga Mercedina","datePublished":"2025-10-31T20:28:53+00:00","mainEntityOfPage":{"@id":"https:\/\/noticiasmercedinas.com\/site\/2025\/10\/31\/dias-de-futbol-por-la-liga-mercedina-2\/"},"wordCount":339,"publisher":{"@id":"https:\/\/noticiasmercedinas.com\/site\/#organization"},"image":{"@id":"https:\/\/noticiasmercedinas.com\/site\/2025\/10\/31\/dias-de-futbol-por-la-liga-mercedina-2\/#primaryimage"},"thumbnailUrl":"https:\/\/noticiasmercedinas.com\/site\/wp-content\/uploads\/2025\/10\/IMG_1400.jpg","keywords":["f\u00fatbol femenino","infanto juvenil","Liga Mercedina de F\u00fatbol","primera divisi\u00f3n a","reserva","segunda divisi\u00f3n a"],"articleSection":["Deportes"],"inLanguage":"es"},{"@type":"WebPage","@id":"https:\/\/noticiasmercedinas.com\/site\/2025\/10\/31\/dias-de-futbol-por-la-liga-mercedina-2\/","url":"https:\/\/noticiasmercedinas.com\/site\/2025\/10\/31\/dias-de-futbol-por-la-liga-mercedina-2\/","name":"D\u00edas de f\u00fatbol por la Liga Mercedina","isPartOf":{"@id":"https:\/\/noticiasmercedinas.com\/site\/#website"},"primaryImageOfPage":{"@id":"https:\/\/noticiasmercedinas.com\/site\/2025\/10\/31\/dias-de-futbol-por-la-liga-mercedina-2\/#primaryimage"},"image":{"@id":"https:\/\/noticiasmercedinas.com\/site\/2025\/10\/31\/dias-de-futbol-por-la-liga-mercedina-2\/#primaryimage"},"thumbnailUrl":"https:\/\/noticiasmercedinas.com\/site\/wp-content\/uploads\/2025\/10\/IMG_1400.jpg","datePublished":"2025-10-31T20:28:53+00:00","breadcrumb":{"@id":"https:\/\/noticiasmercedinas.com\/site\/2025\/10\/31\/dias-de-futbol-por-la-liga-mercedina-2\/#breadcrumb"},"inLanguage":"es","potentialAction":[{"@type":"ReadAction","target":["https:\/\/noticiasmercedinas.com\/site\/2025\/10\/31\/dias-de-futbol-por-la-liga-mercedina-2\/"]}]},{"@type":"ImageObject","inLanguage":"es","@id":"https:\/\/noticiasmercedinas.com\/site\/2025\/10\/31\/dias-de-futbol-por-la-liga-mercedina-2\/#primaryimage","url":"https:\/\/noticiasmercedinas.com\/site\/wp-content\/uploads\/2025\/10\/IMG_1400.jpg","contentUrl":"https:\/\/noticiasmercedinas.com\/site\/wp-content\/uploads\/2025\/10\/IMG_1400.jpg","width":640,"height":427},{"@type":"BreadcrumbList","@id":"https:\/\/noticiasmercedinas.com\/site\/2025\/10\/31\/dias-de-futbol-por-la-liga-mercedina-2\/#breadcrumb","itemListElement":[{"@type":"ListItem","position":1,"name":"Portada","item":"https:\/\/noticiasmercedinas.com\/site\/"},{"@type":"ListItem","position":2,"name":"D\u00edas de f\u00fatbol por la Liga Mercedina"}]},{"@type":"WebSite","@id":"https:\/\/noticiasmercedinas.com\/site\/#website","url":"https:\/\/noticiasmercedinas.com\/site\/","name":"NOTICIASMERCEDINAS.COM","description":"Mercedes, Buenos Aires, Argentina","publisher":{"@id":"https:\/\/noticiasmercedinas.com\/site\/#organization"},"potentialAction":[{"@type":"SearchAction","target":{"@type":"EntryPoint","urlTemplate":"https:\/\/noticiasmercedinas.com\/site\/?s={search_term_string}"},"query-input":{"@type":"PropertyValueSpecification","valueRequired":true,"valueName":"search_term_string"}}],"inLanguage":"es"},{"@type":"Organization","@id":"https:\/\/noticiasmercedinas.com\/site\/#organization","name":"NOTICIASMERCEDINAS.COM","url":"https:\/\/noticiasmercedinas.com\/site\/","logo":{"@type":"ImageObject","inLanguage":"es","@id":"https:\/\/noticiasmercedinas.com\/site\/#\/schema\/logo\/image\/","url":"https:\/\/noticiasmercedinas.com\/site\/wp-content\/uploads\/2020\/06\/LOGO-512.jpg","contentUrl":"https:\/\/noticiasmercedinas.com\/site\/wp-content\/uploads\/2020\/06\/LOGO-512.jpg","width":512,"height":512,"caption":"NOTICIASMERCEDINAS.COM"},"image":{"@id":"https:\/\/noticiasmercedinas.com\/site\/#\/schema\/logo\/image\/"},"sameAs":["https:\/\/www.facebook.com\/noticiasmercedinas\/","https:\/\/x.com\/notmercedinas","https:\/\/www.instagram.com\/noticiasmercedinas\/"]},{"@type":"Person","@id":"https:\/\/noticiasmercedinas.com\/site\/#\/schema\/person\/8f2f09d666ef40986eba4a5e6f2a06f9","name":"Juan Dagnino NOTICIASMERCEDINAS.COM","image":{"@type":"ImageObject","inLanguage":"es","@id":"https:\/\/secure.gravatar.com\/avatar\/fc7059a769f5a3cae65fadb228a3e4accf3a64b4b2305020d0a27e6d5333c91b?s=96&d=mm&r=g","url":"https:\/\/secure.gravatar.com\/avatar\/fc7059a769f5a3cae65fadb228a3e4accf3a64b4b2305020d0a27e6d5333c91b?s=96&d=mm&r=g","contentUrl":"https:\/\/secure.gravatar.com\/avatar\/fc7059a769f5a3cae65fadb228a3e4accf3a64b4b2305020d0a27e6d5333c91b?s=96&d=mm&r=g","caption":"Juan Dagnino NOTICIASMERCEDINAS.COM"},"url":"https:\/\/noticiasmercedinas.com\/site\/author\/juandagnino\/"}]}},"amp_enabled":true,"_links":{"self":[{"href":"https:\/\/noticiasmercedinas.com\/site\/wp-json\/wp\/v2\/posts\/173212","targetHints":{"allow":["GET"]}}],"collection":[{"href":"https:\/\/noticiasmercedinas.com\/site\/wp-json\/wp\/v2\/posts"}],"about":[{"href":"https:\/\/noticiasmercedinas.com\/site\/wp-json\/wp\/v2\/types\/post"}],"author":[{"embeddable":true,"href":"https:\/\/noticiasmercedinas.com\/site\/wp-json\/wp\/v2\/users\/6"}],"replies":[{"embeddable":true,"href":"https:\/\/noticiasmercedinas.com\/site\/wp-json\/wp\/v2\/comments?post=173212"}],"version-history":[{"count":1,"href":"https:\/\/noticiasmercedinas.com\/site\/wp-json\/wp\/v2\/posts\/173212\/revisions"}],"predecessor-version":[{"id":173218,"href":"https:\/\/noticiasmercedinas.com\/site\/wp-json\/wp\/v2\/posts\/173212\/revisions\/173218"}],"wp:featuredmedia":[{"embeddable":true,"href":"https:\/\/noticiasmercedinas.com\/site\/wp-json\/wp\/v2\/media\/173217"}],"wp:attachment":[{"href":"https:\/\/noticiasmercedinas.com\/site\/wp-json\/wp\/v2\/media?parent=173212"}],"wp:term":[{"taxonomy":"category","embeddable":true,"href":"https:\/\/noticiasmercedinas.com\/site\/wp-json\/wp\/v2\/categories?post=173212"},{"taxonomy":"post_tag","embeddable":true,"href":"https:\/\/noticiasmercedinas.com\/site\/wp-json\/wp\/v2\/tags?post=173212"}],"curies":[{"name":"wp","href":"https:\/\/api.w.org\/{rel}","templated":true}]}}