{"id":173325,"date":"2025-11-02T18:57:53","date_gmt":"2025-11-02T21:57:53","guid":{"rendered":"https:\/\/noticiasmercedinas.com\/site\/?p=173325"},"modified":"2025-11-02T18:58:22","modified_gmt":"2025-11-02T21:58:22","slug":"siley-pide-al-peronismo-un-programa-de-reforma-laboral-propio-y-critica-a-la-cupula-de-la-cgt","status":"publish","type":"post","link":"https:\/\/noticiasmercedinas.com\/site\/2025\/11\/02\/siley-pide-al-peronismo-un-programa-de-reforma-laboral-propio-y-critica-a-la-cupula-de-la-cgt\/","title":{"rendered":"Siley pide al peronismo un \u00abprograma de reforma laboral propio\u00bb y critica a la c\u00fapula de la CGT"},"content":{"rendered":"<p><img loading=\"lazy\" decoding=\"async\" class=\"alignnone size-full wp-image-139206\" src=\"https:\/\/noticiasmercedinas.com\/site\/wp-content\/uploads\/2024\/06\/SILEY.jpg\" alt=\"\" width=\"640\" height=\"456\" srcset=\"https:\/\/noticiasmercedinas.com\/site\/wp-content\/uploads\/2024\/06\/SILEY.jpg 640w, https:\/\/noticiasmercedinas.com\/site\/wp-content\/uploads\/2024\/06\/SILEY-300x214.jpg 300w\" sizes=\"auto, (max-width: 640px) 100vw, 640px\" \/><\/p>\n<p>La diputada nacional por Buenos Aires y dirigente sindical judicial, <b>Vanesa Siley<\/b>, realiz\u00f3 una fuerte autocr\u00edtica a la conducci\u00f3n del peronismo y del movimiento obrero tras la derrota electoral.<\/p>\n<p>En una entrevista con \u00abFeas, Sucias y Malas\u00bb (Radio Gr\u00e1fica), la mercedina Siley llam\u00f3 a encarar una <b>propuesta propia de reforma laboral \u00abmodernizadora, progresiva\u00bb<\/b> para combatir la insatisfacci\u00f3n democr\u00e1tica, proponiendo como eje central la aplicaci\u00f3n de una <b>suma fija<\/b> y la <b>reducci\u00f3n de la jornada laboral<\/b>.<\/p>\n<p>Siley fue particularmente cr\u00edtica con parte de la c\u00fapula sindical, al se\u00f1alar que dirigentes como <b>H\u00e9ctor Daer<\/b> y <b>Andr\u00e9s Rodr\u00edguez<\/b> est\u00e1n siendo <b>\u00abcobardes\u00bb<\/b> al \u00abpelear con Cristina\u00bb en lugar de enfrentar al poder econ\u00f3mico y a las pol\u00edticas de Javier Milei, que buscan <b>\u00abflexibilizar m\u00e1s los derechos de los laburantes.\u00bb<\/b><\/p>\n<blockquote><p>Siley enumer\u00f3 las propuestas que deben discutirse, las cuales contrastan con la \u00abquita de derechos\u00bb planteada por el oficialismo<\/p><\/blockquote>\n<p>Siley coincidi\u00f3 con la lectura de Cristina Kirchner sobre el resultado electoral y lo atribuy\u00f3 a un <b>\u00abreflejo de un voto gorila\u00bb<\/b> posibilitado por el desdoblamiento de las elecciones, que dio tiempo al adversario a reagruparse sobre una base <b>\u00abantiperonista hist\u00f3rico\u00bb<\/b>.<\/p>\n<p>La diputada apunt\u00f3 directamente a la CGT, criticando que los gremios est\u00e9n <b>\u00abpeleando solos\u00bb<\/b> contra el ataque homog\u00e9neo del Gobierno (mencionando las luchas en Vialidad, INTA y la derogaci\u00f3n de derechos en el DNU de la Marina Mercante). Sostuvo que se necesita una defensa <b>\u00abcohesionada por la organizaci\u00f3n de los trabajadores por excelencia\u00bb<\/b> (la central obrera).<\/p>\n<p>Para Siley, la gente no va a votar porque percibe que la democracia no resuelve sus problemas principales. La soluci\u00f3n, seg\u00fan su visi\u00f3n, pasa por abordar el problema del <b>salario bajo<\/b> que obliga al <b>\u00abpluriempleo\u00bb<\/b> y que tiene a <b>trabajadores registrados por debajo de la l\u00ednea de la pobreza<\/b>.<\/p>\n<p>Desde la Secretar\u00eda de Nuevas Relaciones Laborales del Partido Justicialista, Siley enumer\u00f3 las propuestas que deben discutirse, las cuales contrastan con la \u00abquita de derechos\u00bb planteada por el oficialismo:<\/p>\n<ul>\n<li><b>Suma Fija:<\/b> Para resolver la emergencia salarial y reactivar el consumo interno.<\/li>\n<li><b>Reducci\u00f3n de la Jornada Laboral.<\/b><\/li>\n<li><b>Licencias Parentales Ampliadas:<\/b> Incluyendo la extensi\u00f3n a contratos de locaci\u00f3n de servicio.<\/li>\n<li><b>Regulaci\u00f3n de Plataformas:<\/b> Crear una ley con diez principios para trabajadores de plataformas que hoy carecen de seguridad social, seguro de accidentes y derecho a sindicalizaci\u00f3n.<\/li>\n<li><b>Desconexi\u00f3n Digital y Salud Mental:<\/b> Abordar estas problem\u00e1ticas mediante comit\u00e9s mixtos.<\/li>\n<\/ul>\n<p>La legisladora concluy\u00f3 que ninguna ley laboral generar\u00e1 empleo si el pa\u00eds no abandona el modelo de <b>\u00abvalorizaci\u00f3n financiera\u00bb<\/b> y no invierte en <b>\u00abmodelo industrial de protecci\u00f3n\u00bb<\/b> con inversiones estrat\u00e9gicas, ciencia y tecnolog\u00eda.<\/p>\n<p>Respecto al Congreso, Siley advirti\u00f3 que los <b>\u00absectores del medio\u00bb<\/b> han votado al vaiv\u00e9n del poder y que para evitar que se apruebe la quita de derechos de Milei, es <b>\u00abclave y estrat\u00e9gico\u00bb<\/b> articular y <b>\u00aborganizar bien la calle\u00bb<\/b>, unificando las luchas sindicales bajo una conducci\u00f3n estrat\u00e9gica.<\/p>\n<p><iframe loading=\"lazy\" title=\"Vanesa Siley - &quot;Feas, Sucias y Malas&quot; por Radio Gr\u00e1fica\" width=\"640\" height=\"360\" src=\"https:\/\/www.youtube.com\/embed\/WDHUlkqqrqw?feature=oembed\" frameborder=\"0\" allow=\"accelerometer; autoplay; clipboard-write; encrypted-media; gyroscope; picture-in-picture; web-share\" referrerpolicy=\"strict-origin-when-cross-origin\" allowfullscreen><\/iframe><\/p>\n","protected":false},"excerpt":{"rendered":"<p>\u25a0\u00a0La diputada nacional (Uni\u00f3n por la Patria) analiz\u00f3 en Radio Gr\u00e1fica la derrota electoral, la \u00abinsatisfacci\u00f3n democr\u00e1tica\u00bb y la necesidad de dejar de \u00abpelear contra Cristina\u00bb para enfrentar al modelo de Milei. Propuso una agenda de suma fija y reducci\u00f3n de jornada.<\/p>\n","protected":false},"author":16,"featured_media":139206,"comment_status":"closed","ping_status":"closed","sticky":false,"template":"","format":"standard","meta":{"footnotes":""},"categories":[16],"tags":[10340,21127,552,5822,51],"class_list":["post-173325","post","type-post","status-publish","format-standard","has-post-thumbnail","hentry","category-politica","tag-diputada","tag-leyes","tag-peronismo","tag-reforma-laboral","tag-vanesa-siley"],"yoast_head":"<!-- This site is optimized with the Yoast SEO plugin v27.4 - https:\/\/yoast.com\/product\/yoast-seo-wordpress\/ -->\n<title>Siley pide al peronismo un &quot;programa de reforma laboral propio&quot; y critica a la c\u00fapula de la CGT<\/title>\n<meta name=\"description\" content=\"\u25a0\u00a0La diputada nacional (Uni\u00f3n por la Patria) analiz\u00f3 en Radio Gr\u00e1fica la derrota electoral, la &quot;insatisfacci\u00f3n democr\u00e1tica&quot; y la necesidad de dejar de &quot;pelear contra Cristina&quot; para enfrentar al modelo de Milei. Propuso una agenda de suma fija y reducci\u00f3n de jornada.\" \/>\n<meta name=\"robots\" content=\"index, follow, max-snippet:-1, max-image-preview:large, max-video-preview:-1\" \/>\n<link rel=\"canonical\" href=\"https:\/\/noticiasmercedinas.com\/site\/2025\/11\/02\/siley-pide-al-peronismo-un-programa-de-reforma-laboral-propio-y-critica-a-la-cupula-de-la-cgt\/\" \/>\n<meta property=\"og:locale\" content=\"es_ES\" \/>\n<meta property=\"og:type\" content=\"article\" \/>\n<meta property=\"og:title\" content=\"Siley pide al peronismo un &quot;programa de reforma laboral propio&quot; y critica a la c\u00fapula de la CGT\" \/>\n<meta property=\"og:description\" content=\"\u25a0\u00a0La diputada nacional (Uni\u00f3n por la Patria) analiz\u00f3 en Radio Gr\u00e1fica la derrota electoral, la &quot;insatisfacci\u00f3n democr\u00e1tica&quot; y la necesidad de dejar de &quot;pelear contra Cristina&quot; para enfrentar al modelo de Milei. Propuso una agenda de suma fija y reducci\u00f3n de jornada.\" \/>\n<meta property=\"og:url\" content=\"https:\/\/noticiasmercedinas.com\/site\/2025\/11\/02\/siley-pide-al-peronismo-un-programa-de-reforma-laboral-propio-y-critica-a-la-cupula-de-la-cgt\/\" \/>\n<meta property=\"og:site_name\" content=\"NOTICIASMERCEDINAS.COM\" \/>\n<meta property=\"article:publisher\" content=\"https:\/\/www.facebook.com\/noticiasmercedinas\/\" \/>\n<meta property=\"article:published_time\" content=\"2025-11-02T21:57:53+00:00\" \/>\n<meta property=\"article:modified_time\" content=\"2025-11-02T21:58:22+00:00\" \/>\n<meta property=\"og:image\" content=\"https:\/\/noticiasmercedinas.com\/site\/wp-content\/uploads\/2024\/06\/SILEY.jpg\" \/>\n\t<meta property=\"og:image:width\" content=\"640\" \/>\n\t<meta property=\"og:image:height\" content=\"456\" \/>\n\t<meta property=\"og:image:type\" content=\"image\/jpeg\" \/>\n<meta name=\"author\" content=\"NOTICIASMERCEDINAS.COM\" \/>\n<meta name=\"twitter:card\" content=\"summary_large_image\" \/>\n<meta name=\"twitter:creator\" content=\"@notmercedinas\" \/>\n<meta name=\"twitter:site\" content=\"@notmercedinas\" \/>\n<meta name=\"twitter:label1\" content=\"Escrito por\" \/>\n\t<meta name=\"twitter:data1\" content=\"NOTICIASMERCEDINAS.COM\" \/>\n\t<meta name=\"twitter:label2\" content=\"Tiempo de lectura\" \/>\n\t<meta name=\"twitter:data2\" content=\"3 minutos\" \/>\n<script type=\"application\/ld+json\" class=\"yoast-schema-graph\">{\"@context\":\"https:\\\/\\\/schema.org\",\"@graph\":[{\"@type\":\"Article\",\"@id\":\"https:\\\/\\\/noticiasmercedinas.com\\\/site\\\/2025\\\/11\\\/02\\\/siley-pide-al-peronismo-un-programa-de-reforma-laboral-propio-y-critica-a-la-cupula-de-la-cgt\\\/#article\",\"isPartOf\":{\"@id\":\"https:\\\/\\\/noticiasmercedinas.com\\\/site\\\/2025\\\/11\\\/02\\\/siley-pide-al-peronismo-un-programa-de-reforma-laboral-propio-y-critica-a-la-cupula-de-la-cgt\\\/\"},\"author\":{\"name\":\"NOTICIASMERCEDINAS.COM\",\"@id\":\"https:\\\/\\\/noticiasmercedinas.com\\\/site\\\/#\\\/schema\\\/person\\\/84b59c099c28ff2e8b77d4ceec5d8063\"},\"headline\":\"Siley pide al peronismo un \u00abprograma de reforma laboral propio\u00bb y critica a la c\u00fapula de la CGT\",\"datePublished\":\"2025-11-02T21:57:53+00:00\",\"dateModified\":\"2025-11-02T21:58:22+00:00\",\"mainEntityOfPage\":{\"@id\":\"https:\\\/\\\/noticiasmercedinas.com\\\/site\\\/2025\\\/11\\\/02\\\/siley-pide-al-peronismo-un-programa-de-reforma-laboral-propio-y-critica-a-la-cupula-de-la-cgt\\\/\"},\"wordCount\":535,\"publisher\":{\"@id\":\"https:\\\/\\\/noticiasmercedinas.com\\\/site\\\/#organization\"},\"image\":{\"@id\":\"https:\\\/\\\/noticiasmercedinas.com\\\/site\\\/2025\\\/11\\\/02\\\/siley-pide-al-peronismo-un-programa-de-reforma-laboral-propio-y-critica-a-la-cupula-de-la-cgt\\\/#primaryimage\"},\"thumbnailUrl\":\"https:\\\/\\\/noticiasmercedinas.com\\\/site\\\/wp-content\\\/uploads\\\/2024\\\/06\\\/SILEY.jpg\",\"keywords\":[\"diputada\",\"leyes\",\"Peronismo\",\"reforma laboral\",\"vanesa siley\"],\"articleSection\":[\"Politica\"],\"inLanguage\":\"es\"},{\"@type\":\"WebPage\",\"@id\":\"https:\\\/\\\/noticiasmercedinas.com\\\/site\\\/2025\\\/11\\\/02\\\/siley-pide-al-peronismo-un-programa-de-reforma-laboral-propio-y-critica-a-la-cupula-de-la-cgt\\\/\",\"url\":\"https:\\\/\\\/noticiasmercedinas.com\\\/site\\\/2025\\\/11\\\/02\\\/siley-pide-al-peronismo-un-programa-de-reforma-laboral-propio-y-critica-a-la-cupula-de-la-cgt\\\/\",\"name\":\"Siley pide al peronismo un \\\"programa de reforma laboral propio\\\" y critica a la c\u00fapula de la CGT\",\"isPartOf\":{\"@id\":\"https:\\\/\\\/noticiasmercedinas.com\\\/site\\\/#website\"},\"primaryImageOfPage\":{\"@id\":\"https:\\\/\\\/noticiasmercedinas.com\\\/site\\\/2025\\\/11\\\/02\\\/siley-pide-al-peronismo-un-programa-de-reforma-laboral-propio-y-critica-a-la-cupula-de-la-cgt\\\/#primaryimage\"},\"image\":{\"@id\":\"https:\\\/\\\/noticiasmercedinas.com\\\/site\\\/2025\\\/11\\\/02\\\/siley-pide-al-peronismo-un-programa-de-reforma-laboral-propio-y-critica-a-la-cupula-de-la-cgt\\\/#primaryimage\"},\"thumbnailUrl\":\"https:\\\/\\\/noticiasmercedinas.com\\\/site\\\/wp-content\\\/uploads\\\/2024\\\/06\\\/SILEY.jpg\",\"datePublished\":\"2025-11-02T21:57:53+00:00\",\"dateModified\":\"2025-11-02T21:58:22+00:00\",\"description\":\"\u25a0\u00a0La diputada nacional (Uni\u00f3n por la Patria) analiz\u00f3 en Radio Gr\u00e1fica la derrota electoral, la \\\"insatisfacci\u00f3n democr\u00e1tica\\\" y la necesidad de dejar de \\\"pelear contra Cristina\\\" para enfrentar al modelo de Milei. Propuso una agenda de suma fija y reducci\u00f3n de jornada.\",\"breadcrumb\":{\"@id\":\"https:\\\/\\\/noticiasmercedinas.com\\\/site\\\/2025\\\/11\\\/02\\\/siley-pide-al-peronismo-un-programa-de-reforma-laboral-propio-y-critica-a-la-cupula-de-la-cgt\\\/#breadcrumb\"},\"inLanguage\":\"es\",\"potentialAction\":[{\"@type\":\"ReadAction\",\"target\":[\"https:\\\/\\\/noticiasmercedinas.com\\\/site\\\/2025\\\/11\\\/02\\\/siley-pide-al-peronismo-un-programa-de-reforma-laboral-propio-y-critica-a-la-cupula-de-la-cgt\\\/\"]}]},{\"@type\":\"ImageObject\",\"inLanguage\":\"es\",\"@id\":\"https:\\\/\\\/noticiasmercedinas.com\\\/site\\\/2025\\\/11\\\/02\\\/siley-pide-al-peronismo-un-programa-de-reforma-laboral-propio-y-critica-a-la-cupula-de-la-cgt\\\/#primaryimage\",\"url\":\"https:\\\/\\\/noticiasmercedinas.com\\\/site\\\/wp-content\\\/uploads\\\/2024\\\/06\\\/SILEY.jpg\",\"contentUrl\":\"https:\\\/\\\/noticiasmercedinas.com\\\/site\\\/wp-content\\\/uploads\\\/2024\\\/06\\\/SILEY.jpg\",\"width\":640,\"height\":456},{\"@type\":\"BreadcrumbList\",\"@id\":\"https:\\\/\\\/noticiasmercedinas.com\\\/site\\\/2025\\\/11\\\/02\\\/siley-pide-al-peronismo-un-programa-de-reforma-laboral-propio-y-critica-a-la-cupula-de-la-cgt\\\/#breadcrumb\",\"itemListElement\":[{\"@type\":\"ListItem\",\"position\":1,\"name\":\"Portada\",\"item\":\"https:\\\/\\\/noticiasmercedinas.com\\\/site\\\/\"},{\"@type\":\"ListItem\",\"position\":2,\"name\":\"Siley pide al peronismo un \u00abprograma de reforma laboral propio\u00bb y critica a la c\u00fapula de la CGT\"}]},{\"@type\":\"WebSite\",\"@id\":\"https:\\\/\\\/noticiasmercedinas.com\\\/site\\\/#website\",\"url\":\"https:\\\/\\\/noticiasmercedinas.com\\\/site\\\/\",\"name\":\"NOTICIASMERCEDINAS.COM\",\"description\":\"Mercedes, Buenos Aires, Argentina\",\"publisher\":{\"@id\":\"https:\\\/\\\/noticiasmercedinas.com\\\/site\\\/#organization\"},\"potentialAction\":[{\"@type\":\"SearchAction\",\"target\":{\"@type\":\"EntryPoint\",\"urlTemplate\":\"https:\\\/\\\/noticiasmercedinas.com\\\/site\\\/?s={search_term_string}\"},\"query-input\":{\"@type\":\"PropertyValueSpecification\",\"valueRequired\":true,\"valueName\":\"search_term_string\"}}],\"inLanguage\":\"es\"},{\"@type\":\"Organization\",\"@id\":\"https:\\\/\\\/noticiasmercedinas.com\\\/site\\\/#organization\",\"name\":\"NOTICIASMERCEDINAS.COM\",\"url\":\"https:\\\/\\\/noticiasmercedinas.com\\\/site\\\/\",\"logo\":{\"@type\":\"ImageObject\",\"inLanguage\":\"es\",\"@id\":\"https:\\\/\\\/noticiasmercedinas.com\\\/site\\\/#\\\/schema\\\/logo\\\/image\\\/\",\"url\":\"https:\\\/\\\/noticiasmercedinas.com\\\/site\\\/wp-content\\\/uploads\\\/2020\\\/06\\\/LOGO-512.jpg\",\"contentUrl\":\"https:\\\/\\\/noticiasmercedinas.com\\\/site\\\/wp-content\\\/uploads\\\/2020\\\/06\\\/LOGO-512.jpg\",\"width\":512,\"height\":512,\"caption\":\"NOTICIASMERCEDINAS.COM\"},\"image\":{\"@id\":\"https:\\\/\\\/noticiasmercedinas.com\\\/site\\\/#\\\/schema\\\/logo\\\/image\\\/\"},\"sameAs\":[\"https:\\\/\\\/www.facebook.com\\\/noticiasmercedinas\\\/\",\"https:\\\/\\\/x.com\\\/notmercedinas\",\"https:\\\/\\\/www.instagram.com\\\/noticiasmercedinas\\\/\"]},{\"@type\":\"Person\",\"@id\":\"https:\\\/\\\/noticiasmercedinas.com\\\/site\\\/#\\\/schema\\\/person\\\/84b59c099c28ff2e8b77d4ceec5d8063\",\"name\":\"NOTICIASMERCEDINAS.COM\",\"image\":{\"@type\":\"ImageObject\",\"inLanguage\":\"es\",\"@id\":\"https:\\\/\\\/secure.gravatar.com\\\/avatar\\\/4dfbf16b4d17945bfb6341b2d19043457132fcf478a5ee04f42e959fd8f5df0a?s=96&d=mm&r=g\",\"url\":\"https:\\\/\\\/secure.gravatar.com\\\/avatar\\\/4dfbf16b4d17945bfb6341b2d19043457132fcf478a5ee04f42e959fd8f5df0a?s=96&d=mm&r=g\",\"contentUrl\":\"https:\\\/\\\/secure.gravatar.com\\\/avatar\\\/4dfbf16b4d17945bfb6341b2d19043457132fcf478a5ee04f42e959fd8f5df0a?s=96&d=mm&r=g\",\"caption\":\"NOTICIASMERCEDINAS.COM\"},\"url\":\"https:\\\/\\\/noticiasmercedinas.com\\\/site\\\/author\\\/anonimo\\\/\"}]}<\/script>\n<!-- \/ Yoast SEO plugin. -->","yoast_head_json":{"title":"Siley pide al peronismo un \"programa de reforma laboral propio\" y critica a la c\u00fapula de la CGT","description":"\u25a0\u00a0La diputada nacional (Uni\u00f3n por la Patria) analiz\u00f3 en Radio Gr\u00e1fica la derrota electoral, la \"insatisfacci\u00f3n democr\u00e1tica\" y la necesidad de dejar de \"pelear contra Cristina\" para enfrentar al modelo de Milei. Propuso una agenda de suma fija y reducci\u00f3n de jornada.","robots":{"index":"index","follow":"follow","max-snippet":"max-snippet:-1","max-image-preview":"max-image-preview:large","max-video-preview":"max-video-preview:-1"},"canonical":"https:\/\/noticiasmercedinas.com\/site\/2025\/11\/02\/siley-pide-al-peronismo-un-programa-de-reforma-laboral-propio-y-critica-a-la-cupula-de-la-cgt\/","og_locale":"es_ES","og_type":"article","og_title":"Siley pide al peronismo un \"programa de reforma laboral propio\" y critica a la c\u00fapula de la CGT","og_description":"\u25a0\u00a0La diputada nacional (Uni\u00f3n por la Patria) analiz\u00f3 en Radio Gr\u00e1fica la derrota electoral, la \"insatisfacci\u00f3n democr\u00e1tica\" y la necesidad de dejar de \"pelear contra Cristina\" para enfrentar al modelo de Milei. Propuso una agenda de suma fija y reducci\u00f3n de jornada.","og_url":"https:\/\/noticiasmercedinas.com\/site\/2025\/11\/02\/siley-pide-al-peronismo-un-programa-de-reforma-laboral-propio-y-critica-a-la-cupula-de-la-cgt\/","og_site_name":"NOTICIASMERCEDINAS.COM","article_publisher":"https:\/\/www.facebook.com\/noticiasmercedinas\/","article_published_time":"2025-11-02T21:57:53+00:00","article_modified_time":"2025-11-02T21:58:22+00:00","og_image":[{"width":640,"height":456,"url":"https:\/\/noticiasmercedinas.com\/site\/wp-content\/uploads\/2024\/06\/SILEY.jpg","type":"image\/jpeg"}],"author":"NOTICIASMERCEDINAS.COM","twitter_card":"summary_large_image","twitter_creator":"@notmercedinas","twitter_site":"@notmercedinas","twitter_misc":{"Escrito por":"NOTICIASMERCEDINAS.COM","Tiempo de lectura":"3 minutos"},"schema":{"@context":"https:\/\/schema.org","@graph":[{"@type":"Article","@id":"https:\/\/noticiasmercedinas.com\/site\/2025\/11\/02\/siley-pide-al-peronismo-un-programa-de-reforma-laboral-propio-y-critica-a-la-cupula-de-la-cgt\/#article","isPartOf":{"@id":"https:\/\/noticiasmercedinas.com\/site\/2025\/11\/02\/siley-pide-al-peronismo-un-programa-de-reforma-laboral-propio-y-critica-a-la-cupula-de-la-cgt\/"},"author":{"name":"NOTICIASMERCEDINAS.COM","@id":"https:\/\/noticiasmercedinas.com\/site\/#\/schema\/person\/84b59c099c28ff2e8b77d4ceec5d8063"},"headline":"Siley pide al peronismo un \u00abprograma de reforma laboral propio\u00bb y critica a la c\u00fapula de la CGT","datePublished":"2025-11-02T21:57:53+00:00","dateModified":"2025-11-02T21:58:22+00:00","mainEntityOfPage":{"@id":"https:\/\/noticiasmercedinas.com\/site\/2025\/11\/02\/siley-pide-al-peronismo-un-programa-de-reforma-laboral-propio-y-critica-a-la-cupula-de-la-cgt\/"},"wordCount":535,"publisher":{"@id":"https:\/\/noticiasmercedinas.com\/site\/#organization"},"image":{"@id":"https:\/\/noticiasmercedinas.com\/site\/2025\/11\/02\/siley-pide-al-peronismo-un-programa-de-reforma-laboral-propio-y-critica-a-la-cupula-de-la-cgt\/#primaryimage"},"thumbnailUrl":"https:\/\/noticiasmercedinas.com\/site\/wp-content\/uploads\/2024\/06\/SILEY.jpg","keywords":["diputada","leyes","Peronismo","reforma laboral","vanesa siley"],"articleSection":["Politica"],"inLanguage":"es"},{"@type":"WebPage","@id":"https:\/\/noticiasmercedinas.com\/site\/2025\/11\/02\/siley-pide-al-peronismo-un-programa-de-reforma-laboral-propio-y-critica-a-la-cupula-de-la-cgt\/","url":"https:\/\/noticiasmercedinas.com\/site\/2025\/11\/02\/siley-pide-al-peronismo-un-programa-de-reforma-laboral-propio-y-critica-a-la-cupula-de-la-cgt\/","name":"Siley pide al peronismo un \"programa de reforma laboral propio\" y critica a la c\u00fapula de la CGT","isPartOf":{"@id":"https:\/\/noticiasmercedinas.com\/site\/#website"},"primaryImageOfPage":{"@id":"https:\/\/noticiasmercedinas.com\/site\/2025\/11\/02\/siley-pide-al-peronismo-un-programa-de-reforma-laboral-propio-y-critica-a-la-cupula-de-la-cgt\/#primaryimage"},"image":{"@id":"https:\/\/noticiasmercedinas.com\/site\/2025\/11\/02\/siley-pide-al-peronismo-un-programa-de-reforma-laboral-propio-y-critica-a-la-cupula-de-la-cgt\/#primaryimage"},"thumbnailUrl":"https:\/\/noticiasmercedinas.com\/site\/wp-content\/uploads\/2024\/06\/SILEY.jpg","datePublished":"2025-11-02T21:57:53+00:00","dateModified":"2025-11-02T21:58:22+00:00","description":"\u25a0\u00a0La diputada nacional (Uni\u00f3n por la Patria) analiz\u00f3 en Radio Gr\u00e1fica la derrota electoral, la \"insatisfacci\u00f3n democr\u00e1tica\" y la necesidad de dejar de \"pelear contra Cristina\" para enfrentar al modelo de Milei. Propuso una agenda de suma fija y reducci\u00f3n de jornada.","breadcrumb":{"@id":"https:\/\/noticiasmercedinas.com\/site\/2025\/11\/02\/siley-pide-al-peronismo-un-programa-de-reforma-laboral-propio-y-critica-a-la-cupula-de-la-cgt\/#breadcrumb"},"inLanguage":"es","potentialAction":[{"@type":"ReadAction","target":["https:\/\/noticiasmercedinas.com\/site\/2025\/11\/02\/siley-pide-al-peronismo-un-programa-de-reforma-laboral-propio-y-critica-a-la-cupula-de-la-cgt\/"]}]},{"@type":"ImageObject","inLanguage":"es","@id":"https:\/\/noticiasmercedinas.com\/site\/2025\/11\/02\/siley-pide-al-peronismo-un-programa-de-reforma-laboral-propio-y-critica-a-la-cupula-de-la-cgt\/#primaryimage","url":"https:\/\/noticiasmercedinas.com\/site\/wp-content\/uploads\/2024\/06\/SILEY.jpg","contentUrl":"https:\/\/noticiasmercedinas.com\/site\/wp-content\/uploads\/2024\/06\/SILEY.jpg","width":640,"height":456},{"@type":"BreadcrumbList","@id":"https:\/\/noticiasmercedinas.com\/site\/2025\/11\/02\/siley-pide-al-peronismo-un-programa-de-reforma-laboral-propio-y-critica-a-la-cupula-de-la-cgt\/#breadcrumb","itemListElement":[{"@type":"ListItem","position":1,"name":"Portada","item":"https:\/\/noticiasmercedinas.com\/site\/"},{"@type":"ListItem","position":2,"name":"Siley pide al peronismo un \u00abprograma de reforma laboral propio\u00bb y critica a la c\u00fapula de la CGT"}]},{"@type":"WebSite","@id":"https:\/\/noticiasmercedinas.com\/site\/#website","url":"https:\/\/noticiasmercedinas.com\/site\/","name":"NOTICIASMERCEDINAS.COM","description":"Mercedes, Buenos Aires, Argentina","publisher":{"@id":"https:\/\/noticiasmercedinas.com\/site\/#organization"},"potentialAction":[{"@type":"SearchAction","target":{"@type":"EntryPoint","urlTemplate":"https:\/\/noticiasmercedinas.com\/site\/?s={search_term_string}"},"query-input":{"@type":"PropertyValueSpecification","valueRequired":true,"valueName":"search_term_string"}}],"inLanguage":"es"},{"@type":"Organization","@id":"https:\/\/noticiasmercedinas.com\/site\/#organization","name":"NOTICIASMERCEDINAS.COM","url":"https:\/\/noticiasmercedinas.com\/site\/","logo":{"@type":"ImageObject","inLanguage":"es","@id":"https:\/\/noticiasmercedinas.com\/site\/#\/schema\/logo\/image\/","url":"https:\/\/noticiasmercedinas.com\/site\/wp-content\/uploads\/2020\/06\/LOGO-512.jpg","contentUrl":"https:\/\/noticiasmercedinas.com\/site\/wp-content\/uploads\/2020\/06\/LOGO-512.jpg","width":512,"height":512,"caption":"NOTICIASMERCEDINAS.COM"},"image":{"@id":"https:\/\/noticiasmercedinas.com\/site\/#\/schema\/logo\/image\/"},"sameAs":["https:\/\/www.facebook.com\/noticiasmercedinas\/","https:\/\/x.com\/notmercedinas","https:\/\/www.instagram.com\/noticiasmercedinas\/"]},{"@type":"Person","@id":"https:\/\/noticiasmercedinas.com\/site\/#\/schema\/person\/84b59c099c28ff2e8b77d4ceec5d8063","name":"NOTICIASMERCEDINAS.COM","image":{"@type":"ImageObject","inLanguage":"es","@id":"https:\/\/secure.gravatar.com\/avatar\/4dfbf16b4d17945bfb6341b2d19043457132fcf478a5ee04f42e959fd8f5df0a?s=96&d=mm&r=g","url":"https:\/\/secure.gravatar.com\/avatar\/4dfbf16b4d17945bfb6341b2d19043457132fcf478a5ee04f42e959fd8f5df0a?s=96&d=mm&r=g","contentUrl":"https:\/\/secure.gravatar.com\/avatar\/4dfbf16b4d17945bfb6341b2d19043457132fcf478a5ee04f42e959fd8f5df0a?s=96&d=mm&r=g","caption":"NOTICIASMERCEDINAS.COM"},"url":"https:\/\/noticiasmercedinas.com\/site\/author\/anonimo\/"}]}},"amp_enabled":true,"_links":{"self":[{"href":"https:\/\/noticiasmercedinas.com\/site\/wp-json\/wp\/v2\/posts\/173325","targetHints":{"allow":["GET"]}}],"collection":[{"href":"https:\/\/noticiasmercedinas.com\/site\/wp-json\/wp\/v2\/posts"}],"about":[{"href":"https:\/\/noticiasmercedinas.com\/site\/wp-json\/wp\/v2\/types\/post"}],"author":[{"embeddable":true,"href":"https:\/\/noticiasmercedinas.com\/site\/wp-json\/wp\/v2\/users\/16"}],"replies":[{"embeddable":true,"href":"https:\/\/noticiasmercedinas.com\/site\/wp-json\/wp\/v2\/comments?post=173325"}],"version-history":[{"count":2,"href":"https:\/\/noticiasmercedinas.com\/site\/wp-json\/wp\/v2\/posts\/173325\/revisions"}],"predecessor-version":[{"id":173327,"href":"https:\/\/noticiasmercedinas.com\/site\/wp-json\/wp\/v2\/posts\/173325\/revisions\/173327"}],"wp:featuredmedia":[{"embeddable":true,"href":"https:\/\/noticiasmercedinas.com\/site\/wp-json\/wp\/v2\/media\/139206"}],"wp:attachment":[{"href":"https:\/\/noticiasmercedinas.com\/site\/wp-json\/wp\/v2\/media?parent=173325"}],"wp:term":[{"taxonomy":"category","embeddable":true,"href":"https:\/\/noticiasmercedinas.com\/site\/wp-json\/wp\/v2\/categories?post=173325"},{"taxonomy":"post_tag","embeddable":true,"href":"https:\/\/noticiasmercedinas.com\/site\/wp-json\/wp\/v2\/tags?post=173325"}],"curies":[{"name":"wp","href":"https:\/\/api.w.org\/{rel}","templated":true}]}}