{"id":173486,"date":"2025-11-04T07:30:42","date_gmt":"2025-11-04T10:30:42","guid":{"rendered":"https:\/\/noticiasmercedinas.com\/site\/?p=173486"},"modified":"2025-11-04T07:30:57","modified_gmt":"2025-11-04T10:30:57","slug":"lanzan-licitacion-clave-1-872-kilometros-de-rutas-nacionales-pasaran-a-gestion-privada","status":"publish","type":"post","link":"https:\/\/noticiasmercedinas.com\/site\/2025\/11\/04\/lanzan-licitacion-clave-1-872-kilometros-de-rutas-nacionales-pasaran-a-gestion-privada\/","title":{"rendered":"Lanzan licitaci\u00f3n clave: 1.872 kil\u00f3metros de rutas nacionales pasar\u00e1n a gesti\u00f3n privada"},"content":{"rendered":"<p><img loading=\"lazy\" decoding=\"async\" class=\"alignnone size-full wp-image-164274\" src=\"https:\/\/noticiasmercedinas.com\/site\/wp-content\/uploads\/2025\/07\/ruta5-1-e1752699789945.jpg\" alt=\"\" width=\"1114\" height=\"694\" srcset=\"https:\/\/noticiasmercedinas.com\/site\/wp-content\/uploads\/2025\/07\/ruta5-1-e1752699789945.jpg 1114w, https:\/\/noticiasmercedinas.com\/site\/wp-content\/uploads\/2025\/07\/ruta5-1-e1752699789945-300x187.jpg 300w, https:\/\/noticiasmercedinas.com\/site\/wp-content\/uploads\/2025\/07\/ruta5-1-e1752699789945-1024x638.jpg 1024w, https:\/\/noticiasmercedinas.com\/site\/wp-content\/uploads\/2025\/07\/ruta5-1-e1752699789945-768x478.jpg 768w, https:\/\/noticiasmercedinas.com\/site\/wp-content\/uploads\/2025\/07\/ruta5-1-e1752699789945-640x399.jpg 640w, https:\/\/noticiasmercedinas.com\/site\/wp-content\/uploads\/2025\/07\/ruta5-1-e1752699789945-681x424.jpg 681w\" sizes=\"auto, (max-width: 1114px) 100vw, 1114px\" \/><\/p>\n<p>El Gobierno nacional dio un paso fundamental en su agenda de privatizaci\u00f3n de infraestructura vial al lanzar la licitaci\u00f3n p\u00fablica nacional e internacional para la concesi\u00f3n de dos nuevos tramos que suman 1.872 kil\u00f3metros de la Red Federal de Concesiones.<\/p>\n<p>El plan, que busca transferir la gesti\u00f3n de un total de 9.000 kil\u00f3metros de rutas al sector privado, incluye el estrat\u00e9gico Tramo Pampa, de 547 km sobre la Ruta Nacional 5 (entre Luj\u00e1n y Santa Rosa, La Pampa), y el Tramo Sur \u2013 Atl\u00e1ntico \u2013 Acceso Sur, que abarca 1.325 km e incluye la Ruta Nacional 3 y accesos clave a la ciudad de Buenos Aires.<\/p>\n<p>La medida fue confirmada por el ministro de Econom\u00eda, Luis Caputo, quien utiliz\u00f3 la red social X para anunciar la convocatoria. \u00abDe esta manera, estamos reemplazando un modelo deficitario por uno transparente, competitivo y sin subsidios del Tesoro\u00bb, afirm\u00f3 el funcionario, subrayando que el objetivo es alentar la inversi\u00f3n privada para obtener una \u00abinfraestructura vial m\u00e1s moderna\u00bb y, al mismo tiempo, \u00abcuidar los recursos de los argentinos\u00bb.<\/p>\n<p>La segunda etapa de la Red Federal de Concesiones se divide en estos dos grandes bloques. El Tramo Pampa se centra exclusivamente en la Ruta Nacional 5. Por su parte, el Tramo Sur \u2013 Atl\u00e1ntico \u2013 Acceso Sur es de mayor envergadura, con 1.325 kil\u00f3metros, e incorpora rutas cr\u00edticas como la RN 3 (615 km), la RN 205 (254 km), la RN 206 y las autopistas Riccheri, Newbery y Ezeiza\u2013Ca\u00f1uelas.<\/p>\n<p>Este avance se da luego de que el pasado 8 de octubre, el Gobierno abriera los sobres para la concesi\u00f3n de los primeros 741 kil\u00f3metros correspondientes a la Etapa 1. Dicha etapa incluye los Tramos Oriental y Conexi\u00f3n, abarcando rutas como la RN 12 y RN 14 (Autov\u00eda del Mercosur), as\u00ed como el Puente Rosario-Victoria, que atraviesan las provincias de Buenos Aires, Entre R\u00edos, Santa Fe y Corrientes. Aunque inicialmente prevista para finales del a\u00f1o anterior, la crisis econ\u00f3mica hab\u00eda demorado la apertura de esta primera convocatoria.<\/p>\n<p>El plan de licitaci\u00f3n de 9.000 kil\u00f3metros es una respuesta directa a los reiterados reclamos vecinales por el mal estado de las rutas, agravado por la falta de inversi\u00f3n en obra p\u00fablica. Si bien esta extensi\u00f3n representa solo el 20% de la red vial nacional, concentra cerca del 80% del tr\u00e1nsito, haciendo que su modernizaci\u00f3n sea una prioridad urgente para la gesti\u00f3n libertaria.<\/p>\n","protected":false},"excerpt":{"rendered":"<p>\u25a0 El plan de concesiones viales avanza con la apertura de la licitaci\u00f3n para los tramos Pampa y Sur-Atl\u00e1ntico-Acceso Sur, incluyendo la emblem\u00e1tica Ruta 5 y otros 1.325 km de v\u00edas principales, con el objetivo de reemplazar un \u00abmodelo deficitario\u00bb por inversi\u00f3n privada sin subsidios del Tesoro.<\/p>\n","protected":false},"author":16,"featured_media":164274,"comment_status":"closed","ping_status":"closed","sticky":false,"template":"","format":"standard","meta":{"footnotes":""},"categories":[3,20734],"tags":[14,665],"class_list":["post-173486","post","type-post","status-publish","format-standard","has-post-thumbnail","hentry","category-sociedad","category-ultimo-momento","tag-licitacion","tag-ruta-5"],"yoast_head":"<!-- This site is optimized with the Yoast SEO plugin v27.4 - https:\/\/yoast.com\/product\/yoast-seo-wordpress\/ -->\n<title>Lanzan licitaci\u00f3n clave: 1.872 kil\u00f3metros de rutas nacionales pasar\u00e1n a gesti\u00f3n privada<\/title>\n<meta name=\"description\" content=\"El plan de concesiones viales avanza con la apertura de la licitaci\u00f3n para los tramos Pampa y Sur-Atl\u00e1ntico-Acceso Sur, incluyendo la emblem\u00e1tica Ruta 5 y otros 1.325 km de v\u00edas principales, con el objetivo de reemplazar un &quot;modelo deficitario&quot; por inversi\u00f3n privada sin subsidios del Tesoro.\" \/>\n<meta name=\"robots\" content=\"index, follow, max-snippet:-1, max-image-preview:large, max-video-preview:-1\" \/>\n<link rel=\"canonical\" href=\"https:\/\/noticiasmercedinas.com\/site\/2025\/11\/04\/lanzan-licitacion-clave-1-872-kilometros-de-rutas-nacionales-pasaran-a-gestion-privada\/\" \/>\n<meta property=\"og:locale\" content=\"es_ES\" \/>\n<meta property=\"og:type\" content=\"article\" \/>\n<meta property=\"og:title\" content=\"Lanzan licitaci\u00f3n clave: 1.872 kil\u00f3metros de rutas nacionales pasar\u00e1n a gesti\u00f3n privada\" \/>\n<meta property=\"og:description\" content=\"El plan de concesiones viales avanza con la apertura de la licitaci\u00f3n para los tramos Pampa y Sur-Atl\u00e1ntico-Acceso Sur, incluyendo la emblem\u00e1tica Ruta 5 y otros 1.325 km de v\u00edas principales, con el objetivo de reemplazar un &quot;modelo deficitario&quot; por inversi\u00f3n privada sin subsidios del Tesoro.\" \/>\n<meta property=\"og:url\" content=\"https:\/\/noticiasmercedinas.com\/site\/2025\/11\/04\/lanzan-licitacion-clave-1-872-kilometros-de-rutas-nacionales-pasaran-a-gestion-privada\/\" \/>\n<meta property=\"og:site_name\" content=\"NOTICIASMERCEDINAS.COM\" \/>\n<meta property=\"article:publisher\" content=\"https:\/\/www.facebook.com\/noticiasmercedinas\/\" \/>\n<meta property=\"article:published_time\" content=\"2025-11-04T10:30:42+00:00\" \/>\n<meta property=\"article:modified_time\" content=\"2025-11-04T10:30:57+00:00\" \/>\n<meta property=\"og:image\" content=\"https:\/\/noticiasmercedinas.com\/site\/wp-content\/uploads\/2025\/07\/ruta5-1-e1752699789945.jpg\" \/>\n\t<meta property=\"og:image:width\" content=\"1114\" \/>\n\t<meta property=\"og:image:height\" content=\"694\" \/>\n\t<meta property=\"og:image:type\" content=\"image\/jpeg\" \/>\n<meta name=\"author\" content=\"NOTICIASMERCEDINAS.COM\" \/>\n<meta name=\"twitter:card\" content=\"summary_large_image\" \/>\n<meta name=\"twitter:creator\" content=\"@notmercedinas\" \/>\n<meta name=\"twitter:site\" content=\"@notmercedinas\" \/>\n<meta name=\"twitter:label1\" content=\"Escrito por\" \/>\n\t<meta name=\"twitter:data1\" content=\"NOTICIASMERCEDINAS.COM\" \/>\n\t<meta name=\"twitter:label2\" content=\"Tiempo de lectura\" \/>\n\t<meta name=\"twitter:data2\" content=\"3 minutos\" \/>\n<script type=\"application\/ld+json\" class=\"yoast-schema-graph\">{\"@context\":\"https:\\\/\\\/schema.org\",\"@graph\":[{\"@type\":\"Article\",\"@id\":\"https:\\\/\\\/noticiasmercedinas.com\\\/site\\\/2025\\\/11\\\/04\\\/lanzan-licitacion-clave-1-872-kilometros-de-rutas-nacionales-pasaran-a-gestion-privada\\\/#article\",\"isPartOf\":{\"@id\":\"https:\\\/\\\/noticiasmercedinas.com\\\/site\\\/2025\\\/11\\\/04\\\/lanzan-licitacion-clave-1-872-kilometros-de-rutas-nacionales-pasaran-a-gestion-privada\\\/\"},\"author\":{\"name\":\"NOTICIASMERCEDINAS.COM\",\"@id\":\"https:\\\/\\\/noticiasmercedinas.com\\\/site\\\/#\\\/schema\\\/person\\\/84b59c099c28ff2e8b77d4ceec5d8063\"},\"headline\":\"Lanzan licitaci\u00f3n clave: 1.872 kil\u00f3metros de rutas nacionales pasar\u00e1n a gesti\u00f3n privada\",\"datePublished\":\"2025-11-04T10:30:42+00:00\",\"dateModified\":\"2025-11-04T10:30:57+00:00\",\"mainEntityOfPage\":{\"@id\":\"https:\\\/\\\/noticiasmercedinas.com\\\/site\\\/2025\\\/11\\\/04\\\/lanzan-licitacion-clave-1-872-kilometros-de-rutas-nacionales-pasaran-a-gestion-privada\\\/\"},\"wordCount\":417,\"publisher\":{\"@id\":\"https:\\\/\\\/noticiasmercedinas.com\\\/site\\\/#organization\"},\"image\":{\"@id\":\"https:\\\/\\\/noticiasmercedinas.com\\\/site\\\/2025\\\/11\\\/04\\\/lanzan-licitacion-clave-1-872-kilometros-de-rutas-nacionales-pasaran-a-gestion-privada\\\/#primaryimage\"},\"thumbnailUrl\":\"https:\\\/\\\/noticiasmercedinas.com\\\/site\\\/wp-content\\\/uploads\\\/2025\\\/07\\\/ruta5-1-e1752699789945.jpg\",\"keywords\":[\"licitacion\",\"ruta 5\"],\"articleSection\":[\"Sociedad\",\"Ultimo momento\"],\"inLanguage\":\"es\"},{\"@type\":\"WebPage\",\"@id\":\"https:\\\/\\\/noticiasmercedinas.com\\\/site\\\/2025\\\/11\\\/04\\\/lanzan-licitacion-clave-1-872-kilometros-de-rutas-nacionales-pasaran-a-gestion-privada\\\/\",\"url\":\"https:\\\/\\\/noticiasmercedinas.com\\\/site\\\/2025\\\/11\\\/04\\\/lanzan-licitacion-clave-1-872-kilometros-de-rutas-nacionales-pasaran-a-gestion-privada\\\/\",\"name\":\"Lanzan licitaci\u00f3n clave: 1.872 kil\u00f3metros de rutas nacionales pasar\u00e1n a gesti\u00f3n privada\",\"isPartOf\":{\"@id\":\"https:\\\/\\\/noticiasmercedinas.com\\\/site\\\/#website\"},\"primaryImageOfPage\":{\"@id\":\"https:\\\/\\\/noticiasmercedinas.com\\\/site\\\/2025\\\/11\\\/04\\\/lanzan-licitacion-clave-1-872-kilometros-de-rutas-nacionales-pasaran-a-gestion-privada\\\/#primaryimage\"},\"image\":{\"@id\":\"https:\\\/\\\/noticiasmercedinas.com\\\/site\\\/2025\\\/11\\\/04\\\/lanzan-licitacion-clave-1-872-kilometros-de-rutas-nacionales-pasaran-a-gestion-privada\\\/#primaryimage\"},\"thumbnailUrl\":\"https:\\\/\\\/noticiasmercedinas.com\\\/site\\\/wp-content\\\/uploads\\\/2025\\\/07\\\/ruta5-1-e1752699789945.jpg\",\"datePublished\":\"2025-11-04T10:30:42+00:00\",\"dateModified\":\"2025-11-04T10:30:57+00:00\",\"description\":\"El plan de concesiones viales avanza con la apertura de la licitaci\u00f3n para los tramos Pampa y Sur-Atl\u00e1ntico-Acceso Sur, incluyendo la emblem\u00e1tica Ruta 5 y otros 1.325 km de v\u00edas principales, con el objetivo de reemplazar un \\\"modelo deficitario\\\" por inversi\u00f3n privada sin subsidios del Tesoro.\",\"breadcrumb\":{\"@id\":\"https:\\\/\\\/noticiasmercedinas.com\\\/site\\\/2025\\\/11\\\/04\\\/lanzan-licitacion-clave-1-872-kilometros-de-rutas-nacionales-pasaran-a-gestion-privada\\\/#breadcrumb\"},\"inLanguage\":\"es\",\"potentialAction\":[{\"@type\":\"ReadAction\",\"target\":[\"https:\\\/\\\/noticiasmercedinas.com\\\/site\\\/2025\\\/11\\\/04\\\/lanzan-licitacion-clave-1-872-kilometros-de-rutas-nacionales-pasaran-a-gestion-privada\\\/\"]}]},{\"@type\":\"ImageObject\",\"inLanguage\":\"es\",\"@id\":\"https:\\\/\\\/noticiasmercedinas.com\\\/site\\\/2025\\\/11\\\/04\\\/lanzan-licitacion-clave-1-872-kilometros-de-rutas-nacionales-pasaran-a-gestion-privada\\\/#primaryimage\",\"url\":\"https:\\\/\\\/noticiasmercedinas.com\\\/site\\\/wp-content\\\/uploads\\\/2025\\\/07\\\/ruta5-1-e1752699789945.jpg\",\"contentUrl\":\"https:\\\/\\\/noticiasmercedinas.com\\\/site\\\/wp-content\\\/uploads\\\/2025\\\/07\\\/ruta5-1-e1752699789945.jpg\",\"width\":1114,\"height\":694},{\"@type\":\"BreadcrumbList\",\"@id\":\"https:\\\/\\\/noticiasmercedinas.com\\\/site\\\/2025\\\/11\\\/04\\\/lanzan-licitacion-clave-1-872-kilometros-de-rutas-nacionales-pasaran-a-gestion-privada\\\/#breadcrumb\",\"itemListElement\":[{\"@type\":\"ListItem\",\"position\":1,\"name\":\"Portada\",\"item\":\"https:\\\/\\\/noticiasmercedinas.com\\\/site\\\/\"},{\"@type\":\"ListItem\",\"position\":2,\"name\":\"Lanzan licitaci\u00f3n clave: 1.872 kil\u00f3metros de rutas nacionales pasar\u00e1n a gesti\u00f3n privada\"}]},{\"@type\":\"WebSite\",\"@id\":\"https:\\\/\\\/noticiasmercedinas.com\\\/site\\\/#website\",\"url\":\"https:\\\/\\\/noticiasmercedinas.com\\\/site\\\/\",\"name\":\"NOTICIASMERCEDINAS.COM\",\"description\":\"Mercedes, Buenos Aires, Argentina\",\"publisher\":{\"@id\":\"https:\\\/\\\/noticiasmercedinas.com\\\/site\\\/#organization\"},\"potentialAction\":[{\"@type\":\"SearchAction\",\"target\":{\"@type\":\"EntryPoint\",\"urlTemplate\":\"https:\\\/\\\/noticiasmercedinas.com\\\/site\\\/?s={search_term_string}\"},\"query-input\":{\"@type\":\"PropertyValueSpecification\",\"valueRequired\":true,\"valueName\":\"search_term_string\"}}],\"inLanguage\":\"es\"},{\"@type\":\"Organization\",\"@id\":\"https:\\\/\\\/noticiasmercedinas.com\\\/site\\\/#organization\",\"name\":\"NOTICIASMERCEDINAS.COM\",\"url\":\"https:\\\/\\\/noticiasmercedinas.com\\\/site\\\/\",\"logo\":{\"@type\":\"ImageObject\",\"inLanguage\":\"es\",\"@id\":\"https:\\\/\\\/noticiasmercedinas.com\\\/site\\\/#\\\/schema\\\/logo\\\/image\\\/\",\"url\":\"https:\\\/\\\/noticiasmercedinas.com\\\/site\\\/wp-content\\\/uploads\\\/2020\\\/06\\\/LOGO-512.jpg\",\"contentUrl\":\"https:\\\/\\\/noticiasmercedinas.com\\\/site\\\/wp-content\\\/uploads\\\/2020\\\/06\\\/LOGO-512.jpg\",\"width\":512,\"height\":512,\"caption\":\"NOTICIASMERCEDINAS.COM\"},\"image\":{\"@id\":\"https:\\\/\\\/noticiasmercedinas.com\\\/site\\\/#\\\/schema\\\/logo\\\/image\\\/\"},\"sameAs\":[\"https:\\\/\\\/www.facebook.com\\\/noticiasmercedinas\\\/\",\"https:\\\/\\\/x.com\\\/notmercedinas\",\"https:\\\/\\\/www.instagram.com\\\/noticiasmercedinas\\\/\"]},{\"@type\":\"Person\",\"@id\":\"https:\\\/\\\/noticiasmercedinas.com\\\/site\\\/#\\\/schema\\\/person\\\/84b59c099c28ff2e8b77d4ceec5d8063\",\"name\":\"NOTICIASMERCEDINAS.COM\",\"image\":{\"@type\":\"ImageObject\",\"inLanguage\":\"es\",\"@id\":\"https:\\\/\\\/secure.gravatar.com\\\/avatar\\\/4dfbf16b4d17945bfb6341b2d19043457132fcf478a5ee04f42e959fd8f5df0a?s=96&d=mm&r=g\",\"url\":\"https:\\\/\\\/secure.gravatar.com\\\/avatar\\\/4dfbf16b4d17945bfb6341b2d19043457132fcf478a5ee04f42e959fd8f5df0a?s=96&d=mm&r=g\",\"contentUrl\":\"https:\\\/\\\/secure.gravatar.com\\\/avatar\\\/4dfbf16b4d17945bfb6341b2d19043457132fcf478a5ee04f42e959fd8f5df0a?s=96&d=mm&r=g\",\"caption\":\"NOTICIASMERCEDINAS.COM\"},\"url\":\"https:\\\/\\\/noticiasmercedinas.com\\\/site\\\/author\\\/anonimo\\\/\"}]}<\/script>\n<!-- \/ Yoast SEO plugin. -->","yoast_head_json":{"title":"Lanzan licitaci\u00f3n clave: 1.872 kil\u00f3metros de rutas nacionales pasar\u00e1n a gesti\u00f3n privada","description":"El plan de concesiones viales avanza con la apertura de la licitaci\u00f3n para los tramos Pampa y Sur-Atl\u00e1ntico-Acceso Sur, incluyendo la emblem\u00e1tica Ruta 5 y otros 1.325 km de v\u00edas principales, con el objetivo de reemplazar un \"modelo deficitario\" por inversi\u00f3n privada sin subsidios del Tesoro.","robots":{"index":"index","follow":"follow","max-snippet":"max-snippet:-1","max-image-preview":"max-image-preview:large","max-video-preview":"max-video-preview:-1"},"canonical":"https:\/\/noticiasmercedinas.com\/site\/2025\/11\/04\/lanzan-licitacion-clave-1-872-kilometros-de-rutas-nacionales-pasaran-a-gestion-privada\/","og_locale":"es_ES","og_type":"article","og_title":"Lanzan licitaci\u00f3n clave: 1.872 kil\u00f3metros de rutas nacionales pasar\u00e1n a gesti\u00f3n privada","og_description":"El plan de concesiones viales avanza con la apertura de la licitaci\u00f3n para los tramos Pampa y Sur-Atl\u00e1ntico-Acceso Sur, incluyendo la emblem\u00e1tica Ruta 5 y otros 1.325 km de v\u00edas principales, con el objetivo de reemplazar un \"modelo deficitario\" por inversi\u00f3n privada sin subsidios del Tesoro.","og_url":"https:\/\/noticiasmercedinas.com\/site\/2025\/11\/04\/lanzan-licitacion-clave-1-872-kilometros-de-rutas-nacionales-pasaran-a-gestion-privada\/","og_site_name":"NOTICIASMERCEDINAS.COM","article_publisher":"https:\/\/www.facebook.com\/noticiasmercedinas\/","article_published_time":"2025-11-04T10:30:42+00:00","article_modified_time":"2025-11-04T10:30:57+00:00","og_image":[{"width":1114,"height":694,"url":"https:\/\/noticiasmercedinas.com\/site\/wp-content\/uploads\/2025\/07\/ruta5-1-e1752699789945.jpg","type":"image\/jpeg"}],"author":"NOTICIASMERCEDINAS.COM","twitter_card":"summary_large_image","twitter_creator":"@notmercedinas","twitter_site":"@notmercedinas","twitter_misc":{"Escrito por":"NOTICIASMERCEDINAS.COM","Tiempo de lectura":"3 minutos"},"schema":{"@context":"https:\/\/schema.org","@graph":[{"@type":"Article","@id":"https:\/\/noticiasmercedinas.com\/site\/2025\/11\/04\/lanzan-licitacion-clave-1-872-kilometros-de-rutas-nacionales-pasaran-a-gestion-privada\/#article","isPartOf":{"@id":"https:\/\/noticiasmercedinas.com\/site\/2025\/11\/04\/lanzan-licitacion-clave-1-872-kilometros-de-rutas-nacionales-pasaran-a-gestion-privada\/"},"author":{"name":"NOTICIASMERCEDINAS.COM","@id":"https:\/\/noticiasmercedinas.com\/site\/#\/schema\/person\/84b59c099c28ff2e8b77d4ceec5d8063"},"headline":"Lanzan licitaci\u00f3n clave: 1.872 kil\u00f3metros de rutas nacionales pasar\u00e1n a gesti\u00f3n privada","datePublished":"2025-11-04T10:30:42+00:00","dateModified":"2025-11-04T10:30:57+00:00","mainEntityOfPage":{"@id":"https:\/\/noticiasmercedinas.com\/site\/2025\/11\/04\/lanzan-licitacion-clave-1-872-kilometros-de-rutas-nacionales-pasaran-a-gestion-privada\/"},"wordCount":417,"publisher":{"@id":"https:\/\/noticiasmercedinas.com\/site\/#organization"},"image":{"@id":"https:\/\/noticiasmercedinas.com\/site\/2025\/11\/04\/lanzan-licitacion-clave-1-872-kilometros-de-rutas-nacionales-pasaran-a-gestion-privada\/#primaryimage"},"thumbnailUrl":"https:\/\/noticiasmercedinas.com\/site\/wp-content\/uploads\/2025\/07\/ruta5-1-e1752699789945.jpg","keywords":["licitacion","ruta 5"],"articleSection":["Sociedad","Ultimo momento"],"inLanguage":"es"},{"@type":"WebPage","@id":"https:\/\/noticiasmercedinas.com\/site\/2025\/11\/04\/lanzan-licitacion-clave-1-872-kilometros-de-rutas-nacionales-pasaran-a-gestion-privada\/","url":"https:\/\/noticiasmercedinas.com\/site\/2025\/11\/04\/lanzan-licitacion-clave-1-872-kilometros-de-rutas-nacionales-pasaran-a-gestion-privada\/","name":"Lanzan licitaci\u00f3n clave: 1.872 kil\u00f3metros de rutas nacionales pasar\u00e1n a gesti\u00f3n privada","isPartOf":{"@id":"https:\/\/noticiasmercedinas.com\/site\/#website"},"primaryImageOfPage":{"@id":"https:\/\/noticiasmercedinas.com\/site\/2025\/11\/04\/lanzan-licitacion-clave-1-872-kilometros-de-rutas-nacionales-pasaran-a-gestion-privada\/#primaryimage"},"image":{"@id":"https:\/\/noticiasmercedinas.com\/site\/2025\/11\/04\/lanzan-licitacion-clave-1-872-kilometros-de-rutas-nacionales-pasaran-a-gestion-privada\/#primaryimage"},"thumbnailUrl":"https:\/\/noticiasmercedinas.com\/site\/wp-content\/uploads\/2025\/07\/ruta5-1-e1752699789945.jpg","datePublished":"2025-11-04T10:30:42+00:00","dateModified":"2025-11-04T10:30:57+00:00","description":"El plan de concesiones viales avanza con la apertura de la licitaci\u00f3n para los tramos Pampa y Sur-Atl\u00e1ntico-Acceso Sur, incluyendo la emblem\u00e1tica Ruta 5 y otros 1.325 km de v\u00edas principales, con el objetivo de reemplazar un \"modelo deficitario\" por inversi\u00f3n privada sin subsidios del Tesoro.","breadcrumb":{"@id":"https:\/\/noticiasmercedinas.com\/site\/2025\/11\/04\/lanzan-licitacion-clave-1-872-kilometros-de-rutas-nacionales-pasaran-a-gestion-privada\/#breadcrumb"},"inLanguage":"es","potentialAction":[{"@type":"ReadAction","target":["https:\/\/noticiasmercedinas.com\/site\/2025\/11\/04\/lanzan-licitacion-clave-1-872-kilometros-de-rutas-nacionales-pasaran-a-gestion-privada\/"]}]},{"@type":"ImageObject","inLanguage":"es","@id":"https:\/\/noticiasmercedinas.com\/site\/2025\/11\/04\/lanzan-licitacion-clave-1-872-kilometros-de-rutas-nacionales-pasaran-a-gestion-privada\/#primaryimage","url":"https:\/\/noticiasmercedinas.com\/site\/wp-content\/uploads\/2025\/07\/ruta5-1-e1752699789945.jpg","contentUrl":"https:\/\/noticiasmercedinas.com\/site\/wp-content\/uploads\/2025\/07\/ruta5-1-e1752699789945.jpg","width":1114,"height":694},{"@type":"BreadcrumbList","@id":"https:\/\/noticiasmercedinas.com\/site\/2025\/11\/04\/lanzan-licitacion-clave-1-872-kilometros-de-rutas-nacionales-pasaran-a-gestion-privada\/#breadcrumb","itemListElement":[{"@type":"ListItem","position":1,"name":"Portada","item":"https:\/\/noticiasmercedinas.com\/site\/"},{"@type":"ListItem","position":2,"name":"Lanzan licitaci\u00f3n clave: 1.872 kil\u00f3metros de rutas nacionales pasar\u00e1n a gesti\u00f3n privada"}]},{"@type":"WebSite","@id":"https:\/\/noticiasmercedinas.com\/site\/#website","url":"https:\/\/noticiasmercedinas.com\/site\/","name":"NOTICIASMERCEDINAS.COM","description":"Mercedes, Buenos Aires, Argentina","publisher":{"@id":"https:\/\/noticiasmercedinas.com\/site\/#organization"},"potentialAction":[{"@type":"SearchAction","target":{"@type":"EntryPoint","urlTemplate":"https:\/\/noticiasmercedinas.com\/site\/?s={search_term_string}"},"query-input":{"@type":"PropertyValueSpecification","valueRequired":true,"valueName":"search_term_string"}}],"inLanguage":"es"},{"@type":"Organization","@id":"https:\/\/noticiasmercedinas.com\/site\/#organization","name":"NOTICIASMERCEDINAS.COM","url":"https:\/\/noticiasmercedinas.com\/site\/","logo":{"@type":"ImageObject","inLanguage":"es","@id":"https:\/\/noticiasmercedinas.com\/site\/#\/schema\/logo\/image\/","url":"https:\/\/noticiasmercedinas.com\/site\/wp-content\/uploads\/2020\/06\/LOGO-512.jpg","contentUrl":"https:\/\/noticiasmercedinas.com\/site\/wp-content\/uploads\/2020\/06\/LOGO-512.jpg","width":512,"height":512,"caption":"NOTICIASMERCEDINAS.COM"},"image":{"@id":"https:\/\/noticiasmercedinas.com\/site\/#\/schema\/logo\/image\/"},"sameAs":["https:\/\/www.facebook.com\/noticiasmercedinas\/","https:\/\/x.com\/notmercedinas","https:\/\/www.instagram.com\/noticiasmercedinas\/"]},{"@type":"Person","@id":"https:\/\/noticiasmercedinas.com\/site\/#\/schema\/person\/84b59c099c28ff2e8b77d4ceec5d8063","name":"NOTICIASMERCEDINAS.COM","image":{"@type":"ImageObject","inLanguage":"es","@id":"https:\/\/secure.gravatar.com\/avatar\/4dfbf16b4d17945bfb6341b2d19043457132fcf478a5ee04f42e959fd8f5df0a?s=96&d=mm&r=g","url":"https:\/\/secure.gravatar.com\/avatar\/4dfbf16b4d17945bfb6341b2d19043457132fcf478a5ee04f42e959fd8f5df0a?s=96&d=mm&r=g","contentUrl":"https:\/\/secure.gravatar.com\/avatar\/4dfbf16b4d17945bfb6341b2d19043457132fcf478a5ee04f42e959fd8f5df0a?s=96&d=mm&r=g","caption":"NOTICIASMERCEDINAS.COM"},"url":"https:\/\/noticiasmercedinas.com\/site\/author\/anonimo\/"}]}},"amp_enabled":true,"_links":{"self":[{"href":"https:\/\/noticiasmercedinas.com\/site\/wp-json\/wp\/v2\/posts\/173486","targetHints":{"allow":["GET"]}}],"collection":[{"href":"https:\/\/noticiasmercedinas.com\/site\/wp-json\/wp\/v2\/posts"}],"about":[{"href":"https:\/\/noticiasmercedinas.com\/site\/wp-json\/wp\/v2\/types\/post"}],"author":[{"embeddable":true,"href":"https:\/\/noticiasmercedinas.com\/site\/wp-json\/wp\/v2\/users\/16"}],"replies":[{"embeddable":true,"href":"https:\/\/noticiasmercedinas.com\/site\/wp-json\/wp\/v2\/comments?post=173486"}],"version-history":[{"count":1,"href":"https:\/\/noticiasmercedinas.com\/site\/wp-json\/wp\/v2\/posts\/173486\/revisions"}],"predecessor-version":[{"id":173487,"href":"https:\/\/noticiasmercedinas.com\/site\/wp-json\/wp\/v2\/posts\/173486\/revisions\/173487"}],"wp:featuredmedia":[{"embeddable":true,"href":"https:\/\/noticiasmercedinas.com\/site\/wp-json\/wp\/v2\/media\/164274"}],"wp:attachment":[{"href":"https:\/\/noticiasmercedinas.com\/site\/wp-json\/wp\/v2\/media?parent=173486"}],"wp:term":[{"taxonomy":"category","embeddable":true,"href":"https:\/\/noticiasmercedinas.com\/site\/wp-json\/wp\/v2\/categories?post=173486"},{"taxonomy":"post_tag","embeddable":true,"href":"https:\/\/noticiasmercedinas.com\/site\/wp-json\/wp\/v2\/tags?post=173486"}],"curies":[{"name":"wp","href":"https:\/\/api.w.org\/{rel}","templated":true}]}}