{"id":173562,"date":"2025-11-05T09:38:37","date_gmt":"2025-11-05T12:38:37","guid":{"rendered":"https:\/\/noticiasmercedinas.com\/site\/?p=173562"},"modified":"2025-11-05T11:32:50","modified_gmt":"2025-11-05T14:32:50","slug":"mercedes-sera-sede-de-una-jornada-de-capacitacion-sobre-acompanamiento-terapeutico-en-las-adolescencias","status":"publish","type":"post","link":"https:\/\/noticiasmercedinas.com\/site\/2025\/11\/05\/mercedes-sera-sede-de-una-jornada-de-capacitacion-sobre-acompanamiento-terapeutico-en-las-adolescencias\/","title":{"rendered":"Mercedes ser\u00e1 sede de una jornada de capacitaci\u00f3n sobre Acompa\u00f1amiento Terap\u00e9utico en las Adolescencias"},"content":{"rendered":"<p><img loading=\"lazy\" decoding=\"async\" class=\"alignnone size-full wp-image-173564\" src=\"https:\/\/noticiasmercedinas.com\/site\/wp-content\/uploads\/2025\/11\/3431804d-f3bc-4c7b-8a2d-d08a32260d93-e1762346295450.jpeg\" alt=\"\" width=\"866\" height=\"523\" srcset=\"https:\/\/noticiasmercedinas.com\/site\/wp-content\/uploads\/2025\/11\/3431804d-f3bc-4c7b-8a2d-d08a32260d93-e1762346295450.jpeg 866w, https:\/\/noticiasmercedinas.com\/site\/wp-content\/uploads\/2025\/11\/3431804d-f3bc-4c7b-8a2d-d08a32260d93-e1762346295450-300x181.jpeg 300w, https:\/\/noticiasmercedinas.com\/site\/wp-content\/uploads\/2025\/11\/3431804d-f3bc-4c7b-8a2d-d08a32260d93-e1762346295450-768x464.jpeg 768w, https:\/\/noticiasmercedinas.com\/site\/wp-content\/uploads\/2025\/11\/3431804d-f3bc-4c7b-8a2d-d08a32260d93-e1762346295450-640x387.jpeg 640w, https:\/\/noticiasmercedinas.com\/site\/wp-content\/uploads\/2025\/11\/3431804d-f3bc-4c7b-8a2d-d08a32260d93-e1762346295450-681x411.jpeg 681w\" sizes=\"auto, (max-width: 866px) 100vw, 866px\" \/><\/p>\n<p>Este <b>s\u00e1bado 8 de noviembre<\/b> se llevar\u00e1 a cabo en Mercedes la <b>Jornada de Capacitaci\u00f3n \u00abEl acompa\u00f1amiento terap\u00e9utico de las adolescencias como acto cotidiano\u00bb<\/b>, una actividad <b>libre y gratuita<\/b> destinada a la comunidad y organizada por la <b>Escuela de Gobierno en Salud Floreal Ferrara<\/b> y la <b>Municipalidad de Mercedes<\/b>, con invitaci\u00f3n del Colectivo de Acompa\u00f1antes Terap\u00e9uticos local.<\/p>\n<p>El encuentro, que se realizar\u00e1 a partir de las <b>9 horas<\/b> en el Complejo Deportivo Municipal N\u00e9stor Kirchner (Calle 4 y 63 bis), busca generar un espacio de reflexi\u00f3n y formaci\u00f3n sobre los desaf\u00edos de este rol esencial en la vida de los adolescentes.<b><\/b><\/p>\n<p>La propuesta est\u00e1 dirigida a un amplio p\u00fablico que incluye a <b>acompa\u00f1antes terap\u00e9uticos, docentes, profesionales de la salud, estudiantes y familias<\/b>, con el objetivo de abordar las adolescencias desde una perspectiva integral e inclusiva.<\/p>\n<blockquote><p>La jornada busca repensar la funci\u00f3n del acompa\u00f1ante en el entramado social actual, promoviendo la construcci\u00f3n de lazos, el sostenimiento de la palabra y la promoci\u00f3n de espacios de cuidado y autonom\u00eda para las adolescencias.<\/p><\/blockquote>\n<p>La jornada contar\u00e1 con un panel de disertantes especializados y de reconocida trayectoria:<\/p>\n<p><b>9 hs.:<\/b> Apertura.<\/p>\n<p><b>10 hs. &#8211; Adolescencia Punk: <\/b><b>Fernando Camacho<\/b> (Mar del Plata): Disertar\u00e1 sobre la experiencia de trabajo en el acompa\u00f1amiento terap\u00e9utico en la cotidianeidad de las adolescencias.<\/p>\n<p><b>Valeria Becher\u00e1n<\/b> (25 de Mayo): Abordar\u00e1 el acompa\u00f1amiento terap\u00e9utico en el \u00e1mbito escolar, haciendo foco en la comunicaci\u00f3n como herramienta para la resoluci\u00f3n de conflictos.<\/p>\n<p><b>12 hs.:<\/b> Cierre a cargo de <b>Ayel\u00e9n Rochia<\/b>, quien tratar\u00e1 el tema del cuidado de la salud mental de los Acompa\u00f1antes Terap\u00e9uticos.<\/p>\n<blockquote><p>Es organizada por la Escuela de Gobierno en Salud Floreal Ferrara y la Municipalidad de Mercedes, con invitaci\u00f3n del Colectivo de Acompa\u00f1antes Terap\u00e9uticos local.<\/p><\/blockquote>\n<p>El Colectivo de Acompa\u00f1antes Terap\u00e9uticos de Mercedes, entidad invitante, destac\u00f3 que la jornada busca repensar la funci\u00f3n del acompa\u00f1ante en el entramado social actual, promoviendo la construcci\u00f3n de lazos, el sostenimiento de la palabra y la promoci\u00f3n de espacios de cuidado y autonom\u00eda para las adolescencias.<\/p>\n<p>La actividad es organizada conjuntamente por la Escuela de Gobierno en Salud Floreal Ferrara y la Municipalidad de Mercedes.<\/p>\n","protected":false},"excerpt":{"rendered":"<p>\u25a0 Ser\u00e1 este s\u00e1bado a partir de las 9 horas en el Complejo Deportivo Municipal N\u00e9stor Kirchner (Calle 4 y 63 bis). Buscan generar un espacio de reflexi\u00f3n y formaci\u00f3n sobre los desaf\u00edos de este rol esencial en la vida de los adolescentes.<\/p>\n","protected":false},"author":16,"featured_media":173564,"comment_status":"closed","ping_status":"closed","sticky":false,"template":"","format":"standard","meta":{"footnotes":""},"categories":[3],"tags":[19212,20195],"class_list":["post-173562","post","type-post","status-publish","format-standard","has-post-thumbnail","hentry","category-sociedad","tag-adolescencias","tag-colectivo-de-acompanantes-terapeuticos"],"yoast_head":"<!-- This site is optimized with the Yoast SEO plugin v27.5 - https:\/\/yoast.com\/product\/yoast-seo-wordpress\/ -->\n<title>Mercedes ser\u00e1 sede de una jornada de capacitaci\u00f3n sobre Acompa\u00f1amiento Terap\u00e9utico en las Adolescencias<\/title>\n<meta name=\"description\" content=\"Ser\u00e1 este s\u00e1bado a partir de las 9 horas en el Complejo Deportivo Municipal N\u00e9stor Kirchner (Calle 4 y 63 bis). Buscan generar un espacio de reflexi\u00f3n y formaci\u00f3n sobre los desaf\u00edos de este rol esencial en la vida de los adolescentes.\" \/>\n<meta name=\"robots\" content=\"index, follow, max-snippet:-1, max-image-preview:large, max-video-preview:-1\" \/>\n<link rel=\"canonical\" href=\"https:\/\/noticiasmercedinas.com\/site\/2025\/11\/05\/mercedes-sera-sede-de-una-jornada-de-capacitacion-sobre-acompanamiento-terapeutico-en-las-adolescencias\/\" \/>\n<meta property=\"og:locale\" content=\"es_ES\" \/>\n<meta property=\"og:type\" content=\"article\" \/>\n<meta property=\"og:title\" content=\"Mercedes ser\u00e1 sede de una jornada de capacitaci\u00f3n sobre Acompa\u00f1amiento Terap\u00e9utico en las Adolescencias\" \/>\n<meta property=\"og:description\" content=\"Ser\u00e1 este s\u00e1bado a partir de las 9 horas en el Complejo Deportivo Municipal N\u00e9stor Kirchner (Calle 4 y 63 bis). Buscan generar un espacio de reflexi\u00f3n y formaci\u00f3n sobre los desaf\u00edos de este rol esencial en la vida de los adolescentes.\" \/>\n<meta property=\"og:url\" content=\"https:\/\/noticiasmercedinas.com\/site\/2025\/11\/05\/mercedes-sera-sede-de-una-jornada-de-capacitacion-sobre-acompanamiento-terapeutico-en-las-adolescencias\/\" \/>\n<meta property=\"og:site_name\" content=\"NOTICIASMERCEDINAS.COM\" \/>\n<meta property=\"article:publisher\" content=\"https:\/\/www.facebook.com\/noticiasmercedinas\/\" \/>\n<meta property=\"article:published_time\" content=\"2025-11-05T12:38:37+00:00\" \/>\n<meta property=\"article:modified_time\" content=\"2025-11-05T14:32:50+00:00\" \/>\n<meta property=\"og:image\" content=\"https:\/\/noticiasmercedinas.com\/site\/wp-content\/uploads\/2025\/11\/3431804d-f3bc-4c7b-8a2d-d08a32260d93-e1762346295450.jpeg\" \/>\n\t<meta property=\"og:image:width\" content=\"866\" \/>\n\t<meta property=\"og:image:height\" content=\"523\" \/>\n\t<meta property=\"og:image:type\" content=\"image\/jpeg\" \/>\n<meta name=\"author\" content=\"NOTICIASMERCEDINAS.COM\" \/>\n<meta name=\"twitter:card\" content=\"summary_large_image\" \/>\n<meta name=\"twitter:creator\" content=\"@notmercedinas\" \/>\n<meta name=\"twitter:site\" content=\"@notmercedinas\" \/>\n<meta name=\"twitter:label1\" content=\"Escrito por\" \/>\n\t<meta name=\"twitter:data1\" content=\"NOTICIASMERCEDINAS.COM\" \/>\n\t<meta name=\"twitter:label2\" content=\"Tiempo de lectura\" \/>\n\t<meta name=\"twitter:data2\" content=\"2 minutos\" \/>\n<script type=\"application\/ld+json\" class=\"yoast-schema-graph\">{\"@context\":\"https:\\\/\\\/schema.org\",\"@graph\":[{\"@type\":\"Article\",\"@id\":\"https:\\\/\\\/noticiasmercedinas.com\\\/site\\\/2025\\\/11\\\/05\\\/mercedes-sera-sede-de-una-jornada-de-capacitacion-sobre-acompanamiento-terapeutico-en-las-adolescencias\\\/#article\",\"isPartOf\":{\"@id\":\"https:\\\/\\\/noticiasmercedinas.com\\\/site\\\/2025\\\/11\\\/05\\\/mercedes-sera-sede-de-una-jornada-de-capacitacion-sobre-acompanamiento-terapeutico-en-las-adolescencias\\\/\"},\"author\":{\"name\":\"NOTICIASMERCEDINAS.COM\",\"@id\":\"https:\\\/\\\/noticiasmercedinas.com\\\/site\\\/#\\\/schema\\\/person\\\/84b59c099c28ff2e8b77d4ceec5d8063\"},\"headline\":\"Mercedes ser\u00e1 sede de una jornada de capacitaci\u00f3n sobre Acompa\u00f1amiento Terap\u00e9utico en las Adolescencias\",\"datePublished\":\"2025-11-05T12:38:37+00:00\",\"dateModified\":\"2025-11-05T14:32:50+00:00\",\"mainEntityOfPage\":{\"@id\":\"https:\\\/\\\/noticiasmercedinas.com\\\/site\\\/2025\\\/11\\\/05\\\/mercedes-sera-sede-de-una-jornada-de-capacitacion-sobre-acompanamiento-terapeutico-en-las-adolescencias\\\/\"},\"wordCount\":396,\"publisher\":{\"@id\":\"https:\\\/\\\/noticiasmercedinas.com\\\/site\\\/#organization\"},\"image\":{\"@id\":\"https:\\\/\\\/noticiasmercedinas.com\\\/site\\\/2025\\\/11\\\/05\\\/mercedes-sera-sede-de-una-jornada-de-capacitacion-sobre-acompanamiento-terapeutico-en-las-adolescencias\\\/#primaryimage\"},\"thumbnailUrl\":\"https:\\\/\\\/noticiasmercedinas.com\\\/site\\\/wp-content\\\/uploads\\\/2025\\\/11\\\/3431804d-f3bc-4c7b-8a2d-d08a32260d93-e1762346295450.jpeg\",\"keywords\":[\"Adolescencias\",\"colectivo de acompa\u00f1antes terapeuticos\"],\"articleSection\":[\"Sociedad\"],\"inLanguage\":\"es\"},{\"@type\":\"WebPage\",\"@id\":\"https:\\\/\\\/noticiasmercedinas.com\\\/site\\\/2025\\\/11\\\/05\\\/mercedes-sera-sede-de-una-jornada-de-capacitacion-sobre-acompanamiento-terapeutico-en-las-adolescencias\\\/\",\"url\":\"https:\\\/\\\/noticiasmercedinas.com\\\/site\\\/2025\\\/11\\\/05\\\/mercedes-sera-sede-de-una-jornada-de-capacitacion-sobre-acompanamiento-terapeutico-en-las-adolescencias\\\/\",\"name\":\"Mercedes ser\u00e1 sede de una jornada de capacitaci\u00f3n sobre Acompa\u00f1amiento Terap\u00e9utico en las Adolescencias\",\"isPartOf\":{\"@id\":\"https:\\\/\\\/noticiasmercedinas.com\\\/site\\\/#website\"},\"primaryImageOfPage\":{\"@id\":\"https:\\\/\\\/noticiasmercedinas.com\\\/site\\\/2025\\\/11\\\/05\\\/mercedes-sera-sede-de-una-jornada-de-capacitacion-sobre-acompanamiento-terapeutico-en-las-adolescencias\\\/#primaryimage\"},\"image\":{\"@id\":\"https:\\\/\\\/noticiasmercedinas.com\\\/site\\\/2025\\\/11\\\/05\\\/mercedes-sera-sede-de-una-jornada-de-capacitacion-sobre-acompanamiento-terapeutico-en-las-adolescencias\\\/#primaryimage\"},\"thumbnailUrl\":\"https:\\\/\\\/noticiasmercedinas.com\\\/site\\\/wp-content\\\/uploads\\\/2025\\\/11\\\/3431804d-f3bc-4c7b-8a2d-d08a32260d93-e1762346295450.jpeg\",\"datePublished\":\"2025-11-05T12:38:37+00:00\",\"dateModified\":\"2025-11-05T14:32:50+00:00\",\"description\":\"Ser\u00e1 este s\u00e1bado a partir de las 9 horas en el Complejo Deportivo Municipal N\u00e9stor Kirchner (Calle 4 y 63 bis). Buscan generar un espacio de reflexi\u00f3n y formaci\u00f3n sobre los desaf\u00edos de este rol esencial en la vida de los adolescentes.\",\"breadcrumb\":{\"@id\":\"https:\\\/\\\/noticiasmercedinas.com\\\/site\\\/2025\\\/11\\\/05\\\/mercedes-sera-sede-de-una-jornada-de-capacitacion-sobre-acompanamiento-terapeutico-en-las-adolescencias\\\/#breadcrumb\"},\"inLanguage\":\"es\",\"potentialAction\":[{\"@type\":\"ReadAction\",\"target\":[\"https:\\\/\\\/noticiasmercedinas.com\\\/site\\\/2025\\\/11\\\/05\\\/mercedes-sera-sede-de-una-jornada-de-capacitacion-sobre-acompanamiento-terapeutico-en-las-adolescencias\\\/\"]}]},{\"@type\":\"ImageObject\",\"inLanguage\":\"es\",\"@id\":\"https:\\\/\\\/noticiasmercedinas.com\\\/site\\\/2025\\\/11\\\/05\\\/mercedes-sera-sede-de-una-jornada-de-capacitacion-sobre-acompanamiento-terapeutico-en-las-adolescencias\\\/#primaryimage\",\"url\":\"https:\\\/\\\/noticiasmercedinas.com\\\/site\\\/wp-content\\\/uploads\\\/2025\\\/11\\\/3431804d-f3bc-4c7b-8a2d-d08a32260d93-e1762346295450.jpeg\",\"contentUrl\":\"https:\\\/\\\/noticiasmercedinas.com\\\/site\\\/wp-content\\\/uploads\\\/2025\\\/11\\\/3431804d-f3bc-4c7b-8a2d-d08a32260d93-e1762346295450.jpeg\",\"width\":866,\"height\":523},{\"@type\":\"BreadcrumbList\",\"@id\":\"https:\\\/\\\/noticiasmercedinas.com\\\/site\\\/2025\\\/11\\\/05\\\/mercedes-sera-sede-de-una-jornada-de-capacitacion-sobre-acompanamiento-terapeutico-en-las-adolescencias\\\/#breadcrumb\",\"itemListElement\":[{\"@type\":\"ListItem\",\"position\":1,\"name\":\"Portada\",\"item\":\"https:\\\/\\\/noticiasmercedinas.com\\\/site\\\/\"},{\"@type\":\"ListItem\",\"position\":2,\"name\":\"Mercedes ser\u00e1 sede de una jornada de capacitaci\u00f3n sobre Acompa\u00f1amiento Terap\u00e9utico en las Adolescencias\"}]},{\"@type\":\"WebSite\",\"@id\":\"https:\\\/\\\/noticiasmercedinas.com\\\/site\\\/#website\",\"url\":\"https:\\\/\\\/noticiasmercedinas.com\\\/site\\\/\",\"name\":\"NOTICIASMERCEDINAS.COM\",\"description\":\"Mercedes, Buenos Aires, Argentina\",\"publisher\":{\"@id\":\"https:\\\/\\\/noticiasmercedinas.com\\\/site\\\/#organization\"},\"potentialAction\":[{\"@type\":\"SearchAction\",\"target\":{\"@type\":\"EntryPoint\",\"urlTemplate\":\"https:\\\/\\\/noticiasmercedinas.com\\\/site\\\/?s={search_term_string}\"},\"query-input\":{\"@type\":\"PropertyValueSpecification\",\"valueRequired\":true,\"valueName\":\"search_term_string\"}}],\"inLanguage\":\"es\"},{\"@type\":\"Organization\",\"@id\":\"https:\\\/\\\/noticiasmercedinas.com\\\/site\\\/#organization\",\"name\":\"NOTICIASMERCEDINAS.COM\",\"url\":\"https:\\\/\\\/noticiasmercedinas.com\\\/site\\\/\",\"logo\":{\"@type\":\"ImageObject\",\"inLanguage\":\"es\",\"@id\":\"https:\\\/\\\/noticiasmercedinas.com\\\/site\\\/#\\\/schema\\\/logo\\\/image\\\/\",\"url\":\"https:\\\/\\\/noticiasmercedinas.com\\\/site\\\/wp-content\\\/uploads\\\/2020\\\/06\\\/LOGO-512.jpg\",\"contentUrl\":\"https:\\\/\\\/noticiasmercedinas.com\\\/site\\\/wp-content\\\/uploads\\\/2020\\\/06\\\/LOGO-512.jpg\",\"width\":512,\"height\":512,\"caption\":\"NOTICIASMERCEDINAS.COM\"},\"image\":{\"@id\":\"https:\\\/\\\/noticiasmercedinas.com\\\/site\\\/#\\\/schema\\\/logo\\\/image\\\/\"},\"sameAs\":[\"https:\\\/\\\/www.facebook.com\\\/noticiasmercedinas\\\/\",\"https:\\\/\\\/x.com\\\/notmercedinas\",\"https:\\\/\\\/www.instagram.com\\\/noticiasmercedinas\\\/\"]},{\"@type\":\"Person\",\"@id\":\"https:\\\/\\\/noticiasmercedinas.com\\\/site\\\/#\\\/schema\\\/person\\\/84b59c099c28ff2e8b77d4ceec5d8063\",\"name\":\"NOTICIASMERCEDINAS.COM\",\"image\":{\"@type\":\"ImageObject\",\"inLanguage\":\"es\",\"@id\":\"https:\\\/\\\/secure.gravatar.com\\\/avatar\\\/4dfbf16b4d17945bfb6341b2d19043457132fcf478a5ee04f42e959fd8f5df0a?s=96&d=mm&r=g\",\"url\":\"https:\\\/\\\/secure.gravatar.com\\\/avatar\\\/4dfbf16b4d17945bfb6341b2d19043457132fcf478a5ee04f42e959fd8f5df0a?s=96&d=mm&r=g\",\"contentUrl\":\"https:\\\/\\\/secure.gravatar.com\\\/avatar\\\/4dfbf16b4d17945bfb6341b2d19043457132fcf478a5ee04f42e959fd8f5df0a?s=96&d=mm&r=g\",\"caption\":\"NOTICIASMERCEDINAS.COM\"},\"url\":\"https:\\\/\\\/noticiasmercedinas.com\\\/site\\\/author\\\/anonimo\\\/\"}]}<\/script>\n<!-- \/ Yoast SEO plugin. -->","yoast_head_json":{"title":"Mercedes ser\u00e1 sede de una jornada de capacitaci\u00f3n sobre Acompa\u00f1amiento Terap\u00e9utico en las Adolescencias","description":"Ser\u00e1 este s\u00e1bado a partir de las 9 horas en el Complejo Deportivo Municipal N\u00e9stor Kirchner (Calle 4 y 63 bis). Buscan generar un espacio de reflexi\u00f3n y formaci\u00f3n sobre los desaf\u00edos de este rol esencial en la vida de los adolescentes.","robots":{"index":"index","follow":"follow","max-snippet":"max-snippet:-1","max-image-preview":"max-image-preview:large","max-video-preview":"max-video-preview:-1"},"canonical":"https:\/\/noticiasmercedinas.com\/site\/2025\/11\/05\/mercedes-sera-sede-de-una-jornada-de-capacitacion-sobre-acompanamiento-terapeutico-en-las-adolescencias\/","og_locale":"es_ES","og_type":"article","og_title":"Mercedes ser\u00e1 sede de una jornada de capacitaci\u00f3n sobre Acompa\u00f1amiento Terap\u00e9utico en las Adolescencias","og_description":"Ser\u00e1 este s\u00e1bado a partir de las 9 horas en el Complejo Deportivo Municipal N\u00e9stor Kirchner (Calle 4 y 63 bis). Buscan generar un espacio de reflexi\u00f3n y formaci\u00f3n sobre los desaf\u00edos de este rol esencial en la vida de los adolescentes.","og_url":"https:\/\/noticiasmercedinas.com\/site\/2025\/11\/05\/mercedes-sera-sede-de-una-jornada-de-capacitacion-sobre-acompanamiento-terapeutico-en-las-adolescencias\/","og_site_name":"NOTICIASMERCEDINAS.COM","article_publisher":"https:\/\/www.facebook.com\/noticiasmercedinas\/","article_published_time":"2025-11-05T12:38:37+00:00","article_modified_time":"2025-11-05T14:32:50+00:00","og_image":[{"width":866,"height":523,"url":"https:\/\/noticiasmercedinas.com\/site\/wp-content\/uploads\/2025\/11\/3431804d-f3bc-4c7b-8a2d-d08a32260d93-e1762346295450.jpeg","type":"image\/jpeg"}],"author":"NOTICIASMERCEDINAS.COM","twitter_card":"summary_large_image","twitter_creator":"@notmercedinas","twitter_site":"@notmercedinas","twitter_misc":{"Escrito por":"NOTICIASMERCEDINAS.COM","Tiempo de lectura":"2 minutos"},"schema":{"@context":"https:\/\/schema.org","@graph":[{"@type":"Article","@id":"https:\/\/noticiasmercedinas.com\/site\/2025\/11\/05\/mercedes-sera-sede-de-una-jornada-de-capacitacion-sobre-acompanamiento-terapeutico-en-las-adolescencias\/#article","isPartOf":{"@id":"https:\/\/noticiasmercedinas.com\/site\/2025\/11\/05\/mercedes-sera-sede-de-una-jornada-de-capacitacion-sobre-acompanamiento-terapeutico-en-las-adolescencias\/"},"author":{"name":"NOTICIASMERCEDINAS.COM","@id":"https:\/\/noticiasmercedinas.com\/site\/#\/schema\/person\/84b59c099c28ff2e8b77d4ceec5d8063"},"headline":"Mercedes ser\u00e1 sede de una jornada de capacitaci\u00f3n sobre Acompa\u00f1amiento Terap\u00e9utico en las Adolescencias","datePublished":"2025-11-05T12:38:37+00:00","dateModified":"2025-11-05T14:32:50+00:00","mainEntityOfPage":{"@id":"https:\/\/noticiasmercedinas.com\/site\/2025\/11\/05\/mercedes-sera-sede-de-una-jornada-de-capacitacion-sobre-acompanamiento-terapeutico-en-las-adolescencias\/"},"wordCount":396,"publisher":{"@id":"https:\/\/noticiasmercedinas.com\/site\/#organization"},"image":{"@id":"https:\/\/noticiasmercedinas.com\/site\/2025\/11\/05\/mercedes-sera-sede-de-una-jornada-de-capacitacion-sobre-acompanamiento-terapeutico-en-las-adolescencias\/#primaryimage"},"thumbnailUrl":"https:\/\/noticiasmercedinas.com\/site\/wp-content\/uploads\/2025\/11\/3431804d-f3bc-4c7b-8a2d-d08a32260d93-e1762346295450.jpeg","keywords":["Adolescencias","colectivo de acompa\u00f1antes terapeuticos"],"articleSection":["Sociedad"],"inLanguage":"es"},{"@type":"WebPage","@id":"https:\/\/noticiasmercedinas.com\/site\/2025\/11\/05\/mercedes-sera-sede-de-una-jornada-de-capacitacion-sobre-acompanamiento-terapeutico-en-las-adolescencias\/","url":"https:\/\/noticiasmercedinas.com\/site\/2025\/11\/05\/mercedes-sera-sede-de-una-jornada-de-capacitacion-sobre-acompanamiento-terapeutico-en-las-adolescencias\/","name":"Mercedes ser\u00e1 sede de una jornada de capacitaci\u00f3n sobre Acompa\u00f1amiento Terap\u00e9utico en las Adolescencias","isPartOf":{"@id":"https:\/\/noticiasmercedinas.com\/site\/#website"},"primaryImageOfPage":{"@id":"https:\/\/noticiasmercedinas.com\/site\/2025\/11\/05\/mercedes-sera-sede-de-una-jornada-de-capacitacion-sobre-acompanamiento-terapeutico-en-las-adolescencias\/#primaryimage"},"image":{"@id":"https:\/\/noticiasmercedinas.com\/site\/2025\/11\/05\/mercedes-sera-sede-de-una-jornada-de-capacitacion-sobre-acompanamiento-terapeutico-en-las-adolescencias\/#primaryimage"},"thumbnailUrl":"https:\/\/noticiasmercedinas.com\/site\/wp-content\/uploads\/2025\/11\/3431804d-f3bc-4c7b-8a2d-d08a32260d93-e1762346295450.jpeg","datePublished":"2025-11-05T12:38:37+00:00","dateModified":"2025-11-05T14:32:50+00:00","description":"Ser\u00e1 este s\u00e1bado a partir de las 9 horas en el Complejo Deportivo Municipal N\u00e9stor Kirchner (Calle 4 y 63 bis). Buscan generar un espacio de reflexi\u00f3n y formaci\u00f3n sobre los desaf\u00edos de este rol esencial en la vida de los adolescentes.","breadcrumb":{"@id":"https:\/\/noticiasmercedinas.com\/site\/2025\/11\/05\/mercedes-sera-sede-de-una-jornada-de-capacitacion-sobre-acompanamiento-terapeutico-en-las-adolescencias\/#breadcrumb"},"inLanguage":"es","potentialAction":[{"@type":"ReadAction","target":["https:\/\/noticiasmercedinas.com\/site\/2025\/11\/05\/mercedes-sera-sede-de-una-jornada-de-capacitacion-sobre-acompanamiento-terapeutico-en-las-adolescencias\/"]}]},{"@type":"ImageObject","inLanguage":"es","@id":"https:\/\/noticiasmercedinas.com\/site\/2025\/11\/05\/mercedes-sera-sede-de-una-jornada-de-capacitacion-sobre-acompanamiento-terapeutico-en-las-adolescencias\/#primaryimage","url":"https:\/\/noticiasmercedinas.com\/site\/wp-content\/uploads\/2025\/11\/3431804d-f3bc-4c7b-8a2d-d08a32260d93-e1762346295450.jpeg","contentUrl":"https:\/\/noticiasmercedinas.com\/site\/wp-content\/uploads\/2025\/11\/3431804d-f3bc-4c7b-8a2d-d08a32260d93-e1762346295450.jpeg","width":866,"height":523},{"@type":"BreadcrumbList","@id":"https:\/\/noticiasmercedinas.com\/site\/2025\/11\/05\/mercedes-sera-sede-de-una-jornada-de-capacitacion-sobre-acompanamiento-terapeutico-en-las-adolescencias\/#breadcrumb","itemListElement":[{"@type":"ListItem","position":1,"name":"Portada","item":"https:\/\/noticiasmercedinas.com\/site\/"},{"@type":"ListItem","position":2,"name":"Mercedes ser\u00e1 sede de una jornada de capacitaci\u00f3n sobre Acompa\u00f1amiento Terap\u00e9utico en las Adolescencias"}]},{"@type":"WebSite","@id":"https:\/\/noticiasmercedinas.com\/site\/#website","url":"https:\/\/noticiasmercedinas.com\/site\/","name":"NOTICIASMERCEDINAS.COM","description":"Mercedes, Buenos Aires, Argentina","publisher":{"@id":"https:\/\/noticiasmercedinas.com\/site\/#organization"},"potentialAction":[{"@type":"SearchAction","target":{"@type":"EntryPoint","urlTemplate":"https:\/\/noticiasmercedinas.com\/site\/?s={search_term_string}"},"query-input":{"@type":"PropertyValueSpecification","valueRequired":true,"valueName":"search_term_string"}}],"inLanguage":"es"},{"@type":"Organization","@id":"https:\/\/noticiasmercedinas.com\/site\/#organization","name":"NOTICIASMERCEDINAS.COM","url":"https:\/\/noticiasmercedinas.com\/site\/","logo":{"@type":"ImageObject","inLanguage":"es","@id":"https:\/\/noticiasmercedinas.com\/site\/#\/schema\/logo\/image\/","url":"https:\/\/noticiasmercedinas.com\/site\/wp-content\/uploads\/2020\/06\/LOGO-512.jpg","contentUrl":"https:\/\/noticiasmercedinas.com\/site\/wp-content\/uploads\/2020\/06\/LOGO-512.jpg","width":512,"height":512,"caption":"NOTICIASMERCEDINAS.COM"},"image":{"@id":"https:\/\/noticiasmercedinas.com\/site\/#\/schema\/logo\/image\/"},"sameAs":["https:\/\/www.facebook.com\/noticiasmercedinas\/","https:\/\/x.com\/notmercedinas","https:\/\/www.instagram.com\/noticiasmercedinas\/"]},{"@type":"Person","@id":"https:\/\/noticiasmercedinas.com\/site\/#\/schema\/person\/84b59c099c28ff2e8b77d4ceec5d8063","name":"NOTICIASMERCEDINAS.COM","image":{"@type":"ImageObject","inLanguage":"es","@id":"https:\/\/secure.gravatar.com\/avatar\/4dfbf16b4d17945bfb6341b2d19043457132fcf478a5ee04f42e959fd8f5df0a?s=96&d=mm&r=g","url":"https:\/\/secure.gravatar.com\/avatar\/4dfbf16b4d17945bfb6341b2d19043457132fcf478a5ee04f42e959fd8f5df0a?s=96&d=mm&r=g","contentUrl":"https:\/\/secure.gravatar.com\/avatar\/4dfbf16b4d17945bfb6341b2d19043457132fcf478a5ee04f42e959fd8f5df0a?s=96&d=mm&r=g","caption":"NOTICIASMERCEDINAS.COM"},"url":"https:\/\/noticiasmercedinas.com\/site\/author\/anonimo\/"}]}},"amp_enabled":true,"_links":{"self":[{"href":"https:\/\/noticiasmercedinas.com\/site\/wp-json\/wp\/v2\/posts\/173562","targetHints":{"allow":["GET"]}}],"collection":[{"href":"https:\/\/noticiasmercedinas.com\/site\/wp-json\/wp\/v2\/posts"}],"about":[{"href":"https:\/\/noticiasmercedinas.com\/site\/wp-json\/wp\/v2\/types\/post"}],"author":[{"embeddable":true,"href":"https:\/\/noticiasmercedinas.com\/site\/wp-json\/wp\/v2\/users\/16"}],"replies":[{"embeddable":true,"href":"https:\/\/noticiasmercedinas.com\/site\/wp-json\/wp\/v2\/comments?post=173562"}],"version-history":[{"count":1,"href":"https:\/\/noticiasmercedinas.com\/site\/wp-json\/wp\/v2\/posts\/173562\/revisions"}],"predecessor-version":[{"id":173565,"href":"https:\/\/noticiasmercedinas.com\/site\/wp-json\/wp\/v2\/posts\/173562\/revisions\/173565"}],"wp:featuredmedia":[{"embeddable":true,"href":"https:\/\/noticiasmercedinas.com\/site\/wp-json\/wp\/v2\/media\/173564"}],"wp:attachment":[{"href":"https:\/\/noticiasmercedinas.com\/site\/wp-json\/wp\/v2\/media?parent=173562"}],"wp:term":[{"taxonomy":"category","embeddable":true,"href":"https:\/\/noticiasmercedinas.com\/site\/wp-json\/wp\/v2\/categories?post=173562"},{"taxonomy":"post_tag","embeddable":true,"href":"https:\/\/noticiasmercedinas.com\/site\/wp-json\/wp\/v2\/tags?post=173562"}],"curies":[{"name":"wp","href":"https:\/\/api.w.org\/{rel}","templated":true}]}}