{"id":173815,"date":"2025-11-08T15:16:39","date_gmt":"2025-11-08T18:16:39","guid":{"rendered":"https:\/\/noticiasmercedinas.com\/site\/?p=173815"},"modified":"2025-11-08T15:16:39","modified_gmt":"2025-11-08T18:16:39","slug":"zamba-quipildor-esta-en-mercedes-y-sera-homenajeado-en-la-pulperia-de-cacho-di-catarina","status":"publish","type":"post","link":"https:\/\/noticiasmercedinas.com\/site\/2025\/11\/08\/zamba-quipildor-esta-en-mercedes-y-sera-homenajeado-en-la-pulperia-de-cacho-di-catarina\/","title":{"rendered":"Zamba Quipildor est\u00e1 en Mercedes y ser\u00e1 homenajeado en la Pulper\u00eda de Cacho Di Catarina"},"content":{"rendered":"<p><img loading=\"lazy\" decoding=\"async\" class=\"alignnone size-full wp-image-173817\" src=\"https:\/\/noticiasmercedinas.com\/site\/wp-content\/uploads\/2025\/11\/IMG-20251108-WA0022-e1762625776126.jpg\" alt=\"\" width=\"1174\" height=\"820\" srcset=\"https:\/\/noticiasmercedinas.com\/site\/wp-content\/uploads\/2025\/11\/IMG-20251108-WA0022-e1762625776126.jpg 1174w, https:\/\/noticiasmercedinas.com\/site\/wp-content\/uploads\/2025\/11\/IMG-20251108-WA0022-e1762625776126-300x210.jpg 300w, https:\/\/noticiasmercedinas.com\/site\/wp-content\/uploads\/2025\/11\/IMG-20251108-WA0022-e1762625776126-1024x715.jpg 1024w, https:\/\/noticiasmercedinas.com\/site\/wp-content\/uploads\/2025\/11\/IMG-20251108-WA0022-e1762625776126-768x536.jpg 768w, https:\/\/noticiasmercedinas.com\/site\/wp-content\/uploads\/2025\/11\/IMG-20251108-WA0022-e1762625776126-640x447.jpg 640w, https:\/\/noticiasmercedinas.com\/site\/wp-content\/uploads\/2025\/11\/IMG-20251108-WA0022-e1762625776126-681x476.jpg 681w\" sizes=\"auto, (max-width: 1174px) 100vw, 1174px\" \/><\/p>\n<p>La ciudad de Mercedes recibi\u00f3 una visita de lujo este s\u00e1bado al mediod\u00eda con la presencia del legendario cantor salte\u00f1o <strong>Zamba Quipildor<\/strong>, una de las voces m\u00e1s emblem\u00e1ticas de la m\u00fasica folkl\u00f3rica argentina.<\/p>\n<p>El artista, que actualmente reside en la vecina ciudad de Luj\u00e1n, se encuentra en Mercedes para participar en un homenaje a m\u00fasicos que se realizar\u00e1 esta tarde en la tradicional Pulper\u00eda de Cacho Di Catarina.<\/p>\n<p>La presencia de Quipildor fue confirmada por el concejal electo de Vecinos por Mercedes, Bernardo Zubeld\u00eda, quien comparti\u00f3 un encuentro con el folklorista. Seg\u00fan trascendi\u00f3, el cantor regresar\u00eda al mediod\u00eda al predio del Autom\u00f3vil Club Argentino (ACA) para retirar su camioneta lavada (porque le gusta como dejan su veh\u00edculo limpio ah\u00ed) antes de dirigirse al evento.<\/p>\n<p>El homenaje se llevar\u00e1 a cabo en el ic\u00f3nico reducto cultural de la ciudad a partir de las 16:00 horas. Si bien la naturaleza del evento es un reconocimiento a m\u00fasicos, la participaci\u00f3n de Quipildor eleva el perfil de la convocatoria y promete un momento emotivo para los amantes del g\u00e9nero.<\/p>\n<p><strong>\u00bfQui\u00e9n es Zamba Quipildor?<\/strong><\/p>\n<p>Zamba Quipildor (Jos\u00e9 Antonio Quipildor) es una figura fundamental en el cancionero popular argentino, originario de la provincia de Salta.<\/p>\n<p>Su carrera despeg\u00f3 en la d\u00e9cada de 1970. Es conocido por su estilo interpretativo profundo y su timbre de voz potente, que lo hicieron uno de los artistas m\u00e1s representativos del canto salte\u00f1o y cuyano.<\/p>\n<p>Se hizo c\u00e9lebre por su interpretaci\u00f3n de la \u00abMisa Criolla\u00bb de Ariel Ram\u00edrez y F\u00e9lix Luna, siendo una de las voces m\u00e1s autorizadas para ese monumental trabajo.<\/p>\n<p>A lo largo de su carrera, ha sido reconocido en m\u00faltiples festivales nacionales, consolidando un legado de respeto por la tradici\u00f3n y la poes\u00eda folkl\u00f3rica. A pesar de su origen salte\u00f1o, ha elegido la zona de Luj\u00e1n, cercana a Mercedes, como su lugar de residencia.<\/p>\n<p>La visita del cantor no solo es un acontecimiento para el \u00e1mbito cultural, sino que tambi\u00e9n subraya el fuerte v\u00ednculo que tienen las figuras del folklore con la regi\u00f3n y sus tradiciones<\/p>\n","protected":false},"excerpt":{"rendered":"<p>El aclamado cantor folkl\u00f3rico, residente en Luj\u00e1n, fue visto en la ciudad y participar\u00e1 esta tarde de un reconocimiento a m\u00fasicos locales, reafirmando su v\u00ednculo con el pago chico<\/p>\n","protected":false},"author":16,"featured_media":173817,"comment_status":"closed","ping_status":"closed","sticky":false,"template":"","format":"standard","meta":{"footnotes":""},"categories":[4],"tags":[18289,672,1866,21238],"class_list":["post-173815","post","type-post","status-publish","format-standard","has-post-thumbnail","hentry","category-cultura","tag-bernardo-zubeldia","tag-homenaje","tag-la-pulperia-de-cacho","tag-zamba-quipildor"],"yoast_head":"<!-- This site is optimized with the Yoast SEO plugin v27.4 - https:\/\/yoast.com\/product\/yoast-seo-wordpress\/ -->\n<title>Zamba Quipildor est\u00e1 en Mercedes y ser\u00e1 homenajeado en la Pulper\u00eda de Cacho Di Catarina<\/title>\n<meta name=\"description\" content=\"El aclamado cantor folkl\u00f3rico, residente en Luj\u00e1n, fue visto en la ciudad y participar\u00e1 esta tarde de un reconocimiento a m\u00fasicos locales, reafirmando su v\u00ednculo con el pago chico\" \/>\n<meta name=\"robots\" content=\"index, follow, max-snippet:-1, max-image-preview:large, max-video-preview:-1\" \/>\n<link rel=\"canonical\" href=\"https:\/\/noticiasmercedinas.com\/site\/2025\/11\/08\/zamba-quipildor-esta-en-mercedes-y-sera-homenajeado-en-la-pulperia-de-cacho-di-catarina\/\" \/>\n<meta property=\"og:locale\" content=\"es_ES\" \/>\n<meta property=\"og:type\" content=\"article\" \/>\n<meta property=\"og:title\" content=\"Zamba Quipildor est\u00e1 en Mercedes y ser\u00e1 homenajeado en la Pulper\u00eda de Cacho Di Catarina\" \/>\n<meta property=\"og:description\" content=\"El aclamado cantor folkl\u00f3rico, residente en Luj\u00e1n, fue visto en la ciudad y participar\u00e1 esta tarde de un reconocimiento a m\u00fasicos locales, reafirmando su v\u00ednculo con el pago chico\" \/>\n<meta property=\"og:url\" content=\"https:\/\/noticiasmercedinas.com\/site\/2025\/11\/08\/zamba-quipildor-esta-en-mercedes-y-sera-homenajeado-en-la-pulperia-de-cacho-di-catarina\/\" \/>\n<meta property=\"og:site_name\" content=\"NOTICIASMERCEDINAS.COM\" \/>\n<meta property=\"article:publisher\" content=\"https:\/\/www.facebook.com\/noticiasmercedinas\/\" \/>\n<meta property=\"article:published_time\" content=\"2025-11-08T18:16:39+00:00\" \/>\n<meta property=\"og:image\" content=\"https:\/\/noticiasmercedinas.com\/site\/wp-content\/uploads\/2025\/11\/IMG-20251108-WA0022-e1762625776126.jpg\" \/>\n\t<meta property=\"og:image:width\" content=\"1174\" \/>\n\t<meta property=\"og:image:height\" content=\"820\" \/>\n\t<meta property=\"og:image:type\" content=\"image\/jpeg\" \/>\n<meta name=\"author\" content=\"NOTICIASMERCEDINAS.COM\" \/>\n<meta name=\"twitter:card\" content=\"summary_large_image\" \/>\n<meta name=\"twitter:creator\" content=\"@notmercedinas\" \/>\n<meta name=\"twitter:site\" content=\"@notmercedinas\" \/>\n<meta name=\"twitter:label1\" content=\"Escrito por\" \/>\n\t<meta name=\"twitter:data1\" content=\"NOTICIASMERCEDINAS.COM\" \/>\n\t<meta name=\"twitter:label2\" content=\"Tiempo de lectura\" \/>\n\t<meta name=\"twitter:data2\" content=\"2 minutos\" \/>\n<script type=\"application\/ld+json\" class=\"yoast-schema-graph\">{\"@context\":\"https:\\\/\\\/schema.org\",\"@graph\":[{\"@type\":\"Article\",\"@id\":\"https:\\\/\\\/noticiasmercedinas.com\\\/site\\\/2025\\\/11\\\/08\\\/zamba-quipildor-esta-en-mercedes-y-sera-homenajeado-en-la-pulperia-de-cacho-di-catarina\\\/#article\",\"isPartOf\":{\"@id\":\"https:\\\/\\\/noticiasmercedinas.com\\\/site\\\/2025\\\/11\\\/08\\\/zamba-quipildor-esta-en-mercedes-y-sera-homenajeado-en-la-pulperia-de-cacho-di-catarina\\\/\"},\"author\":{\"name\":\"NOTICIASMERCEDINAS.COM\",\"@id\":\"https:\\\/\\\/noticiasmercedinas.com\\\/site\\\/#\\\/schema\\\/person\\\/84b59c099c28ff2e8b77d4ceec5d8063\"},\"headline\":\"Zamba Quipildor est\u00e1 en Mercedes y ser\u00e1 homenajeado en la Pulper\u00eda de Cacho Di Catarina\",\"datePublished\":\"2025-11-08T18:16:39+00:00\",\"mainEntityOfPage\":{\"@id\":\"https:\\\/\\\/noticiasmercedinas.com\\\/site\\\/2025\\\/11\\\/08\\\/zamba-quipildor-esta-en-mercedes-y-sera-homenajeado-en-la-pulperia-de-cacho-di-catarina\\\/\"},\"wordCount\":390,\"publisher\":{\"@id\":\"https:\\\/\\\/noticiasmercedinas.com\\\/site\\\/#organization\"},\"image\":{\"@id\":\"https:\\\/\\\/noticiasmercedinas.com\\\/site\\\/2025\\\/11\\\/08\\\/zamba-quipildor-esta-en-mercedes-y-sera-homenajeado-en-la-pulperia-de-cacho-di-catarina\\\/#primaryimage\"},\"thumbnailUrl\":\"https:\\\/\\\/noticiasmercedinas.com\\\/site\\\/wp-content\\\/uploads\\\/2025\\\/11\\\/IMG-20251108-WA0022-e1762625776126.jpg\",\"keywords\":[\"bernardo zubeldia\",\"homenaje\",\"La pulper\u00eda de Cacho\",\"Zamba Quipildor\"],\"articleSection\":[\"Cultura\"],\"inLanguage\":\"es\"},{\"@type\":\"WebPage\",\"@id\":\"https:\\\/\\\/noticiasmercedinas.com\\\/site\\\/2025\\\/11\\\/08\\\/zamba-quipildor-esta-en-mercedes-y-sera-homenajeado-en-la-pulperia-de-cacho-di-catarina\\\/\",\"url\":\"https:\\\/\\\/noticiasmercedinas.com\\\/site\\\/2025\\\/11\\\/08\\\/zamba-quipildor-esta-en-mercedes-y-sera-homenajeado-en-la-pulperia-de-cacho-di-catarina\\\/\",\"name\":\"Zamba Quipildor est\u00e1 en Mercedes y ser\u00e1 homenajeado en la Pulper\u00eda de Cacho Di Catarina\",\"isPartOf\":{\"@id\":\"https:\\\/\\\/noticiasmercedinas.com\\\/site\\\/#website\"},\"primaryImageOfPage\":{\"@id\":\"https:\\\/\\\/noticiasmercedinas.com\\\/site\\\/2025\\\/11\\\/08\\\/zamba-quipildor-esta-en-mercedes-y-sera-homenajeado-en-la-pulperia-de-cacho-di-catarina\\\/#primaryimage\"},\"image\":{\"@id\":\"https:\\\/\\\/noticiasmercedinas.com\\\/site\\\/2025\\\/11\\\/08\\\/zamba-quipildor-esta-en-mercedes-y-sera-homenajeado-en-la-pulperia-de-cacho-di-catarina\\\/#primaryimage\"},\"thumbnailUrl\":\"https:\\\/\\\/noticiasmercedinas.com\\\/site\\\/wp-content\\\/uploads\\\/2025\\\/11\\\/IMG-20251108-WA0022-e1762625776126.jpg\",\"datePublished\":\"2025-11-08T18:16:39+00:00\",\"description\":\"El aclamado cantor folkl\u00f3rico, residente en Luj\u00e1n, fue visto en la ciudad y participar\u00e1 esta tarde de un reconocimiento a m\u00fasicos locales, reafirmando su v\u00ednculo con el pago chico\",\"breadcrumb\":{\"@id\":\"https:\\\/\\\/noticiasmercedinas.com\\\/site\\\/2025\\\/11\\\/08\\\/zamba-quipildor-esta-en-mercedes-y-sera-homenajeado-en-la-pulperia-de-cacho-di-catarina\\\/#breadcrumb\"},\"inLanguage\":\"es\",\"potentialAction\":[{\"@type\":\"ReadAction\",\"target\":[\"https:\\\/\\\/noticiasmercedinas.com\\\/site\\\/2025\\\/11\\\/08\\\/zamba-quipildor-esta-en-mercedes-y-sera-homenajeado-en-la-pulperia-de-cacho-di-catarina\\\/\"]}]},{\"@type\":\"ImageObject\",\"inLanguage\":\"es\",\"@id\":\"https:\\\/\\\/noticiasmercedinas.com\\\/site\\\/2025\\\/11\\\/08\\\/zamba-quipildor-esta-en-mercedes-y-sera-homenajeado-en-la-pulperia-de-cacho-di-catarina\\\/#primaryimage\",\"url\":\"https:\\\/\\\/noticiasmercedinas.com\\\/site\\\/wp-content\\\/uploads\\\/2025\\\/11\\\/IMG-20251108-WA0022-e1762625776126.jpg\",\"contentUrl\":\"https:\\\/\\\/noticiasmercedinas.com\\\/site\\\/wp-content\\\/uploads\\\/2025\\\/11\\\/IMG-20251108-WA0022-e1762625776126.jpg\",\"width\":1174,\"height\":820},{\"@type\":\"BreadcrumbList\",\"@id\":\"https:\\\/\\\/noticiasmercedinas.com\\\/site\\\/2025\\\/11\\\/08\\\/zamba-quipildor-esta-en-mercedes-y-sera-homenajeado-en-la-pulperia-de-cacho-di-catarina\\\/#breadcrumb\",\"itemListElement\":[{\"@type\":\"ListItem\",\"position\":1,\"name\":\"Portada\",\"item\":\"https:\\\/\\\/noticiasmercedinas.com\\\/site\\\/\"},{\"@type\":\"ListItem\",\"position\":2,\"name\":\"Zamba Quipildor est\u00e1 en Mercedes y ser\u00e1 homenajeado en la Pulper\u00eda de Cacho Di Catarina\"}]},{\"@type\":\"WebSite\",\"@id\":\"https:\\\/\\\/noticiasmercedinas.com\\\/site\\\/#website\",\"url\":\"https:\\\/\\\/noticiasmercedinas.com\\\/site\\\/\",\"name\":\"NOTICIASMERCEDINAS.COM\",\"description\":\"Mercedes, Buenos Aires, Argentina\",\"publisher\":{\"@id\":\"https:\\\/\\\/noticiasmercedinas.com\\\/site\\\/#organization\"},\"potentialAction\":[{\"@type\":\"SearchAction\",\"target\":{\"@type\":\"EntryPoint\",\"urlTemplate\":\"https:\\\/\\\/noticiasmercedinas.com\\\/site\\\/?s={search_term_string}\"},\"query-input\":{\"@type\":\"PropertyValueSpecification\",\"valueRequired\":true,\"valueName\":\"search_term_string\"}}],\"inLanguage\":\"es\"},{\"@type\":\"Organization\",\"@id\":\"https:\\\/\\\/noticiasmercedinas.com\\\/site\\\/#organization\",\"name\":\"NOTICIASMERCEDINAS.COM\",\"url\":\"https:\\\/\\\/noticiasmercedinas.com\\\/site\\\/\",\"logo\":{\"@type\":\"ImageObject\",\"inLanguage\":\"es\",\"@id\":\"https:\\\/\\\/noticiasmercedinas.com\\\/site\\\/#\\\/schema\\\/logo\\\/image\\\/\",\"url\":\"https:\\\/\\\/noticiasmercedinas.com\\\/site\\\/wp-content\\\/uploads\\\/2020\\\/06\\\/LOGO-512.jpg\",\"contentUrl\":\"https:\\\/\\\/noticiasmercedinas.com\\\/site\\\/wp-content\\\/uploads\\\/2020\\\/06\\\/LOGO-512.jpg\",\"width\":512,\"height\":512,\"caption\":\"NOTICIASMERCEDINAS.COM\"},\"image\":{\"@id\":\"https:\\\/\\\/noticiasmercedinas.com\\\/site\\\/#\\\/schema\\\/logo\\\/image\\\/\"},\"sameAs\":[\"https:\\\/\\\/www.facebook.com\\\/noticiasmercedinas\\\/\",\"https:\\\/\\\/x.com\\\/notmercedinas\",\"https:\\\/\\\/www.instagram.com\\\/noticiasmercedinas\\\/\"]},{\"@type\":\"Person\",\"@id\":\"https:\\\/\\\/noticiasmercedinas.com\\\/site\\\/#\\\/schema\\\/person\\\/84b59c099c28ff2e8b77d4ceec5d8063\",\"name\":\"NOTICIASMERCEDINAS.COM\",\"image\":{\"@type\":\"ImageObject\",\"inLanguage\":\"es\",\"@id\":\"https:\\\/\\\/secure.gravatar.com\\\/avatar\\\/4dfbf16b4d17945bfb6341b2d19043457132fcf478a5ee04f42e959fd8f5df0a?s=96&d=mm&r=g\",\"url\":\"https:\\\/\\\/secure.gravatar.com\\\/avatar\\\/4dfbf16b4d17945bfb6341b2d19043457132fcf478a5ee04f42e959fd8f5df0a?s=96&d=mm&r=g\",\"contentUrl\":\"https:\\\/\\\/secure.gravatar.com\\\/avatar\\\/4dfbf16b4d17945bfb6341b2d19043457132fcf478a5ee04f42e959fd8f5df0a?s=96&d=mm&r=g\",\"caption\":\"NOTICIASMERCEDINAS.COM\"},\"url\":\"https:\\\/\\\/noticiasmercedinas.com\\\/site\\\/author\\\/anonimo\\\/\"}]}<\/script>\n<!-- \/ Yoast SEO plugin. -->","yoast_head_json":{"title":"Zamba Quipildor est\u00e1 en Mercedes y ser\u00e1 homenajeado en la Pulper\u00eda de Cacho Di Catarina","description":"El aclamado cantor folkl\u00f3rico, residente en Luj\u00e1n, fue visto en la ciudad y participar\u00e1 esta tarde de un reconocimiento a m\u00fasicos locales, reafirmando su v\u00ednculo con el pago chico","robots":{"index":"index","follow":"follow","max-snippet":"max-snippet:-1","max-image-preview":"max-image-preview:large","max-video-preview":"max-video-preview:-1"},"canonical":"https:\/\/noticiasmercedinas.com\/site\/2025\/11\/08\/zamba-quipildor-esta-en-mercedes-y-sera-homenajeado-en-la-pulperia-de-cacho-di-catarina\/","og_locale":"es_ES","og_type":"article","og_title":"Zamba Quipildor est\u00e1 en Mercedes y ser\u00e1 homenajeado en la Pulper\u00eda de Cacho Di Catarina","og_description":"El aclamado cantor folkl\u00f3rico, residente en Luj\u00e1n, fue visto en la ciudad y participar\u00e1 esta tarde de un reconocimiento a m\u00fasicos locales, reafirmando su v\u00ednculo con el pago chico","og_url":"https:\/\/noticiasmercedinas.com\/site\/2025\/11\/08\/zamba-quipildor-esta-en-mercedes-y-sera-homenajeado-en-la-pulperia-de-cacho-di-catarina\/","og_site_name":"NOTICIASMERCEDINAS.COM","article_publisher":"https:\/\/www.facebook.com\/noticiasmercedinas\/","article_published_time":"2025-11-08T18:16:39+00:00","og_image":[{"width":1174,"height":820,"url":"https:\/\/noticiasmercedinas.com\/site\/wp-content\/uploads\/2025\/11\/IMG-20251108-WA0022-e1762625776126.jpg","type":"image\/jpeg"}],"author":"NOTICIASMERCEDINAS.COM","twitter_card":"summary_large_image","twitter_creator":"@notmercedinas","twitter_site":"@notmercedinas","twitter_misc":{"Escrito por":"NOTICIASMERCEDINAS.COM","Tiempo de lectura":"2 minutos"},"schema":{"@context":"https:\/\/schema.org","@graph":[{"@type":"Article","@id":"https:\/\/noticiasmercedinas.com\/site\/2025\/11\/08\/zamba-quipildor-esta-en-mercedes-y-sera-homenajeado-en-la-pulperia-de-cacho-di-catarina\/#article","isPartOf":{"@id":"https:\/\/noticiasmercedinas.com\/site\/2025\/11\/08\/zamba-quipildor-esta-en-mercedes-y-sera-homenajeado-en-la-pulperia-de-cacho-di-catarina\/"},"author":{"name":"NOTICIASMERCEDINAS.COM","@id":"https:\/\/noticiasmercedinas.com\/site\/#\/schema\/person\/84b59c099c28ff2e8b77d4ceec5d8063"},"headline":"Zamba Quipildor est\u00e1 en Mercedes y ser\u00e1 homenajeado en la Pulper\u00eda de Cacho Di Catarina","datePublished":"2025-11-08T18:16:39+00:00","mainEntityOfPage":{"@id":"https:\/\/noticiasmercedinas.com\/site\/2025\/11\/08\/zamba-quipildor-esta-en-mercedes-y-sera-homenajeado-en-la-pulperia-de-cacho-di-catarina\/"},"wordCount":390,"publisher":{"@id":"https:\/\/noticiasmercedinas.com\/site\/#organization"},"image":{"@id":"https:\/\/noticiasmercedinas.com\/site\/2025\/11\/08\/zamba-quipildor-esta-en-mercedes-y-sera-homenajeado-en-la-pulperia-de-cacho-di-catarina\/#primaryimage"},"thumbnailUrl":"https:\/\/noticiasmercedinas.com\/site\/wp-content\/uploads\/2025\/11\/IMG-20251108-WA0022-e1762625776126.jpg","keywords":["bernardo zubeldia","homenaje","La pulper\u00eda de Cacho","Zamba Quipildor"],"articleSection":["Cultura"],"inLanguage":"es"},{"@type":"WebPage","@id":"https:\/\/noticiasmercedinas.com\/site\/2025\/11\/08\/zamba-quipildor-esta-en-mercedes-y-sera-homenajeado-en-la-pulperia-de-cacho-di-catarina\/","url":"https:\/\/noticiasmercedinas.com\/site\/2025\/11\/08\/zamba-quipildor-esta-en-mercedes-y-sera-homenajeado-en-la-pulperia-de-cacho-di-catarina\/","name":"Zamba Quipildor est\u00e1 en Mercedes y ser\u00e1 homenajeado en la Pulper\u00eda de Cacho Di Catarina","isPartOf":{"@id":"https:\/\/noticiasmercedinas.com\/site\/#website"},"primaryImageOfPage":{"@id":"https:\/\/noticiasmercedinas.com\/site\/2025\/11\/08\/zamba-quipildor-esta-en-mercedes-y-sera-homenajeado-en-la-pulperia-de-cacho-di-catarina\/#primaryimage"},"image":{"@id":"https:\/\/noticiasmercedinas.com\/site\/2025\/11\/08\/zamba-quipildor-esta-en-mercedes-y-sera-homenajeado-en-la-pulperia-de-cacho-di-catarina\/#primaryimage"},"thumbnailUrl":"https:\/\/noticiasmercedinas.com\/site\/wp-content\/uploads\/2025\/11\/IMG-20251108-WA0022-e1762625776126.jpg","datePublished":"2025-11-08T18:16:39+00:00","description":"El aclamado cantor folkl\u00f3rico, residente en Luj\u00e1n, fue visto en la ciudad y participar\u00e1 esta tarde de un reconocimiento a m\u00fasicos locales, reafirmando su v\u00ednculo con el pago chico","breadcrumb":{"@id":"https:\/\/noticiasmercedinas.com\/site\/2025\/11\/08\/zamba-quipildor-esta-en-mercedes-y-sera-homenajeado-en-la-pulperia-de-cacho-di-catarina\/#breadcrumb"},"inLanguage":"es","potentialAction":[{"@type":"ReadAction","target":["https:\/\/noticiasmercedinas.com\/site\/2025\/11\/08\/zamba-quipildor-esta-en-mercedes-y-sera-homenajeado-en-la-pulperia-de-cacho-di-catarina\/"]}]},{"@type":"ImageObject","inLanguage":"es","@id":"https:\/\/noticiasmercedinas.com\/site\/2025\/11\/08\/zamba-quipildor-esta-en-mercedes-y-sera-homenajeado-en-la-pulperia-de-cacho-di-catarina\/#primaryimage","url":"https:\/\/noticiasmercedinas.com\/site\/wp-content\/uploads\/2025\/11\/IMG-20251108-WA0022-e1762625776126.jpg","contentUrl":"https:\/\/noticiasmercedinas.com\/site\/wp-content\/uploads\/2025\/11\/IMG-20251108-WA0022-e1762625776126.jpg","width":1174,"height":820},{"@type":"BreadcrumbList","@id":"https:\/\/noticiasmercedinas.com\/site\/2025\/11\/08\/zamba-quipildor-esta-en-mercedes-y-sera-homenajeado-en-la-pulperia-de-cacho-di-catarina\/#breadcrumb","itemListElement":[{"@type":"ListItem","position":1,"name":"Portada","item":"https:\/\/noticiasmercedinas.com\/site\/"},{"@type":"ListItem","position":2,"name":"Zamba Quipildor est\u00e1 en Mercedes y ser\u00e1 homenajeado en la Pulper\u00eda de Cacho Di Catarina"}]},{"@type":"WebSite","@id":"https:\/\/noticiasmercedinas.com\/site\/#website","url":"https:\/\/noticiasmercedinas.com\/site\/","name":"NOTICIASMERCEDINAS.COM","description":"Mercedes, Buenos Aires, Argentina","publisher":{"@id":"https:\/\/noticiasmercedinas.com\/site\/#organization"},"potentialAction":[{"@type":"SearchAction","target":{"@type":"EntryPoint","urlTemplate":"https:\/\/noticiasmercedinas.com\/site\/?s={search_term_string}"},"query-input":{"@type":"PropertyValueSpecification","valueRequired":true,"valueName":"search_term_string"}}],"inLanguage":"es"},{"@type":"Organization","@id":"https:\/\/noticiasmercedinas.com\/site\/#organization","name":"NOTICIASMERCEDINAS.COM","url":"https:\/\/noticiasmercedinas.com\/site\/","logo":{"@type":"ImageObject","inLanguage":"es","@id":"https:\/\/noticiasmercedinas.com\/site\/#\/schema\/logo\/image\/","url":"https:\/\/noticiasmercedinas.com\/site\/wp-content\/uploads\/2020\/06\/LOGO-512.jpg","contentUrl":"https:\/\/noticiasmercedinas.com\/site\/wp-content\/uploads\/2020\/06\/LOGO-512.jpg","width":512,"height":512,"caption":"NOTICIASMERCEDINAS.COM"},"image":{"@id":"https:\/\/noticiasmercedinas.com\/site\/#\/schema\/logo\/image\/"},"sameAs":["https:\/\/www.facebook.com\/noticiasmercedinas\/","https:\/\/x.com\/notmercedinas","https:\/\/www.instagram.com\/noticiasmercedinas\/"]},{"@type":"Person","@id":"https:\/\/noticiasmercedinas.com\/site\/#\/schema\/person\/84b59c099c28ff2e8b77d4ceec5d8063","name":"NOTICIASMERCEDINAS.COM","image":{"@type":"ImageObject","inLanguage":"es","@id":"https:\/\/secure.gravatar.com\/avatar\/4dfbf16b4d17945bfb6341b2d19043457132fcf478a5ee04f42e959fd8f5df0a?s=96&d=mm&r=g","url":"https:\/\/secure.gravatar.com\/avatar\/4dfbf16b4d17945bfb6341b2d19043457132fcf478a5ee04f42e959fd8f5df0a?s=96&d=mm&r=g","contentUrl":"https:\/\/secure.gravatar.com\/avatar\/4dfbf16b4d17945bfb6341b2d19043457132fcf478a5ee04f42e959fd8f5df0a?s=96&d=mm&r=g","caption":"NOTICIASMERCEDINAS.COM"},"url":"https:\/\/noticiasmercedinas.com\/site\/author\/anonimo\/"}]}},"amp_enabled":true,"_links":{"self":[{"href":"https:\/\/noticiasmercedinas.com\/site\/wp-json\/wp\/v2\/posts\/173815","targetHints":{"allow":["GET"]}}],"collection":[{"href":"https:\/\/noticiasmercedinas.com\/site\/wp-json\/wp\/v2\/posts"}],"about":[{"href":"https:\/\/noticiasmercedinas.com\/site\/wp-json\/wp\/v2\/types\/post"}],"author":[{"embeddable":true,"href":"https:\/\/noticiasmercedinas.com\/site\/wp-json\/wp\/v2\/users\/16"}],"replies":[{"embeddable":true,"href":"https:\/\/noticiasmercedinas.com\/site\/wp-json\/wp\/v2\/comments?post=173815"}],"version-history":[{"count":3,"href":"https:\/\/noticiasmercedinas.com\/site\/wp-json\/wp\/v2\/posts\/173815\/revisions"}],"predecessor-version":[{"id":173823,"href":"https:\/\/noticiasmercedinas.com\/site\/wp-json\/wp\/v2\/posts\/173815\/revisions\/173823"}],"wp:featuredmedia":[{"embeddable":true,"href":"https:\/\/noticiasmercedinas.com\/site\/wp-json\/wp\/v2\/media\/173817"}],"wp:attachment":[{"href":"https:\/\/noticiasmercedinas.com\/site\/wp-json\/wp\/v2\/media?parent=173815"}],"wp:term":[{"taxonomy":"category","embeddable":true,"href":"https:\/\/noticiasmercedinas.com\/site\/wp-json\/wp\/v2\/categories?post=173815"},{"taxonomy":"post_tag","embeddable":true,"href":"https:\/\/noticiasmercedinas.com\/site\/wp-json\/wp\/v2\/tags?post=173815"}],"curies":[{"name":"wp","href":"https:\/\/api.w.org\/{rel}","templated":true}]}}