{"id":173891,"date":"2025-11-09T18:22:31","date_gmt":"2025-11-09T21:22:31","guid":{"rendered":"https:\/\/noticiasmercedinas.com\/site\/?p=173891"},"modified":"2025-11-11T22:28:01","modified_gmt":"2025-11-12T01:28:01","slug":"cgt-mercedes-participo-del-congreso-que-eligio-a-la-nueva-conduccion-nacional","status":"publish","type":"post","link":"https:\/\/noticiasmercedinas.com\/site\/2025\/11\/09\/cgt-mercedes-participo-del-congreso-que-eligio-a-la-nueva-conduccion-nacional\/","title":{"rendered":"CGT Mercedes particip\u00f3 del Congreso que eligi\u00f3 a la nueva conducci\u00f3n nacional"},"content":{"rendered":"<p><img loading=\"lazy\" decoding=\"async\" class=\"alignnone size-full wp-image-173892\" src=\"https:\/\/noticiasmercedinas.com\/site\/wp-content\/uploads\/2025\/11\/Juan-Andres-en-el-Congreso-de-la-CGT-e1762723262828.jpeg\" alt=\"\" width=\"860\" height=\"653\" srcset=\"https:\/\/noticiasmercedinas.com\/site\/wp-content\/uploads\/2025\/11\/Juan-Andres-en-el-Congreso-de-la-CGT-e1762723262828.jpeg 860w, https:\/\/noticiasmercedinas.com\/site\/wp-content\/uploads\/2025\/11\/Juan-Andres-en-el-Congreso-de-la-CGT-e1762723262828-300x228.jpeg 300w, https:\/\/noticiasmercedinas.com\/site\/wp-content\/uploads\/2025\/11\/Juan-Andres-en-el-Congreso-de-la-CGT-e1762723262828-768x583.jpeg 768w, https:\/\/noticiasmercedinas.com\/site\/wp-content\/uploads\/2025\/11\/Juan-Andres-en-el-Congreso-de-la-CGT-e1762723262828-80x60.jpeg 80w, https:\/\/noticiasmercedinas.com\/site\/wp-content\/uploads\/2025\/11\/Juan-Andres-en-el-Congreso-de-la-CGT-e1762723262828-160x120.jpeg 160w, https:\/\/noticiasmercedinas.com\/site\/wp-content\/uploads\/2025\/11\/Juan-Andres-en-el-Congreso-de-la-CGT-e1762723262828-100x75.jpeg 100w, https:\/\/noticiasmercedinas.com\/site\/wp-content\/uploads\/2025\/11\/Juan-Andres-en-el-Congreso-de-la-CGT-e1762723262828-640x486.jpeg 640w, https:\/\/noticiasmercedinas.com\/site\/wp-content\/uploads\/2025\/11\/Juan-Andres-en-el-Congreso-de-la-CGT-e1762723262828-681x517.jpeg 681w\" sizes=\"auto, (max-width: 860px) 100vw, 860px\" \/><\/p>\n<p>La Confederaci\u00f3n General del Trabajo (CGT) celebr\u00f3 el pasado mi\u00e9rcoles en el estadio Obras Sanitarias su congreso nacional, en el que se eligi\u00f3 a la nueva conducci\u00f3n que encabezar\u00e1 la central obrera hasta el a\u00f1o 2029. La flamante conducci\u00f3n tripartita estar\u00e1 integrada por Jorge Sola (Seguros), Cristian Jer\u00f3nimo (Vidrio) y Octavio Arg\u00fcello (Camioneros), tras una votaci\u00f3n que obtuvo 1604 sufragios a favor y 35 en blanco.<\/p>\n<p>Entre los participantes estuvieron los referentes de la CGT Mercedes\/Navarro\/San Andr\u00e9s de Giles, el delegado regional Juan Mart\u00edn Andr\u00e9s y el adjunto Diego Gerdo, quienes participaron adem\u00e1s en representaci\u00f3n de sus respectivas organizaciones sindicales.<\/p>\n<p>El congreso tambi\u00e9n design\u00f3 a Andr\u00e9s Rodr\u00edguez, de UPCN, como secretario adjunto, y a Osvaldo Lobato como secretario gremial. Durante la jornada, los dirigentes coincidieron en la necesidad de sostener la unidad del movimiento obrero frente al contexto pol\u00edtico y econ\u00f3mico actual.<\/p>\n<p>\u201cEntendemos que se avecinan tiempos de mayor lucha. M\u00e1s que nunca debemos estar unidos y seguir trabajando organizados para enfrentar toda situaci\u00f3n que intente quitar derechos de las y los trabajadores\u201d, expres\u00f3 el delegado regional Juan Mart\u00edn Andr\u00e9s.<\/p>\n<p>En di\u00e1logo posterior, Andr\u00e9s subray\u00f3 que \u201cfue una elecci\u00f3n democr\u00e1tica donde se prioriz\u00f3 la unidad\u201d y destac\u00f3 que \u201cmuchas de las decisiones durante el congreso se tomaron a mano alzada\u201d, lo que reforz\u00f3 el consenso alcanzado entre los distintos sectores sindicales.<\/p>\n<p>Una vez concluido el encuentro, la CGT Nacional difundi\u00f3 un documento en el que afirm\u00f3 que \u201cla unidad sindical significa la fuerza del trabajo digno, como garant\u00eda de la justicia social\u201d, y se\u00f1al\u00f3 que \u201cla Argentina necesita reconstruir el c\u00edrculo virtuoso entre el desarrollo, la producci\u00f3n y el trabajo\u201d.<\/p>\n<p>El texto advierte, adem\u00e1s, que para lograrlo se requieren \u201cpol\u00edticas sustentables que promuevan la industria nacional, el fortalecimiento del mercado interno y una distribuci\u00f3n m\u00e1s justa de la riqueza\u201d.<\/p>\n<p>Respecto de la Reforma Laboral que impulsa el gobierno nacional, la central obrera sostuvo que \u201cno elude discutir la actualizaci\u00f3n de las relaciones laborales, pero exige que el gobierno habilite un espacio adecuado de di\u00e1logo social no excluyente, como instrumento eficaz del sistema democr\u00e1tico, donde se respeten por igual los intereses de los sectores empresarios y financieros como de las organizaciones sindicales\u201d.<\/p>\n<p>De esta manera, la CGT Mercedes\/Navarro\/S.A. de Giles ratific\u00f3 su presencia y compromiso en el \u00e1mbito nacional, reafirmando la defensa de los derechos laborales y la importancia de sostener la unidad del movimiento obrero argentino.<\/p>\n<p><img loading=\"lazy\" decoding=\"async\" class=\"alignnone size-full wp-image-173893\" src=\"https:\/\/noticiasmercedinas.com\/site\/wp-content\/uploads\/2025\/11\/Dario-Gerdo-en-el-Congreso.jpeg\" alt=\"\" width=\"1200\" height=\"1600\" srcset=\"https:\/\/noticiasmercedinas.com\/site\/wp-content\/uploads\/2025\/11\/Dario-Gerdo-en-el-Congreso.jpeg 1200w, https:\/\/noticiasmercedinas.com\/site\/wp-content\/uploads\/2025\/11\/Dario-Gerdo-en-el-Congreso-225x300.jpeg 225w, https:\/\/noticiasmercedinas.com\/site\/wp-content\/uploads\/2025\/11\/Dario-Gerdo-en-el-Congreso-768x1024.jpeg 768w, https:\/\/noticiasmercedinas.com\/site\/wp-content\/uploads\/2025\/11\/Dario-Gerdo-en-el-Congreso-1152x1536.jpeg 1152w, https:\/\/noticiasmercedinas.com\/site\/wp-content\/uploads\/2025\/11\/Dario-Gerdo-en-el-Congreso-640x853.jpeg 640w, https:\/\/noticiasmercedinas.com\/site\/wp-content\/uploads\/2025\/11\/Dario-Gerdo-en-el-Congreso-681x908.jpeg 681w\" sizes=\"auto, (max-width: 1200px) 100vw, 1200px\" \/><\/p>\n","protected":false},"excerpt":{"rendered":"<p>\u25a0 El encuentro, realizado en el estadio Obras, defini\u00f3 a Jorge Sola, Cristian Jer\u00f3nimo y Octavio Arg\u00fcello como titulares hasta 2029. Representantes mercedinos destacaron la unidad y la necesidad de defender los derechos laborales.<\/p>\n","protected":false},"author":16,"featured_media":173892,"comment_status":"closed","ping_status":"closed","sticky":false,"template":"","format":"standard","meta":{"footnotes":""},"categories":[3],"tags":[13534],"class_list":["post-173891","post","type-post","status-publish","format-standard","has-post-thumbnail","hentry","category-sociedad","tag-cgt-regional-mercedes"],"yoast_head":"<!-- This site is optimized with the Yoast SEO plugin v27.5 - https:\/\/yoast.com\/product\/yoast-seo-wordpress\/ -->\n<title>CGT Mercedes particip\u00f3 del Congreso que eligi\u00f3 a la nueva conducci\u00f3n nacional<\/title>\n<meta name=\"description\" content=\"El encuentro, realizado en el estadio Obras, defini\u00f3 a Jorge Sola, Cristian Jer\u00f3nimo y Octavio Arg\u00fcello como titulares hasta 2029. Representantes mercedinos destacaron la unidad y la necesidad de defender los derechos laborales.\" \/>\n<meta name=\"robots\" content=\"index, follow, max-snippet:-1, max-image-preview:large, max-video-preview:-1\" \/>\n<link rel=\"canonical\" href=\"https:\/\/noticiasmercedinas.com\/site\/2025\/11\/09\/cgt-mercedes-participo-del-congreso-que-eligio-a-la-nueva-conduccion-nacional\/\" \/>\n<meta property=\"og:locale\" content=\"es_ES\" \/>\n<meta property=\"og:type\" content=\"article\" \/>\n<meta property=\"og:title\" content=\"CGT Mercedes particip\u00f3 del Congreso que eligi\u00f3 a la nueva conducci\u00f3n nacional\" \/>\n<meta property=\"og:description\" content=\"El encuentro, realizado en el estadio Obras, defini\u00f3 a Jorge Sola, Cristian Jer\u00f3nimo y Octavio Arg\u00fcello como titulares hasta 2029. Representantes mercedinos destacaron la unidad y la necesidad de defender los derechos laborales.\" \/>\n<meta property=\"og:url\" content=\"https:\/\/noticiasmercedinas.com\/site\/2025\/11\/09\/cgt-mercedes-participo-del-congreso-que-eligio-a-la-nueva-conduccion-nacional\/\" \/>\n<meta property=\"og:site_name\" content=\"NOTICIASMERCEDINAS.COM\" \/>\n<meta property=\"article:publisher\" content=\"https:\/\/www.facebook.com\/noticiasmercedinas\/\" \/>\n<meta property=\"article:published_time\" content=\"2025-11-09T21:22:31+00:00\" \/>\n<meta property=\"article:modified_time\" content=\"2025-11-12T01:28:01+00:00\" \/>\n<meta property=\"og:image\" content=\"https:\/\/noticiasmercedinas.com\/site\/wp-content\/uploads\/2025\/11\/Juan-Andres-en-el-Congreso-de-la-CGT-e1762723262828.jpeg\" \/>\n\t<meta property=\"og:image:width\" content=\"860\" \/>\n\t<meta property=\"og:image:height\" content=\"653\" \/>\n\t<meta property=\"og:image:type\" content=\"image\/jpeg\" \/>\n<meta name=\"author\" content=\"NOTICIASMERCEDINAS.COM\" \/>\n<meta name=\"twitter:card\" content=\"summary_large_image\" \/>\n<meta name=\"twitter:creator\" content=\"@notmercedinas\" \/>\n<meta name=\"twitter:site\" content=\"@notmercedinas\" \/>\n<meta name=\"twitter:label1\" content=\"Escrito por\" \/>\n\t<meta name=\"twitter:data1\" content=\"NOTICIASMERCEDINAS.COM\" \/>\n\t<meta name=\"twitter:label2\" content=\"Tiempo de lectura\" \/>\n\t<meta name=\"twitter:data2\" content=\"3 minutos\" \/>\n<script type=\"application\/ld+json\" class=\"yoast-schema-graph\">{\"@context\":\"https:\\\/\\\/schema.org\",\"@graph\":[{\"@type\":\"Article\",\"@id\":\"https:\\\/\\\/noticiasmercedinas.com\\\/site\\\/2025\\\/11\\\/09\\\/cgt-mercedes-participo-del-congreso-que-eligio-a-la-nueva-conduccion-nacional\\\/#article\",\"isPartOf\":{\"@id\":\"https:\\\/\\\/noticiasmercedinas.com\\\/site\\\/2025\\\/11\\\/09\\\/cgt-mercedes-participo-del-congreso-que-eligio-a-la-nueva-conduccion-nacional\\\/\"},\"author\":{\"name\":\"NOTICIASMERCEDINAS.COM\",\"@id\":\"https:\\\/\\\/noticiasmercedinas.com\\\/site\\\/#\\\/schema\\\/person\\\/84b59c099c28ff2e8b77d4ceec5d8063\"},\"headline\":\"CGT Mercedes particip\u00f3 del Congreso que eligi\u00f3 a la nueva conducci\u00f3n nacional\",\"datePublished\":\"2025-11-09T21:22:31+00:00\",\"dateModified\":\"2025-11-12T01:28:01+00:00\",\"mainEntityOfPage\":{\"@id\":\"https:\\\/\\\/noticiasmercedinas.com\\\/site\\\/2025\\\/11\\\/09\\\/cgt-mercedes-participo-del-congreso-que-eligio-a-la-nueva-conduccion-nacional\\\/\"},\"wordCount\":448,\"publisher\":{\"@id\":\"https:\\\/\\\/noticiasmercedinas.com\\\/site\\\/#organization\"},\"image\":{\"@id\":\"https:\\\/\\\/noticiasmercedinas.com\\\/site\\\/2025\\\/11\\\/09\\\/cgt-mercedes-participo-del-congreso-que-eligio-a-la-nueva-conduccion-nacional\\\/#primaryimage\"},\"thumbnailUrl\":\"https:\\\/\\\/noticiasmercedinas.com\\\/site\\\/wp-content\\\/uploads\\\/2025\\\/11\\\/Juan-Andres-en-el-Congreso-de-la-CGT-e1762723262828.jpeg\",\"keywords\":[\"cgt regional mercedes\"],\"articleSection\":[\"Sociedad\"],\"inLanguage\":\"es\"},{\"@type\":\"WebPage\",\"@id\":\"https:\\\/\\\/noticiasmercedinas.com\\\/site\\\/2025\\\/11\\\/09\\\/cgt-mercedes-participo-del-congreso-que-eligio-a-la-nueva-conduccion-nacional\\\/\",\"url\":\"https:\\\/\\\/noticiasmercedinas.com\\\/site\\\/2025\\\/11\\\/09\\\/cgt-mercedes-participo-del-congreso-que-eligio-a-la-nueva-conduccion-nacional\\\/\",\"name\":\"CGT Mercedes particip\u00f3 del Congreso que eligi\u00f3 a la nueva conducci\u00f3n nacional\",\"isPartOf\":{\"@id\":\"https:\\\/\\\/noticiasmercedinas.com\\\/site\\\/#website\"},\"primaryImageOfPage\":{\"@id\":\"https:\\\/\\\/noticiasmercedinas.com\\\/site\\\/2025\\\/11\\\/09\\\/cgt-mercedes-participo-del-congreso-que-eligio-a-la-nueva-conduccion-nacional\\\/#primaryimage\"},\"image\":{\"@id\":\"https:\\\/\\\/noticiasmercedinas.com\\\/site\\\/2025\\\/11\\\/09\\\/cgt-mercedes-participo-del-congreso-que-eligio-a-la-nueva-conduccion-nacional\\\/#primaryimage\"},\"thumbnailUrl\":\"https:\\\/\\\/noticiasmercedinas.com\\\/site\\\/wp-content\\\/uploads\\\/2025\\\/11\\\/Juan-Andres-en-el-Congreso-de-la-CGT-e1762723262828.jpeg\",\"datePublished\":\"2025-11-09T21:22:31+00:00\",\"dateModified\":\"2025-11-12T01:28:01+00:00\",\"description\":\"El encuentro, realizado en el estadio Obras, defini\u00f3 a Jorge Sola, Cristian Jer\u00f3nimo y Octavio Arg\u00fcello como titulares hasta 2029. Representantes mercedinos destacaron la unidad y la necesidad de defender los derechos laborales.\",\"breadcrumb\":{\"@id\":\"https:\\\/\\\/noticiasmercedinas.com\\\/site\\\/2025\\\/11\\\/09\\\/cgt-mercedes-participo-del-congreso-que-eligio-a-la-nueva-conduccion-nacional\\\/#breadcrumb\"},\"inLanguage\":\"es\",\"potentialAction\":[{\"@type\":\"ReadAction\",\"target\":[\"https:\\\/\\\/noticiasmercedinas.com\\\/site\\\/2025\\\/11\\\/09\\\/cgt-mercedes-participo-del-congreso-que-eligio-a-la-nueva-conduccion-nacional\\\/\"]}]},{\"@type\":\"ImageObject\",\"inLanguage\":\"es\",\"@id\":\"https:\\\/\\\/noticiasmercedinas.com\\\/site\\\/2025\\\/11\\\/09\\\/cgt-mercedes-participo-del-congreso-que-eligio-a-la-nueva-conduccion-nacional\\\/#primaryimage\",\"url\":\"https:\\\/\\\/noticiasmercedinas.com\\\/site\\\/wp-content\\\/uploads\\\/2025\\\/11\\\/Juan-Andres-en-el-Congreso-de-la-CGT-e1762723262828.jpeg\",\"contentUrl\":\"https:\\\/\\\/noticiasmercedinas.com\\\/site\\\/wp-content\\\/uploads\\\/2025\\\/11\\\/Juan-Andres-en-el-Congreso-de-la-CGT-e1762723262828.jpeg\",\"width\":860,\"height\":653},{\"@type\":\"BreadcrumbList\",\"@id\":\"https:\\\/\\\/noticiasmercedinas.com\\\/site\\\/2025\\\/11\\\/09\\\/cgt-mercedes-participo-del-congreso-que-eligio-a-la-nueva-conduccion-nacional\\\/#breadcrumb\",\"itemListElement\":[{\"@type\":\"ListItem\",\"position\":1,\"name\":\"Portada\",\"item\":\"https:\\\/\\\/noticiasmercedinas.com\\\/site\\\/\"},{\"@type\":\"ListItem\",\"position\":2,\"name\":\"CGT Mercedes particip\u00f3 del Congreso que eligi\u00f3 a la nueva conducci\u00f3n nacional\"}]},{\"@type\":\"WebSite\",\"@id\":\"https:\\\/\\\/noticiasmercedinas.com\\\/site\\\/#website\",\"url\":\"https:\\\/\\\/noticiasmercedinas.com\\\/site\\\/\",\"name\":\"NOTICIASMERCEDINAS.COM\",\"description\":\"Mercedes, Buenos Aires, Argentina\",\"publisher\":{\"@id\":\"https:\\\/\\\/noticiasmercedinas.com\\\/site\\\/#organization\"},\"potentialAction\":[{\"@type\":\"SearchAction\",\"target\":{\"@type\":\"EntryPoint\",\"urlTemplate\":\"https:\\\/\\\/noticiasmercedinas.com\\\/site\\\/?s={search_term_string}\"},\"query-input\":{\"@type\":\"PropertyValueSpecification\",\"valueRequired\":true,\"valueName\":\"search_term_string\"}}],\"inLanguage\":\"es\"},{\"@type\":\"Organization\",\"@id\":\"https:\\\/\\\/noticiasmercedinas.com\\\/site\\\/#organization\",\"name\":\"NOTICIASMERCEDINAS.COM\",\"url\":\"https:\\\/\\\/noticiasmercedinas.com\\\/site\\\/\",\"logo\":{\"@type\":\"ImageObject\",\"inLanguage\":\"es\",\"@id\":\"https:\\\/\\\/noticiasmercedinas.com\\\/site\\\/#\\\/schema\\\/logo\\\/image\\\/\",\"url\":\"https:\\\/\\\/noticiasmercedinas.com\\\/site\\\/wp-content\\\/uploads\\\/2020\\\/06\\\/LOGO-512.jpg\",\"contentUrl\":\"https:\\\/\\\/noticiasmercedinas.com\\\/site\\\/wp-content\\\/uploads\\\/2020\\\/06\\\/LOGO-512.jpg\",\"width\":512,\"height\":512,\"caption\":\"NOTICIASMERCEDINAS.COM\"},\"image\":{\"@id\":\"https:\\\/\\\/noticiasmercedinas.com\\\/site\\\/#\\\/schema\\\/logo\\\/image\\\/\"},\"sameAs\":[\"https:\\\/\\\/www.facebook.com\\\/noticiasmercedinas\\\/\",\"https:\\\/\\\/x.com\\\/notmercedinas\",\"https:\\\/\\\/www.instagram.com\\\/noticiasmercedinas\\\/\"]},{\"@type\":\"Person\",\"@id\":\"https:\\\/\\\/noticiasmercedinas.com\\\/site\\\/#\\\/schema\\\/person\\\/84b59c099c28ff2e8b77d4ceec5d8063\",\"name\":\"NOTICIASMERCEDINAS.COM\",\"image\":{\"@type\":\"ImageObject\",\"inLanguage\":\"es\",\"@id\":\"https:\\\/\\\/secure.gravatar.com\\\/avatar\\\/4dfbf16b4d17945bfb6341b2d19043457132fcf478a5ee04f42e959fd8f5df0a?s=96&d=mm&r=g\",\"url\":\"https:\\\/\\\/secure.gravatar.com\\\/avatar\\\/4dfbf16b4d17945bfb6341b2d19043457132fcf478a5ee04f42e959fd8f5df0a?s=96&d=mm&r=g\",\"contentUrl\":\"https:\\\/\\\/secure.gravatar.com\\\/avatar\\\/4dfbf16b4d17945bfb6341b2d19043457132fcf478a5ee04f42e959fd8f5df0a?s=96&d=mm&r=g\",\"caption\":\"NOTICIASMERCEDINAS.COM\"},\"url\":\"https:\\\/\\\/noticiasmercedinas.com\\\/site\\\/author\\\/anonimo\\\/\"}]}<\/script>\n<!-- \/ Yoast SEO plugin. -->","yoast_head_json":{"title":"CGT Mercedes particip\u00f3 del Congreso que eligi\u00f3 a la nueva conducci\u00f3n nacional","description":"El encuentro, realizado en el estadio Obras, defini\u00f3 a Jorge Sola, Cristian Jer\u00f3nimo y Octavio Arg\u00fcello como titulares hasta 2029. Representantes mercedinos destacaron la unidad y la necesidad de defender los derechos laborales.","robots":{"index":"index","follow":"follow","max-snippet":"max-snippet:-1","max-image-preview":"max-image-preview:large","max-video-preview":"max-video-preview:-1"},"canonical":"https:\/\/noticiasmercedinas.com\/site\/2025\/11\/09\/cgt-mercedes-participo-del-congreso-que-eligio-a-la-nueva-conduccion-nacional\/","og_locale":"es_ES","og_type":"article","og_title":"CGT Mercedes particip\u00f3 del Congreso que eligi\u00f3 a la nueva conducci\u00f3n nacional","og_description":"El encuentro, realizado en el estadio Obras, defini\u00f3 a Jorge Sola, Cristian Jer\u00f3nimo y Octavio Arg\u00fcello como titulares hasta 2029. Representantes mercedinos destacaron la unidad y la necesidad de defender los derechos laborales.","og_url":"https:\/\/noticiasmercedinas.com\/site\/2025\/11\/09\/cgt-mercedes-participo-del-congreso-que-eligio-a-la-nueva-conduccion-nacional\/","og_site_name":"NOTICIASMERCEDINAS.COM","article_publisher":"https:\/\/www.facebook.com\/noticiasmercedinas\/","article_published_time":"2025-11-09T21:22:31+00:00","article_modified_time":"2025-11-12T01:28:01+00:00","og_image":[{"width":860,"height":653,"url":"https:\/\/noticiasmercedinas.com\/site\/wp-content\/uploads\/2025\/11\/Juan-Andres-en-el-Congreso-de-la-CGT-e1762723262828.jpeg","type":"image\/jpeg"}],"author":"NOTICIASMERCEDINAS.COM","twitter_card":"summary_large_image","twitter_creator":"@notmercedinas","twitter_site":"@notmercedinas","twitter_misc":{"Escrito por":"NOTICIASMERCEDINAS.COM","Tiempo de lectura":"3 minutos"},"schema":{"@context":"https:\/\/schema.org","@graph":[{"@type":"Article","@id":"https:\/\/noticiasmercedinas.com\/site\/2025\/11\/09\/cgt-mercedes-participo-del-congreso-que-eligio-a-la-nueva-conduccion-nacional\/#article","isPartOf":{"@id":"https:\/\/noticiasmercedinas.com\/site\/2025\/11\/09\/cgt-mercedes-participo-del-congreso-que-eligio-a-la-nueva-conduccion-nacional\/"},"author":{"name":"NOTICIASMERCEDINAS.COM","@id":"https:\/\/noticiasmercedinas.com\/site\/#\/schema\/person\/84b59c099c28ff2e8b77d4ceec5d8063"},"headline":"CGT Mercedes particip\u00f3 del Congreso que eligi\u00f3 a la nueva conducci\u00f3n nacional","datePublished":"2025-11-09T21:22:31+00:00","dateModified":"2025-11-12T01:28:01+00:00","mainEntityOfPage":{"@id":"https:\/\/noticiasmercedinas.com\/site\/2025\/11\/09\/cgt-mercedes-participo-del-congreso-que-eligio-a-la-nueva-conduccion-nacional\/"},"wordCount":448,"publisher":{"@id":"https:\/\/noticiasmercedinas.com\/site\/#organization"},"image":{"@id":"https:\/\/noticiasmercedinas.com\/site\/2025\/11\/09\/cgt-mercedes-participo-del-congreso-que-eligio-a-la-nueva-conduccion-nacional\/#primaryimage"},"thumbnailUrl":"https:\/\/noticiasmercedinas.com\/site\/wp-content\/uploads\/2025\/11\/Juan-Andres-en-el-Congreso-de-la-CGT-e1762723262828.jpeg","keywords":["cgt regional mercedes"],"articleSection":["Sociedad"],"inLanguage":"es"},{"@type":"WebPage","@id":"https:\/\/noticiasmercedinas.com\/site\/2025\/11\/09\/cgt-mercedes-participo-del-congreso-que-eligio-a-la-nueva-conduccion-nacional\/","url":"https:\/\/noticiasmercedinas.com\/site\/2025\/11\/09\/cgt-mercedes-participo-del-congreso-que-eligio-a-la-nueva-conduccion-nacional\/","name":"CGT Mercedes particip\u00f3 del Congreso que eligi\u00f3 a la nueva conducci\u00f3n nacional","isPartOf":{"@id":"https:\/\/noticiasmercedinas.com\/site\/#website"},"primaryImageOfPage":{"@id":"https:\/\/noticiasmercedinas.com\/site\/2025\/11\/09\/cgt-mercedes-participo-del-congreso-que-eligio-a-la-nueva-conduccion-nacional\/#primaryimage"},"image":{"@id":"https:\/\/noticiasmercedinas.com\/site\/2025\/11\/09\/cgt-mercedes-participo-del-congreso-que-eligio-a-la-nueva-conduccion-nacional\/#primaryimage"},"thumbnailUrl":"https:\/\/noticiasmercedinas.com\/site\/wp-content\/uploads\/2025\/11\/Juan-Andres-en-el-Congreso-de-la-CGT-e1762723262828.jpeg","datePublished":"2025-11-09T21:22:31+00:00","dateModified":"2025-11-12T01:28:01+00:00","description":"El encuentro, realizado en el estadio Obras, defini\u00f3 a Jorge Sola, Cristian Jer\u00f3nimo y Octavio Arg\u00fcello como titulares hasta 2029. Representantes mercedinos destacaron la unidad y la necesidad de defender los derechos laborales.","breadcrumb":{"@id":"https:\/\/noticiasmercedinas.com\/site\/2025\/11\/09\/cgt-mercedes-participo-del-congreso-que-eligio-a-la-nueva-conduccion-nacional\/#breadcrumb"},"inLanguage":"es","potentialAction":[{"@type":"ReadAction","target":["https:\/\/noticiasmercedinas.com\/site\/2025\/11\/09\/cgt-mercedes-participo-del-congreso-que-eligio-a-la-nueva-conduccion-nacional\/"]}]},{"@type":"ImageObject","inLanguage":"es","@id":"https:\/\/noticiasmercedinas.com\/site\/2025\/11\/09\/cgt-mercedes-participo-del-congreso-que-eligio-a-la-nueva-conduccion-nacional\/#primaryimage","url":"https:\/\/noticiasmercedinas.com\/site\/wp-content\/uploads\/2025\/11\/Juan-Andres-en-el-Congreso-de-la-CGT-e1762723262828.jpeg","contentUrl":"https:\/\/noticiasmercedinas.com\/site\/wp-content\/uploads\/2025\/11\/Juan-Andres-en-el-Congreso-de-la-CGT-e1762723262828.jpeg","width":860,"height":653},{"@type":"BreadcrumbList","@id":"https:\/\/noticiasmercedinas.com\/site\/2025\/11\/09\/cgt-mercedes-participo-del-congreso-que-eligio-a-la-nueva-conduccion-nacional\/#breadcrumb","itemListElement":[{"@type":"ListItem","position":1,"name":"Portada","item":"https:\/\/noticiasmercedinas.com\/site\/"},{"@type":"ListItem","position":2,"name":"CGT Mercedes particip\u00f3 del Congreso que eligi\u00f3 a la nueva conducci\u00f3n nacional"}]},{"@type":"WebSite","@id":"https:\/\/noticiasmercedinas.com\/site\/#website","url":"https:\/\/noticiasmercedinas.com\/site\/","name":"NOTICIASMERCEDINAS.COM","description":"Mercedes, Buenos Aires, Argentina","publisher":{"@id":"https:\/\/noticiasmercedinas.com\/site\/#organization"},"potentialAction":[{"@type":"SearchAction","target":{"@type":"EntryPoint","urlTemplate":"https:\/\/noticiasmercedinas.com\/site\/?s={search_term_string}"},"query-input":{"@type":"PropertyValueSpecification","valueRequired":true,"valueName":"search_term_string"}}],"inLanguage":"es"},{"@type":"Organization","@id":"https:\/\/noticiasmercedinas.com\/site\/#organization","name":"NOTICIASMERCEDINAS.COM","url":"https:\/\/noticiasmercedinas.com\/site\/","logo":{"@type":"ImageObject","inLanguage":"es","@id":"https:\/\/noticiasmercedinas.com\/site\/#\/schema\/logo\/image\/","url":"https:\/\/noticiasmercedinas.com\/site\/wp-content\/uploads\/2020\/06\/LOGO-512.jpg","contentUrl":"https:\/\/noticiasmercedinas.com\/site\/wp-content\/uploads\/2020\/06\/LOGO-512.jpg","width":512,"height":512,"caption":"NOTICIASMERCEDINAS.COM"},"image":{"@id":"https:\/\/noticiasmercedinas.com\/site\/#\/schema\/logo\/image\/"},"sameAs":["https:\/\/www.facebook.com\/noticiasmercedinas\/","https:\/\/x.com\/notmercedinas","https:\/\/www.instagram.com\/noticiasmercedinas\/"]},{"@type":"Person","@id":"https:\/\/noticiasmercedinas.com\/site\/#\/schema\/person\/84b59c099c28ff2e8b77d4ceec5d8063","name":"NOTICIASMERCEDINAS.COM","image":{"@type":"ImageObject","inLanguage":"es","@id":"https:\/\/secure.gravatar.com\/avatar\/4dfbf16b4d17945bfb6341b2d19043457132fcf478a5ee04f42e959fd8f5df0a?s=96&d=mm&r=g","url":"https:\/\/secure.gravatar.com\/avatar\/4dfbf16b4d17945bfb6341b2d19043457132fcf478a5ee04f42e959fd8f5df0a?s=96&d=mm&r=g","contentUrl":"https:\/\/secure.gravatar.com\/avatar\/4dfbf16b4d17945bfb6341b2d19043457132fcf478a5ee04f42e959fd8f5df0a?s=96&d=mm&r=g","caption":"NOTICIASMERCEDINAS.COM"},"url":"https:\/\/noticiasmercedinas.com\/site\/author\/anonimo\/"}]}},"amp_enabled":true,"_links":{"self":[{"href":"https:\/\/noticiasmercedinas.com\/site\/wp-json\/wp\/v2\/posts\/173891","targetHints":{"allow":["GET"]}}],"collection":[{"href":"https:\/\/noticiasmercedinas.com\/site\/wp-json\/wp\/v2\/posts"}],"about":[{"href":"https:\/\/noticiasmercedinas.com\/site\/wp-json\/wp\/v2\/types\/post"}],"author":[{"embeddable":true,"href":"https:\/\/noticiasmercedinas.com\/site\/wp-json\/wp\/v2\/users\/16"}],"replies":[{"embeddable":true,"href":"https:\/\/noticiasmercedinas.com\/site\/wp-json\/wp\/v2\/comments?post=173891"}],"version-history":[{"count":3,"href":"https:\/\/noticiasmercedinas.com\/site\/wp-json\/wp\/v2\/posts\/173891\/revisions"}],"predecessor-version":[{"id":174082,"href":"https:\/\/noticiasmercedinas.com\/site\/wp-json\/wp\/v2\/posts\/173891\/revisions\/174082"}],"wp:featuredmedia":[{"embeddable":true,"href":"https:\/\/noticiasmercedinas.com\/site\/wp-json\/wp\/v2\/media\/173892"}],"wp:attachment":[{"href":"https:\/\/noticiasmercedinas.com\/site\/wp-json\/wp\/v2\/media?parent=173891"}],"wp:term":[{"taxonomy":"category","embeddable":true,"href":"https:\/\/noticiasmercedinas.com\/site\/wp-json\/wp\/v2\/categories?post=173891"},{"taxonomy":"post_tag","embeddable":true,"href":"https:\/\/noticiasmercedinas.com\/site\/wp-json\/wp\/v2\/tags?post=173891"}],"curies":[{"name":"wp","href":"https:\/\/api.w.org\/{rel}","templated":true}]}}