{"id":173898,"date":"2025-11-09T19:49:40","date_gmt":"2025-11-09T22:49:40","guid":{"rendered":"https:\/\/noticiasmercedinas.com\/site\/?p=173898"},"modified":"2025-11-09T19:49:40","modified_gmt":"2025-11-09T22:49:40","slug":"velada-romantica-bajo-las-estrellas-amor-en-ruinas-llega-al-anfiteatro","status":"publish","type":"post","link":"https:\/\/noticiasmercedinas.com\/site\/2025\/11\/09\/velada-romantica-bajo-las-estrellas-amor-en-ruinas-llega-al-anfiteatro\/","title":{"rendered":"Velada rom\u00e1ntica bajo las estrellas: \u00abAmor en Ruinas\u00bb llega al Anfiteatro"},"content":{"rendered":"<p><img loading=\"lazy\" decoding=\"async\" class=\"alignnone size-full wp-image-173900\" src=\"https:\/\/noticiasmercedinas.com\/site\/wp-content\/uploads\/2025\/11\/IMG-20251109-WA0001-e1762728556228.jpg\" alt=\"\" width=\"877\" height=\"522\" srcset=\"https:\/\/noticiasmercedinas.com\/site\/wp-content\/uploads\/2025\/11\/IMG-20251109-WA0001-e1762728556228.jpg 877w, https:\/\/noticiasmercedinas.com\/site\/wp-content\/uploads\/2025\/11\/IMG-20251109-WA0001-e1762728556228-300x179.jpg 300w, https:\/\/noticiasmercedinas.com\/site\/wp-content\/uploads\/2025\/11\/IMG-20251109-WA0001-e1762728556228-768x457.jpg 768w, https:\/\/noticiasmercedinas.com\/site\/wp-content\/uploads\/2025\/11\/IMG-20251109-WA0001-e1762728556228-640x381.jpg 640w, https:\/\/noticiasmercedinas.com\/site\/wp-content\/uploads\/2025\/11\/IMG-20251109-WA0001-e1762728556228-681x405.jpg 681w\" sizes=\"auto, (max-width: 877px) 100vw, 877px\" \/><\/p>\n<p>El Anfiteatro Mercedes, ubicado en la intersecci\u00f3n de la Calle 42 y 29 (Estaci\u00f3n Trocha), se vestir\u00e1 de gala el pr\u00f3ximo 5 de diciembre para recibir \u00abAmor en Ruinas&#8230;\u00bb, un ciclo dedicado al bolero y la m\u00fasica rom\u00e1ntica a partir de las 21:00 horas.<\/p>\n<p>La propuesta, encabezada por el cantante Gonzalo Jes\u00fas, promete una velada \u00abbajo las estrellas\u00bb que recorrer\u00e1 los grandes \u00e9xitos del cancionero rom\u00e1ntico.<\/p>\n<p>\u200bEl proyecto \u00abAmor en Ruinas&#8230;\u00bb es un segmento de boleros y canciones de amor, concebido para crear un ambiente \u00edntimo y nost\u00e1lgico.<\/p>\n<p>Para esta presentaci\u00f3n, Gonzalo Jes\u00fas estar\u00e1 acompa\u00f1ado por un destacado grupo de m\u00fasicos:<br \/>\n\u200b- Franco Brienza en guitarra.<br \/>\n\u200b- Mateo Brienza en percusi\u00f3n.<br \/>\n\u200b- Antonio Beracierto en bajo.<br \/>\n\u200b<br \/>\nAdem\u00e1s, el evento contar\u00e1 con la participaci\u00f3n de \u00abartistas invitados\u00bb que aportar\u00e1n variedad y nuevas voces al concierto, garantizando una noche memorable para los amantes del g\u00e9nero.<\/p>\n<p>\u200bPensando en la comodidad y el disfrute del p\u00fablico, la organizaci\u00f3n ha confirmado que habr\u00e1 servicio de gastronom\u00eda y bebidas disponible durante toda la noche, permitiendo a los asistentes acompa\u00f1ar la m\u00fasica con una cena o cocktail.<\/p>\n<p>\u200bEl acceso al evento se realiza mediante un Bono Contribuci\u00f3n de $5000.<br \/>\n\u200b<br \/>\nFecha: 5 de diciembre.<br \/>\n\u200bHora: 21:00 hs.<br \/>\n\u200bLugar: Anfiteatro Mercedes (Calle 42 y 29, Estaci\u00f3n Trocha).<br \/>\n\u200bBono Contribuci\u00f3n: $5000.<br \/>\n\u200bReservas: Los interesados en asegurar su lugar pueden realizar sus reservas al n\u00famero 2324-537792<\/p>\n","protected":false},"excerpt":{"rendered":"<p>Ciclo de boleros y m\u00fasica rom\u00e1ntica promete un recorrido por el cancionero cl\u00e1sico con artistas locales e invitados especiales, acompa\u00f1ado de servicio de gastronom\u00eda y bebidas. Ser\u00e1 en diciembre<\/p>\n","protected":false},"author":16,"featured_media":173900,"comment_status":"closed","ping_status":"closed","sticky":false,"template":"","format":"standard","meta":{"footnotes":""},"categories":[4],"tags":[15989,2429,11535,6485],"class_list":["post-173898","post","type-post","status-publish","format-standard","has-post-thumbnail","hentry","category-cultura","tag-anfiteatro","tag-boleros","tag-franco-brienza","tag-gonzalo-jesus"],"yoast_head":"<!-- This site is optimized with the Yoast SEO plugin v27.4 - https:\/\/yoast.com\/product\/yoast-seo-wordpress\/ -->\n<title>Velada rom\u00e1ntica bajo las estrellas: &quot;Amor en Ruinas&quot; llega al Anfiteatro<\/title>\n<meta name=\"description\" content=\"Ciclo de bolero y m\u00fasica rom\u00e1ntica promete un recorrido por el cancionero cl\u00e1sico con artistas locales e invitados especiales, acompa\u00f1ado de servicio de gastronom\u00eda y bebidas. Ser\u00e1 en diciembre\" \/>\n<meta name=\"robots\" content=\"index, follow, max-snippet:-1, max-image-preview:large, max-video-preview:-1\" \/>\n<link rel=\"canonical\" href=\"https:\/\/noticiasmercedinas.com\/site\/2025\/11\/09\/velada-romantica-bajo-las-estrellas-amor-en-ruinas-llega-al-anfiteatro\/\" \/>\n<meta property=\"og:locale\" content=\"es_ES\" \/>\n<meta property=\"og:type\" content=\"article\" \/>\n<meta property=\"og:title\" content=\"Velada rom\u00e1ntica bajo las estrellas: &quot;Amor en Ruinas&quot; llega al Anfiteatro\" \/>\n<meta property=\"og:description\" content=\"Ciclo de bolero y m\u00fasica rom\u00e1ntica promete un recorrido por el cancionero cl\u00e1sico con artistas locales e invitados especiales, acompa\u00f1ado de servicio de gastronom\u00eda y bebidas. Ser\u00e1 en diciembre\" \/>\n<meta property=\"og:url\" content=\"https:\/\/noticiasmercedinas.com\/site\/2025\/11\/09\/velada-romantica-bajo-las-estrellas-amor-en-ruinas-llega-al-anfiteatro\/\" \/>\n<meta property=\"og:site_name\" content=\"NOTICIASMERCEDINAS.COM\" \/>\n<meta property=\"article:publisher\" content=\"https:\/\/www.facebook.com\/noticiasmercedinas\/\" \/>\n<meta property=\"article:published_time\" content=\"2025-11-09T22:49:40+00:00\" \/>\n<meta property=\"og:image\" content=\"https:\/\/noticiasmercedinas.com\/site\/wp-content\/uploads\/2025\/11\/IMG-20251109-WA0001-e1762728556228.jpg\" \/>\n\t<meta property=\"og:image:width\" content=\"877\" \/>\n\t<meta property=\"og:image:height\" content=\"522\" \/>\n\t<meta property=\"og:image:type\" content=\"image\/jpeg\" \/>\n<meta name=\"author\" content=\"NOTICIASMERCEDINAS.COM\" \/>\n<meta name=\"twitter:card\" content=\"summary_large_image\" \/>\n<meta name=\"twitter:creator\" content=\"@notmercedinas\" \/>\n<meta name=\"twitter:site\" content=\"@notmercedinas\" \/>\n<meta name=\"twitter:label1\" content=\"Escrito por\" \/>\n\t<meta name=\"twitter:data1\" content=\"NOTICIASMERCEDINAS.COM\" \/>\n\t<meta name=\"twitter:label2\" content=\"Tiempo de lectura\" \/>\n\t<meta name=\"twitter:data2\" content=\"2 minutos\" \/>\n<script type=\"application\/ld+json\" class=\"yoast-schema-graph\">{\"@context\":\"https:\\\/\\\/schema.org\",\"@graph\":[{\"@type\":\"Article\",\"@id\":\"https:\\\/\\\/noticiasmercedinas.com\\\/site\\\/2025\\\/11\\\/09\\\/velada-romantica-bajo-las-estrellas-amor-en-ruinas-llega-al-anfiteatro\\\/#article\",\"isPartOf\":{\"@id\":\"https:\\\/\\\/noticiasmercedinas.com\\\/site\\\/2025\\\/11\\\/09\\\/velada-romantica-bajo-las-estrellas-amor-en-ruinas-llega-al-anfiteatro\\\/\"},\"author\":{\"name\":\"NOTICIASMERCEDINAS.COM\",\"@id\":\"https:\\\/\\\/noticiasmercedinas.com\\\/site\\\/#\\\/schema\\\/person\\\/84b59c099c28ff2e8b77d4ceec5d8063\"},\"headline\":\"Velada rom\u00e1ntica bajo las estrellas: \u00abAmor en Ruinas\u00bb llega al Anfiteatro\",\"datePublished\":\"2025-11-09T22:49:40+00:00\",\"mainEntityOfPage\":{\"@id\":\"https:\\\/\\\/noticiasmercedinas.com\\\/site\\\/2025\\\/11\\\/09\\\/velada-romantica-bajo-las-estrellas-amor-en-ruinas-llega-al-anfiteatro\\\/\"},\"wordCount\":253,\"publisher\":{\"@id\":\"https:\\\/\\\/noticiasmercedinas.com\\\/site\\\/#organization\"},\"image\":{\"@id\":\"https:\\\/\\\/noticiasmercedinas.com\\\/site\\\/2025\\\/11\\\/09\\\/velada-romantica-bajo-las-estrellas-amor-en-ruinas-llega-al-anfiteatro\\\/#primaryimage\"},\"thumbnailUrl\":\"https:\\\/\\\/noticiasmercedinas.com\\\/site\\\/wp-content\\\/uploads\\\/2025\\\/11\\\/IMG-20251109-WA0001-e1762728556228.jpg\",\"keywords\":[\"Anfiteatro\",\"boleros\",\"Franco Brienza\",\"gonzalo jesus\"],\"articleSection\":[\"Cultura\"],\"inLanguage\":\"es\"},{\"@type\":\"WebPage\",\"@id\":\"https:\\\/\\\/noticiasmercedinas.com\\\/site\\\/2025\\\/11\\\/09\\\/velada-romantica-bajo-las-estrellas-amor-en-ruinas-llega-al-anfiteatro\\\/\",\"url\":\"https:\\\/\\\/noticiasmercedinas.com\\\/site\\\/2025\\\/11\\\/09\\\/velada-romantica-bajo-las-estrellas-amor-en-ruinas-llega-al-anfiteatro\\\/\",\"name\":\"Velada rom\u00e1ntica bajo las estrellas: \\\"Amor en Ruinas\\\" llega al Anfiteatro\",\"isPartOf\":{\"@id\":\"https:\\\/\\\/noticiasmercedinas.com\\\/site\\\/#website\"},\"primaryImageOfPage\":{\"@id\":\"https:\\\/\\\/noticiasmercedinas.com\\\/site\\\/2025\\\/11\\\/09\\\/velada-romantica-bajo-las-estrellas-amor-en-ruinas-llega-al-anfiteatro\\\/#primaryimage\"},\"image\":{\"@id\":\"https:\\\/\\\/noticiasmercedinas.com\\\/site\\\/2025\\\/11\\\/09\\\/velada-romantica-bajo-las-estrellas-amor-en-ruinas-llega-al-anfiteatro\\\/#primaryimage\"},\"thumbnailUrl\":\"https:\\\/\\\/noticiasmercedinas.com\\\/site\\\/wp-content\\\/uploads\\\/2025\\\/11\\\/IMG-20251109-WA0001-e1762728556228.jpg\",\"datePublished\":\"2025-11-09T22:49:40+00:00\",\"description\":\"Ciclo de bolero y m\u00fasica rom\u00e1ntica promete un recorrido por el cancionero cl\u00e1sico con artistas locales e invitados especiales, acompa\u00f1ado de servicio de gastronom\u00eda y bebidas. Ser\u00e1 en diciembre\",\"breadcrumb\":{\"@id\":\"https:\\\/\\\/noticiasmercedinas.com\\\/site\\\/2025\\\/11\\\/09\\\/velada-romantica-bajo-las-estrellas-amor-en-ruinas-llega-al-anfiteatro\\\/#breadcrumb\"},\"inLanguage\":\"es\",\"potentialAction\":[{\"@type\":\"ReadAction\",\"target\":[\"https:\\\/\\\/noticiasmercedinas.com\\\/site\\\/2025\\\/11\\\/09\\\/velada-romantica-bajo-las-estrellas-amor-en-ruinas-llega-al-anfiteatro\\\/\"]}]},{\"@type\":\"ImageObject\",\"inLanguage\":\"es\",\"@id\":\"https:\\\/\\\/noticiasmercedinas.com\\\/site\\\/2025\\\/11\\\/09\\\/velada-romantica-bajo-las-estrellas-amor-en-ruinas-llega-al-anfiteatro\\\/#primaryimage\",\"url\":\"https:\\\/\\\/noticiasmercedinas.com\\\/site\\\/wp-content\\\/uploads\\\/2025\\\/11\\\/IMG-20251109-WA0001-e1762728556228.jpg\",\"contentUrl\":\"https:\\\/\\\/noticiasmercedinas.com\\\/site\\\/wp-content\\\/uploads\\\/2025\\\/11\\\/IMG-20251109-WA0001-e1762728556228.jpg\",\"width\":877,\"height\":522},{\"@type\":\"BreadcrumbList\",\"@id\":\"https:\\\/\\\/noticiasmercedinas.com\\\/site\\\/2025\\\/11\\\/09\\\/velada-romantica-bajo-las-estrellas-amor-en-ruinas-llega-al-anfiteatro\\\/#breadcrumb\",\"itemListElement\":[{\"@type\":\"ListItem\",\"position\":1,\"name\":\"Portada\",\"item\":\"https:\\\/\\\/noticiasmercedinas.com\\\/site\\\/\"},{\"@type\":\"ListItem\",\"position\":2,\"name\":\"Velada rom\u00e1ntica bajo las estrellas: \u00abAmor en Ruinas\u00bb llega al Anfiteatro\"}]},{\"@type\":\"WebSite\",\"@id\":\"https:\\\/\\\/noticiasmercedinas.com\\\/site\\\/#website\",\"url\":\"https:\\\/\\\/noticiasmercedinas.com\\\/site\\\/\",\"name\":\"NOTICIASMERCEDINAS.COM\",\"description\":\"Mercedes, Buenos Aires, Argentina\",\"publisher\":{\"@id\":\"https:\\\/\\\/noticiasmercedinas.com\\\/site\\\/#organization\"},\"potentialAction\":[{\"@type\":\"SearchAction\",\"target\":{\"@type\":\"EntryPoint\",\"urlTemplate\":\"https:\\\/\\\/noticiasmercedinas.com\\\/site\\\/?s={search_term_string}\"},\"query-input\":{\"@type\":\"PropertyValueSpecification\",\"valueRequired\":true,\"valueName\":\"search_term_string\"}}],\"inLanguage\":\"es\"},{\"@type\":\"Organization\",\"@id\":\"https:\\\/\\\/noticiasmercedinas.com\\\/site\\\/#organization\",\"name\":\"NOTICIASMERCEDINAS.COM\",\"url\":\"https:\\\/\\\/noticiasmercedinas.com\\\/site\\\/\",\"logo\":{\"@type\":\"ImageObject\",\"inLanguage\":\"es\",\"@id\":\"https:\\\/\\\/noticiasmercedinas.com\\\/site\\\/#\\\/schema\\\/logo\\\/image\\\/\",\"url\":\"https:\\\/\\\/noticiasmercedinas.com\\\/site\\\/wp-content\\\/uploads\\\/2020\\\/06\\\/LOGO-512.jpg\",\"contentUrl\":\"https:\\\/\\\/noticiasmercedinas.com\\\/site\\\/wp-content\\\/uploads\\\/2020\\\/06\\\/LOGO-512.jpg\",\"width\":512,\"height\":512,\"caption\":\"NOTICIASMERCEDINAS.COM\"},\"image\":{\"@id\":\"https:\\\/\\\/noticiasmercedinas.com\\\/site\\\/#\\\/schema\\\/logo\\\/image\\\/\"},\"sameAs\":[\"https:\\\/\\\/www.facebook.com\\\/noticiasmercedinas\\\/\",\"https:\\\/\\\/x.com\\\/notmercedinas\",\"https:\\\/\\\/www.instagram.com\\\/noticiasmercedinas\\\/\"]},{\"@type\":\"Person\",\"@id\":\"https:\\\/\\\/noticiasmercedinas.com\\\/site\\\/#\\\/schema\\\/person\\\/84b59c099c28ff2e8b77d4ceec5d8063\",\"name\":\"NOTICIASMERCEDINAS.COM\",\"image\":{\"@type\":\"ImageObject\",\"inLanguage\":\"es\",\"@id\":\"https:\\\/\\\/secure.gravatar.com\\\/avatar\\\/4dfbf16b4d17945bfb6341b2d19043457132fcf478a5ee04f42e959fd8f5df0a?s=96&d=mm&r=g\",\"url\":\"https:\\\/\\\/secure.gravatar.com\\\/avatar\\\/4dfbf16b4d17945bfb6341b2d19043457132fcf478a5ee04f42e959fd8f5df0a?s=96&d=mm&r=g\",\"contentUrl\":\"https:\\\/\\\/secure.gravatar.com\\\/avatar\\\/4dfbf16b4d17945bfb6341b2d19043457132fcf478a5ee04f42e959fd8f5df0a?s=96&d=mm&r=g\",\"caption\":\"NOTICIASMERCEDINAS.COM\"},\"url\":\"https:\\\/\\\/noticiasmercedinas.com\\\/site\\\/author\\\/anonimo\\\/\"}]}<\/script>\n<!-- \/ Yoast SEO plugin. -->","yoast_head_json":{"title":"Velada rom\u00e1ntica bajo las estrellas: \"Amor en Ruinas\" llega al Anfiteatro","description":"Ciclo de bolero y m\u00fasica rom\u00e1ntica promete un recorrido por el cancionero cl\u00e1sico con artistas locales e invitados especiales, acompa\u00f1ado de servicio de gastronom\u00eda y bebidas. Ser\u00e1 en diciembre","robots":{"index":"index","follow":"follow","max-snippet":"max-snippet:-1","max-image-preview":"max-image-preview:large","max-video-preview":"max-video-preview:-1"},"canonical":"https:\/\/noticiasmercedinas.com\/site\/2025\/11\/09\/velada-romantica-bajo-las-estrellas-amor-en-ruinas-llega-al-anfiteatro\/","og_locale":"es_ES","og_type":"article","og_title":"Velada rom\u00e1ntica bajo las estrellas: \"Amor en Ruinas\" llega al Anfiteatro","og_description":"Ciclo de bolero y m\u00fasica rom\u00e1ntica promete un recorrido por el cancionero cl\u00e1sico con artistas locales e invitados especiales, acompa\u00f1ado de servicio de gastronom\u00eda y bebidas. Ser\u00e1 en diciembre","og_url":"https:\/\/noticiasmercedinas.com\/site\/2025\/11\/09\/velada-romantica-bajo-las-estrellas-amor-en-ruinas-llega-al-anfiteatro\/","og_site_name":"NOTICIASMERCEDINAS.COM","article_publisher":"https:\/\/www.facebook.com\/noticiasmercedinas\/","article_published_time":"2025-11-09T22:49:40+00:00","og_image":[{"width":877,"height":522,"url":"https:\/\/noticiasmercedinas.com\/site\/wp-content\/uploads\/2025\/11\/IMG-20251109-WA0001-e1762728556228.jpg","type":"image\/jpeg"}],"author":"NOTICIASMERCEDINAS.COM","twitter_card":"summary_large_image","twitter_creator":"@notmercedinas","twitter_site":"@notmercedinas","twitter_misc":{"Escrito por":"NOTICIASMERCEDINAS.COM","Tiempo de lectura":"2 minutos"},"schema":{"@context":"https:\/\/schema.org","@graph":[{"@type":"Article","@id":"https:\/\/noticiasmercedinas.com\/site\/2025\/11\/09\/velada-romantica-bajo-las-estrellas-amor-en-ruinas-llega-al-anfiteatro\/#article","isPartOf":{"@id":"https:\/\/noticiasmercedinas.com\/site\/2025\/11\/09\/velada-romantica-bajo-las-estrellas-amor-en-ruinas-llega-al-anfiteatro\/"},"author":{"name":"NOTICIASMERCEDINAS.COM","@id":"https:\/\/noticiasmercedinas.com\/site\/#\/schema\/person\/84b59c099c28ff2e8b77d4ceec5d8063"},"headline":"Velada rom\u00e1ntica bajo las estrellas: \u00abAmor en Ruinas\u00bb llega al Anfiteatro","datePublished":"2025-11-09T22:49:40+00:00","mainEntityOfPage":{"@id":"https:\/\/noticiasmercedinas.com\/site\/2025\/11\/09\/velada-romantica-bajo-las-estrellas-amor-en-ruinas-llega-al-anfiteatro\/"},"wordCount":253,"publisher":{"@id":"https:\/\/noticiasmercedinas.com\/site\/#organization"},"image":{"@id":"https:\/\/noticiasmercedinas.com\/site\/2025\/11\/09\/velada-romantica-bajo-las-estrellas-amor-en-ruinas-llega-al-anfiteatro\/#primaryimage"},"thumbnailUrl":"https:\/\/noticiasmercedinas.com\/site\/wp-content\/uploads\/2025\/11\/IMG-20251109-WA0001-e1762728556228.jpg","keywords":["Anfiteatro","boleros","Franco Brienza","gonzalo jesus"],"articleSection":["Cultura"],"inLanguage":"es"},{"@type":"WebPage","@id":"https:\/\/noticiasmercedinas.com\/site\/2025\/11\/09\/velada-romantica-bajo-las-estrellas-amor-en-ruinas-llega-al-anfiteatro\/","url":"https:\/\/noticiasmercedinas.com\/site\/2025\/11\/09\/velada-romantica-bajo-las-estrellas-amor-en-ruinas-llega-al-anfiteatro\/","name":"Velada rom\u00e1ntica bajo las estrellas: \"Amor en Ruinas\" llega al Anfiteatro","isPartOf":{"@id":"https:\/\/noticiasmercedinas.com\/site\/#website"},"primaryImageOfPage":{"@id":"https:\/\/noticiasmercedinas.com\/site\/2025\/11\/09\/velada-romantica-bajo-las-estrellas-amor-en-ruinas-llega-al-anfiteatro\/#primaryimage"},"image":{"@id":"https:\/\/noticiasmercedinas.com\/site\/2025\/11\/09\/velada-romantica-bajo-las-estrellas-amor-en-ruinas-llega-al-anfiteatro\/#primaryimage"},"thumbnailUrl":"https:\/\/noticiasmercedinas.com\/site\/wp-content\/uploads\/2025\/11\/IMG-20251109-WA0001-e1762728556228.jpg","datePublished":"2025-11-09T22:49:40+00:00","description":"Ciclo de bolero y m\u00fasica rom\u00e1ntica promete un recorrido por el cancionero cl\u00e1sico con artistas locales e invitados especiales, acompa\u00f1ado de servicio de gastronom\u00eda y bebidas. Ser\u00e1 en diciembre","breadcrumb":{"@id":"https:\/\/noticiasmercedinas.com\/site\/2025\/11\/09\/velada-romantica-bajo-las-estrellas-amor-en-ruinas-llega-al-anfiteatro\/#breadcrumb"},"inLanguage":"es","potentialAction":[{"@type":"ReadAction","target":["https:\/\/noticiasmercedinas.com\/site\/2025\/11\/09\/velada-romantica-bajo-las-estrellas-amor-en-ruinas-llega-al-anfiteatro\/"]}]},{"@type":"ImageObject","inLanguage":"es","@id":"https:\/\/noticiasmercedinas.com\/site\/2025\/11\/09\/velada-romantica-bajo-las-estrellas-amor-en-ruinas-llega-al-anfiteatro\/#primaryimage","url":"https:\/\/noticiasmercedinas.com\/site\/wp-content\/uploads\/2025\/11\/IMG-20251109-WA0001-e1762728556228.jpg","contentUrl":"https:\/\/noticiasmercedinas.com\/site\/wp-content\/uploads\/2025\/11\/IMG-20251109-WA0001-e1762728556228.jpg","width":877,"height":522},{"@type":"BreadcrumbList","@id":"https:\/\/noticiasmercedinas.com\/site\/2025\/11\/09\/velada-romantica-bajo-las-estrellas-amor-en-ruinas-llega-al-anfiteatro\/#breadcrumb","itemListElement":[{"@type":"ListItem","position":1,"name":"Portada","item":"https:\/\/noticiasmercedinas.com\/site\/"},{"@type":"ListItem","position":2,"name":"Velada rom\u00e1ntica bajo las estrellas: \u00abAmor en Ruinas\u00bb llega al Anfiteatro"}]},{"@type":"WebSite","@id":"https:\/\/noticiasmercedinas.com\/site\/#website","url":"https:\/\/noticiasmercedinas.com\/site\/","name":"NOTICIASMERCEDINAS.COM","description":"Mercedes, Buenos Aires, Argentina","publisher":{"@id":"https:\/\/noticiasmercedinas.com\/site\/#organization"},"potentialAction":[{"@type":"SearchAction","target":{"@type":"EntryPoint","urlTemplate":"https:\/\/noticiasmercedinas.com\/site\/?s={search_term_string}"},"query-input":{"@type":"PropertyValueSpecification","valueRequired":true,"valueName":"search_term_string"}}],"inLanguage":"es"},{"@type":"Organization","@id":"https:\/\/noticiasmercedinas.com\/site\/#organization","name":"NOTICIASMERCEDINAS.COM","url":"https:\/\/noticiasmercedinas.com\/site\/","logo":{"@type":"ImageObject","inLanguage":"es","@id":"https:\/\/noticiasmercedinas.com\/site\/#\/schema\/logo\/image\/","url":"https:\/\/noticiasmercedinas.com\/site\/wp-content\/uploads\/2020\/06\/LOGO-512.jpg","contentUrl":"https:\/\/noticiasmercedinas.com\/site\/wp-content\/uploads\/2020\/06\/LOGO-512.jpg","width":512,"height":512,"caption":"NOTICIASMERCEDINAS.COM"},"image":{"@id":"https:\/\/noticiasmercedinas.com\/site\/#\/schema\/logo\/image\/"},"sameAs":["https:\/\/www.facebook.com\/noticiasmercedinas\/","https:\/\/x.com\/notmercedinas","https:\/\/www.instagram.com\/noticiasmercedinas\/"]},{"@type":"Person","@id":"https:\/\/noticiasmercedinas.com\/site\/#\/schema\/person\/84b59c099c28ff2e8b77d4ceec5d8063","name":"NOTICIASMERCEDINAS.COM","image":{"@type":"ImageObject","inLanguage":"es","@id":"https:\/\/secure.gravatar.com\/avatar\/4dfbf16b4d17945bfb6341b2d19043457132fcf478a5ee04f42e959fd8f5df0a?s=96&d=mm&r=g","url":"https:\/\/secure.gravatar.com\/avatar\/4dfbf16b4d17945bfb6341b2d19043457132fcf478a5ee04f42e959fd8f5df0a?s=96&d=mm&r=g","contentUrl":"https:\/\/secure.gravatar.com\/avatar\/4dfbf16b4d17945bfb6341b2d19043457132fcf478a5ee04f42e959fd8f5df0a?s=96&d=mm&r=g","caption":"NOTICIASMERCEDINAS.COM"},"url":"https:\/\/noticiasmercedinas.com\/site\/author\/anonimo\/"}]}},"amp_enabled":true,"_links":{"self":[{"href":"https:\/\/noticiasmercedinas.com\/site\/wp-json\/wp\/v2\/posts\/173898","targetHints":{"allow":["GET"]}}],"collection":[{"href":"https:\/\/noticiasmercedinas.com\/site\/wp-json\/wp\/v2\/posts"}],"about":[{"href":"https:\/\/noticiasmercedinas.com\/site\/wp-json\/wp\/v2\/types\/post"}],"author":[{"embeddable":true,"href":"https:\/\/noticiasmercedinas.com\/site\/wp-json\/wp\/v2\/users\/16"}],"replies":[{"embeddable":true,"href":"https:\/\/noticiasmercedinas.com\/site\/wp-json\/wp\/v2\/comments?post=173898"}],"version-history":[{"count":3,"href":"https:\/\/noticiasmercedinas.com\/site\/wp-json\/wp\/v2\/posts\/173898\/revisions"}],"predecessor-version":[{"id":173902,"href":"https:\/\/noticiasmercedinas.com\/site\/wp-json\/wp\/v2\/posts\/173898\/revisions\/173902"}],"wp:featuredmedia":[{"embeddable":true,"href":"https:\/\/noticiasmercedinas.com\/site\/wp-json\/wp\/v2\/media\/173900"}],"wp:attachment":[{"href":"https:\/\/noticiasmercedinas.com\/site\/wp-json\/wp\/v2\/media?parent=173898"}],"wp:term":[{"taxonomy":"category","embeddable":true,"href":"https:\/\/noticiasmercedinas.com\/site\/wp-json\/wp\/v2\/categories?post=173898"},{"taxonomy":"post_tag","embeddable":true,"href":"https:\/\/noticiasmercedinas.com\/site\/wp-json\/wp\/v2\/tags?post=173898"}],"curies":[{"name":"wp","href":"https:\/\/api.w.org\/{rel}","templated":true}]}}