{"id":173903,"date":"2025-11-09T20:05:39","date_gmt":"2025-11-09T23:05:39","guid":{"rendered":"https:\/\/noticiasmercedinas.com\/site\/?p=173903"},"modified":"2025-11-09T20:05:39","modified_gmt":"2025-11-09T23:05:39","slug":"trfa-tres-en-carrera","status":"publish","type":"post","link":"https:\/\/noticiasmercedinas.com\/site\/2025\/11\/09\/trfa-tres-en-carrera\/","title":{"rendered":"TRFA: tres en carrera"},"content":{"rendered":"<figure id=\"attachment_173904\" aria-describedby=\"caption-attachment-173904\" style=\"width: 640px\" class=\"wp-caption alignnone\"><img loading=\"lazy\" decoding=\"async\" class=\"wp-image-173904 size-full\" src=\"https:\/\/noticiasmercedinas.com\/site\/wp-content\/uploads\/2025\/11\/IMG_3011.jpg\" alt=\"\" width=\"640\" height=\"410\" srcset=\"https:\/\/noticiasmercedinas.com\/site\/wp-content\/uploads\/2025\/11\/IMG_3011.jpg 640w, https:\/\/noticiasmercedinas.com\/site\/wp-content\/uploads\/2025\/11\/IMG_3011-300x192.jpg 300w\" sizes=\"auto, (max-width: 640px) 100vw, 640px\" \/><figcaption id=\"caption-attachment-173904\" class=\"wp-caption-text\">Federico Grosso, auto del gol de El Front\u00f3n.<\/figcaption><\/figure>\n<p>La cancha de la Liga Mercedina de F\u00fatbol fue este domingo el escenario para el partido de la cuarta fecha entre All Haz y El Front\u00f3n, en el marco de la Zona 14 por el Torneo Regional Federal Amateur en la Regi\u00f3n Pampeana Norte. Un juego que lo fue teniendo como merecedor de la victoria a los de Diego Baglione, teniendo un penal a su favor donde el mismo result\u00f3 ser desviado por Labayr\u00fa en 20\u2019.<\/p>\n<p>Un disparo en el palo y otras aproximaciones dejaron a All Haz en la puerta de pasar a ganar. Del otro lado un Front\u00f3n que no logr\u00f3 imponer su idea, moviendo el banco la dupla, aunque cuando se aproximaba el final un incidente en la platea desdibuj\u00f3 el partido. Esa discusi\u00f3n entre seguidores gener\u00f3 tensi\u00f3n entre jugadores, es que hab\u00eda familiares, resultando expulsados un auxiliar de cada equipo.<\/p>\n<p><img loading=\"lazy\" decoding=\"async\" class=\"alignnone size-full wp-image-173905\" src=\"https:\/\/noticiasmercedinas.com\/site\/wp-content\/uploads\/2025\/11\/IMG_2988.jpg\" alt=\"\" width=\"640\" height=\"427\" srcset=\"https:\/\/noticiasmercedinas.com\/site\/wp-content\/uploads\/2025\/11\/IMG_2988.jpg 640w, https:\/\/noticiasmercedinas.com\/site\/wp-content\/uploads\/2025\/11\/IMG_2988-300x200.jpg 300w\" sizes=\"auto, (max-width: 640px) 100vw, 640px\" \/><\/p>\n<p>Tard\u00f3 en reanudarse el encuentro, viendo la roja tambi\u00e9n Ortigoza en All Haz, quedando a continuaci\u00f3n la sanci\u00f3n de un penal donde un leve empuj\u00f3n sobre Arga\u00f1aras fue sancionada con la pena m\u00e1xima, oportunidad que el capit\u00e1n Grosso no desperdici\u00f3 para el gol que cost\u00f3 poder conseguir, es que All Haz ven\u00eda cumpliendo un buen papel. Luego hubo dos rojas m\u00e1s para quedar con 8 All Haz, por la m\u00ednima lo gan\u00f3 Front\u00f3n.<\/p>\n<p>Resultado que le da posibilidad de clasificar a los de San Andr\u00e9s de Giles con dos fechas por delante, a All Haz le quedar\u00e1n dos partidos m\u00e1s del grupo ante Col\u00f3n en Chivilcoy y cerrando como local frente a Asociaci\u00f3n Cristina su primer TRFA. Este domingo la fecha se cerr\u00f3 en cancha de Midland con el empate1 a 1 entre Asociaci\u00f3n Cristiana y Col\u00f3n. Quenado como puntero el conjunto de Chivilcoy.<\/p>\n<p><strong>All Haz 0.<br \/>\nEl Front\u00f3n 1:<\/strong> Federico Grosso de penal.<br \/>\n<strong>Arbitro: <\/strong>Sergio Monz\u00f3n.<br \/>\n<strong>Expulsados en el ST:<\/strong> Nahuel Ortigoza, Walter Anrique y Emanuel Corro en All Haz.<br \/>\n<strong>Incidencia:<\/strong> Enzo Labayr\u00fa \u00a0desvi\u00f3 un penal para All Haz a los 20\u2019 del PT.<\/p>\n<p><strong>Asociaci\u00f3n Cristiana 1: <\/strong>Nicol\u00e1s Cecardi.<br \/>\n<strong>Col\u00f3n 1:<\/strong> Iago Arribillaga.<br \/>\n<strong>Expulsado:<\/strong> Tom\u00e1s Merlo (ACFA).<\/p>\n<p><img loading=\"lazy\" decoding=\"async\" class=\"alignnone size-full wp-image-173907\" src=\"https:\/\/noticiasmercedinas.com\/site\/wp-content\/uploads\/2025\/11\/TRFA-2.jpg\" alt=\"\" width=\"640\" height=\"184\" srcset=\"https:\/\/noticiasmercedinas.com\/site\/wp-content\/uploads\/2025\/11\/TRFA-2.jpg 640w, https:\/\/noticiasmercedinas.com\/site\/wp-content\/uploads\/2025\/11\/TRFA-2-300x86.jpg 300w\" sizes=\"auto, (max-width: 640px) 100vw, 640px\" \/><br \/>\n<strong>Pr\u00f3xima fecha<\/strong><br \/>\nCol\u00f3n vs. All Haz.<br \/>\nEl Front\u00f3n vs. Asociaci\u00f3n Cristiana.<\/p>\n","protected":false},"excerpt":{"rendered":"<p>\u25a0 Con la victoria sobre la hora El Front\u00f3n apag\u00f3 la posibilidad de All Haz. El empate en Libertad 1 a 1 dej\u00f3 a ACFA y Col\u00f3n con chances de seguir buscando la clasificaci\u00f3n. Quedan dos fechas.<\/p>\n","protected":false},"author":6,"featured_media":173904,"comment_status":"closed","ping_status":"closed","sticky":false,"template":"","format":"standard","meta":{"footnotes":""},"categories":[5],"tags":[21135,17772,532,3405,18959],"class_list":["post-173903","post","type-post","status-publish","format-standard","has-post-thumbnail","hentry","category-deportes","tag-acfa","tag-all-haz","tag-el-fronton","tag-torneo-regional-federal-amateur","tag-trfa"],"yoast_head":"<!-- This site is optimized with the Yoast SEO plugin v27.4 - https:\/\/yoast.com\/product\/yoast-seo-wordpress\/ -->\n<title>TRFA: tres en carrera<\/title>\n<meta name=\"robots\" content=\"index, follow, max-snippet:-1, max-image-preview:large, max-video-preview:-1\" \/>\n<link rel=\"canonical\" href=\"https:\/\/noticiasmercedinas.com\/site\/2025\/11\/09\/trfa-tres-en-carrera\/\" \/>\n<meta property=\"og:locale\" content=\"es_ES\" \/>\n<meta property=\"og:type\" content=\"article\" \/>\n<meta property=\"og:title\" content=\"TRFA: tres en carrera\" \/>\n<meta property=\"og:description\" content=\"\u25a0 Con la victoria sobre la hora El Front\u00f3n apag\u00f3 la posibilidad de All Haz. El empate en Libertad 1 a 1 dej\u00f3 a ACFA y Col\u00f3n con chances de seguir buscando la clasificaci\u00f3n. Quedan dos fechas.\" \/>\n<meta property=\"og:url\" content=\"https:\/\/noticiasmercedinas.com\/site\/2025\/11\/09\/trfa-tres-en-carrera\/\" \/>\n<meta property=\"og:site_name\" content=\"NOTICIASMERCEDINAS.COM\" \/>\n<meta property=\"article:publisher\" content=\"https:\/\/www.facebook.com\/noticiasmercedinas\/\" \/>\n<meta property=\"article:published_time\" content=\"2025-11-09T23:05:39+00:00\" \/>\n<meta property=\"og:image\" content=\"https:\/\/noticiasmercedinas.com\/site\/wp-content\/uploads\/2025\/11\/IMG_3011.jpg\" \/>\n\t<meta property=\"og:image:width\" content=\"640\" \/>\n\t<meta property=\"og:image:height\" content=\"410\" \/>\n\t<meta property=\"og:image:type\" content=\"image\/jpeg\" \/>\n<meta name=\"author\" content=\"Juan Dagnino NOTICIASMERCEDINAS.COM\" \/>\n<meta name=\"twitter:card\" content=\"summary_large_image\" \/>\n<meta name=\"twitter:creator\" content=\"@notmercedinas\" \/>\n<meta name=\"twitter:site\" content=\"@notmercedinas\" \/>\n<meta name=\"twitter:label1\" content=\"Escrito por\" \/>\n\t<meta name=\"twitter:data1\" content=\"Juan Dagnino NOTICIASMERCEDINAS.COM\" \/>\n\t<meta name=\"twitter:label2\" content=\"Tiempo de lectura\" \/>\n\t<meta name=\"twitter:data2\" content=\"3 minutos\" \/>\n<script type=\"application\/ld+json\" class=\"yoast-schema-graph\">{\"@context\":\"https:\\\/\\\/schema.org\",\"@graph\":[{\"@type\":\"Article\",\"@id\":\"https:\\\/\\\/noticiasmercedinas.com\\\/site\\\/2025\\\/11\\\/09\\\/trfa-tres-en-carrera\\\/#article\",\"isPartOf\":{\"@id\":\"https:\\\/\\\/noticiasmercedinas.com\\\/site\\\/2025\\\/11\\\/09\\\/trfa-tres-en-carrera\\\/\"},\"author\":{\"name\":\"Juan Dagnino NOTICIASMERCEDINAS.COM\",\"@id\":\"https:\\\/\\\/noticiasmercedinas.com\\\/site\\\/#\\\/schema\\\/person\\\/8f2f09d666ef40986eba4a5e6f2a06f9\"},\"headline\":\"TRFA: tres en carrera\",\"datePublished\":\"2025-11-09T23:05:39+00:00\",\"mainEntityOfPage\":{\"@id\":\"https:\\\/\\\/noticiasmercedinas.com\\\/site\\\/2025\\\/11\\\/09\\\/trfa-tres-en-carrera\\\/\"},\"wordCount\":399,\"publisher\":{\"@id\":\"https:\\\/\\\/noticiasmercedinas.com\\\/site\\\/#organization\"},\"image\":{\"@id\":\"https:\\\/\\\/noticiasmercedinas.com\\\/site\\\/2025\\\/11\\\/09\\\/trfa-tres-en-carrera\\\/#primaryimage\"},\"thumbnailUrl\":\"https:\\\/\\\/noticiasmercedinas.com\\\/site\\\/wp-content\\\/uploads\\\/2025\\\/11\\\/IMG_3011.jpg\",\"keywords\":[\"ACFA\",\"All haz\",\"el front\u00f3n\",\"Torneo Regional Federal Amateur\",\"TRFA\"],\"articleSection\":[\"Deportes\"],\"inLanguage\":\"es\"},{\"@type\":\"WebPage\",\"@id\":\"https:\\\/\\\/noticiasmercedinas.com\\\/site\\\/2025\\\/11\\\/09\\\/trfa-tres-en-carrera\\\/\",\"url\":\"https:\\\/\\\/noticiasmercedinas.com\\\/site\\\/2025\\\/11\\\/09\\\/trfa-tres-en-carrera\\\/\",\"name\":\"TRFA: tres en carrera\",\"isPartOf\":{\"@id\":\"https:\\\/\\\/noticiasmercedinas.com\\\/site\\\/#website\"},\"primaryImageOfPage\":{\"@id\":\"https:\\\/\\\/noticiasmercedinas.com\\\/site\\\/2025\\\/11\\\/09\\\/trfa-tres-en-carrera\\\/#primaryimage\"},\"image\":{\"@id\":\"https:\\\/\\\/noticiasmercedinas.com\\\/site\\\/2025\\\/11\\\/09\\\/trfa-tres-en-carrera\\\/#primaryimage\"},\"thumbnailUrl\":\"https:\\\/\\\/noticiasmercedinas.com\\\/site\\\/wp-content\\\/uploads\\\/2025\\\/11\\\/IMG_3011.jpg\",\"datePublished\":\"2025-11-09T23:05:39+00:00\",\"breadcrumb\":{\"@id\":\"https:\\\/\\\/noticiasmercedinas.com\\\/site\\\/2025\\\/11\\\/09\\\/trfa-tres-en-carrera\\\/#breadcrumb\"},\"inLanguage\":\"es\",\"potentialAction\":[{\"@type\":\"ReadAction\",\"target\":[\"https:\\\/\\\/noticiasmercedinas.com\\\/site\\\/2025\\\/11\\\/09\\\/trfa-tres-en-carrera\\\/\"]}]},{\"@type\":\"ImageObject\",\"inLanguage\":\"es\",\"@id\":\"https:\\\/\\\/noticiasmercedinas.com\\\/site\\\/2025\\\/11\\\/09\\\/trfa-tres-en-carrera\\\/#primaryimage\",\"url\":\"https:\\\/\\\/noticiasmercedinas.com\\\/site\\\/wp-content\\\/uploads\\\/2025\\\/11\\\/IMG_3011.jpg\",\"contentUrl\":\"https:\\\/\\\/noticiasmercedinas.com\\\/site\\\/wp-content\\\/uploads\\\/2025\\\/11\\\/IMG_3011.jpg\",\"width\":640,\"height\":410},{\"@type\":\"BreadcrumbList\",\"@id\":\"https:\\\/\\\/noticiasmercedinas.com\\\/site\\\/2025\\\/11\\\/09\\\/trfa-tres-en-carrera\\\/#breadcrumb\",\"itemListElement\":[{\"@type\":\"ListItem\",\"position\":1,\"name\":\"Portada\",\"item\":\"https:\\\/\\\/noticiasmercedinas.com\\\/site\\\/\"},{\"@type\":\"ListItem\",\"position\":2,\"name\":\"TRFA: tres en carrera\"}]},{\"@type\":\"WebSite\",\"@id\":\"https:\\\/\\\/noticiasmercedinas.com\\\/site\\\/#website\",\"url\":\"https:\\\/\\\/noticiasmercedinas.com\\\/site\\\/\",\"name\":\"NOTICIASMERCEDINAS.COM\",\"description\":\"Mercedes, Buenos Aires, Argentina\",\"publisher\":{\"@id\":\"https:\\\/\\\/noticiasmercedinas.com\\\/site\\\/#organization\"},\"potentialAction\":[{\"@type\":\"SearchAction\",\"target\":{\"@type\":\"EntryPoint\",\"urlTemplate\":\"https:\\\/\\\/noticiasmercedinas.com\\\/site\\\/?s={search_term_string}\"},\"query-input\":{\"@type\":\"PropertyValueSpecification\",\"valueRequired\":true,\"valueName\":\"search_term_string\"}}],\"inLanguage\":\"es\"},{\"@type\":\"Organization\",\"@id\":\"https:\\\/\\\/noticiasmercedinas.com\\\/site\\\/#organization\",\"name\":\"NOTICIASMERCEDINAS.COM\",\"url\":\"https:\\\/\\\/noticiasmercedinas.com\\\/site\\\/\",\"logo\":{\"@type\":\"ImageObject\",\"inLanguage\":\"es\",\"@id\":\"https:\\\/\\\/noticiasmercedinas.com\\\/site\\\/#\\\/schema\\\/logo\\\/image\\\/\",\"url\":\"https:\\\/\\\/noticiasmercedinas.com\\\/site\\\/wp-content\\\/uploads\\\/2020\\\/06\\\/LOGO-512.jpg\",\"contentUrl\":\"https:\\\/\\\/noticiasmercedinas.com\\\/site\\\/wp-content\\\/uploads\\\/2020\\\/06\\\/LOGO-512.jpg\",\"width\":512,\"height\":512,\"caption\":\"NOTICIASMERCEDINAS.COM\"},\"image\":{\"@id\":\"https:\\\/\\\/noticiasmercedinas.com\\\/site\\\/#\\\/schema\\\/logo\\\/image\\\/\"},\"sameAs\":[\"https:\\\/\\\/www.facebook.com\\\/noticiasmercedinas\\\/\",\"https:\\\/\\\/x.com\\\/notmercedinas\",\"https:\\\/\\\/www.instagram.com\\\/noticiasmercedinas\\\/\"]},{\"@type\":\"Person\",\"@id\":\"https:\\\/\\\/noticiasmercedinas.com\\\/site\\\/#\\\/schema\\\/person\\\/8f2f09d666ef40986eba4a5e6f2a06f9\",\"name\":\"Juan Dagnino NOTICIASMERCEDINAS.COM\",\"image\":{\"@type\":\"ImageObject\",\"inLanguage\":\"es\",\"@id\":\"https:\\\/\\\/secure.gravatar.com\\\/avatar\\\/fc7059a769f5a3cae65fadb228a3e4accf3a64b4b2305020d0a27e6d5333c91b?s=96&d=mm&r=g\",\"url\":\"https:\\\/\\\/secure.gravatar.com\\\/avatar\\\/fc7059a769f5a3cae65fadb228a3e4accf3a64b4b2305020d0a27e6d5333c91b?s=96&d=mm&r=g\",\"contentUrl\":\"https:\\\/\\\/secure.gravatar.com\\\/avatar\\\/fc7059a769f5a3cae65fadb228a3e4accf3a64b4b2305020d0a27e6d5333c91b?s=96&d=mm&r=g\",\"caption\":\"Juan Dagnino NOTICIASMERCEDINAS.COM\"},\"url\":\"https:\\\/\\\/noticiasmercedinas.com\\\/site\\\/author\\\/juandagnino\\\/\"}]}<\/script>\n<!-- \/ Yoast SEO plugin. -->","yoast_head_json":{"title":"TRFA: tres en carrera","robots":{"index":"index","follow":"follow","max-snippet":"max-snippet:-1","max-image-preview":"max-image-preview:large","max-video-preview":"max-video-preview:-1"},"canonical":"https:\/\/noticiasmercedinas.com\/site\/2025\/11\/09\/trfa-tres-en-carrera\/","og_locale":"es_ES","og_type":"article","og_title":"TRFA: tres en carrera","og_description":"\u25a0 Con la victoria sobre la hora El Front\u00f3n apag\u00f3 la posibilidad de All Haz. El empate en Libertad 1 a 1 dej\u00f3 a ACFA y Col\u00f3n con chances de seguir buscando la clasificaci\u00f3n. Quedan dos fechas.","og_url":"https:\/\/noticiasmercedinas.com\/site\/2025\/11\/09\/trfa-tres-en-carrera\/","og_site_name":"NOTICIASMERCEDINAS.COM","article_publisher":"https:\/\/www.facebook.com\/noticiasmercedinas\/","article_published_time":"2025-11-09T23:05:39+00:00","og_image":[{"width":640,"height":410,"url":"https:\/\/noticiasmercedinas.com\/site\/wp-content\/uploads\/2025\/11\/IMG_3011.jpg","type":"image\/jpeg"}],"author":"Juan Dagnino NOTICIASMERCEDINAS.COM","twitter_card":"summary_large_image","twitter_creator":"@notmercedinas","twitter_site":"@notmercedinas","twitter_misc":{"Escrito por":"Juan Dagnino NOTICIASMERCEDINAS.COM","Tiempo de lectura":"3 minutos"},"schema":{"@context":"https:\/\/schema.org","@graph":[{"@type":"Article","@id":"https:\/\/noticiasmercedinas.com\/site\/2025\/11\/09\/trfa-tres-en-carrera\/#article","isPartOf":{"@id":"https:\/\/noticiasmercedinas.com\/site\/2025\/11\/09\/trfa-tres-en-carrera\/"},"author":{"name":"Juan Dagnino NOTICIASMERCEDINAS.COM","@id":"https:\/\/noticiasmercedinas.com\/site\/#\/schema\/person\/8f2f09d666ef40986eba4a5e6f2a06f9"},"headline":"TRFA: tres en carrera","datePublished":"2025-11-09T23:05:39+00:00","mainEntityOfPage":{"@id":"https:\/\/noticiasmercedinas.com\/site\/2025\/11\/09\/trfa-tres-en-carrera\/"},"wordCount":399,"publisher":{"@id":"https:\/\/noticiasmercedinas.com\/site\/#organization"},"image":{"@id":"https:\/\/noticiasmercedinas.com\/site\/2025\/11\/09\/trfa-tres-en-carrera\/#primaryimage"},"thumbnailUrl":"https:\/\/noticiasmercedinas.com\/site\/wp-content\/uploads\/2025\/11\/IMG_3011.jpg","keywords":["ACFA","All haz","el front\u00f3n","Torneo Regional Federal Amateur","TRFA"],"articleSection":["Deportes"],"inLanguage":"es"},{"@type":"WebPage","@id":"https:\/\/noticiasmercedinas.com\/site\/2025\/11\/09\/trfa-tres-en-carrera\/","url":"https:\/\/noticiasmercedinas.com\/site\/2025\/11\/09\/trfa-tres-en-carrera\/","name":"TRFA: tres en carrera","isPartOf":{"@id":"https:\/\/noticiasmercedinas.com\/site\/#website"},"primaryImageOfPage":{"@id":"https:\/\/noticiasmercedinas.com\/site\/2025\/11\/09\/trfa-tres-en-carrera\/#primaryimage"},"image":{"@id":"https:\/\/noticiasmercedinas.com\/site\/2025\/11\/09\/trfa-tres-en-carrera\/#primaryimage"},"thumbnailUrl":"https:\/\/noticiasmercedinas.com\/site\/wp-content\/uploads\/2025\/11\/IMG_3011.jpg","datePublished":"2025-11-09T23:05:39+00:00","breadcrumb":{"@id":"https:\/\/noticiasmercedinas.com\/site\/2025\/11\/09\/trfa-tres-en-carrera\/#breadcrumb"},"inLanguage":"es","potentialAction":[{"@type":"ReadAction","target":["https:\/\/noticiasmercedinas.com\/site\/2025\/11\/09\/trfa-tres-en-carrera\/"]}]},{"@type":"ImageObject","inLanguage":"es","@id":"https:\/\/noticiasmercedinas.com\/site\/2025\/11\/09\/trfa-tres-en-carrera\/#primaryimage","url":"https:\/\/noticiasmercedinas.com\/site\/wp-content\/uploads\/2025\/11\/IMG_3011.jpg","contentUrl":"https:\/\/noticiasmercedinas.com\/site\/wp-content\/uploads\/2025\/11\/IMG_3011.jpg","width":640,"height":410},{"@type":"BreadcrumbList","@id":"https:\/\/noticiasmercedinas.com\/site\/2025\/11\/09\/trfa-tres-en-carrera\/#breadcrumb","itemListElement":[{"@type":"ListItem","position":1,"name":"Portada","item":"https:\/\/noticiasmercedinas.com\/site\/"},{"@type":"ListItem","position":2,"name":"TRFA: tres en carrera"}]},{"@type":"WebSite","@id":"https:\/\/noticiasmercedinas.com\/site\/#website","url":"https:\/\/noticiasmercedinas.com\/site\/","name":"NOTICIASMERCEDINAS.COM","description":"Mercedes, Buenos Aires, Argentina","publisher":{"@id":"https:\/\/noticiasmercedinas.com\/site\/#organization"},"potentialAction":[{"@type":"SearchAction","target":{"@type":"EntryPoint","urlTemplate":"https:\/\/noticiasmercedinas.com\/site\/?s={search_term_string}"},"query-input":{"@type":"PropertyValueSpecification","valueRequired":true,"valueName":"search_term_string"}}],"inLanguage":"es"},{"@type":"Organization","@id":"https:\/\/noticiasmercedinas.com\/site\/#organization","name":"NOTICIASMERCEDINAS.COM","url":"https:\/\/noticiasmercedinas.com\/site\/","logo":{"@type":"ImageObject","inLanguage":"es","@id":"https:\/\/noticiasmercedinas.com\/site\/#\/schema\/logo\/image\/","url":"https:\/\/noticiasmercedinas.com\/site\/wp-content\/uploads\/2020\/06\/LOGO-512.jpg","contentUrl":"https:\/\/noticiasmercedinas.com\/site\/wp-content\/uploads\/2020\/06\/LOGO-512.jpg","width":512,"height":512,"caption":"NOTICIASMERCEDINAS.COM"},"image":{"@id":"https:\/\/noticiasmercedinas.com\/site\/#\/schema\/logo\/image\/"},"sameAs":["https:\/\/www.facebook.com\/noticiasmercedinas\/","https:\/\/x.com\/notmercedinas","https:\/\/www.instagram.com\/noticiasmercedinas\/"]},{"@type":"Person","@id":"https:\/\/noticiasmercedinas.com\/site\/#\/schema\/person\/8f2f09d666ef40986eba4a5e6f2a06f9","name":"Juan Dagnino NOTICIASMERCEDINAS.COM","image":{"@type":"ImageObject","inLanguage":"es","@id":"https:\/\/secure.gravatar.com\/avatar\/fc7059a769f5a3cae65fadb228a3e4accf3a64b4b2305020d0a27e6d5333c91b?s=96&d=mm&r=g","url":"https:\/\/secure.gravatar.com\/avatar\/fc7059a769f5a3cae65fadb228a3e4accf3a64b4b2305020d0a27e6d5333c91b?s=96&d=mm&r=g","contentUrl":"https:\/\/secure.gravatar.com\/avatar\/fc7059a769f5a3cae65fadb228a3e4accf3a64b4b2305020d0a27e6d5333c91b?s=96&d=mm&r=g","caption":"Juan Dagnino NOTICIASMERCEDINAS.COM"},"url":"https:\/\/noticiasmercedinas.com\/site\/author\/juandagnino\/"}]}},"amp_enabled":true,"_links":{"self":[{"href":"https:\/\/noticiasmercedinas.com\/site\/wp-json\/wp\/v2\/posts\/173903","targetHints":{"allow":["GET"]}}],"collection":[{"href":"https:\/\/noticiasmercedinas.com\/site\/wp-json\/wp\/v2\/posts"}],"about":[{"href":"https:\/\/noticiasmercedinas.com\/site\/wp-json\/wp\/v2\/types\/post"}],"author":[{"embeddable":true,"href":"https:\/\/noticiasmercedinas.com\/site\/wp-json\/wp\/v2\/users\/6"}],"replies":[{"embeddable":true,"href":"https:\/\/noticiasmercedinas.com\/site\/wp-json\/wp\/v2\/comments?post=173903"}],"version-history":[{"count":1,"href":"https:\/\/noticiasmercedinas.com\/site\/wp-json\/wp\/v2\/posts\/173903\/revisions"}],"predecessor-version":[{"id":173908,"href":"https:\/\/noticiasmercedinas.com\/site\/wp-json\/wp\/v2\/posts\/173903\/revisions\/173908"}],"wp:featuredmedia":[{"embeddable":true,"href":"https:\/\/noticiasmercedinas.com\/site\/wp-json\/wp\/v2\/media\/173904"}],"wp:attachment":[{"href":"https:\/\/noticiasmercedinas.com\/site\/wp-json\/wp\/v2\/media?parent=173903"}],"wp:term":[{"taxonomy":"category","embeddable":true,"href":"https:\/\/noticiasmercedinas.com\/site\/wp-json\/wp\/v2\/categories?post=173903"},{"taxonomy":"post_tag","embeddable":true,"href":"https:\/\/noticiasmercedinas.com\/site\/wp-json\/wp\/v2\/tags?post=173903"}],"curies":[{"name":"wp","href":"https:\/\/api.w.org\/{rel}","templated":true}]}}