{"id":173938,"date":"2025-11-10T10:57:37","date_gmt":"2025-11-10T13:57:37","guid":{"rendered":"https:\/\/noticiasmercedinas.com\/site\/?p=173938"},"modified":"2025-11-10T10:57:37","modified_gmt":"2025-11-10T13:57:37","slug":"tomas-russi-y-juan-montenegro-campeones-del-circuito-mercedino-de-tenis-en-el-club","status":"publish","type":"post","link":"https:\/\/noticiasmercedinas.com\/site\/2025\/11\/10\/tomas-russi-y-juan-montenegro-campeones-del-circuito-mercedino-de-tenis-en-el-club\/","title":{"rendered":"Tom\u00e1s Russi y Juan Montenegro, campeones del Circuito Mercedino de Tenis en el club"},"content":{"rendered":"<p><img loading=\"lazy\" decoding=\"async\" class=\"alignnone wp-image-173939\" src=\"https:\/\/noticiasmercedinas.com\/site\/wp-content\/uploads\/2025\/11\/imagen_2025-11-10_105559856.png\" alt=\"\" width=\"640\" height=\"508\" srcset=\"https:\/\/noticiasmercedinas.com\/site\/wp-content\/uploads\/2025\/11\/imagen_2025-11-10_105559856.png 572w, https:\/\/noticiasmercedinas.com\/site\/wp-content\/uploads\/2025\/11\/imagen_2025-11-10_105559856-300x238.png 300w\" sizes=\"auto, (max-width: 640px) 100vw, 640px\" \/><\/p>\n<p>El <b>Club Mercedes<\/b> fue la sede del cierre de la temporada ten\u00edstica local, al finalizar el tercer y \u00faltimo torneo del a\u00f1o correspondiente al <b>Circuito Mercedino de Tenis<\/b>.<\/p>\n<p>Las finales se disputaron para las categor\u00edas A e Intermedia, coronando a dos nuevos campeones.<\/p>\n<p>En la <b>Categor\u00eda A<\/b>, la final se defini\u00f3 a favor de <b>Tom\u00e1s Russi<\/b>, quien logr\u00f3 imponerse a Guido Rebagliatti en el partido decisivo. Russi se consagr\u00f3 campe\u00f3n del \u00faltimo torneo del circuito.<\/p>\n<p>Por su parte, en la <b>Categor\u00eda Intermedia<\/b>, el t\u00edtulo qued\u00f3 en manos de <b>Juan Montenegro<\/b>, tras vencer en el cruce final a Gast\u00f3n Bello.<\/p>\n<p>La instituci\u00f3n expres\u00f3 su agradecimiento a todos los jugadores que participaron y a los socios que acompa\u00f1aron el desarrollo del torneo a lo largo de sus distintas etapas.<\/p>\n<p>El cierre de la competencia se celebr\u00f3 con un brindis de cortes\u00eda, gentileza de la <b>Cantina del Club<\/b>, poniendo el broche final a la temporada del tenis mercedino en el Club Mercedes.<\/p>\n","protected":false},"excerpt":{"rendered":"<p>\u25a0\u00a0Concluy\u00f3 en club Mercedes el tercer y \u00faltimo torneo del a\u00f1o para las categor\u00edas A e Intermedia, dejando a Tom\u00e1s Russi como el mejor en la m\u00e1xima divisi\u00f3n y a Juan Montenegro en la Intermedia.<\/p>\n","protected":false},"author":16,"featured_media":173939,"comment_status":"closed","ping_status":"closed","sticky":false,"template":"","format":"standard","meta":{"footnotes":""},"categories":[5],"tags":[4987,135,133],"class_list":["post-173938","post","type-post","status-publish","format-standard","has-post-thumbnail","hentry","category-deportes","tag-circuito-mercedino-de-tenis","tag-club-mercedes","tag-tenis"],"yoast_head":"<!-- This site is optimized with the Yoast SEO plugin v27.4 - https:\/\/yoast.com\/product\/yoast-seo-wordpress\/ -->\n<title>Tom\u00e1s Russi y Juan Montenegro, campeones del Circuito Mercedino de Tenis en el club<\/title>\n<meta name=\"description\" content=\"\u25a0\u00a0Concluy\u00f3 en club Mercedes el tercer y \u00faltimo torneo del a\u00f1o para las categor\u00edas A e Intermedia, dejando a Tom\u00e1s Russi como el mejor en la m\u00e1xima divisi\u00f3n y a Juan Montenegro en la Intermedia.\" \/>\n<meta name=\"robots\" content=\"index, follow, max-snippet:-1, max-image-preview:large, max-video-preview:-1\" \/>\n<link rel=\"canonical\" href=\"https:\/\/noticiasmercedinas.com\/site\/2025\/11\/10\/tomas-russi-y-juan-montenegro-campeones-del-circuito-mercedino-de-tenis-en-el-club\/\" \/>\n<meta property=\"og:locale\" content=\"es_ES\" \/>\n<meta property=\"og:type\" content=\"article\" \/>\n<meta property=\"og:title\" content=\"Tom\u00e1s Russi y Juan Montenegro, campeones del Circuito Mercedino de Tenis en el club\" \/>\n<meta property=\"og:description\" content=\"\u25a0\u00a0Concluy\u00f3 en club Mercedes el tercer y \u00faltimo torneo del a\u00f1o para las categor\u00edas A e Intermedia, dejando a Tom\u00e1s Russi como el mejor en la m\u00e1xima divisi\u00f3n y a Juan Montenegro en la Intermedia.\" \/>\n<meta property=\"og:url\" content=\"https:\/\/noticiasmercedinas.com\/site\/2025\/11\/10\/tomas-russi-y-juan-montenegro-campeones-del-circuito-mercedino-de-tenis-en-el-club\/\" \/>\n<meta property=\"og:site_name\" content=\"NOTICIASMERCEDINAS.COM\" \/>\n<meta property=\"article:publisher\" content=\"https:\/\/www.facebook.com\/noticiasmercedinas\/\" \/>\n<meta property=\"article:published_time\" content=\"2025-11-10T13:57:37+00:00\" \/>\n<meta property=\"og:image\" content=\"https:\/\/noticiasmercedinas.com\/site\/wp-content\/uploads\/2025\/11\/imagen_2025-11-10_105559856.png\" \/>\n\t<meta property=\"og:image:width\" content=\"572\" \/>\n\t<meta property=\"og:image:height\" content=\"454\" \/>\n\t<meta property=\"og:image:type\" content=\"image\/png\" \/>\n<meta name=\"author\" content=\"NOTICIASMERCEDINAS.COM\" \/>\n<meta name=\"twitter:card\" content=\"summary_large_image\" \/>\n<meta name=\"twitter:creator\" content=\"@notmercedinas\" \/>\n<meta name=\"twitter:site\" content=\"@notmercedinas\" \/>\n<meta name=\"twitter:label1\" content=\"Escrito por\" \/>\n\t<meta name=\"twitter:data1\" content=\"NOTICIASMERCEDINAS.COM\" \/>\n\t<meta name=\"twitter:label2\" content=\"Tiempo de lectura\" \/>\n\t<meta name=\"twitter:data2\" content=\"2 minutos\" \/>\n<script type=\"application\/ld+json\" class=\"yoast-schema-graph\">{\"@context\":\"https:\\\/\\\/schema.org\",\"@graph\":[{\"@type\":\"Article\",\"@id\":\"https:\\\/\\\/noticiasmercedinas.com\\\/site\\\/2025\\\/11\\\/10\\\/tomas-russi-y-juan-montenegro-campeones-del-circuito-mercedino-de-tenis-en-el-club\\\/#article\",\"isPartOf\":{\"@id\":\"https:\\\/\\\/noticiasmercedinas.com\\\/site\\\/2025\\\/11\\\/10\\\/tomas-russi-y-juan-montenegro-campeones-del-circuito-mercedino-de-tenis-en-el-club\\\/\"},\"author\":{\"name\":\"NOTICIASMERCEDINAS.COM\",\"@id\":\"https:\\\/\\\/noticiasmercedinas.com\\\/site\\\/#\\\/schema\\\/person\\\/84b59c099c28ff2e8b77d4ceec5d8063\"},\"headline\":\"Tom\u00e1s Russi y Juan Montenegro, campeones del Circuito Mercedino de Tenis en el club\",\"datePublished\":\"2025-11-10T13:57:37+00:00\",\"mainEntityOfPage\":{\"@id\":\"https:\\\/\\\/noticiasmercedinas.com\\\/site\\\/2025\\\/11\\\/10\\\/tomas-russi-y-juan-montenegro-campeones-del-circuito-mercedino-de-tenis-en-el-club\\\/\"},\"wordCount\":186,\"publisher\":{\"@id\":\"https:\\\/\\\/noticiasmercedinas.com\\\/site\\\/#organization\"},\"image\":{\"@id\":\"https:\\\/\\\/noticiasmercedinas.com\\\/site\\\/2025\\\/11\\\/10\\\/tomas-russi-y-juan-montenegro-campeones-del-circuito-mercedino-de-tenis-en-el-club\\\/#primaryimage\"},\"thumbnailUrl\":\"https:\\\/\\\/noticiasmercedinas.com\\\/site\\\/wp-content\\\/uploads\\\/2025\\\/11\\\/imagen_2025-11-10_105559856.png\",\"keywords\":[\"circuito mercedino de tenis\",\"club mercedes\",\"tenis\"],\"articleSection\":[\"Deportes\"],\"inLanguage\":\"es\"},{\"@type\":\"WebPage\",\"@id\":\"https:\\\/\\\/noticiasmercedinas.com\\\/site\\\/2025\\\/11\\\/10\\\/tomas-russi-y-juan-montenegro-campeones-del-circuito-mercedino-de-tenis-en-el-club\\\/\",\"url\":\"https:\\\/\\\/noticiasmercedinas.com\\\/site\\\/2025\\\/11\\\/10\\\/tomas-russi-y-juan-montenegro-campeones-del-circuito-mercedino-de-tenis-en-el-club\\\/\",\"name\":\"Tom\u00e1s Russi y Juan Montenegro, campeones del Circuito Mercedino de Tenis en el club\",\"isPartOf\":{\"@id\":\"https:\\\/\\\/noticiasmercedinas.com\\\/site\\\/#website\"},\"primaryImageOfPage\":{\"@id\":\"https:\\\/\\\/noticiasmercedinas.com\\\/site\\\/2025\\\/11\\\/10\\\/tomas-russi-y-juan-montenegro-campeones-del-circuito-mercedino-de-tenis-en-el-club\\\/#primaryimage\"},\"image\":{\"@id\":\"https:\\\/\\\/noticiasmercedinas.com\\\/site\\\/2025\\\/11\\\/10\\\/tomas-russi-y-juan-montenegro-campeones-del-circuito-mercedino-de-tenis-en-el-club\\\/#primaryimage\"},\"thumbnailUrl\":\"https:\\\/\\\/noticiasmercedinas.com\\\/site\\\/wp-content\\\/uploads\\\/2025\\\/11\\\/imagen_2025-11-10_105559856.png\",\"datePublished\":\"2025-11-10T13:57:37+00:00\",\"description\":\"\u25a0\u00a0Concluy\u00f3 en club Mercedes el tercer y \u00faltimo torneo del a\u00f1o para las categor\u00edas A e Intermedia, dejando a Tom\u00e1s Russi como el mejor en la m\u00e1xima divisi\u00f3n y a Juan Montenegro en la Intermedia.\",\"breadcrumb\":{\"@id\":\"https:\\\/\\\/noticiasmercedinas.com\\\/site\\\/2025\\\/11\\\/10\\\/tomas-russi-y-juan-montenegro-campeones-del-circuito-mercedino-de-tenis-en-el-club\\\/#breadcrumb\"},\"inLanguage\":\"es\",\"potentialAction\":[{\"@type\":\"ReadAction\",\"target\":[\"https:\\\/\\\/noticiasmercedinas.com\\\/site\\\/2025\\\/11\\\/10\\\/tomas-russi-y-juan-montenegro-campeones-del-circuito-mercedino-de-tenis-en-el-club\\\/\"]}]},{\"@type\":\"ImageObject\",\"inLanguage\":\"es\",\"@id\":\"https:\\\/\\\/noticiasmercedinas.com\\\/site\\\/2025\\\/11\\\/10\\\/tomas-russi-y-juan-montenegro-campeones-del-circuito-mercedino-de-tenis-en-el-club\\\/#primaryimage\",\"url\":\"https:\\\/\\\/noticiasmercedinas.com\\\/site\\\/wp-content\\\/uploads\\\/2025\\\/11\\\/imagen_2025-11-10_105559856.png\",\"contentUrl\":\"https:\\\/\\\/noticiasmercedinas.com\\\/site\\\/wp-content\\\/uploads\\\/2025\\\/11\\\/imagen_2025-11-10_105559856.png\",\"width\":572,\"height\":454},{\"@type\":\"BreadcrumbList\",\"@id\":\"https:\\\/\\\/noticiasmercedinas.com\\\/site\\\/2025\\\/11\\\/10\\\/tomas-russi-y-juan-montenegro-campeones-del-circuito-mercedino-de-tenis-en-el-club\\\/#breadcrumb\",\"itemListElement\":[{\"@type\":\"ListItem\",\"position\":1,\"name\":\"Portada\",\"item\":\"https:\\\/\\\/noticiasmercedinas.com\\\/site\\\/\"},{\"@type\":\"ListItem\",\"position\":2,\"name\":\"Tom\u00e1s Russi y Juan Montenegro, campeones del Circuito Mercedino de Tenis en el club\"}]},{\"@type\":\"WebSite\",\"@id\":\"https:\\\/\\\/noticiasmercedinas.com\\\/site\\\/#website\",\"url\":\"https:\\\/\\\/noticiasmercedinas.com\\\/site\\\/\",\"name\":\"NOTICIASMERCEDINAS.COM\",\"description\":\"Mercedes, Buenos Aires, Argentina\",\"publisher\":{\"@id\":\"https:\\\/\\\/noticiasmercedinas.com\\\/site\\\/#organization\"},\"potentialAction\":[{\"@type\":\"SearchAction\",\"target\":{\"@type\":\"EntryPoint\",\"urlTemplate\":\"https:\\\/\\\/noticiasmercedinas.com\\\/site\\\/?s={search_term_string}\"},\"query-input\":{\"@type\":\"PropertyValueSpecification\",\"valueRequired\":true,\"valueName\":\"search_term_string\"}}],\"inLanguage\":\"es\"},{\"@type\":\"Organization\",\"@id\":\"https:\\\/\\\/noticiasmercedinas.com\\\/site\\\/#organization\",\"name\":\"NOTICIASMERCEDINAS.COM\",\"url\":\"https:\\\/\\\/noticiasmercedinas.com\\\/site\\\/\",\"logo\":{\"@type\":\"ImageObject\",\"inLanguage\":\"es\",\"@id\":\"https:\\\/\\\/noticiasmercedinas.com\\\/site\\\/#\\\/schema\\\/logo\\\/image\\\/\",\"url\":\"https:\\\/\\\/noticiasmercedinas.com\\\/site\\\/wp-content\\\/uploads\\\/2020\\\/06\\\/LOGO-512.jpg\",\"contentUrl\":\"https:\\\/\\\/noticiasmercedinas.com\\\/site\\\/wp-content\\\/uploads\\\/2020\\\/06\\\/LOGO-512.jpg\",\"width\":512,\"height\":512,\"caption\":\"NOTICIASMERCEDINAS.COM\"},\"image\":{\"@id\":\"https:\\\/\\\/noticiasmercedinas.com\\\/site\\\/#\\\/schema\\\/logo\\\/image\\\/\"},\"sameAs\":[\"https:\\\/\\\/www.facebook.com\\\/noticiasmercedinas\\\/\",\"https:\\\/\\\/x.com\\\/notmercedinas\",\"https:\\\/\\\/www.instagram.com\\\/noticiasmercedinas\\\/\"]},{\"@type\":\"Person\",\"@id\":\"https:\\\/\\\/noticiasmercedinas.com\\\/site\\\/#\\\/schema\\\/person\\\/84b59c099c28ff2e8b77d4ceec5d8063\",\"name\":\"NOTICIASMERCEDINAS.COM\",\"image\":{\"@type\":\"ImageObject\",\"inLanguage\":\"es\",\"@id\":\"https:\\\/\\\/secure.gravatar.com\\\/avatar\\\/4dfbf16b4d17945bfb6341b2d19043457132fcf478a5ee04f42e959fd8f5df0a?s=96&d=mm&r=g\",\"url\":\"https:\\\/\\\/secure.gravatar.com\\\/avatar\\\/4dfbf16b4d17945bfb6341b2d19043457132fcf478a5ee04f42e959fd8f5df0a?s=96&d=mm&r=g\",\"contentUrl\":\"https:\\\/\\\/secure.gravatar.com\\\/avatar\\\/4dfbf16b4d17945bfb6341b2d19043457132fcf478a5ee04f42e959fd8f5df0a?s=96&d=mm&r=g\",\"caption\":\"NOTICIASMERCEDINAS.COM\"},\"url\":\"https:\\\/\\\/noticiasmercedinas.com\\\/site\\\/author\\\/anonimo\\\/\"}]}<\/script>\n<!-- \/ Yoast SEO plugin. -->","yoast_head_json":{"title":"Tom\u00e1s Russi y Juan Montenegro, campeones del Circuito Mercedino de Tenis en el club","description":"\u25a0\u00a0Concluy\u00f3 en club Mercedes el tercer y \u00faltimo torneo del a\u00f1o para las categor\u00edas A e Intermedia, dejando a Tom\u00e1s Russi como el mejor en la m\u00e1xima divisi\u00f3n y a Juan Montenegro en la Intermedia.","robots":{"index":"index","follow":"follow","max-snippet":"max-snippet:-1","max-image-preview":"max-image-preview:large","max-video-preview":"max-video-preview:-1"},"canonical":"https:\/\/noticiasmercedinas.com\/site\/2025\/11\/10\/tomas-russi-y-juan-montenegro-campeones-del-circuito-mercedino-de-tenis-en-el-club\/","og_locale":"es_ES","og_type":"article","og_title":"Tom\u00e1s Russi y Juan Montenegro, campeones del Circuito Mercedino de Tenis en el club","og_description":"\u25a0\u00a0Concluy\u00f3 en club Mercedes el tercer y \u00faltimo torneo del a\u00f1o para las categor\u00edas A e Intermedia, dejando a Tom\u00e1s Russi como el mejor en la m\u00e1xima divisi\u00f3n y a Juan Montenegro en la Intermedia.","og_url":"https:\/\/noticiasmercedinas.com\/site\/2025\/11\/10\/tomas-russi-y-juan-montenegro-campeones-del-circuito-mercedino-de-tenis-en-el-club\/","og_site_name":"NOTICIASMERCEDINAS.COM","article_publisher":"https:\/\/www.facebook.com\/noticiasmercedinas\/","article_published_time":"2025-11-10T13:57:37+00:00","og_image":[{"width":572,"height":454,"url":"https:\/\/noticiasmercedinas.com\/site\/wp-content\/uploads\/2025\/11\/imagen_2025-11-10_105559856.png","type":"image\/png"}],"author":"NOTICIASMERCEDINAS.COM","twitter_card":"summary_large_image","twitter_creator":"@notmercedinas","twitter_site":"@notmercedinas","twitter_misc":{"Escrito por":"NOTICIASMERCEDINAS.COM","Tiempo de lectura":"2 minutos"},"schema":{"@context":"https:\/\/schema.org","@graph":[{"@type":"Article","@id":"https:\/\/noticiasmercedinas.com\/site\/2025\/11\/10\/tomas-russi-y-juan-montenegro-campeones-del-circuito-mercedino-de-tenis-en-el-club\/#article","isPartOf":{"@id":"https:\/\/noticiasmercedinas.com\/site\/2025\/11\/10\/tomas-russi-y-juan-montenegro-campeones-del-circuito-mercedino-de-tenis-en-el-club\/"},"author":{"name":"NOTICIASMERCEDINAS.COM","@id":"https:\/\/noticiasmercedinas.com\/site\/#\/schema\/person\/84b59c099c28ff2e8b77d4ceec5d8063"},"headline":"Tom\u00e1s Russi y Juan Montenegro, campeones del Circuito Mercedino de Tenis en el club","datePublished":"2025-11-10T13:57:37+00:00","mainEntityOfPage":{"@id":"https:\/\/noticiasmercedinas.com\/site\/2025\/11\/10\/tomas-russi-y-juan-montenegro-campeones-del-circuito-mercedino-de-tenis-en-el-club\/"},"wordCount":186,"publisher":{"@id":"https:\/\/noticiasmercedinas.com\/site\/#organization"},"image":{"@id":"https:\/\/noticiasmercedinas.com\/site\/2025\/11\/10\/tomas-russi-y-juan-montenegro-campeones-del-circuito-mercedino-de-tenis-en-el-club\/#primaryimage"},"thumbnailUrl":"https:\/\/noticiasmercedinas.com\/site\/wp-content\/uploads\/2025\/11\/imagen_2025-11-10_105559856.png","keywords":["circuito mercedino de tenis","club mercedes","tenis"],"articleSection":["Deportes"],"inLanguage":"es"},{"@type":"WebPage","@id":"https:\/\/noticiasmercedinas.com\/site\/2025\/11\/10\/tomas-russi-y-juan-montenegro-campeones-del-circuito-mercedino-de-tenis-en-el-club\/","url":"https:\/\/noticiasmercedinas.com\/site\/2025\/11\/10\/tomas-russi-y-juan-montenegro-campeones-del-circuito-mercedino-de-tenis-en-el-club\/","name":"Tom\u00e1s Russi y Juan Montenegro, campeones del Circuito Mercedino de Tenis en el club","isPartOf":{"@id":"https:\/\/noticiasmercedinas.com\/site\/#website"},"primaryImageOfPage":{"@id":"https:\/\/noticiasmercedinas.com\/site\/2025\/11\/10\/tomas-russi-y-juan-montenegro-campeones-del-circuito-mercedino-de-tenis-en-el-club\/#primaryimage"},"image":{"@id":"https:\/\/noticiasmercedinas.com\/site\/2025\/11\/10\/tomas-russi-y-juan-montenegro-campeones-del-circuito-mercedino-de-tenis-en-el-club\/#primaryimage"},"thumbnailUrl":"https:\/\/noticiasmercedinas.com\/site\/wp-content\/uploads\/2025\/11\/imagen_2025-11-10_105559856.png","datePublished":"2025-11-10T13:57:37+00:00","description":"\u25a0\u00a0Concluy\u00f3 en club Mercedes el tercer y \u00faltimo torneo del a\u00f1o para las categor\u00edas A e Intermedia, dejando a Tom\u00e1s Russi como el mejor en la m\u00e1xima divisi\u00f3n y a Juan Montenegro en la Intermedia.","breadcrumb":{"@id":"https:\/\/noticiasmercedinas.com\/site\/2025\/11\/10\/tomas-russi-y-juan-montenegro-campeones-del-circuito-mercedino-de-tenis-en-el-club\/#breadcrumb"},"inLanguage":"es","potentialAction":[{"@type":"ReadAction","target":["https:\/\/noticiasmercedinas.com\/site\/2025\/11\/10\/tomas-russi-y-juan-montenegro-campeones-del-circuito-mercedino-de-tenis-en-el-club\/"]}]},{"@type":"ImageObject","inLanguage":"es","@id":"https:\/\/noticiasmercedinas.com\/site\/2025\/11\/10\/tomas-russi-y-juan-montenegro-campeones-del-circuito-mercedino-de-tenis-en-el-club\/#primaryimage","url":"https:\/\/noticiasmercedinas.com\/site\/wp-content\/uploads\/2025\/11\/imagen_2025-11-10_105559856.png","contentUrl":"https:\/\/noticiasmercedinas.com\/site\/wp-content\/uploads\/2025\/11\/imagen_2025-11-10_105559856.png","width":572,"height":454},{"@type":"BreadcrumbList","@id":"https:\/\/noticiasmercedinas.com\/site\/2025\/11\/10\/tomas-russi-y-juan-montenegro-campeones-del-circuito-mercedino-de-tenis-en-el-club\/#breadcrumb","itemListElement":[{"@type":"ListItem","position":1,"name":"Portada","item":"https:\/\/noticiasmercedinas.com\/site\/"},{"@type":"ListItem","position":2,"name":"Tom\u00e1s Russi y Juan Montenegro, campeones del Circuito Mercedino de Tenis en el club"}]},{"@type":"WebSite","@id":"https:\/\/noticiasmercedinas.com\/site\/#website","url":"https:\/\/noticiasmercedinas.com\/site\/","name":"NOTICIASMERCEDINAS.COM","description":"Mercedes, Buenos Aires, Argentina","publisher":{"@id":"https:\/\/noticiasmercedinas.com\/site\/#organization"},"potentialAction":[{"@type":"SearchAction","target":{"@type":"EntryPoint","urlTemplate":"https:\/\/noticiasmercedinas.com\/site\/?s={search_term_string}"},"query-input":{"@type":"PropertyValueSpecification","valueRequired":true,"valueName":"search_term_string"}}],"inLanguage":"es"},{"@type":"Organization","@id":"https:\/\/noticiasmercedinas.com\/site\/#organization","name":"NOTICIASMERCEDINAS.COM","url":"https:\/\/noticiasmercedinas.com\/site\/","logo":{"@type":"ImageObject","inLanguage":"es","@id":"https:\/\/noticiasmercedinas.com\/site\/#\/schema\/logo\/image\/","url":"https:\/\/noticiasmercedinas.com\/site\/wp-content\/uploads\/2020\/06\/LOGO-512.jpg","contentUrl":"https:\/\/noticiasmercedinas.com\/site\/wp-content\/uploads\/2020\/06\/LOGO-512.jpg","width":512,"height":512,"caption":"NOTICIASMERCEDINAS.COM"},"image":{"@id":"https:\/\/noticiasmercedinas.com\/site\/#\/schema\/logo\/image\/"},"sameAs":["https:\/\/www.facebook.com\/noticiasmercedinas\/","https:\/\/x.com\/notmercedinas","https:\/\/www.instagram.com\/noticiasmercedinas\/"]},{"@type":"Person","@id":"https:\/\/noticiasmercedinas.com\/site\/#\/schema\/person\/84b59c099c28ff2e8b77d4ceec5d8063","name":"NOTICIASMERCEDINAS.COM","image":{"@type":"ImageObject","inLanguage":"es","@id":"https:\/\/secure.gravatar.com\/avatar\/4dfbf16b4d17945bfb6341b2d19043457132fcf478a5ee04f42e959fd8f5df0a?s=96&d=mm&r=g","url":"https:\/\/secure.gravatar.com\/avatar\/4dfbf16b4d17945bfb6341b2d19043457132fcf478a5ee04f42e959fd8f5df0a?s=96&d=mm&r=g","contentUrl":"https:\/\/secure.gravatar.com\/avatar\/4dfbf16b4d17945bfb6341b2d19043457132fcf478a5ee04f42e959fd8f5df0a?s=96&d=mm&r=g","caption":"NOTICIASMERCEDINAS.COM"},"url":"https:\/\/noticiasmercedinas.com\/site\/author\/anonimo\/"}]}},"amp_enabled":true,"_links":{"self":[{"href":"https:\/\/noticiasmercedinas.com\/site\/wp-json\/wp\/v2\/posts\/173938","targetHints":{"allow":["GET"]}}],"collection":[{"href":"https:\/\/noticiasmercedinas.com\/site\/wp-json\/wp\/v2\/posts"}],"about":[{"href":"https:\/\/noticiasmercedinas.com\/site\/wp-json\/wp\/v2\/types\/post"}],"author":[{"embeddable":true,"href":"https:\/\/noticiasmercedinas.com\/site\/wp-json\/wp\/v2\/users\/16"}],"replies":[{"embeddable":true,"href":"https:\/\/noticiasmercedinas.com\/site\/wp-json\/wp\/v2\/comments?post=173938"}],"version-history":[{"count":1,"href":"https:\/\/noticiasmercedinas.com\/site\/wp-json\/wp\/v2\/posts\/173938\/revisions"}],"predecessor-version":[{"id":173940,"href":"https:\/\/noticiasmercedinas.com\/site\/wp-json\/wp\/v2\/posts\/173938\/revisions\/173940"}],"wp:featuredmedia":[{"embeddable":true,"href":"https:\/\/noticiasmercedinas.com\/site\/wp-json\/wp\/v2\/media\/173939"}],"wp:attachment":[{"href":"https:\/\/noticiasmercedinas.com\/site\/wp-json\/wp\/v2\/media?parent=173938"}],"wp:term":[{"taxonomy":"category","embeddable":true,"href":"https:\/\/noticiasmercedinas.com\/site\/wp-json\/wp\/v2\/categories?post=173938"},{"taxonomy":"post_tag","embeddable":true,"href":"https:\/\/noticiasmercedinas.com\/site\/wp-json\/wp\/v2\/tags?post=173938"}],"curies":[{"name":"wp","href":"https:\/\/api.w.org\/{rel}","templated":true}]}}