{"id":173946,"date":"2025-11-10T12:54:48","date_gmt":"2025-11-10T15:54:48","guid":{"rendered":"https:\/\/noticiasmercedinas.com\/site\/?p=173946"},"modified":"2025-11-10T18:35:47","modified_gmt":"2025-11-10T21:35:47","slug":"presentaran-en-mercedes-la-guia-para-un-abordaje-integral-de-consumos-problematicos-en-la-provincia","status":"publish","type":"post","link":"https:\/\/noticiasmercedinas.com\/site\/2025\/11\/10\/presentaran-en-mercedes-la-guia-para-un-abordaje-integral-de-consumos-problematicos-en-la-provincia\/","title":{"rendered":"Presentar\u00e1n en Mercedes la Gu\u00eda para un Abordaje Integral de Consumos Problem\u00e1ticos en la Provincia"},"content":{"rendered":"<p><img loading=\"lazy\" decoding=\"async\" class=\"alignnone wp-image-173949\" src=\"https:\/\/noticiasmercedinas.com\/site\/wp-content\/uploads\/2025\/11\/IMG_20251110_124828.jpg\" alt=\"\" width=\"640\" height=\"515\" srcset=\"https:\/\/noticiasmercedinas.com\/site\/wp-content\/uploads\/2025\/11\/IMG_20251110_124828.jpg 385w, https:\/\/noticiasmercedinas.com\/site\/wp-content\/uploads\/2025\/11\/IMG_20251110_124828-300x242.jpg 300w\" sizes=\"auto, (max-width: 640px) 100vw, 640px\" \/><\/p>\n<p>\u200bEl Ministerio de Salud de la Provincia de Buenos Aires presentar\u00e1 el jueves en Mercedes la Gu\u00eda para un Abordaje Integral de los Consumos Problem\u00e1ticos en el Sistema de Salud provincial.<\/p>\n<p>El evento, calificado como un espacio crucial para el encuentro, reconocimiento y planificaci\u00f3n de la aplicaci\u00f3n de este nuevo instrumento, contara con la presencia del intendente local, Juan I. Ustarroz, y la Subsecretaria de Salud Mental, Julieta Calmels.<br \/>\n\u200b<br \/>\n\u200bLa presentaci\u00f3n se llevar\u00e1 a cabo a las 11 horas de este jueves 13 de noviembre en el Teatro Argentino de Mercedes. Esta gu\u00eda establece un marco de acci\u00f3n unificado y progresivo para que los equipos de salud puedan enfrentar de manera m\u00e1s efectiva y humana las problem\u00e1ticas de consumo que afectan a la poblaci\u00f3n bonaerense.<\/p>\n<p>\u200bEl objetivo central es fortalecer la capacidad de respuesta de los centros de salud, promoviendo un enfoque que integre las dimensiones sanitaria, social y comunitaria en el tratamiento de las adicciones.<\/p>\n<p>Julio Maldonado, referente regional del \u00e1rea de Salud Mental dentro de la \u00f3rbita administrativa bonaerense, subray\u00f3 la relevancia de la jornada y del documento presentado, que es una hoja de ruta integral que materializa el compromiso del gobierno provincial con la vida de las personas. Permite homogeneizar criterios y asegurar que cada ciudadano, sin importar d\u00f3nde resida en la provincia, reciba una atenci\u00f3n de calidad, respetuosa y oportuna frente a los consumos problem\u00e1ticos. Es un paso fundamental hacia un sistema de salud m\u00e1s inclusivo y eficiente.<\/p>\n<p>La iniciativa forma parte de un esfuerzo m\u00e1s amplio del Ministerio de Salud para reforzar la pol\u00edtica de salud mental en la provincia, priorizando el abordaje de las problem\u00e1ticas de consumo desde una perspectiva de derechos e integraci\u00f3n social.<\/p>\n<p>El encuentro convoca a profesionales de la salud, gestores sanitarios y representantes de distintas \u00e1reas municipales y provinciales, en la identificaci\u00f3n de las mejores estrategias para la implementaci\u00f3n inmediata de la gu\u00eda en sus respectivas jurisdicciones.<\/p>\n<p><img loading=\"lazy\" decoding=\"async\" class=\"alignnone size-full wp-image-173950\" src=\"https:\/\/noticiasmercedinas.com\/site\/wp-content\/uploads\/2025\/11\/700d2cbee4d140698f05f25108d685991.jpg\" alt=\"\" width=\"1125\" height=\"1406\" srcset=\"https:\/\/noticiasmercedinas.com\/site\/wp-content\/uploads\/2025\/11\/700d2cbee4d140698f05f25108d685991.jpg 1125w, https:\/\/noticiasmercedinas.com\/site\/wp-content\/uploads\/2025\/11\/700d2cbee4d140698f05f25108d685991-240x300.jpg 240w, https:\/\/noticiasmercedinas.com\/site\/wp-content\/uploads\/2025\/11\/700d2cbee4d140698f05f25108d685991-819x1024.jpg 819w, https:\/\/noticiasmercedinas.com\/site\/wp-content\/uploads\/2025\/11\/700d2cbee4d140698f05f25108d685991-768x960.jpg 768w, https:\/\/noticiasmercedinas.com\/site\/wp-content\/uploads\/2025\/11\/700d2cbee4d140698f05f25108d685991-640x800.jpg 640w, https:\/\/noticiasmercedinas.com\/site\/wp-content\/uploads\/2025\/11\/700d2cbee4d140698f05f25108d685991-681x851.jpg 681w\" sizes=\"auto, (max-width: 1125px) 100vw, 1125px\" \/><\/p>\n","protected":false},"excerpt":{"rendered":"<p> \u25a0 El Intendente Juan Ustarroz y autoridades provinciales liderar\u00e1n\u00a0 el lanzamiento del nuevo instrumento clave para el Sistema de Salud bonaerense. Este jueves estar\u00e1 presente la Subsecretaria de Salud Mental, Julieta Calmels.<\/p>\n","protected":false},"author":16,"featured_media":173949,"comment_status":"closed","ping_status":"closed","sticky":false,"template":"","format":"standard","meta":{"footnotes":""},"categories":[3],"tags":[1191,8553,71,1190],"class_list":["post-173946","post","type-post","status-publish","format-standard","has-post-thumbnail","hentry","category-sociedad","tag-consumos-problematicos","tag-julio-maldonado","tag-salud","tag-salud-mental"],"yoast_head":"<!-- This site is optimized with the Yoast SEO plugin v27.4 - https:\/\/yoast.com\/product\/yoast-seo-wordpress\/ -->\n<title>Presentar\u00e1n en Mercedes la Gu\u00eda para un Abordaje Integral de Consumos Problem\u00e1ticos en la Provincia<\/title>\n<meta name=\"description\" content=\"El Intendente Juan Ustarroz y autoridades provinciales liderar\u00e1n\u00a0 el lanzamiento del nuevo instrumento clave para el Sistema de Salud bonaerense. Este jueves estar\u00e1 presente la Subsecretaria de Salud Mental, Julieta Calmels.\" \/>\n<meta name=\"robots\" content=\"index, follow, max-snippet:-1, max-image-preview:large, max-video-preview:-1\" \/>\n<link rel=\"canonical\" href=\"https:\/\/noticiasmercedinas.com\/site\/2025\/11\/10\/presentaran-en-mercedes-la-guia-para-un-abordaje-integral-de-consumos-problematicos-en-la-provincia\/\" \/>\n<meta property=\"og:locale\" content=\"es_ES\" \/>\n<meta property=\"og:type\" content=\"article\" \/>\n<meta property=\"og:title\" content=\"Presentar\u00e1n en Mercedes la Gu\u00eda para un Abordaje Integral de Consumos Problem\u00e1ticos en la Provincia\" \/>\n<meta property=\"og:description\" content=\"El Intendente Juan Ustarroz y autoridades provinciales liderar\u00e1n\u00a0 el lanzamiento del nuevo instrumento clave para el Sistema de Salud bonaerense. Este jueves estar\u00e1 presente la Subsecretaria de Salud Mental, Julieta Calmels.\" \/>\n<meta property=\"og:url\" content=\"https:\/\/noticiasmercedinas.com\/site\/2025\/11\/10\/presentaran-en-mercedes-la-guia-para-un-abordaje-integral-de-consumos-problematicos-en-la-provincia\/\" \/>\n<meta property=\"og:site_name\" content=\"NOTICIASMERCEDINAS.COM\" \/>\n<meta property=\"article:publisher\" content=\"https:\/\/www.facebook.com\/noticiasmercedinas\/\" \/>\n<meta property=\"article:published_time\" content=\"2025-11-10T15:54:48+00:00\" \/>\n<meta property=\"article:modified_time\" content=\"2025-11-10T21:35:47+00:00\" \/>\n<meta property=\"og:image\" content=\"https:\/\/noticiasmercedinas.com\/site\/wp-content\/uploads\/2025\/11\/IMG_20251110_124828.jpg\" \/>\n\t<meta property=\"og:image:width\" content=\"385\" \/>\n\t<meta property=\"og:image:height\" content=\"310\" \/>\n\t<meta property=\"og:image:type\" content=\"image\/jpeg\" \/>\n<meta name=\"author\" content=\"NOTICIASMERCEDINAS.COM\" \/>\n<meta name=\"twitter:card\" content=\"summary_large_image\" \/>\n<meta name=\"twitter:creator\" content=\"@notmercedinas\" \/>\n<meta name=\"twitter:site\" content=\"@notmercedinas\" \/>\n<meta name=\"twitter:label1\" content=\"Escrito por\" \/>\n\t<meta name=\"twitter:data1\" content=\"NOTICIASMERCEDINAS.COM\" \/>\n\t<meta name=\"twitter:label2\" content=\"Tiempo de lectura\" \/>\n\t<meta name=\"twitter:data2\" content=\"3 minutos\" \/>\n<script type=\"application\/ld+json\" class=\"yoast-schema-graph\">{\"@context\":\"https:\\\/\\\/schema.org\",\"@graph\":[{\"@type\":\"Article\",\"@id\":\"https:\\\/\\\/noticiasmercedinas.com\\\/site\\\/2025\\\/11\\\/10\\\/presentaran-en-mercedes-la-guia-para-un-abordaje-integral-de-consumos-problematicos-en-la-provincia\\\/#article\",\"isPartOf\":{\"@id\":\"https:\\\/\\\/noticiasmercedinas.com\\\/site\\\/2025\\\/11\\\/10\\\/presentaran-en-mercedes-la-guia-para-un-abordaje-integral-de-consumos-problematicos-en-la-provincia\\\/\"},\"author\":{\"name\":\"NOTICIASMERCEDINAS.COM\",\"@id\":\"https:\\\/\\\/noticiasmercedinas.com\\\/site\\\/#\\\/schema\\\/person\\\/84b59c099c28ff2e8b77d4ceec5d8063\"},\"headline\":\"Presentar\u00e1n en Mercedes la Gu\u00eda para un Abordaje Integral de Consumos Problem\u00e1ticos en la Provincia\",\"datePublished\":\"2025-11-10T15:54:48+00:00\",\"dateModified\":\"2025-11-10T21:35:47+00:00\",\"mainEntityOfPage\":{\"@id\":\"https:\\\/\\\/noticiasmercedinas.com\\\/site\\\/2025\\\/11\\\/10\\\/presentaran-en-mercedes-la-guia-para-un-abordaje-integral-de-consumos-problematicos-en-la-provincia\\\/\"},\"wordCount\":354,\"publisher\":{\"@id\":\"https:\\\/\\\/noticiasmercedinas.com\\\/site\\\/#organization\"},\"image\":{\"@id\":\"https:\\\/\\\/noticiasmercedinas.com\\\/site\\\/2025\\\/11\\\/10\\\/presentaran-en-mercedes-la-guia-para-un-abordaje-integral-de-consumos-problematicos-en-la-provincia\\\/#primaryimage\"},\"thumbnailUrl\":\"https:\\\/\\\/noticiasmercedinas.com\\\/site\\\/wp-content\\\/uploads\\\/2025\\\/11\\\/IMG_20251110_124828.jpg\",\"keywords\":[\"consumos problematicos\",\"Julio Maldonado\",\"salud\",\"salud mental\"],\"articleSection\":[\"Sociedad\"],\"inLanguage\":\"es\"},{\"@type\":\"WebPage\",\"@id\":\"https:\\\/\\\/noticiasmercedinas.com\\\/site\\\/2025\\\/11\\\/10\\\/presentaran-en-mercedes-la-guia-para-un-abordaje-integral-de-consumos-problematicos-en-la-provincia\\\/\",\"url\":\"https:\\\/\\\/noticiasmercedinas.com\\\/site\\\/2025\\\/11\\\/10\\\/presentaran-en-mercedes-la-guia-para-un-abordaje-integral-de-consumos-problematicos-en-la-provincia\\\/\",\"name\":\"Presentar\u00e1n en Mercedes la Gu\u00eda para un Abordaje Integral de Consumos Problem\u00e1ticos en la Provincia\",\"isPartOf\":{\"@id\":\"https:\\\/\\\/noticiasmercedinas.com\\\/site\\\/#website\"},\"primaryImageOfPage\":{\"@id\":\"https:\\\/\\\/noticiasmercedinas.com\\\/site\\\/2025\\\/11\\\/10\\\/presentaran-en-mercedes-la-guia-para-un-abordaje-integral-de-consumos-problematicos-en-la-provincia\\\/#primaryimage\"},\"image\":{\"@id\":\"https:\\\/\\\/noticiasmercedinas.com\\\/site\\\/2025\\\/11\\\/10\\\/presentaran-en-mercedes-la-guia-para-un-abordaje-integral-de-consumos-problematicos-en-la-provincia\\\/#primaryimage\"},\"thumbnailUrl\":\"https:\\\/\\\/noticiasmercedinas.com\\\/site\\\/wp-content\\\/uploads\\\/2025\\\/11\\\/IMG_20251110_124828.jpg\",\"datePublished\":\"2025-11-10T15:54:48+00:00\",\"dateModified\":\"2025-11-10T21:35:47+00:00\",\"description\":\"El Intendente Juan Ustarroz y autoridades provinciales liderar\u00e1n\u00a0 el lanzamiento del nuevo instrumento clave para el Sistema de Salud bonaerense. Este jueves estar\u00e1 presente la Subsecretaria de Salud Mental, Julieta Calmels.\",\"breadcrumb\":{\"@id\":\"https:\\\/\\\/noticiasmercedinas.com\\\/site\\\/2025\\\/11\\\/10\\\/presentaran-en-mercedes-la-guia-para-un-abordaje-integral-de-consumos-problematicos-en-la-provincia\\\/#breadcrumb\"},\"inLanguage\":\"es\",\"potentialAction\":[{\"@type\":\"ReadAction\",\"target\":[\"https:\\\/\\\/noticiasmercedinas.com\\\/site\\\/2025\\\/11\\\/10\\\/presentaran-en-mercedes-la-guia-para-un-abordaje-integral-de-consumos-problematicos-en-la-provincia\\\/\"]}]},{\"@type\":\"ImageObject\",\"inLanguage\":\"es\",\"@id\":\"https:\\\/\\\/noticiasmercedinas.com\\\/site\\\/2025\\\/11\\\/10\\\/presentaran-en-mercedes-la-guia-para-un-abordaje-integral-de-consumos-problematicos-en-la-provincia\\\/#primaryimage\",\"url\":\"https:\\\/\\\/noticiasmercedinas.com\\\/site\\\/wp-content\\\/uploads\\\/2025\\\/11\\\/IMG_20251110_124828.jpg\",\"contentUrl\":\"https:\\\/\\\/noticiasmercedinas.com\\\/site\\\/wp-content\\\/uploads\\\/2025\\\/11\\\/IMG_20251110_124828.jpg\",\"width\":385,\"height\":310},{\"@type\":\"BreadcrumbList\",\"@id\":\"https:\\\/\\\/noticiasmercedinas.com\\\/site\\\/2025\\\/11\\\/10\\\/presentaran-en-mercedes-la-guia-para-un-abordaje-integral-de-consumos-problematicos-en-la-provincia\\\/#breadcrumb\",\"itemListElement\":[{\"@type\":\"ListItem\",\"position\":1,\"name\":\"Portada\",\"item\":\"https:\\\/\\\/noticiasmercedinas.com\\\/site\\\/\"},{\"@type\":\"ListItem\",\"position\":2,\"name\":\"Presentar\u00e1n en Mercedes la Gu\u00eda para un Abordaje Integral de Consumos Problem\u00e1ticos en la Provincia\"}]},{\"@type\":\"WebSite\",\"@id\":\"https:\\\/\\\/noticiasmercedinas.com\\\/site\\\/#website\",\"url\":\"https:\\\/\\\/noticiasmercedinas.com\\\/site\\\/\",\"name\":\"NOTICIASMERCEDINAS.COM\",\"description\":\"Mercedes, Buenos Aires, Argentina\",\"publisher\":{\"@id\":\"https:\\\/\\\/noticiasmercedinas.com\\\/site\\\/#organization\"},\"potentialAction\":[{\"@type\":\"SearchAction\",\"target\":{\"@type\":\"EntryPoint\",\"urlTemplate\":\"https:\\\/\\\/noticiasmercedinas.com\\\/site\\\/?s={search_term_string}\"},\"query-input\":{\"@type\":\"PropertyValueSpecification\",\"valueRequired\":true,\"valueName\":\"search_term_string\"}}],\"inLanguage\":\"es\"},{\"@type\":\"Organization\",\"@id\":\"https:\\\/\\\/noticiasmercedinas.com\\\/site\\\/#organization\",\"name\":\"NOTICIASMERCEDINAS.COM\",\"url\":\"https:\\\/\\\/noticiasmercedinas.com\\\/site\\\/\",\"logo\":{\"@type\":\"ImageObject\",\"inLanguage\":\"es\",\"@id\":\"https:\\\/\\\/noticiasmercedinas.com\\\/site\\\/#\\\/schema\\\/logo\\\/image\\\/\",\"url\":\"https:\\\/\\\/noticiasmercedinas.com\\\/site\\\/wp-content\\\/uploads\\\/2020\\\/06\\\/LOGO-512.jpg\",\"contentUrl\":\"https:\\\/\\\/noticiasmercedinas.com\\\/site\\\/wp-content\\\/uploads\\\/2020\\\/06\\\/LOGO-512.jpg\",\"width\":512,\"height\":512,\"caption\":\"NOTICIASMERCEDINAS.COM\"},\"image\":{\"@id\":\"https:\\\/\\\/noticiasmercedinas.com\\\/site\\\/#\\\/schema\\\/logo\\\/image\\\/\"},\"sameAs\":[\"https:\\\/\\\/www.facebook.com\\\/noticiasmercedinas\\\/\",\"https:\\\/\\\/x.com\\\/notmercedinas\",\"https:\\\/\\\/www.instagram.com\\\/noticiasmercedinas\\\/\"]},{\"@type\":\"Person\",\"@id\":\"https:\\\/\\\/noticiasmercedinas.com\\\/site\\\/#\\\/schema\\\/person\\\/84b59c099c28ff2e8b77d4ceec5d8063\",\"name\":\"NOTICIASMERCEDINAS.COM\",\"image\":{\"@type\":\"ImageObject\",\"inLanguage\":\"es\",\"@id\":\"https:\\\/\\\/secure.gravatar.com\\\/avatar\\\/4dfbf16b4d17945bfb6341b2d19043457132fcf478a5ee04f42e959fd8f5df0a?s=96&d=mm&r=g\",\"url\":\"https:\\\/\\\/secure.gravatar.com\\\/avatar\\\/4dfbf16b4d17945bfb6341b2d19043457132fcf478a5ee04f42e959fd8f5df0a?s=96&d=mm&r=g\",\"contentUrl\":\"https:\\\/\\\/secure.gravatar.com\\\/avatar\\\/4dfbf16b4d17945bfb6341b2d19043457132fcf478a5ee04f42e959fd8f5df0a?s=96&d=mm&r=g\",\"caption\":\"NOTICIASMERCEDINAS.COM\"},\"url\":\"https:\\\/\\\/noticiasmercedinas.com\\\/site\\\/author\\\/anonimo\\\/\"}]}<\/script>\n<!-- \/ Yoast SEO plugin. -->","yoast_head_json":{"title":"Presentar\u00e1n en Mercedes la Gu\u00eda para un Abordaje Integral de Consumos Problem\u00e1ticos en la Provincia","description":"El Intendente Juan Ustarroz y autoridades provinciales liderar\u00e1n\u00a0 el lanzamiento del nuevo instrumento clave para el Sistema de Salud bonaerense. Este jueves estar\u00e1 presente la Subsecretaria de Salud Mental, Julieta Calmels.","robots":{"index":"index","follow":"follow","max-snippet":"max-snippet:-1","max-image-preview":"max-image-preview:large","max-video-preview":"max-video-preview:-1"},"canonical":"https:\/\/noticiasmercedinas.com\/site\/2025\/11\/10\/presentaran-en-mercedes-la-guia-para-un-abordaje-integral-de-consumos-problematicos-en-la-provincia\/","og_locale":"es_ES","og_type":"article","og_title":"Presentar\u00e1n en Mercedes la Gu\u00eda para un Abordaje Integral de Consumos Problem\u00e1ticos en la Provincia","og_description":"El Intendente Juan Ustarroz y autoridades provinciales liderar\u00e1n\u00a0 el lanzamiento del nuevo instrumento clave para el Sistema de Salud bonaerense. Este jueves estar\u00e1 presente la Subsecretaria de Salud Mental, Julieta Calmels.","og_url":"https:\/\/noticiasmercedinas.com\/site\/2025\/11\/10\/presentaran-en-mercedes-la-guia-para-un-abordaje-integral-de-consumos-problematicos-en-la-provincia\/","og_site_name":"NOTICIASMERCEDINAS.COM","article_publisher":"https:\/\/www.facebook.com\/noticiasmercedinas\/","article_published_time":"2025-11-10T15:54:48+00:00","article_modified_time":"2025-11-10T21:35:47+00:00","og_image":[{"width":385,"height":310,"url":"https:\/\/noticiasmercedinas.com\/site\/wp-content\/uploads\/2025\/11\/IMG_20251110_124828.jpg","type":"image\/jpeg"}],"author":"NOTICIASMERCEDINAS.COM","twitter_card":"summary_large_image","twitter_creator":"@notmercedinas","twitter_site":"@notmercedinas","twitter_misc":{"Escrito por":"NOTICIASMERCEDINAS.COM","Tiempo de lectura":"3 minutos"},"schema":{"@context":"https:\/\/schema.org","@graph":[{"@type":"Article","@id":"https:\/\/noticiasmercedinas.com\/site\/2025\/11\/10\/presentaran-en-mercedes-la-guia-para-un-abordaje-integral-de-consumos-problematicos-en-la-provincia\/#article","isPartOf":{"@id":"https:\/\/noticiasmercedinas.com\/site\/2025\/11\/10\/presentaran-en-mercedes-la-guia-para-un-abordaje-integral-de-consumos-problematicos-en-la-provincia\/"},"author":{"name":"NOTICIASMERCEDINAS.COM","@id":"https:\/\/noticiasmercedinas.com\/site\/#\/schema\/person\/84b59c099c28ff2e8b77d4ceec5d8063"},"headline":"Presentar\u00e1n en Mercedes la Gu\u00eda para un Abordaje Integral de Consumos Problem\u00e1ticos en la Provincia","datePublished":"2025-11-10T15:54:48+00:00","dateModified":"2025-11-10T21:35:47+00:00","mainEntityOfPage":{"@id":"https:\/\/noticiasmercedinas.com\/site\/2025\/11\/10\/presentaran-en-mercedes-la-guia-para-un-abordaje-integral-de-consumos-problematicos-en-la-provincia\/"},"wordCount":354,"publisher":{"@id":"https:\/\/noticiasmercedinas.com\/site\/#organization"},"image":{"@id":"https:\/\/noticiasmercedinas.com\/site\/2025\/11\/10\/presentaran-en-mercedes-la-guia-para-un-abordaje-integral-de-consumos-problematicos-en-la-provincia\/#primaryimage"},"thumbnailUrl":"https:\/\/noticiasmercedinas.com\/site\/wp-content\/uploads\/2025\/11\/IMG_20251110_124828.jpg","keywords":["consumos problematicos","Julio Maldonado","salud","salud mental"],"articleSection":["Sociedad"],"inLanguage":"es"},{"@type":"WebPage","@id":"https:\/\/noticiasmercedinas.com\/site\/2025\/11\/10\/presentaran-en-mercedes-la-guia-para-un-abordaje-integral-de-consumos-problematicos-en-la-provincia\/","url":"https:\/\/noticiasmercedinas.com\/site\/2025\/11\/10\/presentaran-en-mercedes-la-guia-para-un-abordaje-integral-de-consumos-problematicos-en-la-provincia\/","name":"Presentar\u00e1n en Mercedes la Gu\u00eda para un Abordaje Integral de Consumos Problem\u00e1ticos en la Provincia","isPartOf":{"@id":"https:\/\/noticiasmercedinas.com\/site\/#website"},"primaryImageOfPage":{"@id":"https:\/\/noticiasmercedinas.com\/site\/2025\/11\/10\/presentaran-en-mercedes-la-guia-para-un-abordaje-integral-de-consumos-problematicos-en-la-provincia\/#primaryimage"},"image":{"@id":"https:\/\/noticiasmercedinas.com\/site\/2025\/11\/10\/presentaran-en-mercedes-la-guia-para-un-abordaje-integral-de-consumos-problematicos-en-la-provincia\/#primaryimage"},"thumbnailUrl":"https:\/\/noticiasmercedinas.com\/site\/wp-content\/uploads\/2025\/11\/IMG_20251110_124828.jpg","datePublished":"2025-11-10T15:54:48+00:00","dateModified":"2025-11-10T21:35:47+00:00","description":"El Intendente Juan Ustarroz y autoridades provinciales liderar\u00e1n\u00a0 el lanzamiento del nuevo instrumento clave para el Sistema de Salud bonaerense. Este jueves estar\u00e1 presente la Subsecretaria de Salud Mental, Julieta Calmels.","breadcrumb":{"@id":"https:\/\/noticiasmercedinas.com\/site\/2025\/11\/10\/presentaran-en-mercedes-la-guia-para-un-abordaje-integral-de-consumos-problematicos-en-la-provincia\/#breadcrumb"},"inLanguage":"es","potentialAction":[{"@type":"ReadAction","target":["https:\/\/noticiasmercedinas.com\/site\/2025\/11\/10\/presentaran-en-mercedes-la-guia-para-un-abordaje-integral-de-consumos-problematicos-en-la-provincia\/"]}]},{"@type":"ImageObject","inLanguage":"es","@id":"https:\/\/noticiasmercedinas.com\/site\/2025\/11\/10\/presentaran-en-mercedes-la-guia-para-un-abordaje-integral-de-consumos-problematicos-en-la-provincia\/#primaryimage","url":"https:\/\/noticiasmercedinas.com\/site\/wp-content\/uploads\/2025\/11\/IMG_20251110_124828.jpg","contentUrl":"https:\/\/noticiasmercedinas.com\/site\/wp-content\/uploads\/2025\/11\/IMG_20251110_124828.jpg","width":385,"height":310},{"@type":"BreadcrumbList","@id":"https:\/\/noticiasmercedinas.com\/site\/2025\/11\/10\/presentaran-en-mercedes-la-guia-para-un-abordaje-integral-de-consumos-problematicos-en-la-provincia\/#breadcrumb","itemListElement":[{"@type":"ListItem","position":1,"name":"Portada","item":"https:\/\/noticiasmercedinas.com\/site\/"},{"@type":"ListItem","position":2,"name":"Presentar\u00e1n en Mercedes la Gu\u00eda para un Abordaje Integral de Consumos Problem\u00e1ticos en la Provincia"}]},{"@type":"WebSite","@id":"https:\/\/noticiasmercedinas.com\/site\/#website","url":"https:\/\/noticiasmercedinas.com\/site\/","name":"NOTICIASMERCEDINAS.COM","description":"Mercedes, Buenos Aires, Argentina","publisher":{"@id":"https:\/\/noticiasmercedinas.com\/site\/#organization"},"potentialAction":[{"@type":"SearchAction","target":{"@type":"EntryPoint","urlTemplate":"https:\/\/noticiasmercedinas.com\/site\/?s={search_term_string}"},"query-input":{"@type":"PropertyValueSpecification","valueRequired":true,"valueName":"search_term_string"}}],"inLanguage":"es"},{"@type":"Organization","@id":"https:\/\/noticiasmercedinas.com\/site\/#organization","name":"NOTICIASMERCEDINAS.COM","url":"https:\/\/noticiasmercedinas.com\/site\/","logo":{"@type":"ImageObject","inLanguage":"es","@id":"https:\/\/noticiasmercedinas.com\/site\/#\/schema\/logo\/image\/","url":"https:\/\/noticiasmercedinas.com\/site\/wp-content\/uploads\/2020\/06\/LOGO-512.jpg","contentUrl":"https:\/\/noticiasmercedinas.com\/site\/wp-content\/uploads\/2020\/06\/LOGO-512.jpg","width":512,"height":512,"caption":"NOTICIASMERCEDINAS.COM"},"image":{"@id":"https:\/\/noticiasmercedinas.com\/site\/#\/schema\/logo\/image\/"},"sameAs":["https:\/\/www.facebook.com\/noticiasmercedinas\/","https:\/\/x.com\/notmercedinas","https:\/\/www.instagram.com\/noticiasmercedinas\/"]},{"@type":"Person","@id":"https:\/\/noticiasmercedinas.com\/site\/#\/schema\/person\/84b59c099c28ff2e8b77d4ceec5d8063","name":"NOTICIASMERCEDINAS.COM","image":{"@type":"ImageObject","inLanguage":"es","@id":"https:\/\/secure.gravatar.com\/avatar\/4dfbf16b4d17945bfb6341b2d19043457132fcf478a5ee04f42e959fd8f5df0a?s=96&d=mm&r=g","url":"https:\/\/secure.gravatar.com\/avatar\/4dfbf16b4d17945bfb6341b2d19043457132fcf478a5ee04f42e959fd8f5df0a?s=96&d=mm&r=g","contentUrl":"https:\/\/secure.gravatar.com\/avatar\/4dfbf16b4d17945bfb6341b2d19043457132fcf478a5ee04f42e959fd8f5df0a?s=96&d=mm&r=g","caption":"NOTICIASMERCEDINAS.COM"},"url":"https:\/\/noticiasmercedinas.com\/site\/author\/anonimo\/"}]}},"amp_enabled":true,"_links":{"self":[{"href":"https:\/\/noticiasmercedinas.com\/site\/wp-json\/wp\/v2\/posts\/173946","targetHints":{"allow":["GET"]}}],"collection":[{"href":"https:\/\/noticiasmercedinas.com\/site\/wp-json\/wp\/v2\/posts"}],"about":[{"href":"https:\/\/noticiasmercedinas.com\/site\/wp-json\/wp\/v2\/types\/post"}],"author":[{"embeddable":true,"href":"https:\/\/noticiasmercedinas.com\/site\/wp-json\/wp\/v2\/users\/16"}],"replies":[{"embeddable":true,"href":"https:\/\/noticiasmercedinas.com\/site\/wp-json\/wp\/v2\/comments?post=173946"}],"version-history":[{"count":6,"href":"https:\/\/noticiasmercedinas.com\/site\/wp-json\/wp\/v2\/posts\/173946\/revisions"}],"predecessor-version":[{"id":173992,"href":"https:\/\/noticiasmercedinas.com\/site\/wp-json\/wp\/v2\/posts\/173946\/revisions\/173992"}],"wp:featuredmedia":[{"embeddable":true,"href":"https:\/\/noticiasmercedinas.com\/site\/wp-json\/wp\/v2\/media\/173949"}],"wp:attachment":[{"href":"https:\/\/noticiasmercedinas.com\/site\/wp-json\/wp\/v2\/media?parent=173946"}],"wp:term":[{"taxonomy":"category","embeddable":true,"href":"https:\/\/noticiasmercedinas.com\/site\/wp-json\/wp\/v2\/categories?post=173946"},{"taxonomy":"post_tag","embeddable":true,"href":"https:\/\/noticiasmercedinas.com\/site\/wp-json\/wp\/v2\/tags?post=173946"}],"curies":[{"name":"wp","href":"https:\/\/api.w.org\/{rel}","templated":true}]}}