{"id":173957,"date":"2025-11-10T14:08:13","date_gmt":"2025-11-10T17:08:13","guid":{"rendered":"https:\/\/noticiasmercedinas.com\/site\/?p=173957"},"modified":"2025-11-10T14:12:47","modified_gmt":"2025-11-10T17:12:47","slug":"estudiantes-gana-la-copa-de-plata-en-al-u-17","status":"publish","type":"post","link":"https:\/\/noticiasmercedinas.com\/site\/2025\/11\/10\/estudiantes-gana-la-copa-de-plata-en-al-u-17\/","title":{"rendered":"Estudiantes gana la Copa de Plata en la U 17"},"content":{"rendered":"<figure id=\"attachment_173958\" aria-describedby=\"caption-attachment-173958\" style=\"width: 640px\" class=\"wp-caption alignnone\"><img loading=\"lazy\" decoding=\"async\" class=\"wp-image-173958 size-full\" src=\"https:\/\/noticiasmercedinas.com\/site\/wp-content\/uploads\/2025\/11\/72ad98d8-267d-4da2-8b99-fde0f5e6eeab.jpeg\" alt=\"\" width=\"640\" height=\"401\" srcset=\"https:\/\/noticiasmercedinas.com\/site\/wp-content\/uploads\/2025\/11\/72ad98d8-267d-4da2-8b99-fde0f5e6eeab.jpeg 640w, https:\/\/noticiasmercedinas.com\/site\/wp-content\/uploads\/2025\/11\/72ad98d8-267d-4da2-8b99-fde0f5e6eeab-300x188.jpeg 300w\" sizes=\"auto, (max-width: 640px) 100vw, 640px\" \/><figcaption id=\"caption-attachment-173958\" class=\"wp-caption-text\">Estudiantes festeja en al U 17.<\/figcaption><\/figure>\n<p>Por la Asociaci\u00f3n Mercedina de B\u00e1squetbol durante el \u00faltimo domingo 9 se jugaron distintas instancias, una de ellas fue el Final Four en Pablo Tamagno del Club Estudiantes por la Copa de Plata de la categor\u00eda U 17. En la primera semifinal Club mercedes venci\u00f3 a Dorrego 53 a 45, meti\u00e9ndose el \u201cBlanquinegro\u201d en la final.<\/p>\n<p>A continuaci\u00f3n, el Club Estudiantes super\u00f3 53 a 45 a Uni\u00f3n Carme\u00f1a. Fue en medio de un cotejo muy parejo que el \u201cPincha\u201d con buenos contra ataques logr\u00f3 quebrar en el final. En el encuentro por el tercer puesto Dorrego de Navarro se impuso a Uni\u00f3n Carme\u00f1a 64 a 57. Quedando para el cierre de la jornada la Copa de Plata.<\/p>\n<p><img loading=\"lazy\" decoding=\"async\" class=\"alignnone size-full wp-image-173959\" src=\"https:\/\/noticiasmercedinas.com\/site\/wp-content\/uploads\/2025\/11\/24b73ae2-e5d9-4b24-8e0f-8e7175ad69ac.jpeg\" alt=\"\" width=\"640\" height=\"480\" srcset=\"https:\/\/noticiasmercedinas.com\/site\/wp-content\/uploads\/2025\/11\/24b73ae2-e5d9-4b24-8e0f-8e7175ad69ac.jpeg 640w, https:\/\/noticiasmercedinas.com\/site\/wp-content\/uploads\/2025\/11\/24b73ae2-e5d9-4b24-8e0f-8e7175ad69ac-300x225.jpeg 300w, https:\/\/noticiasmercedinas.com\/site\/wp-content\/uploads\/2025\/11\/24b73ae2-e5d9-4b24-8e0f-8e7175ad69ac-80x60.jpeg 80w, https:\/\/noticiasmercedinas.com\/site\/wp-content\/uploads\/2025\/11\/24b73ae2-e5d9-4b24-8e0f-8e7175ad69ac-160x120.jpeg 160w, https:\/\/noticiasmercedinas.com\/site\/wp-content\/uploads\/2025\/11\/24b73ae2-e5d9-4b24-8e0f-8e7175ad69ac-100x75.jpeg 100w, https:\/\/noticiasmercedinas.com\/site\/wp-content\/uploads\/2025\/11\/24b73ae2-e5d9-4b24-8e0f-8e7175ad69ac-200x150.jpeg 200w, https:\/\/noticiasmercedinas.com\/site\/wp-content\/uploads\/2025\/11\/24b73ae2-e5d9-4b24-8e0f-8e7175ad69ac-180x135.jpeg 180w, https:\/\/noticiasmercedinas.com\/site\/wp-content\/uploads\/2025\/11\/24b73ae2-e5d9-4b24-8e0f-8e7175ad69ac-360x270.jpeg 360w, https:\/\/noticiasmercedinas.com\/site\/wp-content\/uploads\/2025\/11\/24b73ae2-e5d9-4b24-8e0f-8e7175ad69ac-238x178.jpeg 238w, https:\/\/noticiasmercedinas.com\/site\/wp-content\/uploads\/2025\/11\/24b73ae2-e5d9-4b24-8e0f-8e7175ad69ac-476x356.jpeg 476w\" sizes=\"auto, (max-width: 640px) 100vw, 640px\" \/><\/p>\n<p>En la final, tras un comienzo err\u00e1tico de ambos equipos los de Lucio Landini a trav\u00e9s decisi\u00f3n en el ataque al aro lograron sacar una peque\u00f1a diferencia. El segundo cuarto fue para Club Mercedes, con mejor defensa y juego interno \u00a0que achic\u00f3 la distancia a dos puntos.<\/p>\n<p>En la segunda mitad ninguno se pod\u00eda despegar, hasta llegar los 3 minutos del \u00faltimo cuarto, donde logra la diferencia definitiva Estudiantes por 58 a 54 para coronarse ganador de la Copa Plata.<br \/>\n<iframe loading=\"lazy\" title=\"AMB - Estudiantes gana Copa de Plata.\" width=\"540\" height=\"960\" src=\"https:\/\/www.youtube.com\/embed\/q4nMRR6vCYs?feature=oembed\" frameborder=\"0\" allow=\"accelerometer; autoplay; clipboard-write; encrypted-media; gyroscope; picture-in-picture; web-share\" referrerpolicy=\"strict-origin-when-cross-origin\" allowfullscreen><\/iframe><br \/>\nLos campeones: Arrieta, Ben\u00edtez, M\u00e1rquez, Palacio, Solezi, Vacotti, Landini, S\u00e1nchez, Cortessi, Videla, Palacios, Truzzi, Villalba y Mu\u00f1oz. El pr\u00f3ximo domingo se jugar\u00e1 la Copa de Oro U 15 en cancha de Estudiantes a partir de la hora 10.<\/p>\n<p><strong>Play Off<\/strong><br \/>\nLa Primera masculina por la Copa 150 Aniversario Club Mercedes inici\u00f3 los Play Off al mejor de tres, por un lado en Carmen de Areco lo gan\u00f3 Tempestad 96 a 70 sobre Dorrego de Navarro. Ya en el Pablo Tamagno en la noche de ayer fue victoria de Club Mercedes 73 a 65 ante UNLu. La serie continuar\u00e1 con las revanchas y la posibilidad de un tercer juego.<\/p>\n<p>En lo que hace a los Play Off de Primera Femenina por la Copa 80 Aniversario Asociaci\u00f3n Mercedina de B\u00e1squetbol se jugaron los primeros cruces. En Capit\u00e1n Sarmiento gan\u00f3 San Carlos 61-40 ante Uni\u00f3n Carme\u00f1a y UNLu en Luj\u00e1n se impuso 48-38 sobre Tempestad. Aqu\u00ed tambi\u00e9n jugar\u00e1n al mejor de tres.<\/p>\n<p><strong>Otro Final Four<\/strong><br \/>\nPor la Copa de Oro U 17 se jug\u00f3 la instancia de t\u00edtulo, a primera hora El Tim\u00f3n le gan\u00f3 a Tempestad 68 a 47 y San Carlos super\u00f3 a UNLu 53 a 47. Por el cruce del tercer lugar Tempestad le gan\u00f3 a UNLu 60 a 27 mientras que en la final El Tim\u00f3n (J\u00e1uregui) se consagr\u00f3 campe\u00f3n por 66 a 39 sobre San Carlos de Capit\u00e1n Sarmiento.<\/p>\n","protected":false},"excerpt":{"rendered":"<p>\u25a0 Por la AMB como local se qued\u00f3 con el primer lugar. El Tim\u00f3n se adue\u00f1\u00f3 del Oro en una definici\u00f3n Final Four. Comenzaron los Play Off de Primera masculino y femenino.<\/p>\n","protected":false},"author":6,"featured_media":173958,"comment_status":"closed","ping_status":"closed","sticky":false,"template":"","format":"standard","meta":{"footnotes":""},"categories":[5],"tags":[13909,12868,1091,21244],"class_list":["post-173957","post","type-post","status-publish","format-standard","has-post-thumbnail","hentry","category-deportes","tag-amb","tag-asociacion-mercedina-de-basquetbol","tag-basquet","tag-final-four"],"yoast_head":"<!-- This site is optimized with the Yoast SEO plugin v27.5 - https:\/\/yoast.com\/product\/yoast-seo-wordpress\/ -->\n<title>Estudiantes gana la Copa de Plata en la U 17<\/title>\n<meta name=\"robots\" content=\"index, follow, max-snippet:-1, max-image-preview:large, max-video-preview:-1\" \/>\n<link rel=\"canonical\" href=\"https:\/\/noticiasmercedinas.com\/site\/2025\/11\/10\/estudiantes-gana-la-copa-de-plata-en-al-u-17\/\" \/>\n<meta property=\"og:locale\" content=\"es_ES\" \/>\n<meta property=\"og:type\" content=\"article\" \/>\n<meta property=\"og:title\" content=\"Estudiantes gana la Copa de Plata en la U 17\" \/>\n<meta property=\"og:description\" content=\"\u25a0 Por la AMB como local se qued\u00f3 con el primer lugar. El Tim\u00f3n se adue\u00f1\u00f3 del Oro en una definici\u00f3n Final Four. Comenzaron los Play Off de Primera masculino y femenino.\" \/>\n<meta property=\"og:url\" content=\"https:\/\/noticiasmercedinas.com\/site\/2025\/11\/10\/estudiantes-gana-la-copa-de-plata-en-al-u-17\/\" \/>\n<meta property=\"og:site_name\" content=\"NOTICIASMERCEDINAS.COM\" \/>\n<meta property=\"article:publisher\" content=\"https:\/\/www.facebook.com\/noticiasmercedinas\/\" \/>\n<meta property=\"article:published_time\" content=\"2025-11-10T17:08:13+00:00\" \/>\n<meta property=\"article:modified_time\" content=\"2025-11-10T17:12:47+00:00\" \/>\n<meta property=\"og:image\" content=\"https:\/\/noticiasmercedinas.com\/site\/wp-content\/uploads\/2025\/11\/72ad98d8-267d-4da2-8b99-fde0f5e6eeab.jpeg\" \/>\n\t<meta property=\"og:image:width\" content=\"640\" \/>\n\t<meta property=\"og:image:height\" content=\"401\" \/>\n\t<meta property=\"og:image:type\" content=\"image\/jpeg\" \/>\n<meta name=\"author\" content=\"Juan Dagnino NOTICIASMERCEDINAS.COM\" \/>\n<meta name=\"twitter:card\" content=\"summary_large_image\" \/>\n<meta name=\"twitter:creator\" content=\"@notmercedinas\" \/>\n<meta name=\"twitter:site\" content=\"@notmercedinas\" \/>\n<meta name=\"twitter:label1\" content=\"Escrito por\" \/>\n\t<meta name=\"twitter:data1\" content=\"Juan Dagnino NOTICIASMERCEDINAS.COM\" \/>\n\t<meta name=\"twitter:label2\" content=\"Tiempo de lectura\" \/>\n\t<meta name=\"twitter:data2\" content=\"3 minutos\" \/>\n<script type=\"application\/ld+json\" class=\"yoast-schema-graph\">{\"@context\":\"https:\\\/\\\/schema.org\",\"@graph\":[{\"@type\":\"Article\",\"@id\":\"https:\\\/\\\/noticiasmercedinas.com\\\/site\\\/2025\\\/11\\\/10\\\/estudiantes-gana-la-copa-de-plata-en-al-u-17\\\/#article\",\"isPartOf\":{\"@id\":\"https:\\\/\\\/noticiasmercedinas.com\\\/site\\\/2025\\\/11\\\/10\\\/estudiantes-gana-la-copa-de-plata-en-al-u-17\\\/\"},\"author\":{\"name\":\"Juan Dagnino NOTICIASMERCEDINAS.COM\",\"@id\":\"https:\\\/\\\/noticiasmercedinas.com\\\/site\\\/#\\\/schema\\\/person\\\/8f2f09d666ef40986eba4a5e6f2a06f9\"},\"headline\":\"Estudiantes gana la Copa de Plata en la U 17\",\"datePublished\":\"2025-11-10T17:08:13+00:00\",\"dateModified\":\"2025-11-10T17:12:47+00:00\",\"mainEntityOfPage\":{\"@id\":\"https:\\\/\\\/noticiasmercedinas.com\\\/site\\\/2025\\\/11\\\/10\\\/estudiantes-gana-la-copa-de-plata-en-al-u-17\\\/\"},\"wordCount\":463,\"publisher\":{\"@id\":\"https:\\\/\\\/noticiasmercedinas.com\\\/site\\\/#organization\"},\"image\":{\"@id\":\"https:\\\/\\\/noticiasmercedinas.com\\\/site\\\/2025\\\/11\\\/10\\\/estudiantes-gana-la-copa-de-plata-en-al-u-17\\\/#primaryimage\"},\"thumbnailUrl\":\"https:\\\/\\\/noticiasmercedinas.com\\\/site\\\/wp-content\\\/uploads\\\/2025\\\/11\\\/72ad98d8-267d-4da2-8b99-fde0f5e6eeab.jpeg\",\"keywords\":[\"amb\",\"asociacion mercedina de basquetbol\",\"b\u00e1squet\",\"Final Four\"],\"articleSection\":[\"Deportes\"],\"inLanguage\":\"es\"},{\"@type\":\"WebPage\",\"@id\":\"https:\\\/\\\/noticiasmercedinas.com\\\/site\\\/2025\\\/11\\\/10\\\/estudiantes-gana-la-copa-de-plata-en-al-u-17\\\/\",\"url\":\"https:\\\/\\\/noticiasmercedinas.com\\\/site\\\/2025\\\/11\\\/10\\\/estudiantes-gana-la-copa-de-plata-en-al-u-17\\\/\",\"name\":\"Estudiantes gana la Copa de Plata en la U 17\",\"isPartOf\":{\"@id\":\"https:\\\/\\\/noticiasmercedinas.com\\\/site\\\/#website\"},\"primaryImageOfPage\":{\"@id\":\"https:\\\/\\\/noticiasmercedinas.com\\\/site\\\/2025\\\/11\\\/10\\\/estudiantes-gana-la-copa-de-plata-en-al-u-17\\\/#primaryimage\"},\"image\":{\"@id\":\"https:\\\/\\\/noticiasmercedinas.com\\\/site\\\/2025\\\/11\\\/10\\\/estudiantes-gana-la-copa-de-plata-en-al-u-17\\\/#primaryimage\"},\"thumbnailUrl\":\"https:\\\/\\\/noticiasmercedinas.com\\\/site\\\/wp-content\\\/uploads\\\/2025\\\/11\\\/72ad98d8-267d-4da2-8b99-fde0f5e6eeab.jpeg\",\"datePublished\":\"2025-11-10T17:08:13+00:00\",\"dateModified\":\"2025-11-10T17:12:47+00:00\",\"breadcrumb\":{\"@id\":\"https:\\\/\\\/noticiasmercedinas.com\\\/site\\\/2025\\\/11\\\/10\\\/estudiantes-gana-la-copa-de-plata-en-al-u-17\\\/#breadcrumb\"},\"inLanguage\":\"es\",\"potentialAction\":[{\"@type\":\"ReadAction\",\"target\":[\"https:\\\/\\\/noticiasmercedinas.com\\\/site\\\/2025\\\/11\\\/10\\\/estudiantes-gana-la-copa-de-plata-en-al-u-17\\\/\"]}]},{\"@type\":\"ImageObject\",\"inLanguage\":\"es\",\"@id\":\"https:\\\/\\\/noticiasmercedinas.com\\\/site\\\/2025\\\/11\\\/10\\\/estudiantes-gana-la-copa-de-plata-en-al-u-17\\\/#primaryimage\",\"url\":\"https:\\\/\\\/noticiasmercedinas.com\\\/site\\\/wp-content\\\/uploads\\\/2025\\\/11\\\/72ad98d8-267d-4da2-8b99-fde0f5e6eeab.jpeg\",\"contentUrl\":\"https:\\\/\\\/noticiasmercedinas.com\\\/site\\\/wp-content\\\/uploads\\\/2025\\\/11\\\/72ad98d8-267d-4da2-8b99-fde0f5e6eeab.jpeg\",\"width\":640,\"height\":401},{\"@type\":\"BreadcrumbList\",\"@id\":\"https:\\\/\\\/noticiasmercedinas.com\\\/site\\\/2025\\\/11\\\/10\\\/estudiantes-gana-la-copa-de-plata-en-al-u-17\\\/#breadcrumb\",\"itemListElement\":[{\"@type\":\"ListItem\",\"position\":1,\"name\":\"Portada\",\"item\":\"https:\\\/\\\/noticiasmercedinas.com\\\/site\\\/\"},{\"@type\":\"ListItem\",\"position\":2,\"name\":\"Estudiantes gana la Copa de Plata en la U 17\"}]},{\"@type\":\"WebSite\",\"@id\":\"https:\\\/\\\/noticiasmercedinas.com\\\/site\\\/#website\",\"url\":\"https:\\\/\\\/noticiasmercedinas.com\\\/site\\\/\",\"name\":\"NOTICIASMERCEDINAS.COM\",\"description\":\"Mercedes, Buenos Aires, Argentina\",\"publisher\":{\"@id\":\"https:\\\/\\\/noticiasmercedinas.com\\\/site\\\/#organization\"},\"potentialAction\":[{\"@type\":\"SearchAction\",\"target\":{\"@type\":\"EntryPoint\",\"urlTemplate\":\"https:\\\/\\\/noticiasmercedinas.com\\\/site\\\/?s={search_term_string}\"},\"query-input\":{\"@type\":\"PropertyValueSpecification\",\"valueRequired\":true,\"valueName\":\"search_term_string\"}}],\"inLanguage\":\"es\"},{\"@type\":\"Organization\",\"@id\":\"https:\\\/\\\/noticiasmercedinas.com\\\/site\\\/#organization\",\"name\":\"NOTICIASMERCEDINAS.COM\",\"url\":\"https:\\\/\\\/noticiasmercedinas.com\\\/site\\\/\",\"logo\":{\"@type\":\"ImageObject\",\"inLanguage\":\"es\",\"@id\":\"https:\\\/\\\/noticiasmercedinas.com\\\/site\\\/#\\\/schema\\\/logo\\\/image\\\/\",\"url\":\"https:\\\/\\\/noticiasmercedinas.com\\\/site\\\/wp-content\\\/uploads\\\/2020\\\/06\\\/LOGO-512.jpg\",\"contentUrl\":\"https:\\\/\\\/noticiasmercedinas.com\\\/site\\\/wp-content\\\/uploads\\\/2020\\\/06\\\/LOGO-512.jpg\",\"width\":512,\"height\":512,\"caption\":\"NOTICIASMERCEDINAS.COM\"},\"image\":{\"@id\":\"https:\\\/\\\/noticiasmercedinas.com\\\/site\\\/#\\\/schema\\\/logo\\\/image\\\/\"},\"sameAs\":[\"https:\\\/\\\/www.facebook.com\\\/noticiasmercedinas\\\/\",\"https:\\\/\\\/x.com\\\/notmercedinas\",\"https:\\\/\\\/www.instagram.com\\\/noticiasmercedinas\\\/\"]},{\"@type\":\"Person\",\"@id\":\"https:\\\/\\\/noticiasmercedinas.com\\\/site\\\/#\\\/schema\\\/person\\\/8f2f09d666ef40986eba4a5e6f2a06f9\",\"name\":\"Juan Dagnino NOTICIASMERCEDINAS.COM\",\"image\":{\"@type\":\"ImageObject\",\"inLanguage\":\"es\",\"@id\":\"https:\\\/\\\/secure.gravatar.com\\\/avatar\\\/fc7059a769f5a3cae65fadb228a3e4accf3a64b4b2305020d0a27e6d5333c91b?s=96&d=mm&r=g\",\"url\":\"https:\\\/\\\/secure.gravatar.com\\\/avatar\\\/fc7059a769f5a3cae65fadb228a3e4accf3a64b4b2305020d0a27e6d5333c91b?s=96&d=mm&r=g\",\"contentUrl\":\"https:\\\/\\\/secure.gravatar.com\\\/avatar\\\/fc7059a769f5a3cae65fadb228a3e4accf3a64b4b2305020d0a27e6d5333c91b?s=96&d=mm&r=g\",\"caption\":\"Juan Dagnino NOTICIASMERCEDINAS.COM\"},\"url\":\"https:\\\/\\\/noticiasmercedinas.com\\\/site\\\/author\\\/juandagnino\\\/\"}]}<\/script>\n<!-- \/ Yoast SEO plugin. -->","yoast_head_json":{"title":"Estudiantes gana la Copa de Plata en la U 17","robots":{"index":"index","follow":"follow","max-snippet":"max-snippet:-1","max-image-preview":"max-image-preview:large","max-video-preview":"max-video-preview:-1"},"canonical":"https:\/\/noticiasmercedinas.com\/site\/2025\/11\/10\/estudiantes-gana-la-copa-de-plata-en-al-u-17\/","og_locale":"es_ES","og_type":"article","og_title":"Estudiantes gana la Copa de Plata en la U 17","og_description":"\u25a0 Por la AMB como local se qued\u00f3 con el primer lugar. El Tim\u00f3n se adue\u00f1\u00f3 del Oro en una definici\u00f3n Final Four. Comenzaron los Play Off de Primera masculino y femenino.","og_url":"https:\/\/noticiasmercedinas.com\/site\/2025\/11\/10\/estudiantes-gana-la-copa-de-plata-en-al-u-17\/","og_site_name":"NOTICIASMERCEDINAS.COM","article_publisher":"https:\/\/www.facebook.com\/noticiasmercedinas\/","article_published_time":"2025-11-10T17:08:13+00:00","article_modified_time":"2025-11-10T17:12:47+00:00","og_image":[{"width":640,"height":401,"url":"https:\/\/noticiasmercedinas.com\/site\/wp-content\/uploads\/2025\/11\/72ad98d8-267d-4da2-8b99-fde0f5e6eeab.jpeg","type":"image\/jpeg"}],"author":"Juan Dagnino NOTICIASMERCEDINAS.COM","twitter_card":"summary_large_image","twitter_creator":"@notmercedinas","twitter_site":"@notmercedinas","twitter_misc":{"Escrito por":"Juan Dagnino NOTICIASMERCEDINAS.COM","Tiempo de lectura":"3 minutos"},"schema":{"@context":"https:\/\/schema.org","@graph":[{"@type":"Article","@id":"https:\/\/noticiasmercedinas.com\/site\/2025\/11\/10\/estudiantes-gana-la-copa-de-plata-en-al-u-17\/#article","isPartOf":{"@id":"https:\/\/noticiasmercedinas.com\/site\/2025\/11\/10\/estudiantes-gana-la-copa-de-plata-en-al-u-17\/"},"author":{"name":"Juan Dagnino NOTICIASMERCEDINAS.COM","@id":"https:\/\/noticiasmercedinas.com\/site\/#\/schema\/person\/8f2f09d666ef40986eba4a5e6f2a06f9"},"headline":"Estudiantes gana la Copa de Plata en la U 17","datePublished":"2025-11-10T17:08:13+00:00","dateModified":"2025-11-10T17:12:47+00:00","mainEntityOfPage":{"@id":"https:\/\/noticiasmercedinas.com\/site\/2025\/11\/10\/estudiantes-gana-la-copa-de-plata-en-al-u-17\/"},"wordCount":463,"publisher":{"@id":"https:\/\/noticiasmercedinas.com\/site\/#organization"},"image":{"@id":"https:\/\/noticiasmercedinas.com\/site\/2025\/11\/10\/estudiantes-gana-la-copa-de-plata-en-al-u-17\/#primaryimage"},"thumbnailUrl":"https:\/\/noticiasmercedinas.com\/site\/wp-content\/uploads\/2025\/11\/72ad98d8-267d-4da2-8b99-fde0f5e6eeab.jpeg","keywords":["amb","asociacion mercedina de basquetbol","b\u00e1squet","Final Four"],"articleSection":["Deportes"],"inLanguage":"es"},{"@type":"WebPage","@id":"https:\/\/noticiasmercedinas.com\/site\/2025\/11\/10\/estudiantes-gana-la-copa-de-plata-en-al-u-17\/","url":"https:\/\/noticiasmercedinas.com\/site\/2025\/11\/10\/estudiantes-gana-la-copa-de-plata-en-al-u-17\/","name":"Estudiantes gana la Copa de Plata en la U 17","isPartOf":{"@id":"https:\/\/noticiasmercedinas.com\/site\/#website"},"primaryImageOfPage":{"@id":"https:\/\/noticiasmercedinas.com\/site\/2025\/11\/10\/estudiantes-gana-la-copa-de-plata-en-al-u-17\/#primaryimage"},"image":{"@id":"https:\/\/noticiasmercedinas.com\/site\/2025\/11\/10\/estudiantes-gana-la-copa-de-plata-en-al-u-17\/#primaryimage"},"thumbnailUrl":"https:\/\/noticiasmercedinas.com\/site\/wp-content\/uploads\/2025\/11\/72ad98d8-267d-4da2-8b99-fde0f5e6eeab.jpeg","datePublished":"2025-11-10T17:08:13+00:00","dateModified":"2025-11-10T17:12:47+00:00","breadcrumb":{"@id":"https:\/\/noticiasmercedinas.com\/site\/2025\/11\/10\/estudiantes-gana-la-copa-de-plata-en-al-u-17\/#breadcrumb"},"inLanguage":"es","potentialAction":[{"@type":"ReadAction","target":["https:\/\/noticiasmercedinas.com\/site\/2025\/11\/10\/estudiantes-gana-la-copa-de-plata-en-al-u-17\/"]}]},{"@type":"ImageObject","inLanguage":"es","@id":"https:\/\/noticiasmercedinas.com\/site\/2025\/11\/10\/estudiantes-gana-la-copa-de-plata-en-al-u-17\/#primaryimage","url":"https:\/\/noticiasmercedinas.com\/site\/wp-content\/uploads\/2025\/11\/72ad98d8-267d-4da2-8b99-fde0f5e6eeab.jpeg","contentUrl":"https:\/\/noticiasmercedinas.com\/site\/wp-content\/uploads\/2025\/11\/72ad98d8-267d-4da2-8b99-fde0f5e6eeab.jpeg","width":640,"height":401},{"@type":"BreadcrumbList","@id":"https:\/\/noticiasmercedinas.com\/site\/2025\/11\/10\/estudiantes-gana-la-copa-de-plata-en-al-u-17\/#breadcrumb","itemListElement":[{"@type":"ListItem","position":1,"name":"Portada","item":"https:\/\/noticiasmercedinas.com\/site\/"},{"@type":"ListItem","position":2,"name":"Estudiantes gana la Copa de Plata en la U 17"}]},{"@type":"WebSite","@id":"https:\/\/noticiasmercedinas.com\/site\/#website","url":"https:\/\/noticiasmercedinas.com\/site\/","name":"NOTICIASMERCEDINAS.COM","description":"Mercedes, Buenos Aires, Argentina","publisher":{"@id":"https:\/\/noticiasmercedinas.com\/site\/#organization"},"potentialAction":[{"@type":"SearchAction","target":{"@type":"EntryPoint","urlTemplate":"https:\/\/noticiasmercedinas.com\/site\/?s={search_term_string}"},"query-input":{"@type":"PropertyValueSpecification","valueRequired":true,"valueName":"search_term_string"}}],"inLanguage":"es"},{"@type":"Organization","@id":"https:\/\/noticiasmercedinas.com\/site\/#organization","name":"NOTICIASMERCEDINAS.COM","url":"https:\/\/noticiasmercedinas.com\/site\/","logo":{"@type":"ImageObject","inLanguage":"es","@id":"https:\/\/noticiasmercedinas.com\/site\/#\/schema\/logo\/image\/","url":"https:\/\/noticiasmercedinas.com\/site\/wp-content\/uploads\/2020\/06\/LOGO-512.jpg","contentUrl":"https:\/\/noticiasmercedinas.com\/site\/wp-content\/uploads\/2020\/06\/LOGO-512.jpg","width":512,"height":512,"caption":"NOTICIASMERCEDINAS.COM"},"image":{"@id":"https:\/\/noticiasmercedinas.com\/site\/#\/schema\/logo\/image\/"},"sameAs":["https:\/\/www.facebook.com\/noticiasmercedinas\/","https:\/\/x.com\/notmercedinas","https:\/\/www.instagram.com\/noticiasmercedinas\/"]},{"@type":"Person","@id":"https:\/\/noticiasmercedinas.com\/site\/#\/schema\/person\/8f2f09d666ef40986eba4a5e6f2a06f9","name":"Juan Dagnino NOTICIASMERCEDINAS.COM","image":{"@type":"ImageObject","inLanguage":"es","@id":"https:\/\/secure.gravatar.com\/avatar\/fc7059a769f5a3cae65fadb228a3e4accf3a64b4b2305020d0a27e6d5333c91b?s=96&d=mm&r=g","url":"https:\/\/secure.gravatar.com\/avatar\/fc7059a769f5a3cae65fadb228a3e4accf3a64b4b2305020d0a27e6d5333c91b?s=96&d=mm&r=g","contentUrl":"https:\/\/secure.gravatar.com\/avatar\/fc7059a769f5a3cae65fadb228a3e4accf3a64b4b2305020d0a27e6d5333c91b?s=96&d=mm&r=g","caption":"Juan Dagnino NOTICIASMERCEDINAS.COM"},"url":"https:\/\/noticiasmercedinas.com\/site\/author\/juandagnino\/"}]}},"amp_enabled":true,"_links":{"self":[{"href":"https:\/\/noticiasmercedinas.com\/site\/wp-json\/wp\/v2\/posts\/173957","targetHints":{"allow":["GET"]}}],"collection":[{"href":"https:\/\/noticiasmercedinas.com\/site\/wp-json\/wp\/v2\/posts"}],"about":[{"href":"https:\/\/noticiasmercedinas.com\/site\/wp-json\/wp\/v2\/types\/post"}],"author":[{"embeddable":true,"href":"https:\/\/noticiasmercedinas.com\/site\/wp-json\/wp\/v2\/users\/6"}],"replies":[{"embeddable":true,"href":"https:\/\/noticiasmercedinas.com\/site\/wp-json\/wp\/v2\/comments?post=173957"}],"version-history":[{"count":3,"href":"https:\/\/noticiasmercedinas.com\/site\/wp-json\/wp\/v2\/posts\/173957\/revisions"}],"predecessor-version":[{"id":173962,"href":"https:\/\/noticiasmercedinas.com\/site\/wp-json\/wp\/v2\/posts\/173957\/revisions\/173962"}],"wp:featuredmedia":[{"embeddable":true,"href":"https:\/\/noticiasmercedinas.com\/site\/wp-json\/wp\/v2\/media\/173958"}],"wp:attachment":[{"href":"https:\/\/noticiasmercedinas.com\/site\/wp-json\/wp\/v2\/media?parent=173957"}],"wp:term":[{"taxonomy":"category","embeddable":true,"href":"https:\/\/noticiasmercedinas.com\/site\/wp-json\/wp\/v2\/categories?post=173957"},{"taxonomy":"post_tag","embeddable":true,"href":"https:\/\/noticiasmercedinas.com\/site\/wp-json\/wp\/v2\/tags?post=173957"}],"curies":[{"name":"wp","href":"https:\/\/api.w.org\/{rel}","templated":true}]}}