{"id":17418,"date":"2019-04-25T08:59:21","date_gmt":"2019-04-25T11:59:21","guid":{"rendered":"https:\/\/noticiasmercedinas.com\/site\/?p=17418"},"modified":"2019-04-25T09:43:00","modified_gmt":"2019-04-25T12:43:00","slug":"fm-accion-cumplio-15-anos-la-radio-me-da-todo-dice-gustavo-mosquera","status":"publish","type":"post","link":"https:\/\/noticiasmercedinas.com\/site\/2019\/04\/25\/fm-accion-cumplio-15-anos-la-radio-me-da-todo-dice-gustavo-mosquera\/","title":{"rendered":"FM Acci\u00f3n cumpli\u00f3 15 a\u00f1os: \u201cLa radio me da todo\u201d, dice Gustavo Mosquera"},"content":{"rendered":"<p><img loading=\"lazy\" decoding=\"async\" class=\"alignnone size-full wp-image-17431\" src=\"https:\/\/noticiasmercedinas.com\/site\/wp-content\/uploads\/2019\/04\/gustavo_mosquera.jpg\" alt=\"\" width=\"640\" height=\"420\" srcset=\"https:\/\/noticiasmercedinas.com\/site\/wp-content\/uploads\/2019\/04\/gustavo_mosquera.jpg 640w, https:\/\/noticiasmercedinas.com\/site\/wp-content\/uploads\/2019\/04\/gustavo_mosquera-300x197.jpg 300w\" sizes=\"auto, (max-width: 640px) 100vw, 640px\" \/><\/p>\n<audio class=\"wp-audio-shortcode\" id=\"audio-17418-1\" preload=\"none\" style=\"width: 100%;\" controls=\"controls\"><source type=\"audio\/mpeg\" src=\"https:\/\/noticiasmercedinas.com\/site\/wp-content\/uploads\/2019\/04\/gustavo_mosquera.mp3?_=1\" \/><a href=\"https:\/\/noticiasmercedinas.com\/site\/wp-content\/uploads\/2019\/04\/gustavo_mosquera.mp3\">https:\/\/noticiasmercedinas.com\/site\/wp-content\/uploads\/2019\/04\/gustavo_mosquera.mp3<\/a><\/audio>\n<p>Este mi\u00e9rcoles 24 de abril FM Acci\u00f3n 91.7 cumpli\u00f3 15 a\u00f1os de vida y su impulsor y creador, <strong>Gustavo Mosquera<\/strong>, agradeci\u00f3 a todos los que lo acompa\u00f1aron en estos 15 a\u00f1os d\u00eda a d\u00eda, sobre todo a su familia, auspiciantes y oyentes que lo siguen constantemente.<\/p>\n<p>En este contexto y para celebrar, se supo adem\u00e1s que la organizaci\u00f3n de las Jornadas Argentinas de Radiodifusi\u00f3n Profesional, Actualizaci\u00f3n Tecnol\u00f3gica y Capacitaci\u00f3n JARPATeC 2019, ha decidido galardonar a Mosquera y a su emisora FM Acci\u00f3n 91.7 por la labor desarrollada. Por ello del 2 al 4 de agosto en el sal\u00f3n de convenciones del Hotel \u201cHoward Johnson Plaza\u201d de Villa Carlos Paz, C\u00f3rdoba, recibir\u00e1 su reconocimiento.<\/p>\n<p>Mosquera arranc\u00f3 con la cumbia de chiquito. Ya a los 6 a\u00f1os manejaba consolas, heredando de su padre su labor. En este sentido recuerda que, proveniente de Buenos Aires, lleg\u00f3 a la ciudad de Mercedes y nadie le quer\u00eda dar trabajo porque no era de la ciudad. Pero de tanto golpear puertas ofreci\u00e9ndose como operador consigui\u00f3 el aval de Marcelo Far\u00edas, de FM M\u00e1gica. \u201cA Marcelo siempre le estoy muy agradecido. El fue el que me dio laburo y arranqu\u00e9 como operador. Despu\u00e9s me largu\u00e9 haciendo el programa que en junio cumple 23 a\u00f1os. Ese programa es el que me ha dado todo y se escucha, gracias a Dios que tambi\u00e9n me dio todo y me sigue dando todo\u201d, explica.<\/p>\n<p>Hoy, con un premio inminente por recibir y 15 a\u00f1os de radio, Mosquera cuenta con la humildad que lo caracteriza: \u201cTengo que ir a C\u00f3rdoba a buscar un premio en agosto. Es lindo que te valoren lo que hac\u00e9s\u201d.<\/p>\n<p>Lo cierto es que, como cuenta, la radio nace a trav\u00e9s de su programa de radio \u201cParte de tu acci\u00f3n\u201d: \u201cSiempre mi sue\u00f1o fue tener una radio, mi propia radio, y de a poquito ahorrando y compr\u00e1ndome los equipos lo pude lograr. No me olvido nunca el d\u00eda ese que la arm\u00e9 y me fui hasta Gowland y le dije a un hombre \u2018disc\u00falpeme, no me permite poner la sinton\u00eda para ver si llega mi radio\u2019, y ese hombre precisamente ayer me llam\u00f3, incre\u00edble, despu\u00e9s de 15 a\u00f1os, y me lo record\u00f3. En un Renault 12 me hizo escuchar la radio y ah\u00ed estaba saliendo y llegaba a Gowland. Para m\u00ed escucharla fue un sue\u00f1o cumplido, ah\u00ed naci\u00f3 FM Acci\u00f3n\u201d.<\/p>\n<p>Mosquera como muchos en los medios est\u00e1 transitando \u201cuna \u00e9poca dif\u00edcil\u201d: \u201cTodo es caro y cuesta, y de a poquito uno va tratando de crecer, progresar e ir mejorando en lo que es calidad de audio y equipamientos, para la gente, para que te escuchen y tengan mejor fidelidad en audio\u201d, dice.<\/p>\n<p>Adem\u00e1s indica a pedido de NOTICIASMERCEDINAS.COM que pudo descubrir de la radio su \u201cmagia\u201d: \u201cLa magia est\u00e1 en el contacto con la gente, que la gente participe y cuente sus problemas, conf\u00eda en uno. Eso es lindo: el saludo de la gente, que se acuerdan de tu cumplea\u00f1os, el cumplea\u00f1os de la radio, de tu programa, el reconocimiento. El d\u00eda a d\u00eda, que te inviten a comer un asado o a tomar un caf\u00e9. La magia que tiene la radio es espectacular\u201d, dice.<\/p>\n<p>Mosquera brega por tratar de \u201cmejorar siempre un poco m\u00e1s\u201d para poder seguir en carrera. \u201cHoy esto me da de comer, yo vivo de la radio, y es lindo vivir de lo que a uno le gusta. Para m\u00ed es maravilloso poder trabajar y vivir de lo que a m\u00ed me gusta: la radio me da todo\u201d, sintetiza.<\/p>\n<p>Vale decir que FM Acci\u00f3n transmite las 24 horas con m\u00fasica tropical. Y sus estudios est\u00e1n ubicados en calle 23 n\u00famero 802 de esta ciudad.<\/p>\n","protected":false},"excerpt":{"rendered":"<p>Este mi\u00e9rcoles 24 de abril FM Acci\u00f3n 91.7 cumpli\u00f3 15 a\u00f1os de vida y su impulsor y creador, Gustavo Mosquera, agradeci\u00f3 a todos los que lo acompa\u00f1aron en estos 15 a\u00f1os d\u00eda a d\u00eda, sobre todo a su familia, auspiciantes y oyentes que lo siguen constantemente. En este contexto y para celebrar, se supo adem\u00e1s [&hellip;]<\/p>\n","protected":false},"author":2,"featured_media":17431,"comment_status":"open","ping_status":"open","sticky":false,"template":"","format":"standard","meta":{"footnotes":""},"categories":[4210],"tags":[1555,4533,4532,25,23,4535,4534,554],"class_list":["post-17418","post","type-post","status-publish","format-standard","has-post-thumbnail","hentry","category-medios","tag-cumbia","tag-fm-accion","tag-gustavo-mosquera","tag-medios","tag-mercedes","tag-musica-tropical","tag-parte-de-tu-accion","tag-radio"],"yoast_head":"<!-- This site is optimized with the Yoast SEO plugin v27.4 - https:\/\/yoast.com\/product\/yoast-seo-wordpress\/ -->\n<title>FM Acci\u00f3n cumpli\u00f3 15 a\u00f1os: \u201cLa radio me da todo\u201d, dice Gustavo Mosquera<\/title>\n<meta name=\"robots\" content=\"index, follow, max-snippet:-1, max-image-preview:large, max-video-preview:-1\" \/>\n<link rel=\"canonical\" href=\"https:\/\/noticiasmercedinas.com\/site\/2019\/04\/25\/fm-accion-cumplio-15-anos-la-radio-me-da-todo-dice-gustavo-mosquera\/\" \/>\n<meta property=\"og:locale\" content=\"es_ES\" \/>\n<meta property=\"og:type\" content=\"article\" \/>\n<meta property=\"og:title\" content=\"FM Acci\u00f3n cumpli\u00f3 15 a\u00f1os: \u201cLa radio me da todo\u201d, dice Gustavo Mosquera\" \/>\n<meta property=\"og:description\" content=\"Este mi\u00e9rcoles 24 de abril FM Acci\u00f3n 91.7 cumpli\u00f3 15 a\u00f1os de vida y su impulsor y creador, Gustavo Mosquera, agradeci\u00f3 a todos los que lo acompa\u00f1aron en estos 15 a\u00f1os d\u00eda a d\u00eda, sobre todo a su familia, auspiciantes y oyentes que lo siguen constantemente. En este contexto y para celebrar, se supo adem\u00e1s [&hellip;]\" \/>\n<meta property=\"og:url\" content=\"https:\/\/noticiasmercedinas.com\/site\/2019\/04\/25\/fm-accion-cumplio-15-anos-la-radio-me-da-todo-dice-gustavo-mosquera\/\" \/>\n<meta property=\"og:site_name\" content=\"NOTICIASMERCEDINAS.COM\" \/>\n<meta property=\"article:publisher\" content=\"https:\/\/www.facebook.com\/noticiasmercedinas\/\" \/>\n<meta property=\"article:author\" content=\"https:\/\/www.facebook.com\/cristian.falabella\" \/>\n<meta property=\"article:published_time\" content=\"2019-04-25T11:59:21+00:00\" \/>\n<meta property=\"article:modified_time\" content=\"2019-04-25T12:43:00+00:00\" \/>\n<meta property=\"og:image\" content=\"https:\/\/noticiasmercedinas.com\/site\/wp-content\/uploads\/2019\/04\/gustavo_mosquera.jpg\" \/>\n\t<meta property=\"og:image:width\" content=\"640\" \/>\n\t<meta property=\"og:image:height\" content=\"420\" \/>\n\t<meta property=\"og:image:type\" content=\"image\/jpeg\" \/>\n<meta name=\"author\" content=\"Cristian Falabella NOTICIASMERCEDINAS.COM\" \/>\n<meta name=\"twitter:card\" content=\"summary_large_image\" \/>\n<meta name=\"twitter:creator\" content=\"@https:\/\/twitter.com\/NOTMERCEDINAS\" \/>\n<meta name=\"twitter:site\" content=\"@notmercedinas\" \/>\n<meta name=\"twitter:label1\" content=\"Escrito por\" \/>\n\t<meta name=\"twitter:data1\" content=\"Cristian Falabella NOTICIASMERCEDINAS.COM\" \/>\n\t<meta name=\"twitter:label2\" content=\"Tiempo de lectura\" \/>\n\t<meta name=\"twitter:data2\" content=\"3 minutos\" \/>\n<script type=\"application\/ld+json\" class=\"yoast-schema-graph\">{\"@context\":\"https:\\\/\\\/schema.org\",\"@graph\":[{\"@type\":\"Article\",\"@id\":\"https:\\\/\\\/noticiasmercedinas.com\\\/site\\\/2019\\\/04\\\/25\\\/fm-accion-cumplio-15-anos-la-radio-me-da-todo-dice-gustavo-mosquera\\\/#article\",\"isPartOf\":{\"@id\":\"https:\\\/\\\/noticiasmercedinas.com\\\/site\\\/2019\\\/04\\\/25\\\/fm-accion-cumplio-15-anos-la-radio-me-da-todo-dice-gustavo-mosquera\\\/\"},\"author\":{\"name\":\"Cristian Falabella NOTICIASMERCEDINAS.COM\",\"@id\":\"https:\\\/\\\/noticiasmercedinas.com\\\/site\\\/#\\\/schema\\\/person\\\/d481a9696a5feaec13a60e2bbd991a6a\"},\"headline\":\"FM Acci\u00f3n cumpli\u00f3 15 a\u00f1os: \u201cLa radio me da todo\u201d, dice Gustavo Mosquera\",\"datePublished\":\"2019-04-25T11:59:21+00:00\",\"dateModified\":\"2019-04-25T12:43:00+00:00\",\"mainEntityOfPage\":{\"@id\":\"https:\\\/\\\/noticiasmercedinas.com\\\/site\\\/2019\\\/04\\\/25\\\/fm-accion-cumplio-15-anos-la-radio-me-da-todo-dice-gustavo-mosquera\\\/\"},\"wordCount\":672,\"commentCount\":0,\"publisher\":{\"@id\":\"https:\\\/\\\/noticiasmercedinas.com\\\/site\\\/#organization\"},\"image\":{\"@id\":\"https:\\\/\\\/noticiasmercedinas.com\\\/site\\\/2019\\\/04\\\/25\\\/fm-accion-cumplio-15-anos-la-radio-me-da-todo-dice-gustavo-mosquera\\\/#primaryimage\"},\"thumbnailUrl\":\"https:\\\/\\\/noticiasmercedinas.com\\\/site\\\/wp-content\\\/uploads\\\/2019\\\/04\\\/gustavo_mosquera.jpg\",\"keywords\":[\"cumbia\",\"fm accion\",\"gustavo mosquera\",\"medios\",\"mercedes\",\"musica tropical\",\"parte de tu accion\",\"radio\"],\"articleSection\":[\"Medios\"],\"inLanguage\":\"es\",\"potentialAction\":[{\"@type\":\"CommentAction\",\"name\":\"Comment\",\"target\":[\"https:\\\/\\\/noticiasmercedinas.com\\\/site\\\/2019\\\/04\\\/25\\\/fm-accion-cumplio-15-anos-la-radio-me-da-todo-dice-gustavo-mosquera\\\/#respond\"]}]},{\"@type\":\"WebPage\",\"@id\":\"https:\\\/\\\/noticiasmercedinas.com\\\/site\\\/2019\\\/04\\\/25\\\/fm-accion-cumplio-15-anos-la-radio-me-da-todo-dice-gustavo-mosquera\\\/\",\"url\":\"https:\\\/\\\/noticiasmercedinas.com\\\/site\\\/2019\\\/04\\\/25\\\/fm-accion-cumplio-15-anos-la-radio-me-da-todo-dice-gustavo-mosquera\\\/\",\"name\":\"FM Acci\u00f3n cumpli\u00f3 15 a\u00f1os: \u201cLa radio me da todo\u201d, dice Gustavo Mosquera\",\"isPartOf\":{\"@id\":\"https:\\\/\\\/noticiasmercedinas.com\\\/site\\\/#website\"},\"primaryImageOfPage\":{\"@id\":\"https:\\\/\\\/noticiasmercedinas.com\\\/site\\\/2019\\\/04\\\/25\\\/fm-accion-cumplio-15-anos-la-radio-me-da-todo-dice-gustavo-mosquera\\\/#primaryimage\"},\"image\":{\"@id\":\"https:\\\/\\\/noticiasmercedinas.com\\\/site\\\/2019\\\/04\\\/25\\\/fm-accion-cumplio-15-anos-la-radio-me-da-todo-dice-gustavo-mosquera\\\/#primaryimage\"},\"thumbnailUrl\":\"https:\\\/\\\/noticiasmercedinas.com\\\/site\\\/wp-content\\\/uploads\\\/2019\\\/04\\\/gustavo_mosquera.jpg\",\"datePublished\":\"2019-04-25T11:59:21+00:00\",\"dateModified\":\"2019-04-25T12:43:00+00:00\",\"breadcrumb\":{\"@id\":\"https:\\\/\\\/noticiasmercedinas.com\\\/site\\\/2019\\\/04\\\/25\\\/fm-accion-cumplio-15-anos-la-radio-me-da-todo-dice-gustavo-mosquera\\\/#breadcrumb\"},\"inLanguage\":\"es\",\"potentialAction\":[{\"@type\":\"ReadAction\",\"target\":[\"https:\\\/\\\/noticiasmercedinas.com\\\/site\\\/2019\\\/04\\\/25\\\/fm-accion-cumplio-15-anos-la-radio-me-da-todo-dice-gustavo-mosquera\\\/\"]}]},{\"@type\":\"ImageObject\",\"inLanguage\":\"es\",\"@id\":\"https:\\\/\\\/noticiasmercedinas.com\\\/site\\\/2019\\\/04\\\/25\\\/fm-accion-cumplio-15-anos-la-radio-me-da-todo-dice-gustavo-mosquera\\\/#primaryimage\",\"url\":\"https:\\\/\\\/noticiasmercedinas.com\\\/site\\\/wp-content\\\/uploads\\\/2019\\\/04\\\/gustavo_mosquera.jpg\",\"contentUrl\":\"https:\\\/\\\/noticiasmercedinas.com\\\/site\\\/wp-content\\\/uploads\\\/2019\\\/04\\\/gustavo_mosquera.jpg\",\"width\":640,\"height\":420},{\"@type\":\"BreadcrumbList\",\"@id\":\"https:\\\/\\\/noticiasmercedinas.com\\\/site\\\/2019\\\/04\\\/25\\\/fm-accion-cumplio-15-anos-la-radio-me-da-todo-dice-gustavo-mosquera\\\/#breadcrumb\",\"itemListElement\":[{\"@type\":\"ListItem\",\"position\":1,\"name\":\"Portada\",\"item\":\"https:\\\/\\\/noticiasmercedinas.com\\\/site\\\/\"},{\"@type\":\"ListItem\",\"position\":2,\"name\":\"FM Acci\u00f3n cumpli\u00f3 15 a\u00f1os: \u201cLa radio me da todo\u201d, dice Gustavo Mosquera\"}]},{\"@type\":\"WebSite\",\"@id\":\"https:\\\/\\\/noticiasmercedinas.com\\\/site\\\/#website\",\"url\":\"https:\\\/\\\/noticiasmercedinas.com\\\/site\\\/\",\"name\":\"NOTICIASMERCEDINAS.COM\",\"description\":\"Mercedes, Buenos Aires, Argentina\",\"publisher\":{\"@id\":\"https:\\\/\\\/noticiasmercedinas.com\\\/site\\\/#organization\"},\"potentialAction\":[{\"@type\":\"SearchAction\",\"target\":{\"@type\":\"EntryPoint\",\"urlTemplate\":\"https:\\\/\\\/noticiasmercedinas.com\\\/site\\\/?s={search_term_string}\"},\"query-input\":{\"@type\":\"PropertyValueSpecification\",\"valueRequired\":true,\"valueName\":\"search_term_string\"}}],\"inLanguage\":\"es\"},{\"@type\":\"Organization\",\"@id\":\"https:\\\/\\\/noticiasmercedinas.com\\\/site\\\/#organization\",\"name\":\"NOTICIASMERCEDINAS.COM\",\"url\":\"https:\\\/\\\/noticiasmercedinas.com\\\/site\\\/\",\"logo\":{\"@type\":\"ImageObject\",\"inLanguage\":\"es\",\"@id\":\"https:\\\/\\\/noticiasmercedinas.com\\\/site\\\/#\\\/schema\\\/logo\\\/image\\\/\",\"url\":\"https:\\\/\\\/noticiasmercedinas.com\\\/site\\\/wp-content\\\/uploads\\\/2020\\\/06\\\/LOGO-512.jpg\",\"contentUrl\":\"https:\\\/\\\/noticiasmercedinas.com\\\/site\\\/wp-content\\\/uploads\\\/2020\\\/06\\\/LOGO-512.jpg\",\"width\":512,\"height\":512,\"caption\":\"NOTICIASMERCEDINAS.COM\"},\"image\":{\"@id\":\"https:\\\/\\\/noticiasmercedinas.com\\\/site\\\/#\\\/schema\\\/logo\\\/image\\\/\"},\"sameAs\":[\"https:\\\/\\\/www.facebook.com\\\/noticiasmercedinas\\\/\",\"https:\\\/\\\/x.com\\\/notmercedinas\",\"https:\\\/\\\/www.instagram.com\\\/noticiasmercedinas\\\/\"]},{\"@type\":\"Person\",\"@id\":\"https:\\\/\\\/noticiasmercedinas.com\\\/site\\\/#\\\/schema\\\/person\\\/d481a9696a5feaec13a60e2bbd991a6a\",\"name\":\"Cristian Falabella NOTICIASMERCEDINAS.COM\",\"image\":{\"@type\":\"ImageObject\",\"inLanguage\":\"es\",\"@id\":\"https:\\\/\\\/secure.gravatar.com\\\/avatar\\\/0dbbfc45970cc46bcd0e57766228574ff3511d6eed045b182f536f0f478c1f06?s=96&d=mm&r=g\",\"url\":\"https:\\\/\\\/secure.gravatar.com\\\/avatar\\\/0dbbfc45970cc46bcd0e57766228574ff3511d6eed045b182f536f0f478c1f06?s=96&d=mm&r=g\",\"contentUrl\":\"https:\\\/\\\/secure.gravatar.com\\\/avatar\\\/0dbbfc45970cc46bcd0e57766228574ff3511d6eed045b182f536f0f478c1f06?s=96&d=mm&r=g\",\"caption\":\"Cristian Falabella NOTICIASMERCEDINAS.COM\"},\"description\":\"Periodista, editor de Noticias Mercedinas. Pas\u00f3 por varias redacciones y emprendimientos de prensa, en distintos formatos y \u00e9pocas. Se especializ\u00f3 --y sigue haci\u00e9ndolo-- en comunicaci\u00f3n en la web y en junio de 2006 fund\u00f3 este diario digital.\",\"sameAs\":[\"https:\\\/\\\/noticiasmercedinas.com\",\"https:\\\/\\\/www.facebook.com\\\/cristian.falabella\",\"https:\\\/\\\/www.instagram.com\\\/noticiasmercedinas\\\/\",\"https:\\\/\\\/x.com\\\/https:\\\/\\\/twitter.com\\\/NOTMERCEDINAS\"],\"url\":\"https:\\\/\\\/noticiasmercedinas.com\\\/site\\\/author\\\/as000384\\\/\"}]}<\/script>\n<!-- \/ Yoast SEO plugin. -->","yoast_head_json":{"title":"FM Acci\u00f3n cumpli\u00f3 15 a\u00f1os: \u201cLa radio me da todo\u201d, dice Gustavo Mosquera","robots":{"index":"index","follow":"follow","max-snippet":"max-snippet:-1","max-image-preview":"max-image-preview:large","max-video-preview":"max-video-preview:-1"},"canonical":"https:\/\/noticiasmercedinas.com\/site\/2019\/04\/25\/fm-accion-cumplio-15-anos-la-radio-me-da-todo-dice-gustavo-mosquera\/","og_locale":"es_ES","og_type":"article","og_title":"FM Acci\u00f3n cumpli\u00f3 15 a\u00f1os: \u201cLa radio me da todo\u201d, dice Gustavo Mosquera","og_description":"Este mi\u00e9rcoles 24 de abril FM Acci\u00f3n 91.7 cumpli\u00f3 15 a\u00f1os de vida y su impulsor y creador, Gustavo Mosquera, agradeci\u00f3 a todos los que lo acompa\u00f1aron en estos 15 a\u00f1os d\u00eda a d\u00eda, sobre todo a su familia, auspiciantes y oyentes que lo siguen constantemente. En este contexto y para celebrar, se supo adem\u00e1s [&hellip;]","og_url":"https:\/\/noticiasmercedinas.com\/site\/2019\/04\/25\/fm-accion-cumplio-15-anos-la-radio-me-da-todo-dice-gustavo-mosquera\/","og_site_name":"NOTICIASMERCEDINAS.COM","article_publisher":"https:\/\/www.facebook.com\/noticiasmercedinas\/","article_author":"https:\/\/www.facebook.com\/cristian.falabella","article_published_time":"2019-04-25T11:59:21+00:00","article_modified_time":"2019-04-25T12:43:00+00:00","og_image":[{"width":640,"height":420,"url":"https:\/\/noticiasmercedinas.com\/site\/wp-content\/uploads\/2019\/04\/gustavo_mosquera.jpg","type":"image\/jpeg"}],"author":"Cristian Falabella NOTICIASMERCEDINAS.COM","twitter_card":"summary_large_image","twitter_creator":"@https:\/\/twitter.com\/NOTMERCEDINAS","twitter_site":"@notmercedinas","twitter_misc":{"Escrito por":"Cristian Falabella NOTICIASMERCEDINAS.COM","Tiempo de lectura":"3 minutos"},"schema":{"@context":"https:\/\/schema.org","@graph":[{"@type":"Article","@id":"https:\/\/noticiasmercedinas.com\/site\/2019\/04\/25\/fm-accion-cumplio-15-anos-la-radio-me-da-todo-dice-gustavo-mosquera\/#article","isPartOf":{"@id":"https:\/\/noticiasmercedinas.com\/site\/2019\/04\/25\/fm-accion-cumplio-15-anos-la-radio-me-da-todo-dice-gustavo-mosquera\/"},"author":{"name":"Cristian Falabella NOTICIASMERCEDINAS.COM","@id":"https:\/\/noticiasmercedinas.com\/site\/#\/schema\/person\/d481a9696a5feaec13a60e2bbd991a6a"},"headline":"FM Acci\u00f3n cumpli\u00f3 15 a\u00f1os: \u201cLa radio me da todo\u201d, dice Gustavo Mosquera","datePublished":"2019-04-25T11:59:21+00:00","dateModified":"2019-04-25T12:43:00+00:00","mainEntityOfPage":{"@id":"https:\/\/noticiasmercedinas.com\/site\/2019\/04\/25\/fm-accion-cumplio-15-anos-la-radio-me-da-todo-dice-gustavo-mosquera\/"},"wordCount":672,"commentCount":0,"publisher":{"@id":"https:\/\/noticiasmercedinas.com\/site\/#organization"},"image":{"@id":"https:\/\/noticiasmercedinas.com\/site\/2019\/04\/25\/fm-accion-cumplio-15-anos-la-radio-me-da-todo-dice-gustavo-mosquera\/#primaryimage"},"thumbnailUrl":"https:\/\/noticiasmercedinas.com\/site\/wp-content\/uploads\/2019\/04\/gustavo_mosquera.jpg","keywords":["cumbia","fm accion","gustavo mosquera","medios","mercedes","musica tropical","parte de tu accion","radio"],"articleSection":["Medios"],"inLanguage":"es","potentialAction":[{"@type":"CommentAction","name":"Comment","target":["https:\/\/noticiasmercedinas.com\/site\/2019\/04\/25\/fm-accion-cumplio-15-anos-la-radio-me-da-todo-dice-gustavo-mosquera\/#respond"]}]},{"@type":"WebPage","@id":"https:\/\/noticiasmercedinas.com\/site\/2019\/04\/25\/fm-accion-cumplio-15-anos-la-radio-me-da-todo-dice-gustavo-mosquera\/","url":"https:\/\/noticiasmercedinas.com\/site\/2019\/04\/25\/fm-accion-cumplio-15-anos-la-radio-me-da-todo-dice-gustavo-mosquera\/","name":"FM Acci\u00f3n cumpli\u00f3 15 a\u00f1os: \u201cLa radio me da todo\u201d, dice Gustavo Mosquera","isPartOf":{"@id":"https:\/\/noticiasmercedinas.com\/site\/#website"},"primaryImageOfPage":{"@id":"https:\/\/noticiasmercedinas.com\/site\/2019\/04\/25\/fm-accion-cumplio-15-anos-la-radio-me-da-todo-dice-gustavo-mosquera\/#primaryimage"},"image":{"@id":"https:\/\/noticiasmercedinas.com\/site\/2019\/04\/25\/fm-accion-cumplio-15-anos-la-radio-me-da-todo-dice-gustavo-mosquera\/#primaryimage"},"thumbnailUrl":"https:\/\/noticiasmercedinas.com\/site\/wp-content\/uploads\/2019\/04\/gustavo_mosquera.jpg","datePublished":"2019-04-25T11:59:21+00:00","dateModified":"2019-04-25T12:43:00+00:00","breadcrumb":{"@id":"https:\/\/noticiasmercedinas.com\/site\/2019\/04\/25\/fm-accion-cumplio-15-anos-la-radio-me-da-todo-dice-gustavo-mosquera\/#breadcrumb"},"inLanguage":"es","potentialAction":[{"@type":"ReadAction","target":["https:\/\/noticiasmercedinas.com\/site\/2019\/04\/25\/fm-accion-cumplio-15-anos-la-radio-me-da-todo-dice-gustavo-mosquera\/"]}]},{"@type":"ImageObject","inLanguage":"es","@id":"https:\/\/noticiasmercedinas.com\/site\/2019\/04\/25\/fm-accion-cumplio-15-anos-la-radio-me-da-todo-dice-gustavo-mosquera\/#primaryimage","url":"https:\/\/noticiasmercedinas.com\/site\/wp-content\/uploads\/2019\/04\/gustavo_mosquera.jpg","contentUrl":"https:\/\/noticiasmercedinas.com\/site\/wp-content\/uploads\/2019\/04\/gustavo_mosquera.jpg","width":640,"height":420},{"@type":"BreadcrumbList","@id":"https:\/\/noticiasmercedinas.com\/site\/2019\/04\/25\/fm-accion-cumplio-15-anos-la-radio-me-da-todo-dice-gustavo-mosquera\/#breadcrumb","itemListElement":[{"@type":"ListItem","position":1,"name":"Portada","item":"https:\/\/noticiasmercedinas.com\/site\/"},{"@type":"ListItem","position":2,"name":"FM Acci\u00f3n cumpli\u00f3 15 a\u00f1os: \u201cLa radio me da todo\u201d, dice Gustavo Mosquera"}]},{"@type":"WebSite","@id":"https:\/\/noticiasmercedinas.com\/site\/#website","url":"https:\/\/noticiasmercedinas.com\/site\/","name":"NOTICIASMERCEDINAS.COM","description":"Mercedes, Buenos Aires, Argentina","publisher":{"@id":"https:\/\/noticiasmercedinas.com\/site\/#organization"},"potentialAction":[{"@type":"SearchAction","target":{"@type":"EntryPoint","urlTemplate":"https:\/\/noticiasmercedinas.com\/site\/?s={search_term_string}"},"query-input":{"@type":"PropertyValueSpecification","valueRequired":true,"valueName":"search_term_string"}}],"inLanguage":"es"},{"@type":"Organization","@id":"https:\/\/noticiasmercedinas.com\/site\/#organization","name":"NOTICIASMERCEDINAS.COM","url":"https:\/\/noticiasmercedinas.com\/site\/","logo":{"@type":"ImageObject","inLanguage":"es","@id":"https:\/\/noticiasmercedinas.com\/site\/#\/schema\/logo\/image\/","url":"https:\/\/noticiasmercedinas.com\/site\/wp-content\/uploads\/2020\/06\/LOGO-512.jpg","contentUrl":"https:\/\/noticiasmercedinas.com\/site\/wp-content\/uploads\/2020\/06\/LOGO-512.jpg","width":512,"height":512,"caption":"NOTICIASMERCEDINAS.COM"},"image":{"@id":"https:\/\/noticiasmercedinas.com\/site\/#\/schema\/logo\/image\/"},"sameAs":["https:\/\/www.facebook.com\/noticiasmercedinas\/","https:\/\/x.com\/notmercedinas","https:\/\/www.instagram.com\/noticiasmercedinas\/"]},{"@type":"Person","@id":"https:\/\/noticiasmercedinas.com\/site\/#\/schema\/person\/d481a9696a5feaec13a60e2bbd991a6a","name":"Cristian Falabella NOTICIASMERCEDINAS.COM","image":{"@type":"ImageObject","inLanguage":"es","@id":"https:\/\/secure.gravatar.com\/avatar\/0dbbfc45970cc46bcd0e57766228574ff3511d6eed045b182f536f0f478c1f06?s=96&d=mm&r=g","url":"https:\/\/secure.gravatar.com\/avatar\/0dbbfc45970cc46bcd0e57766228574ff3511d6eed045b182f536f0f478c1f06?s=96&d=mm&r=g","contentUrl":"https:\/\/secure.gravatar.com\/avatar\/0dbbfc45970cc46bcd0e57766228574ff3511d6eed045b182f536f0f478c1f06?s=96&d=mm&r=g","caption":"Cristian Falabella NOTICIASMERCEDINAS.COM"},"description":"Periodista, editor de Noticias Mercedinas. Pas\u00f3 por varias redacciones y emprendimientos de prensa, en distintos formatos y \u00e9pocas. Se especializ\u00f3 --y sigue haci\u00e9ndolo-- en comunicaci\u00f3n en la web y en junio de 2006 fund\u00f3 este diario digital.","sameAs":["https:\/\/noticiasmercedinas.com","https:\/\/www.facebook.com\/cristian.falabella","https:\/\/www.instagram.com\/noticiasmercedinas\/","https:\/\/x.com\/https:\/\/twitter.com\/NOTMERCEDINAS"],"url":"https:\/\/noticiasmercedinas.com\/site\/author\/as000384\/"}]}},"amp_enabled":true,"_links":{"self":[{"href":"https:\/\/noticiasmercedinas.com\/site\/wp-json\/wp\/v2\/posts\/17418","targetHints":{"allow":["GET"]}}],"collection":[{"href":"https:\/\/noticiasmercedinas.com\/site\/wp-json\/wp\/v2\/posts"}],"about":[{"href":"https:\/\/noticiasmercedinas.com\/site\/wp-json\/wp\/v2\/types\/post"}],"author":[{"embeddable":true,"href":"https:\/\/noticiasmercedinas.com\/site\/wp-json\/wp\/v2\/users\/2"}],"replies":[{"embeddable":true,"href":"https:\/\/noticiasmercedinas.com\/site\/wp-json\/wp\/v2\/comments?post=17418"}],"version-history":[{"count":7,"href":"https:\/\/noticiasmercedinas.com\/site\/wp-json\/wp\/v2\/posts\/17418\/revisions"}],"predecessor-version":[{"id":17437,"href":"https:\/\/noticiasmercedinas.com\/site\/wp-json\/wp\/v2\/posts\/17418\/revisions\/17437"}],"wp:featuredmedia":[{"embeddable":true,"href":"https:\/\/noticiasmercedinas.com\/site\/wp-json\/wp\/v2\/media\/17431"}],"wp:attachment":[{"href":"https:\/\/noticiasmercedinas.com\/site\/wp-json\/wp\/v2\/media?parent=17418"}],"wp:term":[{"taxonomy":"category","embeddable":true,"href":"https:\/\/noticiasmercedinas.com\/site\/wp-json\/wp\/v2\/categories?post=17418"},{"taxonomy":"post_tag","embeddable":true,"href":"https:\/\/noticiasmercedinas.com\/site\/wp-json\/wp\/v2\/tags?post=17418"}],"curies":[{"name":"wp","href":"https:\/\/api.w.org\/{rel}","templated":true}]}}