{"id":174487,"date":"2025-11-17T11:30:41","date_gmt":"2025-11-17T14:30:41","guid":{"rendered":"https:\/\/noticiasmercedinas.com\/site\/?p=174487"},"modified":"2025-11-17T11:30:41","modified_gmt":"2025-11-17T14:30:41","slug":"cierre-de-ano-a-toda-cumbia-el-ciclo-de-la-trocha-despidio-2025-con-galpon-lleno","status":"publish","type":"post","link":"https:\/\/noticiasmercedinas.com\/site\/2025\/11\/17\/cierre-de-ano-a-toda-cumbia-el-ciclo-de-la-trocha-despidio-2025-con-galpon-lleno\/","title":{"rendered":"Cierre de a\u00f1o a toda cumbia: el ciclo de La Trocha despidi\u00f3 2025 con galp\u00f3n lleno"},"content":{"rendered":"<p><img loading=\"lazy\" decoding=\"async\" class=\"alignnone wp-image-174489 size-full\" src=\"https:\/\/noticiasmercedinas.com\/site\/wp-content\/uploads\/2025\/11\/Cumbia-12-e1763389660991.jpg\" alt=\"\" width=\"1137\" height=\"714\" srcset=\"https:\/\/noticiasmercedinas.com\/site\/wp-content\/uploads\/2025\/11\/Cumbia-12-e1763389660991.jpg 1137w, https:\/\/noticiasmercedinas.com\/site\/wp-content\/uploads\/2025\/11\/Cumbia-12-e1763389660991-300x188.jpg 300w, https:\/\/noticiasmercedinas.com\/site\/wp-content\/uploads\/2025\/11\/Cumbia-12-e1763389660991-1024x643.jpg 1024w, https:\/\/noticiasmercedinas.com\/site\/wp-content\/uploads\/2025\/11\/Cumbia-12-e1763389660991-768x482.jpg 768w, https:\/\/noticiasmercedinas.com\/site\/wp-content\/uploads\/2025\/11\/Cumbia-12-e1763389660991-640x402.jpg 640w, https:\/\/noticiasmercedinas.com\/site\/wp-content\/uploads\/2025\/11\/Cumbia-12-e1763389660991-681x428.jpg 681w\" sizes=\"auto, (max-width: 1137px) 100vw, 1137px\" \/><\/p>\n<p data-path-to-node=\"3\">El <b>Ciclo de Cumbia<\/b> en el <b>Galp\u00f3n Central del Centro Cultural La Trocha<\/b> cerr\u00f3 su a\u00f1o con una gran fiesta el viernes por la noche.<\/p>\n<p data-path-to-node=\"3\">La masiva participaci\u00f3n, constante durante todo el a\u00f1o, reafirm\u00f3 el \u00e9xito de las veladas que se desarrollan en el marco de los ciclos de la Direcci\u00f3n de Cultura (junto a Folklore, Tango, Blues y Rock).<\/p>\n<p data-path-to-node=\"4\"><b>Jimena Rivas<\/b>, directora de Cultura, celebr\u00f3 el \u00e9xito del ciclo: \u00abHa sido muy grato ver durante todo el a\u00f1o el \u00e9xito de este ciclo\u00bb. Destac\u00f3 el <b>\u00abenorme compromiso por parte de las y los artistas\u00bb<\/b> y de la comisi\u00f3n organizadora, sin olvidar el agradecimiento a los trabajadores municipales.<\/p>\n<p data-path-to-node=\"6\">El cierre de a\u00f1o se vivi\u00f3 en un marco familiar, que evoca el resurgir del g\u00e9nero como motivo de reuni\u00f3n, tal como ocurr\u00eda en los viejos bailes populares.<\/p>\n<p data-path-to-node=\"7\">La noche tuvo una grilla explosiva:\u00a0<b>Ezequiel Toranzo<\/b> abri\u00f3 con un explosivo set de cuarteto;\u00a0<b>Jhonny Ch\u00e1vez,<\/b> el core\u00f3grafo y profesor de danzas, se sum\u00f3 con su numeroso grupo de alumnas de \u201cZumba con Jhonny\u201d;\u00a0<b>Alejandra Garc\u00eda<\/b> present\u00f3 sus cumbias mel\u00f3dicas,\u00a0<b>La Capaccio,<\/b> artista de lujo y productora del evento, se sum\u00f3 y brill\u00f3; <strong>T<\/strong><b>ercer Tiempo<\/b> aport\u00f3 su infaltable energ\u00eda; y\u00a0<b>The Paris<\/b> cerr\u00f3 la noche con su potencia tropical.<\/p>\n<p data-path-to-node=\"9\">La velada estuvo acompa\u00f1ada por la <b>m\u00edtica figura de Gilda<\/b>, presente en cada edici\u00f3n como un \u00ab\u00e1ngel de la guarda\u00bb.<\/p>\n<p data-path-to-node=\"11\">Adem\u00e1s de la m\u00fasica, el ciclo mantuvo su compromiso social y de apoyo a la cultura local:<\/p>\n<ul>\n<li data-path-to-node=\"12,0,0\"><b>Solidaridad:<\/b> La <b>parrilla<\/b> fue cedida a la <b>red de comedores de Mercedes<\/b> en un gesto solidario.<\/li>\n<li data-path-to-node=\"12,0,0\"><b>Premio Mayor:<\/b> La barra estuvo a cargo de la comisi\u00f3n municipal de cumbia para recaudar fondos destinados al gran premio del a\u00f1o: <b>horas de Grabaci\u00f3n en Piruca Estudio<\/b>. Los ganadores de este incentivo fueron <b>Noelia Cuello y La Eze Band<\/b>.<\/li>\n<li data-path-to-node=\"12,0,0\"><b>Sorteos:<\/b> Se sortearon otros premios, como una obra de arte pintada en vivo por <b>Pochi C\u00e9saro<\/b> y la biograf\u00eda de Gilda en formato libro.<\/li>\n<\/ul>\n<p data-path-to-node=\"13\">El exitoso cierre deja la expectativa alta para 2026, con el apoyo constante de la Direcci\u00f3n de Cultura y la Municipalidad de Mercedes para fortalecer la identidad cultural del g\u00e9nero.<\/p>\n<p data-path-to-node=\"13\"><img loading=\"lazy\" decoding=\"async\" class=\"alignnone size-full wp-image-174488\" src=\"https:\/\/noticiasmercedinas.com\/site\/wp-content\/uploads\/2025\/11\/Cumbia-13-e1763389804637.jpg\" alt=\"\" width=\"1268\" height=\"720\" srcset=\"https:\/\/noticiasmercedinas.com\/site\/wp-content\/uploads\/2025\/11\/Cumbia-13-e1763389804637.jpg 1268w, https:\/\/noticiasmercedinas.com\/site\/wp-content\/uploads\/2025\/11\/Cumbia-13-e1763389804637-300x170.jpg 300w, https:\/\/noticiasmercedinas.com\/site\/wp-content\/uploads\/2025\/11\/Cumbia-13-e1763389804637-1024x581.jpg 1024w, https:\/\/noticiasmercedinas.com\/site\/wp-content\/uploads\/2025\/11\/Cumbia-13-e1763389804637-768x436.jpg 768w, https:\/\/noticiasmercedinas.com\/site\/wp-content\/uploads\/2025\/11\/Cumbia-13-e1763389804637-640x363.jpg 640w, https:\/\/noticiasmercedinas.com\/site\/wp-content\/uploads\/2025\/11\/Cumbia-13-e1763389804637-681x387.jpg 681w\" sizes=\"auto, (max-width: 1268px) 100vw, 1268px\" \/><\/p>\n","protected":false},"excerpt":{"rendered":"<p>\u25a0 Con la m\u00edtica figura de Gilda como \u00e1ngel guardi\u00e1n, el festival celebr\u00f3 el \u00e9xito del g\u00e9nero con shows en vivo, clases de zumba, solidaridad con comedores y la entrega de premios de grabaci\u00f3n.<\/p>\n","protected":false},"author":16,"featured_media":174489,"comment_status":"closed","ping_status":"closed","sticky":false,"template":"","format":"standard","meta":{"footnotes":""},"categories":[4],"tags":[20093,1555,21287,20375,1057,21286],"class_list":["post-174487","post","type-post","status-publish","format-standard","has-post-thumbnail","hentry","category-cultura","tag-alejandra-garcia","tag-cumbia","tag-ezequiel-toranzo","tag-la-capaccio","tag-la-trocha","tag-the-paris"],"yoast_head":"<!-- This site is optimized with the Yoast SEO plugin v27.5 - https:\/\/yoast.com\/product\/yoast-seo-wordpress\/ -->\n<title>Cierre de a\u00f1o a toda cumbia: el ciclo de La Trocha despidi\u00f3 2025 con galp\u00f3n lleno<\/title>\n<meta name=\"description\" content=\"Con la m\u00edtica figura de Gilda como \u00e1ngel guardi\u00e1n, el festival celebr\u00f3 el \u00e9xito del g\u00e9nero con shows en vivo, clases de zumba, solidaridad con comedores y la entrega de premios de grabaci\u00f3n.\" \/>\n<meta name=\"robots\" content=\"index, follow, max-snippet:-1, max-image-preview:large, max-video-preview:-1\" \/>\n<link rel=\"canonical\" href=\"https:\/\/noticiasmercedinas.com\/site\/2025\/11\/17\/cierre-de-ano-a-toda-cumbia-el-ciclo-de-la-trocha-despidio-2025-con-galpon-lleno\/\" \/>\n<meta property=\"og:locale\" content=\"es_ES\" \/>\n<meta property=\"og:type\" content=\"article\" \/>\n<meta property=\"og:title\" content=\"Cierre de a\u00f1o a toda cumbia: el ciclo de La Trocha despidi\u00f3 2025 con galp\u00f3n lleno\" \/>\n<meta property=\"og:description\" content=\"Con la m\u00edtica figura de Gilda como \u00e1ngel guardi\u00e1n, el festival celebr\u00f3 el \u00e9xito del g\u00e9nero con shows en vivo, clases de zumba, solidaridad con comedores y la entrega de premios de grabaci\u00f3n.\" \/>\n<meta property=\"og:url\" content=\"https:\/\/noticiasmercedinas.com\/site\/2025\/11\/17\/cierre-de-ano-a-toda-cumbia-el-ciclo-de-la-trocha-despidio-2025-con-galpon-lleno\/\" \/>\n<meta property=\"og:site_name\" content=\"NOTICIASMERCEDINAS.COM\" \/>\n<meta property=\"article:publisher\" content=\"https:\/\/www.facebook.com\/noticiasmercedinas\/\" \/>\n<meta property=\"article:published_time\" content=\"2025-11-17T14:30:41+00:00\" \/>\n<meta property=\"og:image\" content=\"https:\/\/noticiasmercedinas.com\/site\/wp-content\/uploads\/2025\/11\/Cumbia-12-e1763389660991.jpg\" \/>\n\t<meta property=\"og:image:width\" content=\"1137\" \/>\n\t<meta property=\"og:image:height\" content=\"714\" \/>\n\t<meta property=\"og:image:type\" content=\"image\/jpeg\" \/>\n<meta name=\"author\" content=\"NOTICIASMERCEDINAS.COM\" \/>\n<meta name=\"twitter:card\" content=\"summary_large_image\" \/>\n<meta name=\"twitter:creator\" content=\"@notmercedinas\" \/>\n<meta name=\"twitter:site\" content=\"@notmercedinas\" \/>\n<meta name=\"twitter:label1\" content=\"Escrito por\" \/>\n\t<meta name=\"twitter:data1\" content=\"NOTICIASMERCEDINAS.COM\" \/>\n\t<meta name=\"twitter:label2\" content=\"Tiempo de lectura\" \/>\n\t<meta name=\"twitter:data2\" content=\"3 minutos\" \/>\n<script type=\"application\/ld+json\" class=\"yoast-schema-graph\">{\"@context\":\"https:\\\/\\\/schema.org\",\"@graph\":[{\"@type\":\"Article\",\"@id\":\"https:\\\/\\\/noticiasmercedinas.com\\\/site\\\/2025\\\/11\\\/17\\\/cierre-de-ano-a-toda-cumbia-el-ciclo-de-la-trocha-despidio-2025-con-galpon-lleno\\\/#article\",\"isPartOf\":{\"@id\":\"https:\\\/\\\/noticiasmercedinas.com\\\/site\\\/2025\\\/11\\\/17\\\/cierre-de-ano-a-toda-cumbia-el-ciclo-de-la-trocha-despidio-2025-con-galpon-lleno\\\/\"},\"author\":{\"name\":\"NOTICIASMERCEDINAS.COM\",\"@id\":\"https:\\\/\\\/noticiasmercedinas.com\\\/site\\\/#\\\/schema\\\/person\\\/84b59c099c28ff2e8b77d4ceec5d8063\"},\"headline\":\"Cierre de a\u00f1o a toda cumbia: el ciclo de La Trocha despidi\u00f3 2025 con galp\u00f3n lleno\",\"datePublished\":\"2025-11-17T14:30:41+00:00\",\"mainEntityOfPage\":{\"@id\":\"https:\\\/\\\/noticiasmercedinas.com\\\/site\\\/2025\\\/11\\\/17\\\/cierre-de-ano-a-toda-cumbia-el-ciclo-de-la-trocha-despidio-2025-con-galpon-lleno\\\/\"},\"wordCount\":398,\"publisher\":{\"@id\":\"https:\\\/\\\/noticiasmercedinas.com\\\/site\\\/#organization\"},\"image\":{\"@id\":\"https:\\\/\\\/noticiasmercedinas.com\\\/site\\\/2025\\\/11\\\/17\\\/cierre-de-ano-a-toda-cumbia-el-ciclo-de-la-trocha-despidio-2025-con-galpon-lleno\\\/#primaryimage\"},\"thumbnailUrl\":\"https:\\\/\\\/noticiasmercedinas.com\\\/site\\\/wp-content\\\/uploads\\\/2025\\\/11\\\/Cumbia-12-e1763389660991.jpg\",\"keywords\":[\"Alejandra Garc\u00eda\",\"cumbia\",\"Ezequiel Toranzo\",\"La Capaccio\",\"la trocha\",\"the paris\"],\"articleSection\":[\"Cultura\"],\"inLanguage\":\"es\"},{\"@type\":\"WebPage\",\"@id\":\"https:\\\/\\\/noticiasmercedinas.com\\\/site\\\/2025\\\/11\\\/17\\\/cierre-de-ano-a-toda-cumbia-el-ciclo-de-la-trocha-despidio-2025-con-galpon-lleno\\\/\",\"url\":\"https:\\\/\\\/noticiasmercedinas.com\\\/site\\\/2025\\\/11\\\/17\\\/cierre-de-ano-a-toda-cumbia-el-ciclo-de-la-trocha-despidio-2025-con-galpon-lleno\\\/\",\"name\":\"Cierre de a\u00f1o a toda cumbia: el ciclo de La Trocha despidi\u00f3 2025 con galp\u00f3n lleno\",\"isPartOf\":{\"@id\":\"https:\\\/\\\/noticiasmercedinas.com\\\/site\\\/#website\"},\"primaryImageOfPage\":{\"@id\":\"https:\\\/\\\/noticiasmercedinas.com\\\/site\\\/2025\\\/11\\\/17\\\/cierre-de-ano-a-toda-cumbia-el-ciclo-de-la-trocha-despidio-2025-con-galpon-lleno\\\/#primaryimage\"},\"image\":{\"@id\":\"https:\\\/\\\/noticiasmercedinas.com\\\/site\\\/2025\\\/11\\\/17\\\/cierre-de-ano-a-toda-cumbia-el-ciclo-de-la-trocha-despidio-2025-con-galpon-lleno\\\/#primaryimage\"},\"thumbnailUrl\":\"https:\\\/\\\/noticiasmercedinas.com\\\/site\\\/wp-content\\\/uploads\\\/2025\\\/11\\\/Cumbia-12-e1763389660991.jpg\",\"datePublished\":\"2025-11-17T14:30:41+00:00\",\"description\":\"Con la m\u00edtica figura de Gilda como \u00e1ngel guardi\u00e1n, el festival celebr\u00f3 el \u00e9xito del g\u00e9nero con shows en vivo, clases de zumba, solidaridad con comedores y la entrega de premios de grabaci\u00f3n.\",\"breadcrumb\":{\"@id\":\"https:\\\/\\\/noticiasmercedinas.com\\\/site\\\/2025\\\/11\\\/17\\\/cierre-de-ano-a-toda-cumbia-el-ciclo-de-la-trocha-despidio-2025-con-galpon-lleno\\\/#breadcrumb\"},\"inLanguage\":\"es\",\"potentialAction\":[{\"@type\":\"ReadAction\",\"target\":[\"https:\\\/\\\/noticiasmercedinas.com\\\/site\\\/2025\\\/11\\\/17\\\/cierre-de-ano-a-toda-cumbia-el-ciclo-de-la-trocha-despidio-2025-con-galpon-lleno\\\/\"]}]},{\"@type\":\"ImageObject\",\"inLanguage\":\"es\",\"@id\":\"https:\\\/\\\/noticiasmercedinas.com\\\/site\\\/2025\\\/11\\\/17\\\/cierre-de-ano-a-toda-cumbia-el-ciclo-de-la-trocha-despidio-2025-con-galpon-lleno\\\/#primaryimage\",\"url\":\"https:\\\/\\\/noticiasmercedinas.com\\\/site\\\/wp-content\\\/uploads\\\/2025\\\/11\\\/Cumbia-12-e1763389660991.jpg\",\"contentUrl\":\"https:\\\/\\\/noticiasmercedinas.com\\\/site\\\/wp-content\\\/uploads\\\/2025\\\/11\\\/Cumbia-12-e1763389660991.jpg\",\"width\":1137,\"height\":714},{\"@type\":\"BreadcrumbList\",\"@id\":\"https:\\\/\\\/noticiasmercedinas.com\\\/site\\\/2025\\\/11\\\/17\\\/cierre-de-ano-a-toda-cumbia-el-ciclo-de-la-trocha-despidio-2025-con-galpon-lleno\\\/#breadcrumb\",\"itemListElement\":[{\"@type\":\"ListItem\",\"position\":1,\"name\":\"Portada\",\"item\":\"https:\\\/\\\/noticiasmercedinas.com\\\/site\\\/\"},{\"@type\":\"ListItem\",\"position\":2,\"name\":\"Cierre de a\u00f1o a toda cumbia: el ciclo de La Trocha despidi\u00f3 2025 con galp\u00f3n lleno\"}]},{\"@type\":\"WebSite\",\"@id\":\"https:\\\/\\\/noticiasmercedinas.com\\\/site\\\/#website\",\"url\":\"https:\\\/\\\/noticiasmercedinas.com\\\/site\\\/\",\"name\":\"NOTICIASMERCEDINAS.COM\",\"description\":\"Mercedes, Buenos Aires, Argentina\",\"publisher\":{\"@id\":\"https:\\\/\\\/noticiasmercedinas.com\\\/site\\\/#organization\"},\"potentialAction\":[{\"@type\":\"SearchAction\",\"target\":{\"@type\":\"EntryPoint\",\"urlTemplate\":\"https:\\\/\\\/noticiasmercedinas.com\\\/site\\\/?s={search_term_string}\"},\"query-input\":{\"@type\":\"PropertyValueSpecification\",\"valueRequired\":true,\"valueName\":\"search_term_string\"}}],\"inLanguage\":\"es\"},{\"@type\":\"Organization\",\"@id\":\"https:\\\/\\\/noticiasmercedinas.com\\\/site\\\/#organization\",\"name\":\"NOTICIASMERCEDINAS.COM\",\"url\":\"https:\\\/\\\/noticiasmercedinas.com\\\/site\\\/\",\"logo\":{\"@type\":\"ImageObject\",\"inLanguage\":\"es\",\"@id\":\"https:\\\/\\\/noticiasmercedinas.com\\\/site\\\/#\\\/schema\\\/logo\\\/image\\\/\",\"url\":\"https:\\\/\\\/noticiasmercedinas.com\\\/site\\\/wp-content\\\/uploads\\\/2020\\\/06\\\/LOGO-512.jpg\",\"contentUrl\":\"https:\\\/\\\/noticiasmercedinas.com\\\/site\\\/wp-content\\\/uploads\\\/2020\\\/06\\\/LOGO-512.jpg\",\"width\":512,\"height\":512,\"caption\":\"NOTICIASMERCEDINAS.COM\"},\"image\":{\"@id\":\"https:\\\/\\\/noticiasmercedinas.com\\\/site\\\/#\\\/schema\\\/logo\\\/image\\\/\"},\"sameAs\":[\"https:\\\/\\\/www.facebook.com\\\/noticiasmercedinas\\\/\",\"https:\\\/\\\/x.com\\\/notmercedinas\",\"https:\\\/\\\/www.instagram.com\\\/noticiasmercedinas\\\/\"]},{\"@type\":\"Person\",\"@id\":\"https:\\\/\\\/noticiasmercedinas.com\\\/site\\\/#\\\/schema\\\/person\\\/84b59c099c28ff2e8b77d4ceec5d8063\",\"name\":\"NOTICIASMERCEDINAS.COM\",\"image\":{\"@type\":\"ImageObject\",\"inLanguage\":\"es\",\"@id\":\"https:\\\/\\\/secure.gravatar.com\\\/avatar\\\/4dfbf16b4d17945bfb6341b2d19043457132fcf478a5ee04f42e959fd8f5df0a?s=96&d=mm&r=g\",\"url\":\"https:\\\/\\\/secure.gravatar.com\\\/avatar\\\/4dfbf16b4d17945bfb6341b2d19043457132fcf478a5ee04f42e959fd8f5df0a?s=96&d=mm&r=g\",\"contentUrl\":\"https:\\\/\\\/secure.gravatar.com\\\/avatar\\\/4dfbf16b4d17945bfb6341b2d19043457132fcf478a5ee04f42e959fd8f5df0a?s=96&d=mm&r=g\",\"caption\":\"NOTICIASMERCEDINAS.COM\"},\"url\":\"https:\\\/\\\/noticiasmercedinas.com\\\/site\\\/author\\\/anonimo\\\/\"}]}<\/script>\n<!-- \/ Yoast SEO plugin. -->","yoast_head_json":{"title":"Cierre de a\u00f1o a toda cumbia: el ciclo de La Trocha despidi\u00f3 2025 con galp\u00f3n lleno","description":"Con la m\u00edtica figura de Gilda como \u00e1ngel guardi\u00e1n, el festival celebr\u00f3 el \u00e9xito del g\u00e9nero con shows en vivo, clases de zumba, solidaridad con comedores y la entrega de premios de grabaci\u00f3n.","robots":{"index":"index","follow":"follow","max-snippet":"max-snippet:-1","max-image-preview":"max-image-preview:large","max-video-preview":"max-video-preview:-1"},"canonical":"https:\/\/noticiasmercedinas.com\/site\/2025\/11\/17\/cierre-de-ano-a-toda-cumbia-el-ciclo-de-la-trocha-despidio-2025-con-galpon-lleno\/","og_locale":"es_ES","og_type":"article","og_title":"Cierre de a\u00f1o a toda cumbia: el ciclo de La Trocha despidi\u00f3 2025 con galp\u00f3n lleno","og_description":"Con la m\u00edtica figura de Gilda como \u00e1ngel guardi\u00e1n, el festival celebr\u00f3 el \u00e9xito del g\u00e9nero con shows en vivo, clases de zumba, solidaridad con comedores y la entrega de premios de grabaci\u00f3n.","og_url":"https:\/\/noticiasmercedinas.com\/site\/2025\/11\/17\/cierre-de-ano-a-toda-cumbia-el-ciclo-de-la-trocha-despidio-2025-con-galpon-lleno\/","og_site_name":"NOTICIASMERCEDINAS.COM","article_publisher":"https:\/\/www.facebook.com\/noticiasmercedinas\/","article_published_time":"2025-11-17T14:30:41+00:00","og_image":[{"width":1137,"height":714,"url":"https:\/\/noticiasmercedinas.com\/site\/wp-content\/uploads\/2025\/11\/Cumbia-12-e1763389660991.jpg","type":"image\/jpeg"}],"author":"NOTICIASMERCEDINAS.COM","twitter_card":"summary_large_image","twitter_creator":"@notmercedinas","twitter_site":"@notmercedinas","twitter_misc":{"Escrito por":"NOTICIASMERCEDINAS.COM","Tiempo de lectura":"3 minutos"},"schema":{"@context":"https:\/\/schema.org","@graph":[{"@type":"Article","@id":"https:\/\/noticiasmercedinas.com\/site\/2025\/11\/17\/cierre-de-ano-a-toda-cumbia-el-ciclo-de-la-trocha-despidio-2025-con-galpon-lleno\/#article","isPartOf":{"@id":"https:\/\/noticiasmercedinas.com\/site\/2025\/11\/17\/cierre-de-ano-a-toda-cumbia-el-ciclo-de-la-trocha-despidio-2025-con-galpon-lleno\/"},"author":{"name":"NOTICIASMERCEDINAS.COM","@id":"https:\/\/noticiasmercedinas.com\/site\/#\/schema\/person\/84b59c099c28ff2e8b77d4ceec5d8063"},"headline":"Cierre de a\u00f1o a toda cumbia: el ciclo de La Trocha despidi\u00f3 2025 con galp\u00f3n lleno","datePublished":"2025-11-17T14:30:41+00:00","mainEntityOfPage":{"@id":"https:\/\/noticiasmercedinas.com\/site\/2025\/11\/17\/cierre-de-ano-a-toda-cumbia-el-ciclo-de-la-trocha-despidio-2025-con-galpon-lleno\/"},"wordCount":398,"publisher":{"@id":"https:\/\/noticiasmercedinas.com\/site\/#organization"},"image":{"@id":"https:\/\/noticiasmercedinas.com\/site\/2025\/11\/17\/cierre-de-ano-a-toda-cumbia-el-ciclo-de-la-trocha-despidio-2025-con-galpon-lleno\/#primaryimage"},"thumbnailUrl":"https:\/\/noticiasmercedinas.com\/site\/wp-content\/uploads\/2025\/11\/Cumbia-12-e1763389660991.jpg","keywords":["Alejandra Garc\u00eda","cumbia","Ezequiel Toranzo","La Capaccio","la trocha","the paris"],"articleSection":["Cultura"],"inLanguage":"es"},{"@type":"WebPage","@id":"https:\/\/noticiasmercedinas.com\/site\/2025\/11\/17\/cierre-de-ano-a-toda-cumbia-el-ciclo-de-la-trocha-despidio-2025-con-galpon-lleno\/","url":"https:\/\/noticiasmercedinas.com\/site\/2025\/11\/17\/cierre-de-ano-a-toda-cumbia-el-ciclo-de-la-trocha-despidio-2025-con-galpon-lleno\/","name":"Cierre de a\u00f1o a toda cumbia: el ciclo de La Trocha despidi\u00f3 2025 con galp\u00f3n lleno","isPartOf":{"@id":"https:\/\/noticiasmercedinas.com\/site\/#website"},"primaryImageOfPage":{"@id":"https:\/\/noticiasmercedinas.com\/site\/2025\/11\/17\/cierre-de-ano-a-toda-cumbia-el-ciclo-de-la-trocha-despidio-2025-con-galpon-lleno\/#primaryimage"},"image":{"@id":"https:\/\/noticiasmercedinas.com\/site\/2025\/11\/17\/cierre-de-ano-a-toda-cumbia-el-ciclo-de-la-trocha-despidio-2025-con-galpon-lleno\/#primaryimage"},"thumbnailUrl":"https:\/\/noticiasmercedinas.com\/site\/wp-content\/uploads\/2025\/11\/Cumbia-12-e1763389660991.jpg","datePublished":"2025-11-17T14:30:41+00:00","description":"Con la m\u00edtica figura de Gilda como \u00e1ngel guardi\u00e1n, el festival celebr\u00f3 el \u00e9xito del g\u00e9nero con shows en vivo, clases de zumba, solidaridad con comedores y la entrega de premios de grabaci\u00f3n.","breadcrumb":{"@id":"https:\/\/noticiasmercedinas.com\/site\/2025\/11\/17\/cierre-de-ano-a-toda-cumbia-el-ciclo-de-la-trocha-despidio-2025-con-galpon-lleno\/#breadcrumb"},"inLanguage":"es","potentialAction":[{"@type":"ReadAction","target":["https:\/\/noticiasmercedinas.com\/site\/2025\/11\/17\/cierre-de-ano-a-toda-cumbia-el-ciclo-de-la-trocha-despidio-2025-con-galpon-lleno\/"]}]},{"@type":"ImageObject","inLanguage":"es","@id":"https:\/\/noticiasmercedinas.com\/site\/2025\/11\/17\/cierre-de-ano-a-toda-cumbia-el-ciclo-de-la-trocha-despidio-2025-con-galpon-lleno\/#primaryimage","url":"https:\/\/noticiasmercedinas.com\/site\/wp-content\/uploads\/2025\/11\/Cumbia-12-e1763389660991.jpg","contentUrl":"https:\/\/noticiasmercedinas.com\/site\/wp-content\/uploads\/2025\/11\/Cumbia-12-e1763389660991.jpg","width":1137,"height":714},{"@type":"BreadcrumbList","@id":"https:\/\/noticiasmercedinas.com\/site\/2025\/11\/17\/cierre-de-ano-a-toda-cumbia-el-ciclo-de-la-trocha-despidio-2025-con-galpon-lleno\/#breadcrumb","itemListElement":[{"@type":"ListItem","position":1,"name":"Portada","item":"https:\/\/noticiasmercedinas.com\/site\/"},{"@type":"ListItem","position":2,"name":"Cierre de a\u00f1o a toda cumbia: el ciclo de La Trocha despidi\u00f3 2025 con galp\u00f3n lleno"}]},{"@type":"WebSite","@id":"https:\/\/noticiasmercedinas.com\/site\/#website","url":"https:\/\/noticiasmercedinas.com\/site\/","name":"NOTICIASMERCEDINAS.COM","description":"Mercedes, Buenos Aires, Argentina","publisher":{"@id":"https:\/\/noticiasmercedinas.com\/site\/#organization"},"potentialAction":[{"@type":"SearchAction","target":{"@type":"EntryPoint","urlTemplate":"https:\/\/noticiasmercedinas.com\/site\/?s={search_term_string}"},"query-input":{"@type":"PropertyValueSpecification","valueRequired":true,"valueName":"search_term_string"}}],"inLanguage":"es"},{"@type":"Organization","@id":"https:\/\/noticiasmercedinas.com\/site\/#organization","name":"NOTICIASMERCEDINAS.COM","url":"https:\/\/noticiasmercedinas.com\/site\/","logo":{"@type":"ImageObject","inLanguage":"es","@id":"https:\/\/noticiasmercedinas.com\/site\/#\/schema\/logo\/image\/","url":"https:\/\/noticiasmercedinas.com\/site\/wp-content\/uploads\/2020\/06\/LOGO-512.jpg","contentUrl":"https:\/\/noticiasmercedinas.com\/site\/wp-content\/uploads\/2020\/06\/LOGO-512.jpg","width":512,"height":512,"caption":"NOTICIASMERCEDINAS.COM"},"image":{"@id":"https:\/\/noticiasmercedinas.com\/site\/#\/schema\/logo\/image\/"},"sameAs":["https:\/\/www.facebook.com\/noticiasmercedinas\/","https:\/\/x.com\/notmercedinas","https:\/\/www.instagram.com\/noticiasmercedinas\/"]},{"@type":"Person","@id":"https:\/\/noticiasmercedinas.com\/site\/#\/schema\/person\/84b59c099c28ff2e8b77d4ceec5d8063","name":"NOTICIASMERCEDINAS.COM","image":{"@type":"ImageObject","inLanguage":"es","@id":"https:\/\/secure.gravatar.com\/avatar\/4dfbf16b4d17945bfb6341b2d19043457132fcf478a5ee04f42e959fd8f5df0a?s=96&d=mm&r=g","url":"https:\/\/secure.gravatar.com\/avatar\/4dfbf16b4d17945bfb6341b2d19043457132fcf478a5ee04f42e959fd8f5df0a?s=96&d=mm&r=g","contentUrl":"https:\/\/secure.gravatar.com\/avatar\/4dfbf16b4d17945bfb6341b2d19043457132fcf478a5ee04f42e959fd8f5df0a?s=96&d=mm&r=g","caption":"NOTICIASMERCEDINAS.COM"},"url":"https:\/\/noticiasmercedinas.com\/site\/author\/anonimo\/"}]}},"amp_enabled":true,"_links":{"self":[{"href":"https:\/\/noticiasmercedinas.com\/site\/wp-json\/wp\/v2\/posts\/174487","targetHints":{"allow":["GET"]}}],"collection":[{"href":"https:\/\/noticiasmercedinas.com\/site\/wp-json\/wp\/v2\/posts"}],"about":[{"href":"https:\/\/noticiasmercedinas.com\/site\/wp-json\/wp\/v2\/types\/post"}],"author":[{"embeddable":true,"href":"https:\/\/noticiasmercedinas.com\/site\/wp-json\/wp\/v2\/users\/16"}],"replies":[{"embeddable":true,"href":"https:\/\/noticiasmercedinas.com\/site\/wp-json\/wp\/v2\/comments?post=174487"}],"version-history":[{"count":1,"href":"https:\/\/noticiasmercedinas.com\/site\/wp-json\/wp\/v2\/posts\/174487\/revisions"}],"predecessor-version":[{"id":174490,"href":"https:\/\/noticiasmercedinas.com\/site\/wp-json\/wp\/v2\/posts\/174487\/revisions\/174490"}],"wp:featuredmedia":[{"embeddable":true,"href":"https:\/\/noticiasmercedinas.com\/site\/wp-json\/wp\/v2\/media\/174489"}],"wp:attachment":[{"href":"https:\/\/noticiasmercedinas.com\/site\/wp-json\/wp\/v2\/media?parent=174487"}],"wp:term":[{"taxonomy":"category","embeddable":true,"href":"https:\/\/noticiasmercedinas.com\/site\/wp-json\/wp\/v2\/categories?post=174487"},{"taxonomy":"post_tag","embeddable":true,"href":"https:\/\/noticiasmercedinas.com\/site\/wp-json\/wp\/v2\/tags?post=174487"}],"curies":[{"name":"wp","href":"https:\/\/api.w.org\/{rel}","templated":true}]}}