{"id":174511,"date":"2025-11-17T15:29:58","date_gmt":"2025-11-17T18:29:58","guid":{"rendered":"https:\/\/noticiasmercedinas.com\/site\/?p=174511"},"modified":"2025-11-17T15:29:58","modified_gmt":"2025-11-17T18:29:58","slug":"hospital-dubarry-continua-su-programa-anual-de-capacitacion-con-foco-en-terapia-nutricional","status":"publish","type":"post","link":"https:\/\/noticiasmercedinas.com\/site\/2025\/11\/17\/hospital-dubarry-continua-su-programa-anual-de-capacitacion-con-foco-en-terapia-nutricional\/","title":{"rendered":"Hospital Dubarry contin\u00faa su programa anual de capacitaci\u00f3n con foco en terapia nutricional"},"content":{"rendered":"<p><img loading=\"lazy\" decoding=\"async\" class=\"alignnone size-full wp-image-53040\" src=\"https:\/\/noticiasmercedinas.com\/site\/wp-content\/uploads\/2020\/09\/hospitalIMG_5358.jpg\" alt=\"\" width=\"640\" height=\"427\" srcset=\"https:\/\/noticiasmercedinas.com\/site\/wp-content\/uploads\/2020\/09\/hospitalIMG_5358.jpg 640w, https:\/\/noticiasmercedinas.com\/site\/wp-content\/uploads\/2020\/09\/hospitalIMG_5358-300x200.jpg 300w\" sizes=\"auto, (max-width: 640px) 100vw, 640px\" \/><\/p>\n<p data-path-to-node=\"3\">El <b>Hospital Blas L. Dubarry<\/b> contin\u00faa impulsando la formaci\u00f3n profesional con la nueva entrega de su <b>Programa Anual Hospitalario de Capacitaci\u00f3n para las Pr\u00e1cticas de los Servicios en Salud<\/b>.<\/p>\n<p data-path-to-node=\"3\">Este programa, que opera bajo la Red de Educaci\u00f3n Permanente Intra y Extra Hospitalaria, est\u00e1 destinado al personal hospitalario, residentes y profesionales de la red sanitaria de la regi\u00f3n.<\/p>\n<p data-path-to-node=\"4\">El objetivo central de estas jornadas es promover la formaci\u00f3n continua, el intercambio de saberes y el entrenamiento profesional, fortaleciendo el rol del Hospital como centro escuela.<\/p>\n<blockquote><p>El M\u00f3dulo 2 del Programa Anual Hospitalario se desarrollar\u00e1 en dos partes este noviembre, destinadas a profesionales, residentes y personal de la red sanitaria.<\/p><\/blockquote>\n<p data-path-to-node=\"6\">El programa da continuidad al <b>M\u00f3dulo 2<\/b>, centrado en el Proceso de Terapia Nutricional:<\/p>\n<table data-path-to-node=\"7\">\n<thead>\n<tr>\n<td><strong>M\u00f3dulo<\/strong><\/td>\n<td><strong>Contenido<\/strong><\/td>\n<td><strong>Fecha<\/strong><\/td>\n<td><strong>Horario<\/strong><\/td>\n<\/tr>\n<\/thead>\n<tbody>\n<tr>\n<td data-path-to-node=\"7,1,0,0\"><b>M\u00f3dulo 2, Parte 1<\/b><\/td>\n<td data-path-to-node=\"7,1,1,0\">Proceso: Tamizaje y Evaluaci\u00f3n. Terapia Nutricional (Soporte)<\/td>\n<td data-path-to-node=\"7,1,2,0\">Mi\u00e9rcoles 19 de noviembre<\/td>\n<td data-path-to-node=\"7,1,3,0\">10:30 hs<\/td>\n<\/tr>\n<tr>\n<td data-path-to-node=\"7,2,0,0\"><b>M\u00f3dulo 2, Parte 2<\/b><\/td>\n<td data-path-to-node=\"7,2,1,0\">Proceso de Terapia Nutricional. Implementaci\u00f3n<\/td>\n<td data-path-to-node=\"7,2,2,0\">Mi\u00e9rcoles 26 de noviembre<\/td>\n<td data-path-to-node=\"7,2,3,0\">10:30 hs<\/td>\n<\/tr>\n<\/tbody>\n<\/table>\n<p data-path-to-node=\"8\">\n<p data-path-to-node=\"8\">Ambas jornadas ser\u00e1n dictadas por el <b>Dr. Ra\u00fal Laporta<\/b> en el <b>Aula 1, Subsuelo del Hospital Blas L. Dubarry<\/b>.<\/p>\n<p data-path-to-node=\"9\">La propuesta de capacitaci\u00f3n continuar\u00e1 en <b>marzo de 2026<\/b> con nuevos m\u00f3dulos tem\u00e1ticos. Se entregar\u00e1n <b>certificados de asistencia<\/b> que ser\u00e1n v\u00e1lidos para c\u00f3mputos.<\/p>\n<p data-path-to-node=\"10\">Para confirmar la inscripci\u00f3n, los interesados deben completar un formulario en l\u00ednea ( inscripci\u00f3n <a href=\"https:\/\/forms.gle\/V5BVFKkVk79Pu3KB9\">https:\/\/forms.gle\/V5BVFKkVk79Pu3KB9<\/a>), y una vez enviado, recibir\u00e1n un correo con la confirmaci\u00f3n y el cronograma correspondiente.<\/p>\n","protected":false},"excerpt":{"rendered":"<p>El Hospital Blas L. Dubarry contin\u00faa impulsando la formaci\u00f3n profesional con la nueva entrega de su Programa Anual Hospitalario de Capacitaci\u00f3n para las Pr\u00e1cticas de los Servicios en Salud. Este programa, que opera bajo la Red de Educaci\u00f3n Permanente Intra y Extra Hospitalaria, est\u00e1 destinado al personal hospitalario, residentes y profesionales de la red sanitaria [&hellip;]<\/p>\n","protected":false},"author":16,"featured_media":53040,"comment_status":"closed","ping_status":"closed","sticky":false,"template":"","format":"standard","meta":{"footnotes":""},"categories":[8992],"tags":[313,3922,21289],"class_list":["post-174511","post","type-post","status-publish","format-standard","has-post-thumbnail","hentry","category-bienestar","tag-capacitacion","tag-hospital-blas-dubarry","tag-terapia-nutricional"],"yoast_head":"<!-- This site is optimized with the Yoast SEO plugin v27.5 - https:\/\/yoast.com\/product\/yoast-seo-wordpress\/ -->\n<title>Hospital Dubarry contin\u00faa su programa anual de capacitaci\u00f3n con foco en terapia nutricional<\/title>\n<meta name=\"description\" content=\"El M\u00f3dulo 2 del Programa Anual Hospitalario se desarrollar\u00e1 en dos partes este noviembre, destinadas a profesionales, residentes y personal de la red sanitaria.\" \/>\n<meta name=\"robots\" content=\"index, follow, max-snippet:-1, max-image-preview:large, max-video-preview:-1\" \/>\n<link rel=\"canonical\" href=\"https:\/\/noticiasmercedinas.com\/site\/2025\/11\/17\/hospital-dubarry-continua-su-programa-anual-de-capacitacion-con-foco-en-terapia-nutricional\/\" \/>\n<meta property=\"og:locale\" content=\"es_ES\" \/>\n<meta property=\"og:type\" content=\"article\" \/>\n<meta property=\"og:title\" content=\"Hospital Dubarry contin\u00faa su programa anual de capacitaci\u00f3n con foco en terapia nutricional\" \/>\n<meta property=\"og:description\" content=\"El M\u00f3dulo 2 del Programa Anual Hospitalario se desarrollar\u00e1 en dos partes este noviembre, destinadas a profesionales, residentes y personal de la red sanitaria.\" \/>\n<meta property=\"og:url\" content=\"https:\/\/noticiasmercedinas.com\/site\/2025\/11\/17\/hospital-dubarry-continua-su-programa-anual-de-capacitacion-con-foco-en-terapia-nutricional\/\" \/>\n<meta property=\"og:site_name\" content=\"NOTICIASMERCEDINAS.COM\" \/>\n<meta property=\"article:publisher\" content=\"https:\/\/www.facebook.com\/noticiasmercedinas\/\" \/>\n<meta property=\"article:published_time\" content=\"2025-11-17T18:29:58+00:00\" \/>\n<meta property=\"og:image\" content=\"https:\/\/noticiasmercedinas.com\/site\/wp-content\/uploads\/2020\/09\/hospitalIMG_5358.jpg\" \/>\n\t<meta property=\"og:image:width\" content=\"640\" \/>\n\t<meta property=\"og:image:height\" content=\"427\" \/>\n\t<meta property=\"og:image:type\" content=\"image\/jpeg\" \/>\n<meta name=\"author\" content=\"NOTICIASMERCEDINAS.COM\" \/>\n<meta name=\"twitter:card\" content=\"summary_large_image\" \/>\n<meta name=\"twitter:creator\" content=\"@notmercedinas\" \/>\n<meta name=\"twitter:site\" content=\"@notmercedinas\" \/>\n<meta name=\"twitter:label1\" content=\"Escrito por\" \/>\n\t<meta name=\"twitter:data1\" content=\"NOTICIASMERCEDINAS.COM\" \/>\n\t<meta name=\"twitter:label2\" content=\"Tiempo de lectura\" \/>\n\t<meta name=\"twitter:data2\" content=\"2 minutos\" \/>\n<script type=\"application\/ld+json\" class=\"yoast-schema-graph\">{\"@context\":\"https:\\\/\\\/schema.org\",\"@graph\":[{\"@type\":\"Article\",\"@id\":\"https:\\\/\\\/noticiasmercedinas.com\\\/site\\\/2025\\\/11\\\/17\\\/hospital-dubarry-continua-su-programa-anual-de-capacitacion-con-foco-en-terapia-nutricional\\\/#article\",\"isPartOf\":{\"@id\":\"https:\\\/\\\/noticiasmercedinas.com\\\/site\\\/2025\\\/11\\\/17\\\/hospital-dubarry-continua-su-programa-anual-de-capacitacion-con-foco-en-terapia-nutricional\\\/\"},\"author\":{\"name\":\"NOTICIASMERCEDINAS.COM\",\"@id\":\"https:\\\/\\\/noticiasmercedinas.com\\\/site\\\/#\\\/schema\\\/person\\\/84b59c099c28ff2e8b77d4ceec5d8063\"},\"headline\":\"Hospital Dubarry contin\u00faa su programa anual de capacitaci\u00f3n con foco en terapia nutricional\",\"datePublished\":\"2025-11-17T18:29:58+00:00\",\"mainEntityOfPage\":{\"@id\":\"https:\\\/\\\/noticiasmercedinas.com\\\/site\\\/2025\\\/11\\\/17\\\/hospital-dubarry-continua-su-programa-anual-de-capacitacion-con-foco-en-terapia-nutricional\\\/\"},\"wordCount\":268,\"publisher\":{\"@id\":\"https:\\\/\\\/noticiasmercedinas.com\\\/site\\\/#organization\"},\"image\":{\"@id\":\"https:\\\/\\\/noticiasmercedinas.com\\\/site\\\/2025\\\/11\\\/17\\\/hospital-dubarry-continua-su-programa-anual-de-capacitacion-con-foco-en-terapia-nutricional\\\/#primaryimage\"},\"thumbnailUrl\":\"https:\\\/\\\/noticiasmercedinas.com\\\/site\\\/wp-content\\\/uploads\\\/2020\\\/09\\\/hospitalIMG_5358.jpg\",\"keywords\":[\"capacitaci\u00f3n\",\"Hospital Blas Dubarry\",\"terapia nutricional\"],\"articleSection\":[\"Bienestar\"],\"inLanguage\":\"es\"},{\"@type\":\"WebPage\",\"@id\":\"https:\\\/\\\/noticiasmercedinas.com\\\/site\\\/2025\\\/11\\\/17\\\/hospital-dubarry-continua-su-programa-anual-de-capacitacion-con-foco-en-terapia-nutricional\\\/\",\"url\":\"https:\\\/\\\/noticiasmercedinas.com\\\/site\\\/2025\\\/11\\\/17\\\/hospital-dubarry-continua-su-programa-anual-de-capacitacion-con-foco-en-terapia-nutricional\\\/\",\"name\":\"Hospital Dubarry contin\u00faa su programa anual de capacitaci\u00f3n con foco en terapia nutricional\",\"isPartOf\":{\"@id\":\"https:\\\/\\\/noticiasmercedinas.com\\\/site\\\/#website\"},\"primaryImageOfPage\":{\"@id\":\"https:\\\/\\\/noticiasmercedinas.com\\\/site\\\/2025\\\/11\\\/17\\\/hospital-dubarry-continua-su-programa-anual-de-capacitacion-con-foco-en-terapia-nutricional\\\/#primaryimage\"},\"image\":{\"@id\":\"https:\\\/\\\/noticiasmercedinas.com\\\/site\\\/2025\\\/11\\\/17\\\/hospital-dubarry-continua-su-programa-anual-de-capacitacion-con-foco-en-terapia-nutricional\\\/#primaryimage\"},\"thumbnailUrl\":\"https:\\\/\\\/noticiasmercedinas.com\\\/site\\\/wp-content\\\/uploads\\\/2020\\\/09\\\/hospitalIMG_5358.jpg\",\"datePublished\":\"2025-11-17T18:29:58+00:00\",\"description\":\"El M\u00f3dulo 2 del Programa Anual Hospitalario se desarrollar\u00e1 en dos partes este noviembre, destinadas a profesionales, residentes y personal de la red sanitaria.\",\"breadcrumb\":{\"@id\":\"https:\\\/\\\/noticiasmercedinas.com\\\/site\\\/2025\\\/11\\\/17\\\/hospital-dubarry-continua-su-programa-anual-de-capacitacion-con-foco-en-terapia-nutricional\\\/#breadcrumb\"},\"inLanguage\":\"es\",\"potentialAction\":[{\"@type\":\"ReadAction\",\"target\":[\"https:\\\/\\\/noticiasmercedinas.com\\\/site\\\/2025\\\/11\\\/17\\\/hospital-dubarry-continua-su-programa-anual-de-capacitacion-con-foco-en-terapia-nutricional\\\/\"]}]},{\"@type\":\"ImageObject\",\"inLanguage\":\"es\",\"@id\":\"https:\\\/\\\/noticiasmercedinas.com\\\/site\\\/2025\\\/11\\\/17\\\/hospital-dubarry-continua-su-programa-anual-de-capacitacion-con-foco-en-terapia-nutricional\\\/#primaryimage\",\"url\":\"https:\\\/\\\/noticiasmercedinas.com\\\/site\\\/wp-content\\\/uploads\\\/2020\\\/09\\\/hospitalIMG_5358.jpg\",\"contentUrl\":\"https:\\\/\\\/noticiasmercedinas.com\\\/site\\\/wp-content\\\/uploads\\\/2020\\\/09\\\/hospitalIMG_5358.jpg\",\"width\":640,\"height\":427},{\"@type\":\"BreadcrumbList\",\"@id\":\"https:\\\/\\\/noticiasmercedinas.com\\\/site\\\/2025\\\/11\\\/17\\\/hospital-dubarry-continua-su-programa-anual-de-capacitacion-con-foco-en-terapia-nutricional\\\/#breadcrumb\",\"itemListElement\":[{\"@type\":\"ListItem\",\"position\":1,\"name\":\"Portada\",\"item\":\"https:\\\/\\\/noticiasmercedinas.com\\\/site\\\/\"},{\"@type\":\"ListItem\",\"position\":2,\"name\":\"Hospital Dubarry contin\u00faa su programa anual de capacitaci\u00f3n con foco en terapia nutricional\"}]},{\"@type\":\"WebSite\",\"@id\":\"https:\\\/\\\/noticiasmercedinas.com\\\/site\\\/#website\",\"url\":\"https:\\\/\\\/noticiasmercedinas.com\\\/site\\\/\",\"name\":\"NOTICIASMERCEDINAS.COM\",\"description\":\"Mercedes, Buenos Aires, Argentina\",\"publisher\":{\"@id\":\"https:\\\/\\\/noticiasmercedinas.com\\\/site\\\/#organization\"},\"potentialAction\":[{\"@type\":\"SearchAction\",\"target\":{\"@type\":\"EntryPoint\",\"urlTemplate\":\"https:\\\/\\\/noticiasmercedinas.com\\\/site\\\/?s={search_term_string}\"},\"query-input\":{\"@type\":\"PropertyValueSpecification\",\"valueRequired\":true,\"valueName\":\"search_term_string\"}}],\"inLanguage\":\"es\"},{\"@type\":\"Organization\",\"@id\":\"https:\\\/\\\/noticiasmercedinas.com\\\/site\\\/#organization\",\"name\":\"NOTICIASMERCEDINAS.COM\",\"url\":\"https:\\\/\\\/noticiasmercedinas.com\\\/site\\\/\",\"logo\":{\"@type\":\"ImageObject\",\"inLanguage\":\"es\",\"@id\":\"https:\\\/\\\/noticiasmercedinas.com\\\/site\\\/#\\\/schema\\\/logo\\\/image\\\/\",\"url\":\"https:\\\/\\\/noticiasmercedinas.com\\\/site\\\/wp-content\\\/uploads\\\/2020\\\/06\\\/LOGO-512.jpg\",\"contentUrl\":\"https:\\\/\\\/noticiasmercedinas.com\\\/site\\\/wp-content\\\/uploads\\\/2020\\\/06\\\/LOGO-512.jpg\",\"width\":512,\"height\":512,\"caption\":\"NOTICIASMERCEDINAS.COM\"},\"image\":{\"@id\":\"https:\\\/\\\/noticiasmercedinas.com\\\/site\\\/#\\\/schema\\\/logo\\\/image\\\/\"},\"sameAs\":[\"https:\\\/\\\/www.facebook.com\\\/noticiasmercedinas\\\/\",\"https:\\\/\\\/x.com\\\/notmercedinas\",\"https:\\\/\\\/www.instagram.com\\\/noticiasmercedinas\\\/\"]},{\"@type\":\"Person\",\"@id\":\"https:\\\/\\\/noticiasmercedinas.com\\\/site\\\/#\\\/schema\\\/person\\\/84b59c099c28ff2e8b77d4ceec5d8063\",\"name\":\"NOTICIASMERCEDINAS.COM\",\"image\":{\"@type\":\"ImageObject\",\"inLanguage\":\"es\",\"@id\":\"https:\\\/\\\/secure.gravatar.com\\\/avatar\\\/4dfbf16b4d17945bfb6341b2d19043457132fcf478a5ee04f42e959fd8f5df0a?s=96&d=mm&r=g\",\"url\":\"https:\\\/\\\/secure.gravatar.com\\\/avatar\\\/4dfbf16b4d17945bfb6341b2d19043457132fcf478a5ee04f42e959fd8f5df0a?s=96&d=mm&r=g\",\"contentUrl\":\"https:\\\/\\\/secure.gravatar.com\\\/avatar\\\/4dfbf16b4d17945bfb6341b2d19043457132fcf478a5ee04f42e959fd8f5df0a?s=96&d=mm&r=g\",\"caption\":\"NOTICIASMERCEDINAS.COM\"},\"url\":\"https:\\\/\\\/noticiasmercedinas.com\\\/site\\\/author\\\/anonimo\\\/\"}]}<\/script>\n<!-- \/ Yoast SEO plugin. -->","yoast_head_json":{"title":"Hospital Dubarry contin\u00faa su programa anual de capacitaci\u00f3n con foco en terapia nutricional","description":"El M\u00f3dulo 2 del Programa Anual Hospitalario se desarrollar\u00e1 en dos partes este noviembre, destinadas a profesionales, residentes y personal de la red sanitaria.","robots":{"index":"index","follow":"follow","max-snippet":"max-snippet:-1","max-image-preview":"max-image-preview:large","max-video-preview":"max-video-preview:-1"},"canonical":"https:\/\/noticiasmercedinas.com\/site\/2025\/11\/17\/hospital-dubarry-continua-su-programa-anual-de-capacitacion-con-foco-en-terapia-nutricional\/","og_locale":"es_ES","og_type":"article","og_title":"Hospital Dubarry contin\u00faa su programa anual de capacitaci\u00f3n con foco en terapia nutricional","og_description":"El M\u00f3dulo 2 del Programa Anual Hospitalario se desarrollar\u00e1 en dos partes este noviembre, destinadas a profesionales, residentes y personal de la red sanitaria.","og_url":"https:\/\/noticiasmercedinas.com\/site\/2025\/11\/17\/hospital-dubarry-continua-su-programa-anual-de-capacitacion-con-foco-en-terapia-nutricional\/","og_site_name":"NOTICIASMERCEDINAS.COM","article_publisher":"https:\/\/www.facebook.com\/noticiasmercedinas\/","article_published_time":"2025-11-17T18:29:58+00:00","og_image":[{"width":640,"height":427,"url":"https:\/\/noticiasmercedinas.com\/site\/wp-content\/uploads\/2020\/09\/hospitalIMG_5358.jpg","type":"image\/jpeg"}],"author":"NOTICIASMERCEDINAS.COM","twitter_card":"summary_large_image","twitter_creator":"@notmercedinas","twitter_site":"@notmercedinas","twitter_misc":{"Escrito por":"NOTICIASMERCEDINAS.COM","Tiempo de lectura":"2 minutos"},"schema":{"@context":"https:\/\/schema.org","@graph":[{"@type":"Article","@id":"https:\/\/noticiasmercedinas.com\/site\/2025\/11\/17\/hospital-dubarry-continua-su-programa-anual-de-capacitacion-con-foco-en-terapia-nutricional\/#article","isPartOf":{"@id":"https:\/\/noticiasmercedinas.com\/site\/2025\/11\/17\/hospital-dubarry-continua-su-programa-anual-de-capacitacion-con-foco-en-terapia-nutricional\/"},"author":{"name":"NOTICIASMERCEDINAS.COM","@id":"https:\/\/noticiasmercedinas.com\/site\/#\/schema\/person\/84b59c099c28ff2e8b77d4ceec5d8063"},"headline":"Hospital Dubarry contin\u00faa su programa anual de capacitaci\u00f3n con foco en terapia nutricional","datePublished":"2025-11-17T18:29:58+00:00","mainEntityOfPage":{"@id":"https:\/\/noticiasmercedinas.com\/site\/2025\/11\/17\/hospital-dubarry-continua-su-programa-anual-de-capacitacion-con-foco-en-terapia-nutricional\/"},"wordCount":268,"publisher":{"@id":"https:\/\/noticiasmercedinas.com\/site\/#organization"},"image":{"@id":"https:\/\/noticiasmercedinas.com\/site\/2025\/11\/17\/hospital-dubarry-continua-su-programa-anual-de-capacitacion-con-foco-en-terapia-nutricional\/#primaryimage"},"thumbnailUrl":"https:\/\/noticiasmercedinas.com\/site\/wp-content\/uploads\/2020\/09\/hospitalIMG_5358.jpg","keywords":["capacitaci\u00f3n","Hospital Blas Dubarry","terapia nutricional"],"articleSection":["Bienestar"],"inLanguage":"es"},{"@type":"WebPage","@id":"https:\/\/noticiasmercedinas.com\/site\/2025\/11\/17\/hospital-dubarry-continua-su-programa-anual-de-capacitacion-con-foco-en-terapia-nutricional\/","url":"https:\/\/noticiasmercedinas.com\/site\/2025\/11\/17\/hospital-dubarry-continua-su-programa-anual-de-capacitacion-con-foco-en-terapia-nutricional\/","name":"Hospital Dubarry contin\u00faa su programa anual de capacitaci\u00f3n con foco en terapia nutricional","isPartOf":{"@id":"https:\/\/noticiasmercedinas.com\/site\/#website"},"primaryImageOfPage":{"@id":"https:\/\/noticiasmercedinas.com\/site\/2025\/11\/17\/hospital-dubarry-continua-su-programa-anual-de-capacitacion-con-foco-en-terapia-nutricional\/#primaryimage"},"image":{"@id":"https:\/\/noticiasmercedinas.com\/site\/2025\/11\/17\/hospital-dubarry-continua-su-programa-anual-de-capacitacion-con-foco-en-terapia-nutricional\/#primaryimage"},"thumbnailUrl":"https:\/\/noticiasmercedinas.com\/site\/wp-content\/uploads\/2020\/09\/hospitalIMG_5358.jpg","datePublished":"2025-11-17T18:29:58+00:00","description":"El M\u00f3dulo 2 del Programa Anual Hospitalario se desarrollar\u00e1 en dos partes este noviembre, destinadas a profesionales, residentes y personal de la red sanitaria.","breadcrumb":{"@id":"https:\/\/noticiasmercedinas.com\/site\/2025\/11\/17\/hospital-dubarry-continua-su-programa-anual-de-capacitacion-con-foco-en-terapia-nutricional\/#breadcrumb"},"inLanguage":"es","potentialAction":[{"@type":"ReadAction","target":["https:\/\/noticiasmercedinas.com\/site\/2025\/11\/17\/hospital-dubarry-continua-su-programa-anual-de-capacitacion-con-foco-en-terapia-nutricional\/"]}]},{"@type":"ImageObject","inLanguage":"es","@id":"https:\/\/noticiasmercedinas.com\/site\/2025\/11\/17\/hospital-dubarry-continua-su-programa-anual-de-capacitacion-con-foco-en-terapia-nutricional\/#primaryimage","url":"https:\/\/noticiasmercedinas.com\/site\/wp-content\/uploads\/2020\/09\/hospitalIMG_5358.jpg","contentUrl":"https:\/\/noticiasmercedinas.com\/site\/wp-content\/uploads\/2020\/09\/hospitalIMG_5358.jpg","width":640,"height":427},{"@type":"BreadcrumbList","@id":"https:\/\/noticiasmercedinas.com\/site\/2025\/11\/17\/hospital-dubarry-continua-su-programa-anual-de-capacitacion-con-foco-en-terapia-nutricional\/#breadcrumb","itemListElement":[{"@type":"ListItem","position":1,"name":"Portada","item":"https:\/\/noticiasmercedinas.com\/site\/"},{"@type":"ListItem","position":2,"name":"Hospital Dubarry contin\u00faa su programa anual de capacitaci\u00f3n con foco en terapia nutricional"}]},{"@type":"WebSite","@id":"https:\/\/noticiasmercedinas.com\/site\/#website","url":"https:\/\/noticiasmercedinas.com\/site\/","name":"NOTICIASMERCEDINAS.COM","description":"Mercedes, Buenos Aires, Argentina","publisher":{"@id":"https:\/\/noticiasmercedinas.com\/site\/#organization"},"potentialAction":[{"@type":"SearchAction","target":{"@type":"EntryPoint","urlTemplate":"https:\/\/noticiasmercedinas.com\/site\/?s={search_term_string}"},"query-input":{"@type":"PropertyValueSpecification","valueRequired":true,"valueName":"search_term_string"}}],"inLanguage":"es"},{"@type":"Organization","@id":"https:\/\/noticiasmercedinas.com\/site\/#organization","name":"NOTICIASMERCEDINAS.COM","url":"https:\/\/noticiasmercedinas.com\/site\/","logo":{"@type":"ImageObject","inLanguage":"es","@id":"https:\/\/noticiasmercedinas.com\/site\/#\/schema\/logo\/image\/","url":"https:\/\/noticiasmercedinas.com\/site\/wp-content\/uploads\/2020\/06\/LOGO-512.jpg","contentUrl":"https:\/\/noticiasmercedinas.com\/site\/wp-content\/uploads\/2020\/06\/LOGO-512.jpg","width":512,"height":512,"caption":"NOTICIASMERCEDINAS.COM"},"image":{"@id":"https:\/\/noticiasmercedinas.com\/site\/#\/schema\/logo\/image\/"},"sameAs":["https:\/\/www.facebook.com\/noticiasmercedinas\/","https:\/\/x.com\/notmercedinas","https:\/\/www.instagram.com\/noticiasmercedinas\/"]},{"@type":"Person","@id":"https:\/\/noticiasmercedinas.com\/site\/#\/schema\/person\/84b59c099c28ff2e8b77d4ceec5d8063","name":"NOTICIASMERCEDINAS.COM","image":{"@type":"ImageObject","inLanguage":"es","@id":"https:\/\/secure.gravatar.com\/avatar\/4dfbf16b4d17945bfb6341b2d19043457132fcf478a5ee04f42e959fd8f5df0a?s=96&d=mm&r=g","url":"https:\/\/secure.gravatar.com\/avatar\/4dfbf16b4d17945bfb6341b2d19043457132fcf478a5ee04f42e959fd8f5df0a?s=96&d=mm&r=g","contentUrl":"https:\/\/secure.gravatar.com\/avatar\/4dfbf16b4d17945bfb6341b2d19043457132fcf478a5ee04f42e959fd8f5df0a?s=96&d=mm&r=g","caption":"NOTICIASMERCEDINAS.COM"},"url":"https:\/\/noticiasmercedinas.com\/site\/author\/anonimo\/"}]}},"amp_enabled":true,"_links":{"self":[{"href":"https:\/\/noticiasmercedinas.com\/site\/wp-json\/wp\/v2\/posts\/174511","targetHints":{"allow":["GET"]}}],"collection":[{"href":"https:\/\/noticiasmercedinas.com\/site\/wp-json\/wp\/v2\/posts"}],"about":[{"href":"https:\/\/noticiasmercedinas.com\/site\/wp-json\/wp\/v2\/types\/post"}],"author":[{"embeddable":true,"href":"https:\/\/noticiasmercedinas.com\/site\/wp-json\/wp\/v2\/users\/16"}],"replies":[{"embeddable":true,"href":"https:\/\/noticiasmercedinas.com\/site\/wp-json\/wp\/v2\/comments?post=174511"}],"version-history":[{"count":1,"href":"https:\/\/noticiasmercedinas.com\/site\/wp-json\/wp\/v2\/posts\/174511\/revisions"}],"predecessor-version":[{"id":174512,"href":"https:\/\/noticiasmercedinas.com\/site\/wp-json\/wp\/v2\/posts\/174511\/revisions\/174512"}],"wp:featuredmedia":[{"embeddable":true,"href":"https:\/\/noticiasmercedinas.com\/site\/wp-json\/wp\/v2\/media\/53040"}],"wp:attachment":[{"href":"https:\/\/noticiasmercedinas.com\/site\/wp-json\/wp\/v2\/media?parent=174511"}],"wp:term":[{"taxonomy":"category","embeddable":true,"href":"https:\/\/noticiasmercedinas.com\/site\/wp-json\/wp\/v2\/categories?post=174511"},{"taxonomy":"post_tag","embeddable":true,"href":"https:\/\/noticiasmercedinas.com\/site\/wp-json\/wp\/v2\/tags?post=174511"}],"curies":[{"name":"wp","href":"https:\/\/api.w.org\/{rel}","templated":true}]}}