{"id":174593,"date":"2025-11-18T16:29:03","date_gmt":"2025-11-18T19:29:03","guid":{"rendered":"https:\/\/noticiasmercedinas.com\/site\/?p=174593"},"modified":"2025-11-18T16:29:03","modified_gmt":"2025-11-18T19:29:03","slug":"domingo-dematei-gano-la-eleccion-del-centro-de-estudiantes-del-san-patricio-por-dos-votos","status":"publish","type":"post","link":"https:\/\/noticiasmercedinas.com\/site\/2025\/11\/18\/domingo-dematei-gano-la-eleccion-del-centro-de-estudiantes-del-san-patricio-por-dos-votos\/","title":{"rendered":"Domingo Dematei gan\u00f3 la elecci\u00f3n del Centro de Estudiantes del San Patricio por dos votos"},"content":{"rendered":"<p><img loading=\"lazy\" decoding=\"async\" class=\"alignnone size-full wp-image-174594\" src=\"https:\/\/noticiasmercedinas.com\/site\/wp-content\/uploads\/2025\/11\/DEMATEI.jpg\" alt=\"\" width=\"1067\" height=\"728\" srcset=\"https:\/\/noticiasmercedinas.com\/site\/wp-content\/uploads\/2025\/11\/DEMATEI.jpg 1067w, https:\/\/noticiasmercedinas.com\/site\/wp-content\/uploads\/2025\/11\/DEMATEI-300x205.jpg 300w, https:\/\/noticiasmercedinas.com\/site\/wp-content\/uploads\/2025\/11\/DEMATEI-1024x699.jpg 1024w, https:\/\/noticiasmercedinas.com\/site\/wp-content\/uploads\/2025\/11\/DEMATEI-768x524.jpg 768w, https:\/\/noticiasmercedinas.com\/site\/wp-content\/uploads\/2025\/11\/DEMATEI-640x437.jpg 640w, https:\/\/noticiasmercedinas.com\/site\/wp-content\/uploads\/2025\/11\/DEMATEI-681x465.jpg 681w\" sizes=\"auto, (max-width: 1067px) 100vw, 1067px\" \/><\/p>\n<p>La lista \u201cSomos Uno\u201d, encabezada por Domingo Dematei, se impuso en las elecciones para el Centro de Estudiantes del Colegio San Patricio de Mercedes.<\/p>\n<p>La victoria fue extremadamente ajustada, con una diferencia de solo dos votos, obteniendo 143 votos contra 141 de la lista rival. Dematei tiene previsto enfocar su gesti\u00f3n en el trabajo directo con los estudiantes.<\/p>\n<p>La votaci\u00f3n entre los alumnos del nivel secundario concluy\u00f3 con el triunfo de Dematei sobre sus adversarios, quienes hab\u00edan tenido una aparici\u00f3n medi\u00e1tica antes de la elecci\u00f3n.<\/p>\n<p>El presidente electo, Domingo Dematei, proviene de una familia con trayectoria pol\u00edtica y social, siendo sobrino del exconcejal y dirigente Mat\u00edas Dematei.<\/p>\n<p>La lista \u201cSomos Uno\u201d se compone de los siguientes estudiantes:<\/p>\n<ul>\n<li>Presidente: Domingo Dematei<\/li>\n<li>Vicepresidente: Clara Llanos<\/li>\n<li>Tesorero: Juan Pedro Silva<\/li>\n<li>Secretaria: Valentina Aguirre<\/li>\n<li>Consejeros de Convivencia: Pedro Silveira, Tadeo Minon, Ana Gallo y Antonia Vautretto<\/li>\n<li>Vocales: Julian Lopez, Vicente Revora, Catalina Dardans y Justina Perrone<\/li>\n<\/ul>\n<p>El discurso de la lista ganadora se centra en la intenci\u00f3n de \u00abtrabajar para ellos\u00bb (los alumnos). La propuesta ganadora se distinguir\u00eda por buscar un Centro de Estudiantes \u00abpresente\u00bb y que act\u00fae como \u00abmedio\u00bb entre los alumnos y las autoridades del colegio.<\/p>\n<p>La oposici\u00f3n hab\u00eda manifestado que las propuestas hist\u00f3ricas del Centro de Estudiantes se enfocaban en la infraestructura (como cambiar pizarras o poner aires acondicionados), proyectos que los vencedores consideran \u00abimposibles\u00bb y de \u00abgran presupuesto\u00bb y que deber\u00edan ser responsabilidad de la instituci\u00f3n, no de los estudiantes.<\/p>\n","protected":false},"excerpt":{"rendered":"<p>\u25a0 La victoria de la lista \u201cSomos Uno\u201d fue extremadamente ajustada, con una diferencia de solo dos votos, obteniendo 143 votos contra 141 de la lista rival. Dematei tiene previsto enfocar su gesti\u00f3n en el trabajo directo con los estudiantes.<\/p>\n","protected":false},"author":16,"featured_media":174594,"comment_status":"closed","ping_status":"closed","sticky":false,"template":"","format":"standard","meta":{"footnotes":""},"categories":[3],"tags":[1999,21298,115,1751],"class_list":["post-174593","post","type-post","status-publish","format-standard","has-post-thumbnail","hentry","category-sociedad","tag-centro-de-estudiantes","tag-domingo-dematei","tag-elecciones","tag-san-patricio"],"yoast_head":"<!-- This site is optimized with the Yoast SEO plugin v27.5 - https:\/\/yoast.com\/product\/yoast-seo-wordpress\/ -->\n<title>Domingo Dematei gan\u00f3 la elecci\u00f3n del Centro de Estudiantes del San Patricio por dos votos<\/title>\n<meta name=\"description\" content=\"La victoria fue extremadamente ajustada, con una diferencia de solo dos votos, obteniendo 143 votos contra 141 de la lista rival. Dematei tiene previsto enfocar su gesti\u00f3n en el trabajo directo con los estudiantes.\" \/>\n<meta name=\"robots\" content=\"index, follow, max-snippet:-1, max-image-preview:large, max-video-preview:-1\" \/>\n<link rel=\"canonical\" href=\"https:\/\/noticiasmercedinas.com\/site\/2025\/11\/18\/domingo-dematei-gano-la-eleccion-del-centro-de-estudiantes-del-san-patricio-por-dos-votos\/\" \/>\n<meta property=\"og:locale\" content=\"es_ES\" \/>\n<meta property=\"og:type\" content=\"article\" \/>\n<meta property=\"og:title\" content=\"Domingo Dematei gan\u00f3 la elecci\u00f3n del Centro de Estudiantes del San Patricio por dos votos\" \/>\n<meta property=\"og:description\" content=\"La victoria fue extremadamente ajustada, con una diferencia de solo dos votos, obteniendo 143 votos contra 141 de la lista rival. Dematei tiene previsto enfocar su gesti\u00f3n en el trabajo directo con los estudiantes.\" \/>\n<meta property=\"og:url\" content=\"https:\/\/noticiasmercedinas.com\/site\/2025\/11\/18\/domingo-dematei-gano-la-eleccion-del-centro-de-estudiantes-del-san-patricio-por-dos-votos\/\" \/>\n<meta property=\"og:site_name\" content=\"NOTICIASMERCEDINAS.COM\" \/>\n<meta property=\"article:publisher\" content=\"https:\/\/www.facebook.com\/noticiasmercedinas\/\" \/>\n<meta property=\"article:published_time\" content=\"2025-11-18T19:29:03+00:00\" \/>\n<meta property=\"og:image\" content=\"https:\/\/noticiasmercedinas.com\/site\/wp-content\/uploads\/2025\/11\/DEMATEI.jpg\" \/>\n\t<meta property=\"og:image:width\" content=\"1067\" \/>\n\t<meta property=\"og:image:height\" content=\"728\" \/>\n\t<meta property=\"og:image:type\" content=\"image\/jpeg\" \/>\n<meta name=\"author\" content=\"NOTICIASMERCEDINAS.COM\" \/>\n<meta name=\"twitter:card\" content=\"summary_large_image\" \/>\n<meta name=\"twitter:creator\" content=\"@notmercedinas\" \/>\n<meta name=\"twitter:site\" content=\"@notmercedinas\" \/>\n<meta name=\"twitter:label1\" content=\"Escrito por\" \/>\n\t<meta name=\"twitter:data1\" content=\"NOTICIASMERCEDINAS.COM\" \/>\n\t<meta name=\"twitter:label2\" content=\"Tiempo de lectura\" \/>\n\t<meta name=\"twitter:data2\" content=\"2 minutos\" \/>\n<script type=\"application\/ld+json\" class=\"yoast-schema-graph\">{\"@context\":\"https:\\\/\\\/schema.org\",\"@graph\":[{\"@type\":\"Article\",\"@id\":\"https:\\\/\\\/noticiasmercedinas.com\\\/site\\\/2025\\\/11\\\/18\\\/domingo-dematei-gano-la-eleccion-del-centro-de-estudiantes-del-san-patricio-por-dos-votos\\\/#article\",\"isPartOf\":{\"@id\":\"https:\\\/\\\/noticiasmercedinas.com\\\/site\\\/2025\\\/11\\\/18\\\/domingo-dematei-gano-la-eleccion-del-centro-de-estudiantes-del-san-patricio-por-dos-votos\\\/\"},\"author\":{\"name\":\"NOTICIASMERCEDINAS.COM\",\"@id\":\"https:\\\/\\\/noticiasmercedinas.com\\\/site\\\/#\\\/schema\\\/person\\\/84b59c099c28ff2e8b77d4ceec5d8063\"},\"headline\":\"Domingo Dematei gan\u00f3 la elecci\u00f3n del Centro de Estudiantes del San Patricio por dos votos\",\"datePublished\":\"2025-11-18T19:29:03+00:00\",\"mainEntityOfPage\":{\"@id\":\"https:\\\/\\\/noticiasmercedinas.com\\\/site\\\/2025\\\/11\\\/18\\\/domingo-dematei-gano-la-eleccion-del-centro-de-estudiantes-del-san-patricio-por-dos-votos\\\/\"},\"wordCount\":270,\"publisher\":{\"@id\":\"https:\\\/\\\/noticiasmercedinas.com\\\/site\\\/#organization\"},\"image\":{\"@id\":\"https:\\\/\\\/noticiasmercedinas.com\\\/site\\\/2025\\\/11\\\/18\\\/domingo-dematei-gano-la-eleccion-del-centro-de-estudiantes-del-san-patricio-por-dos-votos\\\/#primaryimage\"},\"thumbnailUrl\":\"https:\\\/\\\/noticiasmercedinas.com\\\/site\\\/wp-content\\\/uploads\\\/2025\\\/11\\\/DEMATEI.jpg\",\"keywords\":[\"centro de estudiantes\",\"domingo dematei\",\"elecciones\",\"san patricio\"],\"articleSection\":[\"Sociedad\"],\"inLanguage\":\"es\"},{\"@type\":\"WebPage\",\"@id\":\"https:\\\/\\\/noticiasmercedinas.com\\\/site\\\/2025\\\/11\\\/18\\\/domingo-dematei-gano-la-eleccion-del-centro-de-estudiantes-del-san-patricio-por-dos-votos\\\/\",\"url\":\"https:\\\/\\\/noticiasmercedinas.com\\\/site\\\/2025\\\/11\\\/18\\\/domingo-dematei-gano-la-eleccion-del-centro-de-estudiantes-del-san-patricio-por-dos-votos\\\/\",\"name\":\"Domingo Dematei gan\u00f3 la elecci\u00f3n del Centro de Estudiantes del San Patricio por dos votos\",\"isPartOf\":{\"@id\":\"https:\\\/\\\/noticiasmercedinas.com\\\/site\\\/#website\"},\"primaryImageOfPage\":{\"@id\":\"https:\\\/\\\/noticiasmercedinas.com\\\/site\\\/2025\\\/11\\\/18\\\/domingo-dematei-gano-la-eleccion-del-centro-de-estudiantes-del-san-patricio-por-dos-votos\\\/#primaryimage\"},\"image\":{\"@id\":\"https:\\\/\\\/noticiasmercedinas.com\\\/site\\\/2025\\\/11\\\/18\\\/domingo-dematei-gano-la-eleccion-del-centro-de-estudiantes-del-san-patricio-por-dos-votos\\\/#primaryimage\"},\"thumbnailUrl\":\"https:\\\/\\\/noticiasmercedinas.com\\\/site\\\/wp-content\\\/uploads\\\/2025\\\/11\\\/DEMATEI.jpg\",\"datePublished\":\"2025-11-18T19:29:03+00:00\",\"description\":\"La victoria fue extremadamente ajustada, con una diferencia de solo dos votos, obteniendo 143 votos contra 141 de la lista rival. Dematei tiene previsto enfocar su gesti\u00f3n en el trabajo directo con los estudiantes.\",\"breadcrumb\":{\"@id\":\"https:\\\/\\\/noticiasmercedinas.com\\\/site\\\/2025\\\/11\\\/18\\\/domingo-dematei-gano-la-eleccion-del-centro-de-estudiantes-del-san-patricio-por-dos-votos\\\/#breadcrumb\"},\"inLanguage\":\"es\",\"potentialAction\":[{\"@type\":\"ReadAction\",\"target\":[\"https:\\\/\\\/noticiasmercedinas.com\\\/site\\\/2025\\\/11\\\/18\\\/domingo-dematei-gano-la-eleccion-del-centro-de-estudiantes-del-san-patricio-por-dos-votos\\\/\"]}]},{\"@type\":\"ImageObject\",\"inLanguage\":\"es\",\"@id\":\"https:\\\/\\\/noticiasmercedinas.com\\\/site\\\/2025\\\/11\\\/18\\\/domingo-dematei-gano-la-eleccion-del-centro-de-estudiantes-del-san-patricio-por-dos-votos\\\/#primaryimage\",\"url\":\"https:\\\/\\\/noticiasmercedinas.com\\\/site\\\/wp-content\\\/uploads\\\/2025\\\/11\\\/DEMATEI.jpg\",\"contentUrl\":\"https:\\\/\\\/noticiasmercedinas.com\\\/site\\\/wp-content\\\/uploads\\\/2025\\\/11\\\/DEMATEI.jpg\",\"width\":1067,\"height\":728},{\"@type\":\"BreadcrumbList\",\"@id\":\"https:\\\/\\\/noticiasmercedinas.com\\\/site\\\/2025\\\/11\\\/18\\\/domingo-dematei-gano-la-eleccion-del-centro-de-estudiantes-del-san-patricio-por-dos-votos\\\/#breadcrumb\",\"itemListElement\":[{\"@type\":\"ListItem\",\"position\":1,\"name\":\"Portada\",\"item\":\"https:\\\/\\\/noticiasmercedinas.com\\\/site\\\/\"},{\"@type\":\"ListItem\",\"position\":2,\"name\":\"Domingo Dematei gan\u00f3 la elecci\u00f3n del Centro de Estudiantes del San Patricio por dos votos\"}]},{\"@type\":\"WebSite\",\"@id\":\"https:\\\/\\\/noticiasmercedinas.com\\\/site\\\/#website\",\"url\":\"https:\\\/\\\/noticiasmercedinas.com\\\/site\\\/\",\"name\":\"NOTICIASMERCEDINAS.COM\",\"description\":\"Mercedes, Buenos Aires, Argentina\",\"publisher\":{\"@id\":\"https:\\\/\\\/noticiasmercedinas.com\\\/site\\\/#organization\"},\"potentialAction\":[{\"@type\":\"SearchAction\",\"target\":{\"@type\":\"EntryPoint\",\"urlTemplate\":\"https:\\\/\\\/noticiasmercedinas.com\\\/site\\\/?s={search_term_string}\"},\"query-input\":{\"@type\":\"PropertyValueSpecification\",\"valueRequired\":true,\"valueName\":\"search_term_string\"}}],\"inLanguage\":\"es\"},{\"@type\":\"Organization\",\"@id\":\"https:\\\/\\\/noticiasmercedinas.com\\\/site\\\/#organization\",\"name\":\"NOTICIASMERCEDINAS.COM\",\"url\":\"https:\\\/\\\/noticiasmercedinas.com\\\/site\\\/\",\"logo\":{\"@type\":\"ImageObject\",\"inLanguage\":\"es\",\"@id\":\"https:\\\/\\\/noticiasmercedinas.com\\\/site\\\/#\\\/schema\\\/logo\\\/image\\\/\",\"url\":\"https:\\\/\\\/noticiasmercedinas.com\\\/site\\\/wp-content\\\/uploads\\\/2020\\\/06\\\/LOGO-512.jpg\",\"contentUrl\":\"https:\\\/\\\/noticiasmercedinas.com\\\/site\\\/wp-content\\\/uploads\\\/2020\\\/06\\\/LOGO-512.jpg\",\"width\":512,\"height\":512,\"caption\":\"NOTICIASMERCEDINAS.COM\"},\"image\":{\"@id\":\"https:\\\/\\\/noticiasmercedinas.com\\\/site\\\/#\\\/schema\\\/logo\\\/image\\\/\"},\"sameAs\":[\"https:\\\/\\\/www.facebook.com\\\/noticiasmercedinas\\\/\",\"https:\\\/\\\/x.com\\\/notmercedinas\",\"https:\\\/\\\/www.instagram.com\\\/noticiasmercedinas\\\/\"]},{\"@type\":\"Person\",\"@id\":\"https:\\\/\\\/noticiasmercedinas.com\\\/site\\\/#\\\/schema\\\/person\\\/84b59c099c28ff2e8b77d4ceec5d8063\",\"name\":\"NOTICIASMERCEDINAS.COM\",\"image\":{\"@type\":\"ImageObject\",\"inLanguage\":\"es\",\"@id\":\"https:\\\/\\\/secure.gravatar.com\\\/avatar\\\/4dfbf16b4d17945bfb6341b2d19043457132fcf478a5ee04f42e959fd8f5df0a?s=96&d=mm&r=g\",\"url\":\"https:\\\/\\\/secure.gravatar.com\\\/avatar\\\/4dfbf16b4d17945bfb6341b2d19043457132fcf478a5ee04f42e959fd8f5df0a?s=96&d=mm&r=g\",\"contentUrl\":\"https:\\\/\\\/secure.gravatar.com\\\/avatar\\\/4dfbf16b4d17945bfb6341b2d19043457132fcf478a5ee04f42e959fd8f5df0a?s=96&d=mm&r=g\",\"caption\":\"NOTICIASMERCEDINAS.COM\"},\"url\":\"https:\\\/\\\/noticiasmercedinas.com\\\/site\\\/author\\\/anonimo\\\/\"}]}<\/script>\n<!-- \/ Yoast SEO plugin. -->","yoast_head_json":{"title":"Domingo Dematei gan\u00f3 la elecci\u00f3n del Centro de Estudiantes del San Patricio por dos votos","description":"La victoria fue extremadamente ajustada, con una diferencia de solo dos votos, obteniendo 143 votos contra 141 de la lista rival. Dematei tiene previsto enfocar su gesti\u00f3n en el trabajo directo con los estudiantes.","robots":{"index":"index","follow":"follow","max-snippet":"max-snippet:-1","max-image-preview":"max-image-preview:large","max-video-preview":"max-video-preview:-1"},"canonical":"https:\/\/noticiasmercedinas.com\/site\/2025\/11\/18\/domingo-dematei-gano-la-eleccion-del-centro-de-estudiantes-del-san-patricio-por-dos-votos\/","og_locale":"es_ES","og_type":"article","og_title":"Domingo Dematei gan\u00f3 la elecci\u00f3n del Centro de Estudiantes del San Patricio por dos votos","og_description":"La victoria fue extremadamente ajustada, con una diferencia de solo dos votos, obteniendo 143 votos contra 141 de la lista rival. Dematei tiene previsto enfocar su gesti\u00f3n en el trabajo directo con los estudiantes.","og_url":"https:\/\/noticiasmercedinas.com\/site\/2025\/11\/18\/domingo-dematei-gano-la-eleccion-del-centro-de-estudiantes-del-san-patricio-por-dos-votos\/","og_site_name":"NOTICIASMERCEDINAS.COM","article_publisher":"https:\/\/www.facebook.com\/noticiasmercedinas\/","article_published_time":"2025-11-18T19:29:03+00:00","og_image":[{"width":1067,"height":728,"url":"https:\/\/noticiasmercedinas.com\/site\/wp-content\/uploads\/2025\/11\/DEMATEI.jpg","type":"image\/jpeg"}],"author":"NOTICIASMERCEDINAS.COM","twitter_card":"summary_large_image","twitter_creator":"@notmercedinas","twitter_site":"@notmercedinas","twitter_misc":{"Escrito por":"NOTICIASMERCEDINAS.COM","Tiempo de lectura":"2 minutos"},"schema":{"@context":"https:\/\/schema.org","@graph":[{"@type":"Article","@id":"https:\/\/noticiasmercedinas.com\/site\/2025\/11\/18\/domingo-dematei-gano-la-eleccion-del-centro-de-estudiantes-del-san-patricio-por-dos-votos\/#article","isPartOf":{"@id":"https:\/\/noticiasmercedinas.com\/site\/2025\/11\/18\/domingo-dematei-gano-la-eleccion-del-centro-de-estudiantes-del-san-patricio-por-dos-votos\/"},"author":{"name":"NOTICIASMERCEDINAS.COM","@id":"https:\/\/noticiasmercedinas.com\/site\/#\/schema\/person\/84b59c099c28ff2e8b77d4ceec5d8063"},"headline":"Domingo Dematei gan\u00f3 la elecci\u00f3n del Centro de Estudiantes del San Patricio por dos votos","datePublished":"2025-11-18T19:29:03+00:00","mainEntityOfPage":{"@id":"https:\/\/noticiasmercedinas.com\/site\/2025\/11\/18\/domingo-dematei-gano-la-eleccion-del-centro-de-estudiantes-del-san-patricio-por-dos-votos\/"},"wordCount":270,"publisher":{"@id":"https:\/\/noticiasmercedinas.com\/site\/#organization"},"image":{"@id":"https:\/\/noticiasmercedinas.com\/site\/2025\/11\/18\/domingo-dematei-gano-la-eleccion-del-centro-de-estudiantes-del-san-patricio-por-dos-votos\/#primaryimage"},"thumbnailUrl":"https:\/\/noticiasmercedinas.com\/site\/wp-content\/uploads\/2025\/11\/DEMATEI.jpg","keywords":["centro de estudiantes","domingo dematei","elecciones","san patricio"],"articleSection":["Sociedad"],"inLanguage":"es"},{"@type":"WebPage","@id":"https:\/\/noticiasmercedinas.com\/site\/2025\/11\/18\/domingo-dematei-gano-la-eleccion-del-centro-de-estudiantes-del-san-patricio-por-dos-votos\/","url":"https:\/\/noticiasmercedinas.com\/site\/2025\/11\/18\/domingo-dematei-gano-la-eleccion-del-centro-de-estudiantes-del-san-patricio-por-dos-votos\/","name":"Domingo Dematei gan\u00f3 la elecci\u00f3n del Centro de Estudiantes del San Patricio por dos votos","isPartOf":{"@id":"https:\/\/noticiasmercedinas.com\/site\/#website"},"primaryImageOfPage":{"@id":"https:\/\/noticiasmercedinas.com\/site\/2025\/11\/18\/domingo-dematei-gano-la-eleccion-del-centro-de-estudiantes-del-san-patricio-por-dos-votos\/#primaryimage"},"image":{"@id":"https:\/\/noticiasmercedinas.com\/site\/2025\/11\/18\/domingo-dematei-gano-la-eleccion-del-centro-de-estudiantes-del-san-patricio-por-dos-votos\/#primaryimage"},"thumbnailUrl":"https:\/\/noticiasmercedinas.com\/site\/wp-content\/uploads\/2025\/11\/DEMATEI.jpg","datePublished":"2025-11-18T19:29:03+00:00","description":"La victoria fue extremadamente ajustada, con una diferencia de solo dos votos, obteniendo 143 votos contra 141 de la lista rival. Dematei tiene previsto enfocar su gesti\u00f3n en el trabajo directo con los estudiantes.","breadcrumb":{"@id":"https:\/\/noticiasmercedinas.com\/site\/2025\/11\/18\/domingo-dematei-gano-la-eleccion-del-centro-de-estudiantes-del-san-patricio-por-dos-votos\/#breadcrumb"},"inLanguage":"es","potentialAction":[{"@type":"ReadAction","target":["https:\/\/noticiasmercedinas.com\/site\/2025\/11\/18\/domingo-dematei-gano-la-eleccion-del-centro-de-estudiantes-del-san-patricio-por-dos-votos\/"]}]},{"@type":"ImageObject","inLanguage":"es","@id":"https:\/\/noticiasmercedinas.com\/site\/2025\/11\/18\/domingo-dematei-gano-la-eleccion-del-centro-de-estudiantes-del-san-patricio-por-dos-votos\/#primaryimage","url":"https:\/\/noticiasmercedinas.com\/site\/wp-content\/uploads\/2025\/11\/DEMATEI.jpg","contentUrl":"https:\/\/noticiasmercedinas.com\/site\/wp-content\/uploads\/2025\/11\/DEMATEI.jpg","width":1067,"height":728},{"@type":"BreadcrumbList","@id":"https:\/\/noticiasmercedinas.com\/site\/2025\/11\/18\/domingo-dematei-gano-la-eleccion-del-centro-de-estudiantes-del-san-patricio-por-dos-votos\/#breadcrumb","itemListElement":[{"@type":"ListItem","position":1,"name":"Portada","item":"https:\/\/noticiasmercedinas.com\/site\/"},{"@type":"ListItem","position":2,"name":"Domingo Dematei gan\u00f3 la elecci\u00f3n del Centro de Estudiantes del San Patricio por dos votos"}]},{"@type":"WebSite","@id":"https:\/\/noticiasmercedinas.com\/site\/#website","url":"https:\/\/noticiasmercedinas.com\/site\/","name":"NOTICIASMERCEDINAS.COM","description":"Mercedes, Buenos Aires, Argentina","publisher":{"@id":"https:\/\/noticiasmercedinas.com\/site\/#organization"},"potentialAction":[{"@type":"SearchAction","target":{"@type":"EntryPoint","urlTemplate":"https:\/\/noticiasmercedinas.com\/site\/?s={search_term_string}"},"query-input":{"@type":"PropertyValueSpecification","valueRequired":true,"valueName":"search_term_string"}}],"inLanguage":"es"},{"@type":"Organization","@id":"https:\/\/noticiasmercedinas.com\/site\/#organization","name":"NOTICIASMERCEDINAS.COM","url":"https:\/\/noticiasmercedinas.com\/site\/","logo":{"@type":"ImageObject","inLanguage":"es","@id":"https:\/\/noticiasmercedinas.com\/site\/#\/schema\/logo\/image\/","url":"https:\/\/noticiasmercedinas.com\/site\/wp-content\/uploads\/2020\/06\/LOGO-512.jpg","contentUrl":"https:\/\/noticiasmercedinas.com\/site\/wp-content\/uploads\/2020\/06\/LOGO-512.jpg","width":512,"height":512,"caption":"NOTICIASMERCEDINAS.COM"},"image":{"@id":"https:\/\/noticiasmercedinas.com\/site\/#\/schema\/logo\/image\/"},"sameAs":["https:\/\/www.facebook.com\/noticiasmercedinas\/","https:\/\/x.com\/notmercedinas","https:\/\/www.instagram.com\/noticiasmercedinas\/"]},{"@type":"Person","@id":"https:\/\/noticiasmercedinas.com\/site\/#\/schema\/person\/84b59c099c28ff2e8b77d4ceec5d8063","name":"NOTICIASMERCEDINAS.COM","image":{"@type":"ImageObject","inLanguage":"es","@id":"https:\/\/secure.gravatar.com\/avatar\/4dfbf16b4d17945bfb6341b2d19043457132fcf478a5ee04f42e959fd8f5df0a?s=96&d=mm&r=g","url":"https:\/\/secure.gravatar.com\/avatar\/4dfbf16b4d17945bfb6341b2d19043457132fcf478a5ee04f42e959fd8f5df0a?s=96&d=mm&r=g","contentUrl":"https:\/\/secure.gravatar.com\/avatar\/4dfbf16b4d17945bfb6341b2d19043457132fcf478a5ee04f42e959fd8f5df0a?s=96&d=mm&r=g","caption":"NOTICIASMERCEDINAS.COM"},"url":"https:\/\/noticiasmercedinas.com\/site\/author\/anonimo\/"}]}},"amp_enabled":true,"_links":{"self":[{"href":"https:\/\/noticiasmercedinas.com\/site\/wp-json\/wp\/v2\/posts\/174593","targetHints":{"allow":["GET"]}}],"collection":[{"href":"https:\/\/noticiasmercedinas.com\/site\/wp-json\/wp\/v2\/posts"}],"about":[{"href":"https:\/\/noticiasmercedinas.com\/site\/wp-json\/wp\/v2\/types\/post"}],"author":[{"embeddable":true,"href":"https:\/\/noticiasmercedinas.com\/site\/wp-json\/wp\/v2\/users\/16"}],"replies":[{"embeddable":true,"href":"https:\/\/noticiasmercedinas.com\/site\/wp-json\/wp\/v2\/comments?post=174593"}],"version-history":[{"count":1,"href":"https:\/\/noticiasmercedinas.com\/site\/wp-json\/wp\/v2\/posts\/174593\/revisions"}],"predecessor-version":[{"id":174595,"href":"https:\/\/noticiasmercedinas.com\/site\/wp-json\/wp\/v2\/posts\/174593\/revisions\/174595"}],"wp:featuredmedia":[{"embeddable":true,"href":"https:\/\/noticiasmercedinas.com\/site\/wp-json\/wp\/v2\/media\/174594"}],"wp:attachment":[{"href":"https:\/\/noticiasmercedinas.com\/site\/wp-json\/wp\/v2\/media?parent=174593"}],"wp:term":[{"taxonomy":"category","embeddable":true,"href":"https:\/\/noticiasmercedinas.com\/site\/wp-json\/wp\/v2\/categories?post=174593"},{"taxonomy":"post_tag","embeddable":true,"href":"https:\/\/noticiasmercedinas.com\/site\/wp-json\/wp\/v2\/tags?post=174593"}],"curies":[{"name":"wp","href":"https:\/\/api.w.org\/{rel}","templated":true}]}}