{"id":174598,"date":"2025-11-18T19:12:04","date_gmt":"2025-11-18T22:12:04","guid":{"rendered":"https:\/\/noticiasmercedinas.com\/site\/?p=174598"},"modified":"2025-11-18T19:12:04","modified_gmt":"2025-11-18T22:12:04","slug":"sindicato-de-trabajadores-municipales-logra-claridad-sobre-la-feria-administrativa-de-enero-de-2026","status":"publish","type":"post","link":"https:\/\/noticiasmercedinas.com\/site\/2025\/11\/18\/sindicato-de-trabajadores-municipales-logra-claridad-sobre-la-feria-administrativa-de-enero-de-2026\/","title":{"rendered":"Sindicato de Trabajadores Municipales logra claridad sobre la Feria Administrativa de enero de 2026"},"content":{"rendered":"<p data-path-to-node=\"6\"><img loading=\"lazy\" decoding=\"async\" class=\"alignnone size-full wp-image-174599\" src=\"https:\/\/noticiasmercedinas.com\/site\/wp-content\/uploads\/2025\/11\/valerga-e1763503834740.jpg\" alt=\"\" width=\"900\" height=\"680\" srcset=\"https:\/\/noticiasmercedinas.com\/site\/wp-content\/uploads\/2025\/11\/valerga-e1763503834740.jpg 900w, https:\/\/noticiasmercedinas.com\/site\/wp-content\/uploads\/2025\/11\/valerga-e1763503834740-300x227.jpg 300w, https:\/\/noticiasmercedinas.com\/site\/wp-content\/uploads\/2025\/11\/valerga-e1763503834740-768x580.jpg 768w, https:\/\/noticiasmercedinas.com\/site\/wp-content\/uploads\/2025\/11\/valerga-e1763503834740-80x60.jpg 80w, https:\/\/noticiasmercedinas.com\/site\/wp-content\/uploads\/2025\/11\/valerga-e1763503834740-160x120.jpg 160w, https:\/\/noticiasmercedinas.com\/site\/wp-content\/uploads\/2025\/11\/valerga-e1763503834740-100x75.jpg 100w, https:\/\/noticiasmercedinas.com\/site\/wp-content\/uploads\/2025\/11\/valerga-e1763503834740-200x150.jpg 200w, https:\/\/noticiasmercedinas.com\/site\/wp-content\/uploads\/2025\/11\/valerga-e1763503834740-180x135.jpg 180w, https:\/\/noticiasmercedinas.com\/site\/wp-content\/uploads\/2025\/11\/valerga-e1763503834740-640x484.jpg 640w, https:\/\/noticiasmercedinas.com\/site\/wp-content\/uploads\/2025\/11\/valerga-e1763503834740-681x515.jpg 681w\" sizes=\"auto, (max-width: 900px) 100vw, 900px\" \/><\/p>\n<p data-path-to-node=\"6\">El <b>Sindicato de Trabajadores Municipales de Mercedes (STMM)<\/b>, liderado por <b>Evangelina Artaza<\/b>, obtuvo hoy respuestas directas de la Secretar\u00eda de Econom\u00eda respecto a la <b>Feria Administrativa<\/b> programada para <b>enero de 2026<\/b>.<\/p>\n<p data-path-to-node=\"7\">El encuentro se llev\u00f3 a cabo en el \u00e1rea de Recaudaci\u00f3n del <b>Palacio Municipal<\/b>, donde la dirigencia sindical se acerc\u00f3 a los trabajadores para abordar la falta de informaci\u00f3n oficial que generaba incertidumbre entre el personal.<\/p>\n<p data-path-to-node=\"8\">El <b>Dr. David Valerga<\/b>, Secretario de Econom\u00eda, se present\u00f3 en el lugar para dialogar con los empleados y brindar detalles concretos sobre la planificaci\u00f3n del receso. Esta intervenci\u00f3n fue clave para resolver las dudas de los compa\u00f1eros que, hasta ese momento, no contaban con una comunicaci\u00f3n formal del Ejecutivo local.<\/p>\n<p data-path-to-node=\"9\">La acci\u00f3n se enmarca en un compromiso del STMM, desde el espacio de <b>\u00abLa Violeta\u00bb<\/b>, de mantener un di\u00e1logo constante con el personal. Seg\u00fan lo manifestado en redes sociales, la comisi\u00f3n directiva \u2014que incluye a miembros como Maru Huinchinao, Andrea Ricaldi y Santi Simonetti\u2014, continuar\u00e1 recorriendo las distintas \u00e1reas municipales para garantizar que todos los trabajadores reciban la informaci\u00f3n necesaria.<\/p>\n<p data-path-to-node=\"9\">El STMM forma parte de la <b>Federaci\u00f3n de Sindicatos Municipales Bonaerenses (Fesimubo)<\/b>, Secci\u00f3n 3B, reforzando su peso gremial en la regi\u00f3n.<\/p>\n","protected":false},"excerpt":{"rendered":"<p>\u25a0\u00a0El Secretario de Econom\u00eda de la comuna, Dr. David Valerga, brind\u00f3 informaci\u00f3n oficial y disip\u00f3 las dudas del personal del Palacio Municipal, poniendo fin a la incertidumbre sindical sobre el per\u00edodo de receso.<\/p>\n","protected":false},"author":16,"featured_media":174599,"comment_status":"closed","ping_status":"closed","sticky":false,"template":"","format":"standard","meta":{"footnotes":""},"categories":[3],"tags":[4553,546,1394],"class_list":["post-174598","post","type-post","status-publish","format-standard","has-post-thumbnail","hentry","category-sociedad","tag-david-valerga","tag-municipales","tag-stmm"],"yoast_head":"<!-- This site is optimized with the Yoast SEO plugin v27.5 - https:\/\/yoast.com\/product\/yoast-seo-wordpress\/ -->\n<title>Sindicato de Trabajadores Municipales logra claridad sobre la Feria Administrativa de enero de 2026<\/title>\n<meta name=\"description\" content=\"\u25a0\u00a0El Secretario de Econom\u00eda de la comuna, Dr. David Valerga, brind\u00f3 informaci\u00f3n oficial y disip\u00f3 las dudas del personal del Palacio Municipal, poniendo fin a la incertidumbre sindical sobre el per\u00edodo de receso.\" \/>\n<meta name=\"robots\" content=\"index, follow, max-snippet:-1, max-image-preview:large, max-video-preview:-1\" \/>\n<link rel=\"canonical\" href=\"https:\/\/noticiasmercedinas.com\/site\/2025\/11\/18\/sindicato-de-trabajadores-municipales-logra-claridad-sobre-la-feria-administrativa-de-enero-de-2026\/\" \/>\n<meta property=\"og:locale\" content=\"es_ES\" \/>\n<meta property=\"og:type\" content=\"article\" \/>\n<meta property=\"og:title\" content=\"Sindicato de Trabajadores Municipales logra claridad sobre la Feria Administrativa de enero de 2026\" \/>\n<meta property=\"og:description\" content=\"\u25a0\u00a0El Secretario de Econom\u00eda de la comuna, Dr. David Valerga, brind\u00f3 informaci\u00f3n oficial y disip\u00f3 las dudas del personal del Palacio Municipal, poniendo fin a la incertidumbre sindical sobre el per\u00edodo de receso.\" \/>\n<meta property=\"og:url\" content=\"https:\/\/noticiasmercedinas.com\/site\/2025\/11\/18\/sindicato-de-trabajadores-municipales-logra-claridad-sobre-la-feria-administrativa-de-enero-de-2026\/\" \/>\n<meta property=\"og:site_name\" content=\"NOTICIASMERCEDINAS.COM\" \/>\n<meta property=\"article:publisher\" content=\"https:\/\/www.facebook.com\/noticiasmercedinas\/\" \/>\n<meta property=\"article:published_time\" content=\"2025-11-18T22:12:04+00:00\" \/>\n<meta property=\"og:image\" content=\"https:\/\/noticiasmercedinas.com\/site\/wp-content\/uploads\/2025\/11\/valerga-e1763503834740.jpg\" \/>\n\t<meta property=\"og:image:width\" content=\"900\" \/>\n\t<meta property=\"og:image:height\" content=\"680\" \/>\n\t<meta property=\"og:image:type\" content=\"image\/jpeg\" \/>\n<meta name=\"author\" content=\"NOTICIASMERCEDINAS.COM\" \/>\n<meta name=\"twitter:card\" content=\"summary_large_image\" \/>\n<meta name=\"twitter:creator\" content=\"@notmercedinas\" \/>\n<meta name=\"twitter:site\" content=\"@notmercedinas\" \/>\n<meta name=\"twitter:label1\" content=\"Escrito por\" \/>\n\t<meta name=\"twitter:data1\" content=\"NOTICIASMERCEDINAS.COM\" \/>\n\t<meta name=\"twitter:label2\" content=\"Tiempo de lectura\" \/>\n\t<meta name=\"twitter:data2\" content=\"2 minutos\" \/>\n<script type=\"application\/ld+json\" class=\"yoast-schema-graph\">{\"@context\":\"https:\\\/\\\/schema.org\",\"@graph\":[{\"@type\":\"Article\",\"@id\":\"https:\\\/\\\/noticiasmercedinas.com\\\/site\\\/2025\\\/11\\\/18\\\/sindicato-de-trabajadores-municipales-logra-claridad-sobre-la-feria-administrativa-de-enero-de-2026\\\/#article\",\"isPartOf\":{\"@id\":\"https:\\\/\\\/noticiasmercedinas.com\\\/site\\\/2025\\\/11\\\/18\\\/sindicato-de-trabajadores-municipales-logra-claridad-sobre-la-feria-administrativa-de-enero-de-2026\\\/\"},\"author\":{\"name\":\"NOTICIASMERCEDINAS.COM\",\"@id\":\"https:\\\/\\\/noticiasmercedinas.com\\\/site\\\/#\\\/schema\\\/person\\\/84b59c099c28ff2e8b77d4ceec5d8063\"},\"headline\":\"Sindicato de Trabajadores Municipales logra claridad sobre la Feria Administrativa de enero de 2026\",\"datePublished\":\"2025-11-18T22:12:04+00:00\",\"mainEntityOfPage\":{\"@id\":\"https:\\\/\\\/noticiasmercedinas.com\\\/site\\\/2025\\\/11\\\/18\\\/sindicato-de-trabajadores-municipales-logra-claridad-sobre-la-feria-administrativa-de-enero-de-2026\\\/\"},\"wordCount\":227,\"publisher\":{\"@id\":\"https:\\\/\\\/noticiasmercedinas.com\\\/site\\\/#organization\"},\"image\":{\"@id\":\"https:\\\/\\\/noticiasmercedinas.com\\\/site\\\/2025\\\/11\\\/18\\\/sindicato-de-trabajadores-municipales-logra-claridad-sobre-la-feria-administrativa-de-enero-de-2026\\\/#primaryimage\"},\"thumbnailUrl\":\"https:\\\/\\\/noticiasmercedinas.com\\\/site\\\/wp-content\\\/uploads\\\/2025\\\/11\\\/valerga-e1763503834740.jpg\",\"keywords\":[\"david valerga\",\"municipales\",\"stmm\"],\"articleSection\":[\"Sociedad\"],\"inLanguage\":\"es\"},{\"@type\":\"WebPage\",\"@id\":\"https:\\\/\\\/noticiasmercedinas.com\\\/site\\\/2025\\\/11\\\/18\\\/sindicato-de-trabajadores-municipales-logra-claridad-sobre-la-feria-administrativa-de-enero-de-2026\\\/\",\"url\":\"https:\\\/\\\/noticiasmercedinas.com\\\/site\\\/2025\\\/11\\\/18\\\/sindicato-de-trabajadores-municipales-logra-claridad-sobre-la-feria-administrativa-de-enero-de-2026\\\/\",\"name\":\"Sindicato de Trabajadores Municipales logra claridad sobre la Feria Administrativa de enero de 2026\",\"isPartOf\":{\"@id\":\"https:\\\/\\\/noticiasmercedinas.com\\\/site\\\/#website\"},\"primaryImageOfPage\":{\"@id\":\"https:\\\/\\\/noticiasmercedinas.com\\\/site\\\/2025\\\/11\\\/18\\\/sindicato-de-trabajadores-municipales-logra-claridad-sobre-la-feria-administrativa-de-enero-de-2026\\\/#primaryimage\"},\"image\":{\"@id\":\"https:\\\/\\\/noticiasmercedinas.com\\\/site\\\/2025\\\/11\\\/18\\\/sindicato-de-trabajadores-municipales-logra-claridad-sobre-la-feria-administrativa-de-enero-de-2026\\\/#primaryimage\"},\"thumbnailUrl\":\"https:\\\/\\\/noticiasmercedinas.com\\\/site\\\/wp-content\\\/uploads\\\/2025\\\/11\\\/valerga-e1763503834740.jpg\",\"datePublished\":\"2025-11-18T22:12:04+00:00\",\"description\":\"\u25a0\u00a0El Secretario de Econom\u00eda de la comuna, Dr. David Valerga, brind\u00f3 informaci\u00f3n oficial y disip\u00f3 las dudas del personal del Palacio Municipal, poniendo fin a la incertidumbre sindical sobre el per\u00edodo de receso.\",\"breadcrumb\":{\"@id\":\"https:\\\/\\\/noticiasmercedinas.com\\\/site\\\/2025\\\/11\\\/18\\\/sindicato-de-trabajadores-municipales-logra-claridad-sobre-la-feria-administrativa-de-enero-de-2026\\\/#breadcrumb\"},\"inLanguage\":\"es\",\"potentialAction\":[{\"@type\":\"ReadAction\",\"target\":[\"https:\\\/\\\/noticiasmercedinas.com\\\/site\\\/2025\\\/11\\\/18\\\/sindicato-de-trabajadores-municipales-logra-claridad-sobre-la-feria-administrativa-de-enero-de-2026\\\/\"]}]},{\"@type\":\"ImageObject\",\"inLanguage\":\"es\",\"@id\":\"https:\\\/\\\/noticiasmercedinas.com\\\/site\\\/2025\\\/11\\\/18\\\/sindicato-de-trabajadores-municipales-logra-claridad-sobre-la-feria-administrativa-de-enero-de-2026\\\/#primaryimage\",\"url\":\"https:\\\/\\\/noticiasmercedinas.com\\\/site\\\/wp-content\\\/uploads\\\/2025\\\/11\\\/valerga-e1763503834740.jpg\",\"contentUrl\":\"https:\\\/\\\/noticiasmercedinas.com\\\/site\\\/wp-content\\\/uploads\\\/2025\\\/11\\\/valerga-e1763503834740.jpg\",\"width\":900,\"height\":680},{\"@type\":\"BreadcrumbList\",\"@id\":\"https:\\\/\\\/noticiasmercedinas.com\\\/site\\\/2025\\\/11\\\/18\\\/sindicato-de-trabajadores-municipales-logra-claridad-sobre-la-feria-administrativa-de-enero-de-2026\\\/#breadcrumb\",\"itemListElement\":[{\"@type\":\"ListItem\",\"position\":1,\"name\":\"Portada\",\"item\":\"https:\\\/\\\/noticiasmercedinas.com\\\/site\\\/\"},{\"@type\":\"ListItem\",\"position\":2,\"name\":\"Sindicato de Trabajadores Municipales logra claridad sobre la Feria Administrativa de enero de 2026\"}]},{\"@type\":\"WebSite\",\"@id\":\"https:\\\/\\\/noticiasmercedinas.com\\\/site\\\/#website\",\"url\":\"https:\\\/\\\/noticiasmercedinas.com\\\/site\\\/\",\"name\":\"NOTICIASMERCEDINAS.COM\",\"description\":\"Mercedes, Buenos Aires, Argentina\",\"publisher\":{\"@id\":\"https:\\\/\\\/noticiasmercedinas.com\\\/site\\\/#organization\"},\"potentialAction\":[{\"@type\":\"SearchAction\",\"target\":{\"@type\":\"EntryPoint\",\"urlTemplate\":\"https:\\\/\\\/noticiasmercedinas.com\\\/site\\\/?s={search_term_string}\"},\"query-input\":{\"@type\":\"PropertyValueSpecification\",\"valueRequired\":true,\"valueName\":\"search_term_string\"}}],\"inLanguage\":\"es\"},{\"@type\":\"Organization\",\"@id\":\"https:\\\/\\\/noticiasmercedinas.com\\\/site\\\/#organization\",\"name\":\"NOTICIASMERCEDINAS.COM\",\"url\":\"https:\\\/\\\/noticiasmercedinas.com\\\/site\\\/\",\"logo\":{\"@type\":\"ImageObject\",\"inLanguage\":\"es\",\"@id\":\"https:\\\/\\\/noticiasmercedinas.com\\\/site\\\/#\\\/schema\\\/logo\\\/image\\\/\",\"url\":\"https:\\\/\\\/noticiasmercedinas.com\\\/site\\\/wp-content\\\/uploads\\\/2020\\\/06\\\/LOGO-512.jpg\",\"contentUrl\":\"https:\\\/\\\/noticiasmercedinas.com\\\/site\\\/wp-content\\\/uploads\\\/2020\\\/06\\\/LOGO-512.jpg\",\"width\":512,\"height\":512,\"caption\":\"NOTICIASMERCEDINAS.COM\"},\"image\":{\"@id\":\"https:\\\/\\\/noticiasmercedinas.com\\\/site\\\/#\\\/schema\\\/logo\\\/image\\\/\"},\"sameAs\":[\"https:\\\/\\\/www.facebook.com\\\/noticiasmercedinas\\\/\",\"https:\\\/\\\/x.com\\\/notmercedinas\",\"https:\\\/\\\/www.instagram.com\\\/noticiasmercedinas\\\/\"]},{\"@type\":\"Person\",\"@id\":\"https:\\\/\\\/noticiasmercedinas.com\\\/site\\\/#\\\/schema\\\/person\\\/84b59c099c28ff2e8b77d4ceec5d8063\",\"name\":\"NOTICIASMERCEDINAS.COM\",\"image\":{\"@type\":\"ImageObject\",\"inLanguage\":\"es\",\"@id\":\"https:\\\/\\\/secure.gravatar.com\\\/avatar\\\/4dfbf16b4d17945bfb6341b2d19043457132fcf478a5ee04f42e959fd8f5df0a?s=96&d=mm&r=g\",\"url\":\"https:\\\/\\\/secure.gravatar.com\\\/avatar\\\/4dfbf16b4d17945bfb6341b2d19043457132fcf478a5ee04f42e959fd8f5df0a?s=96&d=mm&r=g\",\"contentUrl\":\"https:\\\/\\\/secure.gravatar.com\\\/avatar\\\/4dfbf16b4d17945bfb6341b2d19043457132fcf478a5ee04f42e959fd8f5df0a?s=96&d=mm&r=g\",\"caption\":\"NOTICIASMERCEDINAS.COM\"},\"url\":\"https:\\\/\\\/noticiasmercedinas.com\\\/site\\\/author\\\/anonimo\\\/\"}]}<\/script>\n<!-- \/ Yoast SEO plugin. -->","yoast_head_json":{"title":"Sindicato de Trabajadores Municipales logra claridad sobre la Feria Administrativa de enero de 2026","description":"\u25a0\u00a0El Secretario de Econom\u00eda de la comuna, Dr. David Valerga, brind\u00f3 informaci\u00f3n oficial y disip\u00f3 las dudas del personal del Palacio Municipal, poniendo fin a la incertidumbre sindical sobre el per\u00edodo de receso.","robots":{"index":"index","follow":"follow","max-snippet":"max-snippet:-1","max-image-preview":"max-image-preview:large","max-video-preview":"max-video-preview:-1"},"canonical":"https:\/\/noticiasmercedinas.com\/site\/2025\/11\/18\/sindicato-de-trabajadores-municipales-logra-claridad-sobre-la-feria-administrativa-de-enero-de-2026\/","og_locale":"es_ES","og_type":"article","og_title":"Sindicato de Trabajadores Municipales logra claridad sobre la Feria Administrativa de enero de 2026","og_description":"\u25a0\u00a0El Secretario de Econom\u00eda de la comuna, Dr. David Valerga, brind\u00f3 informaci\u00f3n oficial y disip\u00f3 las dudas del personal del Palacio Municipal, poniendo fin a la incertidumbre sindical sobre el per\u00edodo de receso.","og_url":"https:\/\/noticiasmercedinas.com\/site\/2025\/11\/18\/sindicato-de-trabajadores-municipales-logra-claridad-sobre-la-feria-administrativa-de-enero-de-2026\/","og_site_name":"NOTICIASMERCEDINAS.COM","article_publisher":"https:\/\/www.facebook.com\/noticiasmercedinas\/","article_published_time":"2025-11-18T22:12:04+00:00","og_image":[{"width":900,"height":680,"url":"https:\/\/noticiasmercedinas.com\/site\/wp-content\/uploads\/2025\/11\/valerga-e1763503834740.jpg","type":"image\/jpeg"}],"author":"NOTICIASMERCEDINAS.COM","twitter_card":"summary_large_image","twitter_creator":"@notmercedinas","twitter_site":"@notmercedinas","twitter_misc":{"Escrito por":"NOTICIASMERCEDINAS.COM","Tiempo de lectura":"2 minutos"},"schema":{"@context":"https:\/\/schema.org","@graph":[{"@type":"Article","@id":"https:\/\/noticiasmercedinas.com\/site\/2025\/11\/18\/sindicato-de-trabajadores-municipales-logra-claridad-sobre-la-feria-administrativa-de-enero-de-2026\/#article","isPartOf":{"@id":"https:\/\/noticiasmercedinas.com\/site\/2025\/11\/18\/sindicato-de-trabajadores-municipales-logra-claridad-sobre-la-feria-administrativa-de-enero-de-2026\/"},"author":{"name":"NOTICIASMERCEDINAS.COM","@id":"https:\/\/noticiasmercedinas.com\/site\/#\/schema\/person\/84b59c099c28ff2e8b77d4ceec5d8063"},"headline":"Sindicato de Trabajadores Municipales logra claridad sobre la Feria Administrativa de enero de 2026","datePublished":"2025-11-18T22:12:04+00:00","mainEntityOfPage":{"@id":"https:\/\/noticiasmercedinas.com\/site\/2025\/11\/18\/sindicato-de-trabajadores-municipales-logra-claridad-sobre-la-feria-administrativa-de-enero-de-2026\/"},"wordCount":227,"publisher":{"@id":"https:\/\/noticiasmercedinas.com\/site\/#organization"},"image":{"@id":"https:\/\/noticiasmercedinas.com\/site\/2025\/11\/18\/sindicato-de-trabajadores-municipales-logra-claridad-sobre-la-feria-administrativa-de-enero-de-2026\/#primaryimage"},"thumbnailUrl":"https:\/\/noticiasmercedinas.com\/site\/wp-content\/uploads\/2025\/11\/valerga-e1763503834740.jpg","keywords":["david valerga","municipales","stmm"],"articleSection":["Sociedad"],"inLanguage":"es"},{"@type":"WebPage","@id":"https:\/\/noticiasmercedinas.com\/site\/2025\/11\/18\/sindicato-de-trabajadores-municipales-logra-claridad-sobre-la-feria-administrativa-de-enero-de-2026\/","url":"https:\/\/noticiasmercedinas.com\/site\/2025\/11\/18\/sindicato-de-trabajadores-municipales-logra-claridad-sobre-la-feria-administrativa-de-enero-de-2026\/","name":"Sindicato de Trabajadores Municipales logra claridad sobre la Feria Administrativa de enero de 2026","isPartOf":{"@id":"https:\/\/noticiasmercedinas.com\/site\/#website"},"primaryImageOfPage":{"@id":"https:\/\/noticiasmercedinas.com\/site\/2025\/11\/18\/sindicato-de-trabajadores-municipales-logra-claridad-sobre-la-feria-administrativa-de-enero-de-2026\/#primaryimage"},"image":{"@id":"https:\/\/noticiasmercedinas.com\/site\/2025\/11\/18\/sindicato-de-trabajadores-municipales-logra-claridad-sobre-la-feria-administrativa-de-enero-de-2026\/#primaryimage"},"thumbnailUrl":"https:\/\/noticiasmercedinas.com\/site\/wp-content\/uploads\/2025\/11\/valerga-e1763503834740.jpg","datePublished":"2025-11-18T22:12:04+00:00","description":"\u25a0\u00a0El Secretario de Econom\u00eda de la comuna, Dr. David Valerga, brind\u00f3 informaci\u00f3n oficial y disip\u00f3 las dudas del personal del Palacio Municipal, poniendo fin a la incertidumbre sindical sobre el per\u00edodo de receso.","breadcrumb":{"@id":"https:\/\/noticiasmercedinas.com\/site\/2025\/11\/18\/sindicato-de-trabajadores-municipales-logra-claridad-sobre-la-feria-administrativa-de-enero-de-2026\/#breadcrumb"},"inLanguage":"es","potentialAction":[{"@type":"ReadAction","target":["https:\/\/noticiasmercedinas.com\/site\/2025\/11\/18\/sindicato-de-trabajadores-municipales-logra-claridad-sobre-la-feria-administrativa-de-enero-de-2026\/"]}]},{"@type":"ImageObject","inLanguage":"es","@id":"https:\/\/noticiasmercedinas.com\/site\/2025\/11\/18\/sindicato-de-trabajadores-municipales-logra-claridad-sobre-la-feria-administrativa-de-enero-de-2026\/#primaryimage","url":"https:\/\/noticiasmercedinas.com\/site\/wp-content\/uploads\/2025\/11\/valerga-e1763503834740.jpg","contentUrl":"https:\/\/noticiasmercedinas.com\/site\/wp-content\/uploads\/2025\/11\/valerga-e1763503834740.jpg","width":900,"height":680},{"@type":"BreadcrumbList","@id":"https:\/\/noticiasmercedinas.com\/site\/2025\/11\/18\/sindicato-de-trabajadores-municipales-logra-claridad-sobre-la-feria-administrativa-de-enero-de-2026\/#breadcrumb","itemListElement":[{"@type":"ListItem","position":1,"name":"Portada","item":"https:\/\/noticiasmercedinas.com\/site\/"},{"@type":"ListItem","position":2,"name":"Sindicato de Trabajadores Municipales logra claridad sobre la Feria Administrativa de enero de 2026"}]},{"@type":"WebSite","@id":"https:\/\/noticiasmercedinas.com\/site\/#website","url":"https:\/\/noticiasmercedinas.com\/site\/","name":"NOTICIASMERCEDINAS.COM","description":"Mercedes, Buenos Aires, Argentina","publisher":{"@id":"https:\/\/noticiasmercedinas.com\/site\/#organization"},"potentialAction":[{"@type":"SearchAction","target":{"@type":"EntryPoint","urlTemplate":"https:\/\/noticiasmercedinas.com\/site\/?s={search_term_string}"},"query-input":{"@type":"PropertyValueSpecification","valueRequired":true,"valueName":"search_term_string"}}],"inLanguage":"es"},{"@type":"Organization","@id":"https:\/\/noticiasmercedinas.com\/site\/#organization","name":"NOTICIASMERCEDINAS.COM","url":"https:\/\/noticiasmercedinas.com\/site\/","logo":{"@type":"ImageObject","inLanguage":"es","@id":"https:\/\/noticiasmercedinas.com\/site\/#\/schema\/logo\/image\/","url":"https:\/\/noticiasmercedinas.com\/site\/wp-content\/uploads\/2020\/06\/LOGO-512.jpg","contentUrl":"https:\/\/noticiasmercedinas.com\/site\/wp-content\/uploads\/2020\/06\/LOGO-512.jpg","width":512,"height":512,"caption":"NOTICIASMERCEDINAS.COM"},"image":{"@id":"https:\/\/noticiasmercedinas.com\/site\/#\/schema\/logo\/image\/"},"sameAs":["https:\/\/www.facebook.com\/noticiasmercedinas\/","https:\/\/x.com\/notmercedinas","https:\/\/www.instagram.com\/noticiasmercedinas\/"]},{"@type":"Person","@id":"https:\/\/noticiasmercedinas.com\/site\/#\/schema\/person\/84b59c099c28ff2e8b77d4ceec5d8063","name":"NOTICIASMERCEDINAS.COM","image":{"@type":"ImageObject","inLanguage":"es","@id":"https:\/\/secure.gravatar.com\/avatar\/4dfbf16b4d17945bfb6341b2d19043457132fcf478a5ee04f42e959fd8f5df0a?s=96&d=mm&r=g","url":"https:\/\/secure.gravatar.com\/avatar\/4dfbf16b4d17945bfb6341b2d19043457132fcf478a5ee04f42e959fd8f5df0a?s=96&d=mm&r=g","contentUrl":"https:\/\/secure.gravatar.com\/avatar\/4dfbf16b4d17945bfb6341b2d19043457132fcf478a5ee04f42e959fd8f5df0a?s=96&d=mm&r=g","caption":"NOTICIASMERCEDINAS.COM"},"url":"https:\/\/noticiasmercedinas.com\/site\/author\/anonimo\/"}]}},"amp_enabled":true,"_links":{"self":[{"href":"https:\/\/noticiasmercedinas.com\/site\/wp-json\/wp\/v2\/posts\/174598","targetHints":{"allow":["GET"]}}],"collection":[{"href":"https:\/\/noticiasmercedinas.com\/site\/wp-json\/wp\/v2\/posts"}],"about":[{"href":"https:\/\/noticiasmercedinas.com\/site\/wp-json\/wp\/v2\/types\/post"}],"author":[{"embeddable":true,"href":"https:\/\/noticiasmercedinas.com\/site\/wp-json\/wp\/v2\/users\/16"}],"replies":[{"embeddable":true,"href":"https:\/\/noticiasmercedinas.com\/site\/wp-json\/wp\/v2\/comments?post=174598"}],"version-history":[{"count":1,"href":"https:\/\/noticiasmercedinas.com\/site\/wp-json\/wp\/v2\/posts\/174598\/revisions"}],"predecessor-version":[{"id":174600,"href":"https:\/\/noticiasmercedinas.com\/site\/wp-json\/wp\/v2\/posts\/174598\/revisions\/174600"}],"wp:featuredmedia":[{"embeddable":true,"href":"https:\/\/noticiasmercedinas.com\/site\/wp-json\/wp\/v2\/media\/174599"}],"wp:attachment":[{"href":"https:\/\/noticiasmercedinas.com\/site\/wp-json\/wp\/v2\/media?parent=174598"}],"wp:term":[{"taxonomy":"category","embeddable":true,"href":"https:\/\/noticiasmercedinas.com\/site\/wp-json\/wp\/v2\/categories?post=174598"},{"taxonomy":"post_tag","embeddable":true,"href":"https:\/\/noticiasmercedinas.com\/site\/wp-json\/wp\/v2\/tags?post=174598"}],"curies":[{"name":"wp","href":"https:\/\/api.w.org\/{rel}","templated":true}]}}