{"id":174641,"date":"2025-11-19T09:07:37","date_gmt":"2025-11-19T12:07:37","guid":{"rendered":"https:\/\/noticiasmercedinas.com\/site\/?p=174641"},"modified":"2025-11-19T09:07:37","modified_gmt":"2025-11-19T12:07:37","slug":"dos-noches-de-rock-en-el-campo-llega-el-altamira-rural-rock-vol-7","status":"publish","type":"post","link":"https:\/\/noticiasmercedinas.com\/site\/2025\/11\/19\/dos-noches-de-rock-en-el-campo-llega-el-altamira-rural-rock-vol-7\/","title":{"rendered":"Dos noches de rock en el campo: llega el Altamira Rural Rock Vol. 7"},"content":{"rendered":"<p data-path-to-node=\"4\"><img loading=\"lazy\" decoding=\"async\" class=\"alignnone size-full wp-image-162829\" src=\"https:\/\/noticiasmercedinas.com\/site\/wp-content\/uploads\/2025\/06\/VOODOO.jpg\" alt=\"\" width=\"640\" height=\"576\" srcset=\"https:\/\/noticiasmercedinas.com\/site\/wp-content\/uploads\/2025\/06\/VOODOO.jpg 640w, https:\/\/noticiasmercedinas.com\/site\/wp-content\/uploads\/2025\/06\/VOODOO-300x270.jpg 300w\" sizes=\"auto, (max-width: 640px) 100vw, 640px\" \/><\/p>\n<p data-path-to-node=\"4\">Mercedes se prepara para recibir la s\u00e9ptima edici\u00f3n del <b>Altamira Rural Rock<\/b>, el festival de rock m\u00e1s esperado del oeste bonaerense, que este a\u00f1o promete dos jornadas intensas de m\u00fasica en un marco inigualable: la hist\u00f3rica <b>Estaci\u00f3n Altamira<\/b> (Calle 623 y 626).<\/p>\n<p data-path-to-node=\"5\">La organizaci\u00f3n anunci\u00f3 oficialmente la grilla del <b>Vol. 7<\/b>, que se llevar\u00e1 a cabo el <b>viernes 5 y s\u00e1bado 6 de diciembre<\/b>, con una entrada general fijada en <b>$15.000<\/b>.<\/p>\n<p data-path-to-node=\"6\">El festival destaca por la presencia de grandes nombres y proyectos que rinden homenaje a la historia del rock y metal argentino:<\/p>\n<h4><b>Cartelera del Viernes 5 de Diciembre:<\/b><\/h4>\n<p data-path-to-node=\"11\">La primera noche presentar\u00e1 una selecci\u00f3n de bandas emergentes y consolidadas, incluyendo a Anastasia, Las Pistolas de Warhol, Maldita M\u00e1quina, Don Ust\u00e9, Kurosawa y Asesinos del Pentagrama.<\/p>\n<p data-path-to-node=\"11\"><img loading=\"lazy\" decoding=\"async\" class=\"alignnone size-full wp-image-172804\" src=\"https:\/\/noticiasmercedinas.com\/site\/wp-content\/uploads\/2025\/10\/pistolas1.jpeg\" alt=\"\" width=\"1035\" height=\"690\" srcset=\"https:\/\/noticiasmercedinas.com\/site\/wp-content\/uploads\/2025\/10\/pistolas1.jpeg 1035w, https:\/\/noticiasmercedinas.com\/site\/wp-content\/uploads\/2025\/10\/pistolas1-300x200.jpeg 300w, https:\/\/noticiasmercedinas.com\/site\/wp-content\/uploads\/2025\/10\/pistolas1-1024x683.jpeg 1024w, https:\/\/noticiasmercedinas.com\/site\/wp-content\/uploads\/2025\/10\/pistolas1-768x512.jpeg 768w, https:\/\/noticiasmercedinas.com\/site\/wp-content\/uploads\/2025\/10\/pistolas1-640x427.jpeg 640w, https:\/\/noticiasmercedinas.com\/site\/wp-content\/uploads\/2025\/10\/pistolas1-681x454.jpeg 681w\" sizes=\"auto, (max-width: 1035px) 100vw, 1035px\" \/><\/p>\n<h4><b>Programa Estelar del S\u00e1bado 6 de Diciembre:<\/b><\/h4>\n<p data-path-to-node=\"8\">La jornada principal contar\u00e1 con la actuaci\u00f3n de <b>CTM Claudio \u00abTano\u00bb Marciello<\/b>, guitarrista legendario de Almafuerte. Adem\u00e1s, el p\u00fablico podr\u00e1 disfrutar de <b>El Reloj (Zabala Frezza)<\/b>, <b>Riff x Napolitano<\/b> y <b>HXPS (Herm\u00e9tica por Pato Strunz)<\/b>, garantizando una noche dedicada a los cimientos del heavy metal nacional.<\/p>\n<p data-path-to-node=\"9\">La grilla del s\u00e1bado se completa con: Tanna Ramponi, Legendarios 70, Tren Misterioso, Malocchio, Kr\u00e1neo Negro y Voodoo.<\/p>\n<p data-path-to-node=\"12\">Desde el festival invita al p\u00fablico a seguir las redes sociales <a href=\"https:\/\/www.instagram.com\/altamiraruralrockoficial\/\"><b>@altamiraruralrockoficial<\/b><\/a> para obtener m\u00e1s informaci\u00f3n y novedades del evento.<\/p>\n<p data-path-to-node=\"12\"><img loading=\"lazy\" decoding=\"async\" class=\"alignnone size-full wp-image-174642\" src=\"https:\/\/noticiasmercedinas.com\/site\/wp-content\/uploads\/2025\/11\/ALTAMIRA1.jpg\" alt=\"\" width=\"640\" height=\"604\" srcset=\"https:\/\/noticiasmercedinas.com\/site\/wp-content\/uploads\/2025\/11\/ALTAMIRA1.jpg 640w, https:\/\/noticiasmercedinas.com\/site\/wp-content\/uploads\/2025\/11\/ALTAMIRA1-300x283.jpg 300w\" sizes=\"auto, (max-width: 640px) 100vw, 640px\" \/><\/p>\n<p data-path-to-node=\"12\">\n<h4><\/h4>\n","protected":false},"excerpt":{"rendered":"<p>\u25a0\u00a0El festival m\u00e1s potente del oeste bonaerense se celebrar\u00e1 el 5 y 6 de diciembre en la Estaci\u00f3n Altamira con una grilla de lujo que incluye a Claudio \u00abTano\u00bb Marciello y tributos a leyendas del metal nacional.<\/p>\n","protected":false},"author":16,"featured_media":162829,"comment_status":"closed","ping_status":"closed","sticky":false,"template":"","format":"standard","meta":{"footnotes":""},"categories":[4],"tags":[8580,21302,16116,10624,891,846,21306,21303,18579,21304,4074,21305,2042,4906,904],"class_list":["post-174641","post","type-post","status-publish","format-standard","has-post-thumbnail","hentry","category-cultura","tag-altamira-rural-rock","tag-anastasia","tag-asesinos-del-pentagrama","tag-ctm","tag-don-uste","tag-festival","tag-kraneo-negro","tag-kurosawa","tag-las-pistolas-de-warhol","tag-legendarios-70","tag-maldita-maquina","tag-malocchio","tag-tanna-ramponi","tag-tren-misterioso","tag-voodoo"],"yoast_head":"<!-- This site is optimized with the Yoast SEO plugin v27.5 - https:\/\/yoast.com\/product\/yoast-seo-wordpress\/ -->\n<title>Dos noches de rock en el campo: llega el Altamira Rural Rock Vol. 7<\/title>\n<meta name=\"description\" content=\"\u25a0\u00a0El festival m\u00e1s potente del oeste bonaerense se celebrar\u00e1 el 5 y 6 de diciembre en la Estaci\u00f3n Altamira con una grilla de lujo que incluye a Claudio &quot;Tano&quot; Marciello y tributos a leyendas del metal nacional.\" \/>\n<meta name=\"robots\" content=\"index, follow, max-snippet:-1, max-image-preview:large, max-video-preview:-1\" \/>\n<link rel=\"canonical\" href=\"https:\/\/noticiasmercedinas.com\/site\/2025\/11\/19\/dos-noches-de-rock-en-el-campo-llega-el-altamira-rural-rock-vol-7\/\" \/>\n<meta property=\"og:locale\" content=\"es_ES\" \/>\n<meta property=\"og:type\" content=\"article\" \/>\n<meta property=\"og:title\" content=\"Dos noches de rock en el campo: llega el Altamira Rural Rock Vol. 7\" \/>\n<meta property=\"og:description\" content=\"\u25a0\u00a0El festival m\u00e1s potente del oeste bonaerense se celebrar\u00e1 el 5 y 6 de diciembre en la Estaci\u00f3n Altamira con una grilla de lujo que incluye a Claudio &quot;Tano&quot; Marciello y tributos a leyendas del metal nacional.\" \/>\n<meta property=\"og:url\" content=\"https:\/\/noticiasmercedinas.com\/site\/2025\/11\/19\/dos-noches-de-rock-en-el-campo-llega-el-altamira-rural-rock-vol-7\/\" \/>\n<meta property=\"og:site_name\" content=\"NOTICIASMERCEDINAS.COM\" \/>\n<meta property=\"article:publisher\" content=\"https:\/\/www.facebook.com\/noticiasmercedinas\/\" \/>\n<meta property=\"article:published_time\" content=\"2025-11-19T12:07:37+00:00\" \/>\n<meta property=\"og:image\" content=\"https:\/\/noticiasmercedinas.com\/site\/wp-content\/uploads\/2025\/06\/VOODOO.jpg\" \/>\n\t<meta property=\"og:image:width\" content=\"640\" \/>\n\t<meta property=\"og:image:height\" content=\"576\" \/>\n\t<meta property=\"og:image:type\" content=\"image\/jpeg\" \/>\n<meta name=\"author\" content=\"NOTICIASMERCEDINAS.COM\" \/>\n<meta name=\"twitter:card\" content=\"summary_large_image\" \/>\n<meta name=\"twitter:creator\" content=\"@notmercedinas\" \/>\n<meta name=\"twitter:site\" content=\"@notmercedinas\" \/>\n<meta name=\"twitter:label1\" content=\"Escrito por\" \/>\n\t<meta name=\"twitter:data1\" content=\"NOTICIASMERCEDINAS.COM\" \/>\n\t<meta name=\"twitter:label2\" content=\"Tiempo de lectura\" \/>\n\t<meta name=\"twitter:data2\" content=\"2 minutos\" \/>\n<script type=\"application\/ld+json\" class=\"yoast-schema-graph\">{\"@context\":\"https:\\\/\\\/schema.org\",\"@graph\":[{\"@type\":\"Article\",\"@id\":\"https:\\\/\\\/noticiasmercedinas.com\\\/site\\\/2025\\\/11\\\/19\\\/dos-noches-de-rock-en-el-campo-llega-el-altamira-rural-rock-vol-7\\\/#article\",\"isPartOf\":{\"@id\":\"https:\\\/\\\/noticiasmercedinas.com\\\/site\\\/2025\\\/11\\\/19\\\/dos-noches-de-rock-en-el-campo-llega-el-altamira-rural-rock-vol-7\\\/\"},\"author\":{\"name\":\"NOTICIASMERCEDINAS.COM\",\"@id\":\"https:\\\/\\\/noticiasmercedinas.com\\\/site\\\/#\\\/schema\\\/person\\\/84b59c099c28ff2e8b77d4ceec5d8063\"},\"headline\":\"Dos noches de rock en el campo: llega el Altamira Rural Rock Vol. 7\",\"datePublished\":\"2025-11-19T12:07:37+00:00\",\"mainEntityOfPage\":{\"@id\":\"https:\\\/\\\/noticiasmercedinas.com\\\/site\\\/2025\\\/11\\\/19\\\/dos-noches-de-rock-en-el-campo-llega-el-altamira-rural-rock-vol-7\\\/\"},\"wordCount\":242,\"publisher\":{\"@id\":\"https:\\\/\\\/noticiasmercedinas.com\\\/site\\\/#organization\"},\"image\":{\"@id\":\"https:\\\/\\\/noticiasmercedinas.com\\\/site\\\/2025\\\/11\\\/19\\\/dos-noches-de-rock-en-el-campo-llega-el-altamira-rural-rock-vol-7\\\/#primaryimage\"},\"thumbnailUrl\":\"https:\\\/\\\/noticiasmercedinas.com\\\/site\\\/wp-content\\\/uploads\\\/2025\\\/06\\\/VOODOO.jpg\",\"keywords\":[\"Altamira Rural Rock\",\"Anastasia\",\"Asesinos del Pentagrama\",\"CTM\",\"Don Ust\u00e9\",\"festival\",\"Kr\u00e1neo Negro\",\"Kurosawa\",\"las pistolas de warhol\",\"Legendarios 70\",\"Maldita Maquina\",\"Malocchio\",\"tanna ramponi\",\"Tren Misterioso\",\"Voodoo\"],\"articleSection\":[\"Cultura\"],\"inLanguage\":\"es\"},{\"@type\":\"WebPage\",\"@id\":\"https:\\\/\\\/noticiasmercedinas.com\\\/site\\\/2025\\\/11\\\/19\\\/dos-noches-de-rock-en-el-campo-llega-el-altamira-rural-rock-vol-7\\\/\",\"url\":\"https:\\\/\\\/noticiasmercedinas.com\\\/site\\\/2025\\\/11\\\/19\\\/dos-noches-de-rock-en-el-campo-llega-el-altamira-rural-rock-vol-7\\\/\",\"name\":\"Dos noches de rock en el campo: llega el Altamira Rural Rock Vol. 7\",\"isPartOf\":{\"@id\":\"https:\\\/\\\/noticiasmercedinas.com\\\/site\\\/#website\"},\"primaryImageOfPage\":{\"@id\":\"https:\\\/\\\/noticiasmercedinas.com\\\/site\\\/2025\\\/11\\\/19\\\/dos-noches-de-rock-en-el-campo-llega-el-altamira-rural-rock-vol-7\\\/#primaryimage\"},\"image\":{\"@id\":\"https:\\\/\\\/noticiasmercedinas.com\\\/site\\\/2025\\\/11\\\/19\\\/dos-noches-de-rock-en-el-campo-llega-el-altamira-rural-rock-vol-7\\\/#primaryimage\"},\"thumbnailUrl\":\"https:\\\/\\\/noticiasmercedinas.com\\\/site\\\/wp-content\\\/uploads\\\/2025\\\/06\\\/VOODOO.jpg\",\"datePublished\":\"2025-11-19T12:07:37+00:00\",\"description\":\"\u25a0\u00a0El festival m\u00e1s potente del oeste bonaerense se celebrar\u00e1 el 5 y 6 de diciembre en la Estaci\u00f3n Altamira con una grilla de lujo que incluye a Claudio \\\"Tano\\\" Marciello y tributos a leyendas del metal nacional.\",\"breadcrumb\":{\"@id\":\"https:\\\/\\\/noticiasmercedinas.com\\\/site\\\/2025\\\/11\\\/19\\\/dos-noches-de-rock-en-el-campo-llega-el-altamira-rural-rock-vol-7\\\/#breadcrumb\"},\"inLanguage\":\"es\",\"potentialAction\":[{\"@type\":\"ReadAction\",\"target\":[\"https:\\\/\\\/noticiasmercedinas.com\\\/site\\\/2025\\\/11\\\/19\\\/dos-noches-de-rock-en-el-campo-llega-el-altamira-rural-rock-vol-7\\\/\"]}]},{\"@type\":\"ImageObject\",\"inLanguage\":\"es\",\"@id\":\"https:\\\/\\\/noticiasmercedinas.com\\\/site\\\/2025\\\/11\\\/19\\\/dos-noches-de-rock-en-el-campo-llega-el-altamira-rural-rock-vol-7\\\/#primaryimage\",\"url\":\"https:\\\/\\\/noticiasmercedinas.com\\\/site\\\/wp-content\\\/uploads\\\/2025\\\/06\\\/VOODOO.jpg\",\"contentUrl\":\"https:\\\/\\\/noticiasmercedinas.com\\\/site\\\/wp-content\\\/uploads\\\/2025\\\/06\\\/VOODOO.jpg\",\"width\":640,\"height\":576},{\"@type\":\"BreadcrumbList\",\"@id\":\"https:\\\/\\\/noticiasmercedinas.com\\\/site\\\/2025\\\/11\\\/19\\\/dos-noches-de-rock-en-el-campo-llega-el-altamira-rural-rock-vol-7\\\/#breadcrumb\",\"itemListElement\":[{\"@type\":\"ListItem\",\"position\":1,\"name\":\"Portada\",\"item\":\"https:\\\/\\\/noticiasmercedinas.com\\\/site\\\/\"},{\"@type\":\"ListItem\",\"position\":2,\"name\":\"Dos noches de rock en el campo: llega el Altamira Rural Rock Vol. 7\"}]},{\"@type\":\"WebSite\",\"@id\":\"https:\\\/\\\/noticiasmercedinas.com\\\/site\\\/#website\",\"url\":\"https:\\\/\\\/noticiasmercedinas.com\\\/site\\\/\",\"name\":\"NOTICIASMERCEDINAS.COM\",\"description\":\"Mercedes, Buenos Aires, Argentina\",\"publisher\":{\"@id\":\"https:\\\/\\\/noticiasmercedinas.com\\\/site\\\/#organization\"},\"potentialAction\":[{\"@type\":\"SearchAction\",\"target\":{\"@type\":\"EntryPoint\",\"urlTemplate\":\"https:\\\/\\\/noticiasmercedinas.com\\\/site\\\/?s={search_term_string}\"},\"query-input\":{\"@type\":\"PropertyValueSpecification\",\"valueRequired\":true,\"valueName\":\"search_term_string\"}}],\"inLanguage\":\"es\"},{\"@type\":\"Organization\",\"@id\":\"https:\\\/\\\/noticiasmercedinas.com\\\/site\\\/#organization\",\"name\":\"NOTICIASMERCEDINAS.COM\",\"url\":\"https:\\\/\\\/noticiasmercedinas.com\\\/site\\\/\",\"logo\":{\"@type\":\"ImageObject\",\"inLanguage\":\"es\",\"@id\":\"https:\\\/\\\/noticiasmercedinas.com\\\/site\\\/#\\\/schema\\\/logo\\\/image\\\/\",\"url\":\"https:\\\/\\\/noticiasmercedinas.com\\\/site\\\/wp-content\\\/uploads\\\/2020\\\/06\\\/LOGO-512.jpg\",\"contentUrl\":\"https:\\\/\\\/noticiasmercedinas.com\\\/site\\\/wp-content\\\/uploads\\\/2020\\\/06\\\/LOGO-512.jpg\",\"width\":512,\"height\":512,\"caption\":\"NOTICIASMERCEDINAS.COM\"},\"image\":{\"@id\":\"https:\\\/\\\/noticiasmercedinas.com\\\/site\\\/#\\\/schema\\\/logo\\\/image\\\/\"},\"sameAs\":[\"https:\\\/\\\/www.facebook.com\\\/noticiasmercedinas\\\/\",\"https:\\\/\\\/x.com\\\/notmercedinas\",\"https:\\\/\\\/www.instagram.com\\\/noticiasmercedinas\\\/\"]},{\"@type\":\"Person\",\"@id\":\"https:\\\/\\\/noticiasmercedinas.com\\\/site\\\/#\\\/schema\\\/person\\\/84b59c099c28ff2e8b77d4ceec5d8063\",\"name\":\"NOTICIASMERCEDINAS.COM\",\"image\":{\"@type\":\"ImageObject\",\"inLanguage\":\"es\",\"@id\":\"https:\\\/\\\/secure.gravatar.com\\\/avatar\\\/4dfbf16b4d17945bfb6341b2d19043457132fcf478a5ee04f42e959fd8f5df0a?s=96&d=mm&r=g\",\"url\":\"https:\\\/\\\/secure.gravatar.com\\\/avatar\\\/4dfbf16b4d17945bfb6341b2d19043457132fcf478a5ee04f42e959fd8f5df0a?s=96&d=mm&r=g\",\"contentUrl\":\"https:\\\/\\\/secure.gravatar.com\\\/avatar\\\/4dfbf16b4d17945bfb6341b2d19043457132fcf478a5ee04f42e959fd8f5df0a?s=96&d=mm&r=g\",\"caption\":\"NOTICIASMERCEDINAS.COM\"},\"url\":\"https:\\\/\\\/noticiasmercedinas.com\\\/site\\\/author\\\/anonimo\\\/\"}]}<\/script>\n<!-- \/ Yoast SEO plugin. -->","yoast_head_json":{"title":"Dos noches de rock en el campo: llega el Altamira Rural Rock Vol. 7","description":"\u25a0\u00a0El festival m\u00e1s potente del oeste bonaerense se celebrar\u00e1 el 5 y 6 de diciembre en la Estaci\u00f3n Altamira con una grilla de lujo que incluye a Claudio \"Tano\" Marciello y tributos a leyendas del metal nacional.","robots":{"index":"index","follow":"follow","max-snippet":"max-snippet:-1","max-image-preview":"max-image-preview:large","max-video-preview":"max-video-preview:-1"},"canonical":"https:\/\/noticiasmercedinas.com\/site\/2025\/11\/19\/dos-noches-de-rock-en-el-campo-llega-el-altamira-rural-rock-vol-7\/","og_locale":"es_ES","og_type":"article","og_title":"Dos noches de rock en el campo: llega el Altamira Rural Rock Vol. 7","og_description":"\u25a0\u00a0El festival m\u00e1s potente del oeste bonaerense se celebrar\u00e1 el 5 y 6 de diciembre en la Estaci\u00f3n Altamira con una grilla de lujo que incluye a Claudio \"Tano\" Marciello y tributos a leyendas del metal nacional.","og_url":"https:\/\/noticiasmercedinas.com\/site\/2025\/11\/19\/dos-noches-de-rock-en-el-campo-llega-el-altamira-rural-rock-vol-7\/","og_site_name":"NOTICIASMERCEDINAS.COM","article_publisher":"https:\/\/www.facebook.com\/noticiasmercedinas\/","article_published_time":"2025-11-19T12:07:37+00:00","og_image":[{"width":640,"height":576,"url":"https:\/\/noticiasmercedinas.com\/site\/wp-content\/uploads\/2025\/06\/VOODOO.jpg","type":"image\/jpeg"}],"author":"NOTICIASMERCEDINAS.COM","twitter_card":"summary_large_image","twitter_creator":"@notmercedinas","twitter_site":"@notmercedinas","twitter_misc":{"Escrito por":"NOTICIASMERCEDINAS.COM","Tiempo de lectura":"2 minutos"},"schema":{"@context":"https:\/\/schema.org","@graph":[{"@type":"Article","@id":"https:\/\/noticiasmercedinas.com\/site\/2025\/11\/19\/dos-noches-de-rock-en-el-campo-llega-el-altamira-rural-rock-vol-7\/#article","isPartOf":{"@id":"https:\/\/noticiasmercedinas.com\/site\/2025\/11\/19\/dos-noches-de-rock-en-el-campo-llega-el-altamira-rural-rock-vol-7\/"},"author":{"name":"NOTICIASMERCEDINAS.COM","@id":"https:\/\/noticiasmercedinas.com\/site\/#\/schema\/person\/84b59c099c28ff2e8b77d4ceec5d8063"},"headline":"Dos noches de rock en el campo: llega el Altamira Rural Rock Vol. 7","datePublished":"2025-11-19T12:07:37+00:00","mainEntityOfPage":{"@id":"https:\/\/noticiasmercedinas.com\/site\/2025\/11\/19\/dos-noches-de-rock-en-el-campo-llega-el-altamira-rural-rock-vol-7\/"},"wordCount":242,"publisher":{"@id":"https:\/\/noticiasmercedinas.com\/site\/#organization"},"image":{"@id":"https:\/\/noticiasmercedinas.com\/site\/2025\/11\/19\/dos-noches-de-rock-en-el-campo-llega-el-altamira-rural-rock-vol-7\/#primaryimage"},"thumbnailUrl":"https:\/\/noticiasmercedinas.com\/site\/wp-content\/uploads\/2025\/06\/VOODOO.jpg","keywords":["Altamira Rural Rock","Anastasia","Asesinos del Pentagrama","CTM","Don Ust\u00e9","festival","Kr\u00e1neo Negro","Kurosawa","las pistolas de warhol","Legendarios 70","Maldita Maquina","Malocchio","tanna ramponi","Tren Misterioso","Voodoo"],"articleSection":["Cultura"],"inLanguage":"es"},{"@type":"WebPage","@id":"https:\/\/noticiasmercedinas.com\/site\/2025\/11\/19\/dos-noches-de-rock-en-el-campo-llega-el-altamira-rural-rock-vol-7\/","url":"https:\/\/noticiasmercedinas.com\/site\/2025\/11\/19\/dos-noches-de-rock-en-el-campo-llega-el-altamira-rural-rock-vol-7\/","name":"Dos noches de rock en el campo: llega el Altamira Rural Rock Vol. 7","isPartOf":{"@id":"https:\/\/noticiasmercedinas.com\/site\/#website"},"primaryImageOfPage":{"@id":"https:\/\/noticiasmercedinas.com\/site\/2025\/11\/19\/dos-noches-de-rock-en-el-campo-llega-el-altamira-rural-rock-vol-7\/#primaryimage"},"image":{"@id":"https:\/\/noticiasmercedinas.com\/site\/2025\/11\/19\/dos-noches-de-rock-en-el-campo-llega-el-altamira-rural-rock-vol-7\/#primaryimage"},"thumbnailUrl":"https:\/\/noticiasmercedinas.com\/site\/wp-content\/uploads\/2025\/06\/VOODOO.jpg","datePublished":"2025-11-19T12:07:37+00:00","description":"\u25a0\u00a0El festival m\u00e1s potente del oeste bonaerense se celebrar\u00e1 el 5 y 6 de diciembre en la Estaci\u00f3n Altamira con una grilla de lujo que incluye a Claudio \"Tano\" Marciello y tributos a leyendas del metal nacional.","breadcrumb":{"@id":"https:\/\/noticiasmercedinas.com\/site\/2025\/11\/19\/dos-noches-de-rock-en-el-campo-llega-el-altamira-rural-rock-vol-7\/#breadcrumb"},"inLanguage":"es","potentialAction":[{"@type":"ReadAction","target":["https:\/\/noticiasmercedinas.com\/site\/2025\/11\/19\/dos-noches-de-rock-en-el-campo-llega-el-altamira-rural-rock-vol-7\/"]}]},{"@type":"ImageObject","inLanguage":"es","@id":"https:\/\/noticiasmercedinas.com\/site\/2025\/11\/19\/dos-noches-de-rock-en-el-campo-llega-el-altamira-rural-rock-vol-7\/#primaryimage","url":"https:\/\/noticiasmercedinas.com\/site\/wp-content\/uploads\/2025\/06\/VOODOO.jpg","contentUrl":"https:\/\/noticiasmercedinas.com\/site\/wp-content\/uploads\/2025\/06\/VOODOO.jpg","width":640,"height":576},{"@type":"BreadcrumbList","@id":"https:\/\/noticiasmercedinas.com\/site\/2025\/11\/19\/dos-noches-de-rock-en-el-campo-llega-el-altamira-rural-rock-vol-7\/#breadcrumb","itemListElement":[{"@type":"ListItem","position":1,"name":"Portada","item":"https:\/\/noticiasmercedinas.com\/site\/"},{"@type":"ListItem","position":2,"name":"Dos noches de rock en el campo: llega el Altamira Rural Rock Vol. 7"}]},{"@type":"WebSite","@id":"https:\/\/noticiasmercedinas.com\/site\/#website","url":"https:\/\/noticiasmercedinas.com\/site\/","name":"NOTICIASMERCEDINAS.COM","description":"Mercedes, Buenos Aires, Argentina","publisher":{"@id":"https:\/\/noticiasmercedinas.com\/site\/#organization"},"potentialAction":[{"@type":"SearchAction","target":{"@type":"EntryPoint","urlTemplate":"https:\/\/noticiasmercedinas.com\/site\/?s={search_term_string}"},"query-input":{"@type":"PropertyValueSpecification","valueRequired":true,"valueName":"search_term_string"}}],"inLanguage":"es"},{"@type":"Organization","@id":"https:\/\/noticiasmercedinas.com\/site\/#organization","name":"NOTICIASMERCEDINAS.COM","url":"https:\/\/noticiasmercedinas.com\/site\/","logo":{"@type":"ImageObject","inLanguage":"es","@id":"https:\/\/noticiasmercedinas.com\/site\/#\/schema\/logo\/image\/","url":"https:\/\/noticiasmercedinas.com\/site\/wp-content\/uploads\/2020\/06\/LOGO-512.jpg","contentUrl":"https:\/\/noticiasmercedinas.com\/site\/wp-content\/uploads\/2020\/06\/LOGO-512.jpg","width":512,"height":512,"caption":"NOTICIASMERCEDINAS.COM"},"image":{"@id":"https:\/\/noticiasmercedinas.com\/site\/#\/schema\/logo\/image\/"},"sameAs":["https:\/\/www.facebook.com\/noticiasmercedinas\/","https:\/\/x.com\/notmercedinas","https:\/\/www.instagram.com\/noticiasmercedinas\/"]},{"@type":"Person","@id":"https:\/\/noticiasmercedinas.com\/site\/#\/schema\/person\/84b59c099c28ff2e8b77d4ceec5d8063","name":"NOTICIASMERCEDINAS.COM","image":{"@type":"ImageObject","inLanguage":"es","@id":"https:\/\/secure.gravatar.com\/avatar\/4dfbf16b4d17945bfb6341b2d19043457132fcf478a5ee04f42e959fd8f5df0a?s=96&d=mm&r=g","url":"https:\/\/secure.gravatar.com\/avatar\/4dfbf16b4d17945bfb6341b2d19043457132fcf478a5ee04f42e959fd8f5df0a?s=96&d=mm&r=g","contentUrl":"https:\/\/secure.gravatar.com\/avatar\/4dfbf16b4d17945bfb6341b2d19043457132fcf478a5ee04f42e959fd8f5df0a?s=96&d=mm&r=g","caption":"NOTICIASMERCEDINAS.COM"},"url":"https:\/\/noticiasmercedinas.com\/site\/author\/anonimo\/"}]}},"amp_enabled":true,"_links":{"self":[{"href":"https:\/\/noticiasmercedinas.com\/site\/wp-json\/wp\/v2\/posts\/174641","targetHints":{"allow":["GET"]}}],"collection":[{"href":"https:\/\/noticiasmercedinas.com\/site\/wp-json\/wp\/v2\/posts"}],"about":[{"href":"https:\/\/noticiasmercedinas.com\/site\/wp-json\/wp\/v2\/types\/post"}],"author":[{"embeddable":true,"href":"https:\/\/noticiasmercedinas.com\/site\/wp-json\/wp\/v2\/users\/16"}],"replies":[{"embeddable":true,"href":"https:\/\/noticiasmercedinas.com\/site\/wp-json\/wp\/v2\/comments?post=174641"}],"version-history":[{"count":1,"href":"https:\/\/noticiasmercedinas.com\/site\/wp-json\/wp\/v2\/posts\/174641\/revisions"}],"predecessor-version":[{"id":174643,"href":"https:\/\/noticiasmercedinas.com\/site\/wp-json\/wp\/v2\/posts\/174641\/revisions\/174643"}],"wp:featuredmedia":[{"embeddable":true,"href":"https:\/\/noticiasmercedinas.com\/site\/wp-json\/wp\/v2\/media\/162829"}],"wp:attachment":[{"href":"https:\/\/noticiasmercedinas.com\/site\/wp-json\/wp\/v2\/media?parent=174641"}],"wp:term":[{"taxonomy":"category","embeddable":true,"href":"https:\/\/noticiasmercedinas.com\/site\/wp-json\/wp\/v2\/categories?post=174641"},{"taxonomy":"post_tag","embeddable":true,"href":"https:\/\/noticiasmercedinas.com\/site\/wp-json\/wp\/v2\/tags?post=174641"}],"curies":[{"name":"wp","href":"https:\/\/api.w.org\/{rel}","templated":true}]}}