{"id":17467,"date":"2019-04-25T17:09:40","date_gmt":"2019-04-25T20:09:40","guid":{"rendered":"https:\/\/noticiasmercedinas.com\/site\/?p=17467"},"modified":"2019-04-25T17:09:40","modified_gmt":"2019-04-25T20:09:40","slug":"selva-en-c5n-las-medidas-del-gobierno-fracasaron-antes-de-salir","status":"publish","type":"post","link":"https:\/\/noticiasmercedinas.com\/site\/2019\/04\/25\/selva-en-c5n-las-medidas-del-gobierno-fracasaron-antes-de-salir\/","title":{"rendered":"Selva en C5N: \u201cLas medidas del gobierno fracasaron antes de salir\u201d"},"content":{"rendered":"<p><img loading=\"lazy\" decoding=\"async\" class=\"alignnone size-full wp-image-17468\" src=\"https:\/\/noticiasmercedinas.com\/site\/wp-content\/uploads\/2019\/04\/minutoaminuto.jpg\" alt=\"\" width=\"640\" height=\"389\" srcset=\"https:\/\/noticiasmercedinas.com\/site\/wp-content\/uploads\/2019\/04\/minutoaminuto.jpg 640w, https:\/\/noticiasmercedinas.com\/site\/wp-content\/uploads\/2019\/04\/minutoaminuto-300x182.jpg 300w\" sizes=\"auto, (max-width: 640px) 100vw, 640px\" \/><\/p>\n<p>\u201cLas medidas del gobierno fracasaron antes de salir. No existe antecedente en el mundo de un ministro de Econom\u00eda que haya tenido tantos fracasos como el actual ministro\u201d, dijo el diputado nacional <strong>Carlos Selva<\/strong>, en un espacio televisivo que comparti\u00f3 en C5N junto a la diputada nacional mandato cumplido Cynthia Hotton, entre otros.<\/p>\n<p>\u201cLas medidas que se dieron fracasaron antes de salir. Es un anuncio donde se genera una expectativa, y comparo con el cambio de aceite. Ya todo el mundo sab\u00eda que iban a fracasar y la gente tem\u00eda que le cambiaran el aceite al gobierno\u201d, grafic\u00f3 Selva.<\/p>\n<p>En tanto, critic\u00f3 adem\u00e1s la realidad que vive la clase pasiva: \u201cLa que tenemos hoy es la jubilaci\u00f3n m\u00ednima m\u00e1s baja de los \u00faltimos 10 a\u00f1os\u201d, objet\u00f3 y cuestion\u00f3 los reiterados aumentos de medicamentos.<\/p>\n<p>\u201cEl que ordena el mercado, en una debacle como esta, es el Estado. El equilibro lo debe poner el Estado pero este se vanagloria del aparato represivo, la falta de seguridad se excede y se genera violencia. El Estado debe hacer que esto no suceda, la responsabilidad mayor es del Estado\u201d, agreg\u00f3 entre otros t\u00e9rminos el diputado Selva.<\/p>\n","protected":false},"excerpt":{"rendered":"<p>\u201cLas medidas del gobierno fracasaron antes de salir. No existe antecedente en el mundo de un ministro de Econom\u00eda que haya tenido tantos fracasos como el actual ministro\u201d, dijo el diputado nacional Carlos Selva, en un espacio televisivo que comparti\u00f3 en C5N junto a la diputada nacional mandato cumplido Cynthia Hotton, entre otros. \u201cLas medidas [&hellip;]<\/p>\n","protected":false},"author":16,"featured_media":17468,"comment_status":"open","ping_status":"open","sticky":false,"template":"","format":"standard","meta":{"footnotes":""},"categories":[16],"tags":[4249,318,4542,351,128,160],"class_list":["post-17467","post","type-post","status-publish","format-standard","has-post-thumbnail","hentry","category-politica","tag-c5n","tag-carlos-selva","tag-criticas","tag-economia","tag-estado","tag-jubilados"],"yoast_head":"<!-- This site is optimized with the Yoast SEO plugin v27.4 - https:\/\/yoast.com\/product\/yoast-seo-wordpress\/ -->\n<title>Selva en C5N: \u201cLas medidas del gobierno fracasaron antes de salir\u201d<\/title>\n<meta name=\"robots\" content=\"index, follow, max-snippet:-1, max-image-preview:large, max-video-preview:-1\" \/>\n<link rel=\"canonical\" href=\"https:\/\/noticiasmercedinas.com\/site\/2019\/04\/25\/selva-en-c5n-las-medidas-del-gobierno-fracasaron-antes-de-salir\/\" \/>\n<meta property=\"og:locale\" content=\"es_ES\" \/>\n<meta property=\"og:type\" content=\"article\" \/>\n<meta property=\"og:title\" content=\"Selva en C5N: \u201cLas medidas del gobierno fracasaron antes de salir\u201d\" \/>\n<meta property=\"og:description\" content=\"\u201cLas medidas del gobierno fracasaron antes de salir. No existe antecedente en el mundo de un ministro de Econom\u00eda que haya tenido tantos fracasos como el actual ministro\u201d, dijo el diputado nacional Carlos Selva, en un espacio televisivo que comparti\u00f3 en C5N junto a la diputada nacional mandato cumplido Cynthia Hotton, entre otros. \u201cLas medidas [&hellip;]\" \/>\n<meta property=\"og:url\" content=\"https:\/\/noticiasmercedinas.com\/site\/2019\/04\/25\/selva-en-c5n-las-medidas-del-gobierno-fracasaron-antes-de-salir\/\" \/>\n<meta property=\"og:site_name\" content=\"NOTICIASMERCEDINAS.COM\" \/>\n<meta property=\"article:publisher\" content=\"https:\/\/www.facebook.com\/noticiasmercedinas\/\" \/>\n<meta property=\"article:published_time\" content=\"2019-04-25T20:09:40+00:00\" \/>\n<meta property=\"og:image\" content=\"https:\/\/noticiasmercedinas.com\/site\/wp-content\/uploads\/2019\/04\/minutoaminuto.jpg\" \/>\n\t<meta property=\"og:image:width\" content=\"640\" \/>\n\t<meta property=\"og:image:height\" content=\"389\" \/>\n\t<meta property=\"og:image:type\" content=\"image\/jpeg\" \/>\n<meta name=\"author\" content=\"NOTICIASMERCEDINAS.COM\" \/>\n<meta name=\"twitter:card\" content=\"summary_large_image\" \/>\n<meta name=\"twitter:creator\" content=\"@notmercedinas\" \/>\n<meta name=\"twitter:site\" content=\"@notmercedinas\" \/>\n<meta name=\"twitter:label1\" content=\"Escrito por\" \/>\n\t<meta name=\"twitter:data1\" content=\"NOTICIASMERCEDINAS.COM\" \/>\n\t<meta name=\"twitter:label2\" content=\"Tiempo de lectura\" \/>\n\t<meta name=\"twitter:data2\" content=\"1 minuto\" \/>\n<script type=\"application\/ld+json\" class=\"yoast-schema-graph\">{\"@context\":\"https:\\\/\\\/schema.org\",\"@graph\":[{\"@type\":\"Article\",\"@id\":\"https:\\\/\\\/noticiasmercedinas.com\\\/site\\\/2019\\\/04\\\/25\\\/selva-en-c5n-las-medidas-del-gobierno-fracasaron-antes-de-salir\\\/#article\",\"isPartOf\":{\"@id\":\"https:\\\/\\\/noticiasmercedinas.com\\\/site\\\/2019\\\/04\\\/25\\\/selva-en-c5n-las-medidas-del-gobierno-fracasaron-antes-de-salir\\\/\"},\"author\":{\"name\":\"NOTICIASMERCEDINAS.COM\",\"@id\":\"https:\\\/\\\/noticiasmercedinas.com\\\/site\\\/#\\\/schema\\\/person\\\/84b59c099c28ff2e8b77d4ceec5d8063\"},\"headline\":\"Selva en C5N: \u201cLas medidas del gobierno fracasaron antes de salir\u201d\",\"datePublished\":\"2019-04-25T20:09:40+00:00\",\"mainEntityOfPage\":{\"@id\":\"https:\\\/\\\/noticiasmercedinas.com\\\/site\\\/2019\\\/04\\\/25\\\/selva-en-c5n-las-medidas-del-gobierno-fracasaron-antes-de-salir\\\/\"},\"wordCount\":212,\"commentCount\":0,\"publisher\":{\"@id\":\"https:\\\/\\\/noticiasmercedinas.com\\\/site\\\/#organization\"},\"image\":{\"@id\":\"https:\\\/\\\/noticiasmercedinas.com\\\/site\\\/2019\\\/04\\\/25\\\/selva-en-c5n-las-medidas-del-gobierno-fracasaron-antes-de-salir\\\/#primaryimage\"},\"thumbnailUrl\":\"https:\\\/\\\/noticiasmercedinas.com\\\/site\\\/wp-content\\\/uploads\\\/2019\\\/04\\\/minutoaminuto.jpg\",\"keywords\":[\"c5N\",\"carlos selva\",\"criticas\",\"economia\",\"estado\",\"jubilados\"],\"articleSection\":[\"Politica\"],\"inLanguage\":\"es\",\"potentialAction\":[{\"@type\":\"CommentAction\",\"name\":\"Comment\",\"target\":[\"https:\\\/\\\/noticiasmercedinas.com\\\/site\\\/2019\\\/04\\\/25\\\/selva-en-c5n-las-medidas-del-gobierno-fracasaron-antes-de-salir\\\/#respond\"]}]},{\"@type\":\"WebPage\",\"@id\":\"https:\\\/\\\/noticiasmercedinas.com\\\/site\\\/2019\\\/04\\\/25\\\/selva-en-c5n-las-medidas-del-gobierno-fracasaron-antes-de-salir\\\/\",\"url\":\"https:\\\/\\\/noticiasmercedinas.com\\\/site\\\/2019\\\/04\\\/25\\\/selva-en-c5n-las-medidas-del-gobierno-fracasaron-antes-de-salir\\\/\",\"name\":\"Selva en C5N: \u201cLas medidas del gobierno fracasaron antes de salir\u201d\",\"isPartOf\":{\"@id\":\"https:\\\/\\\/noticiasmercedinas.com\\\/site\\\/#website\"},\"primaryImageOfPage\":{\"@id\":\"https:\\\/\\\/noticiasmercedinas.com\\\/site\\\/2019\\\/04\\\/25\\\/selva-en-c5n-las-medidas-del-gobierno-fracasaron-antes-de-salir\\\/#primaryimage\"},\"image\":{\"@id\":\"https:\\\/\\\/noticiasmercedinas.com\\\/site\\\/2019\\\/04\\\/25\\\/selva-en-c5n-las-medidas-del-gobierno-fracasaron-antes-de-salir\\\/#primaryimage\"},\"thumbnailUrl\":\"https:\\\/\\\/noticiasmercedinas.com\\\/site\\\/wp-content\\\/uploads\\\/2019\\\/04\\\/minutoaminuto.jpg\",\"datePublished\":\"2019-04-25T20:09:40+00:00\",\"breadcrumb\":{\"@id\":\"https:\\\/\\\/noticiasmercedinas.com\\\/site\\\/2019\\\/04\\\/25\\\/selva-en-c5n-las-medidas-del-gobierno-fracasaron-antes-de-salir\\\/#breadcrumb\"},\"inLanguage\":\"es\",\"potentialAction\":[{\"@type\":\"ReadAction\",\"target\":[\"https:\\\/\\\/noticiasmercedinas.com\\\/site\\\/2019\\\/04\\\/25\\\/selva-en-c5n-las-medidas-del-gobierno-fracasaron-antes-de-salir\\\/\"]}]},{\"@type\":\"ImageObject\",\"inLanguage\":\"es\",\"@id\":\"https:\\\/\\\/noticiasmercedinas.com\\\/site\\\/2019\\\/04\\\/25\\\/selva-en-c5n-las-medidas-del-gobierno-fracasaron-antes-de-salir\\\/#primaryimage\",\"url\":\"https:\\\/\\\/noticiasmercedinas.com\\\/site\\\/wp-content\\\/uploads\\\/2019\\\/04\\\/minutoaminuto.jpg\",\"contentUrl\":\"https:\\\/\\\/noticiasmercedinas.com\\\/site\\\/wp-content\\\/uploads\\\/2019\\\/04\\\/minutoaminuto.jpg\",\"width\":640,\"height\":389},{\"@type\":\"BreadcrumbList\",\"@id\":\"https:\\\/\\\/noticiasmercedinas.com\\\/site\\\/2019\\\/04\\\/25\\\/selva-en-c5n-las-medidas-del-gobierno-fracasaron-antes-de-salir\\\/#breadcrumb\",\"itemListElement\":[{\"@type\":\"ListItem\",\"position\":1,\"name\":\"Portada\",\"item\":\"https:\\\/\\\/noticiasmercedinas.com\\\/site\\\/\"},{\"@type\":\"ListItem\",\"position\":2,\"name\":\"Selva en C5N: \u201cLas medidas del gobierno fracasaron antes de salir\u201d\"}]},{\"@type\":\"WebSite\",\"@id\":\"https:\\\/\\\/noticiasmercedinas.com\\\/site\\\/#website\",\"url\":\"https:\\\/\\\/noticiasmercedinas.com\\\/site\\\/\",\"name\":\"NOTICIASMERCEDINAS.COM\",\"description\":\"Mercedes, Buenos Aires, Argentina\",\"publisher\":{\"@id\":\"https:\\\/\\\/noticiasmercedinas.com\\\/site\\\/#organization\"},\"potentialAction\":[{\"@type\":\"SearchAction\",\"target\":{\"@type\":\"EntryPoint\",\"urlTemplate\":\"https:\\\/\\\/noticiasmercedinas.com\\\/site\\\/?s={search_term_string}\"},\"query-input\":{\"@type\":\"PropertyValueSpecification\",\"valueRequired\":true,\"valueName\":\"search_term_string\"}}],\"inLanguage\":\"es\"},{\"@type\":\"Organization\",\"@id\":\"https:\\\/\\\/noticiasmercedinas.com\\\/site\\\/#organization\",\"name\":\"NOTICIASMERCEDINAS.COM\",\"url\":\"https:\\\/\\\/noticiasmercedinas.com\\\/site\\\/\",\"logo\":{\"@type\":\"ImageObject\",\"inLanguage\":\"es\",\"@id\":\"https:\\\/\\\/noticiasmercedinas.com\\\/site\\\/#\\\/schema\\\/logo\\\/image\\\/\",\"url\":\"https:\\\/\\\/noticiasmercedinas.com\\\/site\\\/wp-content\\\/uploads\\\/2020\\\/06\\\/LOGO-512.jpg\",\"contentUrl\":\"https:\\\/\\\/noticiasmercedinas.com\\\/site\\\/wp-content\\\/uploads\\\/2020\\\/06\\\/LOGO-512.jpg\",\"width\":512,\"height\":512,\"caption\":\"NOTICIASMERCEDINAS.COM\"},\"image\":{\"@id\":\"https:\\\/\\\/noticiasmercedinas.com\\\/site\\\/#\\\/schema\\\/logo\\\/image\\\/\"},\"sameAs\":[\"https:\\\/\\\/www.facebook.com\\\/noticiasmercedinas\\\/\",\"https:\\\/\\\/x.com\\\/notmercedinas\",\"https:\\\/\\\/www.instagram.com\\\/noticiasmercedinas\\\/\"]},{\"@type\":\"Person\",\"@id\":\"https:\\\/\\\/noticiasmercedinas.com\\\/site\\\/#\\\/schema\\\/person\\\/84b59c099c28ff2e8b77d4ceec5d8063\",\"name\":\"NOTICIASMERCEDINAS.COM\",\"image\":{\"@type\":\"ImageObject\",\"inLanguage\":\"es\",\"@id\":\"https:\\\/\\\/secure.gravatar.com\\\/avatar\\\/4dfbf16b4d17945bfb6341b2d19043457132fcf478a5ee04f42e959fd8f5df0a?s=96&d=mm&r=g\",\"url\":\"https:\\\/\\\/secure.gravatar.com\\\/avatar\\\/4dfbf16b4d17945bfb6341b2d19043457132fcf478a5ee04f42e959fd8f5df0a?s=96&d=mm&r=g\",\"contentUrl\":\"https:\\\/\\\/secure.gravatar.com\\\/avatar\\\/4dfbf16b4d17945bfb6341b2d19043457132fcf478a5ee04f42e959fd8f5df0a?s=96&d=mm&r=g\",\"caption\":\"NOTICIASMERCEDINAS.COM\"},\"url\":\"https:\\\/\\\/noticiasmercedinas.com\\\/site\\\/author\\\/anonimo\\\/\"}]}<\/script>\n<!-- \/ Yoast SEO plugin. -->","yoast_head_json":{"title":"Selva en C5N: \u201cLas medidas del gobierno fracasaron antes de salir\u201d","robots":{"index":"index","follow":"follow","max-snippet":"max-snippet:-1","max-image-preview":"max-image-preview:large","max-video-preview":"max-video-preview:-1"},"canonical":"https:\/\/noticiasmercedinas.com\/site\/2019\/04\/25\/selva-en-c5n-las-medidas-del-gobierno-fracasaron-antes-de-salir\/","og_locale":"es_ES","og_type":"article","og_title":"Selva en C5N: \u201cLas medidas del gobierno fracasaron antes de salir\u201d","og_description":"\u201cLas medidas del gobierno fracasaron antes de salir. No existe antecedente en el mundo de un ministro de Econom\u00eda que haya tenido tantos fracasos como el actual ministro\u201d, dijo el diputado nacional Carlos Selva, en un espacio televisivo que comparti\u00f3 en C5N junto a la diputada nacional mandato cumplido Cynthia Hotton, entre otros. \u201cLas medidas [&hellip;]","og_url":"https:\/\/noticiasmercedinas.com\/site\/2019\/04\/25\/selva-en-c5n-las-medidas-del-gobierno-fracasaron-antes-de-salir\/","og_site_name":"NOTICIASMERCEDINAS.COM","article_publisher":"https:\/\/www.facebook.com\/noticiasmercedinas\/","article_published_time":"2019-04-25T20:09:40+00:00","og_image":[{"width":640,"height":389,"url":"https:\/\/noticiasmercedinas.com\/site\/wp-content\/uploads\/2019\/04\/minutoaminuto.jpg","type":"image\/jpeg"}],"author":"NOTICIASMERCEDINAS.COM","twitter_card":"summary_large_image","twitter_creator":"@notmercedinas","twitter_site":"@notmercedinas","twitter_misc":{"Escrito por":"NOTICIASMERCEDINAS.COM","Tiempo de lectura":"1 minuto"},"schema":{"@context":"https:\/\/schema.org","@graph":[{"@type":"Article","@id":"https:\/\/noticiasmercedinas.com\/site\/2019\/04\/25\/selva-en-c5n-las-medidas-del-gobierno-fracasaron-antes-de-salir\/#article","isPartOf":{"@id":"https:\/\/noticiasmercedinas.com\/site\/2019\/04\/25\/selva-en-c5n-las-medidas-del-gobierno-fracasaron-antes-de-salir\/"},"author":{"name":"NOTICIASMERCEDINAS.COM","@id":"https:\/\/noticiasmercedinas.com\/site\/#\/schema\/person\/84b59c099c28ff2e8b77d4ceec5d8063"},"headline":"Selva en C5N: \u201cLas medidas del gobierno fracasaron antes de salir\u201d","datePublished":"2019-04-25T20:09:40+00:00","mainEntityOfPage":{"@id":"https:\/\/noticiasmercedinas.com\/site\/2019\/04\/25\/selva-en-c5n-las-medidas-del-gobierno-fracasaron-antes-de-salir\/"},"wordCount":212,"commentCount":0,"publisher":{"@id":"https:\/\/noticiasmercedinas.com\/site\/#organization"},"image":{"@id":"https:\/\/noticiasmercedinas.com\/site\/2019\/04\/25\/selva-en-c5n-las-medidas-del-gobierno-fracasaron-antes-de-salir\/#primaryimage"},"thumbnailUrl":"https:\/\/noticiasmercedinas.com\/site\/wp-content\/uploads\/2019\/04\/minutoaminuto.jpg","keywords":["c5N","carlos selva","criticas","economia","estado","jubilados"],"articleSection":["Politica"],"inLanguage":"es","potentialAction":[{"@type":"CommentAction","name":"Comment","target":["https:\/\/noticiasmercedinas.com\/site\/2019\/04\/25\/selva-en-c5n-las-medidas-del-gobierno-fracasaron-antes-de-salir\/#respond"]}]},{"@type":"WebPage","@id":"https:\/\/noticiasmercedinas.com\/site\/2019\/04\/25\/selva-en-c5n-las-medidas-del-gobierno-fracasaron-antes-de-salir\/","url":"https:\/\/noticiasmercedinas.com\/site\/2019\/04\/25\/selva-en-c5n-las-medidas-del-gobierno-fracasaron-antes-de-salir\/","name":"Selva en C5N: \u201cLas medidas del gobierno fracasaron antes de salir\u201d","isPartOf":{"@id":"https:\/\/noticiasmercedinas.com\/site\/#website"},"primaryImageOfPage":{"@id":"https:\/\/noticiasmercedinas.com\/site\/2019\/04\/25\/selva-en-c5n-las-medidas-del-gobierno-fracasaron-antes-de-salir\/#primaryimage"},"image":{"@id":"https:\/\/noticiasmercedinas.com\/site\/2019\/04\/25\/selva-en-c5n-las-medidas-del-gobierno-fracasaron-antes-de-salir\/#primaryimage"},"thumbnailUrl":"https:\/\/noticiasmercedinas.com\/site\/wp-content\/uploads\/2019\/04\/minutoaminuto.jpg","datePublished":"2019-04-25T20:09:40+00:00","breadcrumb":{"@id":"https:\/\/noticiasmercedinas.com\/site\/2019\/04\/25\/selva-en-c5n-las-medidas-del-gobierno-fracasaron-antes-de-salir\/#breadcrumb"},"inLanguage":"es","potentialAction":[{"@type":"ReadAction","target":["https:\/\/noticiasmercedinas.com\/site\/2019\/04\/25\/selva-en-c5n-las-medidas-del-gobierno-fracasaron-antes-de-salir\/"]}]},{"@type":"ImageObject","inLanguage":"es","@id":"https:\/\/noticiasmercedinas.com\/site\/2019\/04\/25\/selva-en-c5n-las-medidas-del-gobierno-fracasaron-antes-de-salir\/#primaryimage","url":"https:\/\/noticiasmercedinas.com\/site\/wp-content\/uploads\/2019\/04\/minutoaminuto.jpg","contentUrl":"https:\/\/noticiasmercedinas.com\/site\/wp-content\/uploads\/2019\/04\/minutoaminuto.jpg","width":640,"height":389},{"@type":"BreadcrumbList","@id":"https:\/\/noticiasmercedinas.com\/site\/2019\/04\/25\/selva-en-c5n-las-medidas-del-gobierno-fracasaron-antes-de-salir\/#breadcrumb","itemListElement":[{"@type":"ListItem","position":1,"name":"Portada","item":"https:\/\/noticiasmercedinas.com\/site\/"},{"@type":"ListItem","position":2,"name":"Selva en C5N: \u201cLas medidas del gobierno fracasaron antes de salir\u201d"}]},{"@type":"WebSite","@id":"https:\/\/noticiasmercedinas.com\/site\/#website","url":"https:\/\/noticiasmercedinas.com\/site\/","name":"NOTICIASMERCEDINAS.COM","description":"Mercedes, Buenos Aires, Argentina","publisher":{"@id":"https:\/\/noticiasmercedinas.com\/site\/#organization"},"potentialAction":[{"@type":"SearchAction","target":{"@type":"EntryPoint","urlTemplate":"https:\/\/noticiasmercedinas.com\/site\/?s={search_term_string}"},"query-input":{"@type":"PropertyValueSpecification","valueRequired":true,"valueName":"search_term_string"}}],"inLanguage":"es"},{"@type":"Organization","@id":"https:\/\/noticiasmercedinas.com\/site\/#organization","name":"NOTICIASMERCEDINAS.COM","url":"https:\/\/noticiasmercedinas.com\/site\/","logo":{"@type":"ImageObject","inLanguage":"es","@id":"https:\/\/noticiasmercedinas.com\/site\/#\/schema\/logo\/image\/","url":"https:\/\/noticiasmercedinas.com\/site\/wp-content\/uploads\/2020\/06\/LOGO-512.jpg","contentUrl":"https:\/\/noticiasmercedinas.com\/site\/wp-content\/uploads\/2020\/06\/LOGO-512.jpg","width":512,"height":512,"caption":"NOTICIASMERCEDINAS.COM"},"image":{"@id":"https:\/\/noticiasmercedinas.com\/site\/#\/schema\/logo\/image\/"},"sameAs":["https:\/\/www.facebook.com\/noticiasmercedinas\/","https:\/\/x.com\/notmercedinas","https:\/\/www.instagram.com\/noticiasmercedinas\/"]},{"@type":"Person","@id":"https:\/\/noticiasmercedinas.com\/site\/#\/schema\/person\/84b59c099c28ff2e8b77d4ceec5d8063","name":"NOTICIASMERCEDINAS.COM","image":{"@type":"ImageObject","inLanguage":"es","@id":"https:\/\/secure.gravatar.com\/avatar\/4dfbf16b4d17945bfb6341b2d19043457132fcf478a5ee04f42e959fd8f5df0a?s=96&d=mm&r=g","url":"https:\/\/secure.gravatar.com\/avatar\/4dfbf16b4d17945bfb6341b2d19043457132fcf478a5ee04f42e959fd8f5df0a?s=96&d=mm&r=g","contentUrl":"https:\/\/secure.gravatar.com\/avatar\/4dfbf16b4d17945bfb6341b2d19043457132fcf478a5ee04f42e959fd8f5df0a?s=96&d=mm&r=g","caption":"NOTICIASMERCEDINAS.COM"},"url":"https:\/\/noticiasmercedinas.com\/site\/author\/anonimo\/"}]}},"amp_enabled":true,"_links":{"self":[{"href":"https:\/\/noticiasmercedinas.com\/site\/wp-json\/wp\/v2\/posts\/17467","targetHints":{"allow":["GET"]}}],"collection":[{"href":"https:\/\/noticiasmercedinas.com\/site\/wp-json\/wp\/v2\/posts"}],"about":[{"href":"https:\/\/noticiasmercedinas.com\/site\/wp-json\/wp\/v2\/types\/post"}],"author":[{"embeddable":true,"href":"https:\/\/noticiasmercedinas.com\/site\/wp-json\/wp\/v2\/users\/16"}],"replies":[{"embeddable":true,"href":"https:\/\/noticiasmercedinas.com\/site\/wp-json\/wp\/v2\/comments?post=17467"}],"version-history":[{"count":1,"href":"https:\/\/noticiasmercedinas.com\/site\/wp-json\/wp\/v2\/posts\/17467\/revisions"}],"predecessor-version":[{"id":17469,"href":"https:\/\/noticiasmercedinas.com\/site\/wp-json\/wp\/v2\/posts\/17467\/revisions\/17469"}],"wp:featuredmedia":[{"embeddable":true,"href":"https:\/\/noticiasmercedinas.com\/site\/wp-json\/wp\/v2\/media\/17468"}],"wp:attachment":[{"href":"https:\/\/noticiasmercedinas.com\/site\/wp-json\/wp\/v2\/media?parent=17467"}],"wp:term":[{"taxonomy":"category","embeddable":true,"href":"https:\/\/noticiasmercedinas.com\/site\/wp-json\/wp\/v2\/categories?post=17467"},{"taxonomy":"post_tag","embeddable":true,"href":"https:\/\/noticiasmercedinas.com\/site\/wp-json\/wp\/v2\/tags?post=17467"}],"curies":[{"name":"wp","href":"https:\/\/api.w.org\/{rel}","templated":true}]}}