{"id":174689,"date":"2025-11-19T12:46:08","date_gmt":"2025-11-19T15:46:08","guid":{"rendered":"https:\/\/noticiasmercedinas.com\/site\/?p=174689"},"modified":"2025-11-19T13:18:03","modified_gmt":"2025-11-19T16:18:03","slug":"padres-de-jardines-municipales-convocan-a-un-abrazo-en-la-plaza-contra-el-cierre-de-salas-de-2-anos","status":"publish","type":"post","link":"https:\/\/noticiasmercedinas.com\/site\/2025\/11\/19\/padres-de-jardines-municipales-convocan-a-un-abrazo-en-la-plaza-contra-el-cierre-de-salas-de-2-anos\/","title":{"rendered":"Familias de Jardines Municipales convocan a \u00ababrazo\u00bb en la plaza contra el cierre de salas de 2 a\u00f1os"},"content":{"rendered":"<p><img loading=\"lazy\" decoding=\"async\" class=\"alignnone size-full wp-image-128292\" src=\"https:\/\/noticiasmercedinas.com\/site\/wp-content\/uploads\/2023\/12\/PLAZA.jpg\" alt=\"\" width=\"640\" height=\"409\" srcset=\"https:\/\/noticiasmercedinas.com\/site\/wp-content\/uploads\/2023\/12\/PLAZA.jpg 640w, https:\/\/noticiasmercedinas.com\/site\/wp-content\/uploads\/2023\/12\/PLAZA-300x192.jpg 300w\" sizes=\"auto, (max-width: 640px) 100vw, 640px\" \/><\/p>\n<p data-path-to-node=\"4\">La controversia por la reorganizaci\u00f3n de los servicios de educaci\u00f3n inicial en Mercedes tuvo un giro hoy con la convocatoria a un <b>\u00ababrazo\u00bb en la plaza central a las 18:00 hs<\/b>. Las familias de los jardines municipales maternales son quienes impulsan la protesta para <b>\u00abreclamar las salas que se cierran\u00bb<\/b> en las instituciones.<\/p>\n<p data-path-to-node=\"5\">El reclamo se enmarca en un conflicto desatado tras la denuncia de un sector de docentes de los jardines, avalado por el Sindicato de Trabajadores Municipales (STMM), que emiti\u00f3 un comunicado de <b>\u00abALERTA\u00bb<\/b> por el supuesto <b>cierre de las salas de 2 a\u00f1os<\/b> a trav\u00e9s de un nuevo sistema propuesto por la comuna.<\/p>\n<h4><b>Preocupaciones de Docentes y Familias<\/b><\/h4>\n<p data-path-to-node=\"7\">Los docentes sostienen que la medida simula abrir oportunidades, pero en realidad busca que los jardines provinciales absorban la matr\u00edcula existente, lo que podr\u00eda generar <b>\u00abinestabilidad laboral de las docentes\u00bb<\/b>, muchas de las cuales est\u00e1n contratadas bajo la modalidad de monotributistas.<\/p>\n<p data-path-to-node=\"8\">Adem\u00e1s, acusan a la Municipalidad de haber <b>\u00abexpulsado a las familias de nuestros jardines\u00bb<\/b> al negarles la continuidad para el pr\u00f3ximo a\u00f1o en las instituciones que eligieron, a pesar de que los jardines son \u00absin\u00f3nimo de confianza y bienestar\u00bb para sus hijos.<\/p>\n<h4><b>La Versi\u00f3n Municipal<\/b><\/h4>\n<p data-path-to-node=\"10\">En respuesta a la controversia, el secretario municipal de Educaci\u00f3n, <b>Jos\u00e9 Luis Pisano<\/b>, asegur\u00f3 que el objetivo del <b>\u00abNuevo Sistema Integral\u00bb<\/b> es garantizar la continuidad escolar y, fundamentalmente, <b>proteger los puestos de trabajo<\/b> de los docentes.<\/p>\n<p data-path-to-node=\"11\">Pisano justific\u00f3 la medida por la <b>reducci\u00f3n del 50% de los nacimientos<\/b> en la ciudad y la <b>Disposici\u00f3n N\u00b0 6\/25<\/b> del Nivel Inicial de la Provincia. Seg\u00fan el funcionario, la estrategia busca incorporar a los ni\u00f1os de 2 a\u00f1os a los jardines provinciales para <b>evitar el cierre de secciones o salas provinciales<\/b> y as\u00ed <b>\u00abevitar que se pierda ning\u00fan cargo docente provincial\u00bb<\/b>.<\/p>\n<p data-path-to-node=\"12\">El Secretario garantiz\u00f3 que el sistema ampl\u00eda la oferta de los 3 jardines maternales municipales a <b>\u00abm\u00e1s de 20 jardines provinciales\u00bb<\/b> y concluy\u00f3 de manera enf\u00e1tica: <b>\u00abNadie se queda sin lugar. Nadie se queda sin trabajo\u00bb<\/b>.<\/p>\n","protected":false},"excerpt":{"rendered":"<p>\u25a0 La protesta se realizar\u00e1 a las 18:00 hs en el centro de la ciudad para reclamar por las salas que se cierran en los maternales. El conflicto escala pese a que la Municipalidad garantiza la continuidad escolar y la estabilidad laboral docente.<\/p>\n","protected":false},"author":16,"featured_media":128292,"comment_status":"closed","ping_status":"closed","sticky":false,"template":"","format":"standard","meta":{"footnotes":""},"categories":[3,20734],"tags":[38,3975,1172,2593],"class_list":["post-174689","post","type-post","status-publish","format-standard","has-post-thumbnail","hentry","category-sociedad","category-ultimo-momento","tag-educacion","tag-jardines-maternales","tag-plaza","tag-protesta"],"yoast_head":"<!-- This site is optimized with the Yoast SEO plugin v27.5 - https:\/\/yoast.com\/product\/yoast-seo-wordpress\/ -->\n<title>Familias de Jardines Municipales convocan a &quot;abrazo&quot; en la plaza contra el cierre de salas de 2 a\u00f1os<\/title>\n<meta name=\"description\" content=\"La protesta se realizar\u00e1 a las 18:00 hs en el centro de la ciudad para reclamar por las salas que se cierran en los maternales. El conflicto escala pese a que la Municipalidad garantiza la continuidad escolar y la estabilidad laboral docente.\" \/>\n<meta name=\"robots\" content=\"index, follow, max-snippet:-1, max-image-preview:large, max-video-preview:-1\" \/>\n<link rel=\"canonical\" href=\"https:\/\/noticiasmercedinas.com\/site\/2025\/11\/19\/padres-de-jardines-municipales-convocan-a-un-abrazo-en-la-plaza-contra-el-cierre-de-salas-de-2-anos\/\" \/>\n<meta property=\"og:locale\" content=\"es_ES\" \/>\n<meta property=\"og:type\" content=\"article\" \/>\n<meta property=\"og:title\" content=\"Familias de Jardines Municipales convocan a &quot;abrazo&quot; en la plaza contra el cierre de salas de 2 a\u00f1os\" \/>\n<meta property=\"og:description\" content=\"La protesta se realizar\u00e1 a las 18:00 hs en el centro de la ciudad para reclamar por las salas que se cierran en los maternales. El conflicto escala pese a que la Municipalidad garantiza la continuidad escolar y la estabilidad laboral docente.\" \/>\n<meta property=\"og:url\" content=\"https:\/\/noticiasmercedinas.com\/site\/2025\/11\/19\/padres-de-jardines-municipales-convocan-a-un-abrazo-en-la-plaza-contra-el-cierre-de-salas-de-2-anos\/\" \/>\n<meta property=\"og:site_name\" content=\"NOTICIASMERCEDINAS.COM\" \/>\n<meta property=\"article:publisher\" content=\"https:\/\/www.facebook.com\/noticiasmercedinas\/\" \/>\n<meta property=\"article:published_time\" content=\"2025-11-19T15:46:08+00:00\" \/>\n<meta property=\"article:modified_time\" content=\"2025-11-19T16:18:03+00:00\" \/>\n<meta property=\"og:image\" content=\"https:\/\/noticiasmercedinas.com\/site\/wp-content\/uploads\/2023\/12\/PLAZA.jpg\" \/>\n\t<meta property=\"og:image:width\" content=\"640\" \/>\n\t<meta property=\"og:image:height\" content=\"409\" \/>\n\t<meta property=\"og:image:type\" content=\"image\/jpeg\" \/>\n<meta name=\"author\" content=\"NOTICIASMERCEDINAS.COM\" \/>\n<meta name=\"twitter:card\" content=\"summary_large_image\" \/>\n<meta name=\"twitter:creator\" content=\"@notmercedinas\" \/>\n<meta name=\"twitter:site\" content=\"@notmercedinas\" \/>\n<meta name=\"twitter:label1\" content=\"Escrito por\" \/>\n\t<meta name=\"twitter:data1\" content=\"NOTICIASMERCEDINAS.COM\" \/>\n\t<meta name=\"twitter:label2\" content=\"Tiempo de lectura\" \/>\n\t<meta name=\"twitter:data2\" content=\"2 minutos\" \/>\n<script type=\"application\/ld+json\" class=\"yoast-schema-graph\">{\"@context\":\"https:\\\/\\\/schema.org\",\"@graph\":[{\"@type\":\"Article\",\"@id\":\"https:\\\/\\\/noticiasmercedinas.com\\\/site\\\/2025\\\/11\\\/19\\\/padres-de-jardines-municipales-convocan-a-un-abrazo-en-la-plaza-contra-el-cierre-de-salas-de-2-anos\\\/#article\",\"isPartOf\":{\"@id\":\"https:\\\/\\\/noticiasmercedinas.com\\\/site\\\/2025\\\/11\\\/19\\\/padres-de-jardines-municipales-convocan-a-un-abrazo-en-la-plaza-contra-el-cierre-de-salas-de-2-anos\\\/\"},\"author\":{\"name\":\"NOTICIASMERCEDINAS.COM\",\"@id\":\"https:\\\/\\\/noticiasmercedinas.com\\\/site\\\/#\\\/schema\\\/person\\\/84b59c099c28ff2e8b77d4ceec5d8063\"},\"headline\":\"Familias de Jardines Municipales convocan a \u00ababrazo\u00bb en la plaza contra el cierre de salas de 2 a\u00f1os\",\"datePublished\":\"2025-11-19T15:46:08+00:00\",\"dateModified\":\"2025-11-19T16:18:03+00:00\",\"mainEntityOfPage\":{\"@id\":\"https:\\\/\\\/noticiasmercedinas.com\\\/site\\\/2025\\\/11\\\/19\\\/padres-de-jardines-municipales-convocan-a-un-abrazo-en-la-plaza-contra-el-cierre-de-salas-de-2-anos\\\/\"},\"wordCount\":364,\"publisher\":{\"@id\":\"https:\\\/\\\/noticiasmercedinas.com\\\/site\\\/#organization\"},\"image\":{\"@id\":\"https:\\\/\\\/noticiasmercedinas.com\\\/site\\\/2025\\\/11\\\/19\\\/padres-de-jardines-municipales-convocan-a-un-abrazo-en-la-plaza-contra-el-cierre-de-salas-de-2-anos\\\/#primaryimage\"},\"thumbnailUrl\":\"https:\\\/\\\/noticiasmercedinas.com\\\/site\\\/wp-content\\\/uploads\\\/2023\\\/12\\\/PLAZA.jpg\",\"keywords\":[\"educacion\",\"jardines maternales\",\"plaza\",\"protesta\"],\"articleSection\":[\"Sociedad\",\"Ultimo momento\"],\"inLanguage\":\"es\"},{\"@type\":\"WebPage\",\"@id\":\"https:\\\/\\\/noticiasmercedinas.com\\\/site\\\/2025\\\/11\\\/19\\\/padres-de-jardines-municipales-convocan-a-un-abrazo-en-la-plaza-contra-el-cierre-de-salas-de-2-anos\\\/\",\"url\":\"https:\\\/\\\/noticiasmercedinas.com\\\/site\\\/2025\\\/11\\\/19\\\/padres-de-jardines-municipales-convocan-a-un-abrazo-en-la-plaza-contra-el-cierre-de-salas-de-2-anos\\\/\",\"name\":\"Familias de Jardines Municipales convocan a \\\"abrazo\\\" en la plaza contra el cierre de salas de 2 a\u00f1os\",\"isPartOf\":{\"@id\":\"https:\\\/\\\/noticiasmercedinas.com\\\/site\\\/#website\"},\"primaryImageOfPage\":{\"@id\":\"https:\\\/\\\/noticiasmercedinas.com\\\/site\\\/2025\\\/11\\\/19\\\/padres-de-jardines-municipales-convocan-a-un-abrazo-en-la-plaza-contra-el-cierre-de-salas-de-2-anos\\\/#primaryimage\"},\"image\":{\"@id\":\"https:\\\/\\\/noticiasmercedinas.com\\\/site\\\/2025\\\/11\\\/19\\\/padres-de-jardines-municipales-convocan-a-un-abrazo-en-la-plaza-contra-el-cierre-de-salas-de-2-anos\\\/#primaryimage\"},\"thumbnailUrl\":\"https:\\\/\\\/noticiasmercedinas.com\\\/site\\\/wp-content\\\/uploads\\\/2023\\\/12\\\/PLAZA.jpg\",\"datePublished\":\"2025-11-19T15:46:08+00:00\",\"dateModified\":\"2025-11-19T16:18:03+00:00\",\"description\":\"La protesta se realizar\u00e1 a las 18:00 hs en el centro de la ciudad para reclamar por las salas que se cierran en los maternales. El conflicto escala pese a que la Municipalidad garantiza la continuidad escolar y la estabilidad laboral docente.\",\"breadcrumb\":{\"@id\":\"https:\\\/\\\/noticiasmercedinas.com\\\/site\\\/2025\\\/11\\\/19\\\/padres-de-jardines-municipales-convocan-a-un-abrazo-en-la-plaza-contra-el-cierre-de-salas-de-2-anos\\\/#breadcrumb\"},\"inLanguage\":\"es\",\"potentialAction\":[{\"@type\":\"ReadAction\",\"target\":[\"https:\\\/\\\/noticiasmercedinas.com\\\/site\\\/2025\\\/11\\\/19\\\/padres-de-jardines-municipales-convocan-a-un-abrazo-en-la-plaza-contra-el-cierre-de-salas-de-2-anos\\\/\"]}]},{\"@type\":\"ImageObject\",\"inLanguage\":\"es\",\"@id\":\"https:\\\/\\\/noticiasmercedinas.com\\\/site\\\/2025\\\/11\\\/19\\\/padres-de-jardines-municipales-convocan-a-un-abrazo-en-la-plaza-contra-el-cierre-de-salas-de-2-anos\\\/#primaryimage\",\"url\":\"https:\\\/\\\/noticiasmercedinas.com\\\/site\\\/wp-content\\\/uploads\\\/2023\\\/12\\\/PLAZA.jpg\",\"contentUrl\":\"https:\\\/\\\/noticiasmercedinas.com\\\/site\\\/wp-content\\\/uploads\\\/2023\\\/12\\\/PLAZA.jpg\",\"width\":640,\"height\":409},{\"@type\":\"BreadcrumbList\",\"@id\":\"https:\\\/\\\/noticiasmercedinas.com\\\/site\\\/2025\\\/11\\\/19\\\/padres-de-jardines-municipales-convocan-a-un-abrazo-en-la-plaza-contra-el-cierre-de-salas-de-2-anos\\\/#breadcrumb\",\"itemListElement\":[{\"@type\":\"ListItem\",\"position\":1,\"name\":\"Portada\",\"item\":\"https:\\\/\\\/noticiasmercedinas.com\\\/site\\\/\"},{\"@type\":\"ListItem\",\"position\":2,\"name\":\"Familias de Jardines Municipales convocan a \u00ababrazo\u00bb en la plaza contra el cierre de salas de 2 a\u00f1os\"}]},{\"@type\":\"WebSite\",\"@id\":\"https:\\\/\\\/noticiasmercedinas.com\\\/site\\\/#website\",\"url\":\"https:\\\/\\\/noticiasmercedinas.com\\\/site\\\/\",\"name\":\"NOTICIASMERCEDINAS.COM\",\"description\":\"Mercedes, Buenos Aires, Argentina\",\"publisher\":{\"@id\":\"https:\\\/\\\/noticiasmercedinas.com\\\/site\\\/#organization\"},\"potentialAction\":[{\"@type\":\"SearchAction\",\"target\":{\"@type\":\"EntryPoint\",\"urlTemplate\":\"https:\\\/\\\/noticiasmercedinas.com\\\/site\\\/?s={search_term_string}\"},\"query-input\":{\"@type\":\"PropertyValueSpecification\",\"valueRequired\":true,\"valueName\":\"search_term_string\"}}],\"inLanguage\":\"es\"},{\"@type\":\"Organization\",\"@id\":\"https:\\\/\\\/noticiasmercedinas.com\\\/site\\\/#organization\",\"name\":\"NOTICIASMERCEDINAS.COM\",\"url\":\"https:\\\/\\\/noticiasmercedinas.com\\\/site\\\/\",\"logo\":{\"@type\":\"ImageObject\",\"inLanguage\":\"es\",\"@id\":\"https:\\\/\\\/noticiasmercedinas.com\\\/site\\\/#\\\/schema\\\/logo\\\/image\\\/\",\"url\":\"https:\\\/\\\/noticiasmercedinas.com\\\/site\\\/wp-content\\\/uploads\\\/2020\\\/06\\\/LOGO-512.jpg\",\"contentUrl\":\"https:\\\/\\\/noticiasmercedinas.com\\\/site\\\/wp-content\\\/uploads\\\/2020\\\/06\\\/LOGO-512.jpg\",\"width\":512,\"height\":512,\"caption\":\"NOTICIASMERCEDINAS.COM\"},\"image\":{\"@id\":\"https:\\\/\\\/noticiasmercedinas.com\\\/site\\\/#\\\/schema\\\/logo\\\/image\\\/\"},\"sameAs\":[\"https:\\\/\\\/www.facebook.com\\\/noticiasmercedinas\\\/\",\"https:\\\/\\\/x.com\\\/notmercedinas\",\"https:\\\/\\\/www.instagram.com\\\/noticiasmercedinas\\\/\"]},{\"@type\":\"Person\",\"@id\":\"https:\\\/\\\/noticiasmercedinas.com\\\/site\\\/#\\\/schema\\\/person\\\/84b59c099c28ff2e8b77d4ceec5d8063\",\"name\":\"NOTICIASMERCEDINAS.COM\",\"image\":{\"@type\":\"ImageObject\",\"inLanguage\":\"es\",\"@id\":\"https:\\\/\\\/secure.gravatar.com\\\/avatar\\\/4dfbf16b4d17945bfb6341b2d19043457132fcf478a5ee04f42e959fd8f5df0a?s=96&d=mm&r=g\",\"url\":\"https:\\\/\\\/secure.gravatar.com\\\/avatar\\\/4dfbf16b4d17945bfb6341b2d19043457132fcf478a5ee04f42e959fd8f5df0a?s=96&d=mm&r=g\",\"contentUrl\":\"https:\\\/\\\/secure.gravatar.com\\\/avatar\\\/4dfbf16b4d17945bfb6341b2d19043457132fcf478a5ee04f42e959fd8f5df0a?s=96&d=mm&r=g\",\"caption\":\"NOTICIASMERCEDINAS.COM\"},\"url\":\"https:\\\/\\\/noticiasmercedinas.com\\\/site\\\/author\\\/anonimo\\\/\"}]}<\/script>\n<!-- \/ Yoast SEO plugin. -->","yoast_head_json":{"title":"Familias de Jardines Municipales convocan a \"abrazo\" en la plaza contra el cierre de salas de 2 a\u00f1os","description":"La protesta se realizar\u00e1 a las 18:00 hs en el centro de la ciudad para reclamar por las salas que se cierran en los maternales. El conflicto escala pese a que la Municipalidad garantiza la continuidad escolar y la estabilidad laboral docente.","robots":{"index":"index","follow":"follow","max-snippet":"max-snippet:-1","max-image-preview":"max-image-preview:large","max-video-preview":"max-video-preview:-1"},"canonical":"https:\/\/noticiasmercedinas.com\/site\/2025\/11\/19\/padres-de-jardines-municipales-convocan-a-un-abrazo-en-la-plaza-contra-el-cierre-de-salas-de-2-anos\/","og_locale":"es_ES","og_type":"article","og_title":"Familias de Jardines Municipales convocan a \"abrazo\" en la plaza contra el cierre de salas de 2 a\u00f1os","og_description":"La protesta se realizar\u00e1 a las 18:00 hs en el centro de la ciudad para reclamar por las salas que se cierran en los maternales. El conflicto escala pese a que la Municipalidad garantiza la continuidad escolar y la estabilidad laboral docente.","og_url":"https:\/\/noticiasmercedinas.com\/site\/2025\/11\/19\/padres-de-jardines-municipales-convocan-a-un-abrazo-en-la-plaza-contra-el-cierre-de-salas-de-2-anos\/","og_site_name":"NOTICIASMERCEDINAS.COM","article_publisher":"https:\/\/www.facebook.com\/noticiasmercedinas\/","article_published_time":"2025-11-19T15:46:08+00:00","article_modified_time":"2025-11-19T16:18:03+00:00","og_image":[{"width":640,"height":409,"url":"https:\/\/noticiasmercedinas.com\/site\/wp-content\/uploads\/2023\/12\/PLAZA.jpg","type":"image\/jpeg"}],"author":"NOTICIASMERCEDINAS.COM","twitter_card":"summary_large_image","twitter_creator":"@notmercedinas","twitter_site":"@notmercedinas","twitter_misc":{"Escrito por":"NOTICIASMERCEDINAS.COM","Tiempo de lectura":"2 minutos"},"schema":{"@context":"https:\/\/schema.org","@graph":[{"@type":"Article","@id":"https:\/\/noticiasmercedinas.com\/site\/2025\/11\/19\/padres-de-jardines-municipales-convocan-a-un-abrazo-en-la-plaza-contra-el-cierre-de-salas-de-2-anos\/#article","isPartOf":{"@id":"https:\/\/noticiasmercedinas.com\/site\/2025\/11\/19\/padres-de-jardines-municipales-convocan-a-un-abrazo-en-la-plaza-contra-el-cierre-de-salas-de-2-anos\/"},"author":{"name":"NOTICIASMERCEDINAS.COM","@id":"https:\/\/noticiasmercedinas.com\/site\/#\/schema\/person\/84b59c099c28ff2e8b77d4ceec5d8063"},"headline":"Familias de Jardines Municipales convocan a \u00ababrazo\u00bb en la plaza contra el cierre de salas de 2 a\u00f1os","datePublished":"2025-11-19T15:46:08+00:00","dateModified":"2025-11-19T16:18:03+00:00","mainEntityOfPage":{"@id":"https:\/\/noticiasmercedinas.com\/site\/2025\/11\/19\/padres-de-jardines-municipales-convocan-a-un-abrazo-en-la-plaza-contra-el-cierre-de-salas-de-2-anos\/"},"wordCount":364,"publisher":{"@id":"https:\/\/noticiasmercedinas.com\/site\/#organization"},"image":{"@id":"https:\/\/noticiasmercedinas.com\/site\/2025\/11\/19\/padres-de-jardines-municipales-convocan-a-un-abrazo-en-la-plaza-contra-el-cierre-de-salas-de-2-anos\/#primaryimage"},"thumbnailUrl":"https:\/\/noticiasmercedinas.com\/site\/wp-content\/uploads\/2023\/12\/PLAZA.jpg","keywords":["educacion","jardines maternales","plaza","protesta"],"articleSection":["Sociedad","Ultimo momento"],"inLanguage":"es"},{"@type":"WebPage","@id":"https:\/\/noticiasmercedinas.com\/site\/2025\/11\/19\/padres-de-jardines-municipales-convocan-a-un-abrazo-en-la-plaza-contra-el-cierre-de-salas-de-2-anos\/","url":"https:\/\/noticiasmercedinas.com\/site\/2025\/11\/19\/padres-de-jardines-municipales-convocan-a-un-abrazo-en-la-plaza-contra-el-cierre-de-salas-de-2-anos\/","name":"Familias de Jardines Municipales convocan a \"abrazo\" en la plaza contra el cierre de salas de 2 a\u00f1os","isPartOf":{"@id":"https:\/\/noticiasmercedinas.com\/site\/#website"},"primaryImageOfPage":{"@id":"https:\/\/noticiasmercedinas.com\/site\/2025\/11\/19\/padres-de-jardines-municipales-convocan-a-un-abrazo-en-la-plaza-contra-el-cierre-de-salas-de-2-anos\/#primaryimage"},"image":{"@id":"https:\/\/noticiasmercedinas.com\/site\/2025\/11\/19\/padres-de-jardines-municipales-convocan-a-un-abrazo-en-la-plaza-contra-el-cierre-de-salas-de-2-anos\/#primaryimage"},"thumbnailUrl":"https:\/\/noticiasmercedinas.com\/site\/wp-content\/uploads\/2023\/12\/PLAZA.jpg","datePublished":"2025-11-19T15:46:08+00:00","dateModified":"2025-11-19T16:18:03+00:00","description":"La protesta se realizar\u00e1 a las 18:00 hs en el centro de la ciudad para reclamar por las salas que se cierran en los maternales. El conflicto escala pese a que la Municipalidad garantiza la continuidad escolar y la estabilidad laboral docente.","breadcrumb":{"@id":"https:\/\/noticiasmercedinas.com\/site\/2025\/11\/19\/padres-de-jardines-municipales-convocan-a-un-abrazo-en-la-plaza-contra-el-cierre-de-salas-de-2-anos\/#breadcrumb"},"inLanguage":"es","potentialAction":[{"@type":"ReadAction","target":["https:\/\/noticiasmercedinas.com\/site\/2025\/11\/19\/padres-de-jardines-municipales-convocan-a-un-abrazo-en-la-plaza-contra-el-cierre-de-salas-de-2-anos\/"]}]},{"@type":"ImageObject","inLanguage":"es","@id":"https:\/\/noticiasmercedinas.com\/site\/2025\/11\/19\/padres-de-jardines-municipales-convocan-a-un-abrazo-en-la-plaza-contra-el-cierre-de-salas-de-2-anos\/#primaryimage","url":"https:\/\/noticiasmercedinas.com\/site\/wp-content\/uploads\/2023\/12\/PLAZA.jpg","contentUrl":"https:\/\/noticiasmercedinas.com\/site\/wp-content\/uploads\/2023\/12\/PLAZA.jpg","width":640,"height":409},{"@type":"BreadcrumbList","@id":"https:\/\/noticiasmercedinas.com\/site\/2025\/11\/19\/padres-de-jardines-municipales-convocan-a-un-abrazo-en-la-plaza-contra-el-cierre-de-salas-de-2-anos\/#breadcrumb","itemListElement":[{"@type":"ListItem","position":1,"name":"Portada","item":"https:\/\/noticiasmercedinas.com\/site\/"},{"@type":"ListItem","position":2,"name":"Familias de Jardines Municipales convocan a \u00ababrazo\u00bb en la plaza contra el cierre de salas de 2 a\u00f1os"}]},{"@type":"WebSite","@id":"https:\/\/noticiasmercedinas.com\/site\/#website","url":"https:\/\/noticiasmercedinas.com\/site\/","name":"NOTICIASMERCEDINAS.COM","description":"Mercedes, Buenos Aires, Argentina","publisher":{"@id":"https:\/\/noticiasmercedinas.com\/site\/#organization"},"potentialAction":[{"@type":"SearchAction","target":{"@type":"EntryPoint","urlTemplate":"https:\/\/noticiasmercedinas.com\/site\/?s={search_term_string}"},"query-input":{"@type":"PropertyValueSpecification","valueRequired":true,"valueName":"search_term_string"}}],"inLanguage":"es"},{"@type":"Organization","@id":"https:\/\/noticiasmercedinas.com\/site\/#organization","name":"NOTICIASMERCEDINAS.COM","url":"https:\/\/noticiasmercedinas.com\/site\/","logo":{"@type":"ImageObject","inLanguage":"es","@id":"https:\/\/noticiasmercedinas.com\/site\/#\/schema\/logo\/image\/","url":"https:\/\/noticiasmercedinas.com\/site\/wp-content\/uploads\/2020\/06\/LOGO-512.jpg","contentUrl":"https:\/\/noticiasmercedinas.com\/site\/wp-content\/uploads\/2020\/06\/LOGO-512.jpg","width":512,"height":512,"caption":"NOTICIASMERCEDINAS.COM"},"image":{"@id":"https:\/\/noticiasmercedinas.com\/site\/#\/schema\/logo\/image\/"},"sameAs":["https:\/\/www.facebook.com\/noticiasmercedinas\/","https:\/\/x.com\/notmercedinas","https:\/\/www.instagram.com\/noticiasmercedinas\/"]},{"@type":"Person","@id":"https:\/\/noticiasmercedinas.com\/site\/#\/schema\/person\/84b59c099c28ff2e8b77d4ceec5d8063","name":"NOTICIASMERCEDINAS.COM","image":{"@type":"ImageObject","inLanguage":"es","@id":"https:\/\/secure.gravatar.com\/avatar\/4dfbf16b4d17945bfb6341b2d19043457132fcf478a5ee04f42e959fd8f5df0a?s=96&d=mm&r=g","url":"https:\/\/secure.gravatar.com\/avatar\/4dfbf16b4d17945bfb6341b2d19043457132fcf478a5ee04f42e959fd8f5df0a?s=96&d=mm&r=g","contentUrl":"https:\/\/secure.gravatar.com\/avatar\/4dfbf16b4d17945bfb6341b2d19043457132fcf478a5ee04f42e959fd8f5df0a?s=96&d=mm&r=g","caption":"NOTICIASMERCEDINAS.COM"},"url":"https:\/\/noticiasmercedinas.com\/site\/author\/anonimo\/"}]}},"amp_enabled":true,"_links":{"self":[{"href":"https:\/\/noticiasmercedinas.com\/site\/wp-json\/wp\/v2\/posts\/174689","targetHints":{"allow":["GET"]}}],"collection":[{"href":"https:\/\/noticiasmercedinas.com\/site\/wp-json\/wp\/v2\/posts"}],"about":[{"href":"https:\/\/noticiasmercedinas.com\/site\/wp-json\/wp\/v2\/types\/post"}],"author":[{"embeddable":true,"href":"https:\/\/noticiasmercedinas.com\/site\/wp-json\/wp\/v2\/users\/16"}],"replies":[{"embeddable":true,"href":"https:\/\/noticiasmercedinas.com\/site\/wp-json\/wp\/v2\/comments?post=174689"}],"version-history":[{"count":2,"href":"https:\/\/noticiasmercedinas.com\/site\/wp-json\/wp\/v2\/posts\/174689\/revisions"}],"predecessor-version":[{"id":174693,"href":"https:\/\/noticiasmercedinas.com\/site\/wp-json\/wp\/v2\/posts\/174689\/revisions\/174693"}],"wp:featuredmedia":[{"embeddable":true,"href":"https:\/\/noticiasmercedinas.com\/site\/wp-json\/wp\/v2\/media\/128292"}],"wp:attachment":[{"href":"https:\/\/noticiasmercedinas.com\/site\/wp-json\/wp\/v2\/media?parent=174689"}],"wp:term":[{"taxonomy":"category","embeddable":true,"href":"https:\/\/noticiasmercedinas.com\/site\/wp-json\/wp\/v2\/categories?post=174689"},{"taxonomy":"post_tag","embeddable":true,"href":"https:\/\/noticiasmercedinas.com\/site\/wp-json\/wp\/v2\/tags?post=174689"}],"curies":[{"name":"wp","href":"https:\/\/api.w.org\/{rel}","templated":true}]}}