{"id":175003,"date":"2025-11-23T12:21:33","date_gmt":"2025-11-23T15:21:33","guid":{"rendered":"https:\/\/noticiasmercedinas.com\/site\/?p=175003"},"modified":"2025-11-23T12:21:33","modified_gmt":"2025-11-23T15:21:33","slug":"momento-de-revanchas-para-el-femenino-en-inferiores","status":"publish","type":"post","link":"https:\/\/noticiasmercedinas.com\/site\/2025\/11\/23\/momento-de-revanchas-para-el-femenino-en-inferiores\/","title":{"rendered":"Momento de revanchas para el Femenino en Inferiores"},"content":{"rendered":"<figure id=\"attachment_175004\" aria-describedby=\"caption-attachment-175004\" style=\"width: 640px\" class=\"wp-caption alignnone\"><img loading=\"lazy\" decoding=\"async\" class=\"wp-image-175004 size-full\" src=\"https:\/\/noticiasmercedinas.com\/site\/wp-content\/uploads\/2025\/11\/IMG_3629.jpg\" alt=\"\" width=\"640\" height=\"415\" srcset=\"https:\/\/noticiasmercedinas.com\/site\/wp-content\/uploads\/2025\/11\/IMG_3629.jpg 640w, https:\/\/noticiasmercedinas.com\/site\/wp-content\/uploads\/2025\/11\/IMG_3629-300x194.jpg 300w, https:\/\/noticiasmercedinas.com\/site\/wp-content\/uploads\/2025\/11\/IMG_3629-600x388.jpg 600w\" sizes=\"auto, (max-width: 640px) 100vw, 640px\" \/><figcaption id=\"caption-attachment-175004\" class=\"wp-caption-text\">Sub 12 de Holanda y Defensores en Estudiantes.<\/figcaption><\/figure>\n<p>El Femenino de Inferiores atraves\u00f3 el \u00faltimo s\u00e1bado 22 la sexta fecha, primera de las revanchas, quedando suspendidos los cruces de Cer\u00e1mica vs Carteros de Sub 12, Sub 14 y Sub 16 que en principio pasar\u00edan a Tribunal de Penas, es que no hubo un acuerdo entre clubes para jugar en Chivilcoy.<\/p>\n<p>Otro cruce no celebrado en Sub 16 es el de Social Deportivo Nicol\u00e1s vs. Club Mercedes tras la lluvia del jueves, mientras tanto este lunes 24 se llevar\u00e1 adelante la s\u00e9ptima fecha, recordando que el certamen adeuda partido de la primera rueda entre Gowland vs. Cer\u00e1mica Sub 12 y Sub 14 m\u00e1s Talleres vs. Cer\u00e1mica.<\/p>\n<p><img loading=\"lazy\" decoding=\"async\" class=\"alignnone size-full wp-image-175005\" src=\"https:\/\/noticiasmercedinas.com\/site\/wp-content\/uploads\/2025\/11\/IMG_3622.jpg\" alt=\"\" width=\"640\" height=\"381\" srcset=\"https:\/\/noticiasmercedinas.com\/site\/wp-content\/uploads\/2025\/11\/IMG_3622.jpg 640w, https:\/\/noticiasmercedinas.com\/site\/wp-content\/uploads\/2025\/11\/IMG_3622-300x179.jpg 300w\" sizes=\"auto, (max-width: 640px) 100vw, 640px\" \/><br \/>\n<strong><br \/>\nSub 12<\/strong><br \/>\nPalometas Blanco 1 \u2013 Trocha Rojo 1.<br \/>\nDeportivo Gowland 1 \u2013 Palometas Bord\u00f3 0.<br \/>\nHolanda 0 \u2013 Defensores 0.<br \/>\nVilla Manchi 2 \u2013 Trocha Azul.<br \/>\nSocial Deportivo Nicol\u00e1s 2 \u2013 Mercedes 1.<br \/>\n<strong><br \/>\nSub 14<\/strong><br \/>\nPalometas 0 \u2013 Trocha 0.<br \/>\nEstudiantes 0 \u2013 Defensores 1.<\/p>\n<p><strong>Sub 16<\/strong><br \/>\nPalometas 2 \u2013 Trocha 0.<br \/>\nEstudiantes 0 \u2013 Defensores 1.<\/p>\n<p><img loading=\"lazy\" decoding=\"async\" class=\"alignnone size-full wp-image-175006\" src=\"https:\/\/noticiasmercedinas.com\/site\/wp-content\/uploads\/2025\/11\/IMG_3668.jpg\" alt=\"\" width=\"640\" height=\"427\" srcset=\"https:\/\/noticiasmercedinas.com\/site\/wp-content\/uploads\/2025\/11\/IMG_3668.jpg 640w, https:\/\/noticiasmercedinas.com\/site\/wp-content\/uploads\/2025\/11\/IMG_3668-300x200.jpg 300w\" sizes=\"auto, (max-width: 640px) 100vw, 640px\" \/><br \/>\n<strong><br \/>\nPr\u00f3xima fecha<br \/>\nLunes 23<br \/>\nCancha:<\/strong> Carteros.<br \/>\nA las 11 SUB 12 Carteros vs. Trocha Rojo.<br \/>\nA las 12 SUB 14 Carteros vs. Trocha.<br \/>\nA las 11 SUB 16 Carteros vs. Trocha.<\/p>\n<p><strong>Cancha:<\/strong> Gowland.<br \/>\nA las 11 SUB 12 Dep. Gowland vs. Cer\u00e1mica.<br \/>\nA las 12 SUB 14 Dep. Gowland vs. Cer\u00e1mica.<br \/>\nA las 13.30 SUB 16 Talleres vs. Cer\u00e1mica.<\/p>\n<p><strong>Cancha:<\/strong> Holanda.<br \/>\nA las 12 SUB 12 Holanda vs. Mercedes.<\/p>\n<p><strong>Cancha:<\/strong> Estudiantes.<br \/>\nA las 11 SUB 12 Trocha Azul vs. Social Deportivo Nicol\u00e1s.<br \/>\nA las 12 SUB 14 Estudiantes vs. Mercedes.<br \/>\nA las 16.30 SUB 16 Estudiantes vs. Mercedes.<\/p>\n<p><strong>Cancha:<\/strong> Defensores.<br \/>\nA las 11 SUB 12 Defensores vs. Villa Manchi.<br \/>\nA las 12 SUB 14 Defensores vs. Villa Manchi.<br \/>\nA las 13.30 SUB 16 Defensores vs. Villa Manchi.<\/p>\n<p><strong>Martes 25 de noviembre<br \/>\nCancha:<\/strong> Palometas.<br \/>\nA las 18 SUB 12 Palometas Bord\u00f3 vs. Palometas Blanco.<br \/>\n<img loading=\"lazy\" decoding=\"async\" class=\"alignnone size-full wp-image-175007\" src=\"https:\/\/noticiasmercedinas.com\/site\/wp-content\/uploads\/2025\/11\/femenino.jpg\" alt=\"\" width=\"640\" height=\"1137\" srcset=\"https:\/\/noticiasmercedinas.com\/site\/wp-content\/uploads\/2025\/11\/femenino.jpg 640w, https:\/\/noticiasmercedinas.com\/site\/wp-content\/uploads\/2025\/11\/femenino-169x300.jpg 169w, https:\/\/noticiasmercedinas.com\/site\/wp-content\/uploads\/2025\/11\/femenino-576x1024.jpg 576w\" sizes=\"auto, (max-width: 640px) 100vw, 640px\" \/><br \/>\n<img loading=\"lazy\" decoding=\"async\" class=\"alignnone size-full wp-image-175008\" src=\"https:\/\/noticiasmercedinas.com\/site\/wp-content\/uploads\/2025\/11\/femenino1.jpg\" alt=\"\" width=\"640\" height=\"233\" srcset=\"https:\/\/noticiasmercedinas.com\/site\/wp-content\/uploads\/2025\/11\/femenino1.jpg 640w, https:\/\/noticiasmercedinas.com\/site\/wp-content\/uploads\/2025\/11\/femenino1-300x109.jpg 300w\" sizes=\"auto, (max-width: 640px) 100vw, 640px\" \/><\/p>\n","protected":false},"excerpt":{"rendered":"<p>\u25a0 Con un suspendido tras la lluvia y otros en Chivilcoy ante falta de acuerdo entre clubes todo los dem\u00e1s se disput\u00f3. Fue la primera fecha de las revanchas las que se llevaron adelante este s\u00e1bado.  <\/p>\n","protected":false},"author":6,"featured_media":175004,"comment_status":"closed","ping_status":"closed","sticky":false,"template":"","format":"standard","meta":{"footnotes":""},"categories":[5],"tags":[751,3346,6591,15283,6592],"class_list":["post-175003","post","type-post","status-publish","format-standard","has-post-thumbnail","hentry","category-deportes","tag-futbol-femenino","tag-liga-mercedina-de-futbol","tag-sub-12","tag-sub-14","tag-sub-16"],"yoast_head":"<!-- This site is optimized with the Yoast SEO plugin v27.5 - https:\/\/yoast.com\/product\/yoast-seo-wordpress\/ -->\n<title>Momento de revanchas para el Femenino en Inferiores<\/title>\n<meta name=\"robots\" content=\"index, follow, max-snippet:-1, max-image-preview:large, max-video-preview:-1\" \/>\n<link rel=\"canonical\" href=\"https:\/\/noticiasmercedinas.com\/site\/2025\/11\/23\/momento-de-revanchas-para-el-femenino-en-inferiores\/\" \/>\n<meta property=\"og:locale\" content=\"es_ES\" \/>\n<meta property=\"og:type\" content=\"article\" \/>\n<meta property=\"og:title\" content=\"Momento de revanchas para el Femenino en Inferiores\" \/>\n<meta property=\"og:description\" content=\"\u25a0 Con un suspendido tras la lluvia y otros en Chivilcoy ante falta de acuerdo entre clubes todo los dem\u00e1s se disput\u00f3. Fue la primera fecha de las revanchas las que se llevaron adelante este s\u00e1bado.\" \/>\n<meta property=\"og:url\" content=\"https:\/\/noticiasmercedinas.com\/site\/2025\/11\/23\/momento-de-revanchas-para-el-femenino-en-inferiores\/\" \/>\n<meta property=\"og:site_name\" content=\"NOTICIASMERCEDINAS.COM\" \/>\n<meta property=\"article:publisher\" content=\"https:\/\/www.facebook.com\/noticiasmercedinas\/\" \/>\n<meta property=\"article:published_time\" content=\"2025-11-23T15:21:33+00:00\" \/>\n<meta property=\"og:image\" content=\"https:\/\/noticiasmercedinas.com\/site\/wp-content\/uploads\/2025\/11\/IMG_3629.jpg\" \/>\n\t<meta property=\"og:image:width\" content=\"640\" \/>\n\t<meta property=\"og:image:height\" content=\"415\" \/>\n\t<meta property=\"og:image:type\" content=\"image\/jpeg\" \/>\n<meta name=\"author\" content=\"Juan Dagnino NOTICIASMERCEDINAS.COM\" \/>\n<meta name=\"twitter:card\" content=\"summary_large_image\" \/>\n<meta name=\"twitter:creator\" content=\"@notmercedinas\" \/>\n<meta name=\"twitter:site\" content=\"@notmercedinas\" \/>\n<meta name=\"twitter:label1\" content=\"Escrito por\" \/>\n\t<meta name=\"twitter:data1\" content=\"Juan Dagnino NOTICIASMERCEDINAS.COM\" \/>\n\t<meta name=\"twitter:label2\" content=\"Tiempo de lectura\" \/>\n\t<meta name=\"twitter:data2\" content=\"3 minutos\" \/>\n<script type=\"application\/ld+json\" class=\"yoast-schema-graph\">{\"@context\":\"https:\\\/\\\/schema.org\",\"@graph\":[{\"@type\":\"Article\",\"@id\":\"https:\\\/\\\/noticiasmercedinas.com\\\/site\\\/2025\\\/11\\\/23\\\/momento-de-revanchas-para-el-femenino-en-inferiores\\\/#article\",\"isPartOf\":{\"@id\":\"https:\\\/\\\/noticiasmercedinas.com\\\/site\\\/2025\\\/11\\\/23\\\/momento-de-revanchas-para-el-femenino-en-inferiores\\\/\"},\"author\":{\"name\":\"Juan Dagnino NOTICIASMERCEDINAS.COM\",\"@id\":\"https:\\\/\\\/noticiasmercedinas.com\\\/site\\\/#\\\/schema\\\/person\\\/8f2f09d666ef40986eba4a5e6f2a06f9\"},\"headline\":\"Momento de revanchas para el Femenino en Inferiores\",\"datePublished\":\"2025-11-23T15:21:33+00:00\",\"mainEntityOfPage\":{\"@id\":\"https:\\\/\\\/noticiasmercedinas.com\\\/site\\\/2025\\\/11\\\/23\\\/momento-de-revanchas-para-el-femenino-en-inferiores\\\/\"},\"wordCount\":277,\"publisher\":{\"@id\":\"https:\\\/\\\/noticiasmercedinas.com\\\/site\\\/#organization\"},\"image\":{\"@id\":\"https:\\\/\\\/noticiasmercedinas.com\\\/site\\\/2025\\\/11\\\/23\\\/momento-de-revanchas-para-el-femenino-en-inferiores\\\/#primaryimage\"},\"thumbnailUrl\":\"https:\\\/\\\/noticiasmercedinas.com\\\/site\\\/wp-content\\\/uploads\\\/2025\\\/11\\\/IMG_3629.jpg\",\"keywords\":[\"f\u00fatbol femenino\",\"Liga Mercedina de F\u00fatbol\",\"Sub 12\",\"Sub 14\",\"Sub 16\"],\"articleSection\":[\"Deportes\"],\"inLanguage\":\"es\"},{\"@type\":\"WebPage\",\"@id\":\"https:\\\/\\\/noticiasmercedinas.com\\\/site\\\/2025\\\/11\\\/23\\\/momento-de-revanchas-para-el-femenino-en-inferiores\\\/\",\"url\":\"https:\\\/\\\/noticiasmercedinas.com\\\/site\\\/2025\\\/11\\\/23\\\/momento-de-revanchas-para-el-femenino-en-inferiores\\\/\",\"name\":\"Momento de revanchas para el Femenino en Inferiores\",\"isPartOf\":{\"@id\":\"https:\\\/\\\/noticiasmercedinas.com\\\/site\\\/#website\"},\"primaryImageOfPage\":{\"@id\":\"https:\\\/\\\/noticiasmercedinas.com\\\/site\\\/2025\\\/11\\\/23\\\/momento-de-revanchas-para-el-femenino-en-inferiores\\\/#primaryimage\"},\"image\":{\"@id\":\"https:\\\/\\\/noticiasmercedinas.com\\\/site\\\/2025\\\/11\\\/23\\\/momento-de-revanchas-para-el-femenino-en-inferiores\\\/#primaryimage\"},\"thumbnailUrl\":\"https:\\\/\\\/noticiasmercedinas.com\\\/site\\\/wp-content\\\/uploads\\\/2025\\\/11\\\/IMG_3629.jpg\",\"datePublished\":\"2025-11-23T15:21:33+00:00\",\"breadcrumb\":{\"@id\":\"https:\\\/\\\/noticiasmercedinas.com\\\/site\\\/2025\\\/11\\\/23\\\/momento-de-revanchas-para-el-femenino-en-inferiores\\\/#breadcrumb\"},\"inLanguage\":\"es\",\"potentialAction\":[{\"@type\":\"ReadAction\",\"target\":[\"https:\\\/\\\/noticiasmercedinas.com\\\/site\\\/2025\\\/11\\\/23\\\/momento-de-revanchas-para-el-femenino-en-inferiores\\\/\"]}]},{\"@type\":\"ImageObject\",\"inLanguage\":\"es\",\"@id\":\"https:\\\/\\\/noticiasmercedinas.com\\\/site\\\/2025\\\/11\\\/23\\\/momento-de-revanchas-para-el-femenino-en-inferiores\\\/#primaryimage\",\"url\":\"https:\\\/\\\/noticiasmercedinas.com\\\/site\\\/wp-content\\\/uploads\\\/2025\\\/11\\\/IMG_3629.jpg\",\"contentUrl\":\"https:\\\/\\\/noticiasmercedinas.com\\\/site\\\/wp-content\\\/uploads\\\/2025\\\/11\\\/IMG_3629.jpg\",\"width\":640,\"height\":415},{\"@type\":\"BreadcrumbList\",\"@id\":\"https:\\\/\\\/noticiasmercedinas.com\\\/site\\\/2025\\\/11\\\/23\\\/momento-de-revanchas-para-el-femenino-en-inferiores\\\/#breadcrumb\",\"itemListElement\":[{\"@type\":\"ListItem\",\"position\":1,\"name\":\"Portada\",\"item\":\"https:\\\/\\\/noticiasmercedinas.com\\\/site\\\/\"},{\"@type\":\"ListItem\",\"position\":2,\"name\":\"Momento de revanchas para el Femenino en Inferiores\"}]},{\"@type\":\"WebSite\",\"@id\":\"https:\\\/\\\/noticiasmercedinas.com\\\/site\\\/#website\",\"url\":\"https:\\\/\\\/noticiasmercedinas.com\\\/site\\\/\",\"name\":\"NOTICIASMERCEDINAS.COM\",\"description\":\"Mercedes, Buenos Aires, Argentina\",\"publisher\":{\"@id\":\"https:\\\/\\\/noticiasmercedinas.com\\\/site\\\/#organization\"},\"potentialAction\":[{\"@type\":\"SearchAction\",\"target\":{\"@type\":\"EntryPoint\",\"urlTemplate\":\"https:\\\/\\\/noticiasmercedinas.com\\\/site\\\/?s={search_term_string}\"},\"query-input\":{\"@type\":\"PropertyValueSpecification\",\"valueRequired\":true,\"valueName\":\"search_term_string\"}}],\"inLanguage\":\"es\"},{\"@type\":\"Organization\",\"@id\":\"https:\\\/\\\/noticiasmercedinas.com\\\/site\\\/#organization\",\"name\":\"NOTICIASMERCEDINAS.COM\",\"url\":\"https:\\\/\\\/noticiasmercedinas.com\\\/site\\\/\",\"logo\":{\"@type\":\"ImageObject\",\"inLanguage\":\"es\",\"@id\":\"https:\\\/\\\/noticiasmercedinas.com\\\/site\\\/#\\\/schema\\\/logo\\\/image\\\/\",\"url\":\"https:\\\/\\\/noticiasmercedinas.com\\\/site\\\/wp-content\\\/uploads\\\/2020\\\/06\\\/LOGO-512.jpg\",\"contentUrl\":\"https:\\\/\\\/noticiasmercedinas.com\\\/site\\\/wp-content\\\/uploads\\\/2020\\\/06\\\/LOGO-512.jpg\",\"width\":512,\"height\":512,\"caption\":\"NOTICIASMERCEDINAS.COM\"},\"image\":{\"@id\":\"https:\\\/\\\/noticiasmercedinas.com\\\/site\\\/#\\\/schema\\\/logo\\\/image\\\/\"},\"sameAs\":[\"https:\\\/\\\/www.facebook.com\\\/noticiasmercedinas\\\/\",\"https:\\\/\\\/x.com\\\/notmercedinas\",\"https:\\\/\\\/www.instagram.com\\\/noticiasmercedinas\\\/\"]},{\"@type\":\"Person\",\"@id\":\"https:\\\/\\\/noticiasmercedinas.com\\\/site\\\/#\\\/schema\\\/person\\\/8f2f09d666ef40986eba4a5e6f2a06f9\",\"name\":\"Juan Dagnino NOTICIASMERCEDINAS.COM\",\"image\":{\"@type\":\"ImageObject\",\"inLanguage\":\"es\",\"@id\":\"https:\\\/\\\/secure.gravatar.com\\\/avatar\\\/fc7059a769f5a3cae65fadb228a3e4accf3a64b4b2305020d0a27e6d5333c91b?s=96&d=mm&r=g\",\"url\":\"https:\\\/\\\/secure.gravatar.com\\\/avatar\\\/fc7059a769f5a3cae65fadb228a3e4accf3a64b4b2305020d0a27e6d5333c91b?s=96&d=mm&r=g\",\"contentUrl\":\"https:\\\/\\\/secure.gravatar.com\\\/avatar\\\/fc7059a769f5a3cae65fadb228a3e4accf3a64b4b2305020d0a27e6d5333c91b?s=96&d=mm&r=g\",\"caption\":\"Juan Dagnino NOTICIASMERCEDINAS.COM\"},\"url\":\"https:\\\/\\\/noticiasmercedinas.com\\\/site\\\/author\\\/juandagnino\\\/\"}]}<\/script>\n<!-- \/ Yoast SEO plugin. -->","yoast_head_json":{"title":"Momento de revanchas para el Femenino en Inferiores","robots":{"index":"index","follow":"follow","max-snippet":"max-snippet:-1","max-image-preview":"max-image-preview:large","max-video-preview":"max-video-preview:-1"},"canonical":"https:\/\/noticiasmercedinas.com\/site\/2025\/11\/23\/momento-de-revanchas-para-el-femenino-en-inferiores\/","og_locale":"es_ES","og_type":"article","og_title":"Momento de revanchas para el Femenino en Inferiores","og_description":"\u25a0 Con un suspendido tras la lluvia y otros en Chivilcoy ante falta de acuerdo entre clubes todo los dem\u00e1s se disput\u00f3. Fue la primera fecha de las revanchas las que se llevaron adelante este s\u00e1bado.","og_url":"https:\/\/noticiasmercedinas.com\/site\/2025\/11\/23\/momento-de-revanchas-para-el-femenino-en-inferiores\/","og_site_name":"NOTICIASMERCEDINAS.COM","article_publisher":"https:\/\/www.facebook.com\/noticiasmercedinas\/","article_published_time":"2025-11-23T15:21:33+00:00","og_image":[{"width":640,"height":415,"url":"https:\/\/noticiasmercedinas.com\/site\/wp-content\/uploads\/2025\/11\/IMG_3629.jpg","type":"image\/jpeg"}],"author":"Juan Dagnino NOTICIASMERCEDINAS.COM","twitter_card":"summary_large_image","twitter_creator":"@notmercedinas","twitter_site":"@notmercedinas","twitter_misc":{"Escrito por":"Juan Dagnino NOTICIASMERCEDINAS.COM","Tiempo de lectura":"3 minutos"},"schema":{"@context":"https:\/\/schema.org","@graph":[{"@type":"Article","@id":"https:\/\/noticiasmercedinas.com\/site\/2025\/11\/23\/momento-de-revanchas-para-el-femenino-en-inferiores\/#article","isPartOf":{"@id":"https:\/\/noticiasmercedinas.com\/site\/2025\/11\/23\/momento-de-revanchas-para-el-femenino-en-inferiores\/"},"author":{"name":"Juan Dagnino NOTICIASMERCEDINAS.COM","@id":"https:\/\/noticiasmercedinas.com\/site\/#\/schema\/person\/8f2f09d666ef40986eba4a5e6f2a06f9"},"headline":"Momento de revanchas para el Femenino en Inferiores","datePublished":"2025-11-23T15:21:33+00:00","mainEntityOfPage":{"@id":"https:\/\/noticiasmercedinas.com\/site\/2025\/11\/23\/momento-de-revanchas-para-el-femenino-en-inferiores\/"},"wordCount":277,"publisher":{"@id":"https:\/\/noticiasmercedinas.com\/site\/#organization"},"image":{"@id":"https:\/\/noticiasmercedinas.com\/site\/2025\/11\/23\/momento-de-revanchas-para-el-femenino-en-inferiores\/#primaryimage"},"thumbnailUrl":"https:\/\/noticiasmercedinas.com\/site\/wp-content\/uploads\/2025\/11\/IMG_3629.jpg","keywords":["f\u00fatbol femenino","Liga Mercedina de F\u00fatbol","Sub 12","Sub 14","Sub 16"],"articleSection":["Deportes"],"inLanguage":"es"},{"@type":"WebPage","@id":"https:\/\/noticiasmercedinas.com\/site\/2025\/11\/23\/momento-de-revanchas-para-el-femenino-en-inferiores\/","url":"https:\/\/noticiasmercedinas.com\/site\/2025\/11\/23\/momento-de-revanchas-para-el-femenino-en-inferiores\/","name":"Momento de revanchas para el Femenino en Inferiores","isPartOf":{"@id":"https:\/\/noticiasmercedinas.com\/site\/#website"},"primaryImageOfPage":{"@id":"https:\/\/noticiasmercedinas.com\/site\/2025\/11\/23\/momento-de-revanchas-para-el-femenino-en-inferiores\/#primaryimage"},"image":{"@id":"https:\/\/noticiasmercedinas.com\/site\/2025\/11\/23\/momento-de-revanchas-para-el-femenino-en-inferiores\/#primaryimage"},"thumbnailUrl":"https:\/\/noticiasmercedinas.com\/site\/wp-content\/uploads\/2025\/11\/IMG_3629.jpg","datePublished":"2025-11-23T15:21:33+00:00","breadcrumb":{"@id":"https:\/\/noticiasmercedinas.com\/site\/2025\/11\/23\/momento-de-revanchas-para-el-femenino-en-inferiores\/#breadcrumb"},"inLanguage":"es","potentialAction":[{"@type":"ReadAction","target":["https:\/\/noticiasmercedinas.com\/site\/2025\/11\/23\/momento-de-revanchas-para-el-femenino-en-inferiores\/"]}]},{"@type":"ImageObject","inLanguage":"es","@id":"https:\/\/noticiasmercedinas.com\/site\/2025\/11\/23\/momento-de-revanchas-para-el-femenino-en-inferiores\/#primaryimage","url":"https:\/\/noticiasmercedinas.com\/site\/wp-content\/uploads\/2025\/11\/IMG_3629.jpg","contentUrl":"https:\/\/noticiasmercedinas.com\/site\/wp-content\/uploads\/2025\/11\/IMG_3629.jpg","width":640,"height":415},{"@type":"BreadcrumbList","@id":"https:\/\/noticiasmercedinas.com\/site\/2025\/11\/23\/momento-de-revanchas-para-el-femenino-en-inferiores\/#breadcrumb","itemListElement":[{"@type":"ListItem","position":1,"name":"Portada","item":"https:\/\/noticiasmercedinas.com\/site\/"},{"@type":"ListItem","position":2,"name":"Momento de revanchas para el Femenino en Inferiores"}]},{"@type":"WebSite","@id":"https:\/\/noticiasmercedinas.com\/site\/#website","url":"https:\/\/noticiasmercedinas.com\/site\/","name":"NOTICIASMERCEDINAS.COM","description":"Mercedes, Buenos Aires, Argentina","publisher":{"@id":"https:\/\/noticiasmercedinas.com\/site\/#organization"},"potentialAction":[{"@type":"SearchAction","target":{"@type":"EntryPoint","urlTemplate":"https:\/\/noticiasmercedinas.com\/site\/?s={search_term_string}"},"query-input":{"@type":"PropertyValueSpecification","valueRequired":true,"valueName":"search_term_string"}}],"inLanguage":"es"},{"@type":"Organization","@id":"https:\/\/noticiasmercedinas.com\/site\/#organization","name":"NOTICIASMERCEDINAS.COM","url":"https:\/\/noticiasmercedinas.com\/site\/","logo":{"@type":"ImageObject","inLanguage":"es","@id":"https:\/\/noticiasmercedinas.com\/site\/#\/schema\/logo\/image\/","url":"https:\/\/noticiasmercedinas.com\/site\/wp-content\/uploads\/2020\/06\/LOGO-512.jpg","contentUrl":"https:\/\/noticiasmercedinas.com\/site\/wp-content\/uploads\/2020\/06\/LOGO-512.jpg","width":512,"height":512,"caption":"NOTICIASMERCEDINAS.COM"},"image":{"@id":"https:\/\/noticiasmercedinas.com\/site\/#\/schema\/logo\/image\/"},"sameAs":["https:\/\/www.facebook.com\/noticiasmercedinas\/","https:\/\/x.com\/notmercedinas","https:\/\/www.instagram.com\/noticiasmercedinas\/"]},{"@type":"Person","@id":"https:\/\/noticiasmercedinas.com\/site\/#\/schema\/person\/8f2f09d666ef40986eba4a5e6f2a06f9","name":"Juan Dagnino NOTICIASMERCEDINAS.COM","image":{"@type":"ImageObject","inLanguage":"es","@id":"https:\/\/secure.gravatar.com\/avatar\/fc7059a769f5a3cae65fadb228a3e4accf3a64b4b2305020d0a27e6d5333c91b?s=96&d=mm&r=g","url":"https:\/\/secure.gravatar.com\/avatar\/fc7059a769f5a3cae65fadb228a3e4accf3a64b4b2305020d0a27e6d5333c91b?s=96&d=mm&r=g","contentUrl":"https:\/\/secure.gravatar.com\/avatar\/fc7059a769f5a3cae65fadb228a3e4accf3a64b4b2305020d0a27e6d5333c91b?s=96&d=mm&r=g","caption":"Juan Dagnino NOTICIASMERCEDINAS.COM"},"url":"https:\/\/noticiasmercedinas.com\/site\/author\/juandagnino\/"}]}},"amp_enabled":true,"_links":{"self":[{"href":"https:\/\/noticiasmercedinas.com\/site\/wp-json\/wp\/v2\/posts\/175003","targetHints":{"allow":["GET"]}}],"collection":[{"href":"https:\/\/noticiasmercedinas.com\/site\/wp-json\/wp\/v2\/posts"}],"about":[{"href":"https:\/\/noticiasmercedinas.com\/site\/wp-json\/wp\/v2\/types\/post"}],"author":[{"embeddable":true,"href":"https:\/\/noticiasmercedinas.com\/site\/wp-json\/wp\/v2\/users\/6"}],"replies":[{"embeddable":true,"href":"https:\/\/noticiasmercedinas.com\/site\/wp-json\/wp\/v2\/comments?post=175003"}],"version-history":[{"count":1,"href":"https:\/\/noticiasmercedinas.com\/site\/wp-json\/wp\/v2\/posts\/175003\/revisions"}],"predecessor-version":[{"id":175009,"href":"https:\/\/noticiasmercedinas.com\/site\/wp-json\/wp\/v2\/posts\/175003\/revisions\/175009"}],"wp:featuredmedia":[{"embeddable":true,"href":"https:\/\/noticiasmercedinas.com\/site\/wp-json\/wp\/v2\/media\/175004"}],"wp:attachment":[{"href":"https:\/\/noticiasmercedinas.com\/site\/wp-json\/wp\/v2\/media?parent=175003"}],"wp:term":[{"taxonomy":"category","embeddable":true,"href":"https:\/\/noticiasmercedinas.com\/site\/wp-json\/wp\/v2\/categories?post=175003"},{"taxonomy":"post_tag","embeddable":true,"href":"https:\/\/noticiasmercedinas.com\/site\/wp-json\/wp\/v2\/tags?post=175003"}],"curies":[{"name":"wp","href":"https:\/\/api.w.org\/{rel}","templated":true}]}}