{"id":17542,"date":"2019-04-26T16:56:58","date_gmt":"2019-04-26T19:56:58","guid":{"rendered":"https:\/\/noticiasmercedinas.com\/site\/?p=17542"},"modified":"2019-04-26T16:56:58","modified_gmt":"2019-04-26T19:56:58","slug":"jornadas-solidarias-somos-juventud-avanzan","status":"publish","type":"post","link":"https:\/\/noticiasmercedinas.com\/site\/2019\/04\/26\/jornadas-solidarias-somos-juventud-avanzan\/","title":{"rendered":"Jornadas solidarias \u00abSomos Juventud\u00bb avanzan"},"content":{"rendered":"<p><img loading=\"lazy\" decoding=\"async\" class=\"alignnone size-full wp-image-17543\" src=\"https:\/\/noticiasmercedinas.com\/site\/wp-content\/uploads\/2019\/04\/juventudsolidaria1.jpg\" alt=\"\" width=\"948\" height=\"632\" srcset=\"https:\/\/noticiasmercedinas.com\/site\/wp-content\/uploads\/2019\/04\/juventudsolidaria1.jpg 948w, https:\/\/noticiasmercedinas.com\/site\/wp-content\/uploads\/2019\/04\/juventudsolidaria1-300x200.jpg 300w, https:\/\/noticiasmercedinas.com\/site\/wp-content\/uploads\/2019\/04\/juventudsolidaria1-768x512.jpg 768w, https:\/\/noticiasmercedinas.com\/site\/wp-content\/uploads\/2019\/04\/juventudsolidaria1-640x427.jpg 640w, https:\/\/noticiasmercedinas.com\/site\/wp-content\/uploads\/2019\/04\/juventudsolidaria1-681x454.jpg 681w\" sizes=\"auto, (max-width: 948px) 100vw, 948px\" \/><\/p>\n<p style=\"font-weight: 400;\">Desde la Coordinaci\u00f3n de Pol\u00edticas Juveniles se est\u00e1n llevando a cabo las jornadas solidarias \u201cSomos Juventud\u201d, para realizar trabajos que mejoren y embellezcan diferentes espacios p\u00fablicos y establecimientos educativos.<\/p>\n<p style=\"font-weight: 400;\">En esta ocasi\u00f3n se efectuaron labores de pintura en el jard\u00edn 904, previo a un nuevo aniversario de este emblem\u00e1tico espacio pedag\u00f3gico. Ya otras instituciones recibieron intervenciones de este tipo.<\/p>\n<p style=\"font-weight: 400;\">La Coordinadora de Juventud, Eugenia Codega, presente en esta actividad, expres\u00f3: \u201cEstamos muy contentos de poder llevar a adelante la quinta jornada solidaria \u201cSomos Juventud\u201d en nuestra ciudad. Hoy nos toca el jard\u00edn 904 que a d\u00edas de cumplir su 50 aniversario, lo estamos embelleciendo\u201d.<\/p>\n<p style=\"font-weight: 400;\">\u201cDesde el \u00e1rea sumamos a los j\u00f3venes desde un lugar solidario de sumarse a participar\u201d, dijo y destac\u00f3 que \u201cesto mejora los lazos entre el municipio y las instituciones educativas\u201d.<\/p>\n<p style=\"font-weight: 400;\">Adem\u00e1s, agradeci\u00f3 al jard\u00edn por \u201crecibirnos tan bien y abrirnos sus puertas\u201d.<\/p>\n<p style=\"font-weight: 400;\">Por su parte, los directivos del jard\u00edn 904 indicaron: \u201cQueremos agradecer esta iniciativa que permite realizar este gran trabajo y que de manera desinteresada deja a nuestro jard\u00edn casi listo para este pr\u00f3ximo 2 de mayo, d\u00eda que festejaremos nuestro 50 aniversario, muchas gracias\u201d.<\/p>\n<p><img loading=\"lazy\" decoding=\"async\" class=\"alignnone wp-image-17545\" src=\"https:\/\/noticiasmercedinas.com\/site\/wp-content\/uploads\/2019\/04\/JornadasJuventud-Solidaria2.jpg\" alt=\"\" width=\"640\" height=\"961\" srcset=\"https:\/\/noticiasmercedinas.com\/site\/wp-content\/uploads\/2019\/04\/JornadasJuventud-Solidaria2.jpg 421w, https:\/\/noticiasmercedinas.com\/site\/wp-content\/uploads\/2019\/04\/JornadasJuventud-Solidaria2-200x300.jpg 200w\" sizes=\"auto, (max-width: 640px) 100vw, 640px\" \/><\/p>\n","protected":false},"excerpt":{"rendered":"<p>Desde la Coordinaci\u00f3n de Pol\u00edticas Juveniles se est\u00e1n llevando a cabo las jornadas solidarias \u201cSomos Juventud\u201d, para realizar trabajos que mejoren y embellezcan diferentes espacios p\u00fablicos y establecimientos educativos. En esta ocasi\u00f3n se efectuaron labores de pintura en el jard\u00edn 904, previo a un nuevo aniversario de este emblem\u00e1tico espacio pedag\u00f3gico. Ya otras instituciones recibieron [&hellip;]<\/p>\n","protected":false},"author":16,"featured_media":17544,"comment_status":"open","ping_status":"open","sticky":false,"template":"","format":"standard","meta":{"footnotes":""},"categories":[3],"tags":[1806,392,154,81],"class_list":["post-17542","post","type-post","status-publish","format-standard","has-post-thumbnail","hentry","category-sociedad","tag-eugenia-codega","tag-jardin-904","tag-juventud","tag-solidaridad"],"yoast_head":"<!-- This site is optimized with the Yoast SEO plugin v27.4 - https:\/\/yoast.com\/product\/yoast-seo-wordpress\/ -->\n<title>Jornadas solidarias &quot;Somos Juventud&quot; avanzan<\/title>\n<meta name=\"robots\" content=\"index, follow, max-snippet:-1, max-image-preview:large, max-video-preview:-1\" \/>\n<link rel=\"canonical\" href=\"https:\/\/noticiasmercedinas.com\/site\/2019\/04\/26\/jornadas-solidarias-somos-juventud-avanzan\/\" \/>\n<meta property=\"og:locale\" content=\"es_ES\" \/>\n<meta property=\"og:type\" content=\"article\" \/>\n<meta property=\"og:title\" content=\"Jornadas solidarias &quot;Somos Juventud&quot; avanzan\" \/>\n<meta property=\"og:description\" content=\"Desde la Coordinaci\u00f3n de Pol\u00edticas Juveniles se est\u00e1n llevando a cabo las jornadas solidarias \u201cSomos Juventud\u201d, para realizar trabajos que mejoren y embellezcan diferentes espacios p\u00fablicos y establecimientos educativos. En esta ocasi\u00f3n se efectuaron labores de pintura en el jard\u00edn 904, previo a un nuevo aniversario de este emblem\u00e1tico espacio pedag\u00f3gico. Ya otras instituciones recibieron [&hellip;]\" \/>\n<meta property=\"og:url\" content=\"https:\/\/noticiasmercedinas.com\/site\/2019\/04\/26\/jornadas-solidarias-somos-juventud-avanzan\/\" \/>\n<meta property=\"og:site_name\" content=\"NOTICIASMERCEDINAS.COM\" \/>\n<meta property=\"article:publisher\" content=\"https:\/\/www.facebook.com\/noticiasmercedinas\/\" \/>\n<meta property=\"article:published_time\" content=\"2019-04-26T19:56:58+00:00\" \/>\n<meta property=\"og:image\" content=\"https:\/\/noticiasmercedinas.com\/site\/wp-content\/uploads\/2019\/04\/juventudsolidaria1-1.jpg\" \/>\n\t<meta property=\"og:image:width\" content=\"948\" \/>\n\t<meta property=\"og:image:height\" content=\"632\" \/>\n\t<meta property=\"og:image:type\" content=\"image\/jpeg\" \/>\n<meta name=\"author\" content=\"NOTICIASMERCEDINAS.COM\" \/>\n<meta name=\"twitter:card\" content=\"summary_large_image\" \/>\n<meta name=\"twitter:creator\" content=\"@notmercedinas\" \/>\n<meta name=\"twitter:site\" content=\"@notmercedinas\" \/>\n<meta name=\"twitter:label1\" content=\"Escrito por\" \/>\n\t<meta name=\"twitter:data1\" content=\"NOTICIASMERCEDINAS.COM\" \/>\n\t<meta name=\"twitter:label2\" content=\"Tiempo de lectura\" \/>\n\t<meta name=\"twitter:data2\" content=\"1 minuto\" \/>\n<script type=\"application\/ld+json\" class=\"yoast-schema-graph\">{\"@context\":\"https:\\\/\\\/schema.org\",\"@graph\":[{\"@type\":\"Article\",\"@id\":\"https:\\\/\\\/noticiasmercedinas.com\\\/site\\\/2019\\\/04\\\/26\\\/jornadas-solidarias-somos-juventud-avanzan\\\/#article\",\"isPartOf\":{\"@id\":\"https:\\\/\\\/noticiasmercedinas.com\\\/site\\\/2019\\\/04\\\/26\\\/jornadas-solidarias-somos-juventud-avanzan\\\/\"},\"author\":{\"name\":\"NOTICIASMERCEDINAS.COM\",\"@id\":\"https:\\\/\\\/noticiasmercedinas.com\\\/site\\\/#\\\/schema\\\/person\\\/84b59c099c28ff2e8b77d4ceec5d8063\"},\"headline\":\"Jornadas solidarias \u00abSomos Juventud\u00bb avanzan\",\"datePublished\":\"2019-04-26T19:56:58+00:00\",\"mainEntityOfPage\":{\"@id\":\"https:\\\/\\\/noticiasmercedinas.com\\\/site\\\/2019\\\/04\\\/26\\\/jornadas-solidarias-somos-juventud-avanzan\\\/\"},\"wordCount\":206,\"commentCount\":0,\"publisher\":{\"@id\":\"https:\\\/\\\/noticiasmercedinas.com\\\/site\\\/#organization\"},\"image\":{\"@id\":\"https:\\\/\\\/noticiasmercedinas.com\\\/site\\\/2019\\\/04\\\/26\\\/jornadas-solidarias-somos-juventud-avanzan\\\/#primaryimage\"},\"thumbnailUrl\":\"https:\\\/\\\/noticiasmercedinas.com\\\/site\\\/wp-content\\\/uploads\\\/2019\\\/04\\\/juventudsolidaria1-1.jpg\",\"keywords\":[\"eugenia codega\",\"jardin 904\",\"juventud\",\"solidaridad\"],\"articleSection\":[\"Sociedad\"],\"inLanguage\":\"es\",\"potentialAction\":[{\"@type\":\"CommentAction\",\"name\":\"Comment\",\"target\":[\"https:\\\/\\\/noticiasmercedinas.com\\\/site\\\/2019\\\/04\\\/26\\\/jornadas-solidarias-somos-juventud-avanzan\\\/#respond\"]}]},{\"@type\":\"WebPage\",\"@id\":\"https:\\\/\\\/noticiasmercedinas.com\\\/site\\\/2019\\\/04\\\/26\\\/jornadas-solidarias-somos-juventud-avanzan\\\/\",\"url\":\"https:\\\/\\\/noticiasmercedinas.com\\\/site\\\/2019\\\/04\\\/26\\\/jornadas-solidarias-somos-juventud-avanzan\\\/\",\"name\":\"Jornadas solidarias \\\"Somos Juventud\\\" avanzan\",\"isPartOf\":{\"@id\":\"https:\\\/\\\/noticiasmercedinas.com\\\/site\\\/#website\"},\"primaryImageOfPage\":{\"@id\":\"https:\\\/\\\/noticiasmercedinas.com\\\/site\\\/2019\\\/04\\\/26\\\/jornadas-solidarias-somos-juventud-avanzan\\\/#primaryimage\"},\"image\":{\"@id\":\"https:\\\/\\\/noticiasmercedinas.com\\\/site\\\/2019\\\/04\\\/26\\\/jornadas-solidarias-somos-juventud-avanzan\\\/#primaryimage\"},\"thumbnailUrl\":\"https:\\\/\\\/noticiasmercedinas.com\\\/site\\\/wp-content\\\/uploads\\\/2019\\\/04\\\/juventudsolidaria1-1.jpg\",\"datePublished\":\"2019-04-26T19:56:58+00:00\",\"breadcrumb\":{\"@id\":\"https:\\\/\\\/noticiasmercedinas.com\\\/site\\\/2019\\\/04\\\/26\\\/jornadas-solidarias-somos-juventud-avanzan\\\/#breadcrumb\"},\"inLanguage\":\"es\",\"potentialAction\":[{\"@type\":\"ReadAction\",\"target\":[\"https:\\\/\\\/noticiasmercedinas.com\\\/site\\\/2019\\\/04\\\/26\\\/jornadas-solidarias-somos-juventud-avanzan\\\/\"]}]},{\"@type\":\"ImageObject\",\"inLanguage\":\"es\",\"@id\":\"https:\\\/\\\/noticiasmercedinas.com\\\/site\\\/2019\\\/04\\\/26\\\/jornadas-solidarias-somos-juventud-avanzan\\\/#primaryimage\",\"url\":\"https:\\\/\\\/noticiasmercedinas.com\\\/site\\\/wp-content\\\/uploads\\\/2019\\\/04\\\/juventudsolidaria1-1.jpg\",\"contentUrl\":\"https:\\\/\\\/noticiasmercedinas.com\\\/site\\\/wp-content\\\/uploads\\\/2019\\\/04\\\/juventudsolidaria1-1.jpg\",\"width\":948,\"height\":632},{\"@type\":\"BreadcrumbList\",\"@id\":\"https:\\\/\\\/noticiasmercedinas.com\\\/site\\\/2019\\\/04\\\/26\\\/jornadas-solidarias-somos-juventud-avanzan\\\/#breadcrumb\",\"itemListElement\":[{\"@type\":\"ListItem\",\"position\":1,\"name\":\"Portada\",\"item\":\"https:\\\/\\\/noticiasmercedinas.com\\\/site\\\/\"},{\"@type\":\"ListItem\",\"position\":2,\"name\":\"Jornadas solidarias \u00abSomos Juventud\u00bb avanzan\"}]},{\"@type\":\"WebSite\",\"@id\":\"https:\\\/\\\/noticiasmercedinas.com\\\/site\\\/#website\",\"url\":\"https:\\\/\\\/noticiasmercedinas.com\\\/site\\\/\",\"name\":\"NOTICIASMERCEDINAS.COM\",\"description\":\"Mercedes, Buenos Aires, Argentina\",\"publisher\":{\"@id\":\"https:\\\/\\\/noticiasmercedinas.com\\\/site\\\/#organization\"},\"potentialAction\":[{\"@type\":\"SearchAction\",\"target\":{\"@type\":\"EntryPoint\",\"urlTemplate\":\"https:\\\/\\\/noticiasmercedinas.com\\\/site\\\/?s={search_term_string}\"},\"query-input\":{\"@type\":\"PropertyValueSpecification\",\"valueRequired\":true,\"valueName\":\"search_term_string\"}}],\"inLanguage\":\"es\"},{\"@type\":\"Organization\",\"@id\":\"https:\\\/\\\/noticiasmercedinas.com\\\/site\\\/#organization\",\"name\":\"NOTICIASMERCEDINAS.COM\",\"url\":\"https:\\\/\\\/noticiasmercedinas.com\\\/site\\\/\",\"logo\":{\"@type\":\"ImageObject\",\"inLanguage\":\"es\",\"@id\":\"https:\\\/\\\/noticiasmercedinas.com\\\/site\\\/#\\\/schema\\\/logo\\\/image\\\/\",\"url\":\"https:\\\/\\\/noticiasmercedinas.com\\\/site\\\/wp-content\\\/uploads\\\/2020\\\/06\\\/LOGO-512.jpg\",\"contentUrl\":\"https:\\\/\\\/noticiasmercedinas.com\\\/site\\\/wp-content\\\/uploads\\\/2020\\\/06\\\/LOGO-512.jpg\",\"width\":512,\"height\":512,\"caption\":\"NOTICIASMERCEDINAS.COM\"},\"image\":{\"@id\":\"https:\\\/\\\/noticiasmercedinas.com\\\/site\\\/#\\\/schema\\\/logo\\\/image\\\/\"},\"sameAs\":[\"https:\\\/\\\/www.facebook.com\\\/noticiasmercedinas\\\/\",\"https:\\\/\\\/x.com\\\/notmercedinas\",\"https:\\\/\\\/www.instagram.com\\\/noticiasmercedinas\\\/\"]},{\"@type\":\"Person\",\"@id\":\"https:\\\/\\\/noticiasmercedinas.com\\\/site\\\/#\\\/schema\\\/person\\\/84b59c099c28ff2e8b77d4ceec5d8063\",\"name\":\"NOTICIASMERCEDINAS.COM\",\"image\":{\"@type\":\"ImageObject\",\"inLanguage\":\"es\",\"@id\":\"https:\\\/\\\/secure.gravatar.com\\\/avatar\\\/4dfbf16b4d17945bfb6341b2d19043457132fcf478a5ee04f42e959fd8f5df0a?s=96&d=mm&r=g\",\"url\":\"https:\\\/\\\/secure.gravatar.com\\\/avatar\\\/4dfbf16b4d17945bfb6341b2d19043457132fcf478a5ee04f42e959fd8f5df0a?s=96&d=mm&r=g\",\"contentUrl\":\"https:\\\/\\\/secure.gravatar.com\\\/avatar\\\/4dfbf16b4d17945bfb6341b2d19043457132fcf478a5ee04f42e959fd8f5df0a?s=96&d=mm&r=g\",\"caption\":\"NOTICIASMERCEDINAS.COM\"},\"url\":\"https:\\\/\\\/noticiasmercedinas.com\\\/site\\\/author\\\/anonimo\\\/\"}]}<\/script>\n<!-- \/ Yoast SEO plugin. -->","yoast_head_json":{"title":"Jornadas solidarias \"Somos Juventud\" avanzan","robots":{"index":"index","follow":"follow","max-snippet":"max-snippet:-1","max-image-preview":"max-image-preview:large","max-video-preview":"max-video-preview:-1"},"canonical":"https:\/\/noticiasmercedinas.com\/site\/2019\/04\/26\/jornadas-solidarias-somos-juventud-avanzan\/","og_locale":"es_ES","og_type":"article","og_title":"Jornadas solidarias \"Somos Juventud\" avanzan","og_description":"Desde la Coordinaci\u00f3n de Pol\u00edticas Juveniles se est\u00e1n llevando a cabo las jornadas solidarias \u201cSomos Juventud\u201d, para realizar trabajos que mejoren y embellezcan diferentes espacios p\u00fablicos y establecimientos educativos. En esta ocasi\u00f3n se efectuaron labores de pintura en el jard\u00edn 904, previo a un nuevo aniversario de este emblem\u00e1tico espacio pedag\u00f3gico. Ya otras instituciones recibieron [&hellip;]","og_url":"https:\/\/noticiasmercedinas.com\/site\/2019\/04\/26\/jornadas-solidarias-somos-juventud-avanzan\/","og_site_name":"NOTICIASMERCEDINAS.COM","article_publisher":"https:\/\/www.facebook.com\/noticiasmercedinas\/","article_published_time":"2019-04-26T19:56:58+00:00","og_image":[{"width":948,"height":632,"url":"https:\/\/noticiasmercedinas.com\/site\/wp-content\/uploads\/2019\/04\/juventudsolidaria1-1.jpg","type":"image\/jpeg"}],"author":"NOTICIASMERCEDINAS.COM","twitter_card":"summary_large_image","twitter_creator":"@notmercedinas","twitter_site":"@notmercedinas","twitter_misc":{"Escrito por":"NOTICIASMERCEDINAS.COM","Tiempo de lectura":"1 minuto"},"schema":{"@context":"https:\/\/schema.org","@graph":[{"@type":"Article","@id":"https:\/\/noticiasmercedinas.com\/site\/2019\/04\/26\/jornadas-solidarias-somos-juventud-avanzan\/#article","isPartOf":{"@id":"https:\/\/noticiasmercedinas.com\/site\/2019\/04\/26\/jornadas-solidarias-somos-juventud-avanzan\/"},"author":{"name":"NOTICIASMERCEDINAS.COM","@id":"https:\/\/noticiasmercedinas.com\/site\/#\/schema\/person\/84b59c099c28ff2e8b77d4ceec5d8063"},"headline":"Jornadas solidarias \u00abSomos Juventud\u00bb avanzan","datePublished":"2019-04-26T19:56:58+00:00","mainEntityOfPage":{"@id":"https:\/\/noticiasmercedinas.com\/site\/2019\/04\/26\/jornadas-solidarias-somos-juventud-avanzan\/"},"wordCount":206,"commentCount":0,"publisher":{"@id":"https:\/\/noticiasmercedinas.com\/site\/#organization"},"image":{"@id":"https:\/\/noticiasmercedinas.com\/site\/2019\/04\/26\/jornadas-solidarias-somos-juventud-avanzan\/#primaryimage"},"thumbnailUrl":"https:\/\/noticiasmercedinas.com\/site\/wp-content\/uploads\/2019\/04\/juventudsolidaria1-1.jpg","keywords":["eugenia codega","jardin 904","juventud","solidaridad"],"articleSection":["Sociedad"],"inLanguage":"es","potentialAction":[{"@type":"CommentAction","name":"Comment","target":["https:\/\/noticiasmercedinas.com\/site\/2019\/04\/26\/jornadas-solidarias-somos-juventud-avanzan\/#respond"]}]},{"@type":"WebPage","@id":"https:\/\/noticiasmercedinas.com\/site\/2019\/04\/26\/jornadas-solidarias-somos-juventud-avanzan\/","url":"https:\/\/noticiasmercedinas.com\/site\/2019\/04\/26\/jornadas-solidarias-somos-juventud-avanzan\/","name":"Jornadas solidarias \"Somos Juventud\" avanzan","isPartOf":{"@id":"https:\/\/noticiasmercedinas.com\/site\/#website"},"primaryImageOfPage":{"@id":"https:\/\/noticiasmercedinas.com\/site\/2019\/04\/26\/jornadas-solidarias-somos-juventud-avanzan\/#primaryimage"},"image":{"@id":"https:\/\/noticiasmercedinas.com\/site\/2019\/04\/26\/jornadas-solidarias-somos-juventud-avanzan\/#primaryimage"},"thumbnailUrl":"https:\/\/noticiasmercedinas.com\/site\/wp-content\/uploads\/2019\/04\/juventudsolidaria1-1.jpg","datePublished":"2019-04-26T19:56:58+00:00","breadcrumb":{"@id":"https:\/\/noticiasmercedinas.com\/site\/2019\/04\/26\/jornadas-solidarias-somos-juventud-avanzan\/#breadcrumb"},"inLanguage":"es","potentialAction":[{"@type":"ReadAction","target":["https:\/\/noticiasmercedinas.com\/site\/2019\/04\/26\/jornadas-solidarias-somos-juventud-avanzan\/"]}]},{"@type":"ImageObject","inLanguage":"es","@id":"https:\/\/noticiasmercedinas.com\/site\/2019\/04\/26\/jornadas-solidarias-somos-juventud-avanzan\/#primaryimage","url":"https:\/\/noticiasmercedinas.com\/site\/wp-content\/uploads\/2019\/04\/juventudsolidaria1-1.jpg","contentUrl":"https:\/\/noticiasmercedinas.com\/site\/wp-content\/uploads\/2019\/04\/juventudsolidaria1-1.jpg","width":948,"height":632},{"@type":"BreadcrumbList","@id":"https:\/\/noticiasmercedinas.com\/site\/2019\/04\/26\/jornadas-solidarias-somos-juventud-avanzan\/#breadcrumb","itemListElement":[{"@type":"ListItem","position":1,"name":"Portada","item":"https:\/\/noticiasmercedinas.com\/site\/"},{"@type":"ListItem","position":2,"name":"Jornadas solidarias \u00abSomos Juventud\u00bb avanzan"}]},{"@type":"WebSite","@id":"https:\/\/noticiasmercedinas.com\/site\/#website","url":"https:\/\/noticiasmercedinas.com\/site\/","name":"NOTICIASMERCEDINAS.COM","description":"Mercedes, Buenos Aires, Argentina","publisher":{"@id":"https:\/\/noticiasmercedinas.com\/site\/#organization"},"potentialAction":[{"@type":"SearchAction","target":{"@type":"EntryPoint","urlTemplate":"https:\/\/noticiasmercedinas.com\/site\/?s={search_term_string}"},"query-input":{"@type":"PropertyValueSpecification","valueRequired":true,"valueName":"search_term_string"}}],"inLanguage":"es"},{"@type":"Organization","@id":"https:\/\/noticiasmercedinas.com\/site\/#organization","name":"NOTICIASMERCEDINAS.COM","url":"https:\/\/noticiasmercedinas.com\/site\/","logo":{"@type":"ImageObject","inLanguage":"es","@id":"https:\/\/noticiasmercedinas.com\/site\/#\/schema\/logo\/image\/","url":"https:\/\/noticiasmercedinas.com\/site\/wp-content\/uploads\/2020\/06\/LOGO-512.jpg","contentUrl":"https:\/\/noticiasmercedinas.com\/site\/wp-content\/uploads\/2020\/06\/LOGO-512.jpg","width":512,"height":512,"caption":"NOTICIASMERCEDINAS.COM"},"image":{"@id":"https:\/\/noticiasmercedinas.com\/site\/#\/schema\/logo\/image\/"},"sameAs":["https:\/\/www.facebook.com\/noticiasmercedinas\/","https:\/\/x.com\/notmercedinas","https:\/\/www.instagram.com\/noticiasmercedinas\/"]},{"@type":"Person","@id":"https:\/\/noticiasmercedinas.com\/site\/#\/schema\/person\/84b59c099c28ff2e8b77d4ceec5d8063","name":"NOTICIASMERCEDINAS.COM","image":{"@type":"ImageObject","inLanguage":"es","@id":"https:\/\/secure.gravatar.com\/avatar\/4dfbf16b4d17945bfb6341b2d19043457132fcf478a5ee04f42e959fd8f5df0a?s=96&d=mm&r=g","url":"https:\/\/secure.gravatar.com\/avatar\/4dfbf16b4d17945bfb6341b2d19043457132fcf478a5ee04f42e959fd8f5df0a?s=96&d=mm&r=g","contentUrl":"https:\/\/secure.gravatar.com\/avatar\/4dfbf16b4d17945bfb6341b2d19043457132fcf478a5ee04f42e959fd8f5df0a?s=96&d=mm&r=g","caption":"NOTICIASMERCEDINAS.COM"},"url":"https:\/\/noticiasmercedinas.com\/site\/author\/anonimo\/"}]}},"amp_enabled":true,"_links":{"self":[{"href":"https:\/\/noticiasmercedinas.com\/site\/wp-json\/wp\/v2\/posts\/17542","targetHints":{"allow":["GET"]}}],"collection":[{"href":"https:\/\/noticiasmercedinas.com\/site\/wp-json\/wp\/v2\/posts"}],"about":[{"href":"https:\/\/noticiasmercedinas.com\/site\/wp-json\/wp\/v2\/types\/post"}],"author":[{"embeddable":true,"href":"https:\/\/noticiasmercedinas.com\/site\/wp-json\/wp\/v2\/users\/16"}],"replies":[{"embeddable":true,"href":"https:\/\/noticiasmercedinas.com\/site\/wp-json\/wp\/v2\/comments?post=17542"}],"version-history":[{"count":1,"href":"https:\/\/noticiasmercedinas.com\/site\/wp-json\/wp\/v2\/posts\/17542\/revisions"}],"predecessor-version":[{"id":17546,"href":"https:\/\/noticiasmercedinas.com\/site\/wp-json\/wp\/v2\/posts\/17542\/revisions\/17546"}],"wp:featuredmedia":[{"embeddable":true,"href":"https:\/\/noticiasmercedinas.com\/site\/wp-json\/wp\/v2\/media\/17544"}],"wp:attachment":[{"href":"https:\/\/noticiasmercedinas.com\/site\/wp-json\/wp\/v2\/media?parent=17542"}],"wp:term":[{"taxonomy":"category","embeddable":true,"href":"https:\/\/noticiasmercedinas.com\/site\/wp-json\/wp\/v2\/categories?post=17542"},{"taxonomy":"post_tag","embeddable":true,"href":"https:\/\/noticiasmercedinas.com\/site\/wp-json\/wp\/v2\/tags?post=17542"}],"curies":[{"name":"wp","href":"https:\/\/api.w.org\/{rel}","templated":true}]}}