{"id":17559,"date":"2019-04-26T17:51:40","date_gmt":"2019-04-26T20:51:40","guid":{"rendered":"https:\/\/noticiasmercedinas.com\/site\/?p=17559"},"modified":"2019-04-26T17:56:22","modified_gmt":"2019-04-26T20:56:22","slug":"integrantes-de-merendero-y-pastores-evangelicos-arman-grupo-politico-encabezado-por-juan-diaz","status":"publish","type":"post","link":"https:\/\/noticiasmercedinas.com\/site\/2019\/04\/26\/integrantes-de-merendero-y-pastores-evangelicos-arman-grupo-politico-encabezado-por-juan-diaz\/","title":{"rendered":"Integrantes de merendero y pastores evang\u00e9licos arman grupo pol\u00edtico encabezado por Juan D\u00edaz"},"content":{"rendered":"<p><img loading=\"lazy\" decoding=\"async\" class=\"alignnone size-full wp-image-17560\" src=\"https:\/\/noticiasmercedinas.com\/site\/wp-content\/uploads\/2019\/04\/juanDiaz.jpg\" alt=\"\" width=\"720\" height=\"496\" srcset=\"https:\/\/noticiasmercedinas.com\/site\/wp-content\/uploads\/2019\/04\/juanDiaz.jpg 720w, https:\/\/noticiasmercedinas.com\/site\/wp-content\/uploads\/2019\/04\/juanDiaz-300x207.jpg 300w, https:\/\/noticiasmercedinas.com\/site\/wp-content\/uploads\/2019\/04\/juanDiaz-640x441.jpg 640w, https:\/\/noticiasmercedinas.com\/site\/wp-content\/uploads\/2019\/04\/juanDiaz-681x469.jpg 681w\" sizes=\"auto, (max-width: 720px) 100vw, 720px\" \/><\/p>\n<p>Se vienen las elecciones en este 2019 y son varios los mercedinos que ya han manifestado sus intenciones de participar desde diferentes espacios. En este caso otro que se mostr\u00f3 como candidato y asegur\u00f3 que est\u00e1n armando un grupo vecinal y manteniendo reuniones con varios sectores fue <strong>Juan D\u00edaz<\/strong>.<\/p>\n<p>\u201cEstamos trabajando hace varios meses y tras varias reuniones integrantes del merendero y pastores decidimos participar en pol\u00edtica para el 2019\u201d, dijo Juan D\u00edaz, cara visible del merendero \u201cGotas de un diluvio\u201d.<\/p>\n<p><strong>A la arena pol\u00edtica<br \/>\n<\/strong>\u201cYo soy uno de los referentes que est\u00e1 al frente de todo esto\u201d, explic\u00f3 D\u00edaz a NOTICIASMERCEDINAS.COM y coment\u00f3: \u201cEstamos hablando con diversos grupos pol\u00edticos y hemos tenido m\u00e1s de 4 reuniones ya con distintos sectores con los que evaluamos si vamos a participar\u201d.<\/p>\n<p>\u201cAun no decidimos en qu\u00e9 grupo vamos a estar pero s\u00ed que participaremos y de hecho estamos armando un grupo vecinal con el que estaremos presentes. Veremos m\u00e1s adelante, tendremos reuniones y evaluaremos c\u00f3mo seguimos\u201d, sostuvo D\u00edaz.<\/p>\n<p>\u201cLa verdad que no queremos salir del contexto social, pero la idea es participar en 2019. Y yo no pateo el tablero de lo social, quiero seguir enfocado en eso pero participar en pol\u00edtica para poder tener un contexto m\u00e1s amplio en la parte social y tambi\u00e9n seguir con ella\u201d, agreg\u00f3 Juan D\u00edaz e inform\u00f3 que ya tuvieron reuniones los d\u00edas martes, jueves y s\u00e1bado de la semana pasada y este viernes. \u201cLa idea es tener reuniones tambi\u00e9n la semana que viene con distintos sectores\u201d, complet\u00f3.<\/p>\n","protected":false},"excerpt":{"rendered":"<p>Se vienen las elecciones en este 2019 y son varios los mercedinos que ya han manifestado sus intenciones de participar desde diferentes espacios. En este caso otro que se mostr\u00f3 como candidato y asegur\u00f3 que est\u00e1n armando un grupo vecinal y manteniendo reuniones con varios sectores fue Juan D\u00edaz. \u201cEstamos trabajando hace varios meses y [&hellip;]<\/p>\n","protected":false},"author":2,"featured_media":17560,"comment_status":"open","ping_status":"open","sticky":false,"template":"","format":"standard","meta":{"footnotes":""},"categories":[16],"tags":[562,561,563,4562,1050],"class_list":["post-17559","post","type-post","status-publish","format-standard","has-post-thumbnail","hentry","category-politica","tag-gotas-de-un-diluvio","tag-juan-diaz","tag-merendero","tag-pastores-evangelicos","tag-politica"],"yoast_head":"<!-- This site is optimized with the Yoast SEO plugin v27.5 - https:\/\/yoast.com\/product\/yoast-seo-wordpress\/ -->\n<title>Integrantes de merendero y pastores evang\u00e9licos arman grupo pol\u00edtico encabezado por Juan D\u00edaz<\/title>\n<meta name=\"robots\" content=\"index, follow, max-snippet:-1, max-image-preview:large, max-video-preview:-1\" \/>\n<link rel=\"canonical\" href=\"https:\/\/noticiasmercedinas.com\/site\/2019\/04\/26\/integrantes-de-merendero-y-pastores-evangelicos-arman-grupo-politico-encabezado-por-juan-diaz\/\" \/>\n<meta property=\"og:locale\" content=\"es_ES\" \/>\n<meta property=\"og:type\" content=\"article\" \/>\n<meta property=\"og:title\" content=\"Integrantes de merendero y pastores evang\u00e9licos arman grupo pol\u00edtico encabezado por Juan D\u00edaz\" \/>\n<meta property=\"og:description\" content=\"Se vienen las elecciones en este 2019 y son varios los mercedinos que ya han manifestado sus intenciones de participar desde diferentes espacios. En este caso otro que se mostr\u00f3 como candidato y asegur\u00f3 que est\u00e1n armando un grupo vecinal y manteniendo reuniones con varios sectores fue Juan D\u00edaz. \u201cEstamos trabajando hace varios meses y [&hellip;]\" \/>\n<meta property=\"og:url\" content=\"https:\/\/noticiasmercedinas.com\/site\/2019\/04\/26\/integrantes-de-merendero-y-pastores-evangelicos-arman-grupo-politico-encabezado-por-juan-diaz\/\" \/>\n<meta property=\"og:site_name\" content=\"NOTICIASMERCEDINAS.COM\" \/>\n<meta property=\"article:publisher\" content=\"https:\/\/www.facebook.com\/noticiasmercedinas\/\" \/>\n<meta property=\"article:author\" content=\"https:\/\/www.facebook.com\/cristian.falabella\" \/>\n<meta property=\"article:published_time\" content=\"2019-04-26T20:51:40+00:00\" \/>\n<meta property=\"article:modified_time\" content=\"2019-04-26T20:56:22+00:00\" \/>\n<meta property=\"og:image\" content=\"https:\/\/noticiasmercedinas.com\/site\/wp-content\/uploads\/2019\/04\/juanDiaz.jpg\" \/>\n\t<meta property=\"og:image:width\" content=\"720\" \/>\n\t<meta property=\"og:image:height\" content=\"496\" \/>\n\t<meta property=\"og:image:type\" content=\"image\/jpeg\" \/>\n<meta name=\"author\" content=\"Cristian Falabella NOTICIASMERCEDINAS.COM\" \/>\n<meta name=\"twitter:card\" content=\"summary_large_image\" \/>\n<meta name=\"twitter:creator\" content=\"@https:\/\/twitter.com\/NOTMERCEDINAS\" \/>\n<meta name=\"twitter:site\" content=\"@notmercedinas\" \/>\n<meta name=\"twitter:label1\" content=\"Escrito por\" \/>\n\t<meta name=\"twitter:data1\" content=\"Cristian Falabella NOTICIASMERCEDINAS.COM\" \/>\n\t<meta name=\"twitter:label2\" content=\"Tiempo de lectura\" \/>\n\t<meta name=\"twitter:data2\" content=\"1 minuto\" \/>\n<script type=\"application\/ld+json\" class=\"yoast-schema-graph\">{\"@context\":\"https:\\\/\\\/schema.org\",\"@graph\":[{\"@type\":\"Article\",\"@id\":\"https:\\\/\\\/noticiasmercedinas.com\\\/site\\\/2019\\\/04\\\/26\\\/integrantes-de-merendero-y-pastores-evangelicos-arman-grupo-politico-encabezado-por-juan-diaz\\\/#article\",\"isPartOf\":{\"@id\":\"https:\\\/\\\/noticiasmercedinas.com\\\/site\\\/2019\\\/04\\\/26\\\/integrantes-de-merendero-y-pastores-evangelicos-arman-grupo-politico-encabezado-por-juan-diaz\\\/\"},\"author\":{\"name\":\"Cristian Falabella NOTICIASMERCEDINAS.COM\",\"@id\":\"https:\\\/\\\/noticiasmercedinas.com\\\/site\\\/#\\\/schema\\\/person\\\/d481a9696a5feaec13a60e2bbd991a6a\"},\"headline\":\"Integrantes de merendero y pastores evang\u00e9licos arman grupo pol\u00edtico encabezado por Juan D\u00edaz\",\"datePublished\":\"2019-04-26T20:51:40+00:00\",\"dateModified\":\"2019-04-26T20:56:22+00:00\",\"mainEntityOfPage\":{\"@id\":\"https:\\\/\\\/noticiasmercedinas.com\\\/site\\\/2019\\\/04\\\/26\\\/integrantes-de-merendero-y-pastores-evangelicos-arman-grupo-politico-encabezado-por-juan-diaz\\\/\"},\"wordCount\":283,\"commentCount\":0,\"publisher\":{\"@id\":\"https:\\\/\\\/noticiasmercedinas.com\\\/site\\\/#organization\"},\"image\":{\"@id\":\"https:\\\/\\\/noticiasmercedinas.com\\\/site\\\/2019\\\/04\\\/26\\\/integrantes-de-merendero-y-pastores-evangelicos-arman-grupo-politico-encabezado-por-juan-diaz\\\/#primaryimage\"},\"thumbnailUrl\":\"https:\\\/\\\/noticiasmercedinas.com\\\/site\\\/wp-content\\\/uploads\\\/2019\\\/04\\\/juanDiaz.jpg\",\"keywords\":[\"gotas de un diluvio\",\"juan diaz\",\"merendero\",\"pastores evangelicos\",\"politica\"],\"articleSection\":[\"Politica\"],\"inLanguage\":\"es\",\"potentialAction\":[{\"@type\":\"CommentAction\",\"name\":\"Comment\",\"target\":[\"https:\\\/\\\/noticiasmercedinas.com\\\/site\\\/2019\\\/04\\\/26\\\/integrantes-de-merendero-y-pastores-evangelicos-arman-grupo-politico-encabezado-por-juan-diaz\\\/#respond\"]}]},{\"@type\":\"WebPage\",\"@id\":\"https:\\\/\\\/noticiasmercedinas.com\\\/site\\\/2019\\\/04\\\/26\\\/integrantes-de-merendero-y-pastores-evangelicos-arman-grupo-politico-encabezado-por-juan-diaz\\\/\",\"url\":\"https:\\\/\\\/noticiasmercedinas.com\\\/site\\\/2019\\\/04\\\/26\\\/integrantes-de-merendero-y-pastores-evangelicos-arman-grupo-politico-encabezado-por-juan-diaz\\\/\",\"name\":\"Integrantes de merendero y pastores evang\u00e9licos arman grupo pol\u00edtico encabezado por Juan D\u00edaz\",\"isPartOf\":{\"@id\":\"https:\\\/\\\/noticiasmercedinas.com\\\/site\\\/#website\"},\"primaryImageOfPage\":{\"@id\":\"https:\\\/\\\/noticiasmercedinas.com\\\/site\\\/2019\\\/04\\\/26\\\/integrantes-de-merendero-y-pastores-evangelicos-arman-grupo-politico-encabezado-por-juan-diaz\\\/#primaryimage\"},\"image\":{\"@id\":\"https:\\\/\\\/noticiasmercedinas.com\\\/site\\\/2019\\\/04\\\/26\\\/integrantes-de-merendero-y-pastores-evangelicos-arman-grupo-politico-encabezado-por-juan-diaz\\\/#primaryimage\"},\"thumbnailUrl\":\"https:\\\/\\\/noticiasmercedinas.com\\\/site\\\/wp-content\\\/uploads\\\/2019\\\/04\\\/juanDiaz.jpg\",\"datePublished\":\"2019-04-26T20:51:40+00:00\",\"dateModified\":\"2019-04-26T20:56:22+00:00\",\"breadcrumb\":{\"@id\":\"https:\\\/\\\/noticiasmercedinas.com\\\/site\\\/2019\\\/04\\\/26\\\/integrantes-de-merendero-y-pastores-evangelicos-arman-grupo-politico-encabezado-por-juan-diaz\\\/#breadcrumb\"},\"inLanguage\":\"es\",\"potentialAction\":[{\"@type\":\"ReadAction\",\"target\":[\"https:\\\/\\\/noticiasmercedinas.com\\\/site\\\/2019\\\/04\\\/26\\\/integrantes-de-merendero-y-pastores-evangelicos-arman-grupo-politico-encabezado-por-juan-diaz\\\/\"]}]},{\"@type\":\"ImageObject\",\"inLanguage\":\"es\",\"@id\":\"https:\\\/\\\/noticiasmercedinas.com\\\/site\\\/2019\\\/04\\\/26\\\/integrantes-de-merendero-y-pastores-evangelicos-arman-grupo-politico-encabezado-por-juan-diaz\\\/#primaryimage\",\"url\":\"https:\\\/\\\/noticiasmercedinas.com\\\/site\\\/wp-content\\\/uploads\\\/2019\\\/04\\\/juanDiaz.jpg\",\"contentUrl\":\"https:\\\/\\\/noticiasmercedinas.com\\\/site\\\/wp-content\\\/uploads\\\/2019\\\/04\\\/juanDiaz.jpg\",\"width\":720,\"height\":496},{\"@type\":\"BreadcrumbList\",\"@id\":\"https:\\\/\\\/noticiasmercedinas.com\\\/site\\\/2019\\\/04\\\/26\\\/integrantes-de-merendero-y-pastores-evangelicos-arman-grupo-politico-encabezado-por-juan-diaz\\\/#breadcrumb\",\"itemListElement\":[{\"@type\":\"ListItem\",\"position\":1,\"name\":\"Portada\",\"item\":\"https:\\\/\\\/noticiasmercedinas.com\\\/site\\\/\"},{\"@type\":\"ListItem\",\"position\":2,\"name\":\"Integrantes de merendero y pastores evang\u00e9licos arman grupo pol\u00edtico encabezado por Juan D\u00edaz\"}]},{\"@type\":\"WebSite\",\"@id\":\"https:\\\/\\\/noticiasmercedinas.com\\\/site\\\/#website\",\"url\":\"https:\\\/\\\/noticiasmercedinas.com\\\/site\\\/\",\"name\":\"NOTICIASMERCEDINAS.COM\",\"description\":\"Mercedes, Buenos Aires, Argentina\",\"publisher\":{\"@id\":\"https:\\\/\\\/noticiasmercedinas.com\\\/site\\\/#organization\"},\"potentialAction\":[{\"@type\":\"SearchAction\",\"target\":{\"@type\":\"EntryPoint\",\"urlTemplate\":\"https:\\\/\\\/noticiasmercedinas.com\\\/site\\\/?s={search_term_string}\"},\"query-input\":{\"@type\":\"PropertyValueSpecification\",\"valueRequired\":true,\"valueName\":\"search_term_string\"}}],\"inLanguage\":\"es\"},{\"@type\":\"Organization\",\"@id\":\"https:\\\/\\\/noticiasmercedinas.com\\\/site\\\/#organization\",\"name\":\"NOTICIASMERCEDINAS.COM\",\"url\":\"https:\\\/\\\/noticiasmercedinas.com\\\/site\\\/\",\"logo\":{\"@type\":\"ImageObject\",\"inLanguage\":\"es\",\"@id\":\"https:\\\/\\\/noticiasmercedinas.com\\\/site\\\/#\\\/schema\\\/logo\\\/image\\\/\",\"url\":\"https:\\\/\\\/noticiasmercedinas.com\\\/site\\\/wp-content\\\/uploads\\\/2020\\\/06\\\/LOGO-512.jpg\",\"contentUrl\":\"https:\\\/\\\/noticiasmercedinas.com\\\/site\\\/wp-content\\\/uploads\\\/2020\\\/06\\\/LOGO-512.jpg\",\"width\":512,\"height\":512,\"caption\":\"NOTICIASMERCEDINAS.COM\"},\"image\":{\"@id\":\"https:\\\/\\\/noticiasmercedinas.com\\\/site\\\/#\\\/schema\\\/logo\\\/image\\\/\"},\"sameAs\":[\"https:\\\/\\\/www.facebook.com\\\/noticiasmercedinas\\\/\",\"https:\\\/\\\/x.com\\\/notmercedinas\",\"https:\\\/\\\/www.instagram.com\\\/noticiasmercedinas\\\/\"]},{\"@type\":\"Person\",\"@id\":\"https:\\\/\\\/noticiasmercedinas.com\\\/site\\\/#\\\/schema\\\/person\\\/d481a9696a5feaec13a60e2bbd991a6a\",\"name\":\"Cristian Falabella NOTICIASMERCEDINAS.COM\",\"image\":{\"@type\":\"ImageObject\",\"inLanguage\":\"es\",\"@id\":\"https:\\\/\\\/secure.gravatar.com\\\/avatar\\\/0dbbfc45970cc46bcd0e57766228574ff3511d6eed045b182f536f0f478c1f06?s=96&d=mm&r=g\",\"url\":\"https:\\\/\\\/secure.gravatar.com\\\/avatar\\\/0dbbfc45970cc46bcd0e57766228574ff3511d6eed045b182f536f0f478c1f06?s=96&d=mm&r=g\",\"contentUrl\":\"https:\\\/\\\/secure.gravatar.com\\\/avatar\\\/0dbbfc45970cc46bcd0e57766228574ff3511d6eed045b182f536f0f478c1f06?s=96&d=mm&r=g\",\"caption\":\"Cristian Falabella NOTICIASMERCEDINAS.COM\"},\"description\":\"Periodista, editor de Noticias Mercedinas. Pas\u00f3 por varias redacciones y emprendimientos de prensa, en distintos formatos y \u00e9pocas. Se especializ\u00f3 --y sigue haci\u00e9ndolo-- en comunicaci\u00f3n en la web y en junio de 2006 fund\u00f3 este diario digital.\",\"sameAs\":[\"https:\\\/\\\/noticiasmercedinas.com\",\"https:\\\/\\\/www.facebook.com\\\/cristian.falabella\",\"https:\\\/\\\/www.instagram.com\\\/noticiasmercedinas\\\/\",\"https:\\\/\\\/x.com\\\/https:\\\/\\\/twitter.com\\\/NOTMERCEDINAS\"],\"url\":\"https:\\\/\\\/noticiasmercedinas.com\\\/site\\\/author\\\/as000384\\\/\"}]}<\/script>\n<!-- \/ Yoast SEO plugin. -->","yoast_head_json":{"title":"Integrantes de merendero y pastores evang\u00e9licos arman grupo pol\u00edtico encabezado por Juan D\u00edaz","robots":{"index":"index","follow":"follow","max-snippet":"max-snippet:-1","max-image-preview":"max-image-preview:large","max-video-preview":"max-video-preview:-1"},"canonical":"https:\/\/noticiasmercedinas.com\/site\/2019\/04\/26\/integrantes-de-merendero-y-pastores-evangelicos-arman-grupo-politico-encabezado-por-juan-diaz\/","og_locale":"es_ES","og_type":"article","og_title":"Integrantes de merendero y pastores evang\u00e9licos arman grupo pol\u00edtico encabezado por Juan D\u00edaz","og_description":"Se vienen las elecciones en este 2019 y son varios los mercedinos que ya han manifestado sus intenciones de participar desde diferentes espacios. En este caso otro que se mostr\u00f3 como candidato y asegur\u00f3 que est\u00e1n armando un grupo vecinal y manteniendo reuniones con varios sectores fue Juan D\u00edaz. \u201cEstamos trabajando hace varios meses y [&hellip;]","og_url":"https:\/\/noticiasmercedinas.com\/site\/2019\/04\/26\/integrantes-de-merendero-y-pastores-evangelicos-arman-grupo-politico-encabezado-por-juan-diaz\/","og_site_name":"NOTICIASMERCEDINAS.COM","article_publisher":"https:\/\/www.facebook.com\/noticiasmercedinas\/","article_author":"https:\/\/www.facebook.com\/cristian.falabella","article_published_time":"2019-04-26T20:51:40+00:00","article_modified_time":"2019-04-26T20:56:22+00:00","og_image":[{"width":720,"height":496,"url":"https:\/\/noticiasmercedinas.com\/site\/wp-content\/uploads\/2019\/04\/juanDiaz.jpg","type":"image\/jpeg"}],"author":"Cristian Falabella NOTICIASMERCEDINAS.COM","twitter_card":"summary_large_image","twitter_creator":"@https:\/\/twitter.com\/NOTMERCEDINAS","twitter_site":"@notmercedinas","twitter_misc":{"Escrito por":"Cristian Falabella NOTICIASMERCEDINAS.COM","Tiempo de lectura":"1 minuto"},"schema":{"@context":"https:\/\/schema.org","@graph":[{"@type":"Article","@id":"https:\/\/noticiasmercedinas.com\/site\/2019\/04\/26\/integrantes-de-merendero-y-pastores-evangelicos-arman-grupo-politico-encabezado-por-juan-diaz\/#article","isPartOf":{"@id":"https:\/\/noticiasmercedinas.com\/site\/2019\/04\/26\/integrantes-de-merendero-y-pastores-evangelicos-arman-grupo-politico-encabezado-por-juan-diaz\/"},"author":{"name":"Cristian Falabella NOTICIASMERCEDINAS.COM","@id":"https:\/\/noticiasmercedinas.com\/site\/#\/schema\/person\/d481a9696a5feaec13a60e2bbd991a6a"},"headline":"Integrantes de merendero y pastores evang\u00e9licos arman grupo pol\u00edtico encabezado por Juan D\u00edaz","datePublished":"2019-04-26T20:51:40+00:00","dateModified":"2019-04-26T20:56:22+00:00","mainEntityOfPage":{"@id":"https:\/\/noticiasmercedinas.com\/site\/2019\/04\/26\/integrantes-de-merendero-y-pastores-evangelicos-arman-grupo-politico-encabezado-por-juan-diaz\/"},"wordCount":283,"commentCount":0,"publisher":{"@id":"https:\/\/noticiasmercedinas.com\/site\/#organization"},"image":{"@id":"https:\/\/noticiasmercedinas.com\/site\/2019\/04\/26\/integrantes-de-merendero-y-pastores-evangelicos-arman-grupo-politico-encabezado-por-juan-diaz\/#primaryimage"},"thumbnailUrl":"https:\/\/noticiasmercedinas.com\/site\/wp-content\/uploads\/2019\/04\/juanDiaz.jpg","keywords":["gotas de un diluvio","juan diaz","merendero","pastores evangelicos","politica"],"articleSection":["Politica"],"inLanguage":"es","potentialAction":[{"@type":"CommentAction","name":"Comment","target":["https:\/\/noticiasmercedinas.com\/site\/2019\/04\/26\/integrantes-de-merendero-y-pastores-evangelicos-arman-grupo-politico-encabezado-por-juan-diaz\/#respond"]}]},{"@type":"WebPage","@id":"https:\/\/noticiasmercedinas.com\/site\/2019\/04\/26\/integrantes-de-merendero-y-pastores-evangelicos-arman-grupo-politico-encabezado-por-juan-diaz\/","url":"https:\/\/noticiasmercedinas.com\/site\/2019\/04\/26\/integrantes-de-merendero-y-pastores-evangelicos-arman-grupo-politico-encabezado-por-juan-diaz\/","name":"Integrantes de merendero y pastores evang\u00e9licos arman grupo pol\u00edtico encabezado por Juan D\u00edaz","isPartOf":{"@id":"https:\/\/noticiasmercedinas.com\/site\/#website"},"primaryImageOfPage":{"@id":"https:\/\/noticiasmercedinas.com\/site\/2019\/04\/26\/integrantes-de-merendero-y-pastores-evangelicos-arman-grupo-politico-encabezado-por-juan-diaz\/#primaryimage"},"image":{"@id":"https:\/\/noticiasmercedinas.com\/site\/2019\/04\/26\/integrantes-de-merendero-y-pastores-evangelicos-arman-grupo-politico-encabezado-por-juan-diaz\/#primaryimage"},"thumbnailUrl":"https:\/\/noticiasmercedinas.com\/site\/wp-content\/uploads\/2019\/04\/juanDiaz.jpg","datePublished":"2019-04-26T20:51:40+00:00","dateModified":"2019-04-26T20:56:22+00:00","breadcrumb":{"@id":"https:\/\/noticiasmercedinas.com\/site\/2019\/04\/26\/integrantes-de-merendero-y-pastores-evangelicos-arman-grupo-politico-encabezado-por-juan-diaz\/#breadcrumb"},"inLanguage":"es","potentialAction":[{"@type":"ReadAction","target":["https:\/\/noticiasmercedinas.com\/site\/2019\/04\/26\/integrantes-de-merendero-y-pastores-evangelicos-arman-grupo-politico-encabezado-por-juan-diaz\/"]}]},{"@type":"ImageObject","inLanguage":"es","@id":"https:\/\/noticiasmercedinas.com\/site\/2019\/04\/26\/integrantes-de-merendero-y-pastores-evangelicos-arman-grupo-politico-encabezado-por-juan-diaz\/#primaryimage","url":"https:\/\/noticiasmercedinas.com\/site\/wp-content\/uploads\/2019\/04\/juanDiaz.jpg","contentUrl":"https:\/\/noticiasmercedinas.com\/site\/wp-content\/uploads\/2019\/04\/juanDiaz.jpg","width":720,"height":496},{"@type":"BreadcrumbList","@id":"https:\/\/noticiasmercedinas.com\/site\/2019\/04\/26\/integrantes-de-merendero-y-pastores-evangelicos-arman-grupo-politico-encabezado-por-juan-diaz\/#breadcrumb","itemListElement":[{"@type":"ListItem","position":1,"name":"Portada","item":"https:\/\/noticiasmercedinas.com\/site\/"},{"@type":"ListItem","position":2,"name":"Integrantes de merendero y pastores evang\u00e9licos arman grupo pol\u00edtico encabezado por Juan D\u00edaz"}]},{"@type":"WebSite","@id":"https:\/\/noticiasmercedinas.com\/site\/#website","url":"https:\/\/noticiasmercedinas.com\/site\/","name":"NOTICIASMERCEDINAS.COM","description":"Mercedes, Buenos Aires, Argentina","publisher":{"@id":"https:\/\/noticiasmercedinas.com\/site\/#organization"},"potentialAction":[{"@type":"SearchAction","target":{"@type":"EntryPoint","urlTemplate":"https:\/\/noticiasmercedinas.com\/site\/?s={search_term_string}"},"query-input":{"@type":"PropertyValueSpecification","valueRequired":true,"valueName":"search_term_string"}}],"inLanguage":"es"},{"@type":"Organization","@id":"https:\/\/noticiasmercedinas.com\/site\/#organization","name":"NOTICIASMERCEDINAS.COM","url":"https:\/\/noticiasmercedinas.com\/site\/","logo":{"@type":"ImageObject","inLanguage":"es","@id":"https:\/\/noticiasmercedinas.com\/site\/#\/schema\/logo\/image\/","url":"https:\/\/noticiasmercedinas.com\/site\/wp-content\/uploads\/2020\/06\/LOGO-512.jpg","contentUrl":"https:\/\/noticiasmercedinas.com\/site\/wp-content\/uploads\/2020\/06\/LOGO-512.jpg","width":512,"height":512,"caption":"NOTICIASMERCEDINAS.COM"},"image":{"@id":"https:\/\/noticiasmercedinas.com\/site\/#\/schema\/logo\/image\/"},"sameAs":["https:\/\/www.facebook.com\/noticiasmercedinas\/","https:\/\/x.com\/notmercedinas","https:\/\/www.instagram.com\/noticiasmercedinas\/"]},{"@type":"Person","@id":"https:\/\/noticiasmercedinas.com\/site\/#\/schema\/person\/d481a9696a5feaec13a60e2bbd991a6a","name":"Cristian Falabella NOTICIASMERCEDINAS.COM","image":{"@type":"ImageObject","inLanguage":"es","@id":"https:\/\/secure.gravatar.com\/avatar\/0dbbfc45970cc46bcd0e57766228574ff3511d6eed045b182f536f0f478c1f06?s=96&d=mm&r=g","url":"https:\/\/secure.gravatar.com\/avatar\/0dbbfc45970cc46bcd0e57766228574ff3511d6eed045b182f536f0f478c1f06?s=96&d=mm&r=g","contentUrl":"https:\/\/secure.gravatar.com\/avatar\/0dbbfc45970cc46bcd0e57766228574ff3511d6eed045b182f536f0f478c1f06?s=96&d=mm&r=g","caption":"Cristian Falabella NOTICIASMERCEDINAS.COM"},"description":"Periodista, editor de Noticias Mercedinas. Pas\u00f3 por varias redacciones y emprendimientos de prensa, en distintos formatos y \u00e9pocas. Se especializ\u00f3 --y sigue haci\u00e9ndolo-- en comunicaci\u00f3n en la web y en junio de 2006 fund\u00f3 este diario digital.","sameAs":["https:\/\/noticiasmercedinas.com","https:\/\/www.facebook.com\/cristian.falabella","https:\/\/www.instagram.com\/noticiasmercedinas\/","https:\/\/x.com\/https:\/\/twitter.com\/NOTMERCEDINAS"],"url":"https:\/\/noticiasmercedinas.com\/site\/author\/as000384\/"}]}},"amp_enabled":true,"_links":{"self":[{"href":"https:\/\/noticiasmercedinas.com\/site\/wp-json\/wp\/v2\/posts\/17559","targetHints":{"allow":["GET"]}}],"collection":[{"href":"https:\/\/noticiasmercedinas.com\/site\/wp-json\/wp\/v2\/posts"}],"about":[{"href":"https:\/\/noticiasmercedinas.com\/site\/wp-json\/wp\/v2\/types\/post"}],"author":[{"embeddable":true,"href":"https:\/\/noticiasmercedinas.com\/site\/wp-json\/wp\/v2\/users\/2"}],"replies":[{"embeddable":true,"href":"https:\/\/noticiasmercedinas.com\/site\/wp-json\/wp\/v2\/comments?post=17559"}],"version-history":[{"count":2,"href":"https:\/\/noticiasmercedinas.com\/site\/wp-json\/wp\/v2\/posts\/17559\/revisions"}],"predecessor-version":[{"id":17562,"href":"https:\/\/noticiasmercedinas.com\/site\/wp-json\/wp\/v2\/posts\/17559\/revisions\/17562"}],"wp:featuredmedia":[{"embeddable":true,"href":"https:\/\/noticiasmercedinas.com\/site\/wp-json\/wp\/v2\/media\/17560"}],"wp:attachment":[{"href":"https:\/\/noticiasmercedinas.com\/site\/wp-json\/wp\/v2\/media?parent=17559"}],"wp:term":[{"taxonomy":"category","embeddable":true,"href":"https:\/\/noticiasmercedinas.com\/site\/wp-json\/wp\/v2\/categories?post=17559"},{"taxonomy":"post_tag","embeddable":true,"href":"https:\/\/noticiasmercedinas.com\/site\/wp-json\/wp\/v2\/tags?post=17559"}],"curies":[{"name":"wp","href":"https:\/\/api.w.org\/{rel}","templated":true}]}}