{"id":175759,"date":"2025-12-02T10:26:39","date_gmt":"2025-12-02T13:26:39","guid":{"rendered":"https:\/\/noticiasmercedinas.com\/site\/?p=175759"},"modified":"2025-12-02T10:28:14","modified_gmt":"2025-12-02T13:28:14","slug":"el-plan-de-la-mariposa-regresa-a-mercedes-para-un-cierre-de-ano-explosivo","status":"publish","type":"post","link":"https:\/\/noticiasmercedinas.com\/site\/2025\/12\/02\/el-plan-de-la-mariposa-regresa-a-mercedes-para-un-cierre-de-ano-explosivo\/","title":{"rendered":"El Plan de la Mariposa regresa a Mercedes para un cierre de a\u00f1o explosivo"},"content":{"rendered":"<p><img loading=\"lazy\" decoding=\"async\" class=\"alignnone size-full wp-image-175760\" src=\"https:\/\/noticiasmercedinas.com\/site\/wp-content\/uploads\/2025\/12\/elplan_s.png\" alt=\"\" width=\"960\" height=\"400\" srcset=\"https:\/\/noticiasmercedinas.com\/site\/wp-content\/uploads\/2025\/12\/elplan_s.png 960w, https:\/\/noticiasmercedinas.com\/site\/wp-content\/uploads\/2025\/12\/elplan_s-300x125.png 300w, https:\/\/noticiasmercedinas.com\/site\/wp-content\/uploads\/2025\/12\/elplan_s-768x320.png 768w, https:\/\/noticiasmercedinas.com\/site\/wp-content\/uploads\/2025\/12\/elplan_s-640x267.png 640w, https:\/\/noticiasmercedinas.com\/site\/wp-content\/uploads\/2025\/12\/elplan_s-681x284.png 681w\" sizes=\"auto, (max-width: 960px) 100vw, 960px\" \/><\/p>\n<p>La banda de rock alternativo El Plan de la Mariposa regresa a su provincia de origen para cerrar un a\u00f1o de crecimiento exponencial y giras internacionales. El grupo se presentar\u00e1 en la sala Uh!Meda? de Mercedes el s\u00e1bado 20 de diciembre, ofreciendo un show que resume su potente recorrido de 2025.<\/p>\n<p>La banda, oriunda de Necochea y con m\u00e1s de diez a\u00f1os de trayectoria, viene de agotar localidades en recintos ic\u00f3nicos y de consolidar su presencia en la escena del rock argentino e internacional.<\/p>\n<p>El a\u00f1o 2025 fue un hito en la carrera de El Plan de la Mariposa, marcado por grandes logros:<\/p>\n<ul>\n<li>Grandes Escenarios: Se presentaron por primera vez en el Estadio Diego Armando Maradona de Buenos Aires, logrando llenarlo.<\/li>\n<li>Gira por Europa: Su m\u00fasica reson\u00f3 en ciudades de Espa\u00f1a, Holanda, Inglaterra y Dinamarca.<\/li>\n<li>Gira por Latinoam\u00e9rica: Recorrieron Santiago de Chile, Lima (Per\u00fa), Bogot\u00e1 y Medell\u00edn (Colombia), y agotaron entradas en el Teatro de Verano de Montevideo (Uruguay).<\/li>\n<li>Recorrido Nacional: La extensa gira por Argentina abarc\u00f3 casi todas las provincias.<\/li>\n<\/ul>\n<p>La identidad musical de El Plan de la Mariposa es una poderosa mixtura que fusiona una base rockera s\u00f3lida con diversos ritmos.<\/p>\n<p>Sobre la tradicional base de guitarra, bajo y bater\u00eda, el grupo entrelaza arreglos de viol\u00edn, acorde\u00f3n y sintetizadores, creando un sonido profundo y rico que acompa\u00f1a sus letras introspectivas y viajeras.<\/p>\n<p>El regreso a Mercedes promete ser un espect\u00e1culo de alto nivel para cerrar un a\u00f1o de consolidaci\u00f3n mundial para la banda. Los tickets est\u00e1n disponibles a trav\u00e9s de Ticketek.<\/p>\n<p><a href=\"https:\/\/www.ticketek.com.ar\/el-plan-de-la-mariposa\/uhmeda\">https:\/\/www.ticketek.com.ar\/el-plan-de-la-mariposa\/uhmeda<\/a><\/p>\n<p>Un show imperdible.<\/p>\n<p><iframe loading=\"lazy\" title=\"El Plan de la Mariposa - Caminos de Purmamarca (sesi\u00f3n en vivo)\" width=\"640\" height=\"360\" src=\"https:\/\/www.youtube.com\/embed\/VHCCgKcdN7k?feature=oembed\" frameborder=\"0\" allow=\"accelerometer; autoplay; clipboard-write; encrypted-media; gyroscope; picture-in-picture; web-share\" referrerpolicy=\"strict-origin-when-cross-origin\" allowfullscreen><\/iframe><\/p>\n","protected":false},"excerpt":{"rendered":"<p>\u25a0 Tras un exitoso 2025 que incluy\u00f3 un Estadio de Argentinos Juniors lleno y una extensa gira internacional por Europa y Latinoam\u00e9rica, la banda de Necochea se presentar\u00e1 en Uh!Meda? el s\u00e1bado 20 de diciembre.<\/p>\n","protected":false},"author":16,"featured_media":175760,"comment_status":"closed","ping_status":"closed","sticky":false,"template":"","format":"standard","meta":{"footnotes":""},"categories":[4],"tags":[6923,13193],"class_list":["post-175759","post","type-post","status-publish","format-standard","has-post-thumbnail","hentry","category-cultura","tag-el-plan-de-la-mariposa","tag-uh-meda"],"yoast_head":"<!-- This site is optimized with the Yoast SEO plugin v27.5 - https:\/\/yoast.com\/product\/yoast-seo-wordpress\/ -->\n<title>El Plan de la Mariposa regresa a Mercedes para un cierre de a\u00f1o explosivo<\/title>\n<meta name=\"description\" content=\"\u25a0 Tras un exitoso 2025 que incluy\u00f3 un Estadio de Argentinos Juniors lleno y una extensa gira internacional por Europa y Latinoam\u00e9rica, la banda de Necochea se presentar\u00e1 en Uh!Meda? el s\u00e1bado 20 de diciembre.\" \/>\n<meta name=\"robots\" content=\"index, follow, max-snippet:-1, max-image-preview:large, max-video-preview:-1\" \/>\n<link rel=\"canonical\" href=\"https:\/\/noticiasmercedinas.com\/site\/2025\/12\/02\/el-plan-de-la-mariposa-regresa-a-mercedes-para-un-cierre-de-ano-explosivo\/\" \/>\n<meta property=\"og:locale\" content=\"es_ES\" \/>\n<meta property=\"og:type\" content=\"article\" \/>\n<meta property=\"og:title\" content=\"El Plan de la Mariposa regresa a Mercedes para un cierre de a\u00f1o explosivo\" \/>\n<meta property=\"og:description\" content=\"\u25a0 Tras un exitoso 2025 que incluy\u00f3 un Estadio de Argentinos Juniors lleno y una extensa gira internacional por Europa y Latinoam\u00e9rica, la banda de Necochea se presentar\u00e1 en Uh!Meda? el s\u00e1bado 20 de diciembre.\" \/>\n<meta property=\"og:url\" content=\"https:\/\/noticiasmercedinas.com\/site\/2025\/12\/02\/el-plan-de-la-mariposa-regresa-a-mercedes-para-un-cierre-de-ano-explosivo\/\" \/>\n<meta property=\"og:site_name\" content=\"NOTICIASMERCEDINAS.COM\" \/>\n<meta property=\"article:publisher\" content=\"https:\/\/www.facebook.com\/noticiasmercedinas\/\" \/>\n<meta property=\"article:published_time\" content=\"2025-12-02T13:26:39+00:00\" \/>\n<meta property=\"article:modified_time\" content=\"2025-12-02T13:28:14+00:00\" \/>\n<meta property=\"og:image\" content=\"https:\/\/noticiasmercedinas.com\/site\/wp-content\/uploads\/2025\/12\/elplan_s.png\" \/>\n\t<meta property=\"og:image:width\" content=\"960\" \/>\n\t<meta property=\"og:image:height\" content=\"400\" \/>\n\t<meta property=\"og:image:type\" content=\"image\/png\" \/>\n<meta name=\"author\" content=\"NOTICIASMERCEDINAS.COM\" \/>\n<meta name=\"twitter:card\" content=\"summary_large_image\" \/>\n<meta name=\"twitter:creator\" content=\"@notmercedinas\" \/>\n<meta name=\"twitter:site\" content=\"@notmercedinas\" \/>\n<meta name=\"twitter:label1\" content=\"Escrito por\" \/>\n\t<meta name=\"twitter:data1\" content=\"NOTICIASMERCEDINAS.COM\" \/>\n\t<meta name=\"twitter:label2\" content=\"Tiempo de lectura\" \/>\n\t<meta name=\"twitter:data2\" content=\"2 minutos\" \/>\n<script type=\"application\/ld+json\" class=\"yoast-schema-graph\">{\"@context\":\"https:\\\/\\\/schema.org\",\"@graph\":[{\"@type\":\"Article\",\"@id\":\"https:\\\/\\\/noticiasmercedinas.com\\\/site\\\/2025\\\/12\\\/02\\\/el-plan-de-la-mariposa-regresa-a-mercedes-para-un-cierre-de-ano-explosivo\\\/#article\",\"isPartOf\":{\"@id\":\"https:\\\/\\\/noticiasmercedinas.com\\\/site\\\/2025\\\/12\\\/02\\\/el-plan-de-la-mariposa-regresa-a-mercedes-para-un-cierre-de-ano-explosivo\\\/\"},\"author\":{\"name\":\"NOTICIASMERCEDINAS.COM\",\"@id\":\"https:\\\/\\\/noticiasmercedinas.com\\\/site\\\/#\\\/schema\\\/person\\\/84b59c099c28ff2e8b77d4ceec5d8063\"},\"headline\":\"El Plan de la Mariposa regresa a Mercedes para un cierre de a\u00f1o explosivo\",\"datePublished\":\"2025-12-02T13:26:39+00:00\",\"dateModified\":\"2025-12-02T13:28:14+00:00\",\"mainEntityOfPage\":{\"@id\":\"https:\\\/\\\/noticiasmercedinas.com\\\/site\\\/2025\\\/12\\\/02\\\/el-plan-de-la-mariposa-regresa-a-mercedes-para-un-cierre-de-ano-explosivo\\\/\"},\"wordCount\":304,\"publisher\":{\"@id\":\"https:\\\/\\\/noticiasmercedinas.com\\\/site\\\/#organization\"},\"image\":{\"@id\":\"https:\\\/\\\/noticiasmercedinas.com\\\/site\\\/2025\\\/12\\\/02\\\/el-plan-de-la-mariposa-regresa-a-mercedes-para-un-cierre-de-ano-explosivo\\\/#primaryimage\"},\"thumbnailUrl\":\"https:\\\/\\\/noticiasmercedinas.com\\\/site\\\/wp-content\\\/uploads\\\/2025\\\/12\\\/elplan_s.png\",\"keywords\":[\"El Plan de la Mariposa\",\"uh meda\"],\"articleSection\":[\"Cultura\"],\"inLanguage\":\"es\"},{\"@type\":\"WebPage\",\"@id\":\"https:\\\/\\\/noticiasmercedinas.com\\\/site\\\/2025\\\/12\\\/02\\\/el-plan-de-la-mariposa-regresa-a-mercedes-para-un-cierre-de-ano-explosivo\\\/\",\"url\":\"https:\\\/\\\/noticiasmercedinas.com\\\/site\\\/2025\\\/12\\\/02\\\/el-plan-de-la-mariposa-regresa-a-mercedes-para-un-cierre-de-ano-explosivo\\\/\",\"name\":\"El Plan de la Mariposa regresa a Mercedes para un cierre de a\u00f1o explosivo\",\"isPartOf\":{\"@id\":\"https:\\\/\\\/noticiasmercedinas.com\\\/site\\\/#website\"},\"primaryImageOfPage\":{\"@id\":\"https:\\\/\\\/noticiasmercedinas.com\\\/site\\\/2025\\\/12\\\/02\\\/el-plan-de-la-mariposa-regresa-a-mercedes-para-un-cierre-de-ano-explosivo\\\/#primaryimage\"},\"image\":{\"@id\":\"https:\\\/\\\/noticiasmercedinas.com\\\/site\\\/2025\\\/12\\\/02\\\/el-plan-de-la-mariposa-regresa-a-mercedes-para-un-cierre-de-ano-explosivo\\\/#primaryimage\"},\"thumbnailUrl\":\"https:\\\/\\\/noticiasmercedinas.com\\\/site\\\/wp-content\\\/uploads\\\/2025\\\/12\\\/elplan_s.png\",\"datePublished\":\"2025-12-02T13:26:39+00:00\",\"dateModified\":\"2025-12-02T13:28:14+00:00\",\"description\":\"\u25a0 Tras un exitoso 2025 que incluy\u00f3 un Estadio de Argentinos Juniors lleno y una extensa gira internacional por Europa y Latinoam\u00e9rica, la banda de Necochea se presentar\u00e1 en Uh!Meda? el s\u00e1bado 20 de diciembre.\",\"breadcrumb\":{\"@id\":\"https:\\\/\\\/noticiasmercedinas.com\\\/site\\\/2025\\\/12\\\/02\\\/el-plan-de-la-mariposa-regresa-a-mercedes-para-un-cierre-de-ano-explosivo\\\/#breadcrumb\"},\"inLanguage\":\"es\",\"potentialAction\":[{\"@type\":\"ReadAction\",\"target\":[\"https:\\\/\\\/noticiasmercedinas.com\\\/site\\\/2025\\\/12\\\/02\\\/el-plan-de-la-mariposa-regresa-a-mercedes-para-un-cierre-de-ano-explosivo\\\/\"]}]},{\"@type\":\"ImageObject\",\"inLanguage\":\"es\",\"@id\":\"https:\\\/\\\/noticiasmercedinas.com\\\/site\\\/2025\\\/12\\\/02\\\/el-plan-de-la-mariposa-regresa-a-mercedes-para-un-cierre-de-ano-explosivo\\\/#primaryimage\",\"url\":\"https:\\\/\\\/noticiasmercedinas.com\\\/site\\\/wp-content\\\/uploads\\\/2025\\\/12\\\/elplan_s.png\",\"contentUrl\":\"https:\\\/\\\/noticiasmercedinas.com\\\/site\\\/wp-content\\\/uploads\\\/2025\\\/12\\\/elplan_s.png\",\"width\":960,\"height\":400},{\"@type\":\"BreadcrumbList\",\"@id\":\"https:\\\/\\\/noticiasmercedinas.com\\\/site\\\/2025\\\/12\\\/02\\\/el-plan-de-la-mariposa-regresa-a-mercedes-para-un-cierre-de-ano-explosivo\\\/#breadcrumb\",\"itemListElement\":[{\"@type\":\"ListItem\",\"position\":1,\"name\":\"Portada\",\"item\":\"https:\\\/\\\/noticiasmercedinas.com\\\/site\\\/\"},{\"@type\":\"ListItem\",\"position\":2,\"name\":\"El Plan de la Mariposa regresa a Mercedes para un cierre de a\u00f1o explosivo\"}]},{\"@type\":\"WebSite\",\"@id\":\"https:\\\/\\\/noticiasmercedinas.com\\\/site\\\/#website\",\"url\":\"https:\\\/\\\/noticiasmercedinas.com\\\/site\\\/\",\"name\":\"NOTICIASMERCEDINAS.COM\",\"description\":\"Mercedes, Buenos Aires, Argentina\",\"publisher\":{\"@id\":\"https:\\\/\\\/noticiasmercedinas.com\\\/site\\\/#organization\"},\"potentialAction\":[{\"@type\":\"SearchAction\",\"target\":{\"@type\":\"EntryPoint\",\"urlTemplate\":\"https:\\\/\\\/noticiasmercedinas.com\\\/site\\\/?s={search_term_string}\"},\"query-input\":{\"@type\":\"PropertyValueSpecification\",\"valueRequired\":true,\"valueName\":\"search_term_string\"}}],\"inLanguage\":\"es\"},{\"@type\":\"Organization\",\"@id\":\"https:\\\/\\\/noticiasmercedinas.com\\\/site\\\/#organization\",\"name\":\"NOTICIASMERCEDINAS.COM\",\"url\":\"https:\\\/\\\/noticiasmercedinas.com\\\/site\\\/\",\"logo\":{\"@type\":\"ImageObject\",\"inLanguage\":\"es\",\"@id\":\"https:\\\/\\\/noticiasmercedinas.com\\\/site\\\/#\\\/schema\\\/logo\\\/image\\\/\",\"url\":\"https:\\\/\\\/noticiasmercedinas.com\\\/site\\\/wp-content\\\/uploads\\\/2020\\\/06\\\/LOGO-512.jpg\",\"contentUrl\":\"https:\\\/\\\/noticiasmercedinas.com\\\/site\\\/wp-content\\\/uploads\\\/2020\\\/06\\\/LOGO-512.jpg\",\"width\":512,\"height\":512,\"caption\":\"NOTICIASMERCEDINAS.COM\"},\"image\":{\"@id\":\"https:\\\/\\\/noticiasmercedinas.com\\\/site\\\/#\\\/schema\\\/logo\\\/image\\\/\"},\"sameAs\":[\"https:\\\/\\\/www.facebook.com\\\/noticiasmercedinas\\\/\",\"https:\\\/\\\/x.com\\\/notmercedinas\",\"https:\\\/\\\/www.instagram.com\\\/noticiasmercedinas\\\/\"]},{\"@type\":\"Person\",\"@id\":\"https:\\\/\\\/noticiasmercedinas.com\\\/site\\\/#\\\/schema\\\/person\\\/84b59c099c28ff2e8b77d4ceec5d8063\",\"name\":\"NOTICIASMERCEDINAS.COM\",\"image\":{\"@type\":\"ImageObject\",\"inLanguage\":\"es\",\"@id\":\"https:\\\/\\\/secure.gravatar.com\\\/avatar\\\/4dfbf16b4d17945bfb6341b2d19043457132fcf478a5ee04f42e959fd8f5df0a?s=96&d=mm&r=g\",\"url\":\"https:\\\/\\\/secure.gravatar.com\\\/avatar\\\/4dfbf16b4d17945bfb6341b2d19043457132fcf478a5ee04f42e959fd8f5df0a?s=96&d=mm&r=g\",\"contentUrl\":\"https:\\\/\\\/secure.gravatar.com\\\/avatar\\\/4dfbf16b4d17945bfb6341b2d19043457132fcf478a5ee04f42e959fd8f5df0a?s=96&d=mm&r=g\",\"caption\":\"NOTICIASMERCEDINAS.COM\"},\"url\":\"https:\\\/\\\/noticiasmercedinas.com\\\/site\\\/author\\\/anonimo\\\/\"}]}<\/script>\n<!-- \/ Yoast SEO plugin. -->","yoast_head_json":{"title":"El Plan de la Mariposa regresa a Mercedes para un cierre de a\u00f1o explosivo","description":"\u25a0 Tras un exitoso 2025 que incluy\u00f3 un Estadio de Argentinos Juniors lleno y una extensa gira internacional por Europa y Latinoam\u00e9rica, la banda de Necochea se presentar\u00e1 en Uh!Meda? el s\u00e1bado 20 de diciembre.","robots":{"index":"index","follow":"follow","max-snippet":"max-snippet:-1","max-image-preview":"max-image-preview:large","max-video-preview":"max-video-preview:-1"},"canonical":"https:\/\/noticiasmercedinas.com\/site\/2025\/12\/02\/el-plan-de-la-mariposa-regresa-a-mercedes-para-un-cierre-de-ano-explosivo\/","og_locale":"es_ES","og_type":"article","og_title":"El Plan de la Mariposa regresa a Mercedes para un cierre de a\u00f1o explosivo","og_description":"\u25a0 Tras un exitoso 2025 que incluy\u00f3 un Estadio de Argentinos Juniors lleno y una extensa gira internacional por Europa y Latinoam\u00e9rica, la banda de Necochea se presentar\u00e1 en Uh!Meda? el s\u00e1bado 20 de diciembre.","og_url":"https:\/\/noticiasmercedinas.com\/site\/2025\/12\/02\/el-plan-de-la-mariposa-regresa-a-mercedes-para-un-cierre-de-ano-explosivo\/","og_site_name":"NOTICIASMERCEDINAS.COM","article_publisher":"https:\/\/www.facebook.com\/noticiasmercedinas\/","article_published_time":"2025-12-02T13:26:39+00:00","article_modified_time":"2025-12-02T13:28:14+00:00","og_image":[{"width":960,"height":400,"url":"https:\/\/noticiasmercedinas.com\/site\/wp-content\/uploads\/2025\/12\/elplan_s.png","type":"image\/png"}],"author":"NOTICIASMERCEDINAS.COM","twitter_card":"summary_large_image","twitter_creator":"@notmercedinas","twitter_site":"@notmercedinas","twitter_misc":{"Escrito por":"NOTICIASMERCEDINAS.COM","Tiempo de lectura":"2 minutos"},"schema":{"@context":"https:\/\/schema.org","@graph":[{"@type":"Article","@id":"https:\/\/noticiasmercedinas.com\/site\/2025\/12\/02\/el-plan-de-la-mariposa-regresa-a-mercedes-para-un-cierre-de-ano-explosivo\/#article","isPartOf":{"@id":"https:\/\/noticiasmercedinas.com\/site\/2025\/12\/02\/el-plan-de-la-mariposa-regresa-a-mercedes-para-un-cierre-de-ano-explosivo\/"},"author":{"name":"NOTICIASMERCEDINAS.COM","@id":"https:\/\/noticiasmercedinas.com\/site\/#\/schema\/person\/84b59c099c28ff2e8b77d4ceec5d8063"},"headline":"El Plan de la Mariposa regresa a Mercedes para un cierre de a\u00f1o explosivo","datePublished":"2025-12-02T13:26:39+00:00","dateModified":"2025-12-02T13:28:14+00:00","mainEntityOfPage":{"@id":"https:\/\/noticiasmercedinas.com\/site\/2025\/12\/02\/el-plan-de-la-mariposa-regresa-a-mercedes-para-un-cierre-de-ano-explosivo\/"},"wordCount":304,"publisher":{"@id":"https:\/\/noticiasmercedinas.com\/site\/#organization"},"image":{"@id":"https:\/\/noticiasmercedinas.com\/site\/2025\/12\/02\/el-plan-de-la-mariposa-regresa-a-mercedes-para-un-cierre-de-ano-explosivo\/#primaryimage"},"thumbnailUrl":"https:\/\/noticiasmercedinas.com\/site\/wp-content\/uploads\/2025\/12\/elplan_s.png","keywords":["El Plan de la Mariposa","uh meda"],"articleSection":["Cultura"],"inLanguage":"es"},{"@type":"WebPage","@id":"https:\/\/noticiasmercedinas.com\/site\/2025\/12\/02\/el-plan-de-la-mariposa-regresa-a-mercedes-para-un-cierre-de-ano-explosivo\/","url":"https:\/\/noticiasmercedinas.com\/site\/2025\/12\/02\/el-plan-de-la-mariposa-regresa-a-mercedes-para-un-cierre-de-ano-explosivo\/","name":"El Plan de la Mariposa regresa a Mercedes para un cierre de a\u00f1o explosivo","isPartOf":{"@id":"https:\/\/noticiasmercedinas.com\/site\/#website"},"primaryImageOfPage":{"@id":"https:\/\/noticiasmercedinas.com\/site\/2025\/12\/02\/el-plan-de-la-mariposa-regresa-a-mercedes-para-un-cierre-de-ano-explosivo\/#primaryimage"},"image":{"@id":"https:\/\/noticiasmercedinas.com\/site\/2025\/12\/02\/el-plan-de-la-mariposa-regresa-a-mercedes-para-un-cierre-de-ano-explosivo\/#primaryimage"},"thumbnailUrl":"https:\/\/noticiasmercedinas.com\/site\/wp-content\/uploads\/2025\/12\/elplan_s.png","datePublished":"2025-12-02T13:26:39+00:00","dateModified":"2025-12-02T13:28:14+00:00","description":"\u25a0 Tras un exitoso 2025 que incluy\u00f3 un Estadio de Argentinos Juniors lleno y una extensa gira internacional por Europa y Latinoam\u00e9rica, la banda de Necochea se presentar\u00e1 en Uh!Meda? el s\u00e1bado 20 de diciembre.","breadcrumb":{"@id":"https:\/\/noticiasmercedinas.com\/site\/2025\/12\/02\/el-plan-de-la-mariposa-regresa-a-mercedes-para-un-cierre-de-ano-explosivo\/#breadcrumb"},"inLanguage":"es","potentialAction":[{"@type":"ReadAction","target":["https:\/\/noticiasmercedinas.com\/site\/2025\/12\/02\/el-plan-de-la-mariposa-regresa-a-mercedes-para-un-cierre-de-ano-explosivo\/"]}]},{"@type":"ImageObject","inLanguage":"es","@id":"https:\/\/noticiasmercedinas.com\/site\/2025\/12\/02\/el-plan-de-la-mariposa-regresa-a-mercedes-para-un-cierre-de-ano-explosivo\/#primaryimage","url":"https:\/\/noticiasmercedinas.com\/site\/wp-content\/uploads\/2025\/12\/elplan_s.png","contentUrl":"https:\/\/noticiasmercedinas.com\/site\/wp-content\/uploads\/2025\/12\/elplan_s.png","width":960,"height":400},{"@type":"BreadcrumbList","@id":"https:\/\/noticiasmercedinas.com\/site\/2025\/12\/02\/el-plan-de-la-mariposa-regresa-a-mercedes-para-un-cierre-de-ano-explosivo\/#breadcrumb","itemListElement":[{"@type":"ListItem","position":1,"name":"Portada","item":"https:\/\/noticiasmercedinas.com\/site\/"},{"@type":"ListItem","position":2,"name":"El Plan de la Mariposa regresa a Mercedes para un cierre de a\u00f1o explosivo"}]},{"@type":"WebSite","@id":"https:\/\/noticiasmercedinas.com\/site\/#website","url":"https:\/\/noticiasmercedinas.com\/site\/","name":"NOTICIASMERCEDINAS.COM","description":"Mercedes, Buenos Aires, Argentina","publisher":{"@id":"https:\/\/noticiasmercedinas.com\/site\/#organization"},"potentialAction":[{"@type":"SearchAction","target":{"@type":"EntryPoint","urlTemplate":"https:\/\/noticiasmercedinas.com\/site\/?s={search_term_string}"},"query-input":{"@type":"PropertyValueSpecification","valueRequired":true,"valueName":"search_term_string"}}],"inLanguage":"es"},{"@type":"Organization","@id":"https:\/\/noticiasmercedinas.com\/site\/#organization","name":"NOTICIASMERCEDINAS.COM","url":"https:\/\/noticiasmercedinas.com\/site\/","logo":{"@type":"ImageObject","inLanguage":"es","@id":"https:\/\/noticiasmercedinas.com\/site\/#\/schema\/logo\/image\/","url":"https:\/\/noticiasmercedinas.com\/site\/wp-content\/uploads\/2020\/06\/LOGO-512.jpg","contentUrl":"https:\/\/noticiasmercedinas.com\/site\/wp-content\/uploads\/2020\/06\/LOGO-512.jpg","width":512,"height":512,"caption":"NOTICIASMERCEDINAS.COM"},"image":{"@id":"https:\/\/noticiasmercedinas.com\/site\/#\/schema\/logo\/image\/"},"sameAs":["https:\/\/www.facebook.com\/noticiasmercedinas\/","https:\/\/x.com\/notmercedinas","https:\/\/www.instagram.com\/noticiasmercedinas\/"]},{"@type":"Person","@id":"https:\/\/noticiasmercedinas.com\/site\/#\/schema\/person\/84b59c099c28ff2e8b77d4ceec5d8063","name":"NOTICIASMERCEDINAS.COM","image":{"@type":"ImageObject","inLanguage":"es","@id":"https:\/\/secure.gravatar.com\/avatar\/4dfbf16b4d17945bfb6341b2d19043457132fcf478a5ee04f42e959fd8f5df0a?s=96&d=mm&r=g","url":"https:\/\/secure.gravatar.com\/avatar\/4dfbf16b4d17945bfb6341b2d19043457132fcf478a5ee04f42e959fd8f5df0a?s=96&d=mm&r=g","contentUrl":"https:\/\/secure.gravatar.com\/avatar\/4dfbf16b4d17945bfb6341b2d19043457132fcf478a5ee04f42e959fd8f5df0a?s=96&d=mm&r=g","caption":"NOTICIASMERCEDINAS.COM"},"url":"https:\/\/noticiasmercedinas.com\/site\/author\/anonimo\/"}]}},"amp_enabled":true,"_links":{"self":[{"href":"https:\/\/noticiasmercedinas.com\/site\/wp-json\/wp\/v2\/posts\/175759","targetHints":{"allow":["GET"]}}],"collection":[{"href":"https:\/\/noticiasmercedinas.com\/site\/wp-json\/wp\/v2\/posts"}],"about":[{"href":"https:\/\/noticiasmercedinas.com\/site\/wp-json\/wp\/v2\/types\/post"}],"author":[{"embeddable":true,"href":"https:\/\/noticiasmercedinas.com\/site\/wp-json\/wp\/v2\/users\/16"}],"replies":[{"embeddable":true,"href":"https:\/\/noticiasmercedinas.com\/site\/wp-json\/wp\/v2\/comments?post=175759"}],"version-history":[{"count":2,"href":"https:\/\/noticiasmercedinas.com\/site\/wp-json\/wp\/v2\/posts\/175759\/revisions"}],"predecessor-version":[{"id":175762,"href":"https:\/\/noticiasmercedinas.com\/site\/wp-json\/wp\/v2\/posts\/175759\/revisions\/175762"}],"wp:featuredmedia":[{"embeddable":true,"href":"https:\/\/noticiasmercedinas.com\/site\/wp-json\/wp\/v2\/media\/175760"}],"wp:attachment":[{"href":"https:\/\/noticiasmercedinas.com\/site\/wp-json\/wp\/v2\/media?parent=175759"}],"wp:term":[{"taxonomy":"category","embeddable":true,"href":"https:\/\/noticiasmercedinas.com\/site\/wp-json\/wp\/v2\/categories?post=175759"},{"taxonomy":"post_tag","embeddable":true,"href":"https:\/\/noticiasmercedinas.com\/site\/wp-json\/wp\/v2\/tags?post=175759"}],"curies":[{"name":"wp","href":"https:\/\/api.w.org\/{rel}","templated":true}]}}