{"id":175987,"date":"2025-12-05T10:03:09","date_gmt":"2025-12-05T13:03:09","guid":{"rendered":"https:\/\/noticiasmercedinas.com\/site\/?p=175987"},"modified":"2025-12-05T10:03:09","modified_gmt":"2025-12-05T13:03:09","slug":"conmocion-ante-el-albanil-de-dios-la-visita-del-padre-pedro-opeka-dejo-marcas","status":"publish","type":"post","link":"https:\/\/noticiasmercedinas.com\/site\/2025\/12\/05\/conmocion-ante-el-albanil-de-dios-la-visita-del-padre-pedro-opeka-dejo-marcas\/","title":{"rendered":"Conmoci\u00f3n ante el \u00abAlba\u00f1il de Dios\u00bb: la visita del Padre Pedro Opeka dej\u00f3 marcas"},"content":{"rendered":"<p><img loading=\"lazy\" decoding=\"async\" class=\"alignnone size-full wp-image-175988\" src=\"https:\/\/noticiasmercedinas.com\/site\/wp-content\/uploads\/2025\/12\/PADREOPEKA.jpg\" alt=\"\" width=\"640\" height=\"446\" srcset=\"https:\/\/noticiasmercedinas.com\/site\/wp-content\/uploads\/2025\/12\/PADREOPEKA.jpg 640w, https:\/\/noticiasmercedinas.com\/site\/wp-content\/uploads\/2025\/12\/PADREOPEKA-300x209.jpg 300w\" sizes=\"auto, (max-width: 640px) 100vw, 640px\" \/><\/p>\n<p>La ciudad de Mercedes vivi\u00f3 un encuentro inolvidable al recibir al Padre Pedro Opeka, el misionero argentino conocido mundialmente como \u00abEl Alba\u00f1il de Dios\u00bb por su gigantesca obra humanitaria Akamasoa (\u00abbuenos amigos\u00bb) en Madagascar. Su visita, que tuvo lugar el mi\u00e9rcoles 3 de diciembre en el Seminario Santo Cura de Ars (Calle 114 N\u00b0301), gener\u00f3 una convocatoria masiva, conmovida por el testimonio de un hombre que se dedica desde hace 50 a\u00f1os a trabajar \u00abcodo a codo con los m\u00e1s pobres\u00bb.<\/p>\n<p>La jornada central incluy\u00f3 una Charla a las 17:45 hs seguida de una Misa a las 19:00 hs, donde el candidato al Premio Nobel de la Paz comparti\u00f3 su experiencia de transformar un basural de la capital malgache en una vibrante ciudadela de esperanza.<\/p>\n<p><img loading=\"lazy\" decoding=\"async\" class=\"alignnone size-full wp-image-175989\" src=\"https:\/\/noticiasmercedinas.com\/site\/wp-content\/uploads\/2025\/12\/PADREOPEKA2.jpg\" alt=\"\" width=\"640\" height=\"440\" srcset=\"https:\/\/noticiasmercedinas.com\/site\/wp-content\/uploads\/2025\/12\/PADREOPEKA2.jpg 640w, https:\/\/noticiasmercedinas.com\/site\/wp-content\/uploads\/2025\/12\/PADREOPEKA2-300x206.jpg 300w\" sizes=\"auto, (max-width: 640px) 100vw, 640px\" \/><\/p>\n<p>La esencia de su misi\u00f3n radica en la restauraci\u00f3n de la dignidad, dejando de lado la caridad pasiva para enfocarse en tres pilares fundamentales: el trabajo, la educaci\u00f3n y la vivienda digna.<\/p>\n<p>Con el esfuerzo de los propios habitantes, Akamasoa ha construido miles de casas de material, escuelas y centros de salud, sacando a cientos de miles de personas de la pobreza extrema.<\/p>\n<p>El impacto del Padre Opeka trascendi\u00f3 su inspirador relato. Testigos del evento destacaron su sorprendente humanidad y sencillez, reflejada en la permanente referencia a Dios ante cualquier halago, reconociendo que \u00abla obra siempre es de Dios, no de nosotros\u00bb. El momento m\u00e1s emotivo fue el acercamiento de la gente, muchos de los cuales buscaban tocar los flecos de su manto o ser bendecidos por sus manos, en una muestra de convicci\u00f3n popular que lo ha ungido como \u00abun santo de nuestro tiempo\u00bb.<\/p>\n<p>El sacerdote vicentino cerr\u00f3 su mensaje con una poderosa reflexi\u00f3n: \u00abSolo vamos a vivir una vez\u00bb. Una frase que inst\u00f3 a los presentes a que su vida valga la pena, que sea para otros, siempre para los dem\u00e1s, y que resume su filosof\u00eda de vida y su incansable esfuerzo por demostrar que, con esfuerzo y fe, la pobreza extrema puede ser combatida.<\/p>\n<p><img loading=\"lazy\" decoding=\"async\" class=\"alignnone size-full wp-image-175990\" src=\"https:\/\/noticiasmercedinas.com\/site\/wp-content\/uploads\/2025\/12\/PADREOPEKA1.jpg\" alt=\"\" width=\"645\" height=\"290\" srcset=\"https:\/\/noticiasmercedinas.com\/site\/wp-content\/uploads\/2025\/12\/PADREOPEKA1.jpg 645w, https:\/\/noticiasmercedinas.com\/site\/wp-content\/uploads\/2025\/12\/PADREOPEKA1-300x135.jpg 300w, https:\/\/noticiasmercedinas.com\/site\/wp-content\/uploads\/2025\/12\/PADREOPEKA1-640x288.jpg 640w\" sizes=\"auto, (max-width: 645px) 100vw, 645px\" \/><\/p>\n","protected":false},"excerpt":{"rendered":"<p>\u25a0 El c\u00e9lebre misionero vicentino que transforma la miseria en Madagascar comparti\u00f3 un emotivo Testimonio de Vida y Misa en el Seminario local, dejando una profunda huella de fe y urgencia por la dignidad humana.<\/p>\n","protected":false},"author":16,"featured_media":175988,"comment_status":"closed","ping_status":"closed","sticky":false,"template":"","format":"standard","meta":{"footnotes":""},"categories":[3],"tags":[21369,3304],"class_list":["post-175987","post","type-post","status-publish","format-standard","has-post-thumbnail","hentry","category-sociedad","tag-pedro-opeka","tag-seminario-santo-cura-de-ars"],"yoast_head":"<!-- This site is optimized with the Yoast SEO plugin v27.5 - https:\/\/yoast.com\/product\/yoast-seo-wordpress\/ -->\n<title>Conmoci\u00f3n ante el &quot;Alba\u00f1il de Dios&quot;: la visita del Padre Pedro Opeka dej\u00f3 marcas<\/title>\n<meta name=\"description\" content=\"\u25a0 El c\u00e9lebre misionero vicentino que transforma la miseria en Madagascar comparti\u00f3 un emotivo Testimonio de Vida y Misa en el Seminario local, dejando una profunda huella de fe y urgencia por la dignidad humana.\" \/>\n<meta name=\"robots\" content=\"index, follow, max-snippet:-1, max-image-preview:large, max-video-preview:-1\" \/>\n<link rel=\"canonical\" href=\"https:\/\/noticiasmercedinas.com\/site\/2025\/12\/05\/conmocion-ante-el-albanil-de-dios-la-visita-del-padre-pedro-opeka-dejo-marcas\/\" \/>\n<meta property=\"og:locale\" content=\"es_ES\" \/>\n<meta property=\"og:type\" content=\"article\" \/>\n<meta property=\"og:title\" content=\"Conmoci\u00f3n ante el &quot;Alba\u00f1il de Dios&quot;: la visita del Padre Pedro Opeka dej\u00f3 marcas\" \/>\n<meta property=\"og:description\" content=\"\u25a0 El c\u00e9lebre misionero vicentino que transforma la miseria en Madagascar comparti\u00f3 un emotivo Testimonio de Vida y Misa en el Seminario local, dejando una profunda huella de fe y urgencia por la dignidad humana.\" \/>\n<meta property=\"og:url\" content=\"https:\/\/noticiasmercedinas.com\/site\/2025\/12\/05\/conmocion-ante-el-albanil-de-dios-la-visita-del-padre-pedro-opeka-dejo-marcas\/\" \/>\n<meta property=\"og:site_name\" content=\"NOTICIASMERCEDINAS.COM\" \/>\n<meta property=\"article:publisher\" content=\"https:\/\/www.facebook.com\/noticiasmercedinas\/\" \/>\n<meta property=\"article:published_time\" content=\"2025-12-05T13:03:09+00:00\" \/>\n<meta property=\"og:image\" content=\"https:\/\/noticiasmercedinas.com\/site\/wp-content\/uploads\/2025\/12\/PADREOPEKA.jpg\" \/>\n\t<meta property=\"og:image:width\" content=\"640\" \/>\n\t<meta property=\"og:image:height\" content=\"446\" \/>\n\t<meta property=\"og:image:type\" content=\"image\/jpeg\" \/>\n<meta name=\"author\" content=\"NOTICIASMERCEDINAS.COM\" \/>\n<meta name=\"twitter:card\" content=\"summary_large_image\" \/>\n<meta name=\"twitter:creator\" content=\"@notmercedinas\" \/>\n<meta name=\"twitter:site\" content=\"@notmercedinas\" \/>\n<meta name=\"twitter:label1\" content=\"Escrito por\" \/>\n\t<meta name=\"twitter:data1\" content=\"NOTICIASMERCEDINAS.COM\" \/>\n\t<meta name=\"twitter:label2\" content=\"Tiempo de lectura\" \/>\n\t<meta name=\"twitter:data2\" content=\"3 minutos\" \/>\n<script type=\"application\/ld+json\" class=\"yoast-schema-graph\">{\"@context\":\"https:\\\/\\\/schema.org\",\"@graph\":[{\"@type\":\"Article\",\"@id\":\"https:\\\/\\\/noticiasmercedinas.com\\\/site\\\/2025\\\/12\\\/05\\\/conmocion-ante-el-albanil-de-dios-la-visita-del-padre-pedro-opeka-dejo-marcas\\\/#article\",\"isPartOf\":{\"@id\":\"https:\\\/\\\/noticiasmercedinas.com\\\/site\\\/2025\\\/12\\\/05\\\/conmocion-ante-el-albanil-de-dios-la-visita-del-padre-pedro-opeka-dejo-marcas\\\/\"},\"author\":{\"name\":\"NOTICIASMERCEDINAS.COM\",\"@id\":\"https:\\\/\\\/noticiasmercedinas.com\\\/site\\\/#\\\/schema\\\/person\\\/84b59c099c28ff2e8b77d4ceec5d8063\"},\"headline\":\"Conmoci\u00f3n ante el \u00abAlba\u00f1il de Dios\u00bb: la visita del Padre Pedro Opeka dej\u00f3 marcas\",\"datePublished\":\"2025-12-05T13:03:09+00:00\",\"mainEntityOfPage\":{\"@id\":\"https:\\\/\\\/noticiasmercedinas.com\\\/site\\\/2025\\\/12\\\/05\\\/conmocion-ante-el-albanil-de-dios-la-visita-del-padre-pedro-opeka-dejo-marcas\\\/\"},\"wordCount\":355,\"publisher\":{\"@id\":\"https:\\\/\\\/noticiasmercedinas.com\\\/site\\\/#organization\"},\"image\":{\"@id\":\"https:\\\/\\\/noticiasmercedinas.com\\\/site\\\/2025\\\/12\\\/05\\\/conmocion-ante-el-albanil-de-dios-la-visita-del-padre-pedro-opeka-dejo-marcas\\\/#primaryimage\"},\"thumbnailUrl\":\"https:\\\/\\\/noticiasmercedinas.com\\\/site\\\/wp-content\\\/uploads\\\/2025\\\/12\\\/PADREOPEKA.jpg\",\"keywords\":[\"Pedro opeka\",\"seminario santo cura de ars\"],\"articleSection\":[\"Sociedad\"],\"inLanguage\":\"es\"},{\"@type\":\"WebPage\",\"@id\":\"https:\\\/\\\/noticiasmercedinas.com\\\/site\\\/2025\\\/12\\\/05\\\/conmocion-ante-el-albanil-de-dios-la-visita-del-padre-pedro-opeka-dejo-marcas\\\/\",\"url\":\"https:\\\/\\\/noticiasmercedinas.com\\\/site\\\/2025\\\/12\\\/05\\\/conmocion-ante-el-albanil-de-dios-la-visita-del-padre-pedro-opeka-dejo-marcas\\\/\",\"name\":\"Conmoci\u00f3n ante el \\\"Alba\u00f1il de Dios\\\": la visita del Padre Pedro Opeka dej\u00f3 marcas\",\"isPartOf\":{\"@id\":\"https:\\\/\\\/noticiasmercedinas.com\\\/site\\\/#website\"},\"primaryImageOfPage\":{\"@id\":\"https:\\\/\\\/noticiasmercedinas.com\\\/site\\\/2025\\\/12\\\/05\\\/conmocion-ante-el-albanil-de-dios-la-visita-del-padre-pedro-opeka-dejo-marcas\\\/#primaryimage\"},\"image\":{\"@id\":\"https:\\\/\\\/noticiasmercedinas.com\\\/site\\\/2025\\\/12\\\/05\\\/conmocion-ante-el-albanil-de-dios-la-visita-del-padre-pedro-opeka-dejo-marcas\\\/#primaryimage\"},\"thumbnailUrl\":\"https:\\\/\\\/noticiasmercedinas.com\\\/site\\\/wp-content\\\/uploads\\\/2025\\\/12\\\/PADREOPEKA.jpg\",\"datePublished\":\"2025-12-05T13:03:09+00:00\",\"description\":\"\u25a0 El c\u00e9lebre misionero vicentino que transforma la miseria en Madagascar comparti\u00f3 un emotivo Testimonio de Vida y Misa en el Seminario local, dejando una profunda huella de fe y urgencia por la dignidad humana.\",\"breadcrumb\":{\"@id\":\"https:\\\/\\\/noticiasmercedinas.com\\\/site\\\/2025\\\/12\\\/05\\\/conmocion-ante-el-albanil-de-dios-la-visita-del-padre-pedro-opeka-dejo-marcas\\\/#breadcrumb\"},\"inLanguage\":\"es\",\"potentialAction\":[{\"@type\":\"ReadAction\",\"target\":[\"https:\\\/\\\/noticiasmercedinas.com\\\/site\\\/2025\\\/12\\\/05\\\/conmocion-ante-el-albanil-de-dios-la-visita-del-padre-pedro-opeka-dejo-marcas\\\/\"]}]},{\"@type\":\"ImageObject\",\"inLanguage\":\"es\",\"@id\":\"https:\\\/\\\/noticiasmercedinas.com\\\/site\\\/2025\\\/12\\\/05\\\/conmocion-ante-el-albanil-de-dios-la-visita-del-padre-pedro-opeka-dejo-marcas\\\/#primaryimage\",\"url\":\"https:\\\/\\\/noticiasmercedinas.com\\\/site\\\/wp-content\\\/uploads\\\/2025\\\/12\\\/PADREOPEKA.jpg\",\"contentUrl\":\"https:\\\/\\\/noticiasmercedinas.com\\\/site\\\/wp-content\\\/uploads\\\/2025\\\/12\\\/PADREOPEKA.jpg\",\"width\":640,\"height\":446},{\"@type\":\"BreadcrumbList\",\"@id\":\"https:\\\/\\\/noticiasmercedinas.com\\\/site\\\/2025\\\/12\\\/05\\\/conmocion-ante-el-albanil-de-dios-la-visita-del-padre-pedro-opeka-dejo-marcas\\\/#breadcrumb\",\"itemListElement\":[{\"@type\":\"ListItem\",\"position\":1,\"name\":\"Portada\",\"item\":\"https:\\\/\\\/noticiasmercedinas.com\\\/site\\\/\"},{\"@type\":\"ListItem\",\"position\":2,\"name\":\"Conmoci\u00f3n ante el \u00abAlba\u00f1il de Dios\u00bb: la visita del Padre Pedro Opeka dej\u00f3 marcas\"}]},{\"@type\":\"WebSite\",\"@id\":\"https:\\\/\\\/noticiasmercedinas.com\\\/site\\\/#website\",\"url\":\"https:\\\/\\\/noticiasmercedinas.com\\\/site\\\/\",\"name\":\"NOTICIASMERCEDINAS.COM\",\"description\":\"Mercedes, Buenos Aires, Argentina\",\"publisher\":{\"@id\":\"https:\\\/\\\/noticiasmercedinas.com\\\/site\\\/#organization\"},\"potentialAction\":[{\"@type\":\"SearchAction\",\"target\":{\"@type\":\"EntryPoint\",\"urlTemplate\":\"https:\\\/\\\/noticiasmercedinas.com\\\/site\\\/?s={search_term_string}\"},\"query-input\":{\"@type\":\"PropertyValueSpecification\",\"valueRequired\":true,\"valueName\":\"search_term_string\"}}],\"inLanguage\":\"es\"},{\"@type\":\"Organization\",\"@id\":\"https:\\\/\\\/noticiasmercedinas.com\\\/site\\\/#organization\",\"name\":\"NOTICIASMERCEDINAS.COM\",\"url\":\"https:\\\/\\\/noticiasmercedinas.com\\\/site\\\/\",\"logo\":{\"@type\":\"ImageObject\",\"inLanguage\":\"es\",\"@id\":\"https:\\\/\\\/noticiasmercedinas.com\\\/site\\\/#\\\/schema\\\/logo\\\/image\\\/\",\"url\":\"https:\\\/\\\/noticiasmercedinas.com\\\/site\\\/wp-content\\\/uploads\\\/2020\\\/06\\\/LOGO-512.jpg\",\"contentUrl\":\"https:\\\/\\\/noticiasmercedinas.com\\\/site\\\/wp-content\\\/uploads\\\/2020\\\/06\\\/LOGO-512.jpg\",\"width\":512,\"height\":512,\"caption\":\"NOTICIASMERCEDINAS.COM\"},\"image\":{\"@id\":\"https:\\\/\\\/noticiasmercedinas.com\\\/site\\\/#\\\/schema\\\/logo\\\/image\\\/\"},\"sameAs\":[\"https:\\\/\\\/www.facebook.com\\\/noticiasmercedinas\\\/\",\"https:\\\/\\\/x.com\\\/notmercedinas\",\"https:\\\/\\\/www.instagram.com\\\/noticiasmercedinas\\\/\"]},{\"@type\":\"Person\",\"@id\":\"https:\\\/\\\/noticiasmercedinas.com\\\/site\\\/#\\\/schema\\\/person\\\/84b59c099c28ff2e8b77d4ceec5d8063\",\"name\":\"NOTICIASMERCEDINAS.COM\",\"image\":{\"@type\":\"ImageObject\",\"inLanguage\":\"es\",\"@id\":\"https:\\\/\\\/secure.gravatar.com\\\/avatar\\\/4dfbf16b4d17945bfb6341b2d19043457132fcf478a5ee04f42e959fd8f5df0a?s=96&d=mm&r=g\",\"url\":\"https:\\\/\\\/secure.gravatar.com\\\/avatar\\\/4dfbf16b4d17945bfb6341b2d19043457132fcf478a5ee04f42e959fd8f5df0a?s=96&d=mm&r=g\",\"contentUrl\":\"https:\\\/\\\/secure.gravatar.com\\\/avatar\\\/4dfbf16b4d17945bfb6341b2d19043457132fcf478a5ee04f42e959fd8f5df0a?s=96&d=mm&r=g\",\"caption\":\"NOTICIASMERCEDINAS.COM\"},\"url\":\"https:\\\/\\\/noticiasmercedinas.com\\\/site\\\/author\\\/anonimo\\\/\"}]}<\/script>\n<!-- \/ Yoast SEO plugin. -->","yoast_head_json":{"title":"Conmoci\u00f3n ante el \"Alba\u00f1il de Dios\": la visita del Padre Pedro Opeka dej\u00f3 marcas","description":"\u25a0 El c\u00e9lebre misionero vicentino que transforma la miseria en Madagascar comparti\u00f3 un emotivo Testimonio de Vida y Misa en el Seminario local, dejando una profunda huella de fe y urgencia por la dignidad humana.","robots":{"index":"index","follow":"follow","max-snippet":"max-snippet:-1","max-image-preview":"max-image-preview:large","max-video-preview":"max-video-preview:-1"},"canonical":"https:\/\/noticiasmercedinas.com\/site\/2025\/12\/05\/conmocion-ante-el-albanil-de-dios-la-visita-del-padre-pedro-opeka-dejo-marcas\/","og_locale":"es_ES","og_type":"article","og_title":"Conmoci\u00f3n ante el \"Alba\u00f1il de Dios\": la visita del Padre Pedro Opeka dej\u00f3 marcas","og_description":"\u25a0 El c\u00e9lebre misionero vicentino que transforma la miseria en Madagascar comparti\u00f3 un emotivo Testimonio de Vida y Misa en el Seminario local, dejando una profunda huella de fe y urgencia por la dignidad humana.","og_url":"https:\/\/noticiasmercedinas.com\/site\/2025\/12\/05\/conmocion-ante-el-albanil-de-dios-la-visita-del-padre-pedro-opeka-dejo-marcas\/","og_site_name":"NOTICIASMERCEDINAS.COM","article_publisher":"https:\/\/www.facebook.com\/noticiasmercedinas\/","article_published_time":"2025-12-05T13:03:09+00:00","og_image":[{"width":640,"height":446,"url":"https:\/\/noticiasmercedinas.com\/site\/wp-content\/uploads\/2025\/12\/PADREOPEKA.jpg","type":"image\/jpeg"}],"author":"NOTICIASMERCEDINAS.COM","twitter_card":"summary_large_image","twitter_creator":"@notmercedinas","twitter_site":"@notmercedinas","twitter_misc":{"Escrito por":"NOTICIASMERCEDINAS.COM","Tiempo de lectura":"3 minutos"},"schema":{"@context":"https:\/\/schema.org","@graph":[{"@type":"Article","@id":"https:\/\/noticiasmercedinas.com\/site\/2025\/12\/05\/conmocion-ante-el-albanil-de-dios-la-visita-del-padre-pedro-opeka-dejo-marcas\/#article","isPartOf":{"@id":"https:\/\/noticiasmercedinas.com\/site\/2025\/12\/05\/conmocion-ante-el-albanil-de-dios-la-visita-del-padre-pedro-opeka-dejo-marcas\/"},"author":{"name":"NOTICIASMERCEDINAS.COM","@id":"https:\/\/noticiasmercedinas.com\/site\/#\/schema\/person\/84b59c099c28ff2e8b77d4ceec5d8063"},"headline":"Conmoci\u00f3n ante el \u00abAlba\u00f1il de Dios\u00bb: la visita del Padre Pedro Opeka dej\u00f3 marcas","datePublished":"2025-12-05T13:03:09+00:00","mainEntityOfPage":{"@id":"https:\/\/noticiasmercedinas.com\/site\/2025\/12\/05\/conmocion-ante-el-albanil-de-dios-la-visita-del-padre-pedro-opeka-dejo-marcas\/"},"wordCount":355,"publisher":{"@id":"https:\/\/noticiasmercedinas.com\/site\/#organization"},"image":{"@id":"https:\/\/noticiasmercedinas.com\/site\/2025\/12\/05\/conmocion-ante-el-albanil-de-dios-la-visita-del-padre-pedro-opeka-dejo-marcas\/#primaryimage"},"thumbnailUrl":"https:\/\/noticiasmercedinas.com\/site\/wp-content\/uploads\/2025\/12\/PADREOPEKA.jpg","keywords":["Pedro opeka","seminario santo cura de ars"],"articleSection":["Sociedad"],"inLanguage":"es"},{"@type":"WebPage","@id":"https:\/\/noticiasmercedinas.com\/site\/2025\/12\/05\/conmocion-ante-el-albanil-de-dios-la-visita-del-padre-pedro-opeka-dejo-marcas\/","url":"https:\/\/noticiasmercedinas.com\/site\/2025\/12\/05\/conmocion-ante-el-albanil-de-dios-la-visita-del-padre-pedro-opeka-dejo-marcas\/","name":"Conmoci\u00f3n ante el \"Alba\u00f1il de Dios\": la visita del Padre Pedro Opeka dej\u00f3 marcas","isPartOf":{"@id":"https:\/\/noticiasmercedinas.com\/site\/#website"},"primaryImageOfPage":{"@id":"https:\/\/noticiasmercedinas.com\/site\/2025\/12\/05\/conmocion-ante-el-albanil-de-dios-la-visita-del-padre-pedro-opeka-dejo-marcas\/#primaryimage"},"image":{"@id":"https:\/\/noticiasmercedinas.com\/site\/2025\/12\/05\/conmocion-ante-el-albanil-de-dios-la-visita-del-padre-pedro-opeka-dejo-marcas\/#primaryimage"},"thumbnailUrl":"https:\/\/noticiasmercedinas.com\/site\/wp-content\/uploads\/2025\/12\/PADREOPEKA.jpg","datePublished":"2025-12-05T13:03:09+00:00","description":"\u25a0 El c\u00e9lebre misionero vicentino que transforma la miseria en Madagascar comparti\u00f3 un emotivo Testimonio de Vida y Misa en el Seminario local, dejando una profunda huella de fe y urgencia por la dignidad humana.","breadcrumb":{"@id":"https:\/\/noticiasmercedinas.com\/site\/2025\/12\/05\/conmocion-ante-el-albanil-de-dios-la-visita-del-padre-pedro-opeka-dejo-marcas\/#breadcrumb"},"inLanguage":"es","potentialAction":[{"@type":"ReadAction","target":["https:\/\/noticiasmercedinas.com\/site\/2025\/12\/05\/conmocion-ante-el-albanil-de-dios-la-visita-del-padre-pedro-opeka-dejo-marcas\/"]}]},{"@type":"ImageObject","inLanguage":"es","@id":"https:\/\/noticiasmercedinas.com\/site\/2025\/12\/05\/conmocion-ante-el-albanil-de-dios-la-visita-del-padre-pedro-opeka-dejo-marcas\/#primaryimage","url":"https:\/\/noticiasmercedinas.com\/site\/wp-content\/uploads\/2025\/12\/PADREOPEKA.jpg","contentUrl":"https:\/\/noticiasmercedinas.com\/site\/wp-content\/uploads\/2025\/12\/PADREOPEKA.jpg","width":640,"height":446},{"@type":"BreadcrumbList","@id":"https:\/\/noticiasmercedinas.com\/site\/2025\/12\/05\/conmocion-ante-el-albanil-de-dios-la-visita-del-padre-pedro-opeka-dejo-marcas\/#breadcrumb","itemListElement":[{"@type":"ListItem","position":1,"name":"Portada","item":"https:\/\/noticiasmercedinas.com\/site\/"},{"@type":"ListItem","position":2,"name":"Conmoci\u00f3n ante el \u00abAlba\u00f1il de Dios\u00bb: la visita del Padre Pedro Opeka dej\u00f3 marcas"}]},{"@type":"WebSite","@id":"https:\/\/noticiasmercedinas.com\/site\/#website","url":"https:\/\/noticiasmercedinas.com\/site\/","name":"NOTICIASMERCEDINAS.COM","description":"Mercedes, Buenos Aires, Argentina","publisher":{"@id":"https:\/\/noticiasmercedinas.com\/site\/#organization"},"potentialAction":[{"@type":"SearchAction","target":{"@type":"EntryPoint","urlTemplate":"https:\/\/noticiasmercedinas.com\/site\/?s={search_term_string}"},"query-input":{"@type":"PropertyValueSpecification","valueRequired":true,"valueName":"search_term_string"}}],"inLanguage":"es"},{"@type":"Organization","@id":"https:\/\/noticiasmercedinas.com\/site\/#organization","name":"NOTICIASMERCEDINAS.COM","url":"https:\/\/noticiasmercedinas.com\/site\/","logo":{"@type":"ImageObject","inLanguage":"es","@id":"https:\/\/noticiasmercedinas.com\/site\/#\/schema\/logo\/image\/","url":"https:\/\/noticiasmercedinas.com\/site\/wp-content\/uploads\/2020\/06\/LOGO-512.jpg","contentUrl":"https:\/\/noticiasmercedinas.com\/site\/wp-content\/uploads\/2020\/06\/LOGO-512.jpg","width":512,"height":512,"caption":"NOTICIASMERCEDINAS.COM"},"image":{"@id":"https:\/\/noticiasmercedinas.com\/site\/#\/schema\/logo\/image\/"},"sameAs":["https:\/\/www.facebook.com\/noticiasmercedinas\/","https:\/\/x.com\/notmercedinas","https:\/\/www.instagram.com\/noticiasmercedinas\/"]},{"@type":"Person","@id":"https:\/\/noticiasmercedinas.com\/site\/#\/schema\/person\/84b59c099c28ff2e8b77d4ceec5d8063","name":"NOTICIASMERCEDINAS.COM","image":{"@type":"ImageObject","inLanguage":"es","@id":"https:\/\/secure.gravatar.com\/avatar\/4dfbf16b4d17945bfb6341b2d19043457132fcf478a5ee04f42e959fd8f5df0a?s=96&d=mm&r=g","url":"https:\/\/secure.gravatar.com\/avatar\/4dfbf16b4d17945bfb6341b2d19043457132fcf478a5ee04f42e959fd8f5df0a?s=96&d=mm&r=g","contentUrl":"https:\/\/secure.gravatar.com\/avatar\/4dfbf16b4d17945bfb6341b2d19043457132fcf478a5ee04f42e959fd8f5df0a?s=96&d=mm&r=g","caption":"NOTICIASMERCEDINAS.COM"},"url":"https:\/\/noticiasmercedinas.com\/site\/author\/anonimo\/"}]}},"amp_enabled":true,"_links":{"self":[{"href":"https:\/\/noticiasmercedinas.com\/site\/wp-json\/wp\/v2\/posts\/175987","targetHints":{"allow":["GET"]}}],"collection":[{"href":"https:\/\/noticiasmercedinas.com\/site\/wp-json\/wp\/v2\/posts"}],"about":[{"href":"https:\/\/noticiasmercedinas.com\/site\/wp-json\/wp\/v2\/types\/post"}],"author":[{"embeddable":true,"href":"https:\/\/noticiasmercedinas.com\/site\/wp-json\/wp\/v2\/users\/16"}],"replies":[{"embeddable":true,"href":"https:\/\/noticiasmercedinas.com\/site\/wp-json\/wp\/v2\/comments?post=175987"}],"version-history":[{"count":1,"href":"https:\/\/noticiasmercedinas.com\/site\/wp-json\/wp\/v2\/posts\/175987\/revisions"}],"predecessor-version":[{"id":175991,"href":"https:\/\/noticiasmercedinas.com\/site\/wp-json\/wp\/v2\/posts\/175987\/revisions\/175991"}],"wp:featuredmedia":[{"embeddable":true,"href":"https:\/\/noticiasmercedinas.com\/site\/wp-json\/wp\/v2\/media\/175988"}],"wp:attachment":[{"href":"https:\/\/noticiasmercedinas.com\/site\/wp-json\/wp\/v2\/media?parent=175987"}],"wp:term":[{"taxonomy":"category","embeddable":true,"href":"https:\/\/noticiasmercedinas.com\/site\/wp-json\/wp\/v2\/categories?post=175987"},{"taxonomy":"post_tag","embeddable":true,"href":"https:\/\/noticiasmercedinas.com\/site\/wp-json\/wp\/v2\/tags?post=175987"}],"curies":[{"name":"wp","href":"https:\/\/api.w.org\/{rel}","templated":true}]}}