{"id":176086,"date":"2025-12-06T10:59:03","date_gmt":"2025-12-06T13:59:03","guid":{"rendered":"https:\/\/noticiasmercedinas.com\/site\/?p=176086"},"modified":"2025-12-06T10:59:23","modified_gmt":"2025-12-06T13:59:23","slug":"fantasma-de-sigma-se-agita-en-rodriguez-preocupacion-por-filial-de-la-empresa-que-se-instalaria","status":"publish","type":"post","link":"https:\/\/noticiasmercedinas.com\/site\/2025\/12\/06\/fantasma-de-sigma-se-agita-en-rodriguez-preocupacion-por-filial-de-la-empresa-que-se-instalaria\/","title":{"rendered":"Fantasma de Sigma se agita en Rodr\u00edguez: preocupaci\u00f3n por filial de la empresa que se instalar\u00eda"},"content":{"rendered":"<p><img loading=\"lazy\" decoding=\"async\" class=\"alignnone size-full wp-image-30730\" src=\"https:\/\/noticiasmercedinas.com\/site\/wp-content\/uploads\/2019\/10\/sigma_fuego.png\" alt=\"\" width=\"640\" height=\"406\" srcset=\"https:\/\/noticiasmercedinas.com\/site\/wp-content\/uploads\/2019\/10\/sigma_fuego.png 640w, https:\/\/noticiasmercedinas.com\/site\/wp-content\/uploads\/2019\/10\/sigma_fuego-300x190.png 300w\" sizes=\"auto, (max-width: 640px) 100vw, 640px\" \/><\/p>\n<p>A pocos a\u00f1os de la explosi\u00f3n y el consecuente desastre ambiental provocado por la planta de agroqu\u00edmicos Sigma Agro en el paraje rural La Verde, en el partido de Mercedes, la preocupaci\u00f3n se traslada a General Rodr\u00edguez. All\u00ed, la posible habilitaci\u00f3n de Cono Sur Americana S.R.L. para la producci\u00f3n de agroqu\u00edmicos desata alertas, ya que esta empresa ha sido identificada como subsidiaria de la misma Sigma Agro.<\/p>\n<p>La controversia ha sido ventilada en medios de la localidad vecina. En la \u00faltima emisi\u00f3n de Contame La Posta (La Posta TV), el productor rural mercedino Mart\u00edn Barros, residente en La Verde y testigo directo del desastre de 2019, <a href=\"https:\/\/www.lapostanoticias.com.ar\/2025-12-05\/el-testimonio-que-revive-el-desastre-ambiental-de-sigma-en-mercedes-que-podria-pasar-en-gral-rodriguez\/\">relat\u00f3 en primera persona las horas cr\u00edticas vividas y las consecuencias que a\u00fan persisten<\/a>.<\/p>\n<p><img loading=\"lazy\" decoding=\"async\" class=\"alignnone size-full wp-image-29919\" src=\"https:\/\/noticiasmercedinas.com\/site\/wp-content\/uploads\/2019\/10\/sigma_bidones.jpg\" alt=\"\" width=\"640\" height=\"480\" srcset=\"https:\/\/noticiasmercedinas.com\/site\/wp-content\/uploads\/2019\/10\/sigma_bidones.jpg 640w, https:\/\/noticiasmercedinas.com\/site\/wp-content\/uploads\/2019\/10\/sigma_bidones-300x225.jpg 300w, https:\/\/noticiasmercedinas.com\/site\/wp-content\/uploads\/2019\/10\/sigma_bidones-80x60.jpg 80w, https:\/\/noticiasmercedinas.com\/site\/wp-content\/uploads\/2019\/10\/sigma_bidones-160x120.jpg 160w, https:\/\/noticiasmercedinas.com\/site\/wp-content\/uploads\/2019\/10\/sigma_bidones-100x75.jpg 100w, https:\/\/noticiasmercedinas.com\/site\/wp-content\/uploads\/2019\/10\/sigma_bidones-200x150.jpg 200w, https:\/\/noticiasmercedinas.com\/site\/wp-content\/uploads\/2019\/10\/sigma_bidones-180x135.jpg 180w, https:\/\/noticiasmercedinas.com\/site\/wp-content\/uploads\/2019\/10\/sigma_bidones-360x270.jpg 360w, https:\/\/noticiasmercedinas.com\/site\/wp-content\/uploads\/2019\/10\/sigma_bidones-238x178.jpg 238w, https:\/\/noticiasmercedinas.com\/site\/wp-content\/uploads\/2019\/10\/sigma_bidones-476x356.jpg 476w\" sizes=\"auto, (max-width: 640px) 100vw, 640px\" \/><\/p>\n<p><strong>Experiencia del desastre en La Verde<\/strong><br \/>\nBarros record\u00f3 que el suceso fue grave y que, en un principio, la empresa manejaba un \u00abdiscurso confuso\u00bb, planteando la posibilidad de reinstalarse o incluso \u00abaumentar much\u00edsimo la capacidad de producci\u00f3n en La Verde\u00bb, a pesar de no contar con las habilitaciones necesarias.<\/p>\n<p>La investigaci\u00f3n posterior al incidente de 2019 confirm\u00f3 que Sigma Agro operaba como una empresa qu\u00edmica ilegal, sin habilitaci\u00f3n municipal ni provincial del Organismo Provincial para el Desarrollo Sostenible (OPDS). Barros cuestion\u00f3 las contradicciones del sistema de control, donde el mismo OPDS, que deb\u00eda clausurarla, termin\u00f3 aplic\u00e1ndole multas: \u00ab\u00bfC\u00f3mo pueden multar algo que no est\u00e1 habilitado?\u00bb.<\/p>\n<blockquote><p>El fantasma de la tragedia de Mercedes vuelve a encender la alerta, exigiendo mayores controles y transparencia en la posible radicaci\u00f3n de una filial de Sigma Agro en General Rodr\u00edguez.<\/p><\/blockquote>\n<p>El productor rural mercedino advirti\u00f3 que la tragedia no fue a\u00fan mayor solo por la baja densidad de poblaci\u00f3n del paraje: \u00abEsto no fue una tragedia incre\u00edble porque ac\u00e1 la densidad de poblaci\u00f3n es baj\u00edsima. No me quiero imaginar algo similar con la densidad de Gral. Rodr\u00edguez. De otro cantar estar\u00edamos hablando\u00bb.<\/p>\n<p><strong>Lentitud judicial y cr\u00edticas al modelo empresarial<\/strong><br \/>\nBarros tambi\u00e9n se refiri\u00f3 a la lentitud del proceso judicial, recordando que en 2024 la Fiscal\u00eda llev\u00f3 la causa a archivo bajo el argumento de que \u00abno hab\u00eda delito\u00bb, aunque posteriormente la pesquisa retom\u00f3 fuerza y fue elevada a juicio oral. El productor lament\u00f3 que la Justicia nunca investig\u00f3 la responsabilidad de funcionarios municipales y provinciales en el caso.<\/p>\n<p>Finalmente, el an\u00e1lisis de Barros se enfoc\u00f3 en el modelo de funcionamiento de estas empresas de alta peligrosidad (Categor\u00eda 3): \u00abLas firmas de categor\u00eda 3 son un desastre donde se instalan. Son muy mafia, porque su negocio es comportarse muy mal ambientalmente: hacerlo bien es extremadamente caro\u00bb. El productor advirti\u00f3 sobre la necesidad urgente de cambiar la legislaci\u00f3n y la l\u00f3gica empresarial para evitar que la rentabilidad se base en el da\u00f1o ambiental.<\/p>\n<p>El fantasma de la tragedia de Mercedes vuelve a encender la alerta, exigiendo mayores controles y transparencia en la posible radicaci\u00f3n de una filial de Sigma Agro en General Rodr\u00edguez.<\/p>\n","protected":false},"excerpt":{"rendered":"<p>\u25a0 La posible habilitaci\u00f3n de Cono Sur Americana S.R.L. en General Rodr\u00edguez, una firma subsidiaria de Sigma Agro, reaviva en los medios la memoria del \u00abmayor desastre ambiental\u00bb de la provincia ocurrido en el paraje La Verde en 2019.<\/p>\n","protected":false},"author":16,"featured_media":30730,"comment_status":"closed","ping_status":"closed","sticky":false,"template":"","format":"standard","meta":{"footnotes":""},"categories":[5754,139,20734],"tags":[3314,2668,1333,6258,6638],"class_list":["post-176086","post","type-post","status-publish","format-standard","has-post-thumbnail","hentry","category-medio-ambiente","category-regionales","category-ultimo-momento","tag-agroquimicos","tag-explosion","tag-general-rodriguez","tag-la-verde","tag-sigma"],"yoast_head":"<!-- This site is optimized with the Yoast SEO plugin v27.5 - https:\/\/yoast.com\/product\/yoast-seo-wordpress\/ -->\n<title>Fantasma de Sigma se agita en Rodr\u00edguez: preocupaci\u00f3n por filial de la empresa que se instalar\u00eda<\/title>\n<meta name=\"description\" content=\"La posible habilitaci\u00f3n de Cono Sur Americana S.R.L. en General Rodr\u00edguez, una firma subsidiaria de Sigma Agro, reaviva en los medios la memoria del &quot;mayor desastre ambiental&quot; de la provincia ocurrido en el paraje La Verde en 2019.\" \/>\n<meta name=\"robots\" content=\"index, follow, max-snippet:-1, max-image-preview:large, max-video-preview:-1\" \/>\n<link rel=\"canonical\" href=\"https:\/\/noticiasmercedinas.com\/site\/2025\/12\/06\/fantasma-de-sigma-se-agita-en-rodriguez-preocupacion-por-filial-de-la-empresa-que-se-instalaria\/\" \/>\n<meta property=\"og:locale\" content=\"es_ES\" \/>\n<meta property=\"og:type\" content=\"article\" \/>\n<meta property=\"og:title\" content=\"Fantasma de Sigma se agita en Rodr\u00edguez: preocupaci\u00f3n por filial de la empresa que se instalar\u00eda\" \/>\n<meta property=\"og:description\" content=\"La posible habilitaci\u00f3n de Cono Sur Americana S.R.L. en General Rodr\u00edguez, una firma subsidiaria de Sigma Agro, reaviva en los medios la memoria del &quot;mayor desastre ambiental&quot; de la provincia ocurrido en el paraje La Verde en 2019.\" \/>\n<meta property=\"og:url\" content=\"https:\/\/noticiasmercedinas.com\/site\/2025\/12\/06\/fantasma-de-sigma-se-agita-en-rodriguez-preocupacion-por-filial-de-la-empresa-que-se-instalaria\/\" \/>\n<meta property=\"og:site_name\" content=\"NOTICIASMERCEDINAS.COM\" \/>\n<meta property=\"article:publisher\" content=\"https:\/\/www.facebook.com\/noticiasmercedinas\/\" \/>\n<meta property=\"article:published_time\" content=\"2025-12-06T13:59:03+00:00\" \/>\n<meta property=\"article:modified_time\" content=\"2025-12-06T13:59:23+00:00\" \/>\n<meta property=\"og:image\" content=\"https:\/\/noticiasmercedinas.com\/site\/wp-content\/uploads\/2019\/10\/sigma_fuego.png\" \/>\n\t<meta property=\"og:image:width\" content=\"640\" \/>\n\t<meta property=\"og:image:height\" content=\"406\" \/>\n\t<meta property=\"og:image:type\" content=\"image\/png\" \/>\n<meta name=\"author\" content=\"NOTICIASMERCEDINAS.COM\" \/>\n<meta name=\"twitter:card\" content=\"summary_large_image\" \/>\n<meta name=\"twitter:creator\" content=\"@notmercedinas\" \/>\n<meta name=\"twitter:site\" content=\"@notmercedinas\" \/>\n<meta name=\"twitter:label1\" content=\"Escrito por\" \/>\n\t<meta name=\"twitter:data1\" content=\"NOTICIASMERCEDINAS.COM\" \/>\n\t<meta name=\"twitter:label2\" content=\"Tiempo de lectura\" \/>\n\t<meta name=\"twitter:data2\" content=\"3 minutos\" \/>\n<script type=\"application\/ld+json\" class=\"yoast-schema-graph\">{\"@context\":\"https:\\\/\\\/schema.org\",\"@graph\":[{\"@type\":\"Article\",\"@id\":\"https:\\\/\\\/noticiasmercedinas.com\\\/site\\\/2025\\\/12\\\/06\\\/fantasma-de-sigma-se-agita-en-rodriguez-preocupacion-por-filial-de-la-empresa-que-se-instalaria\\\/#article\",\"isPartOf\":{\"@id\":\"https:\\\/\\\/noticiasmercedinas.com\\\/site\\\/2025\\\/12\\\/06\\\/fantasma-de-sigma-se-agita-en-rodriguez-preocupacion-por-filial-de-la-empresa-que-se-instalaria\\\/\"},\"author\":{\"name\":\"NOTICIASMERCEDINAS.COM\",\"@id\":\"https:\\\/\\\/noticiasmercedinas.com\\\/site\\\/#\\\/schema\\\/person\\\/84b59c099c28ff2e8b77d4ceec5d8063\"},\"headline\":\"Fantasma de Sigma se agita en Rodr\u00edguez: preocupaci\u00f3n por filial de la empresa que se instalar\u00eda\",\"datePublished\":\"2025-12-06T13:59:03+00:00\",\"dateModified\":\"2025-12-06T13:59:23+00:00\",\"mainEntityOfPage\":{\"@id\":\"https:\\\/\\\/noticiasmercedinas.com\\\/site\\\/2025\\\/12\\\/06\\\/fantasma-de-sigma-se-agita-en-rodriguez-preocupacion-por-filial-de-la-empresa-que-se-instalaria\\\/\"},\"wordCount\":533,\"publisher\":{\"@id\":\"https:\\\/\\\/noticiasmercedinas.com\\\/site\\\/#organization\"},\"image\":{\"@id\":\"https:\\\/\\\/noticiasmercedinas.com\\\/site\\\/2025\\\/12\\\/06\\\/fantasma-de-sigma-se-agita-en-rodriguez-preocupacion-por-filial-de-la-empresa-que-se-instalaria\\\/#primaryimage\"},\"thumbnailUrl\":\"https:\\\/\\\/noticiasmercedinas.com\\\/site\\\/wp-content\\\/uploads\\\/2019\\\/10\\\/sigma_fuego.png\",\"keywords\":[\"Agroqu\u00edmicos\",\"Explosi\u00f3n\",\"general rodriguez\",\"la verde\",\"sigma\"],\"articleSection\":[\"Ambiente\",\"Regionales\",\"Ultimo momento\"],\"inLanguage\":\"es\"},{\"@type\":\"WebPage\",\"@id\":\"https:\\\/\\\/noticiasmercedinas.com\\\/site\\\/2025\\\/12\\\/06\\\/fantasma-de-sigma-se-agita-en-rodriguez-preocupacion-por-filial-de-la-empresa-que-se-instalaria\\\/\",\"url\":\"https:\\\/\\\/noticiasmercedinas.com\\\/site\\\/2025\\\/12\\\/06\\\/fantasma-de-sigma-se-agita-en-rodriguez-preocupacion-por-filial-de-la-empresa-que-se-instalaria\\\/\",\"name\":\"Fantasma de Sigma se agita en Rodr\u00edguez: preocupaci\u00f3n por filial de la empresa que se instalar\u00eda\",\"isPartOf\":{\"@id\":\"https:\\\/\\\/noticiasmercedinas.com\\\/site\\\/#website\"},\"primaryImageOfPage\":{\"@id\":\"https:\\\/\\\/noticiasmercedinas.com\\\/site\\\/2025\\\/12\\\/06\\\/fantasma-de-sigma-se-agita-en-rodriguez-preocupacion-por-filial-de-la-empresa-que-se-instalaria\\\/#primaryimage\"},\"image\":{\"@id\":\"https:\\\/\\\/noticiasmercedinas.com\\\/site\\\/2025\\\/12\\\/06\\\/fantasma-de-sigma-se-agita-en-rodriguez-preocupacion-por-filial-de-la-empresa-que-se-instalaria\\\/#primaryimage\"},\"thumbnailUrl\":\"https:\\\/\\\/noticiasmercedinas.com\\\/site\\\/wp-content\\\/uploads\\\/2019\\\/10\\\/sigma_fuego.png\",\"datePublished\":\"2025-12-06T13:59:03+00:00\",\"dateModified\":\"2025-12-06T13:59:23+00:00\",\"description\":\"La posible habilitaci\u00f3n de Cono Sur Americana S.R.L. en General Rodr\u00edguez, una firma subsidiaria de Sigma Agro, reaviva en los medios la memoria del \\\"mayor desastre ambiental\\\" de la provincia ocurrido en el paraje La Verde en 2019.\",\"breadcrumb\":{\"@id\":\"https:\\\/\\\/noticiasmercedinas.com\\\/site\\\/2025\\\/12\\\/06\\\/fantasma-de-sigma-se-agita-en-rodriguez-preocupacion-por-filial-de-la-empresa-que-se-instalaria\\\/#breadcrumb\"},\"inLanguage\":\"es\",\"potentialAction\":[{\"@type\":\"ReadAction\",\"target\":[\"https:\\\/\\\/noticiasmercedinas.com\\\/site\\\/2025\\\/12\\\/06\\\/fantasma-de-sigma-se-agita-en-rodriguez-preocupacion-por-filial-de-la-empresa-que-se-instalaria\\\/\"]}]},{\"@type\":\"ImageObject\",\"inLanguage\":\"es\",\"@id\":\"https:\\\/\\\/noticiasmercedinas.com\\\/site\\\/2025\\\/12\\\/06\\\/fantasma-de-sigma-se-agita-en-rodriguez-preocupacion-por-filial-de-la-empresa-que-se-instalaria\\\/#primaryimage\",\"url\":\"https:\\\/\\\/noticiasmercedinas.com\\\/site\\\/wp-content\\\/uploads\\\/2019\\\/10\\\/sigma_fuego.png\",\"contentUrl\":\"https:\\\/\\\/noticiasmercedinas.com\\\/site\\\/wp-content\\\/uploads\\\/2019\\\/10\\\/sigma_fuego.png\",\"width\":640,\"height\":406},{\"@type\":\"BreadcrumbList\",\"@id\":\"https:\\\/\\\/noticiasmercedinas.com\\\/site\\\/2025\\\/12\\\/06\\\/fantasma-de-sigma-se-agita-en-rodriguez-preocupacion-por-filial-de-la-empresa-que-se-instalaria\\\/#breadcrumb\",\"itemListElement\":[{\"@type\":\"ListItem\",\"position\":1,\"name\":\"Portada\",\"item\":\"https:\\\/\\\/noticiasmercedinas.com\\\/site\\\/\"},{\"@type\":\"ListItem\",\"position\":2,\"name\":\"Fantasma de Sigma se agita en Rodr\u00edguez: preocupaci\u00f3n por filial de la empresa que se instalar\u00eda\"}]},{\"@type\":\"WebSite\",\"@id\":\"https:\\\/\\\/noticiasmercedinas.com\\\/site\\\/#website\",\"url\":\"https:\\\/\\\/noticiasmercedinas.com\\\/site\\\/\",\"name\":\"NOTICIASMERCEDINAS.COM\",\"description\":\"Mercedes, Buenos Aires, Argentina\",\"publisher\":{\"@id\":\"https:\\\/\\\/noticiasmercedinas.com\\\/site\\\/#organization\"},\"potentialAction\":[{\"@type\":\"SearchAction\",\"target\":{\"@type\":\"EntryPoint\",\"urlTemplate\":\"https:\\\/\\\/noticiasmercedinas.com\\\/site\\\/?s={search_term_string}\"},\"query-input\":{\"@type\":\"PropertyValueSpecification\",\"valueRequired\":true,\"valueName\":\"search_term_string\"}}],\"inLanguage\":\"es\"},{\"@type\":\"Organization\",\"@id\":\"https:\\\/\\\/noticiasmercedinas.com\\\/site\\\/#organization\",\"name\":\"NOTICIASMERCEDINAS.COM\",\"url\":\"https:\\\/\\\/noticiasmercedinas.com\\\/site\\\/\",\"logo\":{\"@type\":\"ImageObject\",\"inLanguage\":\"es\",\"@id\":\"https:\\\/\\\/noticiasmercedinas.com\\\/site\\\/#\\\/schema\\\/logo\\\/image\\\/\",\"url\":\"https:\\\/\\\/noticiasmercedinas.com\\\/site\\\/wp-content\\\/uploads\\\/2020\\\/06\\\/LOGO-512.jpg\",\"contentUrl\":\"https:\\\/\\\/noticiasmercedinas.com\\\/site\\\/wp-content\\\/uploads\\\/2020\\\/06\\\/LOGO-512.jpg\",\"width\":512,\"height\":512,\"caption\":\"NOTICIASMERCEDINAS.COM\"},\"image\":{\"@id\":\"https:\\\/\\\/noticiasmercedinas.com\\\/site\\\/#\\\/schema\\\/logo\\\/image\\\/\"},\"sameAs\":[\"https:\\\/\\\/www.facebook.com\\\/noticiasmercedinas\\\/\",\"https:\\\/\\\/x.com\\\/notmercedinas\",\"https:\\\/\\\/www.instagram.com\\\/noticiasmercedinas\\\/\"]},{\"@type\":\"Person\",\"@id\":\"https:\\\/\\\/noticiasmercedinas.com\\\/site\\\/#\\\/schema\\\/person\\\/84b59c099c28ff2e8b77d4ceec5d8063\",\"name\":\"NOTICIASMERCEDINAS.COM\",\"image\":{\"@type\":\"ImageObject\",\"inLanguage\":\"es\",\"@id\":\"https:\\\/\\\/secure.gravatar.com\\\/avatar\\\/4dfbf16b4d17945bfb6341b2d19043457132fcf478a5ee04f42e959fd8f5df0a?s=96&d=mm&r=g\",\"url\":\"https:\\\/\\\/secure.gravatar.com\\\/avatar\\\/4dfbf16b4d17945bfb6341b2d19043457132fcf478a5ee04f42e959fd8f5df0a?s=96&d=mm&r=g\",\"contentUrl\":\"https:\\\/\\\/secure.gravatar.com\\\/avatar\\\/4dfbf16b4d17945bfb6341b2d19043457132fcf478a5ee04f42e959fd8f5df0a?s=96&d=mm&r=g\",\"caption\":\"NOTICIASMERCEDINAS.COM\"},\"url\":\"https:\\\/\\\/noticiasmercedinas.com\\\/site\\\/author\\\/anonimo\\\/\"}]}<\/script>\n<!-- \/ Yoast SEO plugin. -->","yoast_head_json":{"title":"Fantasma de Sigma se agita en Rodr\u00edguez: preocupaci\u00f3n por filial de la empresa que se instalar\u00eda","description":"La posible habilitaci\u00f3n de Cono Sur Americana S.R.L. en General Rodr\u00edguez, una firma subsidiaria de Sigma Agro, reaviva en los medios la memoria del \"mayor desastre ambiental\" de la provincia ocurrido en el paraje La Verde en 2019.","robots":{"index":"index","follow":"follow","max-snippet":"max-snippet:-1","max-image-preview":"max-image-preview:large","max-video-preview":"max-video-preview:-1"},"canonical":"https:\/\/noticiasmercedinas.com\/site\/2025\/12\/06\/fantasma-de-sigma-se-agita-en-rodriguez-preocupacion-por-filial-de-la-empresa-que-se-instalaria\/","og_locale":"es_ES","og_type":"article","og_title":"Fantasma de Sigma se agita en Rodr\u00edguez: preocupaci\u00f3n por filial de la empresa que se instalar\u00eda","og_description":"La posible habilitaci\u00f3n de Cono Sur Americana S.R.L. en General Rodr\u00edguez, una firma subsidiaria de Sigma Agro, reaviva en los medios la memoria del \"mayor desastre ambiental\" de la provincia ocurrido en el paraje La Verde en 2019.","og_url":"https:\/\/noticiasmercedinas.com\/site\/2025\/12\/06\/fantasma-de-sigma-se-agita-en-rodriguez-preocupacion-por-filial-de-la-empresa-que-se-instalaria\/","og_site_name":"NOTICIASMERCEDINAS.COM","article_publisher":"https:\/\/www.facebook.com\/noticiasmercedinas\/","article_published_time":"2025-12-06T13:59:03+00:00","article_modified_time":"2025-12-06T13:59:23+00:00","og_image":[{"width":640,"height":406,"url":"https:\/\/noticiasmercedinas.com\/site\/wp-content\/uploads\/2019\/10\/sigma_fuego.png","type":"image\/png"}],"author":"NOTICIASMERCEDINAS.COM","twitter_card":"summary_large_image","twitter_creator":"@notmercedinas","twitter_site":"@notmercedinas","twitter_misc":{"Escrito por":"NOTICIASMERCEDINAS.COM","Tiempo de lectura":"3 minutos"},"schema":{"@context":"https:\/\/schema.org","@graph":[{"@type":"Article","@id":"https:\/\/noticiasmercedinas.com\/site\/2025\/12\/06\/fantasma-de-sigma-se-agita-en-rodriguez-preocupacion-por-filial-de-la-empresa-que-se-instalaria\/#article","isPartOf":{"@id":"https:\/\/noticiasmercedinas.com\/site\/2025\/12\/06\/fantasma-de-sigma-se-agita-en-rodriguez-preocupacion-por-filial-de-la-empresa-que-se-instalaria\/"},"author":{"name":"NOTICIASMERCEDINAS.COM","@id":"https:\/\/noticiasmercedinas.com\/site\/#\/schema\/person\/84b59c099c28ff2e8b77d4ceec5d8063"},"headline":"Fantasma de Sigma se agita en Rodr\u00edguez: preocupaci\u00f3n por filial de la empresa que se instalar\u00eda","datePublished":"2025-12-06T13:59:03+00:00","dateModified":"2025-12-06T13:59:23+00:00","mainEntityOfPage":{"@id":"https:\/\/noticiasmercedinas.com\/site\/2025\/12\/06\/fantasma-de-sigma-se-agita-en-rodriguez-preocupacion-por-filial-de-la-empresa-que-se-instalaria\/"},"wordCount":533,"publisher":{"@id":"https:\/\/noticiasmercedinas.com\/site\/#organization"},"image":{"@id":"https:\/\/noticiasmercedinas.com\/site\/2025\/12\/06\/fantasma-de-sigma-se-agita-en-rodriguez-preocupacion-por-filial-de-la-empresa-que-se-instalaria\/#primaryimage"},"thumbnailUrl":"https:\/\/noticiasmercedinas.com\/site\/wp-content\/uploads\/2019\/10\/sigma_fuego.png","keywords":["Agroqu\u00edmicos","Explosi\u00f3n","general rodriguez","la verde","sigma"],"articleSection":["Ambiente","Regionales","Ultimo momento"],"inLanguage":"es"},{"@type":"WebPage","@id":"https:\/\/noticiasmercedinas.com\/site\/2025\/12\/06\/fantasma-de-sigma-se-agita-en-rodriguez-preocupacion-por-filial-de-la-empresa-que-se-instalaria\/","url":"https:\/\/noticiasmercedinas.com\/site\/2025\/12\/06\/fantasma-de-sigma-se-agita-en-rodriguez-preocupacion-por-filial-de-la-empresa-que-se-instalaria\/","name":"Fantasma de Sigma se agita en Rodr\u00edguez: preocupaci\u00f3n por filial de la empresa que se instalar\u00eda","isPartOf":{"@id":"https:\/\/noticiasmercedinas.com\/site\/#website"},"primaryImageOfPage":{"@id":"https:\/\/noticiasmercedinas.com\/site\/2025\/12\/06\/fantasma-de-sigma-se-agita-en-rodriguez-preocupacion-por-filial-de-la-empresa-que-se-instalaria\/#primaryimage"},"image":{"@id":"https:\/\/noticiasmercedinas.com\/site\/2025\/12\/06\/fantasma-de-sigma-se-agita-en-rodriguez-preocupacion-por-filial-de-la-empresa-que-se-instalaria\/#primaryimage"},"thumbnailUrl":"https:\/\/noticiasmercedinas.com\/site\/wp-content\/uploads\/2019\/10\/sigma_fuego.png","datePublished":"2025-12-06T13:59:03+00:00","dateModified":"2025-12-06T13:59:23+00:00","description":"La posible habilitaci\u00f3n de Cono Sur Americana S.R.L. en General Rodr\u00edguez, una firma subsidiaria de Sigma Agro, reaviva en los medios la memoria del \"mayor desastre ambiental\" de la provincia ocurrido en el paraje La Verde en 2019.","breadcrumb":{"@id":"https:\/\/noticiasmercedinas.com\/site\/2025\/12\/06\/fantasma-de-sigma-se-agita-en-rodriguez-preocupacion-por-filial-de-la-empresa-que-se-instalaria\/#breadcrumb"},"inLanguage":"es","potentialAction":[{"@type":"ReadAction","target":["https:\/\/noticiasmercedinas.com\/site\/2025\/12\/06\/fantasma-de-sigma-se-agita-en-rodriguez-preocupacion-por-filial-de-la-empresa-que-se-instalaria\/"]}]},{"@type":"ImageObject","inLanguage":"es","@id":"https:\/\/noticiasmercedinas.com\/site\/2025\/12\/06\/fantasma-de-sigma-se-agita-en-rodriguez-preocupacion-por-filial-de-la-empresa-que-se-instalaria\/#primaryimage","url":"https:\/\/noticiasmercedinas.com\/site\/wp-content\/uploads\/2019\/10\/sigma_fuego.png","contentUrl":"https:\/\/noticiasmercedinas.com\/site\/wp-content\/uploads\/2019\/10\/sigma_fuego.png","width":640,"height":406},{"@type":"BreadcrumbList","@id":"https:\/\/noticiasmercedinas.com\/site\/2025\/12\/06\/fantasma-de-sigma-se-agita-en-rodriguez-preocupacion-por-filial-de-la-empresa-que-se-instalaria\/#breadcrumb","itemListElement":[{"@type":"ListItem","position":1,"name":"Portada","item":"https:\/\/noticiasmercedinas.com\/site\/"},{"@type":"ListItem","position":2,"name":"Fantasma de Sigma se agita en Rodr\u00edguez: preocupaci\u00f3n por filial de la empresa que se instalar\u00eda"}]},{"@type":"WebSite","@id":"https:\/\/noticiasmercedinas.com\/site\/#website","url":"https:\/\/noticiasmercedinas.com\/site\/","name":"NOTICIASMERCEDINAS.COM","description":"Mercedes, Buenos Aires, Argentina","publisher":{"@id":"https:\/\/noticiasmercedinas.com\/site\/#organization"},"potentialAction":[{"@type":"SearchAction","target":{"@type":"EntryPoint","urlTemplate":"https:\/\/noticiasmercedinas.com\/site\/?s={search_term_string}"},"query-input":{"@type":"PropertyValueSpecification","valueRequired":true,"valueName":"search_term_string"}}],"inLanguage":"es"},{"@type":"Organization","@id":"https:\/\/noticiasmercedinas.com\/site\/#organization","name":"NOTICIASMERCEDINAS.COM","url":"https:\/\/noticiasmercedinas.com\/site\/","logo":{"@type":"ImageObject","inLanguage":"es","@id":"https:\/\/noticiasmercedinas.com\/site\/#\/schema\/logo\/image\/","url":"https:\/\/noticiasmercedinas.com\/site\/wp-content\/uploads\/2020\/06\/LOGO-512.jpg","contentUrl":"https:\/\/noticiasmercedinas.com\/site\/wp-content\/uploads\/2020\/06\/LOGO-512.jpg","width":512,"height":512,"caption":"NOTICIASMERCEDINAS.COM"},"image":{"@id":"https:\/\/noticiasmercedinas.com\/site\/#\/schema\/logo\/image\/"},"sameAs":["https:\/\/www.facebook.com\/noticiasmercedinas\/","https:\/\/x.com\/notmercedinas","https:\/\/www.instagram.com\/noticiasmercedinas\/"]},{"@type":"Person","@id":"https:\/\/noticiasmercedinas.com\/site\/#\/schema\/person\/84b59c099c28ff2e8b77d4ceec5d8063","name":"NOTICIASMERCEDINAS.COM","image":{"@type":"ImageObject","inLanguage":"es","@id":"https:\/\/secure.gravatar.com\/avatar\/4dfbf16b4d17945bfb6341b2d19043457132fcf478a5ee04f42e959fd8f5df0a?s=96&d=mm&r=g","url":"https:\/\/secure.gravatar.com\/avatar\/4dfbf16b4d17945bfb6341b2d19043457132fcf478a5ee04f42e959fd8f5df0a?s=96&d=mm&r=g","contentUrl":"https:\/\/secure.gravatar.com\/avatar\/4dfbf16b4d17945bfb6341b2d19043457132fcf478a5ee04f42e959fd8f5df0a?s=96&d=mm&r=g","caption":"NOTICIASMERCEDINAS.COM"},"url":"https:\/\/noticiasmercedinas.com\/site\/author\/anonimo\/"}]}},"amp_enabled":true,"_links":{"self":[{"href":"https:\/\/noticiasmercedinas.com\/site\/wp-json\/wp\/v2\/posts\/176086","targetHints":{"allow":["GET"]}}],"collection":[{"href":"https:\/\/noticiasmercedinas.com\/site\/wp-json\/wp\/v2\/posts"}],"about":[{"href":"https:\/\/noticiasmercedinas.com\/site\/wp-json\/wp\/v2\/types\/post"}],"author":[{"embeddable":true,"href":"https:\/\/noticiasmercedinas.com\/site\/wp-json\/wp\/v2\/users\/16"}],"replies":[{"embeddable":true,"href":"https:\/\/noticiasmercedinas.com\/site\/wp-json\/wp\/v2\/comments?post=176086"}],"version-history":[{"count":1,"href":"https:\/\/noticiasmercedinas.com\/site\/wp-json\/wp\/v2\/posts\/176086\/revisions"}],"predecessor-version":[{"id":176087,"href":"https:\/\/noticiasmercedinas.com\/site\/wp-json\/wp\/v2\/posts\/176086\/revisions\/176087"}],"wp:featuredmedia":[{"embeddable":true,"href":"https:\/\/noticiasmercedinas.com\/site\/wp-json\/wp\/v2\/media\/30730"}],"wp:attachment":[{"href":"https:\/\/noticiasmercedinas.com\/site\/wp-json\/wp\/v2\/media?parent=176086"}],"wp:term":[{"taxonomy":"category","embeddable":true,"href":"https:\/\/noticiasmercedinas.com\/site\/wp-json\/wp\/v2\/categories?post=176086"},{"taxonomy":"post_tag","embeddable":true,"href":"https:\/\/noticiasmercedinas.com\/site\/wp-json\/wp\/v2\/tags?post=176086"}],"curies":[{"name":"wp","href":"https:\/\/api.w.org\/{rel}","templated":true}]}}