{"id":176091,"date":"2025-12-06T11:26:47","date_gmt":"2025-12-06T14:26:47","guid":{"rendered":"https:\/\/noticiasmercedinas.com\/site\/?p=176091"},"modified":"2025-12-06T12:20:41","modified_gmt":"2025-12-06T15:20:41","slug":"arte-mercedino-en-africa-se-inauguro-exposicion-huesped-de-camilo-guinot-en-dakar","status":"publish","type":"post","link":"https:\/\/noticiasmercedinas.com\/site\/2025\/12\/06\/arte-mercedino-en-africa-se-inauguro-exposicion-huesped-de-camilo-guinot-en-dakar\/","title":{"rendered":"Arte mercedino en \u00c1frica: se inaugur\u00f3 exposici\u00f3n \u00abHu\u00e9sped\u00bb de Camilo Guinot en Dakar"},"content":{"rendered":"<p><img loading=\"lazy\" decoding=\"async\" class=\"alignnone size-full wp-image-176093\" src=\"https:\/\/noticiasmercedinas.com\/site\/wp-content\/uploads\/2025\/12\/CAMILO2.jpg\" alt=\"\" width=\"737\" height=\"482\" srcset=\"https:\/\/noticiasmercedinas.com\/site\/wp-content\/uploads\/2025\/12\/CAMILO2.jpg 737w, https:\/\/noticiasmercedinas.com\/site\/wp-content\/uploads\/2025\/12\/CAMILO2-300x196.jpg 300w, https:\/\/noticiasmercedinas.com\/site\/wp-content\/uploads\/2025\/12\/CAMILO2-640x419.jpg 640w, https:\/\/noticiasmercedinas.com\/site\/wp-content\/uploads\/2025\/12\/CAMILO2-681x445.jpg 681w\" sizes=\"auto, (max-width: 737px) 100vw, 737px\" \/><\/p>\n<p>El arte de Mercedes ha cruzado el Atl\u00e1ntico. Finalmente se concret\u00f3 este jueves la inauguraci\u00f3n de \u00abHu\u00e9sped\u00bb, la nueva exposici\u00f3n del artista mercedino <strong>Camilo Guinot<\/strong> en el Instituto Cervantes de Dakar, Senegal, en el continente africano.<\/p>\n<p>La obra es el resultado de una intensa residencia art\u00edstica que Guinot llev\u00f3 a cabo como parte de un proyecto organizado por Bienalsur en colaboraci\u00f3n con el Instituto Cervantes Dakar y la Embajada de Espa\u00f1a en Senegal.<\/p>\n<p><img loading=\"lazy\" decoding=\"async\" class=\"alignnone wp-image-176092 size-full\" src=\"https:\/\/noticiasmercedinas.com\/site\/wp-content\/uploads\/2025\/12\/CAMILO3-e1765031158891.jpg\" alt=\"\" width=\"640\" height=\"789\" srcset=\"https:\/\/noticiasmercedinas.com\/site\/wp-content\/uploads\/2025\/12\/CAMILO3-e1765031158891.jpg 640w, https:\/\/noticiasmercedinas.com\/site\/wp-content\/uploads\/2025\/12\/CAMILO3-e1765031158891-243x300.jpg 243w\" sizes=\"auto, (max-width: 640px) 100vw, 640px\" \/><\/p>\n<p>La instalaci\u00f3n escult\u00f3rica, titulada \u00abHu\u00e9sped\u00bb, se inaugur\u00f3 el jueves 4 de diciembre. Los asistentes a la ceremonia de apertura disfrutaron de una \u00abexperiencia sensorial y po\u00e9tica, donde elementos cotidianos y naturales se transforman: ramas, clavos y materiales cotidianos se convierten en un universo que evoca presencia, memoria y la profunda relaci\u00f3n entre naturaleza y cuerpo.<\/p>\n<p>Camilo Guinot, artista visual nacido en Mercedes (1970), tiene una extensa trayectoria en el arte contempor\u00e1neo argentino, con una b\u00fasqueda constante por \u00abreplantear los modos de percibir y pensar el mundo\u00bb. Su obra forma parte de importantes colecciones p\u00fablicas y privadas en Argentina y el exterior.<\/p>\n<p>La exposici\u00f3n \u00abHu\u00e9sped\u00bb podr\u00e1 visitarse en el Instituto Cervantes de Dakar hasta el 31 de enero.<\/p>\n<p><img loading=\"lazy\" decoding=\"async\" class=\"alignnone size-full wp-image-176094\" src=\"https:\/\/noticiasmercedinas.com\/site\/wp-content\/uploads\/2025\/12\/CAMILO1.jpg\" alt=\"\" width=\"737\" height=\"482\" srcset=\"https:\/\/noticiasmercedinas.com\/site\/wp-content\/uploads\/2025\/12\/CAMILO1.jpg 737w, https:\/\/noticiasmercedinas.com\/site\/wp-content\/uploads\/2025\/12\/CAMILO1-300x196.jpg 300w, https:\/\/noticiasmercedinas.com\/site\/wp-content\/uploads\/2025\/12\/CAMILO1-640x419.jpg 640w, https:\/\/noticiasmercedinas.com\/site\/wp-content\/uploads\/2025\/12\/CAMILO1-681x445.jpg 681w\" sizes=\"auto, (max-width: 737px) 100vw, 737px\" \/><\/p>\n<p><img loading=\"lazy\" decoding=\"async\" class=\"alignnone size-full wp-image-176110\" src=\"https:\/\/noticiasmercedinas.com\/site\/wp-content\/uploads\/2025\/12\/DAKAR.jpg\" alt=\"\" width=\"812\" height=\"801\" srcset=\"https:\/\/noticiasmercedinas.com\/site\/wp-content\/uploads\/2025\/12\/DAKAR.jpg 812w, https:\/\/noticiasmercedinas.com\/site\/wp-content\/uploads\/2025\/12\/DAKAR-300x296.jpg 300w, https:\/\/noticiasmercedinas.com\/site\/wp-content\/uploads\/2025\/12\/DAKAR-768x758.jpg 768w, https:\/\/noticiasmercedinas.com\/site\/wp-content\/uploads\/2025\/12\/DAKAR-640x631.jpg 640w, https:\/\/noticiasmercedinas.com\/site\/wp-content\/uploads\/2025\/12\/DAKAR-681x672.jpg 681w\" sizes=\"auto, (max-width: 812px) 100vw, 812px\" \/><\/p>\n","protected":false},"excerpt":{"rendered":"<p>\u25a0 El artista mercedino Camilo Guinot culmin\u00f3 su residencia art\u00edstica en Senegal con la inauguraci\u00f3n de su instalaci\u00f3n escult\u00f3rica en el prestigioso Instituto Cervantes de Dakar, una obra que explora la relaci\u00f3n entre naturaleza y cuerpo.<\/p>\n","protected":false},"author":16,"featured_media":176093,"comment_status":"closed","ping_status":"closed","sticky":false,"template":"","format":"standard","meta":{"footnotes":""},"categories":[4],"tags":[3577,17573,4053,21423,21392],"class_list":["post-176091","post","type-post","status-publish","format-standard","has-post-thumbnail","hentry","category-cultura","tag-africa","tag-bienalsur","tag-camilo-guinot","tag-instituto-cervantes","tag-senegal"],"yoast_head":"<!-- This site is optimized with the Yoast SEO plugin v27.5 - https:\/\/yoast.com\/product\/yoast-seo-wordpress\/ -->\n<title>Arte mercedino en \u00c1frica: se inaugur\u00f3 exposici\u00f3n &quot;Hu\u00e9sped&quot; de Camilo Guinot en Dakar<\/title>\n<meta name=\"description\" content=\"El artista mercedino Camilo Guinot culmin\u00f3 su residencia art\u00edstica en Senegal con la inauguraci\u00f3n de su instalaci\u00f3n escult\u00f3rica en el prestigioso Instituto Cervantes de Dakar, una obra que explora la relaci\u00f3n entre naturaleza y cuerpo.\" \/>\n<meta name=\"robots\" content=\"index, follow, max-snippet:-1, max-image-preview:large, max-video-preview:-1\" \/>\n<link rel=\"canonical\" href=\"https:\/\/noticiasmercedinas.com\/site\/2025\/12\/06\/arte-mercedino-en-africa-se-inauguro-exposicion-huesped-de-camilo-guinot-en-dakar\/\" \/>\n<meta property=\"og:locale\" content=\"es_ES\" \/>\n<meta property=\"og:type\" content=\"article\" \/>\n<meta property=\"og:title\" content=\"Arte mercedino en \u00c1frica: se inaugur\u00f3 exposici\u00f3n &quot;Hu\u00e9sped&quot; de Camilo Guinot en Dakar\" \/>\n<meta property=\"og:description\" content=\"El artista mercedino Camilo Guinot culmin\u00f3 su residencia art\u00edstica en Senegal con la inauguraci\u00f3n de su instalaci\u00f3n escult\u00f3rica en el prestigioso Instituto Cervantes de Dakar, una obra que explora la relaci\u00f3n entre naturaleza y cuerpo.\" \/>\n<meta property=\"og:url\" content=\"https:\/\/noticiasmercedinas.com\/site\/2025\/12\/06\/arte-mercedino-en-africa-se-inauguro-exposicion-huesped-de-camilo-guinot-en-dakar\/\" \/>\n<meta property=\"og:site_name\" content=\"NOTICIASMERCEDINAS.COM\" \/>\n<meta property=\"article:publisher\" content=\"https:\/\/www.facebook.com\/noticiasmercedinas\/\" \/>\n<meta property=\"article:published_time\" content=\"2025-12-06T14:26:47+00:00\" \/>\n<meta property=\"article:modified_time\" content=\"2025-12-06T15:20:41+00:00\" \/>\n<meta property=\"og:image\" content=\"https:\/\/noticiasmercedinas.com\/site\/wp-content\/uploads\/2025\/12\/CAMILO2.jpg\" \/>\n\t<meta property=\"og:image:width\" content=\"737\" \/>\n\t<meta property=\"og:image:height\" content=\"482\" \/>\n\t<meta property=\"og:image:type\" content=\"image\/jpeg\" \/>\n<meta name=\"author\" content=\"NOTICIASMERCEDINAS.COM\" \/>\n<meta name=\"twitter:card\" content=\"summary_large_image\" \/>\n<meta name=\"twitter:creator\" content=\"@notmercedinas\" \/>\n<meta name=\"twitter:site\" content=\"@notmercedinas\" \/>\n<meta name=\"twitter:label1\" content=\"Escrito por\" \/>\n\t<meta name=\"twitter:data1\" content=\"NOTICIASMERCEDINAS.COM\" \/>\n\t<meta name=\"twitter:label2\" content=\"Tiempo de lectura\" \/>\n\t<meta name=\"twitter:data2\" content=\"2 minutos\" \/>\n<script type=\"application\/ld+json\" class=\"yoast-schema-graph\">{\"@context\":\"https:\\\/\\\/schema.org\",\"@graph\":[{\"@type\":\"Article\",\"@id\":\"https:\\\/\\\/noticiasmercedinas.com\\\/site\\\/2025\\\/12\\\/06\\\/arte-mercedino-en-africa-se-inauguro-exposicion-huesped-de-camilo-guinot-en-dakar\\\/#article\",\"isPartOf\":{\"@id\":\"https:\\\/\\\/noticiasmercedinas.com\\\/site\\\/2025\\\/12\\\/06\\\/arte-mercedino-en-africa-se-inauguro-exposicion-huesped-de-camilo-guinot-en-dakar\\\/\"},\"author\":{\"name\":\"NOTICIASMERCEDINAS.COM\",\"@id\":\"https:\\\/\\\/noticiasmercedinas.com\\\/site\\\/#\\\/schema\\\/person\\\/84b59c099c28ff2e8b77d4ceec5d8063\"},\"headline\":\"Arte mercedino en \u00c1frica: se inaugur\u00f3 exposici\u00f3n \u00abHu\u00e9sped\u00bb de Camilo Guinot en Dakar\",\"datePublished\":\"2025-12-06T14:26:47+00:00\",\"dateModified\":\"2025-12-06T15:20:41+00:00\",\"mainEntityOfPage\":{\"@id\":\"https:\\\/\\\/noticiasmercedinas.com\\\/site\\\/2025\\\/12\\\/06\\\/arte-mercedino-en-africa-se-inauguro-exposicion-huesped-de-camilo-guinot-en-dakar\\\/\"},\"wordCount\":219,\"publisher\":{\"@id\":\"https:\\\/\\\/noticiasmercedinas.com\\\/site\\\/#organization\"},\"image\":{\"@id\":\"https:\\\/\\\/noticiasmercedinas.com\\\/site\\\/2025\\\/12\\\/06\\\/arte-mercedino-en-africa-se-inauguro-exposicion-huesped-de-camilo-guinot-en-dakar\\\/#primaryimage\"},\"thumbnailUrl\":\"https:\\\/\\\/noticiasmercedinas.com\\\/site\\\/wp-content\\\/uploads\\\/2025\\\/12\\\/CAMILO2.jpg\",\"keywords\":[\"\u00c1frica\",\"bienalsur\",\"camilo guinot\",\"instituto cervantes\",\"senegal\"],\"articleSection\":[\"Cultura\"],\"inLanguage\":\"es\"},{\"@type\":\"WebPage\",\"@id\":\"https:\\\/\\\/noticiasmercedinas.com\\\/site\\\/2025\\\/12\\\/06\\\/arte-mercedino-en-africa-se-inauguro-exposicion-huesped-de-camilo-guinot-en-dakar\\\/\",\"url\":\"https:\\\/\\\/noticiasmercedinas.com\\\/site\\\/2025\\\/12\\\/06\\\/arte-mercedino-en-africa-se-inauguro-exposicion-huesped-de-camilo-guinot-en-dakar\\\/\",\"name\":\"Arte mercedino en \u00c1frica: se inaugur\u00f3 exposici\u00f3n \\\"Hu\u00e9sped\\\" de Camilo Guinot en Dakar\",\"isPartOf\":{\"@id\":\"https:\\\/\\\/noticiasmercedinas.com\\\/site\\\/#website\"},\"primaryImageOfPage\":{\"@id\":\"https:\\\/\\\/noticiasmercedinas.com\\\/site\\\/2025\\\/12\\\/06\\\/arte-mercedino-en-africa-se-inauguro-exposicion-huesped-de-camilo-guinot-en-dakar\\\/#primaryimage\"},\"image\":{\"@id\":\"https:\\\/\\\/noticiasmercedinas.com\\\/site\\\/2025\\\/12\\\/06\\\/arte-mercedino-en-africa-se-inauguro-exposicion-huesped-de-camilo-guinot-en-dakar\\\/#primaryimage\"},\"thumbnailUrl\":\"https:\\\/\\\/noticiasmercedinas.com\\\/site\\\/wp-content\\\/uploads\\\/2025\\\/12\\\/CAMILO2.jpg\",\"datePublished\":\"2025-12-06T14:26:47+00:00\",\"dateModified\":\"2025-12-06T15:20:41+00:00\",\"description\":\"El artista mercedino Camilo Guinot culmin\u00f3 su residencia art\u00edstica en Senegal con la inauguraci\u00f3n de su instalaci\u00f3n escult\u00f3rica en el prestigioso Instituto Cervantes de Dakar, una obra que explora la relaci\u00f3n entre naturaleza y cuerpo.\",\"breadcrumb\":{\"@id\":\"https:\\\/\\\/noticiasmercedinas.com\\\/site\\\/2025\\\/12\\\/06\\\/arte-mercedino-en-africa-se-inauguro-exposicion-huesped-de-camilo-guinot-en-dakar\\\/#breadcrumb\"},\"inLanguage\":\"es\",\"potentialAction\":[{\"@type\":\"ReadAction\",\"target\":[\"https:\\\/\\\/noticiasmercedinas.com\\\/site\\\/2025\\\/12\\\/06\\\/arte-mercedino-en-africa-se-inauguro-exposicion-huesped-de-camilo-guinot-en-dakar\\\/\"]}]},{\"@type\":\"ImageObject\",\"inLanguage\":\"es\",\"@id\":\"https:\\\/\\\/noticiasmercedinas.com\\\/site\\\/2025\\\/12\\\/06\\\/arte-mercedino-en-africa-se-inauguro-exposicion-huesped-de-camilo-guinot-en-dakar\\\/#primaryimage\",\"url\":\"https:\\\/\\\/noticiasmercedinas.com\\\/site\\\/wp-content\\\/uploads\\\/2025\\\/12\\\/CAMILO2.jpg\",\"contentUrl\":\"https:\\\/\\\/noticiasmercedinas.com\\\/site\\\/wp-content\\\/uploads\\\/2025\\\/12\\\/CAMILO2.jpg\",\"width\":737,\"height\":482},{\"@type\":\"BreadcrumbList\",\"@id\":\"https:\\\/\\\/noticiasmercedinas.com\\\/site\\\/2025\\\/12\\\/06\\\/arte-mercedino-en-africa-se-inauguro-exposicion-huesped-de-camilo-guinot-en-dakar\\\/#breadcrumb\",\"itemListElement\":[{\"@type\":\"ListItem\",\"position\":1,\"name\":\"Portada\",\"item\":\"https:\\\/\\\/noticiasmercedinas.com\\\/site\\\/\"},{\"@type\":\"ListItem\",\"position\":2,\"name\":\"Arte mercedino en \u00c1frica: se inaugur\u00f3 exposici\u00f3n \u00abHu\u00e9sped\u00bb de Camilo Guinot en Dakar\"}]},{\"@type\":\"WebSite\",\"@id\":\"https:\\\/\\\/noticiasmercedinas.com\\\/site\\\/#website\",\"url\":\"https:\\\/\\\/noticiasmercedinas.com\\\/site\\\/\",\"name\":\"NOTICIASMERCEDINAS.COM\",\"description\":\"Mercedes, Buenos Aires, Argentina\",\"publisher\":{\"@id\":\"https:\\\/\\\/noticiasmercedinas.com\\\/site\\\/#organization\"},\"potentialAction\":[{\"@type\":\"SearchAction\",\"target\":{\"@type\":\"EntryPoint\",\"urlTemplate\":\"https:\\\/\\\/noticiasmercedinas.com\\\/site\\\/?s={search_term_string}\"},\"query-input\":{\"@type\":\"PropertyValueSpecification\",\"valueRequired\":true,\"valueName\":\"search_term_string\"}}],\"inLanguage\":\"es\"},{\"@type\":\"Organization\",\"@id\":\"https:\\\/\\\/noticiasmercedinas.com\\\/site\\\/#organization\",\"name\":\"NOTICIASMERCEDINAS.COM\",\"url\":\"https:\\\/\\\/noticiasmercedinas.com\\\/site\\\/\",\"logo\":{\"@type\":\"ImageObject\",\"inLanguage\":\"es\",\"@id\":\"https:\\\/\\\/noticiasmercedinas.com\\\/site\\\/#\\\/schema\\\/logo\\\/image\\\/\",\"url\":\"https:\\\/\\\/noticiasmercedinas.com\\\/site\\\/wp-content\\\/uploads\\\/2020\\\/06\\\/LOGO-512.jpg\",\"contentUrl\":\"https:\\\/\\\/noticiasmercedinas.com\\\/site\\\/wp-content\\\/uploads\\\/2020\\\/06\\\/LOGO-512.jpg\",\"width\":512,\"height\":512,\"caption\":\"NOTICIASMERCEDINAS.COM\"},\"image\":{\"@id\":\"https:\\\/\\\/noticiasmercedinas.com\\\/site\\\/#\\\/schema\\\/logo\\\/image\\\/\"},\"sameAs\":[\"https:\\\/\\\/www.facebook.com\\\/noticiasmercedinas\\\/\",\"https:\\\/\\\/x.com\\\/notmercedinas\",\"https:\\\/\\\/www.instagram.com\\\/noticiasmercedinas\\\/\"]},{\"@type\":\"Person\",\"@id\":\"https:\\\/\\\/noticiasmercedinas.com\\\/site\\\/#\\\/schema\\\/person\\\/84b59c099c28ff2e8b77d4ceec5d8063\",\"name\":\"NOTICIASMERCEDINAS.COM\",\"image\":{\"@type\":\"ImageObject\",\"inLanguage\":\"es\",\"@id\":\"https:\\\/\\\/secure.gravatar.com\\\/avatar\\\/4dfbf16b4d17945bfb6341b2d19043457132fcf478a5ee04f42e959fd8f5df0a?s=96&d=mm&r=g\",\"url\":\"https:\\\/\\\/secure.gravatar.com\\\/avatar\\\/4dfbf16b4d17945bfb6341b2d19043457132fcf478a5ee04f42e959fd8f5df0a?s=96&d=mm&r=g\",\"contentUrl\":\"https:\\\/\\\/secure.gravatar.com\\\/avatar\\\/4dfbf16b4d17945bfb6341b2d19043457132fcf478a5ee04f42e959fd8f5df0a?s=96&d=mm&r=g\",\"caption\":\"NOTICIASMERCEDINAS.COM\"},\"url\":\"https:\\\/\\\/noticiasmercedinas.com\\\/site\\\/author\\\/anonimo\\\/\"}]}<\/script>\n<!-- \/ Yoast SEO plugin. -->","yoast_head_json":{"title":"Arte mercedino en \u00c1frica: se inaugur\u00f3 exposici\u00f3n \"Hu\u00e9sped\" de Camilo Guinot en Dakar","description":"El artista mercedino Camilo Guinot culmin\u00f3 su residencia art\u00edstica en Senegal con la inauguraci\u00f3n de su instalaci\u00f3n escult\u00f3rica en el prestigioso Instituto Cervantes de Dakar, una obra que explora la relaci\u00f3n entre naturaleza y cuerpo.","robots":{"index":"index","follow":"follow","max-snippet":"max-snippet:-1","max-image-preview":"max-image-preview:large","max-video-preview":"max-video-preview:-1"},"canonical":"https:\/\/noticiasmercedinas.com\/site\/2025\/12\/06\/arte-mercedino-en-africa-se-inauguro-exposicion-huesped-de-camilo-guinot-en-dakar\/","og_locale":"es_ES","og_type":"article","og_title":"Arte mercedino en \u00c1frica: se inaugur\u00f3 exposici\u00f3n \"Hu\u00e9sped\" de Camilo Guinot en Dakar","og_description":"El artista mercedino Camilo Guinot culmin\u00f3 su residencia art\u00edstica en Senegal con la inauguraci\u00f3n de su instalaci\u00f3n escult\u00f3rica en el prestigioso Instituto Cervantes de Dakar, una obra que explora la relaci\u00f3n entre naturaleza y cuerpo.","og_url":"https:\/\/noticiasmercedinas.com\/site\/2025\/12\/06\/arte-mercedino-en-africa-se-inauguro-exposicion-huesped-de-camilo-guinot-en-dakar\/","og_site_name":"NOTICIASMERCEDINAS.COM","article_publisher":"https:\/\/www.facebook.com\/noticiasmercedinas\/","article_published_time":"2025-12-06T14:26:47+00:00","article_modified_time":"2025-12-06T15:20:41+00:00","og_image":[{"width":737,"height":482,"url":"https:\/\/noticiasmercedinas.com\/site\/wp-content\/uploads\/2025\/12\/CAMILO2.jpg","type":"image\/jpeg"}],"author":"NOTICIASMERCEDINAS.COM","twitter_card":"summary_large_image","twitter_creator":"@notmercedinas","twitter_site":"@notmercedinas","twitter_misc":{"Escrito por":"NOTICIASMERCEDINAS.COM","Tiempo de lectura":"2 minutos"},"schema":{"@context":"https:\/\/schema.org","@graph":[{"@type":"Article","@id":"https:\/\/noticiasmercedinas.com\/site\/2025\/12\/06\/arte-mercedino-en-africa-se-inauguro-exposicion-huesped-de-camilo-guinot-en-dakar\/#article","isPartOf":{"@id":"https:\/\/noticiasmercedinas.com\/site\/2025\/12\/06\/arte-mercedino-en-africa-se-inauguro-exposicion-huesped-de-camilo-guinot-en-dakar\/"},"author":{"name":"NOTICIASMERCEDINAS.COM","@id":"https:\/\/noticiasmercedinas.com\/site\/#\/schema\/person\/84b59c099c28ff2e8b77d4ceec5d8063"},"headline":"Arte mercedino en \u00c1frica: se inaugur\u00f3 exposici\u00f3n \u00abHu\u00e9sped\u00bb de Camilo Guinot en Dakar","datePublished":"2025-12-06T14:26:47+00:00","dateModified":"2025-12-06T15:20:41+00:00","mainEntityOfPage":{"@id":"https:\/\/noticiasmercedinas.com\/site\/2025\/12\/06\/arte-mercedino-en-africa-se-inauguro-exposicion-huesped-de-camilo-guinot-en-dakar\/"},"wordCount":219,"publisher":{"@id":"https:\/\/noticiasmercedinas.com\/site\/#organization"},"image":{"@id":"https:\/\/noticiasmercedinas.com\/site\/2025\/12\/06\/arte-mercedino-en-africa-se-inauguro-exposicion-huesped-de-camilo-guinot-en-dakar\/#primaryimage"},"thumbnailUrl":"https:\/\/noticiasmercedinas.com\/site\/wp-content\/uploads\/2025\/12\/CAMILO2.jpg","keywords":["\u00c1frica","bienalsur","camilo guinot","instituto cervantes","senegal"],"articleSection":["Cultura"],"inLanguage":"es"},{"@type":"WebPage","@id":"https:\/\/noticiasmercedinas.com\/site\/2025\/12\/06\/arte-mercedino-en-africa-se-inauguro-exposicion-huesped-de-camilo-guinot-en-dakar\/","url":"https:\/\/noticiasmercedinas.com\/site\/2025\/12\/06\/arte-mercedino-en-africa-se-inauguro-exposicion-huesped-de-camilo-guinot-en-dakar\/","name":"Arte mercedino en \u00c1frica: se inaugur\u00f3 exposici\u00f3n \"Hu\u00e9sped\" de Camilo Guinot en Dakar","isPartOf":{"@id":"https:\/\/noticiasmercedinas.com\/site\/#website"},"primaryImageOfPage":{"@id":"https:\/\/noticiasmercedinas.com\/site\/2025\/12\/06\/arte-mercedino-en-africa-se-inauguro-exposicion-huesped-de-camilo-guinot-en-dakar\/#primaryimage"},"image":{"@id":"https:\/\/noticiasmercedinas.com\/site\/2025\/12\/06\/arte-mercedino-en-africa-se-inauguro-exposicion-huesped-de-camilo-guinot-en-dakar\/#primaryimage"},"thumbnailUrl":"https:\/\/noticiasmercedinas.com\/site\/wp-content\/uploads\/2025\/12\/CAMILO2.jpg","datePublished":"2025-12-06T14:26:47+00:00","dateModified":"2025-12-06T15:20:41+00:00","description":"El artista mercedino Camilo Guinot culmin\u00f3 su residencia art\u00edstica en Senegal con la inauguraci\u00f3n de su instalaci\u00f3n escult\u00f3rica en el prestigioso Instituto Cervantes de Dakar, una obra que explora la relaci\u00f3n entre naturaleza y cuerpo.","breadcrumb":{"@id":"https:\/\/noticiasmercedinas.com\/site\/2025\/12\/06\/arte-mercedino-en-africa-se-inauguro-exposicion-huesped-de-camilo-guinot-en-dakar\/#breadcrumb"},"inLanguage":"es","potentialAction":[{"@type":"ReadAction","target":["https:\/\/noticiasmercedinas.com\/site\/2025\/12\/06\/arte-mercedino-en-africa-se-inauguro-exposicion-huesped-de-camilo-guinot-en-dakar\/"]}]},{"@type":"ImageObject","inLanguage":"es","@id":"https:\/\/noticiasmercedinas.com\/site\/2025\/12\/06\/arte-mercedino-en-africa-se-inauguro-exposicion-huesped-de-camilo-guinot-en-dakar\/#primaryimage","url":"https:\/\/noticiasmercedinas.com\/site\/wp-content\/uploads\/2025\/12\/CAMILO2.jpg","contentUrl":"https:\/\/noticiasmercedinas.com\/site\/wp-content\/uploads\/2025\/12\/CAMILO2.jpg","width":737,"height":482},{"@type":"BreadcrumbList","@id":"https:\/\/noticiasmercedinas.com\/site\/2025\/12\/06\/arte-mercedino-en-africa-se-inauguro-exposicion-huesped-de-camilo-guinot-en-dakar\/#breadcrumb","itemListElement":[{"@type":"ListItem","position":1,"name":"Portada","item":"https:\/\/noticiasmercedinas.com\/site\/"},{"@type":"ListItem","position":2,"name":"Arte mercedino en \u00c1frica: se inaugur\u00f3 exposici\u00f3n \u00abHu\u00e9sped\u00bb de Camilo Guinot en Dakar"}]},{"@type":"WebSite","@id":"https:\/\/noticiasmercedinas.com\/site\/#website","url":"https:\/\/noticiasmercedinas.com\/site\/","name":"NOTICIASMERCEDINAS.COM","description":"Mercedes, Buenos Aires, Argentina","publisher":{"@id":"https:\/\/noticiasmercedinas.com\/site\/#organization"},"potentialAction":[{"@type":"SearchAction","target":{"@type":"EntryPoint","urlTemplate":"https:\/\/noticiasmercedinas.com\/site\/?s={search_term_string}"},"query-input":{"@type":"PropertyValueSpecification","valueRequired":true,"valueName":"search_term_string"}}],"inLanguage":"es"},{"@type":"Organization","@id":"https:\/\/noticiasmercedinas.com\/site\/#organization","name":"NOTICIASMERCEDINAS.COM","url":"https:\/\/noticiasmercedinas.com\/site\/","logo":{"@type":"ImageObject","inLanguage":"es","@id":"https:\/\/noticiasmercedinas.com\/site\/#\/schema\/logo\/image\/","url":"https:\/\/noticiasmercedinas.com\/site\/wp-content\/uploads\/2020\/06\/LOGO-512.jpg","contentUrl":"https:\/\/noticiasmercedinas.com\/site\/wp-content\/uploads\/2020\/06\/LOGO-512.jpg","width":512,"height":512,"caption":"NOTICIASMERCEDINAS.COM"},"image":{"@id":"https:\/\/noticiasmercedinas.com\/site\/#\/schema\/logo\/image\/"},"sameAs":["https:\/\/www.facebook.com\/noticiasmercedinas\/","https:\/\/x.com\/notmercedinas","https:\/\/www.instagram.com\/noticiasmercedinas\/"]},{"@type":"Person","@id":"https:\/\/noticiasmercedinas.com\/site\/#\/schema\/person\/84b59c099c28ff2e8b77d4ceec5d8063","name":"NOTICIASMERCEDINAS.COM","image":{"@type":"ImageObject","inLanguage":"es","@id":"https:\/\/secure.gravatar.com\/avatar\/4dfbf16b4d17945bfb6341b2d19043457132fcf478a5ee04f42e959fd8f5df0a?s=96&d=mm&r=g","url":"https:\/\/secure.gravatar.com\/avatar\/4dfbf16b4d17945bfb6341b2d19043457132fcf478a5ee04f42e959fd8f5df0a?s=96&d=mm&r=g","contentUrl":"https:\/\/secure.gravatar.com\/avatar\/4dfbf16b4d17945bfb6341b2d19043457132fcf478a5ee04f42e959fd8f5df0a?s=96&d=mm&r=g","caption":"NOTICIASMERCEDINAS.COM"},"url":"https:\/\/noticiasmercedinas.com\/site\/author\/anonimo\/"}]}},"amp_enabled":true,"_links":{"self":[{"href":"https:\/\/noticiasmercedinas.com\/site\/wp-json\/wp\/v2\/posts\/176091","targetHints":{"allow":["GET"]}}],"collection":[{"href":"https:\/\/noticiasmercedinas.com\/site\/wp-json\/wp\/v2\/posts"}],"about":[{"href":"https:\/\/noticiasmercedinas.com\/site\/wp-json\/wp\/v2\/types\/post"}],"author":[{"embeddable":true,"href":"https:\/\/noticiasmercedinas.com\/site\/wp-json\/wp\/v2\/users\/16"}],"replies":[{"embeddable":true,"href":"https:\/\/noticiasmercedinas.com\/site\/wp-json\/wp\/v2\/comments?post=176091"}],"version-history":[{"count":2,"href":"https:\/\/noticiasmercedinas.com\/site\/wp-json\/wp\/v2\/posts\/176091\/revisions"}],"predecessor-version":[{"id":176111,"href":"https:\/\/noticiasmercedinas.com\/site\/wp-json\/wp\/v2\/posts\/176091\/revisions\/176111"}],"wp:featuredmedia":[{"embeddable":true,"href":"https:\/\/noticiasmercedinas.com\/site\/wp-json\/wp\/v2\/media\/176093"}],"wp:attachment":[{"href":"https:\/\/noticiasmercedinas.com\/site\/wp-json\/wp\/v2\/media?parent=176091"}],"wp:term":[{"taxonomy":"category","embeddable":true,"href":"https:\/\/noticiasmercedinas.com\/site\/wp-json\/wp\/v2\/categories?post=176091"},{"taxonomy":"post_tag","embeddable":true,"href":"https:\/\/noticiasmercedinas.com\/site\/wp-json\/wp\/v2\/tags?post=176091"}],"curies":[{"name":"wp","href":"https:\/\/api.w.org\/{rel}","templated":true}]}}