{"id":176097,"date":"2025-12-06T11:43:00","date_gmt":"2025-12-06T14:43:00","guid":{"rendered":"https:\/\/noticiasmercedinas.com\/site\/?p=176097"},"modified":"2025-12-06T11:43:53","modified_gmt":"2025-12-06T14:43:53","slug":"tension-por-el-agua-de-consumo-dirigente-libertario-insiste-en-el-reclamo-legal","status":"publish","type":"post","link":"https:\/\/noticiasmercedinas.com\/site\/2025\/12\/06\/tension-por-el-agua-de-consumo-dirigente-libertario-insiste-en-el-reclamo-legal\/","title":{"rendered":"Tensi\u00f3n por el agua de consumo: dirigente libertario insiste en el reclamo legal"},"content":{"rendered":"<p data-path-to-node=\"2\"><img loading=\"lazy\" decoding=\"async\" class=\"alignnone size-full wp-image-86365\" src=\"https:\/\/noticiasmercedinas.com\/site\/wp-content\/uploads\/2022\/03\/torrescosta.jpg\" alt=\"\" width=\"640\" height=\"399\" srcset=\"https:\/\/noticiasmercedinas.com\/site\/wp-content\/uploads\/2022\/03\/torrescosta.jpg 640w, https:\/\/noticiasmercedinas.com\/site\/wp-content\/uploads\/2022\/03\/torrescosta-300x187.jpg 300w\" sizes=\"auto, (max-width: 640px) 100vw, 640px\" \/><\/p>\n<p data-path-to-node=\"2\">A pesar del reciente desmentido a nivel nacional del \u00abMapa de Ars\u00e9nico\u00bb del ITBA por parte del Consejo H\u00eddrico Federal (COHIFe), la pol\u00e9mica sobre la calidad del agua de consumo en Mercedes sigue escalando. <b>Nahuel Torres Costa<\/b>, dirigente libertario y referente de la recientemente conformada Agrupaci\u00f3n de Vecinos Autoconvocados <b>T.A.S. (Tomemos Agua Segura)<\/b>, ha vuelto a convocar a la comunidad para exigir el cumplimiento de la ley.<\/p>\n<p data-path-to-node=\"3\">El reclamo de T.A.S. se basa en un <b>precedente judicial<\/b> que, seg\u00fan la agrupaci\u00f3n, confirma la ilegalidad del agua que se consume en Mercedes.<\/p>\n<p data-path-to-node=\"5\">Torres Costa &#8211;referente local de la Agrupaci\u00f3n 9 de Julio del partido La Libertad Avanza, que fue candidato por esa fuerza en las elecciones legislativas de 2021 y es uno de los referentes de la coyuntura desde entonces integrada por l\u00edderes como Jos\u00e9 Luis Espert (diputado que recientemente dej\u00f3 su cargo) y Javier Milei (actual presidente)&#8211; sostiene que la <b>Corte Suprema de Justicia de la Provincia de Buenos Aires (CSJPBA)<\/b> ratific\u00f3 un fallo que naci\u00f3 en el Juzgado de Mercedes, sentando un precedente vinculante para toda la provincia.<\/p>\n<p data-path-to-node=\"6\">La sentencia final de la Corte habr\u00eda establecido de forma definitiva que el l\u00edmite m\u00e1ximo legal de ars\u00e9nico es de <b>0.010 mg\/L<\/b>, tal como lo exigen el C\u00f3digo Alimentario Argentino (CAA) y la Organizaci\u00f3n Mundial de la Salud (OMS).<\/p>\n<p data-path-to-node=\"7\">Dado que, seg\u00fan T.A.S., el propio Municipio de Mercedes admite niveles de ars\u00e9nico en el agua de red de <b>0.017 mg\/L<\/b> (un exceso del 70% sobre el l\u00edmite legal), la sentencia de la Corte confirmar\u00eda que el agua consumida es <b>legalmente no apta<\/b>.<\/p>\n<blockquote data-path-to-node=\"8\">\n<p data-path-to-node=\"8,0\"><b>\u00abLa Corte Suprema puso fin al debate: el ars\u00e9nico que nos dan es ilegal. El fallo que naci\u00f3 en Mercedes y fue ratificado por el m\u00e1ximo tribunal nos da la raz\u00f3n. El Municipio y ABSA no pueden demorar m\u00e1s: deben dejar de actuar contra la salud de sus vecinos y empezar a cumplir con el plan de obras y la entrega de bidones inmediatamente.\u00bb<\/b> \u2014 <b>Nahuel Torres Costa<\/b> (T.A.S.).<\/p>\n<\/blockquote>\n<p data-path-to-node=\"9\">La Agrupaci\u00f3n T.A.S. exige el acatamiento inmediato de la sentencia de la CSJPBA, que obligar\u00eda a:<\/p>\n<ul>\n<li data-path-to-node=\"10,0,0\"><b>Entrega de Agua Segura:<\/b> Proveer agua envasada (bidones) a los vecinos hasta que la red cumpla con el est\u00e1ndar de 0.010 mg\/L.<\/li>\n<li data-path-to-node=\"10,1,0\"><b>Plan de Obras:<\/b> Presentar un plan de obras definitivo para erradicar la contaminaci\u00f3n.<\/li>\n<\/ul>\n<h3 data-path-to-node=\"12\">Postura oficial: descalificaci\u00f3n del informe del ITBA<\/h3>\n<p data-path-to-node=\"13\">El reclamo de T.A.S. se contrapone a las explicaciones recientes de la Comuna y el <b>Consejo H\u00eddrico Federal (COHIFe)<\/b>, que intentaron llevar tranquilidad a la poblaci\u00f3n tras la viralizaci\u00f3n del \u00abMapa de Ars\u00e9nico\u00bb.<\/p>\n<p data-path-to-node=\"14\">El <b>COHIFe<\/b>, mediante la <b>Resoluci\u00f3n N\u00b0 002\/2025<\/b>, declar\u00f3 oficialmente que el material del ITBA carece de las \u00abcondiciones t\u00e9cnicas, cient\u00edficas, metodol\u00f3gicas y documentales necesarias\u00bb.<\/p>\n<p data-path-to-node=\"15\">Los argumentos principales de la autoridad h\u00eddrica fueron:<\/p>\n<ul>\n<li data-path-to-node=\"16,0,0\"><b>Falta de Rigor Cient\u00edfico:<\/b> El estudio del ITBA se bas\u00f3 en muestras voluntarias sin trazabilidad verificable, sin cadena de custodia ni validaci\u00f3n de campo, contraviniendo normas como OMS e IRAM.<\/li>\n<li data-path-to-node=\"16,1,0\"><b>Confusi\u00f3n Informativa:<\/b> Se se\u00f1al\u00f3 que el mapa mezcl\u00f3 datos de aguas subterr\u00e1neas crudas con el agua potable de red, induciendo a error.<\/li>\n<\/ul>\n<p data-path-to-node=\"17\">Desde la Municipalidad, se reafirm\u00f3 que el <b>agua de red de la ciudad es potable<\/b>, y que los controles bacteriol\u00f3gicos y fisicoqu\u00edmicos se realizan con una frecuencia mayor a la exigida por la legislaci\u00f3n.<\/p>\n<h3 data-path-to-node=\"19\">Convocatoria de T.A.S.<\/h3>\n<p data-path-to-node=\"20\">Pese a la descalificaci\u00f3n oficial del mapa, la Agrupaci\u00f3n T.A.S. mantiene su convocatoria:<\/p>\n<p data-path-to-node=\"21,0,0\"><b>D\u00eda y Hora:<\/b> <b>S\u00c1BADO 06\/12 a las 17:30 HS<\/b><\/p>\n<p data-path-to-node=\"21,1,0\"><b>Lugar:<\/b> <b>Plaza Belgrano (Hospital)<\/b><\/p>\n<p data-path-to-node=\"21,2,0\"><b>Actividades:<\/b> Se informar\u00e1 sobre el fallo, se empadronar\u00e1n vecinos y se planificar\u00e1n las pr\u00f3ximas acciones de control ciudadano en los barrios. El pr\u00f3ximo s\u00e1bado (13\/12\/25) la convocatoria ser\u00e1 en Plaza Rivadavia (Iglesia San Luis).<\/p>\n<p data-path-to-node=\"21,2,0\"><img loading=\"lazy\" decoding=\"async\" class=\"alignnone size-full wp-image-176099\" src=\"https:\/\/noticiasmercedinas.com\/site\/wp-content\/uploads\/2025\/12\/90b7729b-797d-45c7-95bf-6e7290d6bd94-e1765032226306.jpeg\" alt=\"\" width=\"720\" height=\"1030\" srcset=\"https:\/\/noticiasmercedinas.com\/site\/wp-content\/uploads\/2025\/12\/90b7729b-797d-45c7-95bf-6e7290d6bd94-e1765032226306.jpeg 720w, https:\/\/noticiasmercedinas.com\/site\/wp-content\/uploads\/2025\/12\/90b7729b-797d-45c7-95bf-6e7290d6bd94-e1765032226306-210x300.jpeg 210w, https:\/\/noticiasmercedinas.com\/site\/wp-content\/uploads\/2025\/12\/90b7729b-797d-45c7-95bf-6e7290d6bd94-e1765032226306-716x1024.jpeg 716w, https:\/\/noticiasmercedinas.com\/site\/wp-content\/uploads\/2025\/12\/90b7729b-797d-45c7-95bf-6e7290d6bd94-e1765032226306-640x916.jpeg 640w, https:\/\/noticiasmercedinas.com\/site\/wp-content\/uploads\/2025\/12\/90b7729b-797d-45c7-95bf-6e7290d6bd94-e1765032226306-681x974.jpeg 681w\" sizes=\"auto, (max-width: 720px) 100vw, 720px\" \/><\/p>\n","protected":false},"excerpt":{"rendered":"<p>\u25a0 Nahuel Torres Costa, de la Agrupaci\u00f3n T.A.S., convoca a vecinos este s\u00e1bado bas\u00e1ndose en un \u00abfallo hist\u00f3rico\u00bb de la Corte Suprema Provincial, que establece la ilegalidad del nivel de ars\u00e9nico en el agua de red.<\/p>\n","protected":false},"author":16,"featured_media":86365,"comment_status":"closed","ping_status":"closed","sticky":false,"template":"","format":"standard","meta":{"footnotes":""},"categories":[16],"tags":[3088,11554,12508,21424],"class_list":["post-176097","post","type-post","status-publish","format-standard","has-post-thumbnail","hentry","category-politica","tag-agua","tag-arsenico","tag-nahuel-torres-costa","tag-tas"],"yoast_head":"<!-- This site is optimized with the Yoast SEO plugin v27.4 - https:\/\/yoast.com\/product\/yoast-seo-wordpress\/ -->\n<title>Tensi\u00f3n por el agua de consumo: dirigente libertario insiste en el reclamo legal<\/title>\n<meta name=\"description\" content=\"Nahuel Torres Costa, de la Agrupaci\u00f3n T.A.S., convoca a vecinos este s\u00e1bado bas\u00e1ndose en un &quot;fallo hist\u00f3rico&quot; de la Corte Suprema Provincial, que establece la ilegalidad del nivel de ars\u00e9nico en el agua de red.\" \/>\n<meta name=\"robots\" content=\"index, follow, max-snippet:-1, max-image-preview:large, max-video-preview:-1\" \/>\n<link rel=\"canonical\" href=\"https:\/\/noticiasmercedinas.com\/site\/2025\/12\/06\/tension-por-el-agua-de-consumo-dirigente-libertario-insiste-en-el-reclamo-legal\/\" \/>\n<meta property=\"og:locale\" content=\"es_ES\" \/>\n<meta property=\"og:type\" content=\"article\" \/>\n<meta property=\"og:title\" content=\"Tensi\u00f3n por el agua de consumo: dirigente libertario insiste en el reclamo legal\" \/>\n<meta property=\"og:description\" content=\"Nahuel Torres Costa, de la Agrupaci\u00f3n T.A.S., convoca a vecinos este s\u00e1bado bas\u00e1ndose en un &quot;fallo hist\u00f3rico&quot; de la Corte Suprema Provincial, que establece la ilegalidad del nivel de ars\u00e9nico en el agua de red.\" \/>\n<meta property=\"og:url\" content=\"https:\/\/noticiasmercedinas.com\/site\/2025\/12\/06\/tension-por-el-agua-de-consumo-dirigente-libertario-insiste-en-el-reclamo-legal\/\" \/>\n<meta property=\"og:site_name\" content=\"NOTICIASMERCEDINAS.COM\" \/>\n<meta property=\"article:publisher\" content=\"https:\/\/www.facebook.com\/noticiasmercedinas\/\" \/>\n<meta property=\"article:published_time\" content=\"2025-12-06T14:43:00+00:00\" \/>\n<meta property=\"article:modified_time\" content=\"2025-12-06T14:43:53+00:00\" \/>\n<meta property=\"og:image\" content=\"https:\/\/noticiasmercedinas.com\/site\/wp-content\/uploads\/2022\/03\/torrescosta.jpg\" \/>\n\t<meta property=\"og:image:width\" content=\"640\" \/>\n\t<meta property=\"og:image:height\" content=\"399\" \/>\n\t<meta property=\"og:image:type\" content=\"image\/jpeg\" \/>\n<meta name=\"author\" content=\"NOTICIASMERCEDINAS.COM\" \/>\n<meta name=\"twitter:card\" content=\"summary_large_image\" \/>\n<meta name=\"twitter:creator\" content=\"@notmercedinas\" \/>\n<meta name=\"twitter:site\" content=\"@notmercedinas\" \/>\n<meta name=\"twitter:label1\" content=\"Escrito por\" \/>\n\t<meta name=\"twitter:data1\" content=\"NOTICIASMERCEDINAS.COM\" \/>\n\t<meta name=\"twitter:label2\" content=\"Tiempo de lectura\" \/>\n\t<meta name=\"twitter:data2\" content=\"4 minutos\" \/>\n<script type=\"application\/ld+json\" class=\"yoast-schema-graph\">{\"@context\":\"https:\\\/\\\/schema.org\",\"@graph\":[{\"@type\":\"Article\",\"@id\":\"https:\\\/\\\/noticiasmercedinas.com\\\/site\\\/2025\\\/12\\\/06\\\/tension-por-el-agua-de-consumo-dirigente-libertario-insiste-en-el-reclamo-legal\\\/#article\",\"isPartOf\":{\"@id\":\"https:\\\/\\\/noticiasmercedinas.com\\\/site\\\/2025\\\/12\\\/06\\\/tension-por-el-agua-de-consumo-dirigente-libertario-insiste-en-el-reclamo-legal\\\/\"},\"author\":{\"name\":\"NOTICIASMERCEDINAS.COM\",\"@id\":\"https:\\\/\\\/noticiasmercedinas.com\\\/site\\\/#\\\/schema\\\/person\\\/84b59c099c28ff2e8b77d4ceec5d8063\"},\"headline\":\"Tensi\u00f3n por el agua de consumo: dirigente libertario insiste en el reclamo legal\",\"datePublished\":\"2025-12-06T14:43:00+00:00\",\"dateModified\":\"2025-12-06T14:43:53+00:00\",\"mainEntityOfPage\":{\"@id\":\"https:\\\/\\\/noticiasmercedinas.com\\\/site\\\/2025\\\/12\\\/06\\\/tension-por-el-agua-de-consumo-dirigente-libertario-insiste-en-el-reclamo-legal\\\/\"},\"wordCount\":678,\"publisher\":{\"@id\":\"https:\\\/\\\/noticiasmercedinas.com\\\/site\\\/#organization\"},\"image\":{\"@id\":\"https:\\\/\\\/noticiasmercedinas.com\\\/site\\\/2025\\\/12\\\/06\\\/tension-por-el-agua-de-consumo-dirigente-libertario-insiste-en-el-reclamo-legal\\\/#primaryimage\"},\"thumbnailUrl\":\"https:\\\/\\\/noticiasmercedinas.com\\\/site\\\/wp-content\\\/uploads\\\/2022\\\/03\\\/torrescosta.jpg\",\"keywords\":[\"agua\",\"arsenico\",\"Nahuel Torres Costa\",\"tas\"],\"articleSection\":[\"Politica\"],\"inLanguage\":\"es\"},{\"@type\":\"WebPage\",\"@id\":\"https:\\\/\\\/noticiasmercedinas.com\\\/site\\\/2025\\\/12\\\/06\\\/tension-por-el-agua-de-consumo-dirigente-libertario-insiste-en-el-reclamo-legal\\\/\",\"url\":\"https:\\\/\\\/noticiasmercedinas.com\\\/site\\\/2025\\\/12\\\/06\\\/tension-por-el-agua-de-consumo-dirigente-libertario-insiste-en-el-reclamo-legal\\\/\",\"name\":\"Tensi\u00f3n por el agua de consumo: dirigente libertario insiste en el reclamo legal\",\"isPartOf\":{\"@id\":\"https:\\\/\\\/noticiasmercedinas.com\\\/site\\\/#website\"},\"primaryImageOfPage\":{\"@id\":\"https:\\\/\\\/noticiasmercedinas.com\\\/site\\\/2025\\\/12\\\/06\\\/tension-por-el-agua-de-consumo-dirigente-libertario-insiste-en-el-reclamo-legal\\\/#primaryimage\"},\"image\":{\"@id\":\"https:\\\/\\\/noticiasmercedinas.com\\\/site\\\/2025\\\/12\\\/06\\\/tension-por-el-agua-de-consumo-dirigente-libertario-insiste-en-el-reclamo-legal\\\/#primaryimage\"},\"thumbnailUrl\":\"https:\\\/\\\/noticiasmercedinas.com\\\/site\\\/wp-content\\\/uploads\\\/2022\\\/03\\\/torrescosta.jpg\",\"datePublished\":\"2025-12-06T14:43:00+00:00\",\"dateModified\":\"2025-12-06T14:43:53+00:00\",\"description\":\"Nahuel Torres Costa, de la Agrupaci\u00f3n T.A.S., convoca a vecinos este s\u00e1bado bas\u00e1ndose en un \\\"fallo hist\u00f3rico\\\" de la Corte Suprema Provincial, que establece la ilegalidad del nivel de ars\u00e9nico en el agua de red.\",\"breadcrumb\":{\"@id\":\"https:\\\/\\\/noticiasmercedinas.com\\\/site\\\/2025\\\/12\\\/06\\\/tension-por-el-agua-de-consumo-dirigente-libertario-insiste-en-el-reclamo-legal\\\/#breadcrumb\"},\"inLanguage\":\"es\",\"potentialAction\":[{\"@type\":\"ReadAction\",\"target\":[\"https:\\\/\\\/noticiasmercedinas.com\\\/site\\\/2025\\\/12\\\/06\\\/tension-por-el-agua-de-consumo-dirigente-libertario-insiste-en-el-reclamo-legal\\\/\"]}]},{\"@type\":\"ImageObject\",\"inLanguage\":\"es\",\"@id\":\"https:\\\/\\\/noticiasmercedinas.com\\\/site\\\/2025\\\/12\\\/06\\\/tension-por-el-agua-de-consumo-dirigente-libertario-insiste-en-el-reclamo-legal\\\/#primaryimage\",\"url\":\"https:\\\/\\\/noticiasmercedinas.com\\\/site\\\/wp-content\\\/uploads\\\/2022\\\/03\\\/torrescosta.jpg\",\"contentUrl\":\"https:\\\/\\\/noticiasmercedinas.com\\\/site\\\/wp-content\\\/uploads\\\/2022\\\/03\\\/torrescosta.jpg\",\"width\":640,\"height\":399},{\"@type\":\"BreadcrumbList\",\"@id\":\"https:\\\/\\\/noticiasmercedinas.com\\\/site\\\/2025\\\/12\\\/06\\\/tension-por-el-agua-de-consumo-dirigente-libertario-insiste-en-el-reclamo-legal\\\/#breadcrumb\",\"itemListElement\":[{\"@type\":\"ListItem\",\"position\":1,\"name\":\"Portada\",\"item\":\"https:\\\/\\\/noticiasmercedinas.com\\\/site\\\/\"},{\"@type\":\"ListItem\",\"position\":2,\"name\":\"Tensi\u00f3n por el agua de consumo: dirigente libertario insiste en el reclamo legal\"}]},{\"@type\":\"WebSite\",\"@id\":\"https:\\\/\\\/noticiasmercedinas.com\\\/site\\\/#website\",\"url\":\"https:\\\/\\\/noticiasmercedinas.com\\\/site\\\/\",\"name\":\"NOTICIASMERCEDINAS.COM\",\"description\":\"Mercedes, Buenos Aires, Argentina\",\"publisher\":{\"@id\":\"https:\\\/\\\/noticiasmercedinas.com\\\/site\\\/#organization\"},\"potentialAction\":[{\"@type\":\"SearchAction\",\"target\":{\"@type\":\"EntryPoint\",\"urlTemplate\":\"https:\\\/\\\/noticiasmercedinas.com\\\/site\\\/?s={search_term_string}\"},\"query-input\":{\"@type\":\"PropertyValueSpecification\",\"valueRequired\":true,\"valueName\":\"search_term_string\"}}],\"inLanguage\":\"es\"},{\"@type\":\"Organization\",\"@id\":\"https:\\\/\\\/noticiasmercedinas.com\\\/site\\\/#organization\",\"name\":\"NOTICIASMERCEDINAS.COM\",\"url\":\"https:\\\/\\\/noticiasmercedinas.com\\\/site\\\/\",\"logo\":{\"@type\":\"ImageObject\",\"inLanguage\":\"es\",\"@id\":\"https:\\\/\\\/noticiasmercedinas.com\\\/site\\\/#\\\/schema\\\/logo\\\/image\\\/\",\"url\":\"https:\\\/\\\/noticiasmercedinas.com\\\/site\\\/wp-content\\\/uploads\\\/2020\\\/06\\\/LOGO-512.jpg\",\"contentUrl\":\"https:\\\/\\\/noticiasmercedinas.com\\\/site\\\/wp-content\\\/uploads\\\/2020\\\/06\\\/LOGO-512.jpg\",\"width\":512,\"height\":512,\"caption\":\"NOTICIASMERCEDINAS.COM\"},\"image\":{\"@id\":\"https:\\\/\\\/noticiasmercedinas.com\\\/site\\\/#\\\/schema\\\/logo\\\/image\\\/\"},\"sameAs\":[\"https:\\\/\\\/www.facebook.com\\\/noticiasmercedinas\\\/\",\"https:\\\/\\\/x.com\\\/notmercedinas\",\"https:\\\/\\\/www.instagram.com\\\/noticiasmercedinas\\\/\"]},{\"@type\":\"Person\",\"@id\":\"https:\\\/\\\/noticiasmercedinas.com\\\/site\\\/#\\\/schema\\\/person\\\/84b59c099c28ff2e8b77d4ceec5d8063\",\"name\":\"NOTICIASMERCEDINAS.COM\",\"image\":{\"@type\":\"ImageObject\",\"inLanguage\":\"es\",\"@id\":\"https:\\\/\\\/secure.gravatar.com\\\/avatar\\\/4dfbf16b4d17945bfb6341b2d19043457132fcf478a5ee04f42e959fd8f5df0a?s=96&d=mm&r=g\",\"url\":\"https:\\\/\\\/secure.gravatar.com\\\/avatar\\\/4dfbf16b4d17945bfb6341b2d19043457132fcf478a5ee04f42e959fd8f5df0a?s=96&d=mm&r=g\",\"contentUrl\":\"https:\\\/\\\/secure.gravatar.com\\\/avatar\\\/4dfbf16b4d17945bfb6341b2d19043457132fcf478a5ee04f42e959fd8f5df0a?s=96&d=mm&r=g\",\"caption\":\"NOTICIASMERCEDINAS.COM\"},\"url\":\"https:\\\/\\\/noticiasmercedinas.com\\\/site\\\/author\\\/anonimo\\\/\"}]}<\/script>\n<!-- \/ Yoast SEO plugin. -->","yoast_head_json":{"title":"Tensi\u00f3n por el agua de consumo: dirigente libertario insiste en el reclamo legal","description":"Nahuel Torres Costa, de la Agrupaci\u00f3n T.A.S., convoca a vecinos este s\u00e1bado bas\u00e1ndose en un \"fallo hist\u00f3rico\" de la Corte Suprema Provincial, que establece la ilegalidad del nivel de ars\u00e9nico en el agua de red.","robots":{"index":"index","follow":"follow","max-snippet":"max-snippet:-1","max-image-preview":"max-image-preview:large","max-video-preview":"max-video-preview:-1"},"canonical":"https:\/\/noticiasmercedinas.com\/site\/2025\/12\/06\/tension-por-el-agua-de-consumo-dirigente-libertario-insiste-en-el-reclamo-legal\/","og_locale":"es_ES","og_type":"article","og_title":"Tensi\u00f3n por el agua de consumo: dirigente libertario insiste en el reclamo legal","og_description":"Nahuel Torres Costa, de la Agrupaci\u00f3n T.A.S., convoca a vecinos este s\u00e1bado bas\u00e1ndose en un \"fallo hist\u00f3rico\" de la Corte Suprema Provincial, que establece la ilegalidad del nivel de ars\u00e9nico en el agua de red.","og_url":"https:\/\/noticiasmercedinas.com\/site\/2025\/12\/06\/tension-por-el-agua-de-consumo-dirigente-libertario-insiste-en-el-reclamo-legal\/","og_site_name":"NOTICIASMERCEDINAS.COM","article_publisher":"https:\/\/www.facebook.com\/noticiasmercedinas\/","article_published_time":"2025-12-06T14:43:00+00:00","article_modified_time":"2025-12-06T14:43:53+00:00","og_image":[{"width":640,"height":399,"url":"https:\/\/noticiasmercedinas.com\/site\/wp-content\/uploads\/2022\/03\/torrescosta.jpg","type":"image\/jpeg"}],"author":"NOTICIASMERCEDINAS.COM","twitter_card":"summary_large_image","twitter_creator":"@notmercedinas","twitter_site":"@notmercedinas","twitter_misc":{"Escrito por":"NOTICIASMERCEDINAS.COM","Tiempo de lectura":"4 minutos"},"schema":{"@context":"https:\/\/schema.org","@graph":[{"@type":"Article","@id":"https:\/\/noticiasmercedinas.com\/site\/2025\/12\/06\/tension-por-el-agua-de-consumo-dirigente-libertario-insiste-en-el-reclamo-legal\/#article","isPartOf":{"@id":"https:\/\/noticiasmercedinas.com\/site\/2025\/12\/06\/tension-por-el-agua-de-consumo-dirigente-libertario-insiste-en-el-reclamo-legal\/"},"author":{"name":"NOTICIASMERCEDINAS.COM","@id":"https:\/\/noticiasmercedinas.com\/site\/#\/schema\/person\/84b59c099c28ff2e8b77d4ceec5d8063"},"headline":"Tensi\u00f3n por el agua de consumo: dirigente libertario insiste en el reclamo legal","datePublished":"2025-12-06T14:43:00+00:00","dateModified":"2025-12-06T14:43:53+00:00","mainEntityOfPage":{"@id":"https:\/\/noticiasmercedinas.com\/site\/2025\/12\/06\/tension-por-el-agua-de-consumo-dirigente-libertario-insiste-en-el-reclamo-legal\/"},"wordCount":678,"publisher":{"@id":"https:\/\/noticiasmercedinas.com\/site\/#organization"},"image":{"@id":"https:\/\/noticiasmercedinas.com\/site\/2025\/12\/06\/tension-por-el-agua-de-consumo-dirigente-libertario-insiste-en-el-reclamo-legal\/#primaryimage"},"thumbnailUrl":"https:\/\/noticiasmercedinas.com\/site\/wp-content\/uploads\/2022\/03\/torrescosta.jpg","keywords":["agua","arsenico","Nahuel Torres Costa","tas"],"articleSection":["Politica"],"inLanguage":"es"},{"@type":"WebPage","@id":"https:\/\/noticiasmercedinas.com\/site\/2025\/12\/06\/tension-por-el-agua-de-consumo-dirigente-libertario-insiste-en-el-reclamo-legal\/","url":"https:\/\/noticiasmercedinas.com\/site\/2025\/12\/06\/tension-por-el-agua-de-consumo-dirigente-libertario-insiste-en-el-reclamo-legal\/","name":"Tensi\u00f3n por el agua de consumo: dirigente libertario insiste en el reclamo legal","isPartOf":{"@id":"https:\/\/noticiasmercedinas.com\/site\/#website"},"primaryImageOfPage":{"@id":"https:\/\/noticiasmercedinas.com\/site\/2025\/12\/06\/tension-por-el-agua-de-consumo-dirigente-libertario-insiste-en-el-reclamo-legal\/#primaryimage"},"image":{"@id":"https:\/\/noticiasmercedinas.com\/site\/2025\/12\/06\/tension-por-el-agua-de-consumo-dirigente-libertario-insiste-en-el-reclamo-legal\/#primaryimage"},"thumbnailUrl":"https:\/\/noticiasmercedinas.com\/site\/wp-content\/uploads\/2022\/03\/torrescosta.jpg","datePublished":"2025-12-06T14:43:00+00:00","dateModified":"2025-12-06T14:43:53+00:00","description":"Nahuel Torres Costa, de la Agrupaci\u00f3n T.A.S., convoca a vecinos este s\u00e1bado bas\u00e1ndose en un \"fallo hist\u00f3rico\" de la Corte Suprema Provincial, que establece la ilegalidad del nivel de ars\u00e9nico en el agua de red.","breadcrumb":{"@id":"https:\/\/noticiasmercedinas.com\/site\/2025\/12\/06\/tension-por-el-agua-de-consumo-dirigente-libertario-insiste-en-el-reclamo-legal\/#breadcrumb"},"inLanguage":"es","potentialAction":[{"@type":"ReadAction","target":["https:\/\/noticiasmercedinas.com\/site\/2025\/12\/06\/tension-por-el-agua-de-consumo-dirigente-libertario-insiste-en-el-reclamo-legal\/"]}]},{"@type":"ImageObject","inLanguage":"es","@id":"https:\/\/noticiasmercedinas.com\/site\/2025\/12\/06\/tension-por-el-agua-de-consumo-dirigente-libertario-insiste-en-el-reclamo-legal\/#primaryimage","url":"https:\/\/noticiasmercedinas.com\/site\/wp-content\/uploads\/2022\/03\/torrescosta.jpg","contentUrl":"https:\/\/noticiasmercedinas.com\/site\/wp-content\/uploads\/2022\/03\/torrescosta.jpg","width":640,"height":399},{"@type":"BreadcrumbList","@id":"https:\/\/noticiasmercedinas.com\/site\/2025\/12\/06\/tension-por-el-agua-de-consumo-dirigente-libertario-insiste-en-el-reclamo-legal\/#breadcrumb","itemListElement":[{"@type":"ListItem","position":1,"name":"Portada","item":"https:\/\/noticiasmercedinas.com\/site\/"},{"@type":"ListItem","position":2,"name":"Tensi\u00f3n por el agua de consumo: dirigente libertario insiste en el reclamo legal"}]},{"@type":"WebSite","@id":"https:\/\/noticiasmercedinas.com\/site\/#website","url":"https:\/\/noticiasmercedinas.com\/site\/","name":"NOTICIASMERCEDINAS.COM","description":"Mercedes, Buenos Aires, Argentina","publisher":{"@id":"https:\/\/noticiasmercedinas.com\/site\/#organization"},"potentialAction":[{"@type":"SearchAction","target":{"@type":"EntryPoint","urlTemplate":"https:\/\/noticiasmercedinas.com\/site\/?s={search_term_string}"},"query-input":{"@type":"PropertyValueSpecification","valueRequired":true,"valueName":"search_term_string"}}],"inLanguage":"es"},{"@type":"Organization","@id":"https:\/\/noticiasmercedinas.com\/site\/#organization","name":"NOTICIASMERCEDINAS.COM","url":"https:\/\/noticiasmercedinas.com\/site\/","logo":{"@type":"ImageObject","inLanguage":"es","@id":"https:\/\/noticiasmercedinas.com\/site\/#\/schema\/logo\/image\/","url":"https:\/\/noticiasmercedinas.com\/site\/wp-content\/uploads\/2020\/06\/LOGO-512.jpg","contentUrl":"https:\/\/noticiasmercedinas.com\/site\/wp-content\/uploads\/2020\/06\/LOGO-512.jpg","width":512,"height":512,"caption":"NOTICIASMERCEDINAS.COM"},"image":{"@id":"https:\/\/noticiasmercedinas.com\/site\/#\/schema\/logo\/image\/"},"sameAs":["https:\/\/www.facebook.com\/noticiasmercedinas\/","https:\/\/x.com\/notmercedinas","https:\/\/www.instagram.com\/noticiasmercedinas\/"]},{"@type":"Person","@id":"https:\/\/noticiasmercedinas.com\/site\/#\/schema\/person\/84b59c099c28ff2e8b77d4ceec5d8063","name":"NOTICIASMERCEDINAS.COM","image":{"@type":"ImageObject","inLanguage":"es","@id":"https:\/\/secure.gravatar.com\/avatar\/4dfbf16b4d17945bfb6341b2d19043457132fcf478a5ee04f42e959fd8f5df0a?s=96&d=mm&r=g","url":"https:\/\/secure.gravatar.com\/avatar\/4dfbf16b4d17945bfb6341b2d19043457132fcf478a5ee04f42e959fd8f5df0a?s=96&d=mm&r=g","contentUrl":"https:\/\/secure.gravatar.com\/avatar\/4dfbf16b4d17945bfb6341b2d19043457132fcf478a5ee04f42e959fd8f5df0a?s=96&d=mm&r=g","caption":"NOTICIASMERCEDINAS.COM"},"url":"https:\/\/noticiasmercedinas.com\/site\/author\/anonimo\/"}]}},"amp_enabled":true,"_links":{"self":[{"href":"https:\/\/noticiasmercedinas.com\/site\/wp-json\/wp\/v2\/posts\/176097","targetHints":{"allow":["GET"]}}],"collection":[{"href":"https:\/\/noticiasmercedinas.com\/site\/wp-json\/wp\/v2\/posts"}],"about":[{"href":"https:\/\/noticiasmercedinas.com\/site\/wp-json\/wp\/v2\/types\/post"}],"author":[{"embeddable":true,"href":"https:\/\/noticiasmercedinas.com\/site\/wp-json\/wp\/v2\/users\/16"}],"replies":[{"embeddable":true,"href":"https:\/\/noticiasmercedinas.com\/site\/wp-json\/wp\/v2\/comments?post=176097"}],"version-history":[{"count":2,"href":"https:\/\/noticiasmercedinas.com\/site\/wp-json\/wp\/v2\/posts\/176097\/revisions"}],"predecessor-version":[{"id":176100,"href":"https:\/\/noticiasmercedinas.com\/site\/wp-json\/wp\/v2\/posts\/176097\/revisions\/176100"}],"wp:featuredmedia":[{"embeddable":true,"href":"https:\/\/noticiasmercedinas.com\/site\/wp-json\/wp\/v2\/media\/86365"}],"wp:attachment":[{"href":"https:\/\/noticiasmercedinas.com\/site\/wp-json\/wp\/v2\/media?parent=176097"}],"wp:term":[{"taxonomy":"category","embeddable":true,"href":"https:\/\/noticiasmercedinas.com\/site\/wp-json\/wp\/v2\/categories?post=176097"},{"taxonomy":"post_tag","embeddable":true,"href":"https:\/\/noticiasmercedinas.com\/site\/wp-json\/wp\/v2\/tags?post=176097"}],"curies":[{"name":"wp","href":"https:\/\/api.w.org\/{rel}","templated":true}]}}