{"id":176140,"date":"2025-12-06T21:00:22","date_gmt":"2025-12-07T00:00:22","guid":{"rendered":"https:\/\/noticiasmercedinas.com\/site\/?p=176140"},"modified":"2025-12-06T21:02:46","modified_gmt":"2025-12-07T00:02:46","slug":"doble-triunfo-para-el-cef-40-gimnastas-mercedinas-destacan-en-el-nacional-federativo","status":"publish","type":"post","link":"https:\/\/noticiasmercedinas.com\/site\/2025\/12\/06\/doble-triunfo-para-el-cef-40-gimnastas-mercedinas-destacan-en-el-nacional-federativo\/","title":{"rendered":"Doble triunfo para el CEF 40: gimnastas mercedinas destacan en el Nacional Federativo"},"content":{"rendered":"<p data-path-to-node=\"2\"><img loading=\"lazy\" decoding=\"async\" class=\"alignnone size-full wp-image-176143\" src=\"https:\/\/noticiasmercedinas.com\/site\/wp-content\/uploads\/2025\/12\/b1d2f8c3-686b-4557-9c16-c698f111dcce.jpeg\" alt=\"\" width=\"1296\" height=\"972\" srcset=\"https:\/\/noticiasmercedinas.com\/site\/wp-content\/uploads\/2025\/12\/b1d2f8c3-686b-4557-9c16-c698f111dcce.jpeg 1296w, https:\/\/noticiasmercedinas.com\/site\/wp-content\/uploads\/2025\/12\/b1d2f8c3-686b-4557-9c16-c698f111dcce-300x225.jpeg 300w, https:\/\/noticiasmercedinas.com\/site\/wp-content\/uploads\/2025\/12\/b1d2f8c3-686b-4557-9c16-c698f111dcce-1024x768.jpeg 1024w, https:\/\/noticiasmercedinas.com\/site\/wp-content\/uploads\/2025\/12\/b1d2f8c3-686b-4557-9c16-c698f111dcce-768x576.jpeg 768w, https:\/\/noticiasmercedinas.com\/site\/wp-content\/uploads\/2025\/12\/b1d2f8c3-686b-4557-9c16-c698f111dcce-80x60.jpeg 80w, https:\/\/noticiasmercedinas.com\/site\/wp-content\/uploads\/2025\/12\/b1d2f8c3-686b-4557-9c16-c698f111dcce-160x120.jpeg 160w, https:\/\/noticiasmercedinas.com\/site\/wp-content\/uploads\/2025\/12\/b1d2f8c3-686b-4557-9c16-c698f111dcce-100x75.jpeg 100w, https:\/\/noticiasmercedinas.com\/site\/wp-content\/uploads\/2025\/12\/b1d2f8c3-686b-4557-9c16-c698f111dcce-200x150.jpeg 200w, https:\/\/noticiasmercedinas.com\/site\/wp-content\/uploads\/2025\/12\/b1d2f8c3-686b-4557-9c16-c698f111dcce-180x135.jpeg 180w, https:\/\/noticiasmercedinas.com\/site\/wp-content\/uploads\/2025\/12\/b1d2f8c3-686b-4557-9c16-c698f111dcce-360x270.jpeg 360w, https:\/\/noticiasmercedinas.com\/site\/wp-content\/uploads\/2025\/12\/b1d2f8c3-686b-4557-9c16-c698f111dcce-238x178.jpeg 238w, https:\/\/noticiasmercedinas.com\/site\/wp-content\/uploads\/2025\/12\/b1d2f8c3-686b-4557-9c16-c698f111dcce-476x356.jpeg 476w, https:\/\/noticiasmercedinas.com\/site\/wp-content\/uploads\/2025\/12\/b1d2f8c3-686b-4557-9c16-c698f111dcce-640x480.jpeg 640w, https:\/\/noticiasmercedinas.com\/site\/wp-content\/uploads\/2025\/12\/b1d2f8c3-686b-4557-9c16-c698f111dcce-1280x960.jpeg 1280w, https:\/\/noticiasmercedinas.com\/site\/wp-content\/uploads\/2025\/12\/b1d2f8c3-686b-4557-9c16-c698f111dcce-681x511.jpeg 681w\" sizes=\"auto, (max-width: 1296px) 100vw, 1296px\" \/><\/p>\n<p data-path-to-node=\"2\">Las gimnastas de la disciplina <b>Gimnasia Art\u00edstica Femenina<\/b> del <b>CEF N\u00b0 40<\/b> de Mercedes lograron una actuaci\u00f3n sobresaliente en el <b>Campeonato Nacional Federativo 2025<\/b> que se llev\u00f3 a cabo en la ciudad de <b>Aguas Verdes<\/b> durante el 5 y 6 de diciembre.<\/p>\n<p data-path-to-node=\"3\">Las j\u00f3venes compitieron en los cuatro aparatos de la disciplina: salto, paralelas, viga y suelo, cosechando un gran n\u00famero de medallas y demostrando un notable crecimiento.<\/p>\n<p data-path-to-node=\"3\"><img loading=\"lazy\" decoding=\"async\" class=\"alignnone size-full wp-image-176142\" src=\"https:\/\/noticiasmercedinas.com\/site\/wp-content\/uploads\/2025\/12\/d6fc18f9-a89d-43ed-8fcd-e93120fee528-e1765065517132.jpeg\" alt=\"\" width=\"1200\" height=\"843\" srcset=\"https:\/\/noticiasmercedinas.com\/site\/wp-content\/uploads\/2025\/12\/d6fc18f9-a89d-43ed-8fcd-e93120fee528-e1765065517132.jpeg 1200w, https:\/\/noticiasmercedinas.com\/site\/wp-content\/uploads\/2025\/12\/d6fc18f9-a89d-43ed-8fcd-e93120fee528-e1765065517132-300x211.jpeg 300w, https:\/\/noticiasmercedinas.com\/site\/wp-content\/uploads\/2025\/12\/d6fc18f9-a89d-43ed-8fcd-e93120fee528-e1765065517132-1024x719.jpeg 1024w, https:\/\/noticiasmercedinas.com\/site\/wp-content\/uploads\/2025\/12\/d6fc18f9-a89d-43ed-8fcd-e93120fee528-e1765065517132-768x540.jpeg 768w, https:\/\/noticiasmercedinas.com\/site\/wp-content\/uploads\/2025\/12\/d6fc18f9-a89d-43ed-8fcd-e93120fee528-e1765065517132-640x450.jpeg 640w, https:\/\/noticiasmercedinas.com\/site\/wp-content\/uploads\/2025\/12\/d6fc18f9-a89d-43ed-8fcd-e93120fee528-e1765065517132-681x478.jpeg 681w\" sizes=\"auto, (max-width: 1200px) 100vw, 1200px\" \/><\/p>\n<h3 data-path-to-node=\"4\">Resultados y atletas destacadas<\/h3>\n<p data-path-to-node=\"5\">Los resultados m\u00e1s relevantes fueron obtenidos en la Categor\u00eda Mayores y Pre-infantil:<\/p>\n<table data-path-to-node=\"6\">\n<thead>\n<tr>\n<td><strong>Categor\u00eda<\/strong><\/td>\n<td><strong>Gimnasta<\/strong><\/td>\n<td><strong>Puesto\/Medalla<\/strong><\/td>\n<td><strong>Aparato<\/strong><\/td>\n<td><strong>Nota M\u00e1xima<\/strong><\/td>\n<\/tr>\n<\/thead>\n<tbody>\n<tr>\n<td><span data-path-to-node=\"6,1,0,0\"><b>Mayores (N3)<\/b><\/span><\/td>\n<td><span data-path-to-node=\"6,1,1,0\"><b>Luz Gandini<\/b><\/span><\/td>\n<td><span data-path-to-node=\"6,1,2,0\">&#x1f947; AA (All Around), &#x1f947; Suelo, &#x1f947; Paralelas, &#x1f947; Viga<\/span><\/td>\n<td><span data-path-to-node=\"6,1,3,0\">M\u00faltiples<\/span><\/td>\n<td><span data-path-to-node=\"6,1,4,0\">&#8211;<\/span><\/td>\n<\/tr>\n<tr>\n<td><span data-path-to-node=\"6,2,0,0\"><b>Mayores (N3)<\/b><\/span><\/td>\n<td><span data-path-to-node=\"6,2,1,0\"><b>Margarita Perretti Rossello<\/b><\/span><\/td>\n<td><span data-path-to-node=\"6,2,2,0\">&#x1f948; AA, &#x1f947; Salto, &#x1f948; Suelo, &#x1f948; Paralelas, &#x1f948; Viga<\/span><\/td>\n<td><span data-path-to-node=\"6,2,3,0\">Salto<\/span><\/td>\n<td><span data-path-to-node=\"6,2,4,0\"><b>10<\/b> (Diez)<\/span><\/td>\n<\/tr>\n<tr>\n<td><span data-path-to-node=\"6,3,0,0\"><b>Pre-Infantil (N3)<\/b><\/span><\/td>\n<td><span data-path-to-node=\"6,3,1,0\"><b>Jazm\u00edn Natali Manazza<\/b><\/span><\/td>\n<td><span data-path-to-node=\"6,3,2,0\">&#x1f948; AA, &#x1f947; Paralelas<\/span><\/td>\n<td><span data-path-to-node=\"6,3,3,0\">Paralelas<\/span><\/td>\n<td><span data-path-to-node=\"6,3,4,0\">&#8211;<\/span><\/td>\n<\/tr>\n<tr>\n<td><span data-path-to-node=\"6,4,0,0\"><b>Infantil (N3)<\/b><\/span><\/td>\n<td><span data-path-to-node=\"6,4,1,0\"><b>Antonella Jazm\u00edn Bartolomeo<\/b><\/span><\/td>\n<td><span data-path-to-node=\"6,4,2,0\">Puesto 13 (AA), &#x1f949; Salto<\/span><\/td>\n<td><span data-path-to-node=\"6,4,3,0\">Salto<\/span><\/td>\n<td><span data-path-to-node=\"6,4,4,0\">&#8211;<\/span><\/td>\n<\/tr>\n<tr>\n<td><span data-path-to-node=\"6,5,0,0\"><b>Infantil (N2)<\/b><\/span><\/td>\n<td><span data-path-to-node=\"6,5,1,0\"><b>Julia Ortola<\/b><\/span><\/td>\n<td><span data-path-to-node=\"6,5,2,0\">Puesto 8 (AA)<\/span><\/td>\n<td><span data-path-to-node=\"6,5,3,0\">&#8211;<\/span><\/td>\n<td><span data-path-to-node=\"6,5,4,0\">&#8211;<\/span><\/td>\n<\/tr>\n<tr>\n<td><span data-path-to-node=\"6,6,0,0\"><b>Infantil (N2)<\/b><\/span><\/td>\n<td><span data-path-to-node=\"6,6,1,0\"><b>Juana Veiga<\/b><\/span><\/td>\n<td><span data-path-to-node=\"6,6,2,0\">Puesto 10 (AA), &#x1f949; Viga<\/span><\/td>\n<td><span data-path-to-node=\"6,6,3,0\">Viga<\/span><\/td>\n<td><span data-path-to-node=\"6,6,4,0\">&#8211;<\/span><\/td>\n<\/tr>\n<tr>\n<td><span data-path-to-node=\"6,7,0,0\"><b>Pre-Infantil (N2)<\/b><\/span><\/td>\n<td><span data-path-to-node=\"6,7,1,0\"><b>Sofia Lennard<\/b><\/span><\/td>\n<td><span data-path-to-node=\"6,7,2,0\">Participaci\u00f3n<\/span><\/td>\n<td><span data-path-to-node=\"6,7,3,0\">&#8211;<\/span><\/td>\n<td><span data-path-to-node=\"6,7,4,0\">&#8211;<\/span><\/td>\n<\/tr>\n<\/tbody>\n<\/table>\n<p data-path-to-node=\"7\"><img loading=\"lazy\" decoding=\"async\" class=\"alignnone wp-image-176141 size-full\" src=\"https:\/\/noticiasmercedinas.com\/site\/wp-content\/uploads\/2025\/12\/66a6a788-c628-4a2e-8978-af2fa5171ecf-e1765065584879.jpeg\" alt=\"\" width=\"660\" height=\"1214\" srcset=\"https:\/\/noticiasmercedinas.com\/site\/wp-content\/uploads\/2025\/12\/66a6a788-c628-4a2e-8978-af2fa5171ecf-e1765065584879.jpeg 660w, https:\/\/noticiasmercedinas.com\/site\/wp-content\/uploads\/2025\/12\/66a6a788-c628-4a2e-8978-af2fa5171ecf-e1765065584879-163x300.jpeg 163w, https:\/\/noticiasmercedinas.com\/site\/wp-content\/uploads\/2025\/12\/66a6a788-c628-4a2e-8978-af2fa5171ecf-e1765065584879-557x1024.jpeg 557w, https:\/\/noticiasmercedinas.com\/site\/wp-content\/uploads\/2025\/12\/66a6a788-c628-4a2e-8978-af2fa5171ecf-e1765065584879-640x1177.jpeg 640w\" sizes=\"auto, (max-width: 660px) 100vw, 660px\" \/><\/p>\n<p data-path-to-node=\"7\">Un reconocimiento especial fue para <b>Margarita Perretti Rossello<\/b> por haber obtenido la <b>nota m\u00e1xima (10)<\/b> en la prueba de <b>Salto<\/b>.<\/p>\n<p data-path-to-node=\"8\">Los profesores <b>Julieta Mar\u00eda Rossello<\/b> y <b>Silvio Javier Viscardi<\/b> agradecieron a las alumnas por su \u00abgran actuaci\u00f3n, su crecimiento y compromiso con el deporte\u00bb, as\u00ed como el apoyo brindado por las familias, el Equipo de Conducci\u00f3n del CEF N\u00b0 40 y la Secretar\u00eda de Deportes de la Municipalidad de Mercedes.<\/p>\n<p data-path-to-node=\"8\"><img loading=\"lazy\" decoding=\"async\" class=\"alignnone wp-image-176144 size-full\" src=\"https:\/\/noticiasmercedinas.com\/site\/wp-content\/uploads\/2025\/12\/85e0ce7d-0ed9-441e-b2c4-19166b474323-e1765065548857.jpeg\" alt=\"\" width=\"1200\" height=\"1035\" srcset=\"https:\/\/noticiasmercedinas.com\/site\/wp-content\/uploads\/2025\/12\/85e0ce7d-0ed9-441e-b2c4-19166b474323-e1765065548857.jpeg 1200w, https:\/\/noticiasmercedinas.com\/site\/wp-content\/uploads\/2025\/12\/85e0ce7d-0ed9-441e-b2c4-19166b474323-e1765065548857-300x259.jpeg 300w, https:\/\/noticiasmercedinas.com\/site\/wp-content\/uploads\/2025\/12\/85e0ce7d-0ed9-441e-b2c4-19166b474323-e1765065548857-1024x883.jpeg 1024w, https:\/\/noticiasmercedinas.com\/site\/wp-content\/uploads\/2025\/12\/85e0ce7d-0ed9-441e-b2c4-19166b474323-e1765065548857-768x662.jpeg 768w, https:\/\/noticiasmercedinas.com\/site\/wp-content\/uploads\/2025\/12\/85e0ce7d-0ed9-441e-b2c4-19166b474323-e1765065548857-640x552.jpeg 640w, https:\/\/noticiasmercedinas.com\/site\/wp-content\/uploads\/2025\/12\/85e0ce7d-0ed9-441e-b2c4-19166b474323-e1765065548857-681x587.jpeg 681w\" sizes=\"auto, (max-width: 1200px) 100vw, 1200px\" \/><\/p>\n<figure id=\"attachment_176146\" aria-describedby=\"caption-attachment-176146\" style=\"width: 1109px\" class=\"wp-caption alignnone\"><img loading=\"lazy\" decoding=\"async\" class=\"wp-image-176146 size-full\" src=\"https:\/\/noticiasmercedinas.com\/site\/wp-content\/uploads\/2025\/12\/FAMILIAS.jpg\" alt=\"\" width=\"1109\" height=\"577\" srcset=\"https:\/\/noticiasmercedinas.com\/site\/wp-content\/uploads\/2025\/12\/FAMILIAS.jpg 1109w, https:\/\/noticiasmercedinas.com\/site\/wp-content\/uploads\/2025\/12\/FAMILIAS-300x156.jpg 300w, https:\/\/noticiasmercedinas.com\/site\/wp-content\/uploads\/2025\/12\/FAMILIAS-1024x533.jpg 1024w, https:\/\/noticiasmercedinas.com\/site\/wp-content\/uploads\/2025\/12\/FAMILIAS-768x400.jpg 768w, https:\/\/noticiasmercedinas.com\/site\/wp-content\/uploads\/2025\/12\/FAMILIAS-640x333.jpg 640w, https:\/\/noticiasmercedinas.com\/site\/wp-content\/uploads\/2025\/12\/FAMILIAS-681x354.jpg 681w\" sizes=\"auto, (max-width: 1109px) 100vw, 1109px\" \/><figcaption id=\"caption-attachment-176146\" class=\"wp-caption-text\">Todo es posible por el acompa\u00f1amiento de las familias<\/figcaption><\/figure>\n","protected":false},"excerpt":{"rendered":"<p>\u25a0\u00a0Las alumnas del Centro de Educaci\u00f3n F\u00edsica (CEF) N\u00b0 40 de Mercedes lograron un desempe\u00f1o excepcional en Aguas Verdes, destac\u00e1ndose con medallas y una nota m\u00e1xima en Salto.<\/p>\n","protected":false},"author":16,"featured_media":176143,"comment_status":"closed","ping_status":"closed","sticky":false,"template":"","format":"standard","meta":{"footnotes":""},"categories":[5],"tags":[329,218,4656],"class_list":["post-176140","post","type-post","status-publish","format-standard","has-post-thumbnail","hentry","category-deportes","tag-atletismo","tag-cef-40","tag-gimnasia"],"yoast_head":"<!-- This site is optimized with the Yoast SEO plugin v27.5 - https:\/\/yoast.com\/product\/yoast-seo-wordpress\/ -->\n<title>Doble triunfo para el CEF 40: gimnastas mercedinas destacan en el Nacional Federativo<\/title>\n<meta name=\"description\" content=\"\u25a0\u00a0Las alumnas del Centro de Educaci\u00f3n F\u00edsica (CEF) N\u00b0 40 de Mercedes lograron un desempe\u00f1o excepcional en Aguas Verdes, destac\u00e1ndose con medallas y una nota m\u00e1xima en Salto.\" \/>\n<meta name=\"robots\" content=\"index, follow, max-snippet:-1, max-image-preview:large, max-video-preview:-1\" \/>\n<link rel=\"canonical\" href=\"https:\/\/noticiasmercedinas.com\/site\/2025\/12\/06\/doble-triunfo-para-el-cef-40-gimnastas-mercedinas-destacan-en-el-nacional-federativo\/\" \/>\n<meta property=\"og:locale\" content=\"es_ES\" \/>\n<meta property=\"og:type\" content=\"article\" \/>\n<meta property=\"og:title\" content=\"Doble triunfo para el CEF 40: gimnastas mercedinas destacan en el Nacional Federativo\" \/>\n<meta property=\"og:description\" content=\"\u25a0\u00a0Las alumnas del Centro de Educaci\u00f3n F\u00edsica (CEF) N\u00b0 40 de Mercedes lograron un desempe\u00f1o excepcional en Aguas Verdes, destac\u00e1ndose con medallas y una nota m\u00e1xima en Salto.\" \/>\n<meta property=\"og:url\" content=\"https:\/\/noticiasmercedinas.com\/site\/2025\/12\/06\/doble-triunfo-para-el-cef-40-gimnastas-mercedinas-destacan-en-el-nacional-federativo\/\" \/>\n<meta property=\"og:site_name\" content=\"NOTICIASMERCEDINAS.COM\" \/>\n<meta property=\"article:publisher\" content=\"https:\/\/www.facebook.com\/noticiasmercedinas\/\" \/>\n<meta property=\"article:published_time\" content=\"2025-12-07T00:00:22+00:00\" \/>\n<meta property=\"article:modified_time\" content=\"2025-12-07T00:02:46+00:00\" \/>\n<meta property=\"og:image\" content=\"https:\/\/noticiasmercedinas.com\/site\/wp-content\/uploads\/2025\/12\/b1d2f8c3-686b-4557-9c16-c698f111dcce.jpeg\" \/>\n\t<meta property=\"og:image:width\" content=\"1296\" \/>\n\t<meta property=\"og:image:height\" content=\"972\" \/>\n\t<meta property=\"og:image:type\" content=\"image\/jpeg\" \/>\n<meta name=\"author\" content=\"NOTICIASMERCEDINAS.COM\" \/>\n<meta name=\"twitter:card\" content=\"summary_large_image\" \/>\n<meta name=\"twitter:creator\" content=\"@notmercedinas\" \/>\n<meta name=\"twitter:site\" content=\"@notmercedinas\" \/>\n<meta name=\"twitter:label1\" content=\"Escrito por\" \/>\n\t<meta name=\"twitter:data1\" content=\"NOTICIASMERCEDINAS.COM\" \/>\n\t<meta name=\"twitter:label2\" content=\"Tiempo de lectura\" \/>\n\t<meta name=\"twitter:data2\" content=\"3 minutos\" \/>\n<script type=\"application\/ld+json\" class=\"yoast-schema-graph\">{\"@context\":\"https:\\\/\\\/schema.org\",\"@graph\":[{\"@type\":\"Article\",\"@id\":\"https:\\\/\\\/noticiasmercedinas.com\\\/site\\\/2025\\\/12\\\/06\\\/doble-triunfo-para-el-cef-40-gimnastas-mercedinas-destacan-en-el-nacional-federativo\\\/#article\",\"isPartOf\":{\"@id\":\"https:\\\/\\\/noticiasmercedinas.com\\\/site\\\/2025\\\/12\\\/06\\\/doble-triunfo-para-el-cef-40-gimnastas-mercedinas-destacan-en-el-nacional-federativo\\\/\"},\"author\":{\"name\":\"NOTICIASMERCEDINAS.COM\",\"@id\":\"https:\\\/\\\/noticiasmercedinas.com\\\/site\\\/#\\\/schema\\\/person\\\/84b59c099c28ff2e8b77d4ceec5d8063\"},\"headline\":\"Doble triunfo para el CEF 40: gimnastas mercedinas destacan en el Nacional Federativo\",\"datePublished\":\"2025-12-07T00:00:22+00:00\",\"dateModified\":\"2025-12-07T00:02:46+00:00\",\"mainEntityOfPage\":{\"@id\":\"https:\\\/\\\/noticiasmercedinas.com\\\/site\\\/2025\\\/12\\\/06\\\/doble-triunfo-para-el-cef-40-gimnastas-mercedinas-destacan-en-el-nacional-federativo\\\/\"},\"wordCount\":294,\"publisher\":{\"@id\":\"https:\\\/\\\/noticiasmercedinas.com\\\/site\\\/#organization\"},\"image\":{\"@id\":\"https:\\\/\\\/noticiasmercedinas.com\\\/site\\\/2025\\\/12\\\/06\\\/doble-triunfo-para-el-cef-40-gimnastas-mercedinas-destacan-en-el-nacional-federativo\\\/#primaryimage\"},\"thumbnailUrl\":\"https:\\\/\\\/noticiasmercedinas.com\\\/site\\\/wp-content\\\/uploads\\\/2025\\\/12\\\/b1d2f8c3-686b-4557-9c16-c698f111dcce.jpeg\",\"keywords\":[\"atletismo\",\"cef 40\",\"gimnasia\"],\"articleSection\":[\"Deportes\"],\"inLanguage\":\"es\"},{\"@type\":\"WebPage\",\"@id\":\"https:\\\/\\\/noticiasmercedinas.com\\\/site\\\/2025\\\/12\\\/06\\\/doble-triunfo-para-el-cef-40-gimnastas-mercedinas-destacan-en-el-nacional-federativo\\\/\",\"url\":\"https:\\\/\\\/noticiasmercedinas.com\\\/site\\\/2025\\\/12\\\/06\\\/doble-triunfo-para-el-cef-40-gimnastas-mercedinas-destacan-en-el-nacional-federativo\\\/\",\"name\":\"Doble triunfo para el CEF 40: gimnastas mercedinas destacan en el Nacional Federativo\",\"isPartOf\":{\"@id\":\"https:\\\/\\\/noticiasmercedinas.com\\\/site\\\/#website\"},\"primaryImageOfPage\":{\"@id\":\"https:\\\/\\\/noticiasmercedinas.com\\\/site\\\/2025\\\/12\\\/06\\\/doble-triunfo-para-el-cef-40-gimnastas-mercedinas-destacan-en-el-nacional-federativo\\\/#primaryimage\"},\"image\":{\"@id\":\"https:\\\/\\\/noticiasmercedinas.com\\\/site\\\/2025\\\/12\\\/06\\\/doble-triunfo-para-el-cef-40-gimnastas-mercedinas-destacan-en-el-nacional-federativo\\\/#primaryimage\"},\"thumbnailUrl\":\"https:\\\/\\\/noticiasmercedinas.com\\\/site\\\/wp-content\\\/uploads\\\/2025\\\/12\\\/b1d2f8c3-686b-4557-9c16-c698f111dcce.jpeg\",\"datePublished\":\"2025-12-07T00:00:22+00:00\",\"dateModified\":\"2025-12-07T00:02:46+00:00\",\"description\":\"\u25a0\u00a0Las alumnas del Centro de Educaci\u00f3n F\u00edsica (CEF) N\u00b0 40 de Mercedes lograron un desempe\u00f1o excepcional en Aguas Verdes, destac\u00e1ndose con medallas y una nota m\u00e1xima en Salto.\",\"breadcrumb\":{\"@id\":\"https:\\\/\\\/noticiasmercedinas.com\\\/site\\\/2025\\\/12\\\/06\\\/doble-triunfo-para-el-cef-40-gimnastas-mercedinas-destacan-en-el-nacional-federativo\\\/#breadcrumb\"},\"inLanguage\":\"es\",\"potentialAction\":[{\"@type\":\"ReadAction\",\"target\":[\"https:\\\/\\\/noticiasmercedinas.com\\\/site\\\/2025\\\/12\\\/06\\\/doble-triunfo-para-el-cef-40-gimnastas-mercedinas-destacan-en-el-nacional-federativo\\\/\"]}]},{\"@type\":\"ImageObject\",\"inLanguage\":\"es\",\"@id\":\"https:\\\/\\\/noticiasmercedinas.com\\\/site\\\/2025\\\/12\\\/06\\\/doble-triunfo-para-el-cef-40-gimnastas-mercedinas-destacan-en-el-nacional-federativo\\\/#primaryimage\",\"url\":\"https:\\\/\\\/noticiasmercedinas.com\\\/site\\\/wp-content\\\/uploads\\\/2025\\\/12\\\/b1d2f8c3-686b-4557-9c16-c698f111dcce.jpeg\",\"contentUrl\":\"https:\\\/\\\/noticiasmercedinas.com\\\/site\\\/wp-content\\\/uploads\\\/2025\\\/12\\\/b1d2f8c3-686b-4557-9c16-c698f111dcce.jpeg\",\"width\":1296,\"height\":972},{\"@type\":\"BreadcrumbList\",\"@id\":\"https:\\\/\\\/noticiasmercedinas.com\\\/site\\\/2025\\\/12\\\/06\\\/doble-triunfo-para-el-cef-40-gimnastas-mercedinas-destacan-en-el-nacional-federativo\\\/#breadcrumb\",\"itemListElement\":[{\"@type\":\"ListItem\",\"position\":1,\"name\":\"Portada\",\"item\":\"https:\\\/\\\/noticiasmercedinas.com\\\/site\\\/\"},{\"@type\":\"ListItem\",\"position\":2,\"name\":\"Doble triunfo para el CEF 40: gimnastas mercedinas destacan en el Nacional Federativo\"}]},{\"@type\":\"WebSite\",\"@id\":\"https:\\\/\\\/noticiasmercedinas.com\\\/site\\\/#website\",\"url\":\"https:\\\/\\\/noticiasmercedinas.com\\\/site\\\/\",\"name\":\"NOTICIASMERCEDINAS.COM\",\"description\":\"Mercedes, Buenos Aires, Argentina\",\"publisher\":{\"@id\":\"https:\\\/\\\/noticiasmercedinas.com\\\/site\\\/#organization\"},\"potentialAction\":[{\"@type\":\"SearchAction\",\"target\":{\"@type\":\"EntryPoint\",\"urlTemplate\":\"https:\\\/\\\/noticiasmercedinas.com\\\/site\\\/?s={search_term_string}\"},\"query-input\":{\"@type\":\"PropertyValueSpecification\",\"valueRequired\":true,\"valueName\":\"search_term_string\"}}],\"inLanguage\":\"es\"},{\"@type\":\"Organization\",\"@id\":\"https:\\\/\\\/noticiasmercedinas.com\\\/site\\\/#organization\",\"name\":\"NOTICIASMERCEDINAS.COM\",\"url\":\"https:\\\/\\\/noticiasmercedinas.com\\\/site\\\/\",\"logo\":{\"@type\":\"ImageObject\",\"inLanguage\":\"es\",\"@id\":\"https:\\\/\\\/noticiasmercedinas.com\\\/site\\\/#\\\/schema\\\/logo\\\/image\\\/\",\"url\":\"https:\\\/\\\/noticiasmercedinas.com\\\/site\\\/wp-content\\\/uploads\\\/2020\\\/06\\\/LOGO-512.jpg\",\"contentUrl\":\"https:\\\/\\\/noticiasmercedinas.com\\\/site\\\/wp-content\\\/uploads\\\/2020\\\/06\\\/LOGO-512.jpg\",\"width\":512,\"height\":512,\"caption\":\"NOTICIASMERCEDINAS.COM\"},\"image\":{\"@id\":\"https:\\\/\\\/noticiasmercedinas.com\\\/site\\\/#\\\/schema\\\/logo\\\/image\\\/\"},\"sameAs\":[\"https:\\\/\\\/www.facebook.com\\\/noticiasmercedinas\\\/\",\"https:\\\/\\\/x.com\\\/notmercedinas\",\"https:\\\/\\\/www.instagram.com\\\/noticiasmercedinas\\\/\"]},{\"@type\":\"Person\",\"@id\":\"https:\\\/\\\/noticiasmercedinas.com\\\/site\\\/#\\\/schema\\\/person\\\/84b59c099c28ff2e8b77d4ceec5d8063\",\"name\":\"NOTICIASMERCEDINAS.COM\",\"image\":{\"@type\":\"ImageObject\",\"inLanguage\":\"es\",\"@id\":\"https:\\\/\\\/secure.gravatar.com\\\/avatar\\\/4dfbf16b4d17945bfb6341b2d19043457132fcf478a5ee04f42e959fd8f5df0a?s=96&d=mm&r=g\",\"url\":\"https:\\\/\\\/secure.gravatar.com\\\/avatar\\\/4dfbf16b4d17945bfb6341b2d19043457132fcf478a5ee04f42e959fd8f5df0a?s=96&d=mm&r=g\",\"contentUrl\":\"https:\\\/\\\/secure.gravatar.com\\\/avatar\\\/4dfbf16b4d17945bfb6341b2d19043457132fcf478a5ee04f42e959fd8f5df0a?s=96&d=mm&r=g\",\"caption\":\"NOTICIASMERCEDINAS.COM\"},\"url\":\"https:\\\/\\\/noticiasmercedinas.com\\\/site\\\/author\\\/anonimo\\\/\"}]}<\/script>\n<!-- \/ Yoast SEO plugin. -->","yoast_head_json":{"title":"Doble triunfo para el CEF 40: gimnastas mercedinas destacan en el Nacional Federativo","description":"\u25a0\u00a0Las alumnas del Centro de Educaci\u00f3n F\u00edsica (CEF) N\u00b0 40 de Mercedes lograron un desempe\u00f1o excepcional en Aguas Verdes, destac\u00e1ndose con medallas y una nota m\u00e1xima en Salto.","robots":{"index":"index","follow":"follow","max-snippet":"max-snippet:-1","max-image-preview":"max-image-preview:large","max-video-preview":"max-video-preview:-1"},"canonical":"https:\/\/noticiasmercedinas.com\/site\/2025\/12\/06\/doble-triunfo-para-el-cef-40-gimnastas-mercedinas-destacan-en-el-nacional-federativo\/","og_locale":"es_ES","og_type":"article","og_title":"Doble triunfo para el CEF 40: gimnastas mercedinas destacan en el Nacional Federativo","og_description":"\u25a0\u00a0Las alumnas del Centro de Educaci\u00f3n F\u00edsica (CEF) N\u00b0 40 de Mercedes lograron un desempe\u00f1o excepcional en Aguas Verdes, destac\u00e1ndose con medallas y una nota m\u00e1xima en Salto.","og_url":"https:\/\/noticiasmercedinas.com\/site\/2025\/12\/06\/doble-triunfo-para-el-cef-40-gimnastas-mercedinas-destacan-en-el-nacional-federativo\/","og_site_name":"NOTICIASMERCEDINAS.COM","article_publisher":"https:\/\/www.facebook.com\/noticiasmercedinas\/","article_published_time":"2025-12-07T00:00:22+00:00","article_modified_time":"2025-12-07T00:02:46+00:00","og_image":[{"width":1296,"height":972,"url":"https:\/\/noticiasmercedinas.com\/site\/wp-content\/uploads\/2025\/12\/b1d2f8c3-686b-4557-9c16-c698f111dcce.jpeg","type":"image\/jpeg"}],"author":"NOTICIASMERCEDINAS.COM","twitter_card":"summary_large_image","twitter_creator":"@notmercedinas","twitter_site":"@notmercedinas","twitter_misc":{"Escrito por":"NOTICIASMERCEDINAS.COM","Tiempo de lectura":"3 minutos"},"schema":{"@context":"https:\/\/schema.org","@graph":[{"@type":"Article","@id":"https:\/\/noticiasmercedinas.com\/site\/2025\/12\/06\/doble-triunfo-para-el-cef-40-gimnastas-mercedinas-destacan-en-el-nacional-federativo\/#article","isPartOf":{"@id":"https:\/\/noticiasmercedinas.com\/site\/2025\/12\/06\/doble-triunfo-para-el-cef-40-gimnastas-mercedinas-destacan-en-el-nacional-federativo\/"},"author":{"name":"NOTICIASMERCEDINAS.COM","@id":"https:\/\/noticiasmercedinas.com\/site\/#\/schema\/person\/84b59c099c28ff2e8b77d4ceec5d8063"},"headline":"Doble triunfo para el CEF 40: gimnastas mercedinas destacan en el Nacional Federativo","datePublished":"2025-12-07T00:00:22+00:00","dateModified":"2025-12-07T00:02:46+00:00","mainEntityOfPage":{"@id":"https:\/\/noticiasmercedinas.com\/site\/2025\/12\/06\/doble-triunfo-para-el-cef-40-gimnastas-mercedinas-destacan-en-el-nacional-federativo\/"},"wordCount":294,"publisher":{"@id":"https:\/\/noticiasmercedinas.com\/site\/#organization"},"image":{"@id":"https:\/\/noticiasmercedinas.com\/site\/2025\/12\/06\/doble-triunfo-para-el-cef-40-gimnastas-mercedinas-destacan-en-el-nacional-federativo\/#primaryimage"},"thumbnailUrl":"https:\/\/noticiasmercedinas.com\/site\/wp-content\/uploads\/2025\/12\/b1d2f8c3-686b-4557-9c16-c698f111dcce.jpeg","keywords":["atletismo","cef 40","gimnasia"],"articleSection":["Deportes"],"inLanguage":"es"},{"@type":"WebPage","@id":"https:\/\/noticiasmercedinas.com\/site\/2025\/12\/06\/doble-triunfo-para-el-cef-40-gimnastas-mercedinas-destacan-en-el-nacional-federativo\/","url":"https:\/\/noticiasmercedinas.com\/site\/2025\/12\/06\/doble-triunfo-para-el-cef-40-gimnastas-mercedinas-destacan-en-el-nacional-federativo\/","name":"Doble triunfo para el CEF 40: gimnastas mercedinas destacan en el Nacional Federativo","isPartOf":{"@id":"https:\/\/noticiasmercedinas.com\/site\/#website"},"primaryImageOfPage":{"@id":"https:\/\/noticiasmercedinas.com\/site\/2025\/12\/06\/doble-triunfo-para-el-cef-40-gimnastas-mercedinas-destacan-en-el-nacional-federativo\/#primaryimage"},"image":{"@id":"https:\/\/noticiasmercedinas.com\/site\/2025\/12\/06\/doble-triunfo-para-el-cef-40-gimnastas-mercedinas-destacan-en-el-nacional-federativo\/#primaryimage"},"thumbnailUrl":"https:\/\/noticiasmercedinas.com\/site\/wp-content\/uploads\/2025\/12\/b1d2f8c3-686b-4557-9c16-c698f111dcce.jpeg","datePublished":"2025-12-07T00:00:22+00:00","dateModified":"2025-12-07T00:02:46+00:00","description":"\u25a0\u00a0Las alumnas del Centro de Educaci\u00f3n F\u00edsica (CEF) N\u00b0 40 de Mercedes lograron un desempe\u00f1o excepcional en Aguas Verdes, destac\u00e1ndose con medallas y una nota m\u00e1xima en Salto.","breadcrumb":{"@id":"https:\/\/noticiasmercedinas.com\/site\/2025\/12\/06\/doble-triunfo-para-el-cef-40-gimnastas-mercedinas-destacan-en-el-nacional-federativo\/#breadcrumb"},"inLanguage":"es","potentialAction":[{"@type":"ReadAction","target":["https:\/\/noticiasmercedinas.com\/site\/2025\/12\/06\/doble-triunfo-para-el-cef-40-gimnastas-mercedinas-destacan-en-el-nacional-federativo\/"]}]},{"@type":"ImageObject","inLanguage":"es","@id":"https:\/\/noticiasmercedinas.com\/site\/2025\/12\/06\/doble-triunfo-para-el-cef-40-gimnastas-mercedinas-destacan-en-el-nacional-federativo\/#primaryimage","url":"https:\/\/noticiasmercedinas.com\/site\/wp-content\/uploads\/2025\/12\/b1d2f8c3-686b-4557-9c16-c698f111dcce.jpeg","contentUrl":"https:\/\/noticiasmercedinas.com\/site\/wp-content\/uploads\/2025\/12\/b1d2f8c3-686b-4557-9c16-c698f111dcce.jpeg","width":1296,"height":972},{"@type":"BreadcrumbList","@id":"https:\/\/noticiasmercedinas.com\/site\/2025\/12\/06\/doble-triunfo-para-el-cef-40-gimnastas-mercedinas-destacan-en-el-nacional-federativo\/#breadcrumb","itemListElement":[{"@type":"ListItem","position":1,"name":"Portada","item":"https:\/\/noticiasmercedinas.com\/site\/"},{"@type":"ListItem","position":2,"name":"Doble triunfo para el CEF 40: gimnastas mercedinas destacan en el Nacional Federativo"}]},{"@type":"WebSite","@id":"https:\/\/noticiasmercedinas.com\/site\/#website","url":"https:\/\/noticiasmercedinas.com\/site\/","name":"NOTICIASMERCEDINAS.COM","description":"Mercedes, Buenos Aires, Argentina","publisher":{"@id":"https:\/\/noticiasmercedinas.com\/site\/#organization"},"potentialAction":[{"@type":"SearchAction","target":{"@type":"EntryPoint","urlTemplate":"https:\/\/noticiasmercedinas.com\/site\/?s={search_term_string}"},"query-input":{"@type":"PropertyValueSpecification","valueRequired":true,"valueName":"search_term_string"}}],"inLanguage":"es"},{"@type":"Organization","@id":"https:\/\/noticiasmercedinas.com\/site\/#organization","name":"NOTICIASMERCEDINAS.COM","url":"https:\/\/noticiasmercedinas.com\/site\/","logo":{"@type":"ImageObject","inLanguage":"es","@id":"https:\/\/noticiasmercedinas.com\/site\/#\/schema\/logo\/image\/","url":"https:\/\/noticiasmercedinas.com\/site\/wp-content\/uploads\/2020\/06\/LOGO-512.jpg","contentUrl":"https:\/\/noticiasmercedinas.com\/site\/wp-content\/uploads\/2020\/06\/LOGO-512.jpg","width":512,"height":512,"caption":"NOTICIASMERCEDINAS.COM"},"image":{"@id":"https:\/\/noticiasmercedinas.com\/site\/#\/schema\/logo\/image\/"},"sameAs":["https:\/\/www.facebook.com\/noticiasmercedinas\/","https:\/\/x.com\/notmercedinas","https:\/\/www.instagram.com\/noticiasmercedinas\/"]},{"@type":"Person","@id":"https:\/\/noticiasmercedinas.com\/site\/#\/schema\/person\/84b59c099c28ff2e8b77d4ceec5d8063","name":"NOTICIASMERCEDINAS.COM","image":{"@type":"ImageObject","inLanguage":"es","@id":"https:\/\/secure.gravatar.com\/avatar\/4dfbf16b4d17945bfb6341b2d19043457132fcf478a5ee04f42e959fd8f5df0a?s=96&d=mm&r=g","url":"https:\/\/secure.gravatar.com\/avatar\/4dfbf16b4d17945bfb6341b2d19043457132fcf478a5ee04f42e959fd8f5df0a?s=96&d=mm&r=g","contentUrl":"https:\/\/secure.gravatar.com\/avatar\/4dfbf16b4d17945bfb6341b2d19043457132fcf478a5ee04f42e959fd8f5df0a?s=96&d=mm&r=g","caption":"NOTICIASMERCEDINAS.COM"},"url":"https:\/\/noticiasmercedinas.com\/site\/author\/anonimo\/"}]}},"amp_enabled":true,"_links":{"self":[{"href":"https:\/\/noticiasmercedinas.com\/site\/wp-json\/wp\/v2\/posts\/176140","targetHints":{"allow":["GET"]}}],"collection":[{"href":"https:\/\/noticiasmercedinas.com\/site\/wp-json\/wp\/v2\/posts"}],"about":[{"href":"https:\/\/noticiasmercedinas.com\/site\/wp-json\/wp\/v2\/types\/post"}],"author":[{"embeddable":true,"href":"https:\/\/noticiasmercedinas.com\/site\/wp-json\/wp\/v2\/users\/16"}],"replies":[{"embeddable":true,"href":"https:\/\/noticiasmercedinas.com\/site\/wp-json\/wp\/v2\/comments?post=176140"}],"version-history":[{"count":3,"href":"https:\/\/noticiasmercedinas.com\/site\/wp-json\/wp\/v2\/posts\/176140\/revisions"}],"predecessor-version":[{"id":176148,"href":"https:\/\/noticiasmercedinas.com\/site\/wp-json\/wp\/v2\/posts\/176140\/revisions\/176148"}],"wp:featuredmedia":[{"embeddable":true,"href":"https:\/\/noticiasmercedinas.com\/site\/wp-json\/wp\/v2\/media\/176143"}],"wp:attachment":[{"href":"https:\/\/noticiasmercedinas.com\/site\/wp-json\/wp\/v2\/media?parent=176140"}],"wp:term":[{"taxonomy":"category","embeddable":true,"href":"https:\/\/noticiasmercedinas.com\/site\/wp-json\/wp\/v2\/categories?post=176140"},{"taxonomy":"post_tag","embeddable":true,"href":"https:\/\/noticiasmercedinas.com\/site\/wp-json\/wp\/v2\/tags?post=176140"}],"curies":[{"name":"wp","href":"https:\/\/api.w.org\/{rel}","templated":true}]}}