{"id":176246,"date":"2025-12-08T09:53:46","date_gmt":"2025-12-08T12:53:46","guid":{"rendered":"https:\/\/noticiasmercedinas.com\/site\/?p=176246"},"modified":"2025-12-08T11:18:56","modified_gmt":"2025-12-08T14:18:56","slug":"refuerzan-controles-viales-20-vehiculos-secuestrados-en-un-fin-de-semana","status":"publish","type":"post","link":"https:\/\/noticiasmercedinas.com\/site\/2025\/12\/08\/refuerzan-controles-viales-20-vehiculos-secuestrados-en-un-fin-de-semana\/","title":{"rendered":"Controles viales: 20 veh\u00edculos secuestrados en un fin de semana"},"content":{"rendered":"<p><img loading=\"lazy\" decoding=\"async\" class=\"alignnone size-full wp-image-176250\" src=\"https:\/\/noticiasmercedinas.com\/site\/wp-content\/uploads\/2025\/12\/IMG-20251208-WA0004.jpg\" alt=\"\" width=\"1280\" height=\"960\" srcset=\"https:\/\/noticiasmercedinas.com\/site\/wp-content\/uploads\/2025\/12\/IMG-20251208-WA0004.jpg 1280w, https:\/\/noticiasmercedinas.com\/site\/wp-content\/uploads\/2025\/12\/IMG-20251208-WA0004-300x225.jpg 300w, https:\/\/noticiasmercedinas.com\/site\/wp-content\/uploads\/2025\/12\/IMG-20251208-WA0004-1024x768.jpg 1024w, https:\/\/noticiasmercedinas.com\/site\/wp-content\/uploads\/2025\/12\/IMG-20251208-WA0004-768x576.jpg 768w, https:\/\/noticiasmercedinas.com\/site\/wp-content\/uploads\/2025\/12\/IMG-20251208-WA0004-80x60.jpg 80w, https:\/\/noticiasmercedinas.com\/site\/wp-content\/uploads\/2025\/12\/IMG-20251208-WA0004-160x120.jpg 160w, https:\/\/noticiasmercedinas.com\/site\/wp-content\/uploads\/2025\/12\/IMG-20251208-WA0004-100x75.jpg 100w, https:\/\/noticiasmercedinas.com\/site\/wp-content\/uploads\/2025\/12\/IMG-20251208-WA0004-200x150.jpg 200w, https:\/\/noticiasmercedinas.com\/site\/wp-content\/uploads\/2025\/12\/IMG-20251208-WA0004-180x135.jpg 180w, https:\/\/noticiasmercedinas.com\/site\/wp-content\/uploads\/2025\/12\/IMG-20251208-WA0004-360x270.jpg 360w, https:\/\/noticiasmercedinas.com\/site\/wp-content\/uploads\/2025\/12\/IMG-20251208-WA0004-238x178.jpg 238w, https:\/\/noticiasmercedinas.com\/site\/wp-content\/uploads\/2025\/12\/IMG-20251208-WA0004-476x356.jpg 476w, https:\/\/noticiasmercedinas.com\/site\/wp-content\/uploads\/2025\/12\/IMG-20251208-WA0004-640x480.jpg 640w, https:\/\/noticiasmercedinas.com\/site\/wp-content\/uploads\/2025\/12\/IMG-20251208-WA0004-681x511.jpg 681w\" sizes=\"auto, (max-width: 1280px) 100vw, 1280px\" \/><\/p>\n<p>La Secretar\u00eda de Seguridad local, bajo la conducci\u00f3n del Dr. Mat\u00edas Maresca, mantiene firmes sus operativos de seguridad vial en puntos estrat\u00e9gicos de la ciudad y zonas identificadas por reclamos vecinales.<\/p>\n<p>El \u00faltimo fin de semana culmin\u00f3 con el secuestro de 19 motocicletas y un autom\u00f3vil, como parte de una campa\u00f1a orientada a garantizar el cumplimiento de las normas de tr\u00e1nsito y, fundamentalmente, \u00abel cuidado de la vida\u00bb, seg\u00fan destacaron las autoridades.<\/p>\n<p><img loading=\"lazy\" decoding=\"async\" class=\"alignnone size-full wp-image-176249\" src=\"https:\/\/noticiasmercedinas.com\/site\/wp-content\/uploads\/2025\/12\/IMG-20251208-WA0005-e1765198371862.jpg\" alt=\"\" width=\"960\" height=\"645\" srcset=\"https:\/\/noticiasmercedinas.com\/site\/wp-content\/uploads\/2025\/12\/IMG-20251208-WA0005-e1765198371862.jpg 960w, https:\/\/noticiasmercedinas.com\/site\/wp-content\/uploads\/2025\/12\/IMG-20251208-WA0005-e1765198371862-300x202.jpg 300w, https:\/\/noticiasmercedinas.com\/site\/wp-content\/uploads\/2025\/12\/IMG-20251208-WA0005-e1765198371862-768x516.jpg 768w, https:\/\/noticiasmercedinas.com\/site\/wp-content\/uploads\/2025\/12\/IMG-20251208-WA0005-e1765198371862-537x360.jpg 537w, https:\/\/noticiasmercedinas.com\/site\/wp-content\/uploads\/2025\/12\/IMG-20251208-WA0005-e1765198371862-640x430.jpg 640w, https:\/\/noticiasmercedinas.com\/site\/wp-content\/uploads\/2025\/12\/IMG-20251208-WA0005-e1765198371862-681x458.jpg 681w\" sizes=\"auto, (max-width: 960px) 100vw, 960px\" \/><\/p>\n<p>Los controles se desplegaron durante toda la semana en avenidas y cruces clave, focaliz\u00e1ndose el fin de semana en \u00e1reas de concentraci\u00f3n social, incluyendo plazas y el Complejo Cultural La Trocha.<\/p>\n<p>En el epicentro de La Trocha, la acci\u00f3n conjunta del personal de Tr\u00e1nsito y la Polic\u00eda Comunal result\u00f3 en el decomiso de las 19 motocicletas por diversas irregularidades. Adem\u00e1s, se secuestr\u00f3 un autom\u00f3vil Volkswagen Virtus que fue interceptado mientras realizaba maniobras peligrosas en la v\u00eda p\u00fablica, procedi\u00e9ndose a su detenci\u00f3n y fajado.<\/p>\n<p>Un aspecto adicional abordado en esta zona fue la atenci\u00f3n a las denuncias por ruidos molestos, un problema generado por veh\u00edculos que \u00abhab\u00edan tomado el h\u00e1bito de poner m\u00fasica a alto volumen en horarios no acorde\u00bb, afectando la tranquilidad de los vecinos.<\/p>\n<p>Desde la Secretar\u00eda de Seguridad, a cargo de Maresca y V\u00edctor Palazzo, se reiter\u00f3 que el objetivo central de estos operativos es siempre cuidar la vida, promoviendo la seguridad vial y dando una respuesta directa a las demandas de la ciudadan\u00eda.<\/p>\n<p>La estrategia de seguridad vial de la Comuna se complementa con acciones socioeducativas:<\/p>\n<ul>\n<li>D\u00edas atr\u00e1s se llev\u00f3 a cabo la destrucci\u00f3n de m\u00e1s de 200 escapes (libres o antirreglamentarios).<\/li>\n<li>Se mantienen activos los cursos descentralizados de licencia de conducir.<\/li>\n<\/ul>\n<p>Fuentes extraoficiales indicaron que los siniestros viales han disminuido notablemente a ra\u00edz de la intensificaci\u00f3n de los operativos, junto con un mayor uso del casco entre los motociclistas.<\/p>\n<p>La Secretar\u00eda de Seguridad se encuentra trabajando en un informe oficial con estos datos, el cual planean dar a conocer en los pr\u00f3ximos d\u00edas.<\/p>\n<p><img loading=\"lazy\" decoding=\"async\" class=\"alignnone size-full wp-image-176251\" src=\"https:\/\/noticiasmercedinas.com\/site\/wp-content\/uploads\/2025\/12\/IMG-20251208-WA0003.jpg\" alt=\"\" width=\"1280\" height=\"960\" srcset=\"https:\/\/noticiasmercedinas.com\/site\/wp-content\/uploads\/2025\/12\/IMG-20251208-WA0003.jpg 1280w, https:\/\/noticiasmercedinas.com\/site\/wp-content\/uploads\/2025\/12\/IMG-20251208-WA0003-300x225.jpg 300w, https:\/\/noticiasmercedinas.com\/site\/wp-content\/uploads\/2025\/12\/IMG-20251208-WA0003-1024x768.jpg 1024w, https:\/\/noticiasmercedinas.com\/site\/wp-content\/uploads\/2025\/12\/IMG-20251208-WA0003-768x576.jpg 768w, https:\/\/noticiasmercedinas.com\/site\/wp-content\/uploads\/2025\/12\/IMG-20251208-WA0003-80x60.jpg 80w, https:\/\/noticiasmercedinas.com\/site\/wp-content\/uploads\/2025\/12\/IMG-20251208-WA0003-160x120.jpg 160w, https:\/\/noticiasmercedinas.com\/site\/wp-content\/uploads\/2025\/12\/IMG-20251208-WA0003-100x75.jpg 100w, https:\/\/noticiasmercedinas.com\/site\/wp-content\/uploads\/2025\/12\/IMG-20251208-WA0003-200x150.jpg 200w, https:\/\/noticiasmercedinas.com\/site\/wp-content\/uploads\/2025\/12\/IMG-20251208-WA0003-180x135.jpg 180w, https:\/\/noticiasmercedinas.com\/site\/wp-content\/uploads\/2025\/12\/IMG-20251208-WA0003-360x270.jpg 360w, https:\/\/noticiasmercedinas.com\/site\/wp-content\/uploads\/2025\/12\/IMG-20251208-WA0003-238x178.jpg 238w, https:\/\/noticiasmercedinas.com\/site\/wp-content\/uploads\/2025\/12\/IMG-20251208-WA0003-476x356.jpg 476w, https:\/\/noticiasmercedinas.com\/site\/wp-content\/uploads\/2025\/12\/IMG-20251208-WA0003-640x480.jpg 640w, https:\/\/noticiasmercedinas.com\/site\/wp-content\/uploads\/2025\/12\/IMG-20251208-WA0003-681x511.jpg 681w\" sizes=\"auto, (max-width: 1280px) 100vw, 1280px\" \/><\/p>\n","protected":false},"excerpt":{"rendered":"<p>La Secretar\u00eda de Seguridad de la ciudad intensifica los operativos en respuesta a demandas vecinales, logrando un impacto positivo en la disminuci\u00f3n de siniestros viales.<\/p>\n","protected":false},"author":16,"featured_media":176250,"comment_status":"closed","ping_status":"closed","sticky":false,"template":"","format":"standard","meta":{"footnotes":""},"categories":[7,20734],"tags":[2242,11929,3155,3675],"class_list":["post-176246","post","type-post","status-publish","format-standard","has-post-thumbnail","hentry","category-policiales","category-ultimo-momento","tag-autos","tag-matias-maresca","tag-motos","tag-secuestro"],"yoast_head":"<!-- This site is optimized with the Yoast SEO plugin v27.5 - https:\/\/yoast.com\/product\/yoast-seo-wordpress\/ -->\n<title>Controles viales: 20 veh\u00edculos secuestrados en un fin de semana<\/title>\n<meta name=\"description\" content=\"La Secretar\u00eda de Seguridad de la ciudad intensifica los operativos en respuesta a demandas vecinales, logrando un impacto positivo en la disminuci\u00f3n de siniestros viales.\" \/>\n<meta name=\"robots\" content=\"index, follow, max-snippet:-1, max-image-preview:large, max-video-preview:-1\" \/>\n<link rel=\"canonical\" href=\"https:\/\/noticiasmercedinas.com\/site\/2025\/12\/08\/refuerzan-controles-viales-20-vehiculos-secuestrados-en-un-fin-de-semana\/\" \/>\n<meta property=\"og:locale\" content=\"es_ES\" \/>\n<meta property=\"og:type\" content=\"article\" \/>\n<meta property=\"og:title\" content=\"Controles viales: 20 veh\u00edculos secuestrados en un fin de semana\" \/>\n<meta property=\"og:description\" content=\"La Secretar\u00eda de Seguridad de la ciudad intensifica los operativos en respuesta a demandas vecinales, logrando un impacto positivo en la disminuci\u00f3n de siniestros viales.\" \/>\n<meta property=\"og:url\" content=\"https:\/\/noticiasmercedinas.com\/site\/2025\/12\/08\/refuerzan-controles-viales-20-vehiculos-secuestrados-en-un-fin-de-semana\/\" \/>\n<meta property=\"og:site_name\" content=\"NOTICIASMERCEDINAS.COM\" \/>\n<meta property=\"article:publisher\" content=\"https:\/\/www.facebook.com\/noticiasmercedinas\/\" \/>\n<meta property=\"article:published_time\" content=\"2025-12-08T12:53:46+00:00\" \/>\n<meta property=\"article:modified_time\" content=\"2025-12-08T14:18:56+00:00\" \/>\n<meta property=\"og:image\" content=\"https:\/\/noticiasmercedinas.com\/site\/wp-content\/uploads\/2025\/12\/IMG-20251208-WA0004.jpg\" \/>\n\t<meta property=\"og:image:width\" content=\"1280\" \/>\n\t<meta property=\"og:image:height\" content=\"960\" \/>\n\t<meta property=\"og:image:type\" content=\"image\/jpeg\" \/>\n<meta name=\"author\" content=\"NOTICIASMERCEDINAS.COM\" \/>\n<meta name=\"twitter:card\" content=\"summary_large_image\" \/>\n<meta name=\"twitter:creator\" content=\"@notmercedinas\" \/>\n<meta name=\"twitter:site\" content=\"@notmercedinas\" \/>\n<meta name=\"twitter:label1\" content=\"Escrito por\" \/>\n\t<meta name=\"twitter:data1\" content=\"NOTICIASMERCEDINAS.COM\" \/>\n\t<meta name=\"twitter:label2\" content=\"Tiempo de lectura\" \/>\n\t<meta name=\"twitter:data2\" content=\"3 minutos\" \/>\n<script type=\"application\/ld+json\" class=\"yoast-schema-graph\">{\"@context\":\"https:\\\/\\\/schema.org\",\"@graph\":[{\"@type\":\"Article\",\"@id\":\"https:\\\/\\\/noticiasmercedinas.com\\\/site\\\/2025\\\/12\\\/08\\\/refuerzan-controles-viales-20-vehiculos-secuestrados-en-un-fin-de-semana\\\/#article\",\"isPartOf\":{\"@id\":\"https:\\\/\\\/noticiasmercedinas.com\\\/site\\\/2025\\\/12\\\/08\\\/refuerzan-controles-viales-20-vehiculos-secuestrados-en-un-fin-de-semana\\\/\"},\"author\":{\"name\":\"NOTICIASMERCEDINAS.COM\",\"@id\":\"https:\\\/\\\/noticiasmercedinas.com\\\/site\\\/#\\\/schema\\\/person\\\/84b59c099c28ff2e8b77d4ceec5d8063\"},\"headline\":\"Controles viales: 20 veh\u00edculos secuestrados en un fin de semana\",\"datePublished\":\"2025-12-08T12:53:46+00:00\",\"dateModified\":\"2025-12-08T14:18:56+00:00\",\"mainEntityOfPage\":{\"@id\":\"https:\\\/\\\/noticiasmercedinas.com\\\/site\\\/2025\\\/12\\\/08\\\/refuerzan-controles-viales-20-vehiculos-secuestrados-en-un-fin-de-semana\\\/\"},\"wordCount\":372,\"publisher\":{\"@id\":\"https:\\\/\\\/noticiasmercedinas.com\\\/site\\\/#organization\"},\"image\":{\"@id\":\"https:\\\/\\\/noticiasmercedinas.com\\\/site\\\/2025\\\/12\\\/08\\\/refuerzan-controles-viales-20-vehiculos-secuestrados-en-un-fin-de-semana\\\/#primaryimage\"},\"thumbnailUrl\":\"https:\\\/\\\/noticiasmercedinas.com\\\/site\\\/wp-content\\\/uploads\\\/2025\\\/12\\\/IMG-20251208-WA0004.jpg\",\"keywords\":[\"autos\",\"Mat\u00edas Maresca\",\"motos\",\"Secuestro\"],\"articleSection\":[\"Seguridad\",\"Ultimo momento\"],\"inLanguage\":\"es\"},{\"@type\":\"WebPage\",\"@id\":\"https:\\\/\\\/noticiasmercedinas.com\\\/site\\\/2025\\\/12\\\/08\\\/refuerzan-controles-viales-20-vehiculos-secuestrados-en-un-fin-de-semana\\\/\",\"url\":\"https:\\\/\\\/noticiasmercedinas.com\\\/site\\\/2025\\\/12\\\/08\\\/refuerzan-controles-viales-20-vehiculos-secuestrados-en-un-fin-de-semana\\\/\",\"name\":\"Controles viales: 20 veh\u00edculos secuestrados en un fin de semana\",\"isPartOf\":{\"@id\":\"https:\\\/\\\/noticiasmercedinas.com\\\/site\\\/#website\"},\"primaryImageOfPage\":{\"@id\":\"https:\\\/\\\/noticiasmercedinas.com\\\/site\\\/2025\\\/12\\\/08\\\/refuerzan-controles-viales-20-vehiculos-secuestrados-en-un-fin-de-semana\\\/#primaryimage\"},\"image\":{\"@id\":\"https:\\\/\\\/noticiasmercedinas.com\\\/site\\\/2025\\\/12\\\/08\\\/refuerzan-controles-viales-20-vehiculos-secuestrados-en-un-fin-de-semana\\\/#primaryimage\"},\"thumbnailUrl\":\"https:\\\/\\\/noticiasmercedinas.com\\\/site\\\/wp-content\\\/uploads\\\/2025\\\/12\\\/IMG-20251208-WA0004.jpg\",\"datePublished\":\"2025-12-08T12:53:46+00:00\",\"dateModified\":\"2025-12-08T14:18:56+00:00\",\"description\":\"La Secretar\u00eda de Seguridad de la ciudad intensifica los operativos en respuesta a demandas vecinales, logrando un impacto positivo en la disminuci\u00f3n de siniestros viales.\",\"breadcrumb\":{\"@id\":\"https:\\\/\\\/noticiasmercedinas.com\\\/site\\\/2025\\\/12\\\/08\\\/refuerzan-controles-viales-20-vehiculos-secuestrados-en-un-fin-de-semana\\\/#breadcrumb\"},\"inLanguage\":\"es\",\"potentialAction\":[{\"@type\":\"ReadAction\",\"target\":[\"https:\\\/\\\/noticiasmercedinas.com\\\/site\\\/2025\\\/12\\\/08\\\/refuerzan-controles-viales-20-vehiculos-secuestrados-en-un-fin-de-semana\\\/\"]}]},{\"@type\":\"ImageObject\",\"inLanguage\":\"es\",\"@id\":\"https:\\\/\\\/noticiasmercedinas.com\\\/site\\\/2025\\\/12\\\/08\\\/refuerzan-controles-viales-20-vehiculos-secuestrados-en-un-fin-de-semana\\\/#primaryimage\",\"url\":\"https:\\\/\\\/noticiasmercedinas.com\\\/site\\\/wp-content\\\/uploads\\\/2025\\\/12\\\/IMG-20251208-WA0004.jpg\",\"contentUrl\":\"https:\\\/\\\/noticiasmercedinas.com\\\/site\\\/wp-content\\\/uploads\\\/2025\\\/12\\\/IMG-20251208-WA0004.jpg\",\"width\":1280,\"height\":960},{\"@type\":\"BreadcrumbList\",\"@id\":\"https:\\\/\\\/noticiasmercedinas.com\\\/site\\\/2025\\\/12\\\/08\\\/refuerzan-controles-viales-20-vehiculos-secuestrados-en-un-fin-de-semana\\\/#breadcrumb\",\"itemListElement\":[{\"@type\":\"ListItem\",\"position\":1,\"name\":\"Portada\",\"item\":\"https:\\\/\\\/noticiasmercedinas.com\\\/site\\\/\"},{\"@type\":\"ListItem\",\"position\":2,\"name\":\"Controles viales: 20 veh\u00edculos secuestrados en un fin de semana\"}]},{\"@type\":\"WebSite\",\"@id\":\"https:\\\/\\\/noticiasmercedinas.com\\\/site\\\/#website\",\"url\":\"https:\\\/\\\/noticiasmercedinas.com\\\/site\\\/\",\"name\":\"NOTICIASMERCEDINAS.COM\",\"description\":\"Mercedes, Buenos Aires, Argentina\",\"publisher\":{\"@id\":\"https:\\\/\\\/noticiasmercedinas.com\\\/site\\\/#organization\"},\"potentialAction\":[{\"@type\":\"SearchAction\",\"target\":{\"@type\":\"EntryPoint\",\"urlTemplate\":\"https:\\\/\\\/noticiasmercedinas.com\\\/site\\\/?s={search_term_string}\"},\"query-input\":{\"@type\":\"PropertyValueSpecification\",\"valueRequired\":true,\"valueName\":\"search_term_string\"}}],\"inLanguage\":\"es\"},{\"@type\":\"Organization\",\"@id\":\"https:\\\/\\\/noticiasmercedinas.com\\\/site\\\/#organization\",\"name\":\"NOTICIASMERCEDINAS.COM\",\"url\":\"https:\\\/\\\/noticiasmercedinas.com\\\/site\\\/\",\"logo\":{\"@type\":\"ImageObject\",\"inLanguage\":\"es\",\"@id\":\"https:\\\/\\\/noticiasmercedinas.com\\\/site\\\/#\\\/schema\\\/logo\\\/image\\\/\",\"url\":\"https:\\\/\\\/noticiasmercedinas.com\\\/site\\\/wp-content\\\/uploads\\\/2020\\\/06\\\/LOGO-512.jpg\",\"contentUrl\":\"https:\\\/\\\/noticiasmercedinas.com\\\/site\\\/wp-content\\\/uploads\\\/2020\\\/06\\\/LOGO-512.jpg\",\"width\":512,\"height\":512,\"caption\":\"NOTICIASMERCEDINAS.COM\"},\"image\":{\"@id\":\"https:\\\/\\\/noticiasmercedinas.com\\\/site\\\/#\\\/schema\\\/logo\\\/image\\\/\"},\"sameAs\":[\"https:\\\/\\\/www.facebook.com\\\/noticiasmercedinas\\\/\",\"https:\\\/\\\/x.com\\\/notmercedinas\",\"https:\\\/\\\/www.instagram.com\\\/noticiasmercedinas\\\/\"]},{\"@type\":\"Person\",\"@id\":\"https:\\\/\\\/noticiasmercedinas.com\\\/site\\\/#\\\/schema\\\/person\\\/84b59c099c28ff2e8b77d4ceec5d8063\",\"name\":\"NOTICIASMERCEDINAS.COM\",\"image\":{\"@type\":\"ImageObject\",\"inLanguage\":\"es\",\"@id\":\"https:\\\/\\\/secure.gravatar.com\\\/avatar\\\/4dfbf16b4d17945bfb6341b2d19043457132fcf478a5ee04f42e959fd8f5df0a?s=96&d=mm&r=g\",\"url\":\"https:\\\/\\\/secure.gravatar.com\\\/avatar\\\/4dfbf16b4d17945bfb6341b2d19043457132fcf478a5ee04f42e959fd8f5df0a?s=96&d=mm&r=g\",\"contentUrl\":\"https:\\\/\\\/secure.gravatar.com\\\/avatar\\\/4dfbf16b4d17945bfb6341b2d19043457132fcf478a5ee04f42e959fd8f5df0a?s=96&d=mm&r=g\",\"caption\":\"NOTICIASMERCEDINAS.COM\"},\"url\":\"https:\\\/\\\/noticiasmercedinas.com\\\/site\\\/author\\\/anonimo\\\/\"}]}<\/script>\n<!-- \/ Yoast SEO plugin. -->","yoast_head_json":{"title":"Controles viales: 20 veh\u00edculos secuestrados en un fin de semana","description":"La Secretar\u00eda de Seguridad de la ciudad intensifica los operativos en respuesta a demandas vecinales, logrando un impacto positivo en la disminuci\u00f3n de siniestros viales.","robots":{"index":"index","follow":"follow","max-snippet":"max-snippet:-1","max-image-preview":"max-image-preview:large","max-video-preview":"max-video-preview:-1"},"canonical":"https:\/\/noticiasmercedinas.com\/site\/2025\/12\/08\/refuerzan-controles-viales-20-vehiculos-secuestrados-en-un-fin-de-semana\/","og_locale":"es_ES","og_type":"article","og_title":"Controles viales: 20 veh\u00edculos secuestrados en un fin de semana","og_description":"La Secretar\u00eda de Seguridad de la ciudad intensifica los operativos en respuesta a demandas vecinales, logrando un impacto positivo en la disminuci\u00f3n de siniestros viales.","og_url":"https:\/\/noticiasmercedinas.com\/site\/2025\/12\/08\/refuerzan-controles-viales-20-vehiculos-secuestrados-en-un-fin-de-semana\/","og_site_name":"NOTICIASMERCEDINAS.COM","article_publisher":"https:\/\/www.facebook.com\/noticiasmercedinas\/","article_published_time":"2025-12-08T12:53:46+00:00","article_modified_time":"2025-12-08T14:18:56+00:00","og_image":[{"width":1280,"height":960,"url":"https:\/\/noticiasmercedinas.com\/site\/wp-content\/uploads\/2025\/12\/IMG-20251208-WA0004.jpg","type":"image\/jpeg"}],"author":"NOTICIASMERCEDINAS.COM","twitter_card":"summary_large_image","twitter_creator":"@notmercedinas","twitter_site":"@notmercedinas","twitter_misc":{"Escrito por":"NOTICIASMERCEDINAS.COM","Tiempo de lectura":"3 minutos"},"schema":{"@context":"https:\/\/schema.org","@graph":[{"@type":"Article","@id":"https:\/\/noticiasmercedinas.com\/site\/2025\/12\/08\/refuerzan-controles-viales-20-vehiculos-secuestrados-en-un-fin-de-semana\/#article","isPartOf":{"@id":"https:\/\/noticiasmercedinas.com\/site\/2025\/12\/08\/refuerzan-controles-viales-20-vehiculos-secuestrados-en-un-fin-de-semana\/"},"author":{"name":"NOTICIASMERCEDINAS.COM","@id":"https:\/\/noticiasmercedinas.com\/site\/#\/schema\/person\/84b59c099c28ff2e8b77d4ceec5d8063"},"headline":"Controles viales: 20 veh\u00edculos secuestrados en un fin de semana","datePublished":"2025-12-08T12:53:46+00:00","dateModified":"2025-12-08T14:18:56+00:00","mainEntityOfPage":{"@id":"https:\/\/noticiasmercedinas.com\/site\/2025\/12\/08\/refuerzan-controles-viales-20-vehiculos-secuestrados-en-un-fin-de-semana\/"},"wordCount":372,"publisher":{"@id":"https:\/\/noticiasmercedinas.com\/site\/#organization"},"image":{"@id":"https:\/\/noticiasmercedinas.com\/site\/2025\/12\/08\/refuerzan-controles-viales-20-vehiculos-secuestrados-en-un-fin-de-semana\/#primaryimage"},"thumbnailUrl":"https:\/\/noticiasmercedinas.com\/site\/wp-content\/uploads\/2025\/12\/IMG-20251208-WA0004.jpg","keywords":["autos","Mat\u00edas Maresca","motos","Secuestro"],"articleSection":["Seguridad","Ultimo momento"],"inLanguage":"es"},{"@type":"WebPage","@id":"https:\/\/noticiasmercedinas.com\/site\/2025\/12\/08\/refuerzan-controles-viales-20-vehiculos-secuestrados-en-un-fin-de-semana\/","url":"https:\/\/noticiasmercedinas.com\/site\/2025\/12\/08\/refuerzan-controles-viales-20-vehiculos-secuestrados-en-un-fin-de-semana\/","name":"Controles viales: 20 veh\u00edculos secuestrados en un fin de semana","isPartOf":{"@id":"https:\/\/noticiasmercedinas.com\/site\/#website"},"primaryImageOfPage":{"@id":"https:\/\/noticiasmercedinas.com\/site\/2025\/12\/08\/refuerzan-controles-viales-20-vehiculos-secuestrados-en-un-fin-de-semana\/#primaryimage"},"image":{"@id":"https:\/\/noticiasmercedinas.com\/site\/2025\/12\/08\/refuerzan-controles-viales-20-vehiculos-secuestrados-en-un-fin-de-semana\/#primaryimage"},"thumbnailUrl":"https:\/\/noticiasmercedinas.com\/site\/wp-content\/uploads\/2025\/12\/IMG-20251208-WA0004.jpg","datePublished":"2025-12-08T12:53:46+00:00","dateModified":"2025-12-08T14:18:56+00:00","description":"La Secretar\u00eda de Seguridad de la ciudad intensifica los operativos en respuesta a demandas vecinales, logrando un impacto positivo en la disminuci\u00f3n de siniestros viales.","breadcrumb":{"@id":"https:\/\/noticiasmercedinas.com\/site\/2025\/12\/08\/refuerzan-controles-viales-20-vehiculos-secuestrados-en-un-fin-de-semana\/#breadcrumb"},"inLanguage":"es","potentialAction":[{"@type":"ReadAction","target":["https:\/\/noticiasmercedinas.com\/site\/2025\/12\/08\/refuerzan-controles-viales-20-vehiculos-secuestrados-en-un-fin-de-semana\/"]}]},{"@type":"ImageObject","inLanguage":"es","@id":"https:\/\/noticiasmercedinas.com\/site\/2025\/12\/08\/refuerzan-controles-viales-20-vehiculos-secuestrados-en-un-fin-de-semana\/#primaryimage","url":"https:\/\/noticiasmercedinas.com\/site\/wp-content\/uploads\/2025\/12\/IMG-20251208-WA0004.jpg","contentUrl":"https:\/\/noticiasmercedinas.com\/site\/wp-content\/uploads\/2025\/12\/IMG-20251208-WA0004.jpg","width":1280,"height":960},{"@type":"BreadcrumbList","@id":"https:\/\/noticiasmercedinas.com\/site\/2025\/12\/08\/refuerzan-controles-viales-20-vehiculos-secuestrados-en-un-fin-de-semana\/#breadcrumb","itemListElement":[{"@type":"ListItem","position":1,"name":"Portada","item":"https:\/\/noticiasmercedinas.com\/site\/"},{"@type":"ListItem","position":2,"name":"Controles viales: 20 veh\u00edculos secuestrados en un fin de semana"}]},{"@type":"WebSite","@id":"https:\/\/noticiasmercedinas.com\/site\/#website","url":"https:\/\/noticiasmercedinas.com\/site\/","name":"NOTICIASMERCEDINAS.COM","description":"Mercedes, Buenos Aires, Argentina","publisher":{"@id":"https:\/\/noticiasmercedinas.com\/site\/#organization"},"potentialAction":[{"@type":"SearchAction","target":{"@type":"EntryPoint","urlTemplate":"https:\/\/noticiasmercedinas.com\/site\/?s={search_term_string}"},"query-input":{"@type":"PropertyValueSpecification","valueRequired":true,"valueName":"search_term_string"}}],"inLanguage":"es"},{"@type":"Organization","@id":"https:\/\/noticiasmercedinas.com\/site\/#organization","name":"NOTICIASMERCEDINAS.COM","url":"https:\/\/noticiasmercedinas.com\/site\/","logo":{"@type":"ImageObject","inLanguage":"es","@id":"https:\/\/noticiasmercedinas.com\/site\/#\/schema\/logo\/image\/","url":"https:\/\/noticiasmercedinas.com\/site\/wp-content\/uploads\/2020\/06\/LOGO-512.jpg","contentUrl":"https:\/\/noticiasmercedinas.com\/site\/wp-content\/uploads\/2020\/06\/LOGO-512.jpg","width":512,"height":512,"caption":"NOTICIASMERCEDINAS.COM"},"image":{"@id":"https:\/\/noticiasmercedinas.com\/site\/#\/schema\/logo\/image\/"},"sameAs":["https:\/\/www.facebook.com\/noticiasmercedinas\/","https:\/\/x.com\/notmercedinas","https:\/\/www.instagram.com\/noticiasmercedinas\/"]},{"@type":"Person","@id":"https:\/\/noticiasmercedinas.com\/site\/#\/schema\/person\/84b59c099c28ff2e8b77d4ceec5d8063","name":"NOTICIASMERCEDINAS.COM","image":{"@type":"ImageObject","inLanguage":"es","@id":"https:\/\/secure.gravatar.com\/avatar\/4dfbf16b4d17945bfb6341b2d19043457132fcf478a5ee04f42e959fd8f5df0a?s=96&d=mm&r=g","url":"https:\/\/secure.gravatar.com\/avatar\/4dfbf16b4d17945bfb6341b2d19043457132fcf478a5ee04f42e959fd8f5df0a?s=96&d=mm&r=g","contentUrl":"https:\/\/secure.gravatar.com\/avatar\/4dfbf16b4d17945bfb6341b2d19043457132fcf478a5ee04f42e959fd8f5df0a?s=96&d=mm&r=g","caption":"NOTICIASMERCEDINAS.COM"},"url":"https:\/\/noticiasmercedinas.com\/site\/author\/anonimo\/"}]}},"amp_enabled":true,"_links":{"self":[{"href":"https:\/\/noticiasmercedinas.com\/site\/wp-json\/wp\/v2\/posts\/176246","targetHints":{"allow":["GET"]}}],"collection":[{"href":"https:\/\/noticiasmercedinas.com\/site\/wp-json\/wp\/v2\/posts"}],"about":[{"href":"https:\/\/noticiasmercedinas.com\/site\/wp-json\/wp\/v2\/types\/post"}],"author":[{"embeddable":true,"href":"https:\/\/noticiasmercedinas.com\/site\/wp-json\/wp\/v2\/users\/16"}],"replies":[{"embeddable":true,"href":"https:\/\/noticiasmercedinas.com\/site\/wp-json\/wp\/v2\/comments?post=176246"}],"version-history":[{"count":4,"href":"https:\/\/noticiasmercedinas.com\/site\/wp-json\/wp\/v2\/posts\/176246\/revisions"}],"predecessor-version":[{"id":176265,"href":"https:\/\/noticiasmercedinas.com\/site\/wp-json\/wp\/v2\/posts\/176246\/revisions\/176265"}],"wp:featuredmedia":[{"embeddable":true,"href":"https:\/\/noticiasmercedinas.com\/site\/wp-json\/wp\/v2\/media\/176250"}],"wp:attachment":[{"href":"https:\/\/noticiasmercedinas.com\/site\/wp-json\/wp\/v2\/media?parent=176246"}],"wp:term":[{"taxonomy":"category","embeddable":true,"href":"https:\/\/noticiasmercedinas.com\/site\/wp-json\/wp\/v2\/categories?post=176246"},{"taxonomy":"post_tag","embeddable":true,"href":"https:\/\/noticiasmercedinas.com\/site\/wp-json\/wp\/v2\/tags?post=176246"}],"curies":[{"name":"wp","href":"https:\/\/api.w.org\/{rel}","templated":true}]}}