{"id":176266,"date":"2025-12-08T13:31:26","date_gmt":"2025-12-08T16:31:26","guid":{"rendered":"https:\/\/noticiasmercedinas.com\/site\/?p=176266"},"modified":"2025-12-08T16:47:39","modified_gmt":"2025-12-08T19:47:39","slug":"maguy-oliva-nueva-presidenta-del-consejo-escolar-de-mercedes-por-unanimidad","status":"publish","type":"post","link":"https:\/\/noticiasmercedinas.com\/site\/2025\/12\/08\/maguy-oliva-nueva-presidenta-del-consejo-escolar-de-mercedes-por-unanimidad\/","title":{"rendered":"Maguy Oliva, nueva presidenta del Consejo Escolar de Mercedes por unanimidad"},"content":{"rendered":"<p><img loading=\"lazy\" decoding=\"async\" class=\"alignnone size-full wp-image-176270\" src=\"https:\/\/noticiasmercedinas.com\/site\/wp-content\/uploads\/2025\/12\/IMG-20251208-WA0017.jpg\" alt=\"\" width=\"1599\" height=\"1066\" srcset=\"https:\/\/noticiasmercedinas.com\/site\/wp-content\/uploads\/2025\/12\/IMG-20251208-WA0017.jpg 1599w, https:\/\/noticiasmercedinas.com\/site\/wp-content\/uploads\/2025\/12\/IMG-20251208-WA0017-300x200.jpg 300w, https:\/\/noticiasmercedinas.com\/site\/wp-content\/uploads\/2025\/12\/IMG-20251208-WA0017-1024x683.jpg 1024w, https:\/\/noticiasmercedinas.com\/site\/wp-content\/uploads\/2025\/12\/IMG-20251208-WA0017-768x512.jpg 768w, https:\/\/noticiasmercedinas.com\/site\/wp-content\/uploads\/2025\/12\/IMG-20251208-WA0017-1536x1024.jpg 1536w, https:\/\/noticiasmercedinas.com\/site\/wp-content\/uploads\/2025\/12\/IMG-20251208-WA0017-640x427.jpg 640w, https:\/\/noticiasmercedinas.com\/site\/wp-content\/uploads\/2025\/12\/IMG-20251208-WA0017-1280x853.jpg 1280w, https:\/\/noticiasmercedinas.com\/site\/wp-content\/uploads\/2025\/12\/IMG-20251208-WA0017-681x454.jpg 681w, https:\/\/noticiasmercedinas.com\/site\/wp-content\/uploads\/2025\/12\/IMG-20251208-WA0017-1362x908.jpg 1362w\" sizes=\"auto, (max-width: 1599px) 100vw, 1599px\" \/><\/p>\n<p>El Consejo Escolar de Mercedes renov\u00f3 su c\u00fapula directiva el pasado 5 de diciembre en una sesi\u00f3n preparatoria que result\u00f3 hist\u00f3rica por el consenso absoluto alcanzado. Maguy Oliva fue elegida como Presidenta por unanimidad, un hecho que la flamante titular destac\u00f3 como un pilar fundamental para la nueva etapa de trabajo.<\/p>\n<p>La jornada, celebrada en la sede del Consejo, cont\u00f3 con la presencia de funcionarios municipales, autoridades educativas y representantes gremiales, lo que reflej\u00f3 un amplio respaldo institucional a la nueva conformaci\u00f3n.<\/p>\n<p>Tras la validaci\u00f3n de la documentaci\u00f3n de los nuevos integrantes, la votaci\u00f3n para la distribuci\u00f3n de cargos fue aprobada por consenso total, un gesto de pluralidad pol\u00edtica que Oliva valor\u00f3 como crucial para \u00abconstruir un nuevo camino educativo\u00bb en el contexto actual.<\/p>\n<p>La nueva conformaci\u00f3n del Consejo Escolar de Mercedes qued\u00f3 definida de la siguiente manera:<\/p>\n<p>Presidenta | Maguy Oliva<\/p>\n<p>Vicepresidente | Luis Alberto Herrera<\/p>\n<p>Secretario | Guido Ortubia<\/p>\n<p>Tesorera | Ver\u00f3nica Negro<\/p>\n<p>Vocal 1\u00b0 | Mar\u00eda Elvira Troncoso<\/p>\n<p>Vocal 2\u00b0 | Paula Victoria C\u00f3rdoba<\/p>\n<p>Asimismo, fueron ratificados en sus puestos Sebasti\u00e1n Cosi como Secretario T\u00e9cnico y Laura Berta en la Secretar\u00eda Administrativa.<\/p>\n<p>En su discurso, Maguy Oliva agradeci\u00f3 el apoyo y deline\u00f3 los objetivos de su gesti\u00f3n, que se centrar\u00e1n en la labor por la educaci\u00f3n p\u00fablica.<\/p>\n<p>\u00abAhora toca trabajar por la educaci\u00f3n p\u00fablica. El objetivo \u00fanico es trabajar por nuestros chicos, acompa\u00f1ando a las escuelas, docentes, directivos, auxiliares y cooperadoras\u00bb, afirm\u00f3 Oliva, destacando la incorporaci\u00f3n de diversos espacios pol\u00edticos y sectores gremiales al cuerpo.<\/p>\n<p>La nueva presidenta hizo una menci\u00f3n especial al intendente Juan Ignacio Ustarroz, agradeciendo su inversi\u00f3n en el sector a trav\u00e9s del programa Mercedes Aprende Unida, y reconoci\u00f3 al dirigente Carlos Selva por la confianza para asumir el rol.<\/p>\n<p>La sesi\u00f3n preparatoria cont\u00f3 con una importante convocatoria, que incluy\u00f3 la asistencia del Secretario de Educaci\u00f3n, Jos\u00e9 Luis Pisano; el Inspector Jefe Distrital, Christian Ponce; la concejala Andrea Bozzini; y la destacada referente Mirta Retamoso.<\/p>\n<p>Tambi\u00e9n se hicieron presentes figuras gremiales como Hugo Bonafina (ATE) y Fabi\u00e1n D\u00edaz (SUTEBA), as\u00ed como el coordinador de La Libertad Avanza y titular de ANSES local, Rafael Vel\u00e1squez, reafirmando el apoyo transversal a las nuevas autoridades del Consejo Escolar.<\/p>\n<p><img loading=\"lazy\" decoding=\"async\" class=\"alignnone size-full wp-image-176269\" src=\"https:\/\/noticiasmercedinas.com\/site\/wp-content\/uploads\/2025\/12\/IMG-20251208-WA0018.jpg\" alt=\"\" width=\"1599\" height=\"1066\" srcset=\"https:\/\/noticiasmercedinas.com\/site\/wp-content\/uploads\/2025\/12\/IMG-20251208-WA0018.jpg 1599w, https:\/\/noticiasmercedinas.com\/site\/wp-content\/uploads\/2025\/12\/IMG-20251208-WA0018-300x200.jpg 300w, https:\/\/noticiasmercedinas.com\/site\/wp-content\/uploads\/2025\/12\/IMG-20251208-WA0018-1024x683.jpg 1024w, https:\/\/noticiasmercedinas.com\/site\/wp-content\/uploads\/2025\/12\/IMG-20251208-WA0018-768x512.jpg 768w, https:\/\/noticiasmercedinas.com\/site\/wp-content\/uploads\/2025\/12\/IMG-20251208-WA0018-1536x1024.jpg 1536w, https:\/\/noticiasmercedinas.com\/site\/wp-content\/uploads\/2025\/12\/IMG-20251208-WA0018-640x427.jpg 640w, https:\/\/noticiasmercedinas.com\/site\/wp-content\/uploads\/2025\/12\/IMG-20251208-WA0018-1280x853.jpg 1280w, https:\/\/noticiasmercedinas.com\/site\/wp-content\/uploads\/2025\/12\/IMG-20251208-WA0018-681x454.jpg 681w, https:\/\/noticiasmercedinas.com\/site\/wp-content\/uploads\/2025\/12\/IMG-20251208-WA0018-1362x908.jpg 1362w\" sizes=\"auto, (max-width: 1599px) 100vw, 1599px\" \/><\/p>\n","protected":false},"excerpt":{"rendered":"<p>\u25a0 El cuerpo de consejeros renov\u00f3 autoridades en una sesi\u00f3n preparatoria que destac\u00f3 por el amplio consenso pol\u00edtico, definiendo una gesti\u00f3n centrada en la pluralidad y el apoyo a la educaci\u00f3n p\u00fablica.<\/p>\n","protected":false},"author":16,"featured_media":176270,"comment_status":"closed","ping_status":"closed","sticky":false,"template":"","format":"standard","meta":{"footnotes":""},"categories":[15755,16],"tags":[267,18541],"class_list":["post-176266","post","type-post","status-publish","format-standard","has-post-thumbnail","hentry","category-educacion","category-politica","tag-consejo-escolar","tag-maguy-oliva"],"yoast_head":"<!-- This site is optimized with the Yoast SEO plugin v27.5 - https:\/\/yoast.com\/product\/yoast-seo-wordpress\/ -->\n<title>Maguy Oliva, nueva presidenta del Consejo Escolar de Mercedes por unanimidad<\/title>\n<meta name=\"description\" content=\"El cuerpo de consejeros renov\u00f3 autoridades en una sesi\u00f3n preparatoria que destac\u00f3 por el amplio consenso pol\u00edtico, definiendo una gesti\u00f3n centrada en la pluralidad y el apoyo a la educaci\u00f3n p\u00fablica.\" \/>\n<meta name=\"robots\" content=\"index, follow, max-snippet:-1, max-image-preview:large, max-video-preview:-1\" \/>\n<link rel=\"canonical\" href=\"https:\/\/noticiasmercedinas.com\/site\/2025\/12\/08\/maguy-oliva-nueva-presidenta-del-consejo-escolar-de-mercedes-por-unanimidad\/\" \/>\n<meta property=\"og:locale\" content=\"es_ES\" \/>\n<meta property=\"og:type\" content=\"article\" \/>\n<meta property=\"og:title\" content=\"Maguy Oliva, nueva presidenta del Consejo Escolar de Mercedes por unanimidad\" \/>\n<meta property=\"og:description\" content=\"El cuerpo de consejeros renov\u00f3 autoridades en una sesi\u00f3n preparatoria que destac\u00f3 por el amplio consenso pol\u00edtico, definiendo una gesti\u00f3n centrada en la pluralidad y el apoyo a la educaci\u00f3n p\u00fablica.\" \/>\n<meta property=\"og:url\" content=\"https:\/\/noticiasmercedinas.com\/site\/2025\/12\/08\/maguy-oliva-nueva-presidenta-del-consejo-escolar-de-mercedes-por-unanimidad\/\" \/>\n<meta property=\"og:site_name\" content=\"NOTICIASMERCEDINAS.COM\" \/>\n<meta property=\"article:publisher\" content=\"https:\/\/www.facebook.com\/noticiasmercedinas\/\" \/>\n<meta property=\"article:published_time\" content=\"2025-12-08T16:31:26+00:00\" \/>\n<meta property=\"article:modified_time\" content=\"2025-12-08T19:47:39+00:00\" \/>\n<meta property=\"og:image\" content=\"https:\/\/noticiasmercedinas.com\/site\/wp-content\/uploads\/2025\/12\/IMG-20251208-WA0017.jpg\" \/>\n\t<meta property=\"og:image:width\" content=\"1599\" \/>\n\t<meta property=\"og:image:height\" content=\"1066\" \/>\n\t<meta property=\"og:image:type\" content=\"image\/jpeg\" \/>\n<meta name=\"author\" content=\"NOTICIASMERCEDINAS.COM\" \/>\n<meta name=\"twitter:card\" content=\"summary_large_image\" \/>\n<meta name=\"twitter:creator\" content=\"@notmercedinas\" \/>\n<meta name=\"twitter:site\" content=\"@notmercedinas\" \/>\n<meta name=\"twitter:label1\" content=\"Escrito por\" \/>\n\t<meta name=\"twitter:data1\" content=\"NOTICIASMERCEDINAS.COM\" \/>\n\t<meta name=\"twitter:label2\" content=\"Tiempo de lectura\" \/>\n\t<meta name=\"twitter:data2\" content=\"3 minutos\" \/>\n<script type=\"application\/ld+json\" class=\"yoast-schema-graph\">{\"@context\":\"https:\\\/\\\/schema.org\",\"@graph\":[{\"@type\":\"Article\",\"@id\":\"https:\\\/\\\/noticiasmercedinas.com\\\/site\\\/2025\\\/12\\\/08\\\/maguy-oliva-nueva-presidenta-del-consejo-escolar-de-mercedes-por-unanimidad\\\/#article\",\"isPartOf\":{\"@id\":\"https:\\\/\\\/noticiasmercedinas.com\\\/site\\\/2025\\\/12\\\/08\\\/maguy-oliva-nueva-presidenta-del-consejo-escolar-de-mercedes-por-unanimidad\\\/\"},\"author\":{\"name\":\"NOTICIASMERCEDINAS.COM\",\"@id\":\"https:\\\/\\\/noticiasmercedinas.com\\\/site\\\/#\\\/schema\\\/person\\\/84b59c099c28ff2e8b77d4ceec5d8063\"},\"headline\":\"Maguy Oliva, nueva presidenta del Consejo Escolar de Mercedes por unanimidad\",\"datePublished\":\"2025-12-08T16:31:26+00:00\",\"dateModified\":\"2025-12-08T19:47:39+00:00\",\"mainEntityOfPage\":{\"@id\":\"https:\\\/\\\/noticiasmercedinas.com\\\/site\\\/2025\\\/12\\\/08\\\/maguy-oliva-nueva-presidenta-del-consejo-escolar-de-mercedes-por-unanimidad\\\/\"},\"wordCount\":397,\"publisher\":{\"@id\":\"https:\\\/\\\/noticiasmercedinas.com\\\/site\\\/#organization\"},\"image\":{\"@id\":\"https:\\\/\\\/noticiasmercedinas.com\\\/site\\\/2025\\\/12\\\/08\\\/maguy-oliva-nueva-presidenta-del-consejo-escolar-de-mercedes-por-unanimidad\\\/#primaryimage\"},\"thumbnailUrl\":\"https:\\\/\\\/noticiasmercedinas.com\\\/site\\\/wp-content\\\/uploads\\\/2025\\\/12\\\/IMG-20251208-WA0017.jpg\",\"keywords\":[\"consejo escolar\",\"maguy oliva\"],\"articleSection\":[\"Educacion\",\"Politica\"],\"inLanguage\":\"es\"},{\"@type\":\"WebPage\",\"@id\":\"https:\\\/\\\/noticiasmercedinas.com\\\/site\\\/2025\\\/12\\\/08\\\/maguy-oliva-nueva-presidenta-del-consejo-escolar-de-mercedes-por-unanimidad\\\/\",\"url\":\"https:\\\/\\\/noticiasmercedinas.com\\\/site\\\/2025\\\/12\\\/08\\\/maguy-oliva-nueva-presidenta-del-consejo-escolar-de-mercedes-por-unanimidad\\\/\",\"name\":\"Maguy Oliva, nueva presidenta del Consejo Escolar de Mercedes por unanimidad\",\"isPartOf\":{\"@id\":\"https:\\\/\\\/noticiasmercedinas.com\\\/site\\\/#website\"},\"primaryImageOfPage\":{\"@id\":\"https:\\\/\\\/noticiasmercedinas.com\\\/site\\\/2025\\\/12\\\/08\\\/maguy-oliva-nueva-presidenta-del-consejo-escolar-de-mercedes-por-unanimidad\\\/#primaryimage\"},\"image\":{\"@id\":\"https:\\\/\\\/noticiasmercedinas.com\\\/site\\\/2025\\\/12\\\/08\\\/maguy-oliva-nueva-presidenta-del-consejo-escolar-de-mercedes-por-unanimidad\\\/#primaryimage\"},\"thumbnailUrl\":\"https:\\\/\\\/noticiasmercedinas.com\\\/site\\\/wp-content\\\/uploads\\\/2025\\\/12\\\/IMG-20251208-WA0017.jpg\",\"datePublished\":\"2025-12-08T16:31:26+00:00\",\"dateModified\":\"2025-12-08T19:47:39+00:00\",\"description\":\"El cuerpo de consejeros renov\u00f3 autoridades en una sesi\u00f3n preparatoria que destac\u00f3 por el amplio consenso pol\u00edtico, definiendo una gesti\u00f3n centrada en la pluralidad y el apoyo a la educaci\u00f3n p\u00fablica.\",\"breadcrumb\":{\"@id\":\"https:\\\/\\\/noticiasmercedinas.com\\\/site\\\/2025\\\/12\\\/08\\\/maguy-oliva-nueva-presidenta-del-consejo-escolar-de-mercedes-por-unanimidad\\\/#breadcrumb\"},\"inLanguage\":\"es\",\"potentialAction\":[{\"@type\":\"ReadAction\",\"target\":[\"https:\\\/\\\/noticiasmercedinas.com\\\/site\\\/2025\\\/12\\\/08\\\/maguy-oliva-nueva-presidenta-del-consejo-escolar-de-mercedes-por-unanimidad\\\/\"]}]},{\"@type\":\"ImageObject\",\"inLanguage\":\"es\",\"@id\":\"https:\\\/\\\/noticiasmercedinas.com\\\/site\\\/2025\\\/12\\\/08\\\/maguy-oliva-nueva-presidenta-del-consejo-escolar-de-mercedes-por-unanimidad\\\/#primaryimage\",\"url\":\"https:\\\/\\\/noticiasmercedinas.com\\\/site\\\/wp-content\\\/uploads\\\/2025\\\/12\\\/IMG-20251208-WA0017.jpg\",\"contentUrl\":\"https:\\\/\\\/noticiasmercedinas.com\\\/site\\\/wp-content\\\/uploads\\\/2025\\\/12\\\/IMG-20251208-WA0017.jpg\",\"width\":1599,\"height\":1066},{\"@type\":\"BreadcrumbList\",\"@id\":\"https:\\\/\\\/noticiasmercedinas.com\\\/site\\\/2025\\\/12\\\/08\\\/maguy-oliva-nueva-presidenta-del-consejo-escolar-de-mercedes-por-unanimidad\\\/#breadcrumb\",\"itemListElement\":[{\"@type\":\"ListItem\",\"position\":1,\"name\":\"Portada\",\"item\":\"https:\\\/\\\/noticiasmercedinas.com\\\/site\\\/\"},{\"@type\":\"ListItem\",\"position\":2,\"name\":\"Maguy Oliva, nueva presidenta del Consejo Escolar de Mercedes por unanimidad\"}]},{\"@type\":\"WebSite\",\"@id\":\"https:\\\/\\\/noticiasmercedinas.com\\\/site\\\/#website\",\"url\":\"https:\\\/\\\/noticiasmercedinas.com\\\/site\\\/\",\"name\":\"NOTICIASMERCEDINAS.COM\",\"description\":\"Mercedes, Buenos Aires, Argentina\",\"publisher\":{\"@id\":\"https:\\\/\\\/noticiasmercedinas.com\\\/site\\\/#organization\"},\"potentialAction\":[{\"@type\":\"SearchAction\",\"target\":{\"@type\":\"EntryPoint\",\"urlTemplate\":\"https:\\\/\\\/noticiasmercedinas.com\\\/site\\\/?s={search_term_string}\"},\"query-input\":{\"@type\":\"PropertyValueSpecification\",\"valueRequired\":true,\"valueName\":\"search_term_string\"}}],\"inLanguage\":\"es\"},{\"@type\":\"Organization\",\"@id\":\"https:\\\/\\\/noticiasmercedinas.com\\\/site\\\/#organization\",\"name\":\"NOTICIASMERCEDINAS.COM\",\"url\":\"https:\\\/\\\/noticiasmercedinas.com\\\/site\\\/\",\"logo\":{\"@type\":\"ImageObject\",\"inLanguage\":\"es\",\"@id\":\"https:\\\/\\\/noticiasmercedinas.com\\\/site\\\/#\\\/schema\\\/logo\\\/image\\\/\",\"url\":\"https:\\\/\\\/noticiasmercedinas.com\\\/site\\\/wp-content\\\/uploads\\\/2020\\\/06\\\/LOGO-512.jpg\",\"contentUrl\":\"https:\\\/\\\/noticiasmercedinas.com\\\/site\\\/wp-content\\\/uploads\\\/2020\\\/06\\\/LOGO-512.jpg\",\"width\":512,\"height\":512,\"caption\":\"NOTICIASMERCEDINAS.COM\"},\"image\":{\"@id\":\"https:\\\/\\\/noticiasmercedinas.com\\\/site\\\/#\\\/schema\\\/logo\\\/image\\\/\"},\"sameAs\":[\"https:\\\/\\\/www.facebook.com\\\/noticiasmercedinas\\\/\",\"https:\\\/\\\/x.com\\\/notmercedinas\",\"https:\\\/\\\/www.instagram.com\\\/noticiasmercedinas\\\/\"]},{\"@type\":\"Person\",\"@id\":\"https:\\\/\\\/noticiasmercedinas.com\\\/site\\\/#\\\/schema\\\/person\\\/84b59c099c28ff2e8b77d4ceec5d8063\",\"name\":\"NOTICIASMERCEDINAS.COM\",\"image\":{\"@type\":\"ImageObject\",\"inLanguage\":\"es\",\"@id\":\"https:\\\/\\\/secure.gravatar.com\\\/avatar\\\/4dfbf16b4d17945bfb6341b2d19043457132fcf478a5ee04f42e959fd8f5df0a?s=96&d=mm&r=g\",\"url\":\"https:\\\/\\\/secure.gravatar.com\\\/avatar\\\/4dfbf16b4d17945bfb6341b2d19043457132fcf478a5ee04f42e959fd8f5df0a?s=96&d=mm&r=g\",\"contentUrl\":\"https:\\\/\\\/secure.gravatar.com\\\/avatar\\\/4dfbf16b4d17945bfb6341b2d19043457132fcf478a5ee04f42e959fd8f5df0a?s=96&d=mm&r=g\",\"caption\":\"NOTICIASMERCEDINAS.COM\"},\"url\":\"https:\\\/\\\/noticiasmercedinas.com\\\/site\\\/author\\\/anonimo\\\/\"}]}<\/script>\n<!-- \/ Yoast SEO plugin. -->","yoast_head_json":{"title":"Maguy Oliva, nueva presidenta del Consejo Escolar de Mercedes por unanimidad","description":"El cuerpo de consejeros renov\u00f3 autoridades en una sesi\u00f3n preparatoria que destac\u00f3 por el amplio consenso pol\u00edtico, definiendo una gesti\u00f3n centrada en la pluralidad y el apoyo a la educaci\u00f3n p\u00fablica.","robots":{"index":"index","follow":"follow","max-snippet":"max-snippet:-1","max-image-preview":"max-image-preview:large","max-video-preview":"max-video-preview:-1"},"canonical":"https:\/\/noticiasmercedinas.com\/site\/2025\/12\/08\/maguy-oliva-nueva-presidenta-del-consejo-escolar-de-mercedes-por-unanimidad\/","og_locale":"es_ES","og_type":"article","og_title":"Maguy Oliva, nueva presidenta del Consejo Escolar de Mercedes por unanimidad","og_description":"El cuerpo de consejeros renov\u00f3 autoridades en una sesi\u00f3n preparatoria que destac\u00f3 por el amplio consenso pol\u00edtico, definiendo una gesti\u00f3n centrada en la pluralidad y el apoyo a la educaci\u00f3n p\u00fablica.","og_url":"https:\/\/noticiasmercedinas.com\/site\/2025\/12\/08\/maguy-oliva-nueva-presidenta-del-consejo-escolar-de-mercedes-por-unanimidad\/","og_site_name":"NOTICIASMERCEDINAS.COM","article_publisher":"https:\/\/www.facebook.com\/noticiasmercedinas\/","article_published_time":"2025-12-08T16:31:26+00:00","article_modified_time":"2025-12-08T19:47:39+00:00","og_image":[{"width":1599,"height":1066,"url":"https:\/\/noticiasmercedinas.com\/site\/wp-content\/uploads\/2025\/12\/IMG-20251208-WA0017.jpg","type":"image\/jpeg"}],"author":"NOTICIASMERCEDINAS.COM","twitter_card":"summary_large_image","twitter_creator":"@notmercedinas","twitter_site":"@notmercedinas","twitter_misc":{"Escrito por":"NOTICIASMERCEDINAS.COM","Tiempo de lectura":"3 minutos"},"schema":{"@context":"https:\/\/schema.org","@graph":[{"@type":"Article","@id":"https:\/\/noticiasmercedinas.com\/site\/2025\/12\/08\/maguy-oliva-nueva-presidenta-del-consejo-escolar-de-mercedes-por-unanimidad\/#article","isPartOf":{"@id":"https:\/\/noticiasmercedinas.com\/site\/2025\/12\/08\/maguy-oliva-nueva-presidenta-del-consejo-escolar-de-mercedes-por-unanimidad\/"},"author":{"name":"NOTICIASMERCEDINAS.COM","@id":"https:\/\/noticiasmercedinas.com\/site\/#\/schema\/person\/84b59c099c28ff2e8b77d4ceec5d8063"},"headline":"Maguy Oliva, nueva presidenta del Consejo Escolar de Mercedes por unanimidad","datePublished":"2025-12-08T16:31:26+00:00","dateModified":"2025-12-08T19:47:39+00:00","mainEntityOfPage":{"@id":"https:\/\/noticiasmercedinas.com\/site\/2025\/12\/08\/maguy-oliva-nueva-presidenta-del-consejo-escolar-de-mercedes-por-unanimidad\/"},"wordCount":397,"publisher":{"@id":"https:\/\/noticiasmercedinas.com\/site\/#organization"},"image":{"@id":"https:\/\/noticiasmercedinas.com\/site\/2025\/12\/08\/maguy-oliva-nueva-presidenta-del-consejo-escolar-de-mercedes-por-unanimidad\/#primaryimage"},"thumbnailUrl":"https:\/\/noticiasmercedinas.com\/site\/wp-content\/uploads\/2025\/12\/IMG-20251208-WA0017.jpg","keywords":["consejo escolar","maguy oliva"],"articleSection":["Educacion","Politica"],"inLanguage":"es"},{"@type":"WebPage","@id":"https:\/\/noticiasmercedinas.com\/site\/2025\/12\/08\/maguy-oliva-nueva-presidenta-del-consejo-escolar-de-mercedes-por-unanimidad\/","url":"https:\/\/noticiasmercedinas.com\/site\/2025\/12\/08\/maguy-oliva-nueva-presidenta-del-consejo-escolar-de-mercedes-por-unanimidad\/","name":"Maguy Oliva, nueva presidenta del Consejo Escolar de Mercedes por unanimidad","isPartOf":{"@id":"https:\/\/noticiasmercedinas.com\/site\/#website"},"primaryImageOfPage":{"@id":"https:\/\/noticiasmercedinas.com\/site\/2025\/12\/08\/maguy-oliva-nueva-presidenta-del-consejo-escolar-de-mercedes-por-unanimidad\/#primaryimage"},"image":{"@id":"https:\/\/noticiasmercedinas.com\/site\/2025\/12\/08\/maguy-oliva-nueva-presidenta-del-consejo-escolar-de-mercedes-por-unanimidad\/#primaryimage"},"thumbnailUrl":"https:\/\/noticiasmercedinas.com\/site\/wp-content\/uploads\/2025\/12\/IMG-20251208-WA0017.jpg","datePublished":"2025-12-08T16:31:26+00:00","dateModified":"2025-12-08T19:47:39+00:00","description":"El cuerpo de consejeros renov\u00f3 autoridades en una sesi\u00f3n preparatoria que destac\u00f3 por el amplio consenso pol\u00edtico, definiendo una gesti\u00f3n centrada en la pluralidad y el apoyo a la educaci\u00f3n p\u00fablica.","breadcrumb":{"@id":"https:\/\/noticiasmercedinas.com\/site\/2025\/12\/08\/maguy-oliva-nueva-presidenta-del-consejo-escolar-de-mercedes-por-unanimidad\/#breadcrumb"},"inLanguage":"es","potentialAction":[{"@type":"ReadAction","target":["https:\/\/noticiasmercedinas.com\/site\/2025\/12\/08\/maguy-oliva-nueva-presidenta-del-consejo-escolar-de-mercedes-por-unanimidad\/"]}]},{"@type":"ImageObject","inLanguage":"es","@id":"https:\/\/noticiasmercedinas.com\/site\/2025\/12\/08\/maguy-oliva-nueva-presidenta-del-consejo-escolar-de-mercedes-por-unanimidad\/#primaryimage","url":"https:\/\/noticiasmercedinas.com\/site\/wp-content\/uploads\/2025\/12\/IMG-20251208-WA0017.jpg","contentUrl":"https:\/\/noticiasmercedinas.com\/site\/wp-content\/uploads\/2025\/12\/IMG-20251208-WA0017.jpg","width":1599,"height":1066},{"@type":"BreadcrumbList","@id":"https:\/\/noticiasmercedinas.com\/site\/2025\/12\/08\/maguy-oliva-nueva-presidenta-del-consejo-escolar-de-mercedes-por-unanimidad\/#breadcrumb","itemListElement":[{"@type":"ListItem","position":1,"name":"Portada","item":"https:\/\/noticiasmercedinas.com\/site\/"},{"@type":"ListItem","position":2,"name":"Maguy Oliva, nueva presidenta del Consejo Escolar de Mercedes por unanimidad"}]},{"@type":"WebSite","@id":"https:\/\/noticiasmercedinas.com\/site\/#website","url":"https:\/\/noticiasmercedinas.com\/site\/","name":"NOTICIASMERCEDINAS.COM","description":"Mercedes, Buenos Aires, Argentina","publisher":{"@id":"https:\/\/noticiasmercedinas.com\/site\/#organization"},"potentialAction":[{"@type":"SearchAction","target":{"@type":"EntryPoint","urlTemplate":"https:\/\/noticiasmercedinas.com\/site\/?s={search_term_string}"},"query-input":{"@type":"PropertyValueSpecification","valueRequired":true,"valueName":"search_term_string"}}],"inLanguage":"es"},{"@type":"Organization","@id":"https:\/\/noticiasmercedinas.com\/site\/#organization","name":"NOTICIASMERCEDINAS.COM","url":"https:\/\/noticiasmercedinas.com\/site\/","logo":{"@type":"ImageObject","inLanguage":"es","@id":"https:\/\/noticiasmercedinas.com\/site\/#\/schema\/logo\/image\/","url":"https:\/\/noticiasmercedinas.com\/site\/wp-content\/uploads\/2020\/06\/LOGO-512.jpg","contentUrl":"https:\/\/noticiasmercedinas.com\/site\/wp-content\/uploads\/2020\/06\/LOGO-512.jpg","width":512,"height":512,"caption":"NOTICIASMERCEDINAS.COM"},"image":{"@id":"https:\/\/noticiasmercedinas.com\/site\/#\/schema\/logo\/image\/"},"sameAs":["https:\/\/www.facebook.com\/noticiasmercedinas\/","https:\/\/x.com\/notmercedinas","https:\/\/www.instagram.com\/noticiasmercedinas\/"]},{"@type":"Person","@id":"https:\/\/noticiasmercedinas.com\/site\/#\/schema\/person\/84b59c099c28ff2e8b77d4ceec5d8063","name":"NOTICIASMERCEDINAS.COM","image":{"@type":"ImageObject","inLanguage":"es","@id":"https:\/\/secure.gravatar.com\/avatar\/4dfbf16b4d17945bfb6341b2d19043457132fcf478a5ee04f42e959fd8f5df0a?s=96&d=mm&r=g","url":"https:\/\/secure.gravatar.com\/avatar\/4dfbf16b4d17945bfb6341b2d19043457132fcf478a5ee04f42e959fd8f5df0a?s=96&d=mm&r=g","contentUrl":"https:\/\/secure.gravatar.com\/avatar\/4dfbf16b4d17945bfb6341b2d19043457132fcf478a5ee04f42e959fd8f5df0a?s=96&d=mm&r=g","caption":"NOTICIASMERCEDINAS.COM"},"url":"https:\/\/noticiasmercedinas.com\/site\/author\/anonimo\/"}]}},"amp_enabled":true,"_links":{"self":[{"href":"https:\/\/noticiasmercedinas.com\/site\/wp-json\/wp\/v2\/posts\/176266","targetHints":{"allow":["GET"]}}],"collection":[{"href":"https:\/\/noticiasmercedinas.com\/site\/wp-json\/wp\/v2\/posts"}],"about":[{"href":"https:\/\/noticiasmercedinas.com\/site\/wp-json\/wp\/v2\/types\/post"}],"author":[{"embeddable":true,"href":"https:\/\/noticiasmercedinas.com\/site\/wp-json\/wp\/v2\/users\/16"}],"replies":[{"embeddable":true,"href":"https:\/\/noticiasmercedinas.com\/site\/wp-json\/wp\/v2\/comments?post=176266"}],"version-history":[{"count":5,"href":"https:\/\/noticiasmercedinas.com\/site\/wp-json\/wp\/v2\/posts\/176266\/revisions"}],"predecessor-version":[{"id":176276,"href":"https:\/\/noticiasmercedinas.com\/site\/wp-json\/wp\/v2\/posts\/176266\/revisions\/176276"}],"wp:featuredmedia":[{"embeddable":true,"href":"https:\/\/noticiasmercedinas.com\/site\/wp-json\/wp\/v2\/media\/176270"}],"wp:attachment":[{"href":"https:\/\/noticiasmercedinas.com\/site\/wp-json\/wp\/v2\/media?parent=176266"}],"wp:term":[{"taxonomy":"category","embeddable":true,"href":"https:\/\/noticiasmercedinas.com\/site\/wp-json\/wp\/v2\/categories?post=176266"},{"taxonomy":"post_tag","embeddable":true,"href":"https:\/\/noticiasmercedinas.com\/site\/wp-json\/wp\/v2\/tags?post=176266"}],"curies":[{"name":"wp","href":"https:\/\/api.w.org\/{rel}","templated":true}]}}