{"id":176283,"date":"2025-12-09T08:50:57","date_gmt":"2025-12-09T11:50:57","guid":{"rendered":"https:\/\/noticiasmercedinas.com\/site\/?p=176283"},"modified":"2025-12-09T08:59:11","modified_gmt":"2025-12-09T11:59:11","slug":"debora-lacasa-hace-un-balance-de-su-gestion-y-reflexiona-sobre-la-politica","status":"publish","type":"post","link":"https:\/\/noticiasmercedinas.com\/site\/2025\/12\/09\/debora-lacasa-hace-un-balance-de-su-gestion-y-reflexiona-sobre-la-politica\/","title":{"rendered":"D\u00e9bora Lacasa hace un balance de su gesti\u00f3n y reflexiona sobre la pol\u00edtica"},"content":{"rendered":"<p><strong><img loading=\"lazy\" decoding=\"async\" class=\"alignnone size-full wp-image-176292\" src=\"https:\/\/noticiasmercedinas.com\/site\/wp-content\/uploads\/2025\/12\/deboralacasa.jpg\" alt=\"\" width=\"1114\" height=\"703\" srcset=\"https:\/\/noticiasmercedinas.com\/site\/wp-content\/uploads\/2025\/12\/deboralacasa.jpg 1114w, https:\/\/noticiasmercedinas.com\/site\/wp-content\/uploads\/2025\/12\/deboralacasa-300x189.jpg 300w, https:\/\/noticiasmercedinas.com\/site\/wp-content\/uploads\/2025\/12\/deboralacasa-1024x646.jpg 1024w, https:\/\/noticiasmercedinas.com\/site\/wp-content\/uploads\/2025\/12\/deboralacasa-768x485.jpg 768w, https:\/\/noticiasmercedinas.com\/site\/wp-content\/uploads\/2025\/12\/deboralacasa-640x404.jpg 640w, https:\/\/noticiasmercedinas.com\/site\/wp-content\/uploads\/2025\/12\/deboralacasa-681x430.jpg 681w\" sizes=\"auto, (max-width: 1114px) 100vw, 1114px\" \/><\/strong><\/p>\n<p><strong>D\u00e9bora Lacasa<\/strong>, de la UCR de Mercedes, comparti\u00f3 sus impresiones y un balance de su gesti\u00f3n, destacando los desaf\u00edos y cambios observados en el \u00e1mbito pol\u00edtico local. En <strong>d\u00edas en que deja su segundo mandato como concejala<\/strong> habl\u00f3 entre otras cosas de un clima pol\u00edtico cambiante y expres\u00f3 una desilusi\u00f3n personal en lo que hace al deterioro de las relaciones humanas entre las distintas fuerzas pol\u00edticas en el Legislativo.<\/p>\n<p data-path-to-node=\"2\">La concejal mandato cumplido D\u00e9bora Lacasa dialog\u00f3 con este medio sobre sus a\u00f1os en el Honorable Concejo Deliberante (HCD) de Mercedes, en un momento clave de definiciones pol\u00edticas para el radicalismo, y ofreci\u00f3 una mirada retrospectiva y cr\u00edtica sobre el trabajo legislativo, los desaf\u00edos no resueltos de la ciudad y el dr\u00e1stico cambio en el clima de debate interno en el recinto.<\/p>\n<h3 data-path-to-node=\"3\">Balance legislativo: Zonificaci\u00f3n y Juego Online<\/h3>\n<p data-path-to-node=\"4\">Consultada sobre sus prioridades en la gesti\u00f3n que finaliza, Lacasa destac\u00f3 dos grandes temas que impuls\u00f3 desde el plano normativo.<\/p>\n<p data-path-to-node=\"5\">El m\u00e1s importante fue la elaboraci\u00f3n de la <b>Ordenanza de Zonificaci\u00f3n<\/b>, un trabajo arduo que llev\u00f3 a cabo junto a otros concejales, como Nora Ortubia. A pesar del esfuerzo y de contar con la colaboraci\u00f3n de planeamiento y asesores, la concejal expres\u00f3 su frustraci\u00f3n por no haber podido verla sancionada. \u00abPas\u00f3 todo mi mandato y no se sancion\u00f3 todav\u00eda la ordenanza de zonificaci\u00f3n,\u00bb lament\u00f3, indicando que el proyecto, tras ser revisado por la provincia, reci\u00e9n volver\u00eda a ser tratado por la nueva composici\u00f3n legislativa el pr\u00f3ximo a\u00f1o.<\/p>\n<p data-path-to-node=\"5\"><img loading=\"lazy\" decoding=\"async\" class=\"alignnone size-full wp-image-117672\" src=\"https:\/\/noticiasmercedinas.com\/site\/wp-content\/uploads\/2023\/06\/lacasaortubia.jpg\" alt=\"\" width=\"640\" height=\"441\" srcset=\"https:\/\/noticiasmercedinas.com\/site\/wp-content\/uploads\/2023\/06\/lacasaortubia.jpg 640w, https:\/\/noticiasmercedinas.com\/site\/wp-content\/uploads\/2023\/06\/lacasaortubia-300x207.jpg 300w\" sizes=\"auto, (max-width: 640px) 100vw, 640px\" \/><\/p>\n<p data-path-to-node=\"6\">Otra de las tem\u00e1ticas que prioriz\u00f3 fue la prevenci\u00f3n y regulaci\u00f3n del <b>juego online<\/b>, enfoc\u00e1ndose inicialmente en los j\u00f3venes y luego ampliando la problem\u00e1tica a los adultos. Lacasa promovi\u00f3 medidas como la intervenci\u00f3n de IP en escuelas y \u00e1mbitos municipales para limitar el acceso al juego en lugares p\u00fablicos, una propuesta que luego fue retomada por la provincia.<\/p>\n<p data-path-to-node=\"7\">Los dem\u00e1s temas, se\u00f1al\u00f3, fueron principalmente \u00abtrabajos m\u00e1s de resoluci\u00f3n, de pedidos al departamento Ejecutivo\u00bb, que estuvieron enfocados en \u00absolucionar problemas de la diaria\u00bb.<\/p>\n<h3 data-path-to-node=\"8\">Armon\u00eda en el bloque Radical, tensi\u00f3n en el recinto<\/h3>\n<p data-path-to-node=\"9\">Al reflexionar sobre el clima de trabajo, Lacasa marc\u00f3 una clara diferencia entre la experiencia dentro de su bloque y el desarrollo de las sesiones plenarias.<\/p>\n<p data-path-to-node=\"10\">Dentro del bloque de la UCR, la concejal dijo que se sinti\u00f3 \u00abs\u00faper c\u00f3moda\u00bb con <b>A\u00edda Laporta<\/b> y <b>Daniel Ivaldis<\/b>, destacando una \u00abarmon\u00eda y concordancia absoluta\u00bb con sus compa\u00f1eros de bancadas pol\u00edticas. \u00abFormamos realmente un muy buen equipo\u00bb, afirm\u00f3, detallando la complementariedad: Laporta se dedicaba al trabajo de campo; ella se enfocaba en la redacci\u00f3n, desarrollo y defensa argumental de los proyectos; y Daniel Ivaldis se dedicaba a la defensa pol\u00edtica.<\/p>\n<blockquote>\n<p data-path-to-node=\"10\">\u00abDe dos a\u00f1os a esta parte todas las posiciones se endurecieron much\u00edsimo, nadie quiere ceder nada, nadie quiere dialogar, es decir, no se quieren escuchar&#8230; Hay posiciones realmente irreductibles.\u00bb<\/p>\n<\/blockquote>\n<p data-path-to-node=\"11\">Sin embargo, agreg\u00f3 que el clima en el recinto cambi\u00f3 dr\u00e1sticamente, sobre todo en los \u00faltimos dos a\u00f1os. Si bien el trabajo en comisi\u00f3n fue generalmente respetuoso, aunque con muchas ausencias, el tono de las sesiones se elev\u00f3 significativamente, seg\u00fan destac\u00f3 Lacasa. \u00abDe dos a\u00f1os a esta parte todas las posiciones se endurecieron much\u00edsimo, nadie quiere ceder nada, nadie quiere dialogar, es decir, no se quieren escuchar&#8230; Hay posiciones realmente irreductibles.\u00bb<\/p>\n<p data-path-to-node=\"13\">Lo que m\u00e1s decepcion\u00f3 a la concejal fue que las diferencias pol\u00edticas escalaron a <b>\u00abcuestiones personales\u00bb<\/b> y a \u00abniveles de agresi\u00f3n\u00bb sin precedentes, algo que la deja \u00abmuy desilusionada\u00bb de la experiencia. \u00abHe llamado la atenci\u00f3n a todo el cuerpo sobre ese tema&#8230; diciendo que me parec\u00eda que no val\u00eda la pena que se desarrollaran las discusiones de esa manera\u00bb, lament\u00f3, sin haber tenido \u00e9xito en moderar el debate.<\/p>\n<p data-path-to-node=\"13\"><img loading=\"lazy\" decoding=\"async\" class=\"alignnone size-full wp-image-113530\" src=\"https:\/\/noticiasmercedinas.com\/site\/wp-content\/uploads\/2023\/04\/deboralacasaIMG_6427.jpg\" alt=\"\" width=\"640\" height=\"427\" srcset=\"https:\/\/noticiasmercedinas.com\/site\/wp-content\/uploads\/2023\/04\/deboralacasaIMG_6427.jpg 640w, https:\/\/noticiasmercedinas.com\/site\/wp-content\/uploads\/2023\/04\/deboralacasaIMG_6427-300x200.jpg 300w\" sizes=\"auto, (max-width: 640px) 100vw, 640px\" \/><\/p>\n<h3 data-path-to-node=\"14\">La nueva composici\u00f3n<\/h3>\n<p data-path-to-node=\"15\">Sobre el nuevo HCD, Lacasa celebr\u00f3 la entrada de un partido vecinalista, aunque lanz\u00f3 una advertencia sobre sus desaf\u00edos futuros. Si bien la concepci\u00f3n del vecinalismo es enfocarse en lo local, la ex edil insisti\u00f3 en que ser\u00e1 imposible ignorar las problem\u00e1ticas nacionales y provinciales.<\/p>\n<blockquote><p>Mencion\u00f3 el tema de los residuos s\u00f3lidos urbanos como un asunto pendiente: \u00abNo se le ha encontrado a\u00fan la vuelta: A\u00fan no se ha conseguido la separaci\u00f3n en origen, ni un sistema s\u00f3lido para el tratamiento de los residuos s\u00f3lidos urbanos\u00bb, y dijo que \u00aba\u00fan existen basurales por todo el partido\u00bb<\/p><\/blockquote>\n<p data-path-to-node=\"16\">\u00abCualquier problem\u00e1tica tanto provincial como nacional siempre va a tener un correlato, un impacto en lo que es el nivel local&#8230; nadie puede pasar 4 a\u00f1os de mandato simplemente mirando las zanjas, los pozos y el bacheo,\u00bb sostuvo, adelantando que el nuevo bloque de \u00abVecinos por Mercedes\u00bb deber\u00e1 adoptar una posici\u00f3n frente a las grandes pol\u00edticas que inevitablemente impactar\u00e1n en la ciudad.<\/p>\n<h3 data-path-to-node=\"17\">Los pendientes: RSU y el agua<\/h3>\n<p data-path-to-node=\"18\">Finalmente, consultada al respecto, Lacasa identific\u00f3 dos problem\u00e1ticas de gran dificultad para la ciudad.<\/p>\n<p data-path-to-node=\"19\">En primer lugar, los <b>Residuos S\u00f3lidos Urbanos (RSU)<\/b>. Aunque no es un problema exclusivo de Mercedes, se\u00f1al\u00f3 que a\u00fan \u00abno se le ha encontrado la vuelta\u00bb, con falencias en \u00abla separaci\u00f3n en origen\u00bb, la falta de un \u00absistema de tratamiento s\u00f3lido\u00bb y la persistencia de \u00abbasurales a cielo abierto\u00bb.<\/p>\n<p data-path-to-node=\"19\"><img loading=\"lazy\" decoding=\"async\" class=\"alignnone size-full wp-image-110889\" src=\"https:\/\/noticiasmercedinas.com\/site\/wp-content\/uploads\/2023\/03\/deboralacasa.jpg\" alt=\"\" width=\"640\" height=\"377\" srcset=\"https:\/\/noticiasmercedinas.com\/site\/wp-content\/uploads\/2023\/03\/deboralacasa.jpg 640w, https:\/\/noticiasmercedinas.com\/site\/wp-content\/uploads\/2023\/03\/deboralacasa-300x177.jpg 300w\" sizes=\"auto, (max-width: 640px) 100vw, 640px\" \/><\/p>\n<p data-path-to-node=\"20\">No obstante, su mayor preocupaci\u00f3n se centr\u00f3 en la falta de conciencia sobre el <b>consumo y desperdicio de agua<\/b>. Record\u00f3 una reuni\u00f3n con el \u00e1rea de Econom\u00eda donde se expuso un dato alarmante: mientras que el consumo ideal por persona es de 40 litros de agua por d\u00eda, el consumo promedio de los mercedinos es de <b>10 veces m\u00e1s.<\/b><\/p>\n<blockquote data-path-to-node=\"21\">\n<p data-path-to-node=\"21,0\">\u00abLos mercedinos deber\u00edamos consumir el 10% de lo que en realidad consumimos de agua\u00bb<\/p>\n<\/blockquote>\n<p data-path-to-node=\"22\">Lacasa desestim\u00f3 la explicaci\u00f3n de que la cifra se deba a las p\u00e9rdidas en la red (un 5% seg\u00fan la Comuna) y calific\u00f3 esta realidad como una <b>\u00abfalta de conciencia enorme\u00bb<\/b> y algo \u00absumamente preocupante\u00bb que merece una intervenci\u00f3n profunda.<\/p>\n<h3 data-path-to-node=\"22\">Un poco de todo<\/h3>\n<ul>\n<li><strong>Clima de participaci\u00f3n pol\u00edtica ciudadana:<\/strong> \u00abHace 4 a\u00f1os era mucho mayor. Siento que hubo mucho m\u00e1s entusiasmo\u00bb, dijo aunque reconoci\u00f3 que su perspectiva podr\u00eda no ser del todo objetiva, especialmente al estar \u00abbastante desilusionada\u00bb al finalizar su mandato.<\/li>\n<li><strong>Vecinalismo, tercera fuerza.<\/strong> Lacasa concluy\u00f3 que los concejales vecinalistas \u00abdeber\u00e1n tener una posici\u00f3n al respecto\u00bb, de las discusiones provinciales o nacionales, porque todo termina impactando a nivel local y nadie puede pasar 4 a\u00f1os de mandato simplemente \u00abmirando las zanjas, los pozos y el bacheo\u00bb.<\/li>\n<li><strong>Problem\u00e1ticas no exclusivas:<\/strong> en cuanto a la seguridad, Lacasa afirm\u00f3 que es un problema que \u00abcomparte con much\u00edsimos otros lugares para los que la seguridad es un problema\u00bb. \u00abNo podemos decir que no se hace nada porque se siguen haciendo muchas cosas\u00bb, pero \u00abno siempre alcanza porque la variedad, las dificultades, las formas van cambiando y la problem\u00e1tica existe y se ampl\u00eda\u00bb.<\/li>\n<li><strong>Trabajo en comisiones, bien:<\/strong> Respecto a la relaci\u00f3n con otros bloques, indic\u00f3 que en los trabajos de comisi\u00f3n, \u00abse trabajaron bien\u00bb, con \u00abacuerdos y desacuerdos\u00bb, y que \u00aben general el trabajo en comisi\u00f3n fue respetuoso\u00bb. Sin embargo, lament\u00f3 las \u00abmuchas ausencias durante el a\u00f1o\u00bb, lo que \u00abcomplic\u00f3 bastante\u00bb.<\/li>\n<li><strong>Posiciones irreductibles:<\/strong> Lacasa expres\u00f3 una profunda desilusi\u00f3n por el cambio en el desarrollo de las sesiones del Concejo. \u00abDe 2 a\u00f1os a esta parte todo cambi\u00f3\u00bb. Las posiciones \u00abse endurecieron much\u00edsimo\u00bb, y \u00abnadie quiere ceder nada, nadie quiere renunciar a nada, nadie quiere dialogar\u00bb. Lament\u00f3 que \u00abno se quieren escuchar, no quieren escuchar lo que el otro quiere decir, hay posiciones realmente irreductibles\u00bb. Adem\u00e1s, se\u00f1al\u00f3 un aumento en los \u00abniveles de agresi\u00f3n\u00bb, que pasaron de ser pol\u00edticos a \u00abcuestiones personales\u00bb.<\/li>\n<\/ul>\n<p><img loading=\"lazy\" decoding=\"async\" class=\"alignnone size-full wp-image-94147\" src=\"https:\/\/noticiasmercedinas.com\/site\/wp-content\/uploads\/2022\/06\/debora-lacasaIMG_3500.jpg\" alt=\"\" width=\"640\" height=\"427\" srcset=\"https:\/\/noticiasmercedinas.com\/site\/wp-content\/uploads\/2022\/06\/debora-lacasaIMG_3500.jpg 640w, https:\/\/noticiasmercedinas.com\/site\/wp-content\/uploads\/2022\/06\/debora-lacasaIMG_3500-300x200.jpg 300w\" sizes=\"auto, (max-width: 640px) 100vw, 640px\" \/><\/p>\n<p>&nbsp;<\/p>\n","protected":false},"excerpt":{"rendered":"<p>\u25a0 La concejal (MC) de la UCR analiz\u00f3 sus dos gestiones legislativas, destac\u00f3 el esfuerzo por la Ordenanza de Zonificaci\u00f3n y alert\u00f3 sobre el despilfarro de agua. Sin embargo, lament\u00f3 el deterioro del di\u00e1logo pol\u00edtico en las sesiones, marcado por la \u00abagresi\u00f3n\u00bb y las \u00abcuestiones personales\u00bb en los \u00faltimos a\u00f1os.<\/p>\n","protected":false},"author":2,"featured_media":176292,"comment_status":"closed","ping_status":"closed","sticky":false,"template":"","format":"standard","meta":{"footnotes":""},"categories":[16,20734],"tags":[3088,910,7424,243,12446,21432,8810,1002],"class_list":["post-176283","post","type-post","status-publish","format-standard","has-post-thumbnail","hentry","category-politica","category-ultimo-momento","tag-agua","tag-basura","tag-concejala","tag-concejo-deliberante","tag-debora-lacasa","tag-mandato-cumplido","tag-reflexiones","tag-ucr"],"yoast_head":"<!-- This site is optimized with the Yoast SEO plugin v27.5 - https:\/\/yoast.com\/product\/yoast-seo-wordpress\/ -->\n<title>D\u00e9bora Lacasa hace un balance de su gesti\u00f3n y reflexiona sobre la pol\u00edtica<\/title>\n<meta name=\"description\" content=\"La concejal (MC) de la UCR analiz\u00f3 sus dos gestiones legislativas, donde destac\u00f3 el esfuerzo por la Ordenanza de Zonificaci\u00f3n y alert\u00f3 sobre el despilfarro de agua. Sin embargo, lament\u00f3 el deterioro del di\u00e1logo pol\u00edtico en las sesiones, marcado por la &quot;agresi\u00f3n&quot; y las &quot;cuestiones personales&quot; en los \u00faltimos a\u00f1os.\" \/>\n<meta name=\"robots\" content=\"index, follow, max-snippet:-1, max-image-preview:large, max-video-preview:-1\" \/>\n<link rel=\"canonical\" href=\"https:\/\/noticiasmercedinas.com\/site\/2025\/12\/09\/debora-lacasa-hace-un-balance-de-su-gestion-y-reflexiona-sobre-la-politica\/\" \/>\n<meta property=\"og:locale\" content=\"es_ES\" \/>\n<meta property=\"og:type\" content=\"article\" \/>\n<meta property=\"og:title\" content=\"D\u00e9bora Lacasa hace un balance de su gesti\u00f3n y reflexiona sobre la pol\u00edtica\" \/>\n<meta property=\"og:description\" content=\"La concejal (MC) de la UCR analiz\u00f3 sus dos gestiones legislativas, donde destac\u00f3 el esfuerzo por la Ordenanza de Zonificaci\u00f3n y alert\u00f3 sobre el despilfarro de agua. Sin embargo, lament\u00f3 el deterioro del di\u00e1logo pol\u00edtico en las sesiones, marcado por la &quot;agresi\u00f3n&quot; y las &quot;cuestiones personales&quot; en los \u00faltimos a\u00f1os.\" \/>\n<meta property=\"og:url\" content=\"https:\/\/noticiasmercedinas.com\/site\/2025\/12\/09\/debora-lacasa-hace-un-balance-de-su-gestion-y-reflexiona-sobre-la-politica\/\" \/>\n<meta property=\"og:site_name\" content=\"NOTICIASMERCEDINAS.COM\" \/>\n<meta property=\"article:publisher\" content=\"https:\/\/www.facebook.com\/noticiasmercedinas\/\" \/>\n<meta property=\"article:author\" content=\"https:\/\/www.facebook.com\/cristian.falabella\" \/>\n<meta property=\"article:published_time\" content=\"2025-12-09T11:50:57+00:00\" \/>\n<meta property=\"article:modified_time\" content=\"2025-12-09T11:59:11+00:00\" \/>\n<meta property=\"og:image\" content=\"https:\/\/noticiasmercedinas.com\/site\/wp-content\/uploads\/2025\/12\/deboralacasa.jpg\" \/>\n\t<meta property=\"og:image:width\" content=\"1114\" \/>\n\t<meta property=\"og:image:height\" content=\"703\" \/>\n\t<meta property=\"og:image:type\" content=\"image\/jpeg\" \/>\n<meta name=\"author\" content=\"Cristian Falabella NOTICIASMERCEDINAS.COM\" \/>\n<meta name=\"twitter:card\" content=\"summary_large_image\" \/>\n<meta name=\"twitter:creator\" content=\"@https:\/\/twitter.com\/NOTMERCEDINAS\" \/>\n<meta name=\"twitter:site\" content=\"@notmercedinas\" \/>\n<meta name=\"twitter:label1\" content=\"Escrito por\" \/>\n\t<meta name=\"twitter:data1\" content=\"Cristian Falabella NOTICIASMERCEDINAS.COM\" \/>\n\t<meta name=\"twitter:label2\" content=\"Tiempo de lectura\" \/>\n\t<meta name=\"twitter:data2\" content=\"7 minutos\" \/>\n<script type=\"application\/ld+json\" class=\"yoast-schema-graph\">{\"@context\":\"https:\\\/\\\/schema.org\",\"@graph\":[{\"@type\":\"Article\",\"@id\":\"https:\\\/\\\/noticiasmercedinas.com\\\/site\\\/2025\\\/12\\\/09\\\/debora-lacasa-hace-un-balance-de-su-gestion-y-reflexiona-sobre-la-politica\\\/#article\",\"isPartOf\":{\"@id\":\"https:\\\/\\\/noticiasmercedinas.com\\\/site\\\/2025\\\/12\\\/09\\\/debora-lacasa-hace-un-balance-de-su-gestion-y-reflexiona-sobre-la-politica\\\/\"},\"author\":{\"name\":\"Cristian Falabella NOTICIASMERCEDINAS.COM\",\"@id\":\"https:\\\/\\\/noticiasmercedinas.com\\\/site\\\/#\\\/schema\\\/person\\\/d481a9696a5feaec13a60e2bbd991a6a\"},\"headline\":\"D\u00e9bora Lacasa hace un balance de su gesti\u00f3n y reflexiona sobre la pol\u00edtica\",\"datePublished\":\"2025-12-09T11:50:57+00:00\",\"dateModified\":\"2025-12-09T11:59:11+00:00\",\"mainEntityOfPage\":{\"@id\":\"https:\\\/\\\/noticiasmercedinas.com\\\/site\\\/2025\\\/12\\\/09\\\/debora-lacasa-hace-un-balance-de-su-gestion-y-reflexiona-sobre-la-politica\\\/\"},\"wordCount\":1349,\"publisher\":{\"@id\":\"https:\\\/\\\/noticiasmercedinas.com\\\/site\\\/#organization\"},\"image\":{\"@id\":\"https:\\\/\\\/noticiasmercedinas.com\\\/site\\\/2025\\\/12\\\/09\\\/debora-lacasa-hace-un-balance-de-su-gestion-y-reflexiona-sobre-la-politica\\\/#primaryimage\"},\"thumbnailUrl\":\"https:\\\/\\\/noticiasmercedinas.com\\\/site\\\/wp-content\\\/uploads\\\/2025\\\/12\\\/deboralacasa.jpg\",\"keywords\":[\"agua\",\"basura\",\"concejala\",\"concejo deliberante\",\"Debora Lacasa\",\"mandato cumplido\",\"reflexiones\",\"Ucr\"],\"articleSection\":[\"Politica\",\"Ultimo momento\"],\"inLanguage\":\"es\"},{\"@type\":\"WebPage\",\"@id\":\"https:\\\/\\\/noticiasmercedinas.com\\\/site\\\/2025\\\/12\\\/09\\\/debora-lacasa-hace-un-balance-de-su-gestion-y-reflexiona-sobre-la-politica\\\/\",\"url\":\"https:\\\/\\\/noticiasmercedinas.com\\\/site\\\/2025\\\/12\\\/09\\\/debora-lacasa-hace-un-balance-de-su-gestion-y-reflexiona-sobre-la-politica\\\/\",\"name\":\"D\u00e9bora Lacasa hace un balance de su gesti\u00f3n y reflexiona sobre la pol\u00edtica\",\"isPartOf\":{\"@id\":\"https:\\\/\\\/noticiasmercedinas.com\\\/site\\\/#website\"},\"primaryImageOfPage\":{\"@id\":\"https:\\\/\\\/noticiasmercedinas.com\\\/site\\\/2025\\\/12\\\/09\\\/debora-lacasa-hace-un-balance-de-su-gestion-y-reflexiona-sobre-la-politica\\\/#primaryimage\"},\"image\":{\"@id\":\"https:\\\/\\\/noticiasmercedinas.com\\\/site\\\/2025\\\/12\\\/09\\\/debora-lacasa-hace-un-balance-de-su-gestion-y-reflexiona-sobre-la-politica\\\/#primaryimage\"},\"thumbnailUrl\":\"https:\\\/\\\/noticiasmercedinas.com\\\/site\\\/wp-content\\\/uploads\\\/2025\\\/12\\\/deboralacasa.jpg\",\"datePublished\":\"2025-12-09T11:50:57+00:00\",\"dateModified\":\"2025-12-09T11:59:11+00:00\",\"description\":\"La concejal (MC) de la UCR analiz\u00f3 sus dos gestiones legislativas, donde destac\u00f3 el esfuerzo por la Ordenanza de Zonificaci\u00f3n y alert\u00f3 sobre el despilfarro de agua. Sin embargo, lament\u00f3 el deterioro del di\u00e1logo pol\u00edtico en las sesiones, marcado por la \\\"agresi\u00f3n\\\" y las \\\"cuestiones personales\\\" en los \u00faltimos a\u00f1os.\",\"breadcrumb\":{\"@id\":\"https:\\\/\\\/noticiasmercedinas.com\\\/site\\\/2025\\\/12\\\/09\\\/debora-lacasa-hace-un-balance-de-su-gestion-y-reflexiona-sobre-la-politica\\\/#breadcrumb\"},\"inLanguage\":\"es\",\"potentialAction\":[{\"@type\":\"ReadAction\",\"target\":[\"https:\\\/\\\/noticiasmercedinas.com\\\/site\\\/2025\\\/12\\\/09\\\/debora-lacasa-hace-un-balance-de-su-gestion-y-reflexiona-sobre-la-politica\\\/\"]}]},{\"@type\":\"ImageObject\",\"inLanguage\":\"es\",\"@id\":\"https:\\\/\\\/noticiasmercedinas.com\\\/site\\\/2025\\\/12\\\/09\\\/debora-lacasa-hace-un-balance-de-su-gestion-y-reflexiona-sobre-la-politica\\\/#primaryimage\",\"url\":\"https:\\\/\\\/noticiasmercedinas.com\\\/site\\\/wp-content\\\/uploads\\\/2025\\\/12\\\/deboralacasa.jpg\",\"contentUrl\":\"https:\\\/\\\/noticiasmercedinas.com\\\/site\\\/wp-content\\\/uploads\\\/2025\\\/12\\\/deboralacasa.jpg\",\"width\":1114,\"height\":703},{\"@type\":\"BreadcrumbList\",\"@id\":\"https:\\\/\\\/noticiasmercedinas.com\\\/site\\\/2025\\\/12\\\/09\\\/debora-lacasa-hace-un-balance-de-su-gestion-y-reflexiona-sobre-la-politica\\\/#breadcrumb\",\"itemListElement\":[{\"@type\":\"ListItem\",\"position\":1,\"name\":\"Portada\",\"item\":\"https:\\\/\\\/noticiasmercedinas.com\\\/site\\\/\"},{\"@type\":\"ListItem\",\"position\":2,\"name\":\"D\u00e9bora Lacasa hace un balance de su gesti\u00f3n y reflexiona sobre la pol\u00edtica\"}]},{\"@type\":\"WebSite\",\"@id\":\"https:\\\/\\\/noticiasmercedinas.com\\\/site\\\/#website\",\"url\":\"https:\\\/\\\/noticiasmercedinas.com\\\/site\\\/\",\"name\":\"NOTICIASMERCEDINAS.COM\",\"description\":\"Mercedes, Buenos Aires, Argentina\",\"publisher\":{\"@id\":\"https:\\\/\\\/noticiasmercedinas.com\\\/site\\\/#organization\"},\"potentialAction\":[{\"@type\":\"SearchAction\",\"target\":{\"@type\":\"EntryPoint\",\"urlTemplate\":\"https:\\\/\\\/noticiasmercedinas.com\\\/site\\\/?s={search_term_string}\"},\"query-input\":{\"@type\":\"PropertyValueSpecification\",\"valueRequired\":true,\"valueName\":\"search_term_string\"}}],\"inLanguage\":\"es\"},{\"@type\":\"Organization\",\"@id\":\"https:\\\/\\\/noticiasmercedinas.com\\\/site\\\/#organization\",\"name\":\"NOTICIASMERCEDINAS.COM\",\"url\":\"https:\\\/\\\/noticiasmercedinas.com\\\/site\\\/\",\"logo\":{\"@type\":\"ImageObject\",\"inLanguage\":\"es\",\"@id\":\"https:\\\/\\\/noticiasmercedinas.com\\\/site\\\/#\\\/schema\\\/logo\\\/image\\\/\",\"url\":\"https:\\\/\\\/noticiasmercedinas.com\\\/site\\\/wp-content\\\/uploads\\\/2020\\\/06\\\/LOGO-512.jpg\",\"contentUrl\":\"https:\\\/\\\/noticiasmercedinas.com\\\/site\\\/wp-content\\\/uploads\\\/2020\\\/06\\\/LOGO-512.jpg\",\"width\":512,\"height\":512,\"caption\":\"NOTICIASMERCEDINAS.COM\"},\"image\":{\"@id\":\"https:\\\/\\\/noticiasmercedinas.com\\\/site\\\/#\\\/schema\\\/logo\\\/image\\\/\"},\"sameAs\":[\"https:\\\/\\\/www.facebook.com\\\/noticiasmercedinas\\\/\",\"https:\\\/\\\/x.com\\\/notmercedinas\",\"https:\\\/\\\/www.instagram.com\\\/noticiasmercedinas\\\/\"]},{\"@type\":\"Person\",\"@id\":\"https:\\\/\\\/noticiasmercedinas.com\\\/site\\\/#\\\/schema\\\/person\\\/d481a9696a5feaec13a60e2bbd991a6a\",\"name\":\"Cristian Falabella NOTICIASMERCEDINAS.COM\",\"image\":{\"@type\":\"ImageObject\",\"inLanguage\":\"es\",\"@id\":\"https:\\\/\\\/secure.gravatar.com\\\/avatar\\\/0dbbfc45970cc46bcd0e57766228574ff3511d6eed045b182f536f0f478c1f06?s=96&d=mm&r=g\",\"url\":\"https:\\\/\\\/secure.gravatar.com\\\/avatar\\\/0dbbfc45970cc46bcd0e57766228574ff3511d6eed045b182f536f0f478c1f06?s=96&d=mm&r=g\",\"contentUrl\":\"https:\\\/\\\/secure.gravatar.com\\\/avatar\\\/0dbbfc45970cc46bcd0e57766228574ff3511d6eed045b182f536f0f478c1f06?s=96&d=mm&r=g\",\"caption\":\"Cristian Falabella NOTICIASMERCEDINAS.COM\"},\"description\":\"Periodista, editor de Noticias Mercedinas. Pas\u00f3 por varias redacciones y emprendimientos de prensa, en distintos formatos y \u00e9pocas. Se especializ\u00f3 --y sigue haci\u00e9ndolo-- en comunicaci\u00f3n en la web y en junio de 2006 fund\u00f3 este diario digital.\",\"sameAs\":[\"https:\\\/\\\/noticiasmercedinas.com\",\"https:\\\/\\\/www.facebook.com\\\/cristian.falabella\",\"https:\\\/\\\/www.instagram.com\\\/noticiasmercedinas\\\/\",\"https:\\\/\\\/x.com\\\/https:\\\/\\\/twitter.com\\\/NOTMERCEDINAS\"],\"url\":\"https:\\\/\\\/noticiasmercedinas.com\\\/site\\\/author\\\/as000384\\\/\"}]}<\/script>\n<!-- \/ Yoast SEO plugin. -->","yoast_head_json":{"title":"D\u00e9bora Lacasa hace un balance de su gesti\u00f3n y reflexiona sobre la pol\u00edtica","description":"La concejal (MC) de la UCR analiz\u00f3 sus dos gestiones legislativas, donde destac\u00f3 el esfuerzo por la Ordenanza de Zonificaci\u00f3n y alert\u00f3 sobre el despilfarro de agua. Sin embargo, lament\u00f3 el deterioro del di\u00e1logo pol\u00edtico en las sesiones, marcado por la \"agresi\u00f3n\" y las \"cuestiones personales\" en los \u00faltimos a\u00f1os.","robots":{"index":"index","follow":"follow","max-snippet":"max-snippet:-1","max-image-preview":"max-image-preview:large","max-video-preview":"max-video-preview:-1"},"canonical":"https:\/\/noticiasmercedinas.com\/site\/2025\/12\/09\/debora-lacasa-hace-un-balance-de-su-gestion-y-reflexiona-sobre-la-politica\/","og_locale":"es_ES","og_type":"article","og_title":"D\u00e9bora Lacasa hace un balance de su gesti\u00f3n y reflexiona sobre la pol\u00edtica","og_description":"La concejal (MC) de la UCR analiz\u00f3 sus dos gestiones legislativas, donde destac\u00f3 el esfuerzo por la Ordenanza de Zonificaci\u00f3n y alert\u00f3 sobre el despilfarro de agua. Sin embargo, lament\u00f3 el deterioro del di\u00e1logo pol\u00edtico en las sesiones, marcado por la \"agresi\u00f3n\" y las \"cuestiones personales\" en los \u00faltimos a\u00f1os.","og_url":"https:\/\/noticiasmercedinas.com\/site\/2025\/12\/09\/debora-lacasa-hace-un-balance-de-su-gestion-y-reflexiona-sobre-la-politica\/","og_site_name":"NOTICIASMERCEDINAS.COM","article_publisher":"https:\/\/www.facebook.com\/noticiasmercedinas\/","article_author":"https:\/\/www.facebook.com\/cristian.falabella","article_published_time":"2025-12-09T11:50:57+00:00","article_modified_time":"2025-12-09T11:59:11+00:00","og_image":[{"width":1114,"height":703,"url":"https:\/\/noticiasmercedinas.com\/site\/wp-content\/uploads\/2025\/12\/deboralacasa.jpg","type":"image\/jpeg"}],"author":"Cristian Falabella NOTICIASMERCEDINAS.COM","twitter_card":"summary_large_image","twitter_creator":"@https:\/\/twitter.com\/NOTMERCEDINAS","twitter_site":"@notmercedinas","twitter_misc":{"Escrito por":"Cristian Falabella NOTICIASMERCEDINAS.COM","Tiempo de lectura":"7 minutos"},"schema":{"@context":"https:\/\/schema.org","@graph":[{"@type":"Article","@id":"https:\/\/noticiasmercedinas.com\/site\/2025\/12\/09\/debora-lacasa-hace-un-balance-de-su-gestion-y-reflexiona-sobre-la-politica\/#article","isPartOf":{"@id":"https:\/\/noticiasmercedinas.com\/site\/2025\/12\/09\/debora-lacasa-hace-un-balance-de-su-gestion-y-reflexiona-sobre-la-politica\/"},"author":{"name":"Cristian Falabella NOTICIASMERCEDINAS.COM","@id":"https:\/\/noticiasmercedinas.com\/site\/#\/schema\/person\/d481a9696a5feaec13a60e2bbd991a6a"},"headline":"D\u00e9bora Lacasa hace un balance de su gesti\u00f3n y reflexiona sobre la pol\u00edtica","datePublished":"2025-12-09T11:50:57+00:00","dateModified":"2025-12-09T11:59:11+00:00","mainEntityOfPage":{"@id":"https:\/\/noticiasmercedinas.com\/site\/2025\/12\/09\/debora-lacasa-hace-un-balance-de-su-gestion-y-reflexiona-sobre-la-politica\/"},"wordCount":1349,"publisher":{"@id":"https:\/\/noticiasmercedinas.com\/site\/#organization"},"image":{"@id":"https:\/\/noticiasmercedinas.com\/site\/2025\/12\/09\/debora-lacasa-hace-un-balance-de-su-gestion-y-reflexiona-sobre-la-politica\/#primaryimage"},"thumbnailUrl":"https:\/\/noticiasmercedinas.com\/site\/wp-content\/uploads\/2025\/12\/deboralacasa.jpg","keywords":["agua","basura","concejala","concejo deliberante","Debora Lacasa","mandato cumplido","reflexiones","Ucr"],"articleSection":["Politica","Ultimo momento"],"inLanguage":"es"},{"@type":"WebPage","@id":"https:\/\/noticiasmercedinas.com\/site\/2025\/12\/09\/debora-lacasa-hace-un-balance-de-su-gestion-y-reflexiona-sobre-la-politica\/","url":"https:\/\/noticiasmercedinas.com\/site\/2025\/12\/09\/debora-lacasa-hace-un-balance-de-su-gestion-y-reflexiona-sobre-la-politica\/","name":"D\u00e9bora Lacasa hace un balance de su gesti\u00f3n y reflexiona sobre la pol\u00edtica","isPartOf":{"@id":"https:\/\/noticiasmercedinas.com\/site\/#website"},"primaryImageOfPage":{"@id":"https:\/\/noticiasmercedinas.com\/site\/2025\/12\/09\/debora-lacasa-hace-un-balance-de-su-gestion-y-reflexiona-sobre-la-politica\/#primaryimage"},"image":{"@id":"https:\/\/noticiasmercedinas.com\/site\/2025\/12\/09\/debora-lacasa-hace-un-balance-de-su-gestion-y-reflexiona-sobre-la-politica\/#primaryimage"},"thumbnailUrl":"https:\/\/noticiasmercedinas.com\/site\/wp-content\/uploads\/2025\/12\/deboralacasa.jpg","datePublished":"2025-12-09T11:50:57+00:00","dateModified":"2025-12-09T11:59:11+00:00","description":"La concejal (MC) de la UCR analiz\u00f3 sus dos gestiones legislativas, donde destac\u00f3 el esfuerzo por la Ordenanza de Zonificaci\u00f3n y alert\u00f3 sobre el despilfarro de agua. Sin embargo, lament\u00f3 el deterioro del di\u00e1logo pol\u00edtico en las sesiones, marcado por la \"agresi\u00f3n\" y las \"cuestiones personales\" en los \u00faltimos a\u00f1os.","breadcrumb":{"@id":"https:\/\/noticiasmercedinas.com\/site\/2025\/12\/09\/debora-lacasa-hace-un-balance-de-su-gestion-y-reflexiona-sobre-la-politica\/#breadcrumb"},"inLanguage":"es","potentialAction":[{"@type":"ReadAction","target":["https:\/\/noticiasmercedinas.com\/site\/2025\/12\/09\/debora-lacasa-hace-un-balance-de-su-gestion-y-reflexiona-sobre-la-politica\/"]}]},{"@type":"ImageObject","inLanguage":"es","@id":"https:\/\/noticiasmercedinas.com\/site\/2025\/12\/09\/debora-lacasa-hace-un-balance-de-su-gestion-y-reflexiona-sobre-la-politica\/#primaryimage","url":"https:\/\/noticiasmercedinas.com\/site\/wp-content\/uploads\/2025\/12\/deboralacasa.jpg","contentUrl":"https:\/\/noticiasmercedinas.com\/site\/wp-content\/uploads\/2025\/12\/deboralacasa.jpg","width":1114,"height":703},{"@type":"BreadcrumbList","@id":"https:\/\/noticiasmercedinas.com\/site\/2025\/12\/09\/debora-lacasa-hace-un-balance-de-su-gestion-y-reflexiona-sobre-la-politica\/#breadcrumb","itemListElement":[{"@type":"ListItem","position":1,"name":"Portada","item":"https:\/\/noticiasmercedinas.com\/site\/"},{"@type":"ListItem","position":2,"name":"D\u00e9bora Lacasa hace un balance de su gesti\u00f3n y reflexiona sobre la pol\u00edtica"}]},{"@type":"WebSite","@id":"https:\/\/noticiasmercedinas.com\/site\/#website","url":"https:\/\/noticiasmercedinas.com\/site\/","name":"NOTICIASMERCEDINAS.COM","description":"Mercedes, Buenos Aires, Argentina","publisher":{"@id":"https:\/\/noticiasmercedinas.com\/site\/#organization"},"potentialAction":[{"@type":"SearchAction","target":{"@type":"EntryPoint","urlTemplate":"https:\/\/noticiasmercedinas.com\/site\/?s={search_term_string}"},"query-input":{"@type":"PropertyValueSpecification","valueRequired":true,"valueName":"search_term_string"}}],"inLanguage":"es"},{"@type":"Organization","@id":"https:\/\/noticiasmercedinas.com\/site\/#organization","name":"NOTICIASMERCEDINAS.COM","url":"https:\/\/noticiasmercedinas.com\/site\/","logo":{"@type":"ImageObject","inLanguage":"es","@id":"https:\/\/noticiasmercedinas.com\/site\/#\/schema\/logo\/image\/","url":"https:\/\/noticiasmercedinas.com\/site\/wp-content\/uploads\/2020\/06\/LOGO-512.jpg","contentUrl":"https:\/\/noticiasmercedinas.com\/site\/wp-content\/uploads\/2020\/06\/LOGO-512.jpg","width":512,"height":512,"caption":"NOTICIASMERCEDINAS.COM"},"image":{"@id":"https:\/\/noticiasmercedinas.com\/site\/#\/schema\/logo\/image\/"},"sameAs":["https:\/\/www.facebook.com\/noticiasmercedinas\/","https:\/\/x.com\/notmercedinas","https:\/\/www.instagram.com\/noticiasmercedinas\/"]},{"@type":"Person","@id":"https:\/\/noticiasmercedinas.com\/site\/#\/schema\/person\/d481a9696a5feaec13a60e2bbd991a6a","name":"Cristian Falabella NOTICIASMERCEDINAS.COM","image":{"@type":"ImageObject","inLanguage":"es","@id":"https:\/\/secure.gravatar.com\/avatar\/0dbbfc45970cc46bcd0e57766228574ff3511d6eed045b182f536f0f478c1f06?s=96&d=mm&r=g","url":"https:\/\/secure.gravatar.com\/avatar\/0dbbfc45970cc46bcd0e57766228574ff3511d6eed045b182f536f0f478c1f06?s=96&d=mm&r=g","contentUrl":"https:\/\/secure.gravatar.com\/avatar\/0dbbfc45970cc46bcd0e57766228574ff3511d6eed045b182f536f0f478c1f06?s=96&d=mm&r=g","caption":"Cristian Falabella NOTICIASMERCEDINAS.COM"},"description":"Periodista, editor de Noticias Mercedinas. Pas\u00f3 por varias redacciones y emprendimientos de prensa, en distintos formatos y \u00e9pocas. Se especializ\u00f3 --y sigue haci\u00e9ndolo-- en comunicaci\u00f3n en la web y en junio de 2006 fund\u00f3 este diario digital.","sameAs":["https:\/\/noticiasmercedinas.com","https:\/\/www.facebook.com\/cristian.falabella","https:\/\/www.instagram.com\/noticiasmercedinas\/","https:\/\/x.com\/https:\/\/twitter.com\/NOTMERCEDINAS"],"url":"https:\/\/noticiasmercedinas.com\/site\/author\/as000384\/"}]}},"amp_enabled":true,"_links":{"self":[{"href":"https:\/\/noticiasmercedinas.com\/site\/wp-json\/wp\/v2\/posts\/176283","targetHints":{"allow":["GET"]}}],"collection":[{"href":"https:\/\/noticiasmercedinas.com\/site\/wp-json\/wp\/v2\/posts"}],"about":[{"href":"https:\/\/noticiasmercedinas.com\/site\/wp-json\/wp\/v2\/types\/post"}],"author":[{"embeddable":true,"href":"https:\/\/noticiasmercedinas.com\/site\/wp-json\/wp\/v2\/users\/2"}],"replies":[{"embeddable":true,"href":"https:\/\/noticiasmercedinas.com\/site\/wp-json\/wp\/v2\/comments?post=176283"}],"version-history":[{"count":4,"href":"https:\/\/noticiasmercedinas.com\/site\/wp-json\/wp\/v2\/posts\/176283\/revisions"}],"predecessor-version":[{"id":176296,"href":"https:\/\/noticiasmercedinas.com\/site\/wp-json\/wp\/v2\/posts\/176283\/revisions\/176296"}],"wp:featuredmedia":[{"embeddable":true,"href":"https:\/\/noticiasmercedinas.com\/site\/wp-json\/wp\/v2\/media\/176292"}],"wp:attachment":[{"href":"https:\/\/noticiasmercedinas.com\/site\/wp-json\/wp\/v2\/media?parent=176283"}],"wp:term":[{"taxonomy":"category","embeddable":true,"href":"https:\/\/noticiasmercedinas.com\/site\/wp-json\/wp\/v2\/categories?post=176283"},{"taxonomy":"post_tag","embeddable":true,"href":"https:\/\/noticiasmercedinas.com\/site\/wp-json\/wp\/v2\/tags?post=176283"}],"curies":[{"name":"wp","href":"https:\/\/api.w.org\/{rel}","templated":true}]}}