{"id":176628,"date":"2025-12-13T16:18:15","date_gmt":"2025-12-13T19:18:15","guid":{"rendered":"https:\/\/noticiasmercedinas.com\/site\/?p=176628"},"modified":"2025-12-13T16:18:15","modified_gmt":"2025-12-13T19:18:15","slug":"prevencion-contra-el-dengue-operativo-de-descacharreo-masivo-inicia-el-lunes-en-el-barrio-penaloza","status":"publish","type":"post","link":"https:\/\/noticiasmercedinas.com\/site\/2025\/12\/13\/prevencion-contra-el-dengue-operativo-de-descacharreo-masivo-inicia-el-lunes-en-el-barrio-penaloza\/","title":{"rendered":"Prevenci\u00f3n contra el Dengue: operativo de descacharreo masivo inicia el lunes en el Barrio Pe\u00f1aloza"},"content":{"rendered":"<p data-path-to-node=\"4\"><img loading=\"lazy\" decoding=\"async\" class=\"alignnone size-full wp-image-176629\" src=\"https:\/\/noticiasmercedinas.com\/site\/wp-content\/uploads\/2025\/12\/Desca9.jpeg\" alt=\"\" width=\"1280\" height=\"853\" srcset=\"https:\/\/noticiasmercedinas.com\/site\/wp-content\/uploads\/2025\/12\/Desca9.jpeg 1280w, https:\/\/noticiasmercedinas.com\/site\/wp-content\/uploads\/2025\/12\/Desca9-300x200.jpeg 300w, https:\/\/noticiasmercedinas.com\/site\/wp-content\/uploads\/2025\/12\/Desca9-1024x682.jpeg 1024w, https:\/\/noticiasmercedinas.com\/site\/wp-content\/uploads\/2025\/12\/Desca9-768x512.jpeg 768w, https:\/\/noticiasmercedinas.com\/site\/wp-content\/uploads\/2025\/12\/Desca9-640x427.jpeg 640w, https:\/\/noticiasmercedinas.com\/site\/wp-content\/uploads\/2025\/12\/Desca9-681x454.jpeg 681w\" sizes=\"auto, (max-width: 1280px) 100vw, 1280px\" \/><\/p>\n<p data-path-to-node=\"4\">La Subsecretar\u00eda de Servicios P\u00fablicos de la Municipalidad de Mercedes anunci\u00f3 el cronograma de un nuevo <b>operativo de descacharreo y limpieza urbana<\/b> que tendr\u00e1 lugar esta semana, comenzando en el barrio <b>Pe\u00f1aloza<\/b>.<\/p>\n<p data-path-to-node=\"4\">La medida se enmarca en la campa\u00f1a municipal intensificada para prevenir la proliferaci\u00f3n del mosquito <i>Aedes aegypti<\/i>, principal vector de enfermedades como el dengue, ante la llegada de las altas temperaturas.<\/p>\n<blockquote>\n<p data-path-to-node=\"1\">La Municipalidad de Mercedes refuerza la limpieza urbana con dos jornadas dedicadas a la erradicaci\u00f3n de criaderos de mosquitos, pidiendo la activa colaboraci\u00f3n de los vecinos.<\/p>\n<\/blockquote>\n<div class=\"attachment-container search-images\">\n<div class=\"image-container ng-star-inserted\" data-full-size-image-uri=\"https:\/\/encrypted-tbn0.gstatic.com\/licensed-image?q=tbn:ANd9GcTn1cAVfjfFgFVwG1mcKEWdlpANnVsmdOwyPax4dayDr5KWmPZoHbO7Eg1YKkRQedoWIeEwfuWpQ5WW447OpQBmP4Gn0WI8ppVw13WsLzFZpg9Z8DU\">\n<div class=\"overlay-container ng-star-inserted\"><\/div>\n<\/div>\n<\/div>\n<p data-path-to-node=\"7\">El subsecretario de Servicios P\u00fablicos, <b>Luis Ponce<\/b>, confirm\u00f3 que las cuadrillas municipales trabajar\u00e1n en Pe\u00f1aloza durante dos d\u00edas: <b>lunes y martes<\/b>.<\/p>\n<p data-path-to-node=\"8\">\u00abSer\u00e1n dos jornadas, lunes y martes, invitamos a las y los vecinos a que colaboren y preparen todo aquello que deseen desechar de forma permanente, cuidando el ambiente, la salud y embelleciendo tambi\u00e9n las viviendas y zonas compartidas,\u00bb se\u00f1al\u00f3 el funcionario.<\/p>\n<h3 data-path-to-node=\"9\">Clave para la prevenci\u00f3n del Dengue<\/h3>\n<p data-path-to-node=\"10\">El foco principal de la intervenci\u00f3n es el <b>descacharreo<\/b>, acci\u00f3n definida como crucial para eliminar los posibles criaderos de mosquitos. El operativo consiste en que los equipos municipales recolectar\u00e1n todos aquellos <b>objetos en desuso<\/b> que puedan acumular agua estancada y que los vecinos dispongan en sus veredas.<\/p>\n<p data-path-to-node=\"11\">Entre los elementos que ser\u00e1n retirados se incluyen:<\/p>\n<ul>\n<li data-path-to-node=\"12,0,0\">Neum\u00e1ticos viejos.<\/li>\n<li data-path-to-node=\"12,1,0\">Bidones, baldes rotos y latas.<\/li>\n<li data-path-to-node=\"12,2,0\">Cualquier otro residuo voluminoso que pueda convertirse en un reservorio de larvas.<\/li>\n<\/ul>\n<p data-path-to-node=\"13\">Desde el \u00e1rea municipal, se destac\u00f3 la <b>importancia de la participaci\u00f3n ciudadana<\/b> para el \u00e9xito de la jornada. \u00abEs fundamental que las y los vecinos aprovechen este servicio para limpiar sus patios y as\u00ed cuidarnos entre todas y todos,\u00bb remarcaron.<\/p>\n<p data-path-to-node=\"14\">Se solicita expresamente a los habitantes del barrio Pe\u00f1aloza que saquen todos los residuos voluminosos a la vereda <b>antes de las 8:00 de la ma\u00f1ana del lunes<\/b> o durante el transcurso de esa ma\u00f1ana para facilitar el trabajo del personal municipal.<\/p>\n<h3 data-path-to-node=\"15\">Cronograma de limpieza<\/h3>\n<p data-path-to-node=\"16\">Una vez finalizado el operativo en Pe\u00f1aloza, las cuadrillas continuar\u00e1n con el plan de saneamiento en otro punto de la ciudad.<\/p>\n<p data-path-to-node=\"17,0,0\"><b>Lunes y Martes:<\/b> Barrio <b>Pe\u00f1aloza<\/b>.<\/p>\n<p data-path-to-node=\"17,1,0\"><b>Jueves y Viernes:<\/b> Barrio <b>Bello Horizonte<\/b>.<\/p>\n","protected":false},"excerpt":{"rendered":"<p>La Subsecretar\u00eda de Servicios P\u00fablicos de la Municipalidad de Mercedes anunci\u00f3 el cronograma de un nuevo operativo de descacharreo y limpieza urbana que tendr\u00e1 lugar esta semana, comenzando en el barrio Pe\u00f1aloza. La medida se enmarca en la campa\u00f1a municipal intensificada para prevenir la proliferaci\u00f3n del mosquito Aedes aegypti, principal vector de enfermedades como el [&hellip;]<\/p>\n","protected":false},"author":16,"featured_media":176629,"comment_status":"closed","ping_status":"closed","sticky":false,"template":"","format":"standard","meta":{"footnotes":""},"categories":[8992],"tags":[1139],"class_list":["post-176628","post","type-post","status-publish","format-standard","has-post-thumbnail","hentry","category-bienestar","tag-dengue"],"yoast_head":"<!-- This site is optimized with the Yoast SEO plugin v27.4 - https:\/\/yoast.com\/product\/yoast-seo-wordpress\/ -->\n<title>Prevenci\u00f3n contra el Dengue: operativo de descacharreo masivo inicia el lunes en el Barrio Pe\u00f1aloza<\/title>\n<meta name=\"robots\" content=\"index, follow, max-snippet:-1, max-image-preview:large, max-video-preview:-1\" \/>\n<link rel=\"canonical\" href=\"https:\/\/noticiasmercedinas.com\/site\/2025\/12\/13\/prevencion-contra-el-dengue-operativo-de-descacharreo-masivo-inicia-el-lunes-en-el-barrio-penaloza\/\" \/>\n<meta property=\"og:locale\" content=\"es_ES\" \/>\n<meta property=\"og:type\" content=\"article\" \/>\n<meta property=\"og:title\" content=\"Prevenci\u00f3n contra el Dengue: operativo de descacharreo masivo inicia el lunes en el Barrio Pe\u00f1aloza\" \/>\n<meta property=\"og:description\" content=\"La Subsecretar\u00eda de Servicios P\u00fablicos de la Municipalidad de Mercedes anunci\u00f3 el cronograma de un nuevo operativo de descacharreo y limpieza urbana que tendr\u00e1 lugar esta semana, comenzando en el barrio Pe\u00f1aloza. La medida se enmarca en la campa\u00f1a municipal intensificada para prevenir la proliferaci\u00f3n del mosquito Aedes aegypti, principal vector de enfermedades como el [&hellip;]\" \/>\n<meta property=\"og:url\" content=\"https:\/\/noticiasmercedinas.com\/site\/2025\/12\/13\/prevencion-contra-el-dengue-operativo-de-descacharreo-masivo-inicia-el-lunes-en-el-barrio-penaloza\/\" \/>\n<meta property=\"og:site_name\" content=\"NOTICIASMERCEDINAS.COM\" \/>\n<meta property=\"article:publisher\" content=\"https:\/\/www.facebook.com\/noticiasmercedinas\/\" \/>\n<meta property=\"article:published_time\" content=\"2025-12-13T19:18:15+00:00\" \/>\n<meta property=\"og:image\" content=\"https:\/\/noticiasmercedinas.com\/site\/wp-content\/uploads\/2025\/12\/Desca9.jpeg\" \/>\n\t<meta property=\"og:image:width\" content=\"1280\" \/>\n\t<meta property=\"og:image:height\" content=\"853\" \/>\n\t<meta property=\"og:image:type\" content=\"image\/jpeg\" \/>\n<meta name=\"author\" content=\"NOTICIASMERCEDINAS.COM\" \/>\n<meta name=\"twitter:card\" content=\"summary_large_image\" \/>\n<meta name=\"twitter:creator\" content=\"@notmercedinas\" \/>\n<meta name=\"twitter:site\" content=\"@notmercedinas\" \/>\n<meta name=\"twitter:label1\" content=\"Escrito por\" \/>\n\t<meta name=\"twitter:data1\" content=\"NOTICIASMERCEDINAS.COM\" \/>\n\t<meta name=\"twitter:label2\" content=\"Tiempo de lectura\" \/>\n\t<meta name=\"twitter:data2\" content=\"2 minutos\" \/>\n<script type=\"application\/ld+json\" class=\"yoast-schema-graph\">{\"@context\":\"https:\\\/\\\/schema.org\",\"@graph\":[{\"@type\":\"Article\",\"@id\":\"https:\\\/\\\/noticiasmercedinas.com\\\/site\\\/2025\\\/12\\\/13\\\/prevencion-contra-el-dengue-operativo-de-descacharreo-masivo-inicia-el-lunes-en-el-barrio-penaloza\\\/#article\",\"isPartOf\":{\"@id\":\"https:\\\/\\\/noticiasmercedinas.com\\\/site\\\/2025\\\/12\\\/13\\\/prevencion-contra-el-dengue-operativo-de-descacharreo-masivo-inicia-el-lunes-en-el-barrio-penaloza\\\/\"},\"author\":{\"name\":\"NOTICIASMERCEDINAS.COM\",\"@id\":\"https:\\\/\\\/noticiasmercedinas.com\\\/site\\\/#\\\/schema\\\/person\\\/84b59c099c28ff2e8b77d4ceec5d8063\"},\"headline\":\"Prevenci\u00f3n contra el Dengue: operativo de descacharreo masivo inicia el lunes en el Barrio Pe\u00f1aloza\",\"datePublished\":\"2025-12-13T19:18:15+00:00\",\"mainEntityOfPage\":{\"@id\":\"https:\\\/\\\/noticiasmercedinas.com\\\/site\\\/2025\\\/12\\\/13\\\/prevencion-contra-el-dengue-operativo-de-descacharreo-masivo-inicia-el-lunes-en-el-barrio-penaloza\\\/\"},\"wordCount\":390,\"publisher\":{\"@id\":\"https:\\\/\\\/noticiasmercedinas.com\\\/site\\\/#organization\"},\"image\":{\"@id\":\"https:\\\/\\\/noticiasmercedinas.com\\\/site\\\/2025\\\/12\\\/13\\\/prevencion-contra-el-dengue-operativo-de-descacharreo-masivo-inicia-el-lunes-en-el-barrio-penaloza\\\/#primaryimage\"},\"thumbnailUrl\":\"https:\\\/\\\/noticiasmercedinas.com\\\/site\\\/wp-content\\\/uploads\\\/2025\\\/12\\\/Desca9.jpeg\",\"keywords\":[\"dengue\"],\"articleSection\":[\"Bienestar\"],\"inLanguage\":\"es\"},{\"@type\":\"WebPage\",\"@id\":\"https:\\\/\\\/noticiasmercedinas.com\\\/site\\\/2025\\\/12\\\/13\\\/prevencion-contra-el-dengue-operativo-de-descacharreo-masivo-inicia-el-lunes-en-el-barrio-penaloza\\\/\",\"url\":\"https:\\\/\\\/noticiasmercedinas.com\\\/site\\\/2025\\\/12\\\/13\\\/prevencion-contra-el-dengue-operativo-de-descacharreo-masivo-inicia-el-lunes-en-el-barrio-penaloza\\\/\",\"name\":\"Prevenci\u00f3n contra el Dengue: operativo de descacharreo masivo inicia el lunes en el Barrio Pe\u00f1aloza\",\"isPartOf\":{\"@id\":\"https:\\\/\\\/noticiasmercedinas.com\\\/site\\\/#website\"},\"primaryImageOfPage\":{\"@id\":\"https:\\\/\\\/noticiasmercedinas.com\\\/site\\\/2025\\\/12\\\/13\\\/prevencion-contra-el-dengue-operativo-de-descacharreo-masivo-inicia-el-lunes-en-el-barrio-penaloza\\\/#primaryimage\"},\"image\":{\"@id\":\"https:\\\/\\\/noticiasmercedinas.com\\\/site\\\/2025\\\/12\\\/13\\\/prevencion-contra-el-dengue-operativo-de-descacharreo-masivo-inicia-el-lunes-en-el-barrio-penaloza\\\/#primaryimage\"},\"thumbnailUrl\":\"https:\\\/\\\/noticiasmercedinas.com\\\/site\\\/wp-content\\\/uploads\\\/2025\\\/12\\\/Desca9.jpeg\",\"datePublished\":\"2025-12-13T19:18:15+00:00\",\"breadcrumb\":{\"@id\":\"https:\\\/\\\/noticiasmercedinas.com\\\/site\\\/2025\\\/12\\\/13\\\/prevencion-contra-el-dengue-operativo-de-descacharreo-masivo-inicia-el-lunes-en-el-barrio-penaloza\\\/#breadcrumb\"},\"inLanguage\":\"es\",\"potentialAction\":[{\"@type\":\"ReadAction\",\"target\":[\"https:\\\/\\\/noticiasmercedinas.com\\\/site\\\/2025\\\/12\\\/13\\\/prevencion-contra-el-dengue-operativo-de-descacharreo-masivo-inicia-el-lunes-en-el-barrio-penaloza\\\/\"]}]},{\"@type\":\"ImageObject\",\"inLanguage\":\"es\",\"@id\":\"https:\\\/\\\/noticiasmercedinas.com\\\/site\\\/2025\\\/12\\\/13\\\/prevencion-contra-el-dengue-operativo-de-descacharreo-masivo-inicia-el-lunes-en-el-barrio-penaloza\\\/#primaryimage\",\"url\":\"https:\\\/\\\/noticiasmercedinas.com\\\/site\\\/wp-content\\\/uploads\\\/2025\\\/12\\\/Desca9.jpeg\",\"contentUrl\":\"https:\\\/\\\/noticiasmercedinas.com\\\/site\\\/wp-content\\\/uploads\\\/2025\\\/12\\\/Desca9.jpeg\",\"width\":1280,\"height\":853},{\"@type\":\"BreadcrumbList\",\"@id\":\"https:\\\/\\\/noticiasmercedinas.com\\\/site\\\/2025\\\/12\\\/13\\\/prevencion-contra-el-dengue-operativo-de-descacharreo-masivo-inicia-el-lunes-en-el-barrio-penaloza\\\/#breadcrumb\",\"itemListElement\":[{\"@type\":\"ListItem\",\"position\":1,\"name\":\"Portada\",\"item\":\"https:\\\/\\\/noticiasmercedinas.com\\\/site\\\/\"},{\"@type\":\"ListItem\",\"position\":2,\"name\":\"Prevenci\u00f3n contra el Dengue: operativo de descacharreo masivo inicia el lunes en el Barrio Pe\u00f1aloza\"}]},{\"@type\":\"WebSite\",\"@id\":\"https:\\\/\\\/noticiasmercedinas.com\\\/site\\\/#website\",\"url\":\"https:\\\/\\\/noticiasmercedinas.com\\\/site\\\/\",\"name\":\"NOTICIASMERCEDINAS.COM\",\"description\":\"Mercedes, Buenos Aires, Argentina\",\"publisher\":{\"@id\":\"https:\\\/\\\/noticiasmercedinas.com\\\/site\\\/#organization\"},\"potentialAction\":[{\"@type\":\"SearchAction\",\"target\":{\"@type\":\"EntryPoint\",\"urlTemplate\":\"https:\\\/\\\/noticiasmercedinas.com\\\/site\\\/?s={search_term_string}\"},\"query-input\":{\"@type\":\"PropertyValueSpecification\",\"valueRequired\":true,\"valueName\":\"search_term_string\"}}],\"inLanguage\":\"es\"},{\"@type\":\"Organization\",\"@id\":\"https:\\\/\\\/noticiasmercedinas.com\\\/site\\\/#organization\",\"name\":\"NOTICIASMERCEDINAS.COM\",\"url\":\"https:\\\/\\\/noticiasmercedinas.com\\\/site\\\/\",\"logo\":{\"@type\":\"ImageObject\",\"inLanguage\":\"es\",\"@id\":\"https:\\\/\\\/noticiasmercedinas.com\\\/site\\\/#\\\/schema\\\/logo\\\/image\\\/\",\"url\":\"https:\\\/\\\/noticiasmercedinas.com\\\/site\\\/wp-content\\\/uploads\\\/2020\\\/06\\\/LOGO-512.jpg\",\"contentUrl\":\"https:\\\/\\\/noticiasmercedinas.com\\\/site\\\/wp-content\\\/uploads\\\/2020\\\/06\\\/LOGO-512.jpg\",\"width\":512,\"height\":512,\"caption\":\"NOTICIASMERCEDINAS.COM\"},\"image\":{\"@id\":\"https:\\\/\\\/noticiasmercedinas.com\\\/site\\\/#\\\/schema\\\/logo\\\/image\\\/\"},\"sameAs\":[\"https:\\\/\\\/www.facebook.com\\\/noticiasmercedinas\\\/\",\"https:\\\/\\\/x.com\\\/notmercedinas\",\"https:\\\/\\\/www.instagram.com\\\/noticiasmercedinas\\\/\"]},{\"@type\":\"Person\",\"@id\":\"https:\\\/\\\/noticiasmercedinas.com\\\/site\\\/#\\\/schema\\\/person\\\/84b59c099c28ff2e8b77d4ceec5d8063\",\"name\":\"NOTICIASMERCEDINAS.COM\",\"image\":{\"@type\":\"ImageObject\",\"inLanguage\":\"es\",\"@id\":\"https:\\\/\\\/secure.gravatar.com\\\/avatar\\\/4dfbf16b4d17945bfb6341b2d19043457132fcf478a5ee04f42e959fd8f5df0a?s=96&d=mm&r=g\",\"url\":\"https:\\\/\\\/secure.gravatar.com\\\/avatar\\\/4dfbf16b4d17945bfb6341b2d19043457132fcf478a5ee04f42e959fd8f5df0a?s=96&d=mm&r=g\",\"contentUrl\":\"https:\\\/\\\/secure.gravatar.com\\\/avatar\\\/4dfbf16b4d17945bfb6341b2d19043457132fcf478a5ee04f42e959fd8f5df0a?s=96&d=mm&r=g\",\"caption\":\"NOTICIASMERCEDINAS.COM\"},\"url\":\"https:\\\/\\\/noticiasmercedinas.com\\\/site\\\/author\\\/anonimo\\\/\"}]}<\/script>\n<!-- \/ Yoast SEO plugin. -->","yoast_head_json":{"title":"Prevenci\u00f3n contra el Dengue: operativo de descacharreo masivo inicia el lunes en el Barrio Pe\u00f1aloza","robots":{"index":"index","follow":"follow","max-snippet":"max-snippet:-1","max-image-preview":"max-image-preview:large","max-video-preview":"max-video-preview:-1"},"canonical":"https:\/\/noticiasmercedinas.com\/site\/2025\/12\/13\/prevencion-contra-el-dengue-operativo-de-descacharreo-masivo-inicia-el-lunes-en-el-barrio-penaloza\/","og_locale":"es_ES","og_type":"article","og_title":"Prevenci\u00f3n contra el Dengue: operativo de descacharreo masivo inicia el lunes en el Barrio Pe\u00f1aloza","og_description":"La Subsecretar\u00eda de Servicios P\u00fablicos de la Municipalidad de Mercedes anunci\u00f3 el cronograma de un nuevo operativo de descacharreo y limpieza urbana que tendr\u00e1 lugar esta semana, comenzando en el barrio Pe\u00f1aloza. La medida se enmarca en la campa\u00f1a municipal intensificada para prevenir la proliferaci\u00f3n del mosquito Aedes aegypti, principal vector de enfermedades como el [&hellip;]","og_url":"https:\/\/noticiasmercedinas.com\/site\/2025\/12\/13\/prevencion-contra-el-dengue-operativo-de-descacharreo-masivo-inicia-el-lunes-en-el-barrio-penaloza\/","og_site_name":"NOTICIASMERCEDINAS.COM","article_publisher":"https:\/\/www.facebook.com\/noticiasmercedinas\/","article_published_time":"2025-12-13T19:18:15+00:00","og_image":[{"width":1280,"height":853,"url":"https:\/\/noticiasmercedinas.com\/site\/wp-content\/uploads\/2025\/12\/Desca9.jpeg","type":"image\/jpeg"}],"author":"NOTICIASMERCEDINAS.COM","twitter_card":"summary_large_image","twitter_creator":"@notmercedinas","twitter_site":"@notmercedinas","twitter_misc":{"Escrito por":"NOTICIASMERCEDINAS.COM","Tiempo de lectura":"2 minutos"},"schema":{"@context":"https:\/\/schema.org","@graph":[{"@type":"Article","@id":"https:\/\/noticiasmercedinas.com\/site\/2025\/12\/13\/prevencion-contra-el-dengue-operativo-de-descacharreo-masivo-inicia-el-lunes-en-el-barrio-penaloza\/#article","isPartOf":{"@id":"https:\/\/noticiasmercedinas.com\/site\/2025\/12\/13\/prevencion-contra-el-dengue-operativo-de-descacharreo-masivo-inicia-el-lunes-en-el-barrio-penaloza\/"},"author":{"name":"NOTICIASMERCEDINAS.COM","@id":"https:\/\/noticiasmercedinas.com\/site\/#\/schema\/person\/84b59c099c28ff2e8b77d4ceec5d8063"},"headline":"Prevenci\u00f3n contra el Dengue: operativo de descacharreo masivo inicia el lunes en el Barrio Pe\u00f1aloza","datePublished":"2025-12-13T19:18:15+00:00","mainEntityOfPage":{"@id":"https:\/\/noticiasmercedinas.com\/site\/2025\/12\/13\/prevencion-contra-el-dengue-operativo-de-descacharreo-masivo-inicia-el-lunes-en-el-barrio-penaloza\/"},"wordCount":390,"publisher":{"@id":"https:\/\/noticiasmercedinas.com\/site\/#organization"},"image":{"@id":"https:\/\/noticiasmercedinas.com\/site\/2025\/12\/13\/prevencion-contra-el-dengue-operativo-de-descacharreo-masivo-inicia-el-lunes-en-el-barrio-penaloza\/#primaryimage"},"thumbnailUrl":"https:\/\/noticiasmercedinas.com\/site\/wp-content\/uploads\/2025\/12\/Desca9.jpeg","keywords":["dengue"],"articleSection":["Bienestar"],"inLanguage":"es"},{"@type":"WebPage","@id":"https:\/\/noticiasmercedinas.com\/site\/2025\/12\/13\/prevencion-contra-el-dengue-operativo-de-descacharreo-masivo-inicia-el-lunes-en-el-barrio-penaloza\/","url":"https:\/\/noticiasmercedinas.com\/site\/2025\/12\/13\/prevencion-contra-el-dengue-operativo-de-descacharreo-masivo-inicia-el-lunes-en-el-barrio-penaloza\/","name":"Prevenci\u00f3n contra el Dengue: operativo de descacharreo masivo inicia el lunes en el Barrio Pe\u00f1aloza","isPartOf":{"@id":"https:\/\/noticiasmercedinas.com\/site\/#website"},"primaryImageOfPage":{"@id":"https:\/\/noticiasmercedinas.com\/site\/2025\/12\/13\/prevencion-contra-el-dengue-operativo-de-descacharreo-masivo-inicia-el-lunes-en-el-barrio-penaloza\/#primaryimage"},"image":{"@id":"https:\/\/noticiasmercedinas.com\/site\/2025\/12\/13\/prevencion-contra-el-dengue-operativo-de-descacharreo-masivo-inicia-el-lunes-en-el-barrio-penaloza\/#primaryimage"},"thumbnailUrl":"https:\/\/noticiasmercedinas.com\/site\/wp-content\/uploads\/2025\/12\/Desca9.jpeg","datePublished":"2025-12-13T19:18:15+00:00","breadcrumb":{"@id":"https:\/\/noticiasmercedinas.com\/site\/2025\/12\/13\/prevencion-contra-el-dengue-operativo-de-descacharreo-masivo-inicia-el-lunes-en-el-barrio-penaloza\/#breadcrumb"},"inLanguage":"es","potentialAction":[{"@type":"ReadAction","target":["https:\/\/noticiasmercedinas.com\/site\/2025\/12\/13\/prevencion-contra-el-dengue-operativo-de-descacharreo-masivo-inicia-el-lunes-en-el-barrio-penaloza\/"]}]},{"@type":"ImageObject","inLanguage":"es","@id":"https:\/\/noticiasmercedinas.com\/site\/2025\/12\/13\/prevencion-contra-el-dengue-operativo-de-descacharreo-masivo-inicia-el-lunes-en-el-barrio-penaloza\/#primaryimage","url":"https:\/\/noticiasmercedinas.com\/site\/wp-content\/uploads\/2025\/12\/Desca9.jpeg","contentUrl":"https:\/\/noticiasmercedinas.com\/site\/wp-content\/uploads\/2025\/12\/Desca9.jpeg","width":1280,"height":853},{"@type":"BreadcrumbList","@id":"https:\/\/noticiasmercedinas.com\/site\/2025\/12\/13\/prevencion-contra-el-dengue-operativo-de-descacharreo-masivo-inicia-el-lunes-en-el-barrio-penaloza\/#breadcrumb","itemListElement":[{"@type":"ListItem","position":1,"name":"Portada","item":"https:\/\/noticiasmercedinas.com\/site\/"},{"@type":"ListItem","position":2,"name":"Prevenci\u00f3n contra el Dengue: operativo de descacharreo masivo inicia el lunes en el Barrio Pe\u00f1aloza"}]},{"@type":"WebSite","@id":"https:\/\/noticiasmercedinas.com\/site\/#website","url":"https:\/\/noticiasmercedinas.com\/site\/","name":"NOTICIASMERCEDINAS.COM","description":"Mercedes, Buenos Aires, Argentina","publisher":{"@id":"https:\/\/noticiasmercedinas.com\/site\/#organization"},"potentialAction":[{"@type":"SearchAction","target":{"@type":"EntryPoint","urlTemplate":"https:\/\/noticiasmercedinas.com\/site\/?s={search_term_string}"},"query-input":{"@type":"PropertyValueSpecification","valueRequired":true,"valueName":"search_term_string"}}],"inLanguage":"es"},{"@type":"Organization","@id":"https:\/\/noticiasmercedinas.com\/site\/#organization","name":"NOTICIASMERCEDINAS.COM","url":"https:\/\/noticiasmercedinas.com\/site\/","logo":{"@type":"ImageObject","inLanguage":"es","@id":"https:\/\/noticiasmercedinas.com\/site\/#\/schema\/logo\/image\/","url":"https:\/\/noticiasmercedinas.com\/site\/wp-content\/uploads\/2020\/06\/LOGO-512.jpg","contentUrl":"https:\/\/noticiasmercedinas.com\/site\/wp-content\/uploads\/2020\/06\/LOGO-512.jpg","width":512,"height":512,"caption":"NOTICIASMERCEDINAS.COM"},"image":{"@id":"https:\/\/noticiasmercedinas.com\/site\/#\/schema\/logo\/image\/"},"sameAs":["https:\/\/www.facebook.com\/noticiasmercedinas\/","https:\/\/x.com\/notmercedinas","https:\/\/www.instagram.com\/noticiasmercedinas\/"]},{"@type":"Person","@id":"https:\/\/noticiasmercedinas.com\/site\/#\/schema\/person\/84b59c099c28ff2e8b77d4ceec5d8063","name":"NOTICIASMERCEDINAS.COM","image":{"@type":"ImageObject","inLanguage":"es","@id":"https:\/\/secure.gravatar.com\/avatar\/4dfbf16b4d17945bfb6341b2d19043457132fcf478a5ee04f42e959fd8f5df0a?s=96&d=mm&r=g","url":"https:\/\/secure.gravatar.com\/avatar\/4dfbf16b4d17945bfb6341b2d19043457132fcf478a5ee04f42e959fd8f5df0a?s=96&d=mm&r=g","contentUrl":"https:\/\/secure.gravatar.com\/avatar\/4dfbf16b4d17945bfb6341b2d19043457132fcf478a5ee04f42e959fd8f5df0a?s=96&d=mm&r=g","caption":"NOTICIASMERCEDINAS.COM"},"url":"https:\/\/noticiasmercedinas.com\/site\/author\/anonimo\/"}]}},"amp_enabled":true,"_links":{"self":[{"href":"https:\/\/noticiasmercedinas.com\/site\/wp-json\/wp\/v2\/posts\/176628","targetHints":{"allow":["GET"]}}],"collection":[{"href":"https:\/\/noticiasmercedinas.com\/site\/wp-json\/wp\/v2\/posts"}],"about":[{"href":"https:\/\/noticiasmercedinas.com\/site\/wp-json\/wp\/v2\/types\/post"}],"author":[{"embeddable":true,"href":"https:\/\/noticiasmercedinas.com\/site\/wp-json\/wp\/v2\/users\/16"}],"replies":[{"embeddable":true,"href":"https:\/\/noticiasmercedinas.com\/site\/wp-json\/wp\/v2\/comments?post=176628"}],"version-history":[{"count":1,"href":"https:\/\/noticiasmercedinas.com\/site\/wp-json\/wp\/v2\/posts\/176628\/revisions"}],"predecessor-version":[{"id":176630,"href":"https:\/\/noticiasmercedinas.com\/site\/wp-json\/wp\/v2\/posts\/176628\/revisions\/176630"}],"wp:featuredmedia":[{"embeddable":true,"href":"https:\/\/noticiasmercedinas.com\/site\/wp-json\/wp\/v2\/media\/176629"}],"wp:attachment":[{"href":"https:\/\/noticiasmercedinas.com\/site\/wp-json\/wp\/v2\/media?parent=176628"}],"wp:term":[{"taxonomy":"category","embeddable":true,"href":"https:\/\/noticiasmercedinas.com\/site\/wp-json\/wp\/v2\/categories?post=176628"},{"taxonomy":"post_tag","embeddable":true,"href":"https:\/\/noticiasmercedinas.com\/site\/wp-json\/wp\/v2\/tags?post=176628"}],"curies":[{"name":"wp","href":"https:\/\/api.w.org\/{rel}","templated":true}]}}