{"id":176741,"date":"2025-12-15T09:20:08","date_gmt":"2025-12-15T12:20:08","guid":{"rendered":"https:\/\/noticiasmercedinas.com\/site\/?p=176741"},"modified":"2025-12-15T09:24:18","modified_gmt":"2025-12-15T12:24:18","slug":"artista-mercedina-ines-deluca-expone-en-caba-en-la-muestra-colectiva-vida-comun","status":"publish","type":"post","link":"https:\/\/noticiasmercedinas.com\/site\/2025\/12\/15\/artista-mercedina-ines-deluca-expone-en-caba-en-la-muestra-colectiva-vida-comun\/","title":{"rendered":"Artista mercedina In\u00e9s Deluca expone en CABA en la muestra colectiva \u201cVida Com\u00fan\u201d"},"content":{"rendered":"<p data-path-to-node=\"4\"><img loading=\"lazy\" decoding=\"async\" class=\"alignnone wp-image-176742\" src=\"https:\/\/noticiasmercedinas.com\/site\/wp-content\/uploads\/2025\/12\/INESDELUCA1.jpg\" alt=\"\" width=\"640\" height=\"454\" srcset=\"https:\/\/noticiasmercedinas.com\/site\/wp-content\/uploads\/2025\/12\/INESDELUCA1.jpg 602w, https:\/\/noticiasmercedinas.com\/site\/wp-content\/uploads\/2025\/12\/INESDELUCA1-300x213.jpg 300w\" sizes=\"auto, (max-width: 640px) 100vw, 640px\" \/><\/p>\n<p data-path-to-node=\"4\">La artista mercedina <b>In\u00e9s Deluca<\/b> es parte de la muestra colectiva <b>\u201cVida Com\u00fan\u201d<\/b>, que se inaugur\u00f3 en la Galer\u00eda de Arte de Apoc y Ospoce, <b>Pasaje 17<\/b>, ubicada en Bartolom\u00e9 Mitre 1559, CABA.<\/p>\n<p data-path-to-node=\"5\">La exposici\u00f3n, cuya inauguraci\u00f3n fue el 11 de diciembre a las 18:30 hs, re\u00fane las obras de los artistas que participaron en el <b>LAB de PROCESOS 2025<\/b>, un espacio coordinado por la curadora <b>Leila Tschopp<\/b>. In\u00e9s Deluca\u00a0forma parte de los talentos que expusieron su trabajo.<\/p>\n<p data-path-to-node=\"7\">\u201cVida Com\u00fan\u201d se presenta como una reflexi\u00f3n profunda sobre el proceso creativo grupal, reuniendo \u00abfragmentos y huellas de la conversaci\u00f3n colectiva\u00bb sostenida por los participantes durante todo el a\u00f1o, y que a menudo continu\u00f3 \u00aben solitario, en el interior de cada unx\u00bb.<\/p>\n<p data-path-to-node=\"8\">La muestra busca acercarse a \u00abtodo lo que hubo entre nosotrxs, a una experiencia vital llena de huecos e imprecisiones, desv\u00edos, alegr\u00edas y transformaciones inesperadas\u00bb.<\/p>\n<p data-path-to-node=\"9\">El LAB de PROCESOS 2025 cont\u00f3 con la participaci\u00f3n de numerosos artistas docentes invitados a lo largo del a\u00f1o, incluyendo a Elena Dahn, Lucila Grad\u00edn, Mauro Giaconi, Mariano Benavente, Elisa O\u00b4Farrell, Roc\u00edo Perillo y Julia Masvernat, entre otros.<\/p>\n<p data-path-to-node=\"10\">La exposici\u00f3n \u201cVida Com\u00fan\u201d continuar\u00e1 abierta al p\u00fablico en <b>Pasaje 17<\/b>, por lo que los interesados podr\u00e1n visitarla durante las pr\u00f3ximas semanas.<\/p>\n<p data-path-to-node=\"10\"><img loading=\"lazy\" decoding=\"async\" class=\"alignnone wp-image-176743\" src=\"https:\/\/noticiasmercedinas.com\/site\/wp-content\/uploads\/2025\/12\/INESDELUCA.jpg\" alt=\"\" width=\"640\" height=\"729\" srcset=\"https:\/\/noticiasmercedinas.com\/site\/wp-content\/uploads\/2025\/12\/INESDELUCA.jpg 602w, https:\/\/noticiasmercedinas.com\/site\/wp-content\/uploads\/2025\/12\/INESDELUCA-263x300.jpg 263w\" sizes=\"auto, (max-width: 640px) 100vw, 640px\" \/><\/p>\n","protected":false},"excerpt":{"rendered":"<p>\u25a0 La exposici\u00f3n, curada por Leila Tschopp, re\u00fane en Galer\u00eda Pasaje 17 las obras de artistas que participaron del LAB de PROCESOS 2025 y reflexiona sobre la conversaci\u00f3n colectiva.<\/p>\n","protected":false},"author":16,"featured_media":176742,"comment_status":"closed","ping_status":"closed","sticky":false,"template":"","format":"standard","meta":{"footnotes":""},"categories":[4],"tags":[190,2631],"class_list":["post-176741","post","type-post","status-publish","format-standard","has-post-thumbnail","hentry","category-cultura","tag-arte","tag-ines-deluca"],"yoast_head":"<!-- This site is optimized with the Yoast SEO plugin v27.5 - https:\/\/yoast.com\/product\/yoast-seo-wordpress\/ -->\n<title>Artista mercedina In\u00e9s Deluca expone en CABA en la muestra colectiva \u201cVida Com\u00fan\u201d<\/title>\n<meta name=\"description\" content=\"La exposici\u00f3n, curada por Leila Tschopp, re\u00fane en Galer\u00eda Pasaje 17 las obras de artistas que participaron del LAB de PROCESOS 2025 y reflexiona sobre la conversaci\u00f3n colectiva.\" \/>\n<meta name=\"robots\" content=\"index, follow, max-snippet:-1, max-image-preview:large, max-video-preview:-1\" \/>\n<link rel=\"canonical\" href=\"https:\/\/noticiasmercedinas.com\/site\/2025\/12\/15\/artista-mercedina-ines-deluca-expone-en-caba-en-la-muestra-colectiva-vida-comun\/\" \/>\n<meta property=\"og:locale\" content=\"es_ES\" \/>\n<meta property=\"og:type\" content=\"article\" \/>\n<meta property=\"og:title\" content=\"Artista mercedina In\u00e9s Deluca expone en CABA en la muestra colectiva \u201cVida Com\u00fan\u201d\" \/>\n<meta property=\"og:description\" content=\"La exposici\u00f3n, curada por Leila Tschopp, re\u00fane en Galer\u00eda Pasaje 17 las obras de artistas que participaron del LAB de PROCESOS 2025 y reflexiona sobre la conversaci\u00f3n colectiva.\" \/>\n<meta property=\"og:url\" content=\"https:\/\/noticiasmercedinas.com\/site\/2025\/12\/15\/artista-mercedina-ines-deluca-expone-en-caba-en-la-muestra-colectiva-vida-comun\/\" \/>\n<meta property=\"og:site_name\" content=\"NOTICIASMERCEDINAS.COM\" \/>\n<meta property=\"article:publisher\" content=\"https:\/\/www.facebook.com\/noticiasmercedinas\/\" \/>\n<meta property=\"article:published_time\" content=\"2025-12-15T12:20:08+00:00\" \/>\n<meta property=\"article:modified_time\" content=\"2025-12-15T12:24:18+00:00\" \/>\n<meta property=\"og:image\" content=\"https:\/\/noticiasmercedinas.com\/site\/wp-content\/uploads\/2025\/12\/INESDELUCA1.jpg\" \/>\n\t<meta property=\"og:image:width\" content=\"602\" \/>\n\t<meta property=\"og:image:height\" content=\"427\" \/>\n\t<meta property=\"og:image:type\" content=\"image\/jpeg\" \/>\n<meta name=\"author\" content=\"NOTICIASMERCEDINAS.COM\" \/>\n<meta name=\"twitter:card\" content=\"summary_large_image\" \/>\n<meta name=\"twitter:creator\" content=\"@notmercedinas\" \/>\n<meta name=\"twitter:site\" content=\"@notmercedinas\" \/>\n<meta name=\"twitter:label1\" content=\"Escrito por\" \/>\n\t<meta name=\"twitter:data1\" content=\"NOTICIASMERCEDINAS.COM\" \/>\n\t<meta name=\"twitter:label2\" content=\"Tiempo de lectura\" \/>\n\t<meta name=\"twitter:data2\" content=\"2 minutos\" \/>\n<script type=\"application\/ld+json\" class=\"yoast-schema-graph\">{\"@context\":\"https:\\\/\\\/schema.org\",\"@graph\":[{\"@type\":\"Article\",\"@id\":\"https:\\\/\\\/noticiasmercedinas.com\\\/site\\\/2025\\\/12\\\/15\\\/artista-mercedina-ines-deluca-expone-en-caba-en-la-muestra-colectiva-vida-comun\\\/#article\",\"isPartOf\":{\"@id\":\"https:\\\/\\\/noticiasmercedinas.com\\\/site\\\/2025\\\/12\\\/15\\\/artista-mercedina-ines-deluca-expone-en-caba-en-la-muestra-colectiva-vida-comun\\\/\"},\"author\":{\"name\":\"NOTICIASMERCEDINAS.COM\",\"@id\":\"https:\\\/\\\/noticiasmercedinas.com\\\/site\\\/#\\\/schema\\\/person\\\/84b59c099c28ff2e8b77d4ceec5d8063\"},\"headline\":\"Artista mercedina In\u00e9s Deluca expone en CABA en la muestra colectiva \u201cVida Com\u00fan\u201d\",\"datePublished\":\"2025-12-15T12:20:08+00:00\",\"dateModified\":\"2025-12-15T12:24:18+00:00\",\"mainEntityOfPage\":{\"@id\":\"https:\\\/\\\/noticiasmercedinas.com\\\/site\\\/2025\\\/12\\\/15\\\/artista-mercedina-ines-deluca-expone-en-caba-en-la-muestra-colectiva-vida-comun\\\/\"},\"wordCount\":237,\"publisher\":{\"@id\":\"https:\\\/\\\/noticiasmercedinas.com\\\/site\\\/#organization\"},\"image\":{\"@id\":\"https:\\\/\\\/noticiasmercedinas.com\\\/site\\\/2025\\\/12\\\/15\\\/artista-mercedina-ines-deluca-expone-en-caba-en-la-muestra-colectiva-vida-comun\\\/#primaryimage\"},\"thumbnailUrl\":\"https:\\\/\\\/noticiasmercedinas.com\\\/site\\\/wp-content\\\/uploads\\\/2025\\\/12\\\/INESDELUCA1.jpg\",\"keywords\":[\"arte\",\"In\u00e9s Deluca\"],\"articleSection\":[\"Cultura\"],\"inLanguage\":\"es\"},{\"@type\":\"WebPage\",\"@id\":\"https:\\\/\\\/noticiasmercedinas.com\\\/site\\\/2025\\\/12\\\/15\\\/artista-mercedina-ines-deluca-expone-en-caba-en-la-muestra-colectiva-vida-comun\\\/\",\"url\":\"https:\\\/\\\/noticiasmercedinas.com\\\/site\\\/2025\\\/12\\\/15\\\/artista-mercedina-ines-deluca-expone-en-caba-en-la-muestra-colectiva-vida-comun\\\/\",\"name\":\"Artista mercedina In\u00e9s Deluca expone en CABA en la muestra colectiva \u201cVida Com\u00fan\u201d\",\"isPartOf\":{\"@id\":\"https:\\\/\\\/noticiasmercedinas.com\\\/site\\\/#website\"},\"primaryImageOfPage\":{\"@id\":\"https:\\\/\\\/noticiasmercedinas.com\\\/site\\\/2025\\\/12\\\/15\\\/artista-mercedina-ines-deluca-expone-en-caba-en-la-muestra-colectiva-vida-comun\\\/#primaryimage\"},\"image\":{\"@id\":\"https:\\\/\\\/noticiasmercedinas.com\\\/site\\\/2025\\\/12\\\/15\\\/artista-mercedina-ines-deluca-expone-en-caba-en-la-muestra-colectiva-vida-comun\\\/#primaryimage\"},\"thumbnailUrl\":\"https:\\\/\\\/noticiasmercedinas.com\\\/site\\\/wp-content\\\/uploads\\\/2025\\\/12\\\/INESDELUCA1.jpg\",\"datePublished\":\"2025-12-15T12:20:08+00:00\",\"dateModified\":\"2025-12-15T12:24:18+00:00\",\"description\":\"La exposici\u00f3n, curada por Leila Tschopp, re\u00fane en Galer\u00eda Pasaje 17 las obras de artistas que participaron del LAB de PROCESOS 2025 y reflexiona sobre la conversaci\u00f3n colectiva.\",\"breadcrumb\":{\"@id\":\"https:\\\/\\\/noticiasmercedinas.com\\\/site\\\/2025\\\/12\\\/15\\\/artista-mercedina-ines-deluca-expone-en-caba-en-la-muestra-colectiva-vida-comun\\\/#breadcrumb\"},\"inLanguage\":\"es\",\"potentialAction\":[{\"@type\":\"ReadAction\",\"target\":[\"https:\\\/\\\/noticiasmercedinas.com\\\/site\\\/2025\\\/12\\\/15\\\/artista-mercedina-ines-deluca-expone-en-caba-en-la-muestra-colectiva-vida-comun\\\/\"]}]},{\"@type\":\"ImageObject\",\"inLanguage\":\"es\",\"@id\":\"https:\\\/\\\/noticiasmercedinas.com\\\/site\\\/2025\\\/12\\\/15\\\/artista-mercedina-ines-deluca-expone-en-caba-en-la-muestra-colectiva-vida-comun\\\/#primaryimage\",\"url\":\"https:\\\/\\\/noticiasmercedinas.com\\\/site\\\/wp-content\\\/uploads\\\/2025\\\/12\\\/INESDELUCA1.jpg\",\"contentUrl\":\"https:\\\/\\\/noticiasmercedinas.com\\\/site\\\/wp-content\\\/uploads\\\/2025\\\/12\\\/INESDELUCA1.jpg\",\"width\":602,\"height\":427},{\"@type\":\"BreadcrumbList\",\"@id\":\"https:\\\/\\\/noticiasmercedinas.com\\\/site\\\/2025\\\/12\\\/15\\\/artista-mercedina-ines-deluca-expone-en-caba-en-la-muestra-colectiva-vida-comun\\\/#breadcrumb\",\"itemListElement\":[{\"@type\":\"ListItem\",\"position\":1,\"name\":\"Portada\",\"item\":\"https:\\\/\\\/noticiasmercedinas.com\\\/site\\\/\"},{\"@type\":\"ListItem\",\"position\":2,\"name\":\"Artista mercedina In\u00e9s Deluca expone en CABA en la muestra colectiva \u201cVida Com\u00fan\u201d\"}]},{\"@type\":\"WebSite\",\"@id\":\"https:\\\/\\\/noticiasmercedinas.com\\\/site\\\/#website\",\"url\":\"https:\\\/\\\/noticiasmercedinas.com\\\/site\\\/\",\"name\":\"NOTICIASMERCEDINAS.COM\",\"description\":\"Mercedes, Buenos Aires, Argentina\",\"publisher\":{\"@id\":\"https:\\\/\\\/noticiasmercedinas.com\\\/site\\\/#organization\"},\"potentialAction\":[{\"@type\":\"SearchAction\",\"target\":{\"@type\":\"EntryPoint\",\"urlTemplate\":\"https:\\\/\\\/noticiasmercedinas.com\\\/site\\\/?s={search_term_string}\"},\"query-input\":{\"@type\":\"PropertyValueSpecification\",\"valueRequired\":true,\"valueName\":\"search_term_string\"}}],\"inLanguage\":\"es\"},{\"@type\":\"Organization\",\"@id\":\"https:\\\/\\\/noticiasmercedinas.com\\\/site\\\/#organization\",\"name\":\"NOTICIASMERCEDINAS.COM\",\"url\":\"https:\\\/\\\/noticiasmercedinas.com\\\/site\\\/\",\"logo\":{\"@type\":\"ImageObject\",\"inLanguage\":\"es\",\"@id\":\"https:\\\/\\\/noticiasmercedinas.com\\\/site\\\/#\\\/schema\\\/logo\\\/image\\\/\",\"url\":\"https:\\\/\\\/noticiasmercedinas.com\\\/site\\\/wp-content\\\/uploads\\\/2020\\\/06\\\/LOGO-512.jpg\",\"contentUrl\":\"https:\\\/\\\/noticiasmercedinas.com\\\/site\\\/wp-content\\\/uploads\\\/2020\\\/06\\\/LOGO-512.jpg\",\"width\":512,\"height\":512,\"caption\":\"NOTICIASMERCEDINAS.COM\"},\"image\":{\"@id\":\"https:\\\/\\\/noticiasmercedinas.com\\\/site\\\/#\\\/schema\\\/logo\\\/image\\\/\"},\"sameAs\":[\"https:\\\/\\\/www.facebook.com\\\/noticiasmercedinas\\\/\",\"https:\\\/\\\/x.com\\\/notmercedinas\",\"https:\\\/\\\/www.instagram.com\\\/noticiasmercedinas\\\/\"]},{\"@type\":\"Person\",\"@id\":\"https:\\\/\\\/noticiasmercedinas.com\\\/site\\\/#\\\/schema\\\/person\\\/84b59c099c28ff2e8b77d4ceec5d8063\",\"name\":\"NOTICIASMERCEDINAS.COM\",\"image\":{\"@type\":\"ImageObject\",\"inLanguage\":\"es\",\"@id\":\"https:\\\/\\\/secure.gravatar.com\\\/avatar\\\/4dfbf16b4d17945bfb6341b2d19043457132fcf478a5ee04f42e959fd8f5df0a?s=96&d=mm&r=g\",\"url\":\"https:\\\/\\\/secure.gravatar.com\\\/avatar\\\/4dfbf16b4d17945bfb6341b2d19043457132fcf478a5ee04f42e959fd8f5df0a?s=96&d=mm&r=g\",\"contentUrl\":\"https:\\\/\\\/secure.gravatar.com\\\/avatar\\\/4dfbf16b4d17945bfb6341b2d19043457132fcf478a5ee04f42e959fd8f5df0a?s=96&d=mm&r=g\",\"caption\":\"NOTICIASMERCEDINAS.COM\"},\"url\":\"https:\\\/\\\/noticiasmercedinas.com\\\/site\\\/author\\\/anonimo\\\/\"}]}<\/script>\n<!-- \/ Yoast SEO plugin. -->","yoast_head_json":{"title":"Artista mercedina In\u00e9s Deluca expone en CABA en la muestra colectiva \u201cVida Com\u00fan\u201d","description":"La exposici\u00f3n, curada por Leila Tschopp, re\u00fane en Galer\u00eda Pasaje 17 las obras de artistas que participaron del LAB de PROCESOS 2025 y reflexiona sobre la conversaci\u00f3n colectiva.","robots":{"index":"index","follow":"follow","max-snippet":"max-snippet:-1","max-image-preview":"max-image-preview:large","max-video-preview":"max-video-preview:-1"},"canonical":"https:\/\/noticiasmercedinas.com\/site\/2025\/12\/15\/artista-mercedina-ines-deluca-expone-en-caba-en-la-muestra-colectiva-vida-comun\/","og_locale":"es_ES","og_type":"article","og_title":"Artista mercedina In\u00e9s Deluca expone en CABA en la muestra colectiva \u201cVida Com\u00fan\u201d","og_description":"La exposici\u00f3n, curada por Leila Tschopp, re\u00fane en Galer\u00eda Pasaje 17 las obras de artistas que participaron del LAB de PROCESOS 2025 y reflexiona sobre la conversaci\u00f3n colectiva.","og_url":"https:\/\/noticiasmercedinas.com\/site\/2025\/12\/15\/artista-mercedina-ines-deluca-expone-en-caba-en-la-muestra-colectiva-vida-comun\/","og_site_name":"NOTICIASMERCEDINAS.COM","article_publisher":"https:\/\/www.facebook.com\/noticiasmercedinas\/","article_published_time":"2025-12-15T12:20:08+00:00","article_modified_time":"2025-12-15T12:24:18+00:00","og_image":[{"width":602,"height":427,"url":"https:\/\/noticiasmercedinas.com\/site\/wp-content\/uploads\/2025\/12\/INESDELUCA1.jpg","type":"image\/jpeg"}],"author":"NOTICIASMERCEDINAS.COM","twitter_card":"summary_large_image","twitter_creator":"@notmercedinas","twitter_site":"@notmercedinas","twitter_misc":{"Escrito por":"NOTICIASMERCEDINAS.COM","Tiempo de lectura":"2 minutos"},"schema":{"@context":"https:\/\/schema.org","@graph":[{"@type":"Article","@id":"https:\/\/noticiasmercedinas.com\/site\/2025\/12\/15\/artista-mercedina-ines-deluca-expone-en-caba-en-la-muestra-colectiva-vida-comun\/#article","isPartOf":{"@id":"https:\/\/noticiasmercedinas.com\/site\/2025\/12\/15\/artista-mercedina-ines-deluca-expone-en-caba-en-la-muestra-colectiva-vida-comun\/"},"author":{"name":"NOTICIASMERCEDINAS.COM","@id":"https:\/\/noticiasmercedinas.com\/site\/#\/schema\/person\/84b59c099c28ff2e8b77d4ceec5d8063"},"headline":"Artista mercedina In\u00e9s Deluca expone en CABA en la muestra colectiva \u201cVida Com\u00fan\u201d","datePublished":"2025-12-15T12:20:08+00:00","dateModified":"2025-12-15T12:24:18+00:00","mainEntityOfPage":{"@id":"https:\/\/noticiasmercedinas.com\/site\/2025\/12\/15\/artista-mercedina-ines-deluca-expone-en-caba-en-la-muestra-colectiva-vida-comun\/"},"wordCount":237,"publisher":{"@id":"https:\/\/noticiasmercedinas.com\/site\/#organization"},"image":{"@id":"https:\/\/noticiasmercedinas.com\/site\/2025\/12\/15\/artista-mercedina-ines-deluca-expone-en-caba-en-la-muestra-colectiva-vida-comun\/#primaryimage"},"thumbnailUrl":"https:\/\/noticiasmercedinas.com\/site\/wp-content\/uploads\/2025\/12\/INESDELUCA1.jpg","keywords":["arte","In\u00e9s Deluca"],"articleSection":["Cultura"],"inLanguage":"es"},{"@type":"WebPage","@id":"https:\/\/noticiasmercedinas.com\/site\/2025\/12\/15\/artista-mercedina-ines-deluca-expone-en-caba-en-la-muestra-colectiva-vida-comun\/","url":"https:\/\/noticiasmercedinas.com\/site\/2025\/12\/15\/artista-mercedina-ines-deluca-expone-en-caba-en-la-muestra-colectiva-vida-comun\/","name":"Artista mercedina In\u00e9s Deluca expone en CABA en la muestra colectiva \u201cVida Com\u00fan\u201d","isPartOf":{"@id":"https:\/\/noticiasmercedinas.com\/site\/#website"},"primaryImageOfPage":{"@id":"https:\/\/noticiasmercedinas.com\/site\/2025\/12\/15\/artista-mercedina-ines-deluca-expone-en-caba-en-la-muestra-colectiva-vida-comun\/#primaryimage"},"image":{"@id":"https:\/\/noticiasmercedinas.com\/site\/2025\/12\/15\/artista-mercedina-ines-deluca-expone-en-caba-en-la-muestra-colectiva-vida-comun\/#primaryimage"},"thumbnailUrl":"https:\/\/noticiasmercedinas.com\/site\/wp-content\/uploads\/2025\/12\/INESDELUCA1.jpg","datePublished":"2025-12-15T12:20:08+00:00","dateModified":"2025-12-15T12:24:18+00:00","description":"La exposici\u00f3n, curada por Leila Tschopp, re\u00fane en Galer\u00eda Pasaje 17 las obras de artistas que participaron del LAB de PROCESOS 2025 y reflexiona sobre la conversaci\u00f3n colectiva.","breadcrumb":{"@id":"https:\/\/noticiasmercedinas.com\/site\/2025\/12\/15\/artista-mercedina-ines-deluca-expone-en-caba-en-la-muestra-colectiva-vida-comun\/#breadcrumb"},"inLanguage":"es","potentialAction":[{"@type":"ReadAction","target":["https:\/\/noticiasmercedinas.com\/site\/2025\/12\/15\/artista-mercedina-ines-deluca-expone-en-caba-en-la-muestra-colectiva-vida-comun\/"]}]},{"@type":"ImageObject","inLanguage":"es","@id":"https:\/\/noticiasmercedinas.com\/site\/2025\/12\/15\/artista-mercedina-ines-deluca-expone-en-caba-en-la-muestra-colectiva-vida-comun\/#primaryimage","url":"https:\/\/noticiasmercedinas.com\/site\/wp-content\/uploads\/2025\/12\/INESDELUCA1.jpg","contentUrl":"https:\/\/noticiasmercedinas.com\/site\/wp-content\/uploads\/2025\/12\/INESDELUCA1.jpg","width":602,"height":427},{"@type":"BreadcrumbList","@id":"https:\/\/noticiasmercedinas.com\/site\/2025\/12\/15\/artista-mercedina-ines-deluca-expone-en-caba-en-la-muestra-colectiva-vida-comun\/#breadcrumb","itemListElement":[{"@type":"ListItem","position":1,"name":"Portada","item":"https:\/\/noticiasmercedinas.com\/site\/"},{"@type":"ListItem","position":2,"name":"Artista mercedina In\u00e9s Deluca expone en CABA en la muestra colectiva \u201cVida Com\u00fan\u201d"}]},{"@type":"WebSite","@id":"https:\/\/noticiasmercedinas.com\/site\/#website","url":"https:\/\/noticiasmercedinas.com\/site\/","name":"NOTICIASMERCEDINAS.COM","description":"Mercedes, Buenos Aires, Argentina","publisher":{"@id":"https:\/\/noticiasmercedinas.com\/site\/#organization"},"potentialAction":[{"@type":"SearchAction","target":{"@type":"EntryPoint","urlTemplate":"https:\/\/noticiasmercedinas.com\/site\/?s={search_term_string}"},"query-input":{"@type":"PropertyValueSpecification","valueRequired":true,"valueName":"search_term_string"}}],"inLanguage":"es"},{"@type":"Organization","@id":"https:\/\/noticiasmercedinas.com\/site\/#organization","name":"NOTICIASMERCEDINAS.COM","url":"https:\/\/noticiasmercedinas.com\/site\/","logo":{"@type":"ImageObject","inLanguage":"es","@id":"https:\/\/noticiasmercedinas.com\/site\/#\/schema\/logo\/image\/","url":"https:\/\/noticiasmercedinas.com\/site\/wp-content\/uploads\/2020\/06\/LOGO-512.jpg","contentUrl":"https:\/\/noticiasmercedinas.com\/site\/wp-content\/uploads\/2020\/06\/LOGO-512.jpg","width":512,"height":512,"caption":"NOTICIASMERCEDINAS.COM"},"image":{"@id":"https:\/\/noticiasmercedinas.com\/site\/#\/schema\/logo\/image\/"},"sameAs":["https:\/\/www.facebook.com\/noticiasmercedinas\/","https:\/\/x.com\/notmercedinas","https:\/\/www.instagram.com\/noticiasmercedinas\/"]},{"@type":"Person","@id":"https:\/\/noticiasmercedinas.com\/site\/#\/schema\/person\/84b59c099c28ff2e8b77d4ceec5d8063","name":"NOTICIASMERCEDINAS.COM","image":{"@type":"ImageObject","inLanguage":"es","@id":"https:\/\/secure.gravatar.com\/avatar\/4dfbf16b4d17945bfb6341b2d19043457132fcf478a5ee04f42e959fd8f5df0a?s=96&d=mm&r=g","url":"https:\/\/secure.gravatar.com\/avatar\/4dfbf16b4d17945bfb6341b2d19043457132fcf478a5ee04f42e959fd8f5df0a?s=96&d=mm&r=g","contentUrl":"https:\/\/secure.gravatar.com\/avatar\/4dfbf16b4d17945bfb6341b2d19043457132fcf478a5ee04f42e959fd8f5df0a?s=96&d=mm&r=g","caption":"NOTICIASMERCEDINAS.COM"},"url":"https:\/\/noticiasmercedinas.com\/site\/author\/anonimo\/"}]}},"amp_enabled":true,"_links":{"self":[{"href":"https:\/\/noticiasmercedinas.com\/site\/wp-json\/wp\/v2\/posts\/176741","targetHints":{"allow":["GET"]}}],"collection":[{"href":"https:\/\/noticiasmercedinas.com\/site\/wp-json\/wp\/v2\/posts"}],"about":[{"href":"https:\/\/noticiasmercedinas.com\/site\/wp-json\/wp\/v2\/types\/post"}],"author":[{"embeddable":true,"href":"https:\/\/noticiasmercedinas.com\/site\/wp-json\/wp\/v2\/users\/16"}],"replies":[{"embeddable":true,"href":"https:\/\/noticiasmercedinas.com\/site\/wp-json\/wp\/v2\/comments?post=176741"}],"version-history":[{"count":3,"href":"https:\/\/noticiasmercedinas.com\/site\/wp-json\/wp\/v2\/posts\/176741\/revisions"}],"predecessor-version":[{"id":176746,"href":"https:\/\/noticiasmercedinas.com\/site\/wp-json\/wp\/v2\/posts\/176741\/revisions\/176746"}],"wp:featuredmedia":[{"embeddable":true,"href":"https:\/\/noticiasmercedinas.com\/site\/wp-json\/wp\/v2\/media\/176742"}],"wp:attachment":[{"href":"https:\/\/noticiasmercedinas.com\/site\/wp-json\/wp\/v2\/media?parent=176741"}],"wp:term":[{"taxonomy":"category","embeddable":true,"href":"https:\/\/noticiasmercedinas.com\/site\/wp-json\/wp\/v2\/categories?post=176741"},{"taxonomy":"post_tag","embeddable":true,"href":"https:\/\/noticiasmercedinas.com\/site\/wp-json\/wp\/v2\/tags?post=176741"}],"curies":[{"name":"wp","href":"https:\/\/api.w.org\/{rel}","templated":true}]}}