{"id":176954,"date":"2025-12-18T17:11:16","date_gmt":"2025-12-18T20:11:16","guid":{"rendered":"https:\/\/noticiasmercedinas.com\/site\/?p=176954"},"modified":"2025-12-18T17:11:16","modified_gmt":"2025-12-18T20:11:16","slug":"se-renovo-la-comision-de-la-federacion-de-cooperadoras-escolares","status":"publish","type":"post","link":"https:\/\/noticiasmercedinas.com\/site\/2025\/12\/18\/se-renovo-la-comision-de-la-federacion-de-cooperadoras-escolares\/","title":{"rendered":"Se renov\u00f3 la Comisi\u00f3n de la Federaci\u00f3n de Cooperadoras Escolares"},"content":{"rendered":"<p data-path-to-node=\"4\"><img loading=\"lazy\" decoding=\"async\" class=\"alignnone size-full wp-image-176956\" src=\"https:\/\/noticiasmercedinas.com\/site\/wp-content\/uploads\/2025\/12\/600520793_1329811762521870_9006892952243884067_n.jpg\" alt=\"\" width=\"1015\" height=\"554\" srcset=\"https:\/\/noticiasmercedinas.com\/site\/wp-content\/uploads\/2025\/12\/600520793_1329811762521870_9006892952243884067_n.jpg 1015w, https:\/\/noticiasmercedinas.com\/site\/wp-content\/uploads\/2025\/12\/600520793_1329811762521870_9006892952243884067_n-300x164.jpg 300w, https:\/\/noticiasmercedinas.com\/site\/wp-content\/uploads\/2025\/12\/600520793_1329811762521870_9006892952243884067_n-768x419.jpg 768w, https:\/\/noticiasmercedinas.com\/site\/wp-content\/uploads\/2025\/12\/600520793_1329811762521870_9006892952243884067_n-640x349.jpg 640w, https:\/\/noticiasmercedinas.com\/site\/wp-content\/uploads\/2025\/12\/600520793_1329811762521870_9006892952243884067_n-681x372.jpg 681w\" sizes=\"auto, (max-width: 1015px) 100vw, 1015px\" \/><\/p>\n<p data-path-to-node=\"4\">En la jornada de ayer, mi\u00e9rcoles 17 de diciembre, se llev\u00f3 a cabo la asamblea anual de la <b data-path-to-node=\"4\" data-index-in-node=\"101\">Federaci\u00f3n de Cooperadoras Escolares<\/b>. El encuentro, que cont\u00f3 con el acompa\u00f1amiento del cuerpo de Consejeros Escolares, se destac\u00f3 por un clima de participaci\u00f3n democr\u00e1tica donde la nueva conformaci\u00f3n fue aprobada mediante votaci\u00f3n a mano alzada por todos los presentes.<\/p>\n<p data-path-to-node=\"5\">La nueva comisi\u00f3n directiva integra a representantes de diversos niveles y modalidades, desde jardines de infantes hasta escuelas t\u00e9cnicas y centros de formaci\u00f3n integral.<\/p>\n<p data-path-to-node=\"5\"><img loading=\"lazy\" decoding=\"async\" class=\"alignnone size-full wp-image-176955\" src=\"https:\/\/noticiasmercedinas.com\/site\/wp-content\/uploads\/2025\/12\/600308840_1329811105855269_6912084934113710382_n-e1766088622403.jpg\" alt=\"\" width=\"1280\" height=\"760\" srcset=\"https:\/\/noticiasmercedinas.com\/site\/wp-content\/uploads\/2025\/12\/600308840_1329811105855269_6912084934113710382_n-e1766088622403.jpg 1280w, https:\/\/noticiasmercedinas.com\/site\/wp-content\/uploads\/2025\/12\/600308840_1329811105855269_6912084934113710382_n-e1766088622403-300x178.jpg 300w, https:\/\/noticiasmercedinas.com\/site\/wp-content\/uploads\/2025\/12\/600308840_1329811105855269_6912084934113710382_n-e1766088622403-1024x608.jpg 1024w, https:\/\/noticiasmercedinas.com\/site\/wp-content\/uploads\/2025\/12\/600308840_1329811105855269_6912084934113710382_n-e1766088622403-768x456.jpg 768w, https:\/\/noticiasmercedinas.com\/site\/wp-content\/uploads\/2025\/12\/600308840_1329811105855269_6912084934113710382_n-e1766088622403-640x380.jpg 640w, https:\/\/noticiasmercedinas.com\/site\/wp-content\/uploads\/2025\/12\/600308840_1329811105855269_6912084934113710382_n-e1766088622403-681x404.jpg 681w\" sizes=\"auto, (max-width: 1280px) 100vw, 1280px\" \/><\/p>\n<p data-path-to-node=\"7\">La conducci\u00f3n de la Federaci\u00f3n para el pr\u00f3ximo per\u00edodo qued\u00f3 integrada de la siguiente manera:<\/p>\n<p data-path-to-node=\"8,0,0\"><b data-path-to-node=\"8,0,0\" data-index-in-node=\"0\">Presidente:<\/b> Lilian Romero (EEST 2)<\/p>\n<p data-path-to-node=\"8,1,0\"><b data-path-to-node=\"8,1,0\" data-index-in-node=\"0\">Secretario:<\/b> Matias Diaz (EEST 1)<\/p>\n<p data-path-to-node=\"8,2,0\"><b data-path-to-node=\"8,2,0\" data-index-in-node=\"0\">Tesorero:<\/b> Agust\u00edn Farola (EP 35)<\/p>\n<p data-path-to-node=\"9\"><b data-path-to-node=\"9\" data-index-in-node=\"0\">Vocales:<\/b><\/p>\n<p data-path-to-node=\"10,0,0\"><b data-path-to-node=\"10,0,0\" data-index-in-node=\"0\">Vocal Titular 1:<\/b> Facundo Almada (EP 17)<\/p>\n<p data-path-to-node=\"10,1,0\"><b data-path-to-node=\"10,1,0\" data-index-in-node=\"0\">Vocal Titular 2:<\/b> Juan Onni (CFI 1)<\/p>\n<p data-path-to-node=\"10,2,0\"><b data-path-to-node=\"10,2,0\" data-index-in-node=\"0\">Vocal Titular 3:<\/b> Mariano P\u00e9rez (CEF 193)<\/p>\n<p data-path-to-node=\"10,3,0\"><b data-path-to-node=\"10,3,0\" data-index-in-node=\"0\">Vocal Suplente 1:<\/b> Yesica Landola (Jard\u00edn 904)<\/p>\n<p data-path-to-node=\"10,4,0\"><b data-path-to-node=\"10,4,0\" data-index-in-node=\"0\">Vocal Suplente 2:<\/b> Triana Le\u00f3n (Jard\u00edn 905)<\/p>\n<p data-path-to-node=\"11\"><b data-path-to-node=\"11\" data-index-in-node=\"0\">Comisi\u00f3n Revisora de Cuentas:<\/b><\/p>\n<p data-path-to-node=\"12,0,0\"><b data-path-to-node=\"12,0,0\" data-index-in-node=\"0\">Docente:<\/b> Patricia Machado (EES 9)<\/p>\n<p data-path-to-node=\"12,1,0\"><b data-path-to-node=\"12,1,0\" data-index-in-node=\"0\">Titular:<\/b> Marcela Benitez (EP 37)<\/p>\n<p data-path-to-node=\"12,2,0\"><b data-path-to-node=\"12,2,0\" data-index-in-node=\"0\">Suplente:<\/b> Bel\u00e9n Lascano (EP 23)<\/p>\n<p data-path-to-node=\"13\">El <b data-path-to-node=\"13\" data-index-in-node=\"3\">Asesor<\/b> de la flamante comisi\u00f3n ser\u00e1 el Jefe Distrital, <b data-path-to-node=\"13\" data-index-in-node=\"58\">Christian Ponce<\/b>, reforzando el v\u00ednculo institucional entre las familias y la gesti\u00f3n educativa.<\/p>\n<p data-path-to-node=\"15\">Desde el cuerpo de <b data-path-to-node=\"15\" data-index-in-node=\"19\">Consejeros Escolares<\/b> reafirmaron su compromiso de seguir acompa\u00f1ando de cerca el trabajo de cada cooperadora, fundamentales para el sostenimiento diario, la infraestructura menor y el equipamiento de los establecimientos educativos del partido.<\/p>\n<p data-path-to-node=\"15\"><img loading=\"lazy\" decoding=\"async\" class=\"alignnone size-full wp-image-176957\" src=\"https:\/\/noticiasmercedinas.com\/site\/wp-content\/uploads\/2025\/12\/601467189_1329813555855024_5158343081187783880_n.jpg\" alt=\"\" width=\"1177\" height=\"785\" srcset=\"https:\/\/noticiasmercedinas.com\/site\/wp-content\/uploads\/2025\/12\/601467189_1329813555855024_5158343081187783880_n.jpg 1177w, https:\/\/noticiasmercedinas.com\/site\/wp-content\/uploads\/2025\/12\/601467189_1329813555855024_5158343081187783880_n-300x200.jpg 300w, https:\/\/noticiasmercedinas.com\/site\/wp-content\/uploads\/2025\/12\/601467189_1329813555855024_5158343081187783880_n-1024x683.jpg 1024w, https:\/\/noticiasmercedinas.com\/site\/wp-content\/uploads\/2025\/12\/601467189_1329813555855024_5158343081187783880_n-768x512.jpg 768w, https:\/\/noticiasmercedinas.com\/site\/wp-content\/uploads\/2025\/12\/601467189_1329813555855024_5158343081187783880_n-640x427.jpg 640w, https:\/\/noticiasmercedinas.com\/site\/wp-content\/uploads\/2025\/12\/601467189_1329813555855024_5158343081187783880_n-681x454.jpg 681w\" sizes=\"auto, (max-width: 1177px) 100vw, 1177px\" \/>cooperadoras<\/p>\n","protected":false},"excerpt":{"rendered":"<p>\u25a0\u00a0En una asamblea anual marcada por el consenso, los representantes de las cooperadoras locales eligieron por unanimidad a las nuevas autoridades que gestionar\u00e1n el apoyo a las escuelas de la ciudad.<\/p>\n","protected":false},"author":16,"featured_media":176956,"comment_status":"closed","ping_status":"closed","sticky":false,"template":"","format":"standard","meta":{"footnotes":""},"categories":[15755],"tags":[17944],"class_list":["post-176954","post","type-post","status-publish","format-standard","has-post-thumbnail","hentry","category-educacion","tag-cooperadoras-escolares"],"yoast_head":"<!-- This site is optimized with the Yoast SEO plugin v27.5 - https:\/\/yoast.com\/product\/yoast-seo-wordpress\/ -->\n<title>Se renov\u00f3 la Comisi\u00f3n de la Federaci\u00f3n de Cooperadoras Escolares<\/title>\n<meta name=\"description\" content=\"\u25a0\u00a0En una asamblea anual marcada por el consenso, los representantes de las cooperadoras locales eligieron por unanimidad a las nuevas autoridades que gestionar\u00e1n el apoyo a las escuelas de la ciudad.\" \/>\n<meta name=\"robots\" content=\"index, follow, max-snippet:-1, max-image-preview:large, max-video-preview:-1\" \/>\n<link rel=\"canonical\" href=\"https:\/\/noticiasmercedinas.com\/site\/2025\/12\/18\/se-renovo-la-comision-de-la-federacion-de-cooperadoras-escolares\/\" \/>\n<meta property=\"og:locale\" content=\"es_ES\" \/>\n<meta property=\"og:type\" content=\"article\" \/>\n<meta property=\"og:title\" content=\"Se renov\u00f3 la Comisi\u00f3n de la Federaci\u00f3n de Cooperadoras Escolares\" \/>\n<meta property=\"og:description\" content=\"\u25a0\u00a0En una asamblea anual marcada por el consenso, los representantes de las cooperadoras locales eligieron por unanimidad a las nuevas autoridades que gestionar\u00e1n el apoyo a las escuelas de la ciudad.\" \/>\n<meta property=\"og:url\" content=\"https:\/\/noticiasmercedinas.com\/site\/2025\/12\/18\/se-renovo-la-comision-de-la-federacion-de-cooperadoras-escolares\/\" \/>\n<meta property=\"og:site_name\" content=\"NOTICIASMERCEDINAS.COM\" \/>\n<meta property=\"article:publisher\" content=\"https:\/\/www.facebook.com\/noticiasmercedinas\/\" \/>\n<meta property=\"article:published_time\" content=\"2025-12-18T20:11:16+00:00\" \/>\n<meta property=\"og:image\" content=\"https:\/\/noticiasmercedinas.com\/site\/wp-content\/uploads\/2025\/12\/600520793_1329811762521870_9006892952243884067_n.jpg\" \/>\n\t<meta property=\"og:image:width\" content=\"1015\" \/>\n\t<meta property=\"og:image:height\" content=\"554\" \/>\n\t<meta property=\"og:image:type\" content=\"image\/jpeg\" \/>\n<meta name=\"author\" content=\"NOTICIASMERCEDINAS.COM\" \/>\n<meta name=\"twitter:card\" content=\"summary_large_image\" \/>\n<meta name=\"twitter:creator\" content=\"@notmercedinas\" \/>\n<meta name=\"twitter:site\" content=\"@notmercedinas\" \/>\n<meta name=\"twitter:label1\" content=\"Escrito por\" \/>\n\t<meta name=\"twitter:data1\" content=\"NOTICIASMERCEDINAS.COM\" \/>\n\t<meta name=\"twitter:label2\" content=\"Tiempo de lectura\" \/>\n\t<meta name=\"twitter:data2\" content=\"2 minutos\" \/>\n<script type=\"application\/ld+json\" class=\"yoast-schema-graph\">{\"@context\":\"https:\\\/\\\/schema.org\",\"@graph\":[{\"@type\":\"Article\",\"@id\":\"https:\\\/\\\/noticiasmercedinas.com\\\/site\\\/2025\\\/12\\\/18\\\/se-renovo-la-comision-de-la-federacion-de-cooperadoras-escolares\\\/#article\",\"isPartOf\":{\"@id\":\"https:\\\/\\\/noticiasmercedinas.com\\\/site\\\/2025\\\/12\\\/18\\\/se-renovo-la-comision-de-la-federacion-de-cooperadoras-escolares\\\/\"},\"author\":{\"name\":\"NOTICIASMERCEDINAS.COM\",\"@id\":\"https:\\\/\\\/noticiasmercedinas.com\\\/site\\\/#\\\/schema\\\/person\\\/84b59c099c28ff2e8b77d4ceec5d8063\"},\"headline\":\"Se renov\u00f3 la Comisi\u00f3n de la Federaci\u00f3n de Cooperadoras Escolares\",\"datePublished\":\"2025-12-18T20:11:16+00:00\",\"mainEntityOfPage\":{\"@id\":\"https:\\\/\\\/noticiasmercedinas.com\\\/site\\\/2025\\\/12\\\/18\\\/se-renovo-la-comision-de-la-federacion-de-cooperadoras-escolares\\\/\"},\"wordCount\":246,\"publisher\":{\"@id\":\"https:\\\/\\\/noticiasmercedinas.com\\\/site\\\/#organization\"},\"image\":{\"@id\":\"https:\\\/\\\/noticiasmercedinas.com\\\/site\\\/2025\\\/12\\\/18\\\/se-renovo-la-comision-de-la-federacion-de-cooperadoras-escolares\\\/#primaryimage\"},\"thumbnailUrl\":\"https:\\\/\\\/noticiasmercedinas.com\\\/site\\\/wp-content\\\/uploads\\\/2025\\\/12\\\/600520793_1329811762521870_9006892952243884067_n.jpg\",\"keywords\":[\"cooperadoras escolares\"],\"articleSection\":[\"Educacion\"],\"inLanguage\":\"es\"},{\"@type\":\"WebPage\",\"@id\":\"https:\\\/\\\/noticiasmercedinas.com\\\/site\\\/2025\\\/12\\\/18\\\/se-renovo-la-comision-de-la-federacion-de-cooperadoras-escolares\\\/\",\"url\":\"https:\\\/\\\/noticiasmercedinas.com\\\/site\\\/2025\\\/12\\\/18\\\/se-renovo-la-comision-de-la-federacion-de-cooperadoras-escolares\\\/\",\"name\":\"Se renov\u00f3 la Comisi\u00f3n de la Federaci\u00f3n de Cooperadoras Escolares\",\"isPartOf\":{\"@id\":\"https:\\\/\\\/noticiasmercedinas.com\\\/site\\\/#website\"},\"primaryImageOfPage\":{\"@id\":\"https:\\\/\\\/noticiasmercedinas.com\\\/site\\\/2025\\\/12\\\/18\\\/se-renovo-la-comision-de-la-federacion-de-cooperadoras-escolares\\\/#primaryimage\"},\"image\":{\"@id\":\"https:\\\/\\\/noticiasmercedinas.com\\\/site\\\/2025\\\/12\\\/18\\\/se-renovo-la-comision-de-la-federacion-de-cooperadoras-escolares\\\/#primaryimage\"},\"thumbnailUrl\":\"https:\\\/\\\/noticiasmercedinas.com\\\/site\\\/wp-content\\\/uploads\\\/2025\\\/12\\\/600520793_1329811762521870_9006892952243884067_n.jpg\",\"datePublished\":\"2025-12-18T20:11:16+00:00\",\"description\":\"\u25a0\u00a0En una asamblea anual marcada por el consenso, los representantes de las cooperadoras locales eligieron por unanimidad a las nuevas autoridades que gestionar\u00e1n el apoyo a las escuelas de la ciudad.\",\"breadcrumb\":{\"@id\":\"https:\\\/\\\/noticiasmercedinas.com\\\/site\\\/2025\\\/12\\\/18\\\/se-renovo-la-comision-de-la-federacion-de-cooperadoras-escolares\\\/#breadcrumb\"},\"inLanguage\":\"es\",\"potentialAction\":[{\"@type\":\"ReadAction\",\"target\":[\"https:\\\/\\\/noticiasmercedinas.com\\\/site\\\/2025\\\/12\\\/18\\\/se-renovo-la-comision-de-la-federacion-de-cooperadoras-escolares\\\/\"]}]},{\"@type\":\"ImageObject\",\"inLanguage\":\"es\",\"@id\":\"https:\\\/\\\/noticiasmercedinas.com\\\/site\\\/2025\\\/12\\\/18\\\/se-renovo-la-comision-de-la-federacion-de-cooperadoras-escolares\\\/#primaryimage\",\"url\":\"https:\\\/\\\/noticiasmercedinas.com\\\/site\\\/wp-content\\\/uploads\\\/2025\\\/12\\\/600520793_1329811762521870_9006892952243884067_n.jpg\",\"contentUrl\":\"https:\\\/\\\/noticiasmercedinas.com\\\/site\\\/wp-content\\\/uploads\\\/2025\\\/12\\\/600520793_1329811762521870_9006892952243884067_n.jpg\",\"width\":1015,\"height\":554},{\"@type\":\"BreadcrumbList\",\"@id\":\"https:\\\/\\\/noticiasmercedinas.com\\\/site\\\/2025\\\/12\\\/18\\\/se-renovo-la-comision-de-la-federacion-de-cooperadoras-escolares\\\/#breadcrumb\",\"itemListElement\":[{\"@type\":\"ListItem\",\"position\":1,\"name\":\"Portada\",\"item\":\"https:\\\/\\\/noticiasmercedinas.com\\\/site\\\/\"},{\"@type\":\"ListItem\",\"position\":2,\"name\":\"Se renov\u00f3 la Comisi\u00f3n de la Federaci\u00f3n de Cooperadoras Escolares\"}]},{\"@type\":\"WebSite\",\"@id\":\"https:\\\/\\\/noticiasmercedinas.com\\\/site\\\/#website\",\"url\":\"https:\\\/\\\/noticiasmercedinas.com\\\/site\\\/\",\"name\":\"NOTICIASMERCEDINAS.COM\",\"description\":\"Mercedes, Buenos Aires, Argentina\",\"publisher\":{\"@id\":\"https:\\\/\\\/noticiasmercedinas.com\\\/site\\\/#organization\"},\"potentialAction\":[{\"@type\":\"SearchAction\",\"target\":{\"@type\":\"EntryPoint\",\"urlTemplate\":\"https:\\\/\\\/noticiasmercedinas.com\\\/site\\\/?s={search_term_string}\"},\"query-input\":{\"@type\":\"PropertyValueSpecification\",\"valueRequired\":true,\"valueName\":\"search_term_string\"}}],\"inLanguage\":\"es\"},{\"@type\":\"Organization\",\"@id\":\"https:\\\/\\\/noticiasmercedinas.com\\\/site\\\/#organization\",\"name\":\"NOTICIASMERCEDINAS.COM\",\"url\":\"https:\\\/\\\/noticiasmercedinas.com\\\/site\\\/\",\"logo\":{\"@type\":\"ImageObject\",\"inLanguage\":\"es\",\"@id\":\"https:\\\/\\\/noticiasmercedinas.com\\\/site\\\/#\\\/schema\\\/logo\\\/image\\\/\",\"url\":\"https:\\\/\\\/noticiasmercedinas.com\\\/site\\\/wp-content\\\/uploads\\\/2020\\\/06\\\/LOGO-512.jpg\",\"contentUrl\":\"https:\\\/\\\/noticiasmercedinas.com\\\/site\\\/wp-content\\\/uploads\\\/2020\\\/06\\\/LOGO-512.jpg\",\"width\":512,\"height\":512,\"caption\":\"NOTICIASMERCEDINAS.COM\"},\"image\":{\"@id\":\"https:\\\/\\\/noticiasmercedinas.com\\\/site\\\/#\\\/schema\\\/logo\\\/image\\\/\"},\"sameAs\":[\"https:\\\/\\\/www.facebook.com\\\/noticiasmercedinas\\\/\",\"https:\\\/\\\/x.com\\\/notmercedinas\",\"https:\\\/\\\/www.instagram.com\\\/noticiasmercedinas\\\/\"]},{\"@type\":\"Person\",\"@id\":\"https:\\\/\\\/noticiasmercedinas.com\\\/site\\\/#\\\/schema\\\/person\\\/84b59c099c28ff2e8b77d4ceec5d8063\",\"name\":\"NOTICIASMERCEDINAS.COM\",\"image\":{\"@type\":\"ImageObject\",\"inLanguage\":\"es\",\"@id\":\"https:\\\/\\\/secure.gravatar.com\\\/avatar\\\/4dfbf16b4d17945bfb6341b2d19043457132fcf478a5ee04f42e959fd8f5df0a?s=96&d=mm&r=g\",\"url\":\"https:\\\/\\\/secure.gravatar.com\\\/avatar\\\/4dfbf16b4d17945bfb6341b2d19043457132fcf478a5ee04f42e959fd8f5df0a?s=96&d=mm&r=g\",\"contentUrl\":\"https:\\\/\\\/secure.gravatar.com\\\/avatar\\\/4dfbf16b4d17945bfb6341b2d19043457132fcf478a5ee04f42e959fd8f5df0a?s=96&d=mm&r=g\",\"caption\":\"NOTICIASMERCEDINAS.COM\"},\"url\":\"https:\\\/\\\/noticiasmercedinas.com\\\/site\\\/author\\\/anonimo\\\/\"}]}<\/script>\n<!-- \/ Yoast SEO plugin. -->","yoast_head_json":{"title":"Se renov\u00f3 la Comisi\u00f3n de la Federaci\u00f3n de Cooperadoras Escolares","description":"\u25a0\u00a0En una asamblea anual marcada por el consenso, los representantes de las cooperadoras locales eligieron por unanimidad a las nuevas autoridades que gestionar\u00e1n el apoyo a las escuelas de la ciudad.","robots":{"index":"index","follow":"follow","max-snippet":"max-snippet:-1","max-image-preview":"max-image-preview:large","max-video-preview":"max-video-preview:-1"},"canonical":"https:\/\/noticiasmercedinas.com\/site\/2025\/12\/18\/se-renovo-la-comision-de-la-federacion-de-cooperadoras-escolares\/","og_locale":"es_ES","og_type":"article","og_title":"Se renov\u00f3 la Comisi\u00f3n de la Federaci\u00f3n de Cooperadoras Escolares","og_description":"\u25a0\u00a0En una asamblea anual marcada por el consenso, los representantes de las cooperadoras locales eligieron por unanimidad a las nuevas autoridades que gestionar\u00e1n el apoyo a las escuelas de la ciudad.","og_url":"https:\/\/noticiasmercedinas.com\/site\/2025\/12\/18\/se-renovo-la-comision-de-la-federacion-de-cooperadoras-escolares\/","og_site_name":"NOTICIASMERCEDINAS.COM","article_publisher":"https:\/\/www.facebook.com\/noticiasmercedinas\/","article_published_time":"2025-12-18T20:11:16+00:00","og_image":[{"width":1015,"height":554,"url":"https:\/\/noticiasmercedinas.com\/site\/wp-content\/uploads\/2025\/12\/600520793_1329811762521870_9006892952243884067_n.jpg","type":"image\/jpeg"}],"author":"NOTICIASMERCEDINAS.COM","twitter_card":"summary_large_image","twitter_creator":"@notmercedinas","twitter_site":"@notmercedinas","twitter_misc":{"Escrito por":"NOTICIASMERCEDINAS.COM","Tiempo de lectura":"2 minutos"},"schema":{"@context":"https:\/\/schema.org","@graph":[{"@type":"Article","@id":"https:\/\/noticiasmercedinas.com\/site\/2025\/12\/18\/se-renovo-la-comision-de-la-federacion-de-cooperadoras-escolares\/#article","isPartOf":{"@id":"https:\/\/noticiasmercedinas.com\/site\/2025\/12\/18\/se-renovo-la-comision-de-la-federacion-de-cooperadoras-escolares\/"},"author":{"name":"NOTICIASMERCEDINAS.COM","@id":"https:\/\/noticiasmercedinas.com\/site\/#\/schema\/person\/84b59c099c28ff2e8b77d4ceec5d8063"},"headline":"Se renov\u00f3 la Comisi\u00f3n de la Federaci\u00f3n de Cooperadoras Escolares","datePublished":"2025-12-18T20:11:16+00:00","mainEntityOfPage":{"@id":"https:\/\/noticiasmercedinas.com\/site\/2025\/12\/18\/se-renovo-la-comision-de-la-federacion-de-cooperadoras-escolares\/"},"wordCount":246,"publisher":{"@id":"https:\/\/noticiasmercedinas.com\/site\/#organization"},"image":{"@id":"https:\/\/noticiasmercedinas.com\/site\/2025\/12\/18\/se-renovo-la-comision-de-la-federacion-de-cooperadoras-escolares\/#primaryimage"},"thumbnailUrl":"https:\/\/noticiasmercedinas.com\/site\/wp-content\/uploads\/2025\/12\/600520793_1329811762521870_9006892952243884067_n.jpg","keywords":["cooperadoras escolares"],"articleSection":["Educacion"],"inLanguage":"es"},{"@type":"WebPage","@id":"https:\/\/noticiasmercedinas.com\/site\/2025\/12\/18\/se-renovo-la-comision-de-la-federacion-de-cooperadoras-escolares\/","url":"https:\/\/noticiasmercedinas.com\/site\/2025\/12\/18\/se-renovo-la-comision-de-la-federacion-de-cooperadoras-escolares\/","name":"Se renov\u00f3 la Comisi\u00f3n de la Federaci\u00f3n de Cooperadoras Escolares","isPartOf":{"@id":"https:\/\/noticiasmercedinas.com\/site\/#website"},"primaryImageOfPage":{"@id":"https:\/\/noticiasmercedinas.com\/site\/2025\/12\/18\/se-renovo-la-comision-de-la-federacion-de-cooperadoras-escolares\/#primaryimage"},"image":{"@id":"https:\/\/noticiasmercedinas.com\/site\/2025\/12\/18\/se-renovo-la-comision-de-la-federacion-de-cooperadoras-escolares\/#primaryimage"},"thumbnailUrl":"https:\/\/noticiasmercedinas.com\/site\/wp-content\/uploads\/2025\/12\/600520793_1329811762521870_9006892952243884067_n.jpg","datePublished":"2025-12-18T20:11:16+00:00","description":"\u25a0\u00a0En una asamblea anual marcada por el consenso, los representantes de las cooperadoras locales eligieron por unanimidad a las nuevas autoridades que gestionar\u00e1n el apoyo a las escuelas de la ciudad.","breadcrumb":{"@id":"https:\/\/noticiasmercedinas.com\/site\/2025\/12\/18\/se-renovo-la-comision-de-la-federacion-de-cooperadoras-escolares\/#breadcrumb"},"inLanguage":"es","potentialAction":[{"@type":"ReadAction","target":["https:\/\/noticiasmercedinas.com\/site\/2025\/12\/18\/se-renovo-la-comision-de-la-federacion-de-cooperadoras-escolares\/"]}]},{"@type":"ImageObject","inLanguage":"es","@id":"https:\/\/noticiasmercedinas.com\/site\/2025\/12\/18\/se-renovo-la-comision-de-la-federacion-de-cooperadoras-escolares\/#primaryimage","url":"https:\/\/noticiasmercedinas.com\/site\/wp-content\/uploads\/2025\/12\/600520793_1329811762521870_9006892952243884067_n.jpg","contentUrl":"https:\/\/noticiasmercedinas.com\/site\/wp-content\/uploads\/2025\/12\/600520793_1329811762521870_9006892952243884067_n.jpg","width":1015,"height":554},{"@type":"BreadcrumbList","@id":"https:\/\/noticiasmercedinas.com\/site\/2025\/12\/18\/se-renovo-la-comision-de-la-federacion-de-cooperadoras-escolares\/#breadcrumb","itemListElement":[{"@type":"ListItem","position":1,"name":"Portada","item":"https:\/\/noticiasmercedinas.com\/site\/"},{"@type":"ListItem","position":2,"name":"Se renov\u00f3 la Comisi\u00f3n de la Federaci\u00f3n de Cooperadoras Escolares"}]},{"@type":"WebSite","@id":"https:\/\/noticiasmercedinas.com\/site\/#website","url":"https:\/\/noticiasmercedinas.com\/site\/","name":"NOTICIASMERCEDINAS.COM","description":"Mercedes, Buenos Aires, Argentina","publisher":{"@id":"https:\/\/noticiasmercedinas.com\/site\/#organization"},"potentialAction":[{"@type":"SearchAction","target":{"@type":"EntryPoint","urlTemplate":"https:\/\/noticiasmercedinas.com\/site\/?s={search_term_string}"},"query-input":{"@type":"PropertyValueSpecification","valueRequired":true,"valueName":"search_term_string"}}],"inLanguage":"es"},{"@type":"Organization","@id":"https:\/\/noticiasmercedinas.com\/site\/#organization","name":"NOTICIASMERCEDINAS.COM","url":"https:\/\/noticiasmercedinas.com\/site\/","logo":{"@type":"ImageObject","inLanguage":"es","@id":"https:\/\/noticiasmercedinas.com\/site\/#\/schema\/logo\/image\/","url":"https:\/\/noticiasmercedinas.com\/site\/wp-content\/uploads\/2020\/06\/LOGO-512.jpg","contentUrl":"https:\/\/noticiasmercedinas.com\/site\/wp-content\/uploads\/2020\/06\/LOGO-512.jpg","width":512,"height":512,"caption":"NOTICIASMERCEDINAS.COM"},"image":{"@id":"https:\/\/noticiasmercedinas.com\/site\/#\/schema\/logo\/image\/"},"sameAs":["https:\/\/www.facebook.com\/noticiasmercedinas\/","https:\/\/x.com\/notmercedinas","https:\/\/www.instagram.com\/noticiasmercedinas\/"]},{"@type":"Person","@id":"https:\/\/noticiasmercedinas.com\/site\/#\/schema\/person\/84b59c099c28ff2e8b77d4ceec5d8063","name":"NOTICIASMERCEDINAS.COM","image":{"@type":"ImageObject","inLanguage":"es","@id":"https:\/\/secure.gravatar.com\/avatar\/4dfbf16b4d17945bfb6341b2d19043457132fcf478a5ee04f42e959fd8f5df0a?s=96&d=mm&r=g","url":"https:\/\/secure.gravatar.com\/avatar\/4dfbf16b4d17945bfb6341b2d19043457132fcf478a5ee04f42e959fd8f5df0a?s=96&d=mm&r=g","contentUrl":"https:\/\/secure.gravatar.com\/avatar\/4dfbf16b4d17945bfb6341b2d19043457132fcf478a5ee04f42e959fd8f5df0a?s=96&d=mm&r=g","caption":"NOTICIASMERCEDINAS.COM"},"url":"https:\/\/noticiasmercedinas.com\/site\/author\/anonimo\/"}]}},"amp_enabled":true,"_links":{"self":[{"href":"https:\/\/noticiasmercedinas.com\/site\/wp-json\/wp\/v2\/posts\/176954","targetHints":{"allow":["GET"]}}],"collection":[{"href":"https:\/\/noticiasmercedinas.com\/site\/wp-json\/wp\/v2\/posts"}],"about":[{"href":"https:\/\/noticiasmercedinas.com\/site\/wp-json\/wp\/v2\/types\/post"}],"author":[{"embeddable":true,"href":"https:\/\/noticiasmercedinas.com\/site\/wp-json\/wp\/v2\/users\/16"}],"replies":[{"embeddable":true,"href":"https:\/\/noticiasmercedinas.com\/site\/wp-json\/wp\/v2\/comments?post=176954"}],"version-history":[{"count":1,"href":"https:\/\/noticiasmercedinas.com\/site\/wp-json\/wp\/v2\/posts\/176954\/revisions"}],"predecessor-version":[{"id":176958,"href":"https:\/\/noticiasmercedinas.com\/site\/wp-json\/wp\/v2\/posts\/176954\/revisions\/176958"}],"wp:featuredmedia":[{"embeddable":true,"href":"https:\/\/noticiasmercedinas.com\/site\/wp-json\/wp\/v2\/media\/176956"}],"wp:attachment":[{"href":"https:\/\/noticiasmercedinas.com\/site\/wp-json\/wp\/v2\/media?parent=176954"}],"wp:term":[{"taxonomy":"category","embeddable":true,"href":"https:\/\/noticiasmercedinas.com\/site\/wp-json\/wp\/v2\/categories?post=176954"},{"taxonomy":"post_tag","embeddable":true,"href":"https:\/\/noticiasmercedinas.com\/site\/wp-json\/wp\/v2\/tags?post=176954"}],"curies":[{"name":"wp","href":"https:\/\/api.w.org\/{rel}","templated":true}]}}