{"id":176964,"date":"2025-12-18T18:11:51","date_gmt":"2025-12-18T21:11:51","guid":{"rendered":"https:\/\/noticiasmercedinas.com\/site\/?p=176964"},"modified":"2025-12-18T18:11:51","modified_gmt":"2025-12-18T21:11:51","slug":"el-consejo-consultivo-agroecologico-entrego-los-primeros-certificados-en-mercedes","status":"publish","type":"post","link":"https:\/\/noticiasmercedinas.com\/site\/2025\/12\/18\/el-consejo-consultivo-agroecologico-entrego-los-primeros-certificados-en-mercedes\/","title":{"rendered":"El Consejo Consultivo Agroecol\u00f3gico entreg\u00f3 los primeros certificados en Mercedes"},"content":{"rendered":"<div><img loading=\"lazy\" decoding=\"async\" class=\"alignnone size-full wp-image-176965\" src=\"https:\/\/noticiasmercedinas.com\/site\/wp-content\/uploads\/2025\/12\/C-5.jpg\" alt=\"\" width=\"1280\" height=\"720\" srcset=\"https:\/\/noticiasmercedinas.com\/site\/wp-content\/uploads\/2025\/12\/C-5.jpg 1280w, https:\/\/noticiasmercedinas.com\/site\/wp-content\/uploads\/2025\/12\/C-5-300x169.jpg 300w, https:\/\/noticiasmercedinas.com\/site\/wp-content\/uploads\/2025\/12\/C-5-1024x576.jpg 1024w, https:\/\/noticiasmercedinas.com\/site\/wp-content\/uploads\/2025\/12\/C-5-768x432.jpg 768w, https:\/\/noticiasmercedinas.com\/site\/wp-content\/uploads\/2025\/12\/C-5-640x360.jpg 640w, https:\/\/noticiasmercedinas.com\/site\/wp-content\/uploads\/2025\/12\/C-5-681x383.jpg 681w\" sizes=\"auto, (max-width: 1280px) 100vw, 1280px\" \/><\/div>\n<p>En un paso clave para el fortalecimiento de la producci\u00f3n sustentable local, tres productores del Partido de Mercedes recibieron el reconocimiento tras un largo trabajo conjunto y evaluaci\u00f3n t\u00e9cnica con el acompa\u00f1amiento de la municipalidad.<\/p>\n<p>El Consejo Consultivo Agroecol\u00f3gico Municipal contin\u00faa consolidando su labor de acompa\u00f1amiento a los productores locales que apuestan por sistemas de producci\u00f3n m\u00e1s sustentables.<\/p>\n<p><img loading=\"lazy\" decoding=\"async\" class=\"alignnone size-full wp-image-176967\" src=\"https:\/\/noticiasmercedinas.com\/site\/wp-content\/uploads\/2025\/12\/B-5.jpg\" alt=\"\" width=\"960\" height=\"1280\" srcset=\"https:\/\/noticiasmercedinas.com\/site\/wp-content\/uploads\/2025\/12\/B-5.jpg 960w, https:\/\/noticiasmercedinas.com\/site\/wp-content\/uploads\/2025\/12\/B-5-225x300.jpg 225w, https:\/\/noticiasmercedinas.com\/site\/wp-content\/uploads\/2025\/12\/B-5-768x1024.jpg 768w, https:\/\/noticiasmercedinas.com\/site\/wp-content\/uploads\/2025\/12\/B-5-640x853.jpg 640w, https:\/\/noticiasmercedinas.com\/site\/wp-content\/uploads\/2025\/12\/B-5-681x908.jpg 681w\" sizes=\"auto, (max-width: 960px) 100vw, 960px\" \/><\/p>\n<p>En un acto reciente, se realiz\u00f3 la entrega formal de los certificados de transici\u00f3n agroecol\u00f3gica, un aval que reconoce el esfuerzo y el compromiso de quienes buscan producir alimentos de forma saludable y respetuosa con el medio ambiente.<\/p>\n<p><strong>Un proceso t\u00e9cnico y participativo<\/strong><br \/>\nLa transparencia y el rigor t\u00e9cnico del proceso est\u00e1n garantizados por la composici\u00f3n del Consejo, que funciona como un espacio multidisciplinario. En \u00e9l participan representantes de:<\/p>\n<p>&#8211; INTA e Instituto de Agricultura Familiar.<br \/>\n&#8211; Universidad Nacional de Luj\u00e1n (UNLu).<br \/>\n&#8211; Asamblea Mercedina por la Agroecolog\u00eda.<br \/>\n&#8211; Productores agroecol\u00f3gicos locales.<br \/>\n&#8211; Oficina de Agricultura Familiar y Agroecolog\u00eda (OAFA).<\/p>\n<p>Este equipo es el encargado de realizar las visitas a campo, evaluar las pr\u00e1cticas productivas y brindar las recomendaciones necesarias para cumplir con los est\u00e1ndares agroecol\u00f3gicos.<\/p>\n<p><strong>Los productores distinguidos<\/strong><br \/>\nEn esta oportunidad, el reconocimiento fue otorgado a tres emprendimientos que representan la diversidad productiva de la regi\u00f3n:<\/p>\n<p>&#8211; Juan Gatti: Productor hort\u00edcola.<br \/>\n&#8211; Augusto Queirel: Dedicado a la producci\u00f3n av\u00edcola (huevos de gallinas libres).<br \/>\n&#8211; Uriel Wul: Productor de pec\u00e1n y zarzamora.<\/p>\n<p><strong>El camino hacia la sustentabilidad<\/strong><br \/>\nEs importante destacar que la entrega de estos certificados no es un punto final, sino parte de un proceso continuo. El compromiso asumido implica una nueva auditor\u00eda en un plazo de seis meses, donde se evaluar\u00e1n los avances logrados y el cumplimiento de las mejoras acordadas durante las visitas t\u00e9cnicas.<\/p>\n<p>Con estas acciones, el municipio y las instituciones involucradas reafirman su compromiso con la soberan\u00eda alimentaria, el arraigo territorial y el apoyo a quienes eligen el camino de la agroecolog\u00eda para abastecer a la comunidad con alimentos sanos.<\/p>\n<p><img loading=\"lazy\" decoding=\"async\" class=\"alignnone size-full wp-image-176966\" src=\"https:\/\/noticiasmercedinas.com\/site\/wp-content\/uploads\/2025\/12\/A-6.jpg\" alt=\"\" width=\"728\" height=\"827\" srcset=\"https:\/\/noticiasmercedinas.com\/site\/wp-content\/uploads\/2025\/12\/A-6.jpg 728w, https:\/\/noticiasmercedinas.com\/site\/wp-content\/uploads\/2025\/12\/A-6-264x300.jpg 264w, https:\/\/noticiasmercedinas.com\/site\/wp-content\/uploads\/2025\/12\/A-6-640x727.jpg 640w, https:\/\/noticiasmercedinas.com\/site\/wp-content\/uploads\/2025\/12\/A-6-681x774.jpg 681w\" sizes=\"auto, (max-width: 728px) 100vw, 728px\" \/><\/p>\n","protected":false},"excerpt":{"rendered":"<p>\u25a0 En un paso clave para el fortalecimiento de la producci\u00f3n sustentable local, tres productores del Partido de Mercedes recibieron el reconocimiento tras un largo trabajo conjunto y evaluaci\u00f3n t\u00e9cnica con el acompa\u00f1amiento de la municipalidad.<\/p>\n","protected":false},"author":16,"featured_media":176965,"comment_status":"closed","ping_status":"closed","sticky":false,"template":"","format":"standard","meta":{"footnotes":""},"categories":[5754],"tags":[21482,21480,21481,23,21483],"class_list":["post-176964","post","type-post","status-publish","format-standard","has-post-thumbnail","hentry","category-medio-ambiente","tag-augusto-queirel","tag-consejo-consultivo-agroecologico","tag-juan-gatti","tag-mercedes","tag-uriel-wul"],"yoast_head":"<!-- This site is optimized with the Yoast SEO plugin v27.4 - https:\/\/yoast.com\/product\/yoast-seo-wordpress\/ -->\n<title>El Consejo Consultivo Agroecol\u00f3gico entreg\u00f3 los primeros certificados en Mercedes<\/title>\n<meta name=\"description\" content=\"En un paso clave para el fortalecimiento de la producci\u00f3n sustentable local, tres productores del Partido de Mercedes recibieron el reconocimiento tras un largo trabajo conjunto y evaluaci\u00f3n t\u00e9cnica con el acompa\u00f1amiento de la municipalidad.\" \/>\n<meta name=\"robots\" content=\"index, follow, max-snippet:-1, max-image-preview:large, max-video-preview:-1\" \/>\n<link rel=\"canonical\" href=\"https:\/\/noticiasmercedinas.com\/site\/2025\/12\/18\/el-consejo-consultivo-agroecologico-entrego-los-primeros-certificados-en-mercedes\/\" \/>\n<meta property=\"og:locale\" content=\"es_ES\" \/>\n<meta property=\"og:type\" content=\"article\" \/>\n<meta property=\"og:title\" content=\"El Consejo Consultivo Agroecol\u00f3gico entreg\u00f3 los primeros certificados en Mercedes\" \/>\n<meta property=\"og:description\" content=\"En un paso clave para el fortalecimiento de la producci\u00f3n sustentable local, tres productores del Partido de Mercedes recibieron el reconocimiento tras un largo trabajo conjunto y evaluaci\u00f3n t\u00e9cnica con el acompa\u00f1amiento de la municipalidad.\" \/>\n<meta property=\"og:url\" content=\"https:\/\/noticiasmercedinas.com\/site\/2025\/12\/18\/el-consejo-consultivo-agroecologico-entrego-los-primeros-certificados-en-mercedes\/\" \/>\n<meta property=\"og:site_name\" content=\"NOTICIASMERCEDINAS.COM\" \/>\n<meta property=\"article:publisher\" content=\"https:\/\/www.facebook.com\/noticiasmercedinas\/\" \/>\n<meta property=\"article:published_time\" content=\"2025-12-18T21:11:51+00:00\" \/>\n<meta property=\"og:image\" content=\"https:\/\/noticiasmercedinas.com\/site\/wp-content\/uploads\/2025\/12\/C-5.jpg\" \/>\n\t<meta property=\"og:image:width\" content=\"1280\" \/>\n\t<meta property=\"og:image:height\" content=\"720\" \/>\n\t<meta property=\"og:image:type\" content=\"image\/jpeg\" \/>\n<meta name=\"author\" content=\"NOTICIASMERCEDINAS.COM\" \/>\n<meta name=\"twitter:card\" content=\"summary_large_image\" \/>\n<meta name=\"twitter:creator\" content=\"@notmercedinas\" \/>\n<meta name=\"twitter:site\" content=\"@notmercedinas\" \/>\n<meta name=\"twitter:label1\" content=\"Escrito por\" \/>\n\t<meta name=\"twitter:data1\" content=\"NOTICIASMERCEDINAS.COM\" \/>\n\t<meta name=\"twitter:label2\" content=\"Tiempo de lectura\" \/>\n\t<meta name=\"twitter:data2\" content=\"3 minutos\" \/>\n<script type=\"application\/ld+json\" class=\"yoast-schema-graph\">{\"@context\":\"https:\\\/\\\/schema.org\",\"@graph\":[{\"@type\":\"Article\",\"@id\":\"https:\\\/\\\/noticiasmercedinas.com\\\/site\\\/2025\\\/12\\\/18\\\/el-consejo-consultivo-agroecologico-entrego-los-primeros-certificados-en-mercedes\\\/#article\",\"isPartOf\":{\"@id\":\"https:\\\/\\\/noticiasmercedinas.com\\\/site\\\/2025\\\/12\\\/18\\\/el-consejo-consultivo-agroecologico-entrego-los-primeros-certificados-en-mercedes\\\/\"},\"author\":{\"name\":\"NOTICIASMERCEDINAS.COM\",\"@id\":\"https:\\\/\\\/noticiasmercedinas.com\\\/site\\\/#\\\/schema\\\/person\\\/84b59c099c28ff2e8b77d4ceec5d8063\"},\"headline\":\"El Consejo Consultivo Agroecol\u00f3gico entreg\u00f3 los primeros certificados en Mercedes\",\"datePublished\":\"2025-12-18T21:11:51+00:00\",\"mainEntityOfPage\":{\"@id\":\"https:\\\/\\\/noticiasmercedinas.com\\\/site\\\/2025\\\/12\\\/18\\\/el-consejo-consultivo-agroecologico-entrego-los-primeros-certificados-en-mercedes\\\/\"},\"wordCount\":366,\"publisher\":{\"@id\":\"https:\\\/\\\/noticiasmercedinas.com\\\/site\\\/#organization\"},\"image\":{\"@id\":\"https:\\\/\\\/noticiasmercedinas.com\\\/site\\\/2025\\\/12\\\/18\\\/el-consejo-consultivo-agroecologico-entrego-los-primeros-certificados-en-mercedes\\\/#primaryimage\"},\"thumbnailUrl\":\"https:\\\/\\\/noticiasmercedinas.com\\\/site\\\/wp-content\\\/uploads\\\/2025\\\/12\\\/C-5.jpg\",\"keywords\":[\"Augusto Queirel\",\"Consejo Consultivo Agroecol\u00f3gico\",\"Juan Gatti\",\"mercedes\",\"Uriel Wul\"],\"articleSection\":[\"Ambiente\"],\"inLanguage\":\"es\"},{\"@type\":\"WebPage\",\"@id\":\"https:\\\/\\\/noticiasmercedinas.com\\\/site\\\/2025\\\/12\\\/18\\\/el-consejo-consultivo-agroecologico-entrego-los-primeros-certificados-en-mercedes\\\/\",\"url\":\"https:\\\/\\\/noticiasmercedinas.com\\\/site\\\/2025\\\/12\\\/18\\\/el-consejo-consultivo-agroecologico-entrego-los-primeros-certificados-en-mercedes\\\/\",\"name\":\"El Consejo Consultivo Agroecol\u00f3gico entreg\u00f3 los primeros certificados en Mercedes\",\"isPartOf\":{\"@id\":\"https:\\\/\\\/noticiasmercedinas.com\\\/site\\\/#website\"},\"primaryImageOfPage\":{\"@id\":\"https:\\\/\\\/noticiasmercedinas.com\\\/site\\\/2025\\\/12\\\/18\\\/el-consejo-consultivo-agroecologico-entrego-los-primeros-certificados-en-mercedes\\\/#primaryimage\"},\"image\":{\"@id\":\"https:\\\/\\\/noticiasmercedinas.com\\\/site\\\/2025\\\/12\\\/18\\\/el-consejo-consultivo-agroecologico-entrego-los-primeros-certificados-en-mercedes\\\/#primaryimage\"},\"thumbnailUrl\":\"https:\\\/\\\/noticiasmercedinas.com\\\/site\\\/wp-content\\\/uploads\\\/2025\\\/12\\\/C-5.jpg\",\"datePublished\":\"2025-12-18T21:11:51+00:00\",\"description\":\"En un paso clave para el fortalecimiento de la producci\u00f3n sustentable local, tres productores del Partido de Mercedes recibieron el reconocimiento tras un largo trabajo conjunto y evaluaci\u00f3n t\u00e9cnica con el acompa\u00f1amiento de la municipalidad.\",\"breadcrumb\":{\"@id\":\"https:\\\/\\\/noticiasmercedinas.com\\\/site\\\/2025\\\/12\\\/18\\\/el-consejo-consultivo-agroecologico-entrego-los-primeros-certificados-en-mercedes\\\/#breadcrumb\"},\"inLanguage\":\"es\",\"potentialAction\":[{\"@type\":\"ReadAction\",\"target\":[\"https:\\\/\\\/noticiasmercedinas.com\\\/site\\\/2025\\\/12\\\/18\\\/el-consejo-consultivo-agroecologico-entrego-los-primeros-certificados-en-mercedes\\\/\"]}]},{\"@type\":\"ImageObject\",\"inLanguage\":\"es\",\"@id\":\"https:\\\/\\\/noticiasmercedinas.com\\\/site\\\/2025\\\/12\\\/18\\\/el-consejo-consultivo-agroecologico-entrego-los-primeros-certificados-en-mercedes\\\/#primaryimage\",\"url\":\"https:\\\/\\\/noticiasmercedinas.com\\\/site\\\/wp-content\\\/uploads\\\/2025\\\/12\\\/C-5.jpg\",\"contentUrl\":\"https:\\\/\\\/noticiasmercedinas.com\\\/site\\\/wp-content\\\/uploads\\\/2025\\\/12\\\/C-5.jpg\",\"width\":1280,\"height\":720},{\"@type\":\"BreadcrumbList\",\"@id\":\"https:\\\/\\\/noticiasmercedinas.com\\\/site\\\/2025\\\/12\\\/18\\\/el-consejo-consultivo-agroecologico-entrego-los-primeros-certificados-en-mercedes\\\/#breadcrumb\",\"itemListElement\":[{\"@type\":\"ListItem\",\"position\":1,\"name\":\"Portada\",\"item\":\"https:\\\/\\\/noticiasmercedinas.com\\\/site\\\/\"},{\"@type\":\"ListItem\",\"position\":2,\"name\":\"El Consejo Consultivo Agroecol\u00f3gico entreg\u00f3 los primeros certificados en Mercedes\"}]},{\"@type\":\"WebSite\",\"@id\":\"https:\\\/\\\/noticiasmercedinas.com\\\/site\\\/#website\",\"url\":\"https:\\\/\\\/noticiasmercedinas.com\\\/site\\\/\",\"name\":\"NOTICIASMERCEDINAS.COM\",\"description\":\"Mercedes, Buenos Aires, Argentina\",\"publisher\":{\"@id\":\"https:\\\/\\\/noticiasmercedinas.com\\\/site\\\/#organization\"},\"potentialAction\":[{\"@type\":\"SearchAction\",\"target\":{\"@type\":\"EntryPoint\",\"urlTemplate\":\"https:\\\/\\\/noticiasmercedinas.com\\\/site\\\/?s={search_term_string}\"},\"query-input\":{\"@type\":\"PropertyValueSpecification\",\"valueRequired\":true,\"valueName\":\"search_term_string\"}}],\"inLanguage\":\"es\"},{\"@type\":\"Organization\",\"@id\":\"https:\\\/\\\/noticiasmercedinas.com\\\/site\\\/#organization\",\"name\":\"NOTICIASMERCEDINAS.COM\",\"url\":\"https:\\\/\\\/noticiasmercedinas.com\\\/site\\\/\",\"logo\":{\"@type\":\"ImageObject\",\"inLanguage\":\"es\",\"@id\":\"https:\\\/\\\/noticiasmercedinas.com\\\/site\\\/#\\\/schema\\\/logo\\\/image\\\/\",\"url\":\"https:\\\/\\\/noticiasmercedinas.com\\\/site\\\/wp-content\\\/uploads\\\/2020\\\/06\\\/LOGO-512.jpg\",\"contentUrl\":\"https:\\\/\\\/noticiasmercedinas.com\\\/site\\\/wp-content\\\/uploads\\\/2020\\\/06\\\/LOGO-512.jpg\",\"width\":512,\"height\":512,\"caption\":\"NOTICIASMERCEDINAS.COM\"},\"image\":{\"@id\":\"https:\\\/\\\/noticiasmercedinas.com\\\/site\\\/#\\\/schema\\\/logo\\\/image\\\/\"},\"sameAs\":[\"https:\\\/\\\/www.facebook.com\\\/noticiasmercedinas\\\/\",\"https:\\\/\\\/x.com\\\/notmercedinas\",\"https:\\\/\\\/www.instagram.com\\\/noticiasmercedinas\\\/\"]},{\"@type\":\"Person\",\"@id\":\"https:\\\/\\\/noticiasmercedinas.com\\\/site\\\/#\\\/schema\\\/person\\\/84b59c099c28ff2e8b77d4ceec5d8063\",\"name\":\"NOTICIASMERCEDINAS.COM\",\"image\":{\"@type\":\"ImageObject\",\"inLanguage\":\"es\",\"@id\":\"https:\\\/\\\/secure.gravatar.com\\\/avatar\\\/4dfbf16b4d17945bfb6341b2d19043457132fcf478a5ee04f42e959fd8f5df0a?s=96&d=mm&r=g\",\"url\":\"https:\\\/\\\/secure.gravatar.com\\\/avatar\\\/4dfbf16b4d17945bfb6341b2d19043457132fcf478a5ee04f42e959fd8f5df0a?s=96&d=mm&r=g\",\"contentUrl\":\"https:\\\/\\\/secure.gravatar.com\\\/avatar\\\/4dfbf16b4d17945bfb6341b2d19043457132fcf478a5ee04f42e959fd8f5df0a?s=96&d=mm&r=g\",\"caption\":\"NOTICIASMERCEDINAS.COM\"},\"url\":\"https:\\\/\\\/noticiasmercedinas.com\\\/site\\\/author\\\/anonimo\\\/\"}]}<\/script>\n<!-- \/ Yoast SEO plugin. -->","yoast_head_json":{"title":"El Consejo Consultivo Agroecol\u00f3gico entreg\u00f3 los primeros certificados en Mercedes","description":"En un paso clave para el fortalecimiento de la producci\u00f3n sustentable local, tres productores del Partido de Mercedes recibieron el reconocimiento tras un largo trabajo conjunto y evaluaci\u00f3n t\u00e9cnica con el acompa\u00f1amiento de la municipalidad.","robots":{"index":"index","follow":"follow","max-snippet":"max-snippet:-1","max-image-preview":"max-image-preview:large","max-video-preview":"max-video-preview:-1"},"canonical":"https:\/\/noticiasmercedinas.com\/site\/2025\/12\/18\/el-consejo-consultivo-agroecologico-entrego-los-primeros-certificados-en-mercedes\/","og_locale":"es_ES","og_type":"article","og_title":"El Consejo Consultivo Agroecol\u00f3gico entreg\u00f3 los primeros certificados en Mercedes","og_description":"En un paso clave para el fortalecimiento de la producci\u00f3n sustentable local, tres productores del Partido de Mercedes recibieron el reconocimiento tras un largo trabajo conjunto y evaluaci\u00f3n t\u00e9cnica con el acompa\u00f1amiento de la municipalidad.","og_url":"https:\/\/noticiasmercedinas.com\/site\/2025\/12\/18\/el-consejo-consultivo-agroecologico-entrego-los-primeros-certificados-en-mercedes\/","og_site_name":"NOTICIASMERCEDINAS.COM","article_publisher":"https:\/\/www.facebook.com\/noticiasmercedinas\/","article_published_time":"2025-12-18T21:11:51+00:00","og_image":[{"width":1280,"height":720,"url":"https:\/\/noticiasmercedinas.com\/site\/wp-content\/uploads\/2025\/12\/C-5.jpg","type":"image\/jpeg"}],"author":"NOTICIASMERCEDINAS.COM","twitter_card":"summary_large_image","twitter_creator":"@notmercedinas","twitter_site":"@notmercedinas","twitter_misc":{"Escrito por":"NOTICIASMERCEDINAS.COM","Tiempo de lectura":"3 minutos"},"schema":{"@context":"https:\/\/schema.org","@graph":[{"@type":"Article","@id":"https:\/\/noticiasmercedinas.com\/site\/2025\/12\/18\/el-consejo-consultivo-agroecologico-entrego-los-primeros-certificados-en-mercedes\/#article","isPartOf":{"@id":"https:\/\/noticiasmercedinas.com\/site\/2025\/12\/18\/el-consejo-consultivo-agroecologico-entrego-los-primeros-certificados-en-mercedes\/"},"author":{"name":"NOTICIASMERCEDINAS.COM","@id":"https:\/\/noticiasmercedinas.com\/site\/#\/schema\/person\/84b59c099c28ff2e8b77d4ceec5d8063"},"headline":"El Consejo Consultivo Agroecol\u00f3gico entreg\u00f3 los primeros certificados en Mercedes","datePublished":"2025-12-18T21:11:51+00:00","mainEntityOfPage":{"@id":"https:\/\/noticiasmercedinas.com\/site\/2025\/12\/18\/el-consejo-consultivo-agroecologico-entrego-los-primeros-certificados-en-mercedes\/"},"wordCount":366,"publisher":{"@id":"https:\/\/noticiasmercedinas.com\/site\/#organization"},"image":{"@id":"https:\/\/noticiasmercedinas.com\/site\/2025\/12\/18\/el-consejo-consultivo-agroecologico-entrego-los-primeros-certificados-en-mercedes\/#primaryimage"},"thumbnailUrl":"https:\/\/noticiasmercedinas.com\/site\/wp-content\/uploads\/2025\/12\/C-5.jpg","keywords":["Augusto Queirel","Consejo Consultivo Agroecol\u00f3gico","Juan Gatti","mercedes","Uriel Wul"],"articleSection":["Ambiente"],"inLanguage":"es"},{"@type":"WebPage","@id":"https:\/\/noticiasmercedinas.com\/site\/2025\/12\/18\/el-consejo-consultivo-agroecologico-entrego-los-primeros-certificados-en-mercedes\/","url":"https:\/\/noticiasmercedinas.com\/site\/2025\/12\/18\/el-consejo-consultivo-agroecologico-entrego-los-primeros-certificados-en-mercedes\/","name":"El Consejo Consultivo Agroecol\u00f3gico entreg\u00f3 los primeros certificados en Mercedes","isPartOf":{"@id":"https:\/\/noticiasmercedinas.com\/site\/#website"},"primaryImageOfPage":{"@id":"https:\/\/noticiasmercedinas.com\/site\/2025\/12\/18\/el-consejo-consultivo-agroecologico-entrego-los-primeros-certificados-en-mercedes\/#primaryimage"},"image":{"@id":"https:\/\/noticiasmercedinas.com\/site\/2025\/12\/18\/el-consejo-consultivo-agroecologico-entrego-los-primeros-certificados-en-mercedes\/#primaryimage"},"thumbnailUrl":"https:\/\/noticiasmercedinas.com\/site\/wp-content\/uploads\/2025\/12\/C-5.jpg","datePublished":"2025-12-18T21:11:51+00:00","description":"En un paso clave para el fortalecimiento de la producci\u00f3n sustentable local, tres productores del Partido de Mercedes recibieron el reconocimiento tras un largo trabajo conjunto y evaluaci\u00f3n t\u00e9cnica con el acompa\u00f1amiento de la municipalidad.","breadcrumb":{"@id":"https:\/\/noticiasmercedinas.com\/site\/2025\/12\/18\/el-consejo-consultivo-agroecologico-entrego-los-primeros-certificados-en-mercedes\/#breadcrumb"},"inLanguage":"es","potentialAction":[{"@type":"ReadAction","target":["https:\/\/noticiasmercedinas.com\/site\/2025\/12\/18\/el-consejo-consultivo-agroecologico-entrego-los-primeros-certificados-en-mercedes\/"]}]},{"@type":"ImageObject","inLanguage":"es","@id":"https:\/\/noticiasmercedinas.com\/site\/2025\/12\/18\/el-consejo-consultivo-agroecologico-entrego-los-primeros-certificados-en-mercedes\/#primaryimage","url":"https:\/\/noticiasmercedinas.com\/site\/wp-content\/uploads\/2025\/12\/C-5.jpg","contentUrl":"https:\/\/noticiasmercedinas.com\/site\/wp-content\/uploads\/2025\/12\/C-5.jpg","width":1280,"height":720},{"@type":"BreadcrumbList","@id":"https:\/\/noticiasmercedinas.com\/site\/2025\/12\/18\/el-consejo-consultivo-agroecologico-entrego-los-primeros-certificados-en-mercedes\/#breadcrumb","itemListElement":[{"@type":"ListItem","position":1,"name":"Portada","item":"https:\/\/noticiasmercedinas.com\/site\/"},{"@type":"ListItem","position":2,"name":"El Consejo Consultivo Agroecol\u00f3gico entreg\u00f3 los primeros certificados en Mercedes"}]},{"@type":"WebSite","@id":"https:\/\/noticiasmercedinas.com\/site\/#website","url":"https:\/\/noticiasmercedinas.com\/site\/","name":"NOTICIASMERCEDINAS.COM","description":"Mercedes, Buenos Aires, Argentina","publisher":{"@id":"https:\/\/noticiasmercedinas.com\/site\/#organization"},"potentialAction":[{"@type":"SearchAction","target":{"@type":"EntryPoint","urlTemplate":"https:\/\/noticiasmercedinas.com\/site\/?s={search_term_string}"},"query-input":{"@type":"PropertyValueSpecification","valueRequired":true,"valueName":"search_term_string"}}],"inLanguage":"es"},{"@type":"Organization","@id":"https:\/\/noticiasmercedinas.com\/site\/#organization","name":"NOTICIASMERCEDINAS.COM","url":"https:\/\/noticiasmercedinas.com\/site\/","logo":{"@type":"ImageObject","inLanguage":"es","@id":"https:\/\/noticiasmercedinas.com\/site\/#\/schema\/logo\/image\/","url":"https:\/\/noticiasmercedinas.com\/site\/wp-content\/uploads\/2020\/06\/LOGO-512.jpg","contentUrl":"https:\/\/noticiasmercedinas.com\/site\/wp-content\/uploads\/2020\/06\/LOGO-512.jpg","width":512,"height":512,"caption":"NOTICIASMERCEDINAS.COM"},"image":{"@id":"https:\/\/noticiasmercedinas.com\/site\/#\/schema\/logo\/image\/"},"sameAs":["https:\/\/www.facebook.com\/noticiasmercedinas\/","https:\/\/x.com\/notmercedinas","https:\/\/www.instagram.com\/noticiasmercedinas\/"]},{"@type":"Person","@id":"https:\/\/noticiasmercedinas.com\/site\/#\/schema\/person\/84b59c099c28ff2e8b77d4ceec5d8063","name":"NOTICIASMERCEDINAS.COM","image":{"@type":"ImageObject","inLanguage":"es","@id":"https:\/\/secure.gravatar.com\/avatar\/4dfbf16b4d17945bfb6341b2d19043457132fcf478a5ee04f42e959fd8f5df0a?s=96&d=mm&r=g","url":"https:\/\/secure.gravatar.com\/avatar\/4dfbf16b4d17945bfb6341b2d19043457132fcf478a5ee04f42e959fd8f5df0a?s=96&d=mm&r=g","contentUrl":"https:\/\/secure.gravatar.com\/avatar\/4dfbf16b4d17945bfb6341b2d19043457132fcf478a5ee04f42e959fd8f5df0a?s=96&d=mm&r=g","caption":"NOTICIASMERCEDINAS.COM"},"url":"https:\/\/noticiasmercedinas.com\/site\/author\/anonimo\/"}]}},"amp_enabled":true,"_links":{"self":[{"href":"https:\/\/noticiasmercedinas.com\/site\/wp-json\/wp\/v2\/posts\/176964","targetHints":{"allow":["GET"]}}],"collection":[{"href":"https:\/\/noticiasmercedinas.com\/site\/wp-json\/wp\/v2\/posts"}],"about":[{"href":"https:\/\/noticiasmercedinas.com\/site\/wp-json\/wp\/v2\/types\/post"}],"author":[{"embeddable":true,"href":"https:\/\/noticiasmercedinas.com\/site\/wp-json\/wp\/v2\/users\/16"}],"replies":[{"embeddable":true,"href":"https:\/\/noticiasmercedinas.com\/site\/wp-json\/wp\/v2\/comments?post=176964"}],"version-history":[{"count":1,"href":"https:\/\/noticiasmercedinas.com\/site\/wp-json\/wp\/v2\/posts\/176964\/revisions"}],"predecessor-version":[{"id":176968,"href":"https:\/\/noticiasmercedinas.com\/site\/wp-json\/wp\/v2\/posts\/176964\/revisions\/176968"}],"wp:featuredmedia":[{"embeddable":true,"href":"https:\/\/noticiasmercedinas.com\/site\/wp-json\/wp\/v2\/media\/176965"}],"wp:attachment":[{"href":"https:\/\/noticiasmercedinas.com\/site\/wp-json\/wp\/v2\/media?parent=176964"}],"wp:term":[{"taxonomy":"category","embeddable":true,"href":"https:\/\/noticiasmercedinas.com\/site\/wp-json\/wp\/v2\/categories?post=176964"},{"taxonomy":"post_tag","embeddable":true,"href":"https:\/\/noticiasmercedinas.com\/site\/wp-json\/wp\/v2\/tags?post=176964"}],"curies":[{"name":"wp","href":"https:\/\/api.w.org\/{rel}","templated":true}]}}