{"id":176993,"date":"2025-12-19T07:37:54","date_gmt":"2025-12-19T10:37:54","guid":{"rendered":"https:\/\/noticiasmercedinas.com\/site\/?p=176993"},"modified":"2025-12-19T07:37:54","modified_gmt":"2025-12-19T10:37:54","slug":"mistica-ricotera-y-solidaridad-gran-lady-se-presenta-por-los-mas-inocentes","status":"publish","type":"post","link":"https:\/\/noticiasmercedinas.com\/site\/2025\/12\/19\/mistica-ricotera-y-solidaridad-gran-lady-se-presenta-por-los-mas-inocentes\/","title":{"rendered":"M\u00edstica ricotera y solidaridad: Gran Lady se presenta \u00abPor los m\u00e1s Inocentes\u00bb"},"content":{"rendered":"<p><img loading=\"lazy\" decoding=\"async\" class=\"alignnone size-full wp-image-176994\" src=\"https:\/\/noticiasmercedinas.com\/site\/wp-content\/uploads\/2025\/12\/GL.jpg\" alt=\"\" width=\"821\" height=\"544\" srcset=\"https:\/\/noticiasmercedinas.com\/site\/wp-content\/uploads\/2025\/12\/GL.jpg 821w, https:\/\/noticiasmercedinas.com\/site\/wp-content\/uploads\/2025\/12\/GL-300x199.jpg 300w, https:\/\/noticiasmercedinas.com\/site\/wp-content\/uploads\/2025\/12\/GL-768x509.jpg 768w, https:\/\/noticiasmercedinas.com\/site\/wp-content\/uploads\/2025\/12\/GL-640x424.jpg 640w, https:\/\/noticiasmercedinas.com\/site\/wp-content\/uploads\/2025\/12\/GL-681x451.jpg 681w\" sizes=\"auto, (max-width: 821px) 100vw, 821px\" \/><\/p>\n<p>Siguiendo la hist\u00f3rica tradici\u00f3n de la banda liderada por el Indio Solari y Skay Beilinson, Gran Lady anunci\u00f3 su presentaci\u00f3n para el domingo 28 de diciembre a las 20:00 hs en el Anfiteatro Municipal.<\/p>\n<p>Bajo la consigna \u00abPor los m\u00e1s inocentes\u00bb, el evento tiene un fin 100% solidario: todo lo recaudado ser\u00e1 destinado a la Red de Comedores Mercedinos.<\/p>\n<p>En un contexto social complejo, la banda busca transformar la m\u00edstica del rock en ayuda directa para quienes m\u00e1s lo necesitan.<\/p>\n<p>Detalles del Evento:<\/p>\n<ul>\n<li>Bono Contribuci\u00f3n: $4000 (incluye calco).<\/li>\n<li>Contactos para entradas: Yanina Grassi (2324-516124) o Maria Garcia (2324-582707).<\/li>\n<li>Propuesta: Escenograf\u00eda \u00fanica y una noche cargada de emoci\u00f3n ricotera.<\/li>\n<\/ul>\n<p><strong>El 28 de diciembre y \u00abLos Redondos\u00bb<\/strong><br \/>\nLa elecci\u00f3n de esta fecha no es casual. En la mitolog\u00eda de Patricio Rey y sus Redonditos de Ricota, el 28 de diciembre (D\u00eda de los Santos Inocentes) es una fecha fundacional.<\/p>\n<p>Se considera que el 28 de diciembre de 1976, en el Teatro Lozano de La Plata, fue la primera vez que la banda se present\u00f3 de manera \u00abformal\u00bb ante el p\u00fablico, dando inicio a un fen\u00f3meno cultural sin precedentes en el rock argentino.<\/p>\n<p>Durante a\u00f1os, la banda mantuvo la costumbre de tocar en esta fecha, convirti\u00e9ndola en un ritual para sus seguidores. Lo que empez\u00f3 como una \u00abjoda\u00bb de inocentes termin\u00f3 siendo la cita anual obligatoria de la m\u00edstica ricotera.<\/p>\n","protected":false},"excerpt":{"rendered":"<p>\u25a0 La banda tributo a Patricio Rey brindar\u00e1 un show a beneficio de la Red de Comedores Mercedinos el pr\u00f3ximo 28 de diciembre en el Anfiteatro Municipal.<\/p>\n","protected":false},"author":16,"featured_media":176994,"comment_status":"closed","ping_status":"closed","sticky":false,"template":"","format":"standard","meta":{"footnotes":""},"categories":[4],"tags":[6859,8134,81],"class_list":["post-176993","post","type-post","status-publish","format-standard","has-post-thumbnail","hentry","category-cultura","tag-comedores","tag-gran-lady","tag-solidaridad"],"yoast_head":"<!-- This site is optimized with the Yoast SEO plugin v27.4 - https:\/\/yoast.com\/product\/yoast-seo-wordpress\/ -->\n<title>M\u00edstica ricotera y solidaridad: Gran Lady se presenta &quot;Por los m\u00e1s Inocentes&quot;<\/title>\n<meta name=\"description\" content=\"\u25a0 La banda tributo a Patricio Rey brindar\u00e1 un show a beneficio de la Red de Comedores Mercedinos el pr\u00f3ximo 28 de diciembre en el Anfiteatro Municipal.\" \/>\n<meta name=\"robots\" content=\"index, follow, max-snippet:-1, max-image-preview:large, max-video-preview:-1\" \/>\n<link rel=\"canonical\" href=\"https:\/\/noticiasmercedinas.com\/site\/2025\/12\/19\/mistica-ricotera-y-solidaridad-gran-lady-se-presenta-por-los-mas-inocentes\/\" \/>\n<meta property=\"og:locale\" content=\"es_ES\" \/>\n<meta property=\"og:type\" content=\"article\" \/>\n<meta property=\"og:title\" content=\"M\u00edstica ricotera y solidaridad: Gran Lady se presenta &quot;Por los m\u00e1s Inocentes&quot;\" \/>\n<meta property=\"og:description\" content=\"\u25a0 La banda tributo a Patricio Rey brindar\u00e1 un show a beneficio de la Red de Comedores Mercedinos el pr\u00f3ximo 28 de diciembre en el Anfiteatro Municipal.\" \/>\n<meta property=\"og:url\" content=\"https:\/\/noticiasmercedinas.com\/site\/2025\/12\/19\/mistica-ricotera-y-solidaridad-gran-lady-se-presenta-por-los-mas-inocentes\/\" \/>\n<meta property=\"og:site_name\" content=\"NOTICIASMERCEDINAS.COM\" \/>\n<meta property=\"article:publisher\" content=\"https:\/\/www.facebook.com\/noticiasmercedinas\/\" \/>\n<meta property=\"article:published_time\" content=\"2025-12-19T10:37:54+00:00\" \/>\n<meta property=\"og:image\" content=\"https:\/\/noticiasmercedinas.com\/site\/wp-content\/uploads\/2025\/12\/GL.jpg\" \/>\n\t<meta property=\"og:image:width\" content=\"821\" \/>\n\t<meta property=\"og:image:height\" content=\"544\" \/>\n\t<meta property=\"og:image:type\" content=\"image\/jpeg\" \/>\n<meta name=\"author\" content=\"NOTICIASMERCEDINAS.COM\" \/>\n<meta name=\"twitter:card\" content=\"summary_large_image\" \/>\n<meta name=\"twitter:creator\" content=\"@notmercedinas\" \/>\n<meta name=\"twitter:site\" content=\"@notmercedinas\" \/>\n<meta name=\"twitter:label1\" content=\"Escrito por\" \/>\n\t<meta name=\"twitter:data1\" content=\"NOTICIASMERCEDINAS.COM\" \/>\n\t<meta name=\"twitter:label2\" content=\"Tiempo de lectura\" \/>\n\t<meta name=\"twitter:data2\" content=\"2 minutos\" \/>\n<script type=\"application\/ld+json\" class=\"yoast-schema-graph\">{\"@context\":\"https:\\\/\\\/schema.org\",\"@graph\":[{\"@type\":\"Article\",\"@id\":\"https:\\\/\\\/noticiasmercedinas.com\\\/site\\\/2025\\\/12\\\/19\\\/mistica-ricotera-y-solidaridad-gran-lady-se-presenta-por-los-mas-inocentes\\\/#article\",\"isPartOf\":{\"@id\":\"https:\\\/\\\/noticiasmercedinas.com\\\/site\\\/2025\\\/12\\\/19\\\/mistica-ricotera-y-solidaridad-gran-lady-se-presenta-por-los-mas-inocentes\\\/\"},\"author\":{\"name\":\"NOTICIASMERCEDINAS.COM\",\"@id\":\"https:\\\/\\\/noticiasmercedinas.com\\\/site\\\/#\\\/schema\\\/person\\\/84b59c099c28ff2e8b77d4ceec5d8063\"},\"headline\":\"M\u00edstica ricotera y solidaridad: Gran Lady se presenta \u00abPor los m\u00e1s Inocentes\u00bb\",\"datePublished\":\"2025-12-19T10:37:54+00:00\",\"mainEntityOfPage\":{\"@id\":\"https:\\\/\\\/noticiasmercedinas.com\\\/site\\\/2025\\\/12\\\/19\\\/mistica-ricotera-y-solidaridad-gran-lady-se-presenta-por-los-mas-inocentes\\\/\"},\"wordCount\":250,\"publisher\":{\"@id\":\"https:\\\/\\\/noticiasmercedinas.com\\\/site\\\/#organization\"},\"image\":{\"@id\":\"https:\\\/\\\/noticiasmercedinas.com\\\/site\\\/2025\\\/12\\\/19\\\/mistica-ricotera-y-solidaridad-gran-lady-se-presenta-por-los-mas-inocentes\\\/#primaryimage\"},\"thumbnailUrl\":\"https:\\\/\\\/noticiasmercedinas.com\\\/site\\\/wp-content\\\/uploads\\\/2025\\\/12\\\/GL.jpg\",\"keywords\":[\"comedores\",\"Gran Lady\",\"solidaridad\"],\"articleSection\":[\"Cultura\"],\"inLanguage\":\"es\"},{\"@type\":\"WebPage\",\"@id\":\"https:\\\/\\\/noticiasmercedinas.com\\\/site\\\/2025\\\/12\\\/19\\\/mistica-ricotera-y-solidaridad-gran-lady-se-presenta-por-los-mas-inocentes\\\/\",\"url\":\"https:\\\/\\\/noticiasmercedinas.com\\\/site\\\/2025\\\/12\\\/19\\\/mistica-ricotera-y-solidaridad-gran-lady-se-presenta-por-los-mas-inocentes\\\/\",\"name\":\"M\u00edstica ricotera y solidaridad: Gran Lady se presenta \\\"Por los m\u00e1s Inocentes\\\"\",\"isPartOf\":{\"@id\":\"https:\\\/\\\/noticiasmercedinas.com\\\/site\\\/#website\"},\"primaryImageOfPage\":{\"@id\":\"https:\\\/\\\/noticiasmercedinas.com\\\/site\\\/2025\\\/12\\\/19\\\/mistica-ricotera-y-solidaridad-gran-lady-se-presenta-por-los-mas-inocentes\\\/#primaryimage\"},\"image\":{\"@id\":\"https:\\\/\\\/noticiasmercedinas.com\\\/site\\\/2025\\\/12\\\/19\\\/mistica-ricotera-y-solidaridad-gran-lady-se-presenta-por-los-mas-inocentes\\\/#primaryimage\"},\"thumbnailUrl\":\"https:\\\/\\\/noticiasmercedinas.com\\\/site\\\/wp-content\\\/uploads\\\/2025\\\/12\\\/GL.jpg\",\"datePublished\":\"2025-12-19T10:37:54+00:00\",\"description\":\"\u25a0 La banda tributo a Patricio Rey brindar\u00e1 un show a beneficio de la Red de Comedores Mercedinos el pr\u00f3ximo 28 de diciembre en el Anfiteatro Municipal.\",\"breadcrumb\":{\"@id\":\"https:\\\/\\\/noticiasmercedinas.com\\\/site\\\/2025\\\/12\\\/19\\\/mistica-ricotera-y-solidaridad-gran-lady-se-presenta-por-los-mas-inocentes\\\/#breadcrumb\"},\"inLanguage\":\"es\",\"potentialAction\":[{\"@type\":\"ReadAction\",\"target\":[\"https:\\\/\\\/noticiasmercedinas.com\\\/site\\\/2025\\\/12\\\/19\\\/mistica-ricotera-y-solidaridad-gran-lady-se-presenta-por-los-mas-inocentes\\\/\"]}]},{\"@type\":\"ImageObject\",\"inLanguage\":\"es\",\"@id\":\"https:\\\/\\\/noticiasmercedinas.com\\\/site\\\/2025\\\/12\\\/19\\\/mistica-ricotera-y-solidaridad-gran-lady-se-presenta-por-los-mas-inocentes\\\/#primaryimage\",\"url\":\"https:\\\/\\\/noticiasmercedinas.com\\\/site\\\/wp-content\\\/uploads\\\/2025\\\/12\\\/GL.jpg\",\"contentUrl\":\"https:\\\/\\\/noticiasmercedinas.com\\\/site\\\/wp-content\\\/uploads\\\/2025\\\/12\\\/GL.jpg\",\"width\":821,\"height\":544},{\"@type\":\"BreadcrumbList\",\"@id\":\"https:\\\/\\\/noticiasmercedinas.com\\\/site\\\/2025\\\/12\\\/19\\\/mistica-ricotera-y-solidaridad-gran-lady-se-presenta-por-los-mas-inocentes\\\/#breadcrumb\",\"itemListElement\":[{\"@type\":\"ListItem\",\"position\":1,\"name\":\"Portada\",\"item\":\"https:\\\/\\\/noticiasmercedinas.com\\\/site\\\/\"},{\"@type\":\"ListItem\",\"position\":2,\"name\":\"M\u00edstica ricotera y solidaridad: Gran Lady se presenta \u00abPor los m\u00e1s Inocentes\u00bb\"}]},{\"@type\":\"WebSite\",\"@id\":\"https:\\\/\\\/noticiasmercedinas.com\\\/site\\\/#website\",\"url\":\"https:\\\/\\\/noticiasmercedinas.com\\\/site\\\/\",\"name\":\"NOTICIASMERCEDINAS.COM\",\"description\":\"Mercedes, Buenos Aires, Argentina\",\"publisher\":{\"@id\":\"https:\\\/\\\/noticiasmercedinas.com\\\/site\\\/#organization\"},\"potentialAction\":[{\"@type\":\"SearchAction\",\"target\":{\"@type\":\"EntryPoint\",\"urlTemplate\":\"https:\\\/\\\/noticiasmercedinas.com\\\/site\\\/?s={search_term_string}\"},\"query-input\":{\"@type\":\"PropertyValueSpecification\",\"valueRequired\":true,\"valueName\":\"search_term_string\"}}],\"inLanguage\":\"es\"},{\"@type\":\"Organization\",\"@id\":\"https:\\\/\\\/noticiasmercedinas.com\\\/site\\\/#organization\",\"name\":\"NOTICIASMERCEDINAS.COM\",\"url\":\"https:\\\/\\\/noticiasmercedinas.com\\\/site\\\/\",\"logo\":{\"@type\":\"ImageObject\",\"inLanguage\":\"es\",\"@id\":\"https:\\\/\\\/noticiasmercedinas.com\\\/site\\\/#\\\/schema\\\/logo\\\/image\\\/\",\"url\":\"https:\\\/\\\/noticiasmercedinas.com\\\/site\\\/wp-content\\\/uploads\\\/2020\\\/06\\\/LOGO-512.jpg\",\"contentUrl\":\"https:\\\/\\\/noticiasmercedinas.com\\\/site\\\/wp-content\\\/uploads\\\/2020\\\/06\\\/LOGO-512.jpg\",\"width\":512,\"height\":512,\"caption\":\"NOTICIASMERCEDINAS.COM\"},\"image\":{\"@id\":\"https:\\\/\\\/noticiasmercedinas.com\\\/site\\\/#\\\/schema\\\/logo\\\/image\\\/\"},\"sameAs\":[\"https:\\\/\\\/www.facebook.com\\\/noticiasmercedinas\\\/\",\"https:\\\/\\\/x.com\\\/notmercedinas\",\"https:\\\/\\\/www.instagram.com\\\/noticiasmercedinas\\\/\"]},{\"@type\":\"Person\",\"@id\":\"https:\\\/\\\/noticiasmercedinas.com\\\/site\\\/#\\\/schema\\\/person\\\/84b59c099c28ff2e8b77d4ceec5d8063\",\"name\":\"NOTICIASMERCEDINAS.COM\",\"image\":{\"@type\":\"ImageObject\",\"inLanguage\":\"es\",\"@id\":\"https:\\\/\\\/secure.gravatar.com\\\/avatar\\\/4dfbf16b4d17945bfb6341b2d19043457132fcf478a5ee04f42e959fd8f5df0a?s=96&d=mm&r=g\",\"url\":\"https:\\\/\\\/secure.gravatar.com\\\/avatar\\\/4dfbf16b4d17945bfb6341b2d19043457132fcf478a5ee04f42e959fd8f5df0a?s=96&d=mm&r=g\",\"contentUrl\":\"https:\\\/\\\/secure.gravatar.com\\\/avatar\\\/4dfbf16b4d17945bfb6341b2d19043457132fcf478a5ee04f42e959fd8f5df0a?s=96&d=mm&r=g\",\"caption\":\"NOTICIASMERCEDINAS.COM\"},\"url\":\"https:\\\/\\\/noticiasmercedinas.com\\\/site\\\/author\\\/anonimo\\\/\"}]}<\/script>\n<!-- \/ Yoast SEO plugin. -->","yoast_head_json":{"title":"M\u00edstica ricotera y solidaridad: Gran Lady se presenta \"Por los m\u00e1s Inocentes\"","description":"\u25a0 La banda tributo a Patricio Rey brindar\u00e1 un show a beneficio de la Red de Comedores Mercedinos el pr\u00f3ximo 28 de diciembre en el Anfiteatro Municipal.","robots":{"index":"index","follow":"follow","max-snippet":"max-snippet:-1","max-image-preview":"max-image-preview:large","max-video-preview":"max-video-preview:-1"},"canonical":"https:\/\/noticiasmercedinas.com\/site\/2025\/12\/19\/mistica-ricotera-y-solidaridad-gran-lady-se-presenta-por-los-mas-inocentes\/","og_locale":"es_ES","og_type":"article","og_title":"M\u00edstica ricotera y solidaridad: Gran Lady se presenta \"Por los m\u00e1s Inocentes\"","og_description":"\u25a0 La banda tributo a Patricio Rey brindar\u00e1 un show a beneficio de la Red de Comedores Mercedinos el pr\u00f3ximo 28 de diciembre en el Anfiteatro Municipal.","og_url":"https:\/\/noticiasmercedinas.com\/site\/2025\/12\/19\/mistica-ricotera-y-solidaridad-gran-lady-se-presenta-por-los-mas-inocentes\/","og_site_name":"NOTICIASMERCEDINAS.COM","article_publisher":"https:\/\/www.facebook.com\/noticiasmercedinas\/","article_published_time":"2025-12-19T10:37:54+00:00","og_image":[{"width":821,"height":544,"url":"https:\/\/noticiasmercedinas.com\/site\/wp-content\/uploads\/2025\/12\/GL.jpg","type":"image\/jpeg"}],"author":"NOTICIASMERCEDINAS.COM","twitter_card":"summary_large_image","twitter_creator":"@notmercedinas","twitter_site":"@notmercedinas","twitter_misc":{"Escrito por":"NOTICIASMERCEDINAS.COM","Tiempo de lectura":"2 minutos"},"schema":{"@context":"https:\/\/schema.org","@graph":[{"@type":"Article","@id":"https:\/\/noticiasmercedinas.com\/site\/2025\/12\/19\/mistica-ricotera-y-solidaridad-gran-lady-se-presenta-por-los-mas-inocentes\/#article","isPartOf":{"@id":"https:\/\/noticiasmercedinas.com\/site\/2025\/12\/19\/mistica-ricotera-y-solidaridad-gran-lady-se-presenta-por-los-mas-inocentes\/"},"author":{"name":"NOTICIASMERCEDINAS.COM","@id":"https:\/\/noticiasmercedinas.com\/site\/#\/schema\/person\/84b59c099c28ff2e8b77d4ceec5d8063"},"headline":"M\u00edstica ricotera y solidaridad: Gran Lady se presenta \u00abPor los m\u00e1s Inocentes\u00bb","datePublished":"2025-12-19T10:37:54+00:00","mainEntityOfPage":{"@id":"https:\/\/noticiasmercedinas.com\/site\/2025\/12\/19\/mistica-ricotera-y-solidaridad-gran-lady-se-presenta-por-los-mas-inocentes\/"},"wordCount":250,"publisher":{"@id":"https:\/\/noticiasmercedinas.com\/site\/#organization"},"image":{"@id":"https:\/\/noticiasmercedinas.com\/site\/2025\/12\/19\/mistica-ricotera-y-solidaridad-gran-lady-se-presenta-por-los-mas-inocentes\/#primaryimage"},"thumbnailUrl":"https:\/\/noticiasmercedinas.com\/site\/wp-content\/uploads\/2025\/12\/GL.jpg","keywords":["comedores","Gran Lady","solidaridad"],"articleSection":["Cultura"],"inLanguage":"es"},{"@type":"WebPage","@id":"https:\/\/noticiasmercedinas.com\/site\/2025\/12\/19\/mistica-ricotera-y-solidaridad-gran-lady-se-presenta-por-los-mas-inocentes\/","url":"https:\/\/noticiasmercedinas.com\/site\/2025\/12\/19\/mistica-ricotera-y-solidaridad-gran-lady-se-presenta-por-los-mas-inocentes\/","name":"M\u00edstica ricotera y solidaridad: Gran Lady se presenta \"Por los m\u00e1s Inocentes\"","isPartOf":{"@id":"https:\/\/noticiasmercedinas.com\/site\/#website"},"primaryImageOfPage":{"@id":"https:\/\/noticiasmercedinas.com\/site\/2025\/12\/19\/mistica-ricotera-y-solidaridad-gran-lady-se-presenta-por-los-mas-inocentes\/#primaryimage"},"image":{"@id":"https:\/\/noticiasmercedinas.com\/site\/2025\/12\/19\/mistica-ricotera-y-solidaridad-gran-lady-se-presenta-por-los-mas-inocentes\/#primaryimage"},"thumbnailUrl":"https:\/\/noticiasmercedinas.com\/site\/wp-content\/uploads\/2025\/12\/GL.jpg","datePublished":"2025-12-19T10:37:54+00:00","description":"\u25a0 La banda tributo a Patricio Rey brindar\u00e1 un show a beneficio de la Red de Comedores Mercedinos el pr\u00f3ximo 28 de diciembre en el Anfiteatro Municipal.","breadcrumb":{"@id":"https:\/\/noticiasmercedinas.com\/site\/2025\/12\/19\/mistica-ricotera-y-solidaridad-gran-lady-se-presenta-por-los-mas-inocentes\/#breadcrumb"},"inLanguage":"es","potentialAction":[{"@type":"ReadAction","target":["https:\/\/noticiasmercedinas.com\/site\/2025\/12\/19\/mistica-ricotera-y-solidaridad-gran-lady-se-presenta-por-los-mas-inocentes\/"]}]},{"@type":"ImageObject","inLanguage":"es","@id":"https:\/\/noticiasmercedinas.com\/site\/2025\/12\/19\/mistica-ricotera-y-solidaridad-gran-lady-se-presenta-por-los-mas-inocentes\/#primaryimage","url":"https:\/\/noticiasmercedinas.com\/site\/wp-content\/uploads\/2025\/12\/GL.jpg","contentUrl":"https:\/\/noticiasmercedinas.com\/site\/wp-content\/uploads\/2025\/12\/GL.jpg","width":821,"height":544},{"@type":"BreadcrumbList","@id":"https:\/\/noticiasmercedinas.com\/site\/2025\/12\/19\/mistica-ricotera-y-solidaridad-gran-lady-se-presenta-por-los-mas-inocentes\/#breadcrumb","itemListElement":[{"@type":"ListItem","position":1,"name":"Portada","item":"https:\/\/noticiasmercedinas.com\/site\/"},{"@type":"ListItem","position":2,"name":"M\u00edstica ricotera y solidaridad: Gran Lady se presenta \u00abPor los m\u00e1s Inocentes\u00bb"}]},{"@type":"WebSite","@id":"https:\/\/noticiasmercedinas.com\/site\/#website","url":"https:\/\/noticiasmercedinas.com\/site\/","name":"NOTICIASMERCEDINAS.COM","description":"Mercedes, Buenos Aires, Argentina","publisher":{"@id":"https:\/\/noticiasmercedinas.com\/site\/#organization"},"potentialAction":[{"@type":"SearchAction","target":{"@type":"EntryPoint","urlTemplate":"https:\/\/noticiasmercedinas.com\/site\/?s={search_term_string}"},"query-input":{"@type":"PropertyValueSpecification","valueRequired":true,"valueName":"search_term_string"}}],"inLanguage":"es"},{"@type":"Organization","@id":"https:\/\/noticiasmercedinas.com\/site\/#organization","name":"NOTICIASMERCEDINAS.COM","url":"https:\/\/noticiasmercedinas.com\/site\/","logo":{"@type":"ImageObject","inLanguage":"es","@id":"https:\/\/noticiasmercedinas.com\/site\/#\/schema\/logo\/image\/","url":"https:\/\/noticiasmercedinas.com\/site\/wp-content\/uploads\/2020\/06\/LOGO-512.jpg","contentUrl":"https:\/\/noticiasmercedinas.com\/site\/wp-content\/uploads\/2020\/06\/LOGO-512.jpg","width":512,"height":512,"caption":"NOTICIASMERCEDINAS.COM"},"image":{"@id":"https:\/\/noticiasmercedinas.com\/site\/#\/schema\/logo\/image\/"},"sameAs":["https:\/\/www.facebook.com\/noticiasmercedinas\/","https:\/\/x.com\/notmercedinas","https:\/\/www.instagram.com\/noticiasmercedinas\/"]},{"@type":"Person","@id":"https:\/\/noticiasmercedinas.com\/site\/#\/schema\/person\/84b59c099c28ff2e8b77d4ceec5d8063","name":"NOTICIASMERCEDINAS.COM","image":{"@type":"ImageObject","inLanguage":"es","@id":"https:\/\/secure.gravatar.com\/avatar\/4dfbf16b4d17945bfb6341b2d19043457132fcf478a5ee04f42e959fd8f5df0a?s=96&d=mm&r=g","url":"https:\/\/secure.gravatar.com\/avatar\/4dfbf16b4d17945bfb6341b2d19043457132fcf478a5ee04f42e959fd8f5df0a?s=96&d=mm&r=g","contentUrl":"https:\/\/secure.gravatar.com\/avatar\/4dfbf16b4d17945bfb6341b2d19043457132fcf478a5ee04f42e959fd8f5df0a?s=96&d=mm&r=g","caption":"NOTICIASMERCEDINAS.COM"},"url":"https:\/\/noticiasmercedinas.com\/site\/author\/anonimo\/"}]}},"amp_enabled":true,"_links":{"self":[{"href":"https:\/\/noticiasmercedinas.com\/site\/wp-json\/wp\/v2\/posts\/176993","targetHints":{"allow":["GET"]}}],"collection":[{"href":"https:\/\/noticiasmercedinas.com\/site\/wp-json\/wp\/v2\/posts"}],"about":[{"href":"https:\/\/noticiasmercedinas.com\/site\/wp-json\/wp\/v2\/types\/post"}],"author":[{"embeddable":true,"href":"https:\/\/noticiasmercedinas.com\/site\/wp-json\/wp\/v2\/users\/16"}],"replies":[{"embeddable":true,"href":"https:\/\/noticiasmercedinas.com\/site\/wp-json\/wp\/v2\/comments?post=176993"}],"version-history":[{"count":1,"href":"https:\/\/noticiasmercedinas.com\/site\/wp-json\/wp\/v2\/posts\/176993\/revisions"}],"predecessor-version":[{"id":176995,"href":"https:\/\/noticiasmercedinas.com\/site\/wp-json\/wp\/v2\/posts\/176993\/revisions\/176995"}],"wp:featuredmedia":[{"embeddable":true,"href":"https:\/\/noticiasmercedinas.com\/site\/wp-json\/wp\/v2\/media\/176994"}],"wp:attachment":[{"href":"https:\/\/noticiasmercedinas.com\/site\/wp-json\/wp\/v2\/media?parent=176993"}],"wp:term":[{"taxonomy":"category","embeddable":true,"href":"https:\/\/noticiasmercedinas.com\/site\/wp-json\/wp\/v2\/categories?post=176993"},{"taxonomy":"post_tag","embeddable":true,"href":"https:\/\/noticiasmercedinas.com\/site\/wp-json\/wp\/v2\/tags?post=176993"}],"curies":[{"name":"wp","href":"https:\/\/api.w.org\/{rel}","templated":true}]}}