{"id":177102,"date":"2025-12-20T17:15:14","date_gmt":"2025-12-20T20:15:14","guid":{"rendered":"https:\/\/noticiasmercedinas.com\/site\/?p=177102"},"modified":"2025-12-20T17:15:14","modified_gmt":"2025-12-20T20:15:14","slug":"fley-bus-anuncia-servicios-de-traslado-directo-desde-mercedes-hacia-la-costa-atlantica-para-la-temporada-2026","status":"publish","type":"post","link":"https:\/\/noticiasmercedinas.com\/site\/2025\/12\/20\/fley-bus-anuncia-servicios-de-traslado-directo-desde-mercedes-hacia-la-costa-atlantica-para-la-temporada-2026\/","title":{"rendered":"Fley Bus anuncia servicios de traslado directo desde Mercedes hacia la Costa Atl\u00e1ntica para la temporada 2026"},"content":{"rendered":"<p><img loading=\"lazy\" decoding=\"async\" class=\"alignnone size-full wp-image-155550\" src=\"https:\/\/noticiasmercedinas.com\/site\/wp-content\/uploads\/2025\/03\/FLEYB.jpg\" alt=\"\" width=\"1019\" height=\"625\" srcset=\"https:\/\/noticiasmercedinas.com\/site\/wp-content\/uploads\/2025\/03\/FLEYB.jpg 1019w, https:\/\/noticiasmercedinas.com\/site\/wp-content\/uploads\/2025\/03\/FLEYB-300x184.jpg 300w, https:\/\/noticiasmercedinas.com\/site\/wp-content\/uploads\/2025\/03\/FLEYB-768x471.jpg 768w, https:\/\/noticiasmercedinas.com\/site\/wp-content\/uploads\/2025\/03\/FLEYB-640x393.jpg 640w, https:\/\/noticiasmercedinas.com\/site\/wp-content\/uploads\/2025\/03\/FLEYB-681x418.jpg 681w\" sizes=\"auto, (max-width: 1019px) 100vw, 1019px\" \/><\/p>\n<p>Ante la proximidad de la temporada estival, la empresa de transporte Fley Bus oficializ\u00f3 su cronograma de servicios para el verano 2026, reafirmando su rol como el principal nexo entre la ciudad de Mercedes y la Costa Atl\u00e1ntica. La propuesta se centra en ofrecer traslados en combi puerta a puerta, facilitando el acceso a las vacaciones de manera \u00e1gil y personalizada.<\/p>\n<p>La firma operar\u00e1 durante los meses de enero y febrero con un sistema de salidas y regresos programados cada tres d\u00edas, permitiendo una amplia flexibilidad para los viajeros.<\/p>\n<p><strong>Cronograma de Viajes<\/strong><br \/>\nEl esquema de servicios establecido por la empresa contempla las siguientes fechas clave:<\/p>\n<ul>\n<li>Enero: Salidas de Mercedes los d\u00edas 2, 5, 8, 11, 14, 17, 20, 23, 26 y 29. Los regresos desde la costa se realizar\u00e1n los d\u00edas 5, 8, 11, 14, 17, 20, 23, 26, 29 y el 1 de febrero.<\/li>\n<li>Febrero: Las idas est\u00e1n pautadas para el 1, 4, 7 y 10, mientras que los regresos ser\u00e1n los d\u00edas 1, 4, 7, 10 y 13.<\/li>\n<\/ul>\n<p><img loading=\"lazy\" decoding=\"async\" class=\"alignnone size-full wp-image-177103\" src=\"https:\/\/noticiasmercedinas.com\/site\/wp-content\/uploads\/2025\/12\/fley1.jpg\" alt=\"\" width=\"748\" height=\"951\" srcset=\"https:\/\/noticiasmercedinas.com\/site\/wp-content\/uploads\/2025\/12\/fley1.jpg 748w, https:\/\/noticiasmercedinas.com\/site\/wp-content\/uploads\/2025\/12\/fley1-236x300.jpg 236w, https:\/\/noticiasmercedinas.com\/site\/wp-content\/uploads\/2025\/12\/fley1-640x814.jpg 640w, https:\/\/noticiasmercedinas.com\/site\/wp-content\/uploads\/2025\/12\/fley1-681x866.jpg 681w\" sizes=\"auto, (max-width: 748px) 100vw, 748px\" \/><\/p>\n<p><strong>Destinos y modalidad del servicio<\/strong><br \/>\nFley Bus brindar\u00e1, una vez m\u00e1s en este verano y gracias al inter\u00e9s de los usuarios, cobertura en una vasta zona del litoral bonaerense, incluyendo destinos populares como San Clemente, Las Toninas, Santa Teresita, Mar del Tuy\u00fa, Costa del Este, Aguas Verdes, Costa Azul, La Lucila del Mar, San Bernardo y Mar de Aj\u00f3. Asimismo, el servicio se extiende hacia Pinamar, Ostende, Valeria del Mar y Villa Gesell.<\/p>\n<p>Un diferencial de la propuesta es el compromiso de dejar a los pasajeros en la puerta de su alojamiento, eliminando la necesidad de traslados adicionales al llegar a destino.<\/p>\n<p><strong>Consultas y reservas<\/strong><br \/>\nPara obtener informaci\u00f3n sobre tarifas y disponibilidad, los interesados pueden comunicarse a trav\u00e9s de las siguientes v\u00edas de contacto directo:<\/p>\n<p>WhatsApp \/ Tel\u00e9fono: 2324-505618 o 11-55151365.<\/p>\n","protected":false},"excerpt":{"rendered":"<p>Ante la proximidad de la temporada estival, la empresa de transporte Fley Bus oficializ\u00f3 su cronograma de servicios para el verano 2026, reafirmando su rol como el principal nexo entre la ciudad de Mercedes y la Costa Atl\u00e1ntica. La propuesta se centra en ofrecer traslados en combi puerta a puerta, facilitando el acceso a las [&hellip;]<\/p>\n","protected":false},"author":16,"featured_media":155550,"comment_status":"closed","ping_status":"closed","sticky":false,"template":"","format":"standard","meta":{"footnotes":""},"categories":[74],"tags":[1228,19803,18936,19357,2749,603,11407],"class_list":["post-177102","post","type-post","status-publish","format-standard","has-post-thumbnail","hentry","category-emprendimientos","tag-colectivo","tag-combi","tag-costa-atlantica","tag-fley-bus","tag-vacaciones","tag-verano","tag-viaje"],"yoast_head":"<!-- This site is optimized with the Yoast SEO plugin v28.3 - https:\/\/yoast.com\/product\/yoast-seo-wordpress\/ -->\n<title>Fley Bus anuncia servicios de traslado directo desde Mercedes hacia la Costa Atl\u00e1ntica para la temporada 2026<\/title>\n<meta name=\"description\" content=\"\u25a0 Con un cronograma de salidas programadas en enero y febrero, la empresa conectar\u00e1 la ciudad con los principales balnearios bonaerenses bajo la modalidad de traslado sin estad\u00eda.\" \/>\n<meta name=\"robots\" content=\"index, follow, max-snippet:-1, max-image-preview:large, max-video-preview:-1\" \/>\n<link rel=\"canonical\" href=\"https:\/\/noticiasmercedinas.com\/site\/2025\/12\/20\/fley-bus-anuncia-servicios-de-traslado-directo-desde-mercedes-hacia-la-costa-atlantica-para-la-temporada-2026\/\" \/>\n<meta property=\"og:locale\" content=\"es_ES\" \/>\n<meta property=\"og:type\" content=\"article\" \/>\n<meta property=\"og:title\" content=\"Fley Bus anuncia servicios de traslado directo desde Mercedes hacia la Costa Atl\u00e1ntica para la temporada 2026\" \/>\n<meta property=\"og:description\" content=\"\u25a0 Con un cronograma de salidas programadas en enero y febrero, la empresa conectar\u00e1 la ciudad con los principales balnearios bonaerenses bajo la modalidad de traslado sin estad\u00eda.\" \/>\n<meta property=\"og:url\" content=\"https:\/\/noticiasmercedinas.com\/site\/2025\/12\/20\/fley-bus-anuncia-servicios-de-traslado-directo-desde-mercedes-hacia-la-costa-atlantica-para-la-temporada-2026\/\" \/>\n<meta property=\"og:site_name\" content=\"NOTICIASMERCEDINAS.COM\" \/>\n<meta property=\"article:publisher\" content=\"https:\/\/www.facebook.com\/noticiasmercedinas\/\" \/>\n<meta property=\"article:published_time\" content=\"2025-12-20T20:15:14+00:00\" \/>\n<meta property=\"og:image\" content=\"https:\/\/noticiasmercedinas.com\/site\/wp-content\/uploads\/2025\/03\/FLEYB.jpg\" \/>\n\t<meta property=\"og:image:width\" content=\"1019\" \/>\n\t<meta property=\"og:image:height\" content=\"625\" \/>\n\t<meta property=\"og:image:type\" content=\"image\/jpeg\" \/>\n<meta name=\"author\" content=\"NOTICIASMERCEDINAS.COM\" \/>\n<meta name=\"twitter:card\" content=\"summary_large_image\" \/>\n<meta name=\"twitter:creator\" content=\"@notmercedinas\" \/>\n<meta name=\"twitter:site\" content=\"@notmercedinas\" \/>\n<meta name=\"twitter:label1\" content=\"Escrito por\" \/>\n\t<meta name=\"twitter:data1\" content=\"NOTICIASMERCEDINAS.COM\" \/>\n\t<meta name=\"twitter:label2\" content=\"Tiempo de lectura\" \/>\n\t<meta name=\"twitter:data2\" content=\"2 minutos\" \/>\n<script type=\"application\/ld+json\" class=\"yoast-schema-graph\">{\"@context\":\"https:\\\/\\\/schema.org\",\"@graph\":[{\"@type\":\"Article\",\"@id\":\"https:\\\/\\\/noticiasmercedinas.com\\\/site\\\/2025\\\/12\\\/20\\\/fley-bus-anuncia-servicios-de-traslado-directo-desde-mercedes-hacia-la-costa-atlantica-para-la-temporada-2026\\\/#article\",\"isPartOf\":{\"@id\":\"https:\\\/\\\/noticiasmercedinas.com\\\/site\\\/2025\\\/12\\\/20\\\/fley-bus-anuncia-servicios-de-traslado-directo-desde-mercedes-hacia-la-costa-atlantica-para-la-temporada-2026\\\/\"},\"author\":{\"name\":\"NOTICIASMERCEDINAS.COM\",\"@id\":\"https:\\\/\\\/noticiasmercedinas.com\\\/site\\\/#\\\/schema\\\/person\\\/84b59c099c28ff2e8b77d4ceec5d8063\"},\"headline\":\"Fley Bus anuncia servicios de traslado directo desde Mercedes hacia la Costa Atl\u00e1ntica para la temporada 2026\",\"datePublished\":\"2025-12-20T20:15:14+00:00\",\"mainEntityOfPage\":{\"@id\":\"https:\\\/\\\/noticiasmercedinas.com\\\/site\\\/2025\\\/12\\\/20\\\/fley-bus-anuncia-servicios-de-traslado-directo-desde-mercedes-hacia-la-costa-atlantica-para-la-temporada-2026\\\/\"},\"wordCount\":301,\"publisher\":{\"@id\":\"https:\\\/\\\/noticiasmercedinas.com\\\/site\\\/#organization\"},\"image\":{\"@id\":\"https:\\\/\\\/noticiasmercedinas.com\\\/site\\\/2025\\\/12\\\/20\\\/fley-bus-anuncia-servicios-de-traslado-directo-desde-mercedes-hacia-la-costa-atlantica-para-la-temporada-2026\\\/#primaryimage\"},\"thumbnailUrl\":\"https:\\\/\\\/noticiasmercedinas.com\\\/site\\\/wp-content\\\/uploads\\\/2025\\\/03\\\/FLEYB.jpg\",\"keywords\":[\"colectivo\",\"combi\",\"costa atlantica\",\"fley bus\",\"vacaciones\",\"verano\",\"viaje\"],\"articleSection\":[\"Emprendimientos\"],\"inLanguage\":\"es\"},{\"@type\":\"WebPage\",\"@id\":\"https:\\\/\\\/noticiasmercedinas.com\\\/site\\\/2025\\\/12\\\/20\\\/fley-bus-anuncia-servicios-de-traslado-directo-desde-mercedes-hacia-la-costa-atlantica-para-la-temporada-2026\\\/\",\"url\":\"https:\\\/\\\/noticiasmercedinas.com\\\/site\\\/2025\\\/12\\\/20\\\/fley-bus-anuncia-servicios-de-traslado-directo-desde-mercedes-hacia-la-costa-atlantica-para-la-temporada-2026\\\/\",\"name\":\"Fley Bus anuncia servicios de traslado directo desde Mercedes hacia la Costa Atl\u00e1ntica para la temporada 2026\",\"isPartOf\":{\"@id\":\"https:\\\/\\\/noticiasmercedinas.com\\\/site\\\/#website\"},\"primaryImageOfPage\":{\"@id\":\"https:\\\/\\\/noticiasmercedinas.com\\\/site\\\/2025\\\/12\\\/20\\\/fley-bus-anuncia-servicios-de-traslado-directo-desde-mercedes-hacia-la-costa-atlantica-para-la-temporada-2026\\\/#primaryimage\"},\"image\":{\"@id\":\"https:\\\/\\\/noticiasmercedinas.com\\\/site\\\/2025\\\/12\\\/20\\\/fley-bus-anuncia-servicios-de-traslado-directo-desde-mercedes-hacia-la-costa-atlantica-para-la-temporada-2026\\\/#primaryimage\"},\"thumbnailUrl\":\"https:\\\/\\\/noticiasmercedinas.com\\\/site\\\/wp-content\\\/uploads\\\/2025\\\/03\\\/FLEYB.jpg\",\"datePublished\":\"2025-12-20T20:15:14+00:00\",\"description\":\"\u25a0 Con un cronograma de salidas programadas en enero y febrero, la empresa conectar\u00e1 la ciudad con los principales balnearios bonaerenses bajo la modalidad de traslado sin estad\u00eda.\",\"breadcrumb\":{\"@id\":\"https:\\\/\\\/noticiasmercedinas.com\\\/site\\\/2025\\\/12\\\/20\\\/fley-bus-anuncia-servicios-de-traslado-directo-desde-mercedes-hacia-la-costa-atlantica-para-la-temporada-2026\\\/#breadcrumb\"},\"inLanguage\":\"es\",\"potentialAction\":[{\"@type\":\"ReadAction\",\"target\":[\"https:\\\/\\\/noticiasmercedinas.com\\\/site\\\/2025\\\/12\\\/20\\\/fley-bus-anuncia-servicios-de-traslado-directo-desde-mercedes-hacia-la-costa-atlantica-para-la-temporada-2026\\\/\"]}]},{\"@type\":\"ImageObject\",\"inLanguage\":\"es\",\"@id\":\"https:\\\/\\\/noticiasmercedinas.com\\\/site\\\/2025\\\/12\\\/20\\\/fley-bus-anuncia-servicios-de-traslado-directo-desde-mercedes-hacia-la-costa-atlantica-para-la-temporada-2026\\\/#primaryimage\",\"url\":\"https:\\\/\\\/noticiasmercedinas.com\\\/site\\\/wp-content\\\/uploads\\\/2025\\\/03\\\/FLEYB.jpg\",\"contentUrl\":\"https:\\\/\\\/noticiasmercedinas.com\\\/site\\\/wp-content\\\/uploads\\\/2025\\\/03\\\/FLEYB.jpg\",\"width\":1019,\"height\":625},{\"@type\":\"BreadcrumbList\",\"@id\":\"https:\\\/\\\/noticiasmercedinas.com\\\/site\\\/2025\\\/12\\\/20\\\/fley-bus-anuncia-servicios-de-traslado-directo-desde-mercedes-hacia-la-costa-atlantica-para-la-temporada-2026\\\/#breadcrumb\",\"itemListElement\":[{\"@type\":\"ListItem\",\"position\":1,\"name\":\"Portada\",\"item\":\"https:\\\/\\\/noticiasmercedinas.com\\\/site\\\/\"},{\"@type\":\"ListItem\",\"position\":2,\"name\":\"Fley Bus anuncia servicios de traslado directo desde Mercedes hacia la Costa Atl\u00e1ntica para la temporada 2026\"}]},{\"@type\":\"WebSite\",\"@id\":\"https:\\\/\\\/noticiasmercedinas.com\\\/site\\\/#website\",\"url\":\"https:\\\/\\\/noticiasmercedinas.com\\\/site\\\/\",\"name\":\"NOTICIASMERCEDINAS.COM\",\"description\":\"Mercedes, Buenos Aires, Argentina\",\"publisher\":{\"@id\":\"https:\\\/\\\/noticiasmercedinas.com\\\/site\\\/#organization\"},\"potentialAction\":[{\"@type\":\"SearchAction\",\"target\":{\"@type\":\"EntryPoint\",\"urlTemplate\":\"https:\\\/\\\/noticiasmercedinas.com\\\/site\\\/?s={search_term_string}\"},\"query-input\":{\"@type\":\"PropertyValueSpecification\",\"valueRequired\":true,\"valueName\":\"search_term_string\"}}],\"inLanguage\":\"es\"},{\"@type\":\"Organization\",\"@id\":\"https:\\\/\\\/noticiasmercedinas.com\\\/site\\\/#organization\",\"name\":\"NOTICIASMERCEDINAS.COM\",\"url\":\"https:\\\/\\\/noticiasmercedinas.com\\\/site\\\/\",\"logo\":{\"@type\":\"ImageObject\",\"inLanguage\":\"es\",\"@id\":\"https:\\\/\\\/noticiasmercedinas.com\\\/site\\\/#\\\/schema\\\/logo\\\/image\\\/\",\"url\":\"https:\\\/\\\/noticiasmercedinas.com\\\/site\\\/wp-content\\\/uploads\\\/2020\\\/06\\\/LOGO-512.jpg\",\"contentUrl\":\"https:\\\/\\\/noticiasmercedinas.com\\\/site\\\/wp-content\\\/uploads\\\/2020\\\/06\\\/LOGO-512.jpg\",\"width\":512,\"height\":512,\"caption\":\"NOTICIASMERCEDINAS.COM\"},\"image\":{\"@id\":\"https:\\\/\\\/noticiasmercedinas.com\\\/site\\\/#\\\/schema\\\/logo\\\/image\\\/\"},\"sameAs\":[\"https:\\\/\\\/www.facebook.com\\\/noticiasmercedinas\\\/\",\"https:\\\/\\\/x.com\\\/notmercedinas\",\"https:\\\/\\\/www.instagram.com\\\/noticiasmercedinas\\\/\"]},{\"@type\":\"Person\",\"@id\":\"https:\\\/\\\/noticiasmercedinas.com\\\/site\\\/#\\\/schema\\\/person\\\/84b59c099c28ff2e8b77d4ceec5d8063\",\"name\":\"NOTICIASMERCEDINAS.COM\",\"image\":{\"@type\":\"ImageObject\",\"inLanguage\":\"es\",\"@id\":\"https:\\\/\\\/secure.gravatar.com\\\/avatar\\\/4dfbf16b4d17945bfb6341b2d19043457132fcf478a5ee04f42e959fd8f5df0a?s=96&d=mm&r=g\",\"url\":\"https:\\\/\\\/secure.gravatar.com\\\/avatar\\\/4dfbf16b4d17945bfb6341b2d19043457132fcf478a5ee04f42e959fd8f5df0a?s=96&d=mm&r=g\",\"contentUrl\":\"https:\\\/\\\/secure.gravatar.com\\\/avatar\\\/4dfbf16b4d17945bfb6341b2d19043457132fcf478a5ee04f42e959fd8f5df0a?s=96&d=mm&r=g\",\"caption\":\"NOTICIASMERCEDINAS.COM\"},\"url\":\"https:\\\/\\\/noticiasmercedinas.com\\\/site\\\/author\\\/anonimo\\\/\"}]}<\/script>\n<!-- \/ Yoast SEO plugin. -->","yoast_head_json":{"title":"Fley Bus anuncia servicios de traslado directo desde Mercedes hacia la Costa Atl\u00e1ntica para la temporada 2026","description":"\u25a0 Con un cronograma de salidas programadas en enero y febrero, la empresa conectar\u00e1 la ciudad con los principales balnearios bonaerenses bajo la modalidad de traslado sin estad\u00eda.","robots":{"index":"index","follow":"follow","max-snippet":"max-snippet:-1","max-image-preview":"max-image-preview:large","max-video-preview":"max-video-preview:-1"},"canonical":"https:\/\/noticiasmercedinas.com\/site\/2025\/12\/20\/fley-bus-anuncia-servicios-de-traslado-directo-desde-mercedes-hacia-la-costa-atlantica-para-la-temporada-2026\/","og_locale":"es_ES","og_type":"article","og_title":"Fley Bus anuncia servicios de traslado directo desde Mercedes hacia la Costa Atl\u00e1ntica para la temporada 2026","og_description":"\u25a0 Con un cronograma de salidas programadas en enero y febrero, la empresa conectar\u00e1 la ciudad con los principales balnearios bonaerenses bajo la modalidad de traslado sin estad\u00eda.","og_url":"https:\/\/noticiasmercedinas.com\/site\/2025\/12\/20\/fley-bus-anuncia-servicios-de-traslado-directo-desde-mercedes-hacia-la-costa-atlantica-para-la-temporada-2026\/","og_site_name":"NOTICIASMERCEDINAS.COM","article_publisher":"https:\/\/www.facebook.com\/noticiasmercedinas\/","article_published_time":"2025-12-20T20:15:14+00:00","og_image":[{"width":1019,"height":625,"url":"https:\/\/noticiasmercedinas.com\/site\/wp-content\/uploads\/2025\/03\/FLEYB.jpg","type":"image\/jpeg"}],"author":"NOTICIASMERCEDINAS.COM","twitter_card":"summary_large_image","twitter_creator":"@notmercedinas","twitter_site":"@notmercedinas","twitter_misc":{"Escrito por":"NOTICIASMERCEDINAS.COM","Tiempo de lectura":"2 minutos"},"schema":{"@context":"https:\/\/schema.org","@graph":[{"@type":"Article","@id":"https:\/\/noticiasmercedinas.com\/site\/2025\/12\/20\/fley-bus-anuncia-servicios-de-traslado-directo-desde-mercedes-hacia-la-costa-atlantica-para-la-temporada-2026\/#article","isPartOf":{"@id":"https:\/\/noticiasmercedinas.com\/site\/2025\/12\/20\/fley-bus-anuncia-servicios-de-traslado-directo-desde-mercedes-hacia-la-costa-atlantica-para-la-temporada-2026\/"},"author":{"name":"NOTICIASMERCEDINAS.COM","@id":"https:\/\/noticiasmercedinas.com\/site\/#\/schema\/person\/84b59c099c28ff2e8b77d4ceec5d8063"},"headline":"Fley Bus anuncia servicios de traslado directo desde Mercedes hacia la Costa Atl\u00e1ntica para la temporada 2026","datePublished":"2025-12-20T20:15:14+00:00","mainEntityOfPage":{"@id":"https:\/\/noticiasmercedinas.com\/site\/2025\/12\/20\/fley-bus-anuncia-servicios-de-traslado-directo-desde-mercedes-hacia-la-costa-atlantica-para-la-temporada-2026\/"},"wordCount":301,"publisher":{"@id":"https:\/\/noticiasmercedinas.com\/site\/#organization"},"image":{"@id":"https:\/\/noticiasmercedinas.com\/site\/2025\/12\/20\/fley-bus-anuncia-servicios-de-traslado-directo-desde-mercedes-hacia-la-costa-atlantica-para-la-temporada-2026\/#primaryimage"},"thumbnailUrl":"https:\/\/noticiasmercedinas.com\/site\/wp-content\/uploads\/2025\/03\/FLEYB.jpg","keywords":["colectivo","combi","costa atlantica","fley bus","vacaciones","verano","viaje"],"articleSection":["Emprendimientos"],"inLanguage":"es"},{"@type":"WebPage","@id":"https:\/\/noticiasmercedinas.com\/site\/2025\/12\/20\/fley-bus-anuncia-servicios-de-traslado-directo-desde-mercedes-hacia-la-costa-atlantica-para-la-temporada-2026\/","url":"https:\/\/noticiasmercedinas.com\/site\/2025\/12\/20\/fley-bus-anuncia-servicios-de-traslado-directo-desde-mercedes-hacia-la-costa-atlantica-para-la-temporada-2026\/","name":"Fley Bus anuncia servicios de traslado directo desde Mercedes hacia la Costa Atl\u00e1ntica para la temporada 2026","isPartOf":{"@id":"https:\/\/noticiasmercedinas.com\/site\/#website"},"primaryImageOfPage":{"@id":"https:\/\/noticiasmercedinas.com\/site\/2025\/12\/20\/fley-bus-anuncia-servicios-de-traslado-directo-desde-mercedes-hacia-la-costa-atlantica-para-la-temporada-2026\/#primaryimage"},"image":{"@id":"https:\/\/noticiasmercedinas.com\/site\/2025\/12\/20\/fley-bus-anuncia-servicios-de-traslado-directo-desde-mercedes-hacia-la-costa-atlantica-para-la-temporada-2026\/#primaryimage"},"thumbnailUrl":"https:\/\/noticiasmercedinas.com\/site\/wp-content\/uploads\/2025\/03\/FLEYB.jpg","datePublished":"2025-12-20T20:15:14+00:00","description":"\u25a0 Con un cronograma de salidas programadas en enero y febrero, la empresa conectar\u00e1 la ciudad con los principales balnearios bonaerenses bajo la modalidad de traslado sin estad\u00eda.","breadcrumb":{"@id":"https:\/\/noticiasmercedinas.com\/site\/2025\/12\/20\/fley-bus-anuncia-servicios-de-traslado-directo-desde-mercedes-hacia-la-costa-atlantica-para-la-temporada-2026\/#breadcrumb"},"inLanguage":"es","potentialAction":[{"@type":"ReadAction","target":["https:\/\/noticiasmercedinas.com\/site\/2025\/12\/20\/fley-bus-anuncia-servicios-de-traslado-directo-desde-mercedes-hacia-la-costa-atlantica-para-la-temporada-2026\/"]}]},{"@type":"ImageObject","inLanguage":"es","@id":"https:\/\/noticiasmercedinas.com\/site\/2025\/12\/20\/fley-bus-anuncia-servicios-de-traslado-directo-desde-mercedes-hacia-la-costa-atlantica-para-la-temporada-2026\/#primaryimage","url":"https:\/\/noticiasmercedinas.com\/site\/wp-content\/uploads\/2025\/03\/FLEYB.jpg","contentUrl":"https:\/\/noticiasmercedinas.com\/site\/wp-content\/uploads\/2025\/03\/FLEYB.jpg","width":1019,"height":625},{"@type":"BreadcrumbList","@id":"https:\/\/noticiasmercedinas.com\/site\/2025\/12\/20\/fley-bus-anuncia-servicios-de-traslado-directo-desde-mercedes-hacia-la-costa-atlantica-para-la-temporada-2026\/#breadcrumb","itemListElement":[{"@type":"ListItem","position":1,"name":"Portada","item":"https:\/\/noticiasmercedinas.com\/site\/"},{"@type":"ListItem","position":2,"name":"Fley Bus anuncia servicios de traslado directo desde Mercedes hacia la Costa Atl\u00e1ntica para la temporada 2026"}]},{"@type":"WebSite","@id":"https:\/\/noticiasmercedinas.com\/site\/#website","url":"https:\/\/noticiasmercedinas.com\/site\/","name":"NOTICIASMERCEDINAS.COM","description":"Mercedes, Buenos Aires, Argentina","publisher":{"@id":"https:\/\/noticiasmercedinas.com\/site\/#organization"},"potentialAction":[{"@type":"SearchAction","target":{"@type":"EntryPoint","urlTemplate":"https:\/\/noticiasmercedinas.com\/site\/?s={search_term_string}"},"query-input":{"@type":"PropertyValueSpecification","valueRequired":true,"valueName":"search_term_string"}}],"inLanguage":"es"},{"@type":"Organization","@id":"https:\/\/noticiasmercedinas.com\/site\/#organization","name":"NOTICIASMERCEDINAS.COM","url":"https:\/\/noticiasmercedinas.com\/site\/","logo":{"@type":"ImageObject","inLanguage":"es","@id":"https:\/\/noticiasmercedinas.com\/site\/#\/schema\/logo\/image\/","url":"https:\/\/noticiasmercedinas.com\/site\/wp-content\/uploads\/2020\/06\/LOGO-512.jpg","contentUrl":"https:\/\/noticiasmercedinas.com\/site\/wp-content\/uploads\/2020\/06\/LOGO-512.jpg","width":512,"height":512,"caption":"NOTICIASMERCEDINAS.COM"},"image":{"@id":"https:\/\/noticiasmercedinas.com\/site\/#\/schema\/logo\/image\/"},"sameAs":["https:\/\/www.facebook.com\/noticiasmercedinas\/","https:\/\/x.com\/notmercedinas","https:\/\/www.instagram.com\/noticiasmercedinas\/"]},{"@type":"Person","@id":"https:\/\/noticiasmercedinas.com\/site\/#\/schema\/person\/84b59c099c28ff2e8b77d4ceec5d8063","name":"NOTICIASMERCEDINAS.COM","image":{"@type":"ImageObject","inLanguage":"es","@id":"https:\/\/secure.gravatar.com\/avatar\/4dfbf16b4d17945bfb6341b2d19043457132fcf478a5ee04f42e959fd8f5df0a?s=96&d=mm&r=g","url":"https:\/\/secure.gravatar.com\/avatar\/4dfbf16b4d17945bfb6341b2d19043457132fcf478a5ee04f42e959fd8f5df0a?s=96&d=mm&r=g","contentUrl":"https:\/\/secure.gravatar.com\/avatar\/4dfbf16b4d17945bfb6341b2d19043457132fcf478a5ee04f42e959fd8f5df0a?s=96&d=mm&r=g","caption":"NOTICIASMERCEDINAS.COM"},"url":"https:\/\/noticiasmercedinas.com\/site\/author\/anonimo\/"}]}},"amp_enabled":true,"_links":{"self":[{"href":"https:\/\/noticiasmercedinas.com\/site\/wp-json\/wp\/v2\/posts\/177102","targetHints":{"allow":["GET"]}}],"collection":[{"href":"https:\/\/noticiasmercedinas.com\/site\/wp-json\/wp\/v2\/posts"}],"about":[{"href":"https:\/\/noticiasmercedinas.com\/site\/wp-json\/wp\/v2\/types\/post"}],"author":[{"embeddable":true,"href":"https:\/\/noticiasmercedinas.com\/site\/wp-json\/wp\/v2\/users\/16"}],"replies":[{"embeddable":true,"href":"https:\/\/noticiasmercedinas.com\/site\/wp-json\/wp\/v2\/comments?post=177102"}],"version-history":[{"count":1,"href":"https:\/\/noticiasmercedinas.com\/site\/wp-json\/wp\/v2\/posts\/177102\/revisions"}],"predecessor-version":[{"id":177104,"href":"https:\/\/noticiasmercedinas.com\/site\/wp-json\/wp\/v2\/posts\/177102\/revisions\/177104"}],"wp:featuredmedia":[{"embeddable":true,"href":"https:\/\/noticiasmercedinas.com\/site\/wp-json\/wp\/v2\/media\/155550"}],"wp:attachment":[{"href":"https:\/\/noticiasmercedinas.com\/site\/wp-json\/wp\/v2\/media?parent=177102"}],"wp:term":[{"taxonomy":"category","embeddable":true,"href":"https:\/\/noticiasmercedinas.com\/site\/wp-json\/wp\/v2\/categories?post=177102"},{"taxonomy":"post_tag","embeddable":true,"href":"https:\/\/noticiasmercedinas.com\/site\/wp-json\/wp\/v2\/tags?post=177102"}],"curies":[{"name":"wp","href":"https:\/\/api.w.org\/{rel}","templated":true}]}}