{"id":177114,"date":"2025-12-20T20:28:14","date_gmt":"2025-12-20T23:28:14","guid":{"rendered":"https:\/\/noticiasmercedinas.com\/site\/?p=177114"},"modified":"2025-12-20T20:28:14","modified_gmt":"2025-12-20T23:28:14","slug":"escuela-municipal-de-tenis-cerro-un-2025-historico-con-record-de-alumnos-y-torneos","status":"publish","type":"post","link":"https:\/\/noticiasmercedinas.com\/site\/2025\/12\/20\/escuela-municipal-de-tenis-cerro-un-2025-historico-con-record-de-alumnos-y-torneos\/","title":{"rendered":"Escuela Municipal de Tenis cerr\u00f3 un 2025 hist\u00f3rico con r\u00e9cord de alumnos y torneos"},"content":{"rendered":"<p data-path-to-node=\"4\"><img loading=\"lazy\" decoding=\"async\" class=\"alignnone size-full wp-image-177117\" src=\"https:\/\/noticiasmercedinas.com\/site\/wp-content\/uploads\/2025\/12\/TENIS1-1.jpg\" alt=\"\" width=\"878\" height=\"491\" srcset=\"https:\/\/noticiasmercedinas.com\/site\/wp-content\/uploads\/2025\/12\/TENIS1-1.jpg 878w, https:\/\/noticiasmercedinas.com\/site\/wp-content\/uploads\/2025\/12\/TENIS1-1-300x168.jpg 300w, https:\/\/noticiasmercedinas.com\/site\/wp-content\/uploads\/2025\/12\/TENIS1-1-768x429.jpg 768w, https:\/\/noticiasmercedinas.com\/site\/wp-content\/uploads\/2025\/12\/TENIS1-1-640x358.jpg 640w, https:\/\/noticiasmercedinas.com\/site\/wp-content\/uploads\/2025\/12\/TENIS1-1-681x381.jpg 681w\" sizes=\"auto, (max-width: 878px) 100vw, 878px\" \/><\/p>\n<p data-path-to-node=\"4\">La Escuela Municipal de Tenis <b data-path-to-node=\"4\" data-index-in-node=\"42\">\u201cMary Ter\u00e1n de Weiss\u201d<\/b> finaliz\u00f3 su quinto a\u00f1o de actividad en el Parque Municipal Independencia, consolid\u00e1ndose como un pilar del deporte local.<\/p>\n<p data-path-to-node=\"4\">Con el respaldo de la Direcci\u00f3n de Deportes y la coordinaci\u00f3n del Entrenador Nacional <b data-path-to-node=\"4\" data-index-in-node=\"272\">Ariel Vivas<\/b>, la instituci\u00f3n logr\u00f3 una matr\u00edcula r\u00e9cord de <b data-path-to-node=\"4\" data-index-in-node=\"330\">91 alumnos<\/b> repartidos entre las \u00e1reas de formaci\u00f3n infantil y adultos.<\/p>\n<p data-path-to-node=\"5\">El ciclo 2025 se destac\u00f3 por una intensa agenda competitiva: se llevaron a cabo <b data-path-to-node=\"5\" data-index-in-node=\"80\">14 torneos<\/b> en diversas categor\u00edas y modalidades, lo que representa un promedio de un evento cada 23.8 d\u00edas.<\/p>\n<p data-path-to-node=\"5\">En total, las competencias convocaron a <b data-path-to-node=\"5\" data-index-in-node=\"228\">147 jugadores<\/b>, quienes disputaron encuentros de niveles iniciales hasta divisiones avanzadas.<\/p>\n<p data-path-to-node=\"7\">Uno de los hitos del a\u00f1o fue la implementaci\u00f3n, por primera vez en Mercedes y zonas aleda\u00f1as, de un <b data-path-to-node=\"7\" data-index-in-node=\"100\">taller bimestral de Beach Tennis<\/b>. Esta disciplina, que no contaba con antecedentes en la regi\u00f3n, coron\u00f3 a sus primeros campeones en modalidad dobles, marcando un precedente en la diversificaci\u00f3n de la oferta deportiva municipal.<\/p>\n<p data-path-to-node=\"9\">A lo largo de los 329 d\u00edas efectivos de clases, la escuela defini\u00f3 campeones en m\u00faltiples categor\u00edas.<\/p>\n<p data-path-to-node=\"9\">A continuaci\u00f3n, los resultados m\u00e1s destacados de la temporada:<\/p>\n<table data-path-to-node=\"10\">\n<thead>\n<tr>\n<td><strong>Modalidad \/ Categor\u00eda<\/strong><\/td>\n<td><strong>Campe\u00f3n\/es<\/strong><\/td>\n<td><strong>Finalista\/s<\/strong><\/td>\n<\/tr>\n<\/thead>\n<tbody>\n<tr>\n<td><span data-path-to-node=\"10,1,0,0\"><b data-path-to-node=\"10,1,0,0\" data-index-in-node=\"0\">Masculino (A)<\/b> (Cierre de a\u00f1o)<\/span><\/td>\n<td><span data-path-to-node=\"10,1,1,0\">L. Vivas<\/span><\/td>\n<td><span data-path-to-node=\"10,1,2,0\">N. Coria<\/span><\/td>\n<\/tr>\n<tr>\n<td><span data-path-to-node=\"10,2,0,0\"><b data-path-to-node=\"10,2,0,0\" data-index-in-node=\"0\">Masculino +40<\/b><\/span><\/td>\n<td><span data-path-to-node=\"10,2,1,0\">P. Blanco<\/span><\/td>\n<td><span data-path-to-node=\"10,2,2,0\">C. Falabella<\/span><\/td>\n<\/tr>\n<tr>\n<td><span data-path-to-node=\"10,3,0,0\"><b data-path-to-node=\"10,3,0,0\" data-index-in-node=\"0\">Femenino Libre<\/b><\/span><\/td>\n<td><span data-path-to-node=\"10,3,1,0\">G. Donth<\/span><\/td>\n<td><span data-path-to-node=\"10,3,2,0\">L. Scasso<\/span><\/td>\n<\/tr>\n<tr>\n<td><span data-path-to-node=\"10,4,0,0\"><b data-path-to-node=\"10,4,0,0\" data-index-in-node=\"0\">Masculino por Equipos<\/b><\/span><\/td>\n<td><span data-path-to-node=\"10,4,1,0\">Cestari J, Delvecchio E, Vivas L.<\/span><\/td>\n<td><span data-path-to-node=\"10,4,2,0\">Do\u00f1agueda, Renzelli, Coria, Falabella<\/span><\/td>\n<\/tr>\n<tr>\n<td><span data-path-to-node=\"10,5,0,0\"><b data-path-to-node=\"10,5,0,0\" data-index-in-node=\"0\">Beach Tennis (M)<\/b><\/span><\/td>\n<td><span data-path-to-node=\"10,5,1,0\">F. Diaz Ricci \/ F. Iglesias<\/span><\/td>\n<td><span data-path-to-node=\"10,5,2,0\">M. Valle \/ L. Vivas<\/span><\/td>\n<\/tr>\n<tr>\n<td><span data-path-to-node=\"10,6,0,0\"><b data-path-to-node=\"10,6,0,0\" data-index-in-node=\"0\">Beach Tennis (F)<\/b><\/span><\/td>\n<td><span data-path-to-node=\"10,6,1,0\">E. Freschi \/ C. Burgos<\/span><\/td>\n<td><span data-path-to-node=\"10,6,2,0\">L. Scasso \/ E. Zunino<\/span><\/td>\n<\/tr>\n<\/tbody>\n<\/table>\n<p><img loading=\"lazy\" decoding=\"async\" class=\"alignnone size-full wp-image-177116\" src=\"https:\/\/noticiasmercedinas.com\/site\/wp-content\/uploads\/2025\/12\/TENIS2.jpg\" alt=\"\" width=\"640\" height=\"575\" srcset=\"https:\/\/noticiasmercedinas.com\/site\/wp-content\/uploads\/2025\/12\/TENIS2.jpg 640w, https:\/\/noticiasmercedinas.com\/site\/wp-content\/uploads\/2025\/12\/TENIS2-300x270.jpg 300w\" sizes=\"auto, (max-width: 640px) 100vw, 640px\" \/><\/p>\n","protected":false},"excerpt":{"rendered":"<p>\u25a0\u00a0Bajo la direcci\u00f3n de Ariel Vivas, la instituci\u00f3n \u00abMary Ter\u00e1n de Weiss\u00bb alcanz\u00f3 los 91 matriculados y organiz\u00f3 14 competencias, incluyendo el debut del Beach Tennis en la regi\u00f3n.<\/p>\n","protected":false},"author":16,"featured_media":177117,"comment_status":"closed","ping_status":"closed","sticky":false,"template":"","format":"standard","meta":{"footnotes":""},"categories":[5],"tags":[11544,738,133],"class_list":["post-177114","post","type-post","status-publish","format-standard","has-post-thumbnail","hentry","category-deportes","tag-ariel-vivas","tag-parque-municipal","tag-tenis"],"yoast_head":"<!-- This site is optimized with the Yoast SEO plugin v27.4 - https:\/\/yoast.com\/product\/yoast-seo-wordpress\/ -->\n<title>Escuela Municipal de Tenis cerr\u00f3 un 2025 hist\u00f3rico con r\u00e9cord de alumnos y torneos<\/title>\n<meta name=\"description\" content=\"\u25a0\u00a0Bajo la direcci\u00f3n de Ariel Vivas, la instituci\u00f3n &quot;Mary Ter\u00e1n de Weiss&quot; alcanz\u00f3 los 91 matriculados y organiz\u00f3 14 competencias, incluyendo el debut del Beach Tennis en la regi\u00f3n.\" \/>\n<meta name=\"robots\" content=\"index, follow, max-snippet:-1, max-image-preview:large, max-video-preview:-1\" \/>\n<link rel=\"canonical\" href=\"https:\/\/noticiasmercedinas.com\/site\/2025\/12\/20\/escuela-municipal-de-tenis-cerro-un-2025-historico-con-record-de-alumnos-y-torneos\/\" \/>\n<meta property=\"og:locale\" content=\"es_ES\" \/>\n<meta property=\"og:type\" content=\"article\" \/>\n<meta property=\"og:title\" content=\"Escuela Municipal de Tenis cerr\u00f3 un 2025 hist\u00f3rico con r\u00e9cord de alumnos y torneos\" \/>\n<meta property=\"og:description\" content=\"\u25a0\u00a0Bajo la direcci\u00f3n de Ariel Vivas, la instituci\u00f3n &quot;Mary Ter\u00e1n de Weiss&quot; alcanz\u00f3 los 91 matriculados y organiz\u00f3 14 competencias, incluyendo el debut del Beach Tennis en la regi\u00f3n.\" \/>\n<meta property=\"og:url\" content=\"https:\/\/noticiasmercedinas.com\/site\/2025\/12\/20\/escuela-municipal-de-tenis-cerro-un-2025-historico-con-record-de-alumnos-y-torneos\/\" \/>\n<meta property=\"og:site_name\" content=\"NOTICIASMERCEDINAS.COM\" \/>\n<meta property=\"article:publisher\" content=\"https:\/\/www.facebook.com\/noticiasmercedinas\/\" \/>\n<meta property=\"article:published_time\" content=\"2025-12-20T23:28:14+00:00\" \/>\n<meta property=\"og:image\" content=\"https:\/\/noticiasmercedinas.com\/site\/wp-content\/uploads\/2025\/12\/TENIS1-1.jpg\" \/>\n\t<meta property=\"og:image:width\" content=\"878\" \/>\n\t<meta property=\"og:image:height\" content=\"491\" \/>\n\t<meta property=\"og:image:type\" content=\"image\/jpeg\" \/>\n<meta name=\"author\" content=\"NOTICIASMERCEDINAS.COM\" \/>\n<meta name=\"twitter:card\" content=\"summary_large_image\" \/>\n<meta name=\"twitter:creator\" content=\"@notmercedinas\" \/>\n<meta name=\"twitter:site\" content=\"@notmercedinas\" \/>\n<meta name=\"twitter:label1\" content=\"Escrito por\" \/>\n\t<meta name=\"twitter:data1\" content=\"NOTICIASMERCEDINAS.COM\" \/>\n\t<meta name=\"twitter:label2\" content=\"Tiempo de lectura\" \/>\n\t<meta name=\"twitter:data2\" content=\"2 minutos\" \/>\n<script type=\"application\/ld+json\" class=\"yoast-schema-graph\">{\"@context\":\"https:\\\/\\\/schema.org\",\"@graph\":[{\"@type\":\"Article\",\"@id\":\"https:\\\/\\\/noticiasmercedinas.com\\\/site\\\/2025\\\/12\\\/20\\\/escuela-municipal-de-tenis-cerro-un-2025-historico-con-record-de-alumnos-y-torneos\\\/#article\",\"isPartOf\":{\"@id\":\"https:\\\/\\\/noticiasmercedinas.com\\\/site\\\/2025\\\/12\\\/20\\\/escuela-municipal-de-tenis-cerro-un-2025-historico-con-record-de-alumnos-y-torneos\\\/\"},\"author\":{\"name\":\"NOTICIASMERCEDINAS.COM\",\"@id\":\"https:\\\/\\\/noticiasmercedinas.com\\\/site\\\/#\\\/schema\\\/person\\\/84b59c099c28ff2e8b77d4ceec5d8063\"},\"headline\":\"Escuela Municipal de Tenis cerr\u00f3 un 2025 hist\u00f3rico con r\u00e9cord de alumnos y torneos\",\"datePublished\":\"2025-12-20T23:28:14+00:00\",\"mainEntityOfPage\":{\"@id\":\"https:\\\/\\\/noticiasmercedinas.com\\\/site\\\/2025\\\/12\\\/20\\\/escuela-municipal-de-tenis-cerro-un-2025-historico-con-record-de-alumnos-y-torneos\\\/\"},\"wordCount\":285,\"publisher\":{\"@id\":\"https:\\\/\\\/noticiasmercedinas.com\\\/site\\\/#organization\"},\"image\":{\"@id\":\"https:\\\/\\\/noticiasmercedinas.com\\\/site\\\/2025\\\/12\\\/20\\\/escuela-municipal-de-tenis-cerro-un-2025-historico-con-record-de-alumnos-y-torneos\\\/#primaryimage\"},\"thumbnailUrl\":\"https:\\\/\\\/noticiasmercedinas.com\\\/site\\\/wp-content\\\/uploads\\\/2025\\\/12\\\/TENIS1-1.jpg\",\"keywords\":[\"ariel vivas\",\"parque municipal\",\"tenis\"],\"articleSection\":[\"Deportes\"],\"inLanguage\":\"es\"},{\"@type\":\"WebPage\",\"@id\":\"https:\\\/\\\/noticiasmercedinas.com\\\/site\\\/2025\\\/12\\\/20\\\/escuela-municipal-de-tenis-cerro-un-2025-historico-con-record-de-alumnos-y-torneos\\\/\",\"url\":\"https:\\\/\\\/noticiasmercedinas.com\\\/site\\\/2025\\\/12\\\/20\\\/escuela-municipal-de-tenis-cerro-un-2025-historico-con-record-de-alumnos-y-torneos\\\/\",\"name\":\"Escuela Municipal de Tenis cerr\u00f3 un 2025 hist\u00f3rico con r\u00e9cord de alumnos y torneos\",\"isPartOf\":{\"@id\":\"https:\\\/\\\/noticiasmercedinas.com\\\/site\\\/#website\"},\"primaryImageOfPage\":{\"@id\":\"https:\\\/\\\/noticiasmercedinas.com\\\/site\\\/2025\\\/12\\\/20\\\/escuela-municipal-de-tenis-cerro-un-2025-historico-con-record-de-alumnos-y-torneos\\\/#primaryimage\"},\"image\":{\"@id\":\"https:\\\/\\\/noticiasmercedinas.com\\\/site\\\/2025\\\/12\\\/20\\\/escuela-municipal-de-tenis-cerro-un-2025-historico-con-record-de-alumnos-y-torneos\\\/#primaryimage\"},\"thumbnailUrl\":\"https:\\\/\\\/noticiasmercedinas.com\\\/site\\\/wp-content\\\/uploads\\\/2025\\\/12\\\/TENIS1-1.jpg\",\"datePublished\":\"2025-12-20T23:28:14+00:00\",\"description\":\"\u25a0\u00a0Bajo la direcci\u00f3n de Ariel Vivas, la instituci\u00f3n \\\"Mary Ter\u00e1n de Weiss\\\" alcanz\u00f3 los 91 matriculados y organiz\u00f3 14 competencias, incluyendo el debut del Beach Tennis en la regi\u00f3n.\",\"breadcrumb\":{\"@id\":\"https:\\\/\\\/noticiasmercedinas.com\\\/site\\\/2025\\\/12\\\/20\\\/escuela-municipal-de-tenis-cerro-un-2025-historico-con-record-de-alumnos-y-torneos\\\/#breadcrumb\"},\"inLanguage\":\"es\",\"potentialAction\":[{\"@type\":\"ReadAction\",\"target\":[\"https:\\\/\\\/noticiasmercedinas.com\\\/site\\\/2025\\\/12\\\/20\\\/escuela-municipal-de-tenis-cerro-un-2025-historico-con-record-de-alumnos-y-torneos\\\/\"]}]},{\"@type\":\"ImageObject\",\"inLanguage\":\"es\",\"@id\":\"https:\\\/\\\/noticiasmercedinas.com\\\/site\\\/2025\\\/12\\\/20\\\/escuela-municipal-de-tenis-cerro-un-2025-historico-con-record-de-alumnos-y-torneos\\\/#primaryimage\",\"url\":\"https:\\\/\\\/noticiasmercedinas.com\\\/site\\\/wp-content\\\/uploads\\\/2025\\\/12\\\/TENIS1-1.jpg\",\"contentUrl\":\"https:\\\/\\\/noticiasmercedinas.com\\\/site\\\/wp-content\\\/uploads\\\/2025\\\/12\\\/TENIS1-1.jpg\",\"width\":878,\"height\":491},{\"@type\":\"BreadcrumbList\",\"@id\":\"https:\\\/\\\/noticiasmercedinas.com\\\/site\\\/2025\\\/12\\\/20\\\/escuela-municipal-de-tenis-cerro-un-2025-historico-con-record-de-alumnos-y-torneos\\\/#breadcrumb\",\"itemListElement\":[{\"@type\":\"ListItem\",\"position\":1,\"name\":\"Portada\",\"item\":\"https:\\\/\\\/noticiasmercedinas.com\\\/site\\\/\"},{\"@type\":\"ListItem\",\"position\":2,\"name\":\"Escuela Municipal de Tenis cerr\u00f3 un 2025 hist\u00f3rico con r\u00e9cord de alumnos y torneos\"}]},{\"@type\":\"WebSite\",\"@id\":\"https:\\\/\\\/noticiasmercedinas.com\\\/site\\\/#website\",\"url\":\"https:\\\/\\\/noticiasmercedinas.com\\\/site\\\/\",\"name\":\"NOTICIASMERCEDINAS.COM\",\"description\":\"Mercedes, Buenos Aires, Argentina\",\"publisher\":{\"@id\":\"https:\\\/\\\/noticiasmercedinas.com\\\/site\\\/#organization\"},\"potentialAction\":[{\"@type\":\"SearchAction\",\"target\":{\"@type\":\"EntryPoint\",\"urlTemplate\":\"https:\\\/\\\/noticiasmercedinas.com\\\/site\\\/?s={search_term_string}\"},\"query-input\":{\"@type\":\"PropertyValueSpecification\",\"valueRequired\":true,\"valueName\":\"search_term_string\"}}],\"inLanguage\":\"es\"},{\"@type\":\"Organization\",\"@id\":\"https:\\\/\\\/noticiasmercedinas.com\\\/site\\\/#organization\",\"name\":\"NOTICIASMERCEDINAS.COM\",\"url\":\"https:\\\/\\\/noticiasmercedinas.com\\\/site\\\/\",\"logo\":{\"@type\":\"ImageObject\",\"inLanguage\":\"es\",\"@id\":\"https:\\\/\\\/noticiasmercedinas.com\\\/site\\\/#\\\/schema\\\/logo\\\/image\\\/\",\"url\":\"https:\\\/\\\/noticiasmercedinas.com\\\/site\\\/wp-content\\\/uploads\\\/2020\\\/06\\\/LOGO-512.jpg\",\"contentUrl\":\"https:\\\/\\\/noticiasmercedinas.com\\\/site\\\/wp-content\\\/uploads\\\/2020\\\/06\\\/LOGO-512.jpg\",\"width\":512,\"height\":512,\"caption\":\"NOTICIASMERCEDINAS.COM\"},\"image\":{\"@id\":\"https:\\\/\\\/noticiasmercedinas.com\\\/site\\\/#\\\/schema\\\/logo\\\/image\\\/\"},\"sameAs\":[\"https:\\\/\\\/www.facebook.com\\\/noticiasmercedinas\\\/\",\"https:\\\/\\\/x.com\\\/notmercedinas\",\"https:\\\/\\\/www.instagram.com\\\/noticiasmercedinas\\\/\"]},{\"@type\":\"Person\",\"@id\":\"https:\\\/\\\/noticiasmercedinas.com\\\/site\\\/#\\\/schema\\\/person\\\/84b59c099c28ff2e8b77d4ceec5d8063\",\"name\":\"NOTICIASMERCEDINAS.COM\",\"image\":{\"@type\":\"ImageObject\",\"inLanguage\":\"es\",\"@id\":\"https:\\\/\\\/secure.gravatar.com\\\/avatar\\\/4dfbf16b4d17945bfb6341b2d19043457132fcf478a5ee04f42e959fd8f5df0a?s=96&d=mm&r=g\",\"url\":\"https:\\\/\\\/secure.gravatar.com\\\/avatar\\\/4dfbf16b4d17945bfb6341b2d19043457132fcf478a5ee04f42e959fd8f5df0a?s=96&d=mm&r=g\",\"contentUrl\":\"https:\\\/\\\/secure.gravatar.com\\\/avatar\\\/4dfbf16b4d17945bfb6341b2d19043457132fcf478a5ee04f42e959fd8f5df0a?s=96&d=mm&r=g\",\"caption\":\"NOTICIASMERCEDINAS.COM\"},\"url\":\"https:\\\/\\\/noticiasmercedinas.com\\\/site\\\/author\\\/anonimo\\\/\"}]}<\/script>\n<!-- \/ Yoast SEO plugin. -->","yoast_head_json":{"title":"Escuela Municipal de Tenis cerr\u00f3 un 2025 hist\u00f3rico con r\u00e9cord de alumnos y torneos","description":"\u25a0\u00a0Bajo la direcci\u00f3n de Ariel Vivas, la instituci\u00f3n \"Mary Ter\u00e1n de Weiss\" alcanz\u00f3 los 91 matriculados y organiz\u00f3 14 competencias, incluyendo el debut del Beach Tennis en la regi\u00f3n.","robots":{"index":"index","follow":"follow","max-snippet":"max-snippet:-1","max-image-preview":"max-image-preview:large","max-video-preview":"max-video-preview:-1"},"canonical":"https:\/\/noticiasmercedinas.com\/site\/2025\/12\/20\/escuela-municipal-de-tenis-cerro-un-2025-historico-con-record-de-alumnos-y-torneos\/","og_locale":"es_ES","og_type":"article","og_title":"Escuela Municipal de Tenis cerr\u00f3 un 2025 hist\u00f3rico con r\u00e9cord de alumnos y torneos","og_description":"\u25a0\u00a0Bajo la direcci\u00f3n de Ariel Vivas, la instituci\u00f3n \"Mary Ter\u00e1n de Weiss\" alcanz\u00f3 los 91 matriculados y organiz\u00f3 14 competencias, incluyendo el debut del Beach Tennis en la regi\u00f3n.","og_url":"https:\/\/noticiasmercedinas.com\/site\/2025\/12\/20\/escuela-municipal-de-tenis-cerro-un-2025-historico-con-record-de-alumnos-y-torneos\/","og_site_name":"NOTICIASMERCEDINAS.COM","article_publisher":"https:\/\/www.facebook.com\/noticiasmercedinas\/","article_published_time":"2025-12-20T23:28:14+00:00","og_image":[{"width":878,"height":491,"url":"https:\/\/noticiasmercedinas.com\/site\/wp-content\/uploads\/2025\/12\/TENIS1-1.jpg","type":"image\/jpeg"}],"author":"NOTICIASMERCEDINAS.COM","twitter_card":"summary_large_image","twitter_creator":"@notmercedinas","twitter_site":"@notmercedinas","twitter_misc":{"Escrito por":"NOTICIASMERCEDINAS.COM","Tiempo de lectura":"2 minutos"},"schema":{"@context":"https:\/\/schema.org","@graph":[{"@type":"Article","@id":"https:\/\/noticiasmercedinas.com\/site\/2025\/12\/20\/escuela-municipal-de-tenis-cerro-un-2025-historico-con-record-de-alumnos-y-torneos\/#article","isPartOf":{"@id":"https:\/\/noticiasmercedinas.com\/site\/2025\/12\/20\/escuela-municipal-de-tenis-cerro-un-2025-historico-con-record-de-alumnos-y-torneos\/"},"author":{"name":"NOTICIASMERCEDINAS.COM","@id":"https:\/\/noticiasmercedinas.com\/site\/#\/schema\/person\/84b59c099c28ff2e8b77d4ceec5d8063"},"headline":"Escuela Municipal de Tenis cerr\u00f3 un 2025 hist\u00f3rico con r\u00e9cord de alumnos y torneos","datePublished":"2025-12-20T23:28:14+00:00","mainEntityOfPage":{"@id":"https:\/\/noticiasmercedinas.com\/site\/2025\/12\/20\/escuela-municipal-de-tenis-cerro-un-2025-historico-con-record-de-alumnos-y-torneos\/"},"wordCount":285,"publisher":{"@id":"https:\/\/noticiasmercedinas.com\/site\/#organization"},"image":{"@id":"https:\/\/noticiasmercedinas.com\/site\/2025\/12\/20\/escuela-municipal-de-tenis-cerro-un-2025-historico-con-record-de-alumnos-y-torneos\/#primaryimage"},"thumbnailUrl":"https:\/\/noticiasmercedinas.com\/site\/wp-content\/uploads\/2025\/12\/TENIS1-1.jpg","keywords":["ariel vivas","parque municipal","tenis"],"articleSection":["Deportes"],"inLanguage":"es"},{"@type":"WebPage","@id":"https:\/\/noticiasmercedinas.com\/site\/2025\/12\/20\/escuela-municipal-de-tenis-cerro-un-2025-historico-con-record-de-alumnos-y-torneos\/","url":"https:\/\/noticiasmercedinas.com\/site\/2025\/12\/20\/escuela-municipal-de-tenis-cerro-un-2025-historico-con-record-de-alumnos-y-torneos\/","name":"Escuela Municipal de Tenis cerr\u00f3 un 2025 hist\u00f3rico con r\u00e9cord de alumnos y torneos","isPartOf":{"@id":"https:\/\/noticiasmercedinas.com\/site\/#website"},"primaryImageOfPage":{"@id":"https:\/\/noticiasmercedinas.com\/site\/2025\/12\/20\/escuela-municipal-de-tenis-cerro-un-2025-historico-con-record-de-alumnos-y-torneos\/#primaryimage"},"image":{"@id":"https:\/\/noticiasmercedinas.com\/site\/2025\/12\/20\/escuela-municipal-de-tenis-cerro-un-2025-historico-con-record-de-alumnos-y-torneos\/#primaryimage"},"thumbnailUrl":"https:\/\/noticiasmercedinas.com\/site\/wp-content\/uploads\/2025\/12\/TENIS1-1.jpg","datePublished":"2025-12-20T23:28:14+00:00","description":"\u25a0\u00a0Bajo la direcci\u00f3n de Ariel Vivas, la instituci\u00f3n \"Mary Ter\u00e1n de Weiss\" alcanz\u00f3 los 91 matriculados y organiz\u00f3 14 competencias, incluyendo el debut del Beach Tennis en la regi\u00f3n.","breadcrumb":{"@id":"https:\/\/noticiasmercedinas.com\/site\/2025\/12\/20\/escuela-municipal-de-tenis-cerro-un-2025-historico-con-record-de-alumnos-y-torneos\/#breadcrumb"},"inLanguage":"es","potentialAction":[{"@type":"ReadAction","target":["https:\/\/noticiasmercedinas.com\/site\/2025\/12\/20\/escuela-municipal-de-tenis-cerro-un-2025-historico-con-record-de-alumnos-y-torneos\/"]}]},{"@type":"ImageObject","inLanguage":"es","@id":"https:\/\/noticiasmercedinas.com\/site\/2025\/12\/20\/escuela-municipal-de-tenis-cerro-un-2025-historico-con-record-de-alumnos-y-torneos\/#primaryimage","url":"https:\/\/noticiasmercedinas.com\/site\/wp-content\/uploads\/2025\/12\/TENIS1-1.jpg","contentUrl":"https:\/\/noticiasmercedinas.com\/site\/wp-content\/uploads\/2025\/12\/TENIS1-1.jpg","width":878,"height":491},{"@type":"BreadcrumbList","@id":"https:\/\/noticiasmercedinas.com\/site\/2025\/12\/20\/escuela-municipal-de-tenis-cerro-un-2025-historico-con-record-de-alumnos-y-torneos\/#breadcrumb","itemListElement":[{"@type":"ListItem","position":1,"name":"Portada","item":"https:\/\/noticiasmercedinas.com\/site\/"},{"@type":"ListItem","position":2,"name":"Escuela Municipal de Tenis cerr\u00f3 un 2025 hist\u00f3rico con r\u00e9cord de alumnos y torneos"}]},{"@type":"WebSite","@id":"https:\/\/noticiasmercedinas.com\/site\/#website","url":"https:\/\/noticiasmercedinas.com\/site\/","name":"NOTICIASMERCEDINAS.COM","description":"Mercedes, Buenos Aires, Argentina","publisher":{"@id":"https:\/\/noticiasmercedinas.com\/site\/#organization"},"potentialAction":[{"@type":"SearchAction","target":{"@type":"EntryPoint","urlTemplate":"https:\/\/noticiasmercedinas.com\/site\/?s={search_term_string}"},"query-input":{"@type":"PropertyValueSpecification","valueRequired":true,"valueName":"search_term_string"}}],"inLanguage":"es"},{"@type":"Organization","@id":"https:\/\/noticiasmercedinas.com\/site\/#organization","name":"NOTICIASMERCEDINAS.COM","url":"https:\/\/noticiasmercedinas.com\/site\/","logo":{"@type":"ImageObject","inLanguage":"es","@id":"https:\/\/noticiasmercedinas.com\/site\/#\/schema\/logo\/image\/","url":"https:\/\/noticiasmercedinas.com\/site\/wp-content\/uploads\/2020\/06\/LOGO-512.jpg","contentUrl":"https:\/\/noticiasmercedinas.com\/site\/wp-content\/uploads\/2020\/06\/LOGO-512.jpg","width":512,"height":512,"caption":"NOTICIASMERCEDINAS.COM"},"image":{"@id":"https:\/\/noticiasmercedinas.com\/site\/#\/schema\/logo\/image\/"},"sameAs":["https:\/\/www.facebook.com\/noticiasmercedinas\/","https:\/\/x.com\/notmercedinas","https:\/\/www.instagram.com\/noticiasmercedinas\/"]},{"@type":"Person","@id":"https:\/\/noticiasmercedinas.com\/site\/#\/schema\/person\/84b59c099c28ff2e8b77d4ceec5d8063","name":"NOTICIASMERCEDINAS.COM","image":{"@type":"ImageObject","inLanguage":"es","@id":"https:\/\/secure.gravatar.com\/avatar\/4dfbf16b4d17945bfb6341b2d19043457132fcf478a5ee04f42e959fd8f5df0a?s=96&d=mm&r=g","url":"https:\/\/secure.gravatar.com\/avatar\/4dfbf16b4d17945bfb6341b2d19043457132fcf478a5ee04f42e959fd8f5df0a?s=96&d=mm&r=g","contentUrl":"https:\/\/secure.gravatar.com\/avatar\/4dfbf16b4d17945bfb6341b2d19043457132fcf478a5ee04f42e959fd8f5df0a?s=96&d=mm&r=g","caption":"NOTICIASMERCEDINAS.COM"},"url":"https:\/\/noticiasmercedinas.com\/site\/author\/anonimo\/"}]}},"amp_enabled":true,"_links":{"self":[{"href":"https:\/\/noticiasmercedinas.com\/site\/wp-json\/wp\/v2\/posts\/177114","targetHints":{"allow":["GET"]}}],"collection":[{"href":"https:\/\/noticiasmercedinas.com\/site\/wp-json\/wp\/v2\/posts"}],"about":[{"href":"https:\/\/noticiasmercedinas.com\/site\/wp-json\/wp\/v2\/types\/post"}],"author":[{"embeddable":true,"href":"https:\/\/noticiasmercedinas.com\/site\/wp-json\/wp\/v2\/users\/16"}],"replies":[{"embeddable":true,"href":"https:\/\/noticiasmercedinas.com\/site\/wp-json\/wp\/v2\/comments?post=177114"}],"version-history":[{"count":1,"href":"https:\/\/noticiasmercedinas.com\/site\/wp-json\/wp\/v2\/posts\/177114\/revisions"}],"predecessor-version":[{"id":177118,"href":"https:\/\/noticiasmercedinas.com\/site\/wp-json\/wp\/v2\/posts\/177114\/revisions\/177118"}],"wp:featuredmedia":[{"embeddable":true,"href":"https:\/\/noticiasmercedinas.com\/site\/wp-json\/wp\/v2\/media\/177117"}],"wp:attachment":[{"href":"https:\/\/noticiasmercedinas.com\/site\/wp-json\/wp\/v2\/media?parent=177114"}],"wp:term":[{"taxonomy":"category","embeddable":true,"href":"https:\/\/noticiasmercedinas.com\/site\/wp-json\/wp\/v2\/categories?post=177114"},{"taxonomy":"post_tag","embeddable":true,"href":"https:\/\/noticiasmercedinas.com\/site\/wp-json\/wp\/v2\/tags?post=177114"}],"curies":[{"name":"wp","href":"https:\/\/api.w.org\/{rel}","templated":true}]}}