{"id":177169,"date":"2025-12-22T07:38:56","date_gmt":"2025-12-22T10:38:56","guid":{"rendered":"https:\/\/noticiasmercedinas.com\/site\/?p=177169"},"modified":"2025-12-22T07:40:37","modified_gmt":"2025-12-22T10:40:37","slug":"direccion-de-discapacidad-de-mercedes-insta-a-celebrar-con-mas-luces-y-menos-ruido","status":"publish","type":"post","link":"https:\/\/noticiasmercedinas.com\/site\/2025\/12\/22\/direccion-de-discapacidad-de-mercedes-insta-a-celebrar-con-mas-luces-y-menos-ruido\/","title":{"rendered":"Direcci\u00f3n de Discapacidad de Mercedes insta a celebrar con \u00abm\u00e1s luces y menos ruido\u00bb"},"content":{"rendered":"<p><img loading=\"lazy\" decoding=\"async\" class=\"alignnone size-full wp-image-177170\" src=\"https:\/\/noticiasmercedinas.com\/site\/wp-content\/uploads\/2025\/12\/pirotecnia25_Mesa-de-trabajo-1-2.jpg\" alt=\"\" width=\"2250\" height=\"2273\" srcset=\"https:\/\/noticiasmercedinas.com\/site\/wp-content\/uploads\/2025\/12\/pirotecnia25_Mesa-de-trabajo-1-2.jpg 2250w, https:\/\/noticiasmercedinas.com\/site\/wp-content\/uploads\/2025\/12\/pirotecnia25_Mesa-de-trabajo-1-2-297x300.jpg 297w, https:\/\/noticiasmercedinas.com\/site\/wp-content\/uploads\/2025\/12\/pirotecnia25_Mesa-de-trabajo-1-2-1014x1024.jpg 1014w, https:\/\/noticiasmercedinas.com\/site\/wp-content\/uploads\/2025\/12\/pirotecnia25_Mesa-de-trabajo-1-2-768x776.jpg 768w, https:\/\/noticiasmercedinas.com\/site\/wp-content\/uploads\/2025\/12\/pirotecnia25_Mesa-de-trabajo-1-2-1520x1536.jpg 1520w, https:\/\/noticiasmercedinas.com\/site\/wp-content\/uploads\/2025\/12\/pirotecnia25_Mesa-de-trabajo-1-2-2027x2048.jpg 2027w, https:\/\/noticiasmercedinas.com\/site\/wp-content\/uploads\/2025\/12\/pirotecnia25_Mesa-de-trabajo-1-2-640x647.jpg 640w, https:\/\/noticiasmercedinas.com\/site\/wp-content\/uploads\/2025\/12\/pirotecnia25_Mesa-de-trabajo-1-2-1280x1293.jpg 1280w, https:\/\/noticiasmercedinas.com\/site\/wp-content\/uploads\/2025\/12\/pirotecnia25_Mesa-de-trabajo-1-2-681x688.jpg 681w, https:\/\/noticiasmercedinas.com\/site\/wp-content\/uploads\/2025\/12\/pirotecnia25_Mesa-de-trabajo-1-2-1362x1376.jpg 1362w\" sizes=\"auto, (max-width: 2250px) 100vw, 2250px\" \/><\/p>\n<p>En v\u00edsperas de las festividades de Navidad y A\u00f1o Nuevo, la Municipalidad de Mercedes, a trav\u00e9s de su Direcci\u00f3n de Discapacidad, intensific\u00f3 las campa\u00f1as de concientizaci\u00f3n para erradicar el uso de pirotecnia de alto impacto sonoro.<\/p>\n<p>Bajo el lema \u201cM\u00e1s luces, menos ruido\u201d, la gesti\u00f3n local busca garantizar festejos inclusivos donde todas las familias puedan brindar sin que el estruendo signifique el sufrimiento de terceros.<\/p>\n<p>Tatiana L\u00f3pez, titular del \u00e1rea, enfatiz\u00f3 que no se trata de una medida arbitraria, sino de una pol\u00edtica p\u00fablica destinada a proteger el bienestar com\u00fan.<\/p>\n<p>\u201cQueremos una fiesta para todas y todos. Cuando brindamos a las doce, queremos estar todos juntos en familia y poder disfrutar\u201d, se\u00f1al\u00f3 la funcionaria al apelar al compromiso ciudadano.<\/p>\n<blockquote><p>La directora Tatiana L\u00f3pez apel\u00f3 a la empat\u00eda vecinal y record\u00f3 que la pirotecnia sonora est\u00e1 prohibida por ordenanza debido al grave impacto en la salud de personas con discapacidad, adultos mayores y veteranos.<\/p><\/blockquote>\n<p><strong>Un impacto que trasciende los ruidos<\/strong><br \/>\nLa funcionaria visibiliz\u00f3 que la sensibilidad auditiva extrema afecta a diversos sectores de la comunidad, quienes a menudo deben pasar las celebraciones en aislamiento o bajo situaciones de crisis:<\/p>\n<ul>\n<li>Personas con discapacidad: El impacto alcanza a un espectro amplio que incluye el autismo y la par\u00e1lisis cerebral; muchas de estas personas se ven obligadas a usar auriculares o permanecer encerradas.<\/li>\n<li>Veteranos de Guerra: Las explosiones act\u00faan como disparadores de traumas vinculados al combate.<\/li>\n<li>Salud Mental: Los ruidos inesperados provocan crisis en personas internadas o con cuadros de salud mental fr\u00e1gil.<\/li>\n<li>Adultos mayores y animales: Sectores que padecen altos niveles de estr\u00e9s y desorientaci\u00f3n por los estruendos.<\/li>\n<\/ul>\n<p><strong>Educaci\u00f3n y prevenci\u00f3n desde la infancia<\/strong><br \/>\nDesde la Direcci\u00f3n de Discapacidad, en conjunto con las \u00e1reas de Juventud y Salud Mental, se vienen realizando jornadas pedag\u00f3gicas con alumnos de nivel primario. El objetivo es explicar que la restricci\u00f3n de la pirotecnia sonora responde a una necesidad social y no a un \u00abcapricho\u00bb normativo, fomentando que los ni\u00f1os act\u00faen como agentes de cambio dentro de sus hogares.<\/p>\n<p>L\u00f3pez concluy\u00f3 reiterando la importancia de que los adultos den el ejemplo: \u201cDemos el ejemplo como padres y como familia a nuestros ni\u00f1os para que todos podamos celebrar y encontrarnos sin que nadie est\u00e9 sufriendo\u201d.<\/p>\n","protected":false},"excerpt":{"rendered":"<p>En v\u00edsperas de las festividades de Navidad y A\u00f1o Nuevo, la Municipalidad de Mercedes, a trav\u00e9s de su Direcci\u00f3n de Discapacidad, intensific\u00f3 las campa\u00f1as de concientizaci\u00f3n para erradicar el uso de pirotecnia de alto impacto sonoro. Bajo el lema \u201cM\u00e1s luces, menos ruido\u201d, la gesti\u00f3n local busca garantizar festejos inclusivos donde todas las familias puedan [&hellip;]<\/p>\n","protected":false},"author":16,"featured_media":177170,"comment_status":"closed","ping_status":"closed","sticky":false,"template":"","format":"standard","meta":{"footnotes":""},"categories":[8992],"tags":[68,2961,69],"class_list":["post-177169","post","type-post","status-publish","format-standard","has-post-thumbnail","hentry","category-bienestar","tag-discapacidad","tag-pirotecnia","tag-tatiana-lopez"],"yoast_head":"<!-- This site is optimized with the Yoast SEO plugin v27.4 - https:\/\/yoast.com\/product\/yoast-seo-wordpress\/ -->\n<title>Direcci\u00f3n de Discapacidad de Mercedes insta a celebrar con &quot;m\u00e1s luces y menos ruido&quot;<\/title>\n<meta name=\"description\" content=\"La directora Tatiana L\u00f3pez apel\u00f3 a la empat\u00eda vecinal y record\u00f3 que la pirotecnia sonora est\u00e1 prohibida por ordenanza debido al grave impacto en la salud de personas con discapacidad, adultos mayores y veteranos.\" \/>\n<meta name=\"robots\" content=\"index, follow, max-snippet:-1, max-image-preview:large, max-video-preview:-1\" \/>\n<link rel=\"canonical\" href=\"https:\/\/noticiasmercedinas.com\/site\/2025\/12\/22\/direccion-de-discapacidad-de-mercedes-insta-a-celebrar-con-mas-luces-y-menos-ruido\/\" \/>\n<meta property=\"og:locale\" content=\"es_ES\" \/>\n<meta property=\"og:type\" content=\"article\" \/>\n<meta property=\"og:title\" content=\"Direcci\u00f3n de Discapacidad de Mercedes insta a celebrar con &quot;m\u00e1s luces y menos ruido&quot;\" \/>\n<meta property=\"og:description\" content=\"La directora Tatiana L\u00f3pez apel\u00f3 a la empat\u00eda vecinal y record\u00f3 que la pirotecnia sonora est\u00e1 prohibida por ordenanza debido al grave impacto en la salud de personas con discapacidad, adultos mayores y veteranos.\" \/>\n<meta property=\"og:url\" content=\"https:\/\/noticiasmercedinas.com\/site\/2025\/12\/22\/direccion-de-discapacidad-de-mercedes-insta-a-celebrar-con-mas-luces-y-menos-ruido\/\" \/>\n<meta property=\"og:site_name\" content=\"NOTICIASMERCEDINAS.COM\" \/>\n<meta property=\"article:publisher\" content=\"https:\/\/www.facebook.com\/noticiasmercedinas\/\" \/>\n<meta property=\"article:published_time\" content=\"2025-12-22T10:38:56+00:00\" \/>\n<meta property=\"article:modified_time\" content=\"2025-12-22T10:40:37+00:00\" \/>\n<meta property=\"og:image\" content=\"https:\/\/noticiasmercedinas.com\/site\/wp-content\/uploads\/2025\/12\/pirotecnia25_Mesa-de-trabajo-1-2.jpg\" \/>\n\t<meta property=\"og:image:width\" content=\"2250\" \/>\n\t<meta property=\"og:image:height\" content=\"2273\" \/>\n\t<meta property=\"og:image:type\" content=\"image\/jpeg\" \/>\n<meta name=\"author\" content=\"NOTICIASMERCEDINAS.COM\" \/>\n<meta name=\"twitter:card\" content=\"summary_large_image\" \/>\n<meta name=\"twitter:creator\" content=\"@notmercedinas\" \/>\n<meta name=\"twitter:site\" content=\"@notmercedinas\" \/>\n<meta name=\"twitter:label1\" content=\"Escrito por\" \/>\n\t<meta name=\"twitter:data1\" content=\"NOTICIASMERCEDINAS.COM\" \/>\n\t<meta name=\"twitter:label2\" content=\"Tiempo de lectura\" \/>\n\t<meta name=\"twitter:data2\" content=\"2 minutos\" \/>\n<script type=\"application\/ld+json\" class=\"yoast-schema-graph\">{\"@context\":\"https:\\\/\\\/schema.org\",\"@graph\":[{\"@type\":\"Article\",\"@id\":\"https:\\\/\\\/noticiasmercedinas.com\\\/site\\\/2025\\\/12\\\/22\\\/direccion-de-discapacidad-de-mercedes-insta-a-celebrar-con-mas-luces-y-menos-ruido\\\/#article\",\"isPartOf\":{\"@id\":\"https:\\\/\\\/noticiasmercedinas.com\\\/site\\\/2025\\\/12\\\/22\\\/direccion-de-discapacidad-de-mercedes-insta-a-celebrar-con-mas-luces-y-menos-ruido\\\/\"},\"author\":{\"name\":\"NOTICIASMERCEDINAS.COM\",\"@id\":\"https:\\\/\\\/noticiasmercedinas.com\\\/site\\\/#\\\/schema\\\/person\\\/84b59c099c28ff2e8b77d4ceec5d8063\"},\"headline\":\"Direcci\u00f3n de Discapacidad de Mercedes insta a celebrar con \u00abm\u00e1s luces y menos ruido\u00bb\",\"datePublished\":\"2025-12-22T10:38:56+00:00\",\"dateModified\":\"2025-12-22T10:40:37+00:00\",\"mainEntityOfPage\":{\"@id\":\"https:\\\/\\\/noticiasmercedinas.com\\\/site\\\/2025\\\/12\\\/22\\\/direccion-de-discapacidad-de-mercedes-insta-a-celebrar-con-mas-luces-y-menos-ruido\\\/\"},\"wordCount\":411,\"publisher\":{\"@id\":\"https:\\\/\\\/noticiasmercedinas.com\\\/site\\\/#organization\"},\"image\":{\"@id\":\"https:\\\/\\\/noticiasmercedinas.com\\\/site\\\/2025\\\/12\\\/22\\\/direccion-de-discapacidad-de-mercedes-insta-a-celebrar-con-mas-luces-y-menos-ruido\\\/#primaryimage\"},\"thumbnailUrl\":\"https:\\\/\\\/noticiasmercedinas.com\\\/site\\\/wp-content\\\/uploads\\\/2025\\\/12\\\/pirotecnia25_Mesa-de-trabajo-1-2.jpg\",\"keywords\":[\"discapacidad\",\"pirotecnia\",\"tatiana lopez\"],\"articleSection\":[\"Bienestar\"],\"inLanguage\":\"es\"},{\"@type\":\"WebPage\",\"@id\":\"https:\\\/\\\/noticiasmercedinas.com\\\/site\\\/2025\\\/12\\\/22\\\/direccion-de-discapacidad-de-mercedes-insta-a-celebrar-con-mas-luces-y-menos-ruido\\\/\",\"url\":\"https:\\\/\\\/noticiasmercedinas.com\\\/site\\\/2025\\\/12\\\/22\\\/direccion-de-discapacidad-de-mercedes-insta-a-celebrar-con-mas-luces-y-menos-ruido\\\/\",\"name\":\"Direcci\u00f3n de Discapacidad de Mercedes insta a celebrar con \\\"m\u00e1s luces y menos ruido\\\"\",\"isPartOf\":{\"@id\":\"https:\\\/\\\/noticiasmercedinas.com\\\/site\\\/#website\"},\"primaryImageOfPage\":{\"@id\":\"https:\\\/\\\/noticiasmercedinas.com\\\/site\\\/2025\\\/12\\\/22\\\/direccion-de-discapacidad-de-mercedes-insta-a-celebrar-con-mas-luces-y-menos-ruido\\\/#primaryimage\"},\"image\":{\"@id\":\"https:\\\/\\\/noticiasmercedinas.com\\\/site\\\/2025\\\/12\\\/22\\\/direccion-de-discapacidad-de-mercedes-insta-a-celebrar-con-mas-luces-y-menos-ruido\\\/#primaryimage\"},\"thumbnailUrl\":\"https:\\\/\\\/noticiasmercedinas.com\\\/site\\\/wp-content\\\/uploads\\\/2025\\\/12\\\/pirotecnia25_Mesa-de-trabajo-1-2.jpg\",\"datePublished\":\"2025-12-22T10:38:56+00:00\",\"dateModified\":\"2025-12-22T10:40:37+00:00\",\"description\":\"La directora Tatiana L\u00f3pez apel\u00f3 a la empat\u00eda vecinal y record\u00f3 que la pirotecnia sonora est\u00e1 prohibida por ordenanza debido al grave impacto en la salud de personas con discapacidad, adultos mayores y veteranos.\",\"breadcrumb\":{\"@id\":\"https:\\\/\\\/noticiasmercedinas.com\\\/site\\\/2025\\\/12\\\/22\\\/direccion-de-discapacidad-de-mercedes-insta-a-celebrar-con-mas-luces-y-menos-ruido\\\/#breadcrumb\"},\"inLanguage\":\"es\",\"potentialAction\":[{\"@type\":\"ReadAction\",\"target\":[\"https:\\\/\\\/noticiasmercedinas.com\\\/site\\\/2025\\\/12\\\/22\\\/direccion-de-discapacidad-de-mercedes-insta-a-celebrar-con-mas-luces-y-menos-ruido\\\/\"]}]},{\"@type\":\"ImageObject\",\"inLanguage\":\"es\",\"@id\":\"https:\\\/\\\/noticiasmercedinas.com\\\/site\\\/2025\\\/12\\\/22\\\/direccion-de-discapacidad-de-mercedes-insta-a-celebrar-con-mas-luces-y-menos-ruido\\\/#primaryimage\",\"url\":\"https:\\\/\\\/noticiasmercedinas.com\\\/site\\\/wp-content\\\/uploads\\\/2025\\\/12\\\/pirotecnia25_Mesa-de-trabajo-1-2.jpg\",\"contentUrl\":\"https:\\\/\\\/noticiasmercedinas.com\\\/site\\\/wp-content\\\/uploads\\\/2025\\\/12\\\/pirotecnia25_Mesa-de-trabajo-1-2.jpg\",\"width\":2250,\"height\":2273},{\"@type\":\"BreadcrumbList\",\"@id\":\"https:\\\/\\\/noticiasmercedinas.com\\\/site\\\/2025\\\/12\\\/22\\\/direccion-de-discapacidad-de-mercedes-insta-a-celebrar-con-mas-luces-y-menos-ruido\\\/#breadcrumb\",\"itemListElement\":[{\"@type\":\"ListItem\",\"position\":1,\"name\":\"Portada\",\"item\":\"https:\\\/\\\/noticiasmercedinas.com\\\/site\\\/\"},{\"@type\":\"ListItem\",\"position\":2,\"name\":\"Direcci\u00f3n de Discapacidad de Mercedes insta a celebrar con \u00abm\u00e1s luces y menos ruido\u00bb\"}]},{\"@type\":\"WebSite\",\"@id\":\"https:\\\/\\\/noticiasmercedinas.com\\\/site\\\/#website\",\"url\":\"https:\\\/\\\/noticiasmercedinas.com\\\/site\\\/\",\"name\":\"NOTICIASMERCEDINAS.COM\",\"description\":\"Mercedes, Buenos Aires, Argentina\",\"publisher\":{\"@id\":\"https:\\\/\\\/noticiasmercedinas.com\\\/site\\\/#organization\"},\"potentialAction\":[{\"@type\":\"SearchAction\",\"target\":{\"@type\":\"EntryPoint\",\"urlTemplate\":\"https:\\\/\\\/noticiasmercedinas.com\\\/site\\\/?s={search_term_string}\"},\"query-input\":{\"@type\":\"PropertyValueSpecification\",\"valueRequired\":true,\"valueName\":\"search_term_string\"}}],\"inLanguage\":\"es\"},{\"@type\":\"Organization\",\"@id\":\"https:\\\/\\\/noticiasmercedinas.com\\\/site\\\/#organization\",\"name\":\"NOTICIASMERCEDINAS.COM\",\"url\":\"https:\\\/\\\/noticiasmercedinas.com\\\/site\\\/\",\"logo\":{\"@type\":\"ImageObject\",\"inLanguage\":\"es\",\"@id\":\"https:\\\/\\\/noticiasmercedinas.com\\\/site\\\/#\\\/schema\\\/logo\\\/image\\\/\",\"url\":\"https:\\\/\\\/noticiasmercedinas.com\\\/site\\\/wp-content\\\/uploads\\\/2020\\\/06\\\/LOGO-512.jpg\",\"contentUrl\":\"https:\\\/\\\/noticiasmercedinas.com\\\/site\\\/wp-content\\\/uploads\\\/2020\\\/06\\\/LOGO-512.jpg\",\"width\":512,\"height\":512,\"caption\":\"NOTICIASMERCEDINAS.COM\"},\"image\":{\"@id\":\"https:\\\/\\\/noticiasmercedinas.com\\\/site\\\/#\\\/schema\\\/logo\\\/image\\\/\"},\"sameAs\":[\"https:\\\/\\\/www.facebook.com\\\/noticiasmercedinas\\\/\",\"https:\\\/\\\/x.com\\\/notmercedinas\",\"https:\\\/\\\/www.instagram.com\\\/noticiasmercedinas\\\/\"]},{\"@type\":\"Person\",\"@id\":\"https:\\\/\\\/noticiasmercedinas.com\\\/site\\\/#\\\/schema\\\/person\\\/84b59c099c28ff2e8b77d4ceec5d8063\",\"name\":\"NOTICIASMERCEDINAS.COM\",\"image\":{\"@type\":\"ImageObject\",\"inLanguage\":\"es\",\"@id\":\"https:\\\/\\\/secure.gravatar.com\\\/avatar\\\/4dfbf16b4d17945bfb6341b2d19043457132fcf478a5ee04f42e959fd8f5df0a?s=96&d=mm&r=g\",\"url\":\"https:\\\/\\\/secure.gravatar.com\\\/avatar\\\/4dfbf16b4d17945bfb6341b2d19043457132fcf478a5ee04f42e959fd8f5df0a?s=96&d=mm&r=g\",\"contentUrl\":\"https:\\\/\\\/secure.gravatar.com\\\/avatar\\\/4dfbf16b4d17945bfb6341b2d19043457132fcf478a5ee04f42e959fd8f5df0a?s=96&d=mm&r=g\",\"caption\":\"NOTICIASMERCEDINAS.COM\"},\"url\":\"https:\\\/\\\/noticiasmercedinas.com\\\/site\\\/author\\\/anonimo\\\/\"}]}<\/script>\n<!-- \/ Yoast SEO plugin. -->","yoast_head_json":{"title":"Direcci\u00f3n de Discapacidad de Mercedes insta a celebrar con \"m\u00e1s luces y menos ruido\"","description":"La directora Tatiana L\u00f3pez apel\u00f3 a la empat\u00eda vecinal y record\u00f3 que la pirotecnia sonora est\u00e1 prohibida por ordenanza debido al grave impacto en la salud de personas con discapacidad, adultos mayores y veteranos.","robots":{"index":"index","follow":"follow","max-snippet":"max-snippet:-1","max-image-preview":"max-image-preview:large","max-video-preview":"max-video-preview:-1"},"canonical":"https:\/\/noticiasmercedinas.com\/site\/2025\/12\/22\/direccion-de-discapacidad-de-mercedes-insta-a-celebrar-con-mas-luces-y-menos-ruido\/","og_locale":"es_ES","og_type":"article","og_title":"Direcci\u00f3n de Discapacidad de Mercedes insta a celebrar con \"m\u00e1s luces y menos ruido\"","og_description":"La directora Tatiana L\u00f3pez apel\u00f3 a la empat\u00eda vecinal y record\u00f3 que la pirotecnia sonora est\u00e1 prohibida por ordenanza debido al grave impacto en la salud de personas con discapacidad, adultos mayores y veteranos.","og_url":"https:\/\/noticiasmercedinas.com\/site\/2025\/12\/22\/direccion-de-discapacidad-de-mercedes-insta-a-celebrar-con-mas-luces-y-menos-ruido\/","og_site_name":"NOTICIASMERCEDINAS.COM","article_publisher":"https:\/\/www.facebook.com\/noticiasmercedinas\/","article_published_time":"2025-12-22T10:38:56+00:00","article_modified_time":"2025-12-22T10:40:37+00:00","og_image":[{"width":2250,"height":2273,"url":"https:\/\/noticiasmercedinas.com\/site\/wp-content\/uploads\/2025\/12\/pirotecnia25_Mesa-de-trabajo-1-2.jpg","type":"image\/jpeg"}],"author":"NOTICIASMERCEDINAS.COM","twitter_card":"summary_large_image","twitter_creator":"@notmercedinas","twitter_site":"@notmercedinas","twitter_misc":{"Escrito por":"NOTICIASMERCEDINAS.COM","Tiempo de lectura":"2 minutos"},"schema":{"@context":"https:\/\/schema.org","@graph":[{"@type":"Article","@id":"https:\/\/noticiasmercedinas.com\/site\/2025\/12\/22\/direccion-de-discapacidad-de-mercedes-insta-a-celebrar-con-mas-luces-y-menos-ruido\/#article","isPartOf":{"@id":"https:\/\/noticiasmercedinas.com\/site\/2025\/12\/22\/direccion-de-discapacidad-de-mercedes-insta-a-celebrar-con-mas-luces-y-menos-ruido\/"},"author":{"name":"NOTICIASMERCEDINAS.COM","@id":"https:\/\/noticiasmercedinas.com\/site\/#\/schema\/person\/84b59c099c28ff2e8b77d4ceec5d8063"},"headline":"Direcci\u00f3n de Discapacidad de Mercedes insta a celebrar con \u00abm\u00e1s luces y menos ruido\u00bb","datePublished":"2025-12-22T10:38:56+00:00","dateModified":"2025-12-22T10:40:37+00:00","mainEntityOfPage":{"@id":"https:\/\/noticiasmercedinas.com\/site\/2025\/12\/22\/direccion-de-discapacidad-de-mercedes-insta-a-celebrar-con-mas-luces-y-menos-ruido\/"},"wordCount":411,"publisher":{"@id":"https:\/\/noticiasmercedinas.com\/site\/#organization"},"image":{"@id":"https:\/\/noticiasmercedinas.com\/site\/2025\/12\/22\/direccion-de-discapacidad-de-mercedes-insta-a-celebrar-con-mas-luces-y-menos-ruido\/#primaryimage"},"thumbnailUrl":"https:\/\/noticiasmercedinas.com\/site\/wp-content\/uploads\/2025\/12\/pirotecnia25_Mesa-de-trabajo-1-2.jpg","keywords":["discapacidad","pirotecnia","tatiana lopez"],"articleSection":["Bienestar"],"inLanguage":"es"},{"@type":"WebPage","@id":"https:\/\/noticiasmercedinas.com\/site\/2025\/12\/22\/direccion-de-discapacidad-de-mercedes-insta-a-celebrar-con-mas-luces-y-menos-ruido\/","url":"https:\/\/noticiasmercedinas.com\/site\/2025\/12\/22\/direccion-de-discapacidad-de-mercedes-insta-a-celebrar-con-mas-luces-y-menos-ruido\/","name":"Direcci\u00f3n de Discapacidad de Mercedes insta a celebrar con \"m\u00e1s luces y menos ruido\"","isPartOf":{"@id":"https:\/\/noticiasmercedinas.com\/site\/#website"},"primaryImageOfPage":{"@id":"https:\/\/noticiasmercedinas.com\/site\/2025\/12\/22\/direccion-de-discapacidad-de-mercedes-insta-a-celebrar-con-mas-luces-y-menos-ruido\/#primaryimage"},"image":{"@id":"https:\/\/noticiasmercedinas.com\/site\/2025\/12\/22\/direccion-de-discapacidad-de-mercedes-insta-a-celebrar-con-mas-luces-y-menos-ruido\/#primaryimage"},"thumbnailUrl":"https:\/\/noticiasmercedinas.com\/site\/wp-content\/uploads\/2025\/12\/pirotecnia25_Mesa-de-trabajo-1-2.jpg","datePublished":"2025-12-22T10:38:56+00:00","dateModified":"2025-12-22T10:40:37+00:00","description":"La directora Tatiana L\u00f3pez apel\u00f3 a la empat\u00eda vecinal y record\u00f3 que la pirotecnia sonora est\u00e1 prohibida por ordenanza debido al grave impacto en la salud de personas con discapacidad, adultos mayores y veteranos.","breadcrumb":{"@id":"https:\/\/noticiasmercedinas.com\/site\/2025\/12\/22\/direccion-de-discapacidad-de-mercedes-insta-a-celebrar-con-mas-luces-y-menos-ruido\/#breadcrumb"},"inLanguage":"es","potentialAction":[{"@type":"ReadAction","target":["https:\/\/noticiasmercedinas.com\/site\/2025\/12\/22\/direccion-de-discapacidad-de-mercedes-insta-a-celebrar-con-mas-luces-y-menos-ruido\/"]}]},{"@type":"ImageObject","inLanguage":"es","@id":"https:\/\/noticiasmercedinas.com\/site\/2025\/12\/22\/direccion-de-discapacidad-de-mercedes-insta-a-celebrar-con-mas-luces-y-menos-ruido\/#primaryimage","url":"https:\/\/noticiasmercedinas.com\/site\/wp-content\/uploads\/2025\/12\/pirotecnia25_Mesa-de-trabajo-1-2.jpg","contentUrl":"https:\/\/noticiasmercedinas.com\/site\/wp-content\/uploads\/2025\/12\/pirotecnia25_Mesa-de-trabajo-1-2.jpg","width":2250,"height":2273},{"@type":"BreadcrumbList","@id":"https:\/\/noticiasmercedinas.com\/site\/2025\/12\/22\/direccion-de-discapacidad-de-mercedes-insta-a-celebrar-con-mas-luces-y-menos-ruido\/#breadcrumb","itemListElement":[{"@type":"ListItem","position":1,"name":"Portada","item":"https:\/\/noticiasmercedinas.com\/site\/"},{"@type":"ListItem","position":2,"name":"Direcci\u00f3n de Discapacidad de Mercedes insta a celebrar con \u00abm\u00e1s luces y menos ruido\u00bb"}]},{"@type":"WebSite","@id":"https:\/\/noticiasmercedinas.com\/site\/#website","url":"https:\/\/noticiasmercedinas.com\/site\/","name":"NOTICIASMERCEDINAS.COM","description":"Mercedes, Buenos Aires, Argentina","publisher":{"@id":"https:\/\/noticiasmercedinas.com\/site\/#organization"},"potentialAction":[{"@type":"SearchAction","target":{"@type":"EntryPoint","urlTemplate":"https:\/\/noticiasmercedinas.com\/site\/?s={search_term_string}"},"query-input":{"@type":"PropertyValueSpecification","valueRequired":true,"valueName":"search_term_string"}}],"inLanguage":"es"},{"@type":"Organization","@id":"https:\/\/noticiasmercedinas.com\/site\/#organization","name":"NOTICIASMERCEDINAS.COM","url":"https:\/\/noticiasmercedinas.com\/site\/","logo":{"@type":"ImageObject","inLanguage":"es","@id":"https:\/\/noticiasmercedinas.com\/site\/#\/schema\/logo\/image\/","url":"https:\/\/noticiasmercedinas.com\/site\/wp-content\/uploads\/2020\/06\/LOGO-512.jpg","contentUrl":"https:\/\/noticiasmercedinas.com\/site\/wp-content\/uploads\/2020\/06\/LOGO-512.jpg","width":512,"height":512,"caption":"NOTICIASMERCEDINAS.COM"},"image":{"@id":"https:\/\/noticiasmercedinas.com\/site\/#\/schema\/logo\/image\/"},"sameAs":["https:\/\/www.facebook.com\/noticiasmercedinas\/","https:\/\/x.com\/notmercedinas","https:\/\/www.instagram.com\/noticiasmercedinas\/"]},{"@type":"Person","@id":"https:\/\/noticiasmercedinas.com\/site\/#\/schema\/person\/84b59c099c28ff2e8b77d4ceec5d8063","name":"NOTICIASMERCEDINAS.COM","image":{"@type":"ImageObject","inLanguage":"es","@id":"https:\/\/secure.gravatar.com\/avatar\/4dfbf16b4d17945bfb6341b2d19043457132fcf478a5ee04f42e959fd8f5df0a?s=96&d=mm&r=g","url":"https:\/\/secure.gravatar.com\/avatar\/4dfbf16b4d17945bfb6341b2d19043457132fcf478a5ee04f42e959fd8f5df0a?s=96&d=mm&r=g","contentUrl":"https:\/\/secure.gravatar.com\/avatar\/4dfbf16b4d17945bfb6341b2d19043457132fcf478a5ee04f42e959fd8f5df0a?s=96&d=mm&r=g","caption":"NOTICIASMERCEDINAS.COM"},"url":"https:\/\/noticiasmercedinas.com\/site\/author\/anonimo\/"}]}},"amp_enabled":true,"_links":{"self":[{"href":"https:\/\/noticiasmercedinas.com\/site\/wp-json\/wp\/v2\/posts\/177169","targetHints":{"allow":["GET"]}}],"collection":[{"href":"https:\/\/noticiasmercedinas.com\/site\/wp-json\/wp\/v2\/posts"}],"about":[{"href":"https:\/\/noticiasmercedinas.com\/site\/wp-json\/wp\/v2\/types\/post"}],"author":[{"embeddable":true,"href":"https:\/\/noticiasmercedinas.com\/site\/wp-json\/wp\/v2\/users\/16"}],"replies":[{"embeddable":true,"href":"https:\/\/noticiasmercedinas.com\/site\/wp-json\/wp\/v2\/comments?post=177169"}],"version-history":[{"count":3,"href":"https:\/\/noticiasmercedinas.com\/site\/wp-json\/wp\/v2\/posts\/177169\/revisions"}],"predecessor-version":[{"id":177173,"href":"https:\/\/noticiasmercedinas.com\/site\/wp-json\/wp\/v2\/posts\/177169\/revisions\/177173"}],"wp:featuredmedia":[{"embeddable":true,"href":"https:\/\/noticiasmercedinas.com\/site\/wp-json\/wp\/v2\/media\/177170"}],"wp:attachment":[{"href":"https:\/\/noticiasmercedinas.com\/site\/wp-json\/wp\/v2\/media?parent=177169"}],"wp:term":[{"taxonomy":"category","embeddable":true,"href":"https:\/\/noticiasmercedinas.com\/site\/wp-json\/wp\/v2\/categories?post=177169"},{"taxonomy":"post_tag","embeddable":true,"href":"https:\/\/noticiasmercedinas.com\/site\/wp-json\/wp\/v2\/tags?post=177169"}],"curies":[{"name":"wp","href":"https:\/\/api.w.org\/{rel}","templated":true}]}}