{"id":177183,"date":"2025-12-22T09:05:16","date_gmt":"2025-12-22T12:05:16","guid":{"rendered":"https:\/\/noticiasmercedinas.com\/site\/?p=177183"},"modified":"2025-12-22T09:07:15","modified_gmt":"2025-12-22T12:07:15","slug":"bocha-blandini-a-los-93-anos-la-acuarela-es-un-sueno-que-se-plasma-con-la-paz-de-toda-una-vida","status":"publish","type":"post","link":"https:\/\/noticiasmercedinas.com\/site\/2025\/12\/22\/bocha-blandini-a-los-93-anos-la-acuarela-es-un-sueno-que-se-plasma-con-la-paz-de-toda-una-vida\/","title":{"rendered":"Bocha Blandini: A los 93 a\u00f1os, la acuarela es un sue\u00f1o que se plasma con la paz de toda una vida"},"content":{"rendered":"<p data-path-to-node=\"4\"><img loading=\"lazy\" decoding=\"async\" class=\"alignnone size-full wp-image-177184\" src=\"https:\/\/noticiasmercedinas.com\/site\/wp-content\/uploads\/2025\/12\/bocha4.jpg\" alt=\"\" width=\"640\" height=\"315\" srcset=\"https:\/\/noticiasmercedinas.com\/site\/wp-content\/uploads\/2025\/12\/bocha4.jpg 640w, https:\/\/noticiasmercedinas.com\/site\/wp-content\/uploads\/2025\/12\/bocha4-300x148.jpg 300w\" sizes=\"auto, (max-width: 640px) 100vw, 640px\" \/><\/p>\n<p data-path-to-node=\"4\"><b>Una mujer que est\u00e1 pronta a llegar al siglo de vida tiene mucho para decir, y adem\u00e1s de hacerlo con su arte, el que en esta ocasi\u00f3n asoma como espejos on\u00edricos de paisajes en tonos caf\u00e9 al agua, tambi\u00e9n transmite su sabidur\u00eda, experiencia y soplo de vida con palabras que llaman a amarla a cualquiera. \u00abEs tan hermosa Bocha, todo el mundo la ama\u00bb, trasluce sobre ella su maestro de acuarela, Juan Ferrandis.<\/b><\/p>\n<p data-path-to-node=\"4\">Hay presencias que iluminan los espacios culturales por su sola trayectoria, pero la de <b data-path-to-node=\"4\" data-index-in-node=\"100\">Bocha Blandini<\/b> lo hace, adem\u00e1s, por su asombrosa vigencia creativa. A sus <b data-path-to-node=\"4\" data-index-in-node=\"174\">93 a\u00f1os<\/b>, la artista particip\u00f3 este domingo de la inauguraci\u00f3n de la muestra anual del taller de acuarelas coordinado por <b data-path-to-node=\"4\" data-index-in-node=\"295\">Ferrandis<\/b> en el centro cultural <b data-path-to-node=\"4\" data-index-in-node=\"332\">El Limonero<\/b>. All\u00ed, present\u00f3 su obra titulada <b data-path-to-node=\"4\" data-index-in-node=\"377\">\u00abEn mi sue\u00f1o\u00bb<\/b>, una pieza que naci\u00f3 de visiones nocturnas y se materializ\u00f3 en el papel con la serenidad que solo dan los a\u00f1os.<\/p>\n<p data-path-to-node=\"4\"><img loading=\"lazy\" decoding=\"async\" class=\"alignnone size-full wp-image-177185\" src=\"https:\/\/noticiasmercedinas.com\/site\/wp-content\/uploads\/2025\/12\/bocha51.jpg\" alt=\"\" width=\"640\" height=\"360\" srcset=\"https:\/\/noticiasmercedinas.com\/site\/wp-content\/uploads\/2025\/12\/bocha51.jpg 640w, https:\/\/noticiasmercedinas.com\/site\/wp-content\/uploads\/2025\/12\/bocha51-300x169.jpg 300w\" sizes=\"auto, (max-width: 640px) 100vw, 640px\" \/><\/p>\n<p data-path-to-node=\"5\">Nacida en <b data-path-to-node=\"5\" data-index-in-node=\"10\">1932<\/b>, Bocha ha atravesado casi un siglo de historia: desde las noticias de la segunda guerra que escuchaba junto a su padre, hasta ver en directo por televisi\u00f3n la llegada del hombre a la Luna en 1969. Hoy, sigue mirando al futuro con una curiosidad intacta.<\/p>\n<blockquote>\n<p data-path-to-node=\"5\">\u00abMe encantar\u00eda poder ver una llegada a Marte en directo, tal como vi lo de la Luna\u00bb<\/p>\n<\/blockquote>\n<h3 data-path-to-node=\"6\">El arte como refugio<\/h3>\n<p data-path-to-node=\"7\">Para Blandini, el arte es una constante que ha mutado de t\u00e9cnica: tras a\u00f1os de \u00f3leo en la Escuela de Arte, hace tres a\u00f1os se volc\u00f3 a la acuarela. En este proceso, destaca la figura de su profesor, Juan Ferrandis, con quien mantiene un v\u00ednculo especial y circular: <b data-path-to-node=\"7\" data-index-in-node=\"264\">el hoy maestro fue alumno de Bocha en primer grado.<\/b><\/p>\n<p data-path-to-node=\"8\">Sobre la labor de Ferrandis, la artista es elocuente: \u00abJuan es una persona muy, muy especial. Es un encanto porque te busca, te escarba, busca qu\u00e9 es lo mejor que pod\u00e9s dar. Te indica con una precisi\u00f3n exquisita hasta que salen estas cosas que son so\u00f1adas y reproducidas\u00bb, explica sobre el m\u00e9todo de ense\u00f1anza de quien fuera su peque\u00f1o alumno d\u00e9cadas atr\u00e1s.<\/p>\n<p data-path-to-node=\"10\"><b data-path-to-node=\"10\" data-index-in-node=\"0\">\u2014 Su obra se titula \u00abEn mi sue\u00f1o\u00bb. \u00bfSe sue\u00f1a con m\u00e1s calidad a los 93 que a los 20 a\u00f1os?<\/b><\/p>\n<p data-path-to-node=\"10\">\u2014 Yo creo que a los 93. Se ven de otra manera, con m\u00e1s tranquilidad, con m\u00e1s paz y con m\u00e1s encanto por todo lo que ocurre alrededor. Estas casas que pint\u00e9 se me aparecieron en sue\u00f1os; primero las tuve claras en la mente y luego las llev\u00e9 al papel.<\/p>\n<p data-path-to-node=\"11\"><b data-path-to-node=\"11\" data-index-in-node=\"0\">\u2014 Usted vio al hombre llegar a la Luna en directo. \u00bfC\u00f3mo imagina el futuro de la humanidad?<\/b><\/p>\n<p data-path-to-node=\"11\">\u2014 Recuerdo que cuando llegaron a la Luna parec\u00eda algo imposible, pero fue. Ahora que dicen que el hombre debe seguir sus d\u00edas en Marte, ya que este planeta tendr\u00eda sus d\u00edas contados, me encantar\u00eda poder ver una llegada a Marte en directo, tal como vi lo de la Luna. No s\u00e9 si me va a dar el tiempo a m\u00ed de estar presente, pero yo creo que s\u00ed ser\u00e1 posible en estos a\u00f1os.<\/p>\n<p data-path-to-node=\"11\"><img loading=\"lazy\" decoding=\"async\" class=\"alignnone size-full wp-image-177186\" src=\"https:\/\/noticiasmercedinas.com\/site\/wp-content\/uploads\/2025\/12\/bocha45.jpg\" alt=\"\" width=\"640\" height=\"1053\" srcset=\"https:\/\/noticiasmercedinas.com\/site\/wp-content\/uploads\/2025\/12\/bocha45.jpg 640w, https:\/\/noticiasmercedinas.com\/site\/wp-content\/uploads\/2025\/12\/bocha45-182x300.jpg 182w, https:\/\/noticiasmercedinas.com\/site\/wp-content\/uploads\/2025\/12\/bocha45-622x1024.jpg 622w\" sizes=\"auto, (max-width: 640px) 100vw, 640px\" \/><\/p>\n<h3 data-path-to-node=\"12\">Una Navidad en familia<\/h3>\n<p data-path-to-node=\"13\">A solo tres d\u00edas de la Navidad, Bocha se prepara para los festejos rodeada de su \u00abfamili\u00f3n\u00bb, compuesto por <b data-path-to-node=\"13\" data-index-in-node=\"107\">tres hijas, seis nietos y tres bisnietos<\/b>.<\/p>\n<p data-path-to-node=\"13\">\u00abEst\u00e1n encantados con la abuela artista. Me quieren mucho, gracias a Dios\u00bb, concluye con la humildad de quien ha ense\u00f1ado a generaciones y hoy se permite seguir descubriendo el mundo a trav\u00e9s del pincel.<\/p>\n<p data-path-to-node=\"14\">La muestra en El Limonero no es solo una exhibici\u00f3n de cuadros; es el testimonio vivo de que la curiosidad y la capacidad de proyectar hacia el espacio exterior no tienen fecha de vencimiento. En calle 27 y 34, \u00abEl Limonero\u00bb, por varios d\u00edas m\u00e1s, de tarde.<\/p>\n<p data-path-to-node=\"14\"><img loading=\"lazy\" decoding=\"async\" class=\"alignnone size-full wp-image-177187\" src=\"https:\/\/noticiasmercedinas.com\/site\/wp-content\/uploads\/2025\/12\/bocha47.jpg\" alt=\"\" width=\"640\" height=\"959\" srcset=\"https:\/\/noticiasmercedinas.com\/site\/wp-content\/uploads\/2025\/12\/bocha47.jpg 640w, https:\/\/noticiasmercedinas.com\/site\/wp-content\/uploads\/2025\/12\/bocha47-200x300.jpg 200w\" sizes=\"auto, (max-width: 640px) 100vw, 640px\" \/><\/p>\n","protected":false},"excerpt":{"rendered":"<p>\u25a0 La reconocida mercedina inaugur\u00f3 su obra en muestra anual de \u00abEl Limonero\u00bb. Entre reflexiones sobre el siglo XX y su deseo de ver la llegada del hombre a Marte, destaca la gu\u00eda de su maestro, Juan Ferrandis.<\/p>\n","protected":false},"author":2,"featured_media":177184,"comment_status":"closed","ping_status":"closed","sticky":false,"template":"","format":"standard","meta":{"footnotes":""},"categories":[4,9,20734],"tags":[21491,2941,190,21490,273,4173],"class_list":["post-177183","post","type-post","status-publish","format-standard","has-post-thumbnail","hentry","category-cultura","category-entrevistas","category-ultimo-momento","tag-93-anos","tag-acuarela","tag-arte","tag-bocha-blandini","tag-el-limonero","tag-juan-ferrandis"],"yoast_head":"<!-- This site is optimized with the Yoast SEO plugin v27.4 - https:\/\/yoast.com\/product\/yoast-seo-wordpress\/ -->\n<title>Bocha Blandini: A los 93 a\u00f1os, la acuarela es un sue\u00f1o que se plasma con la paz de toda una vida<\/title>\n<meta name=\"description\" content=\"La reconocida mercedina inaugur\u00f3 su obra en muestra anual de &quot;El Limonero&quot;. Entre reflexiones sobre el siglo XX y su deseo de ver la llegada del hombre a Marte, destaca la gu\u00eda de su maestro, Juan Ferrandis.\" \/>\n<meta name=\"robots\" content=\"index, follow, max-snippet:-1, max-image-preview:large, max-video-preview:-1\" \/>\n<link rel=\"canonical\" href=\"https:\/\/noticiasmercedinas.com\/site\/2025\/12\/22\/bocha-blandini-a-los-93-anos-la-acuarela-es-un-sueno-que-se-plasma-con-la-paz-de-toda-una-vida\/\" \/>\n<meta property=\"og:locale\" content=\"es_ES\" \/>\n<meta property=\"og:type\" content=\"article\" \/>\n<meta property=\"og:title\" content=\"Bocha Blandini: A los 93 a\u00f1os, la acuarela es un sue\u00f1o que se plasma con la paz de toda una vida\" \/>\n<meta property=\"og:description\" content=\"La reconocida mercedina inaugur\u00f3 su obra en muestra anual de &quot;El Limonero&quot;. Entre reflexiones sobre el siglo XX y su deseo de ver la llegada del hombre a Marte, destaca la gu\u00eda de su maestro, Juan Ferrandis.\" \/>\n<meta property=\"og:url\" content=\"https:\/\/noticiasmercedinas.com\/site\/2025\/12\/22\/bocha-blandini-a-los-93-anos-la-acuarela-es-un-sueno-que-se-plasma-con-la-paz-de-toda-una-vida\/\" \/>\n<meta property=\"og:site_name\" content=\"NOTICIASMERCEDINAS.COM\" \/>\n<meta property=\"article:publisher\" content=\"https:\/\/www.facebook.com\/noticiasmercedinas\/\" \/>\n<meta property=\"article:author\" content=\"https:\/\/www.facebook.com\/cristian.falabella\" \/>\n<meta property=\"article:published_time\" content=\"2025-12-22T12:05:16+00:00\" \/>\n<meta property=\"article:modified_time\" content=\"2025-12-22T12:07:15+00:00\" \/>\n<meta property=\"og:image\" content=\"https:\/\/noticiasmercedinas.com\/site\/wp-content\/uploads\/2025\/12\/bocha4.jpg\" \/>\n\t<meta property=\"og:image:width\" content=\"640\" \/>\n\t<meta property=\"og:image:height\" content=\"315\" \/>\n\t<meta property=\"og:image:type\" content=\"image\/jpeg\" \/>\n<meta name=\"author\" content=\"Cristian Falabella NOTICIASMERCEDINAS.COM\" \/>\n<meta name=\"twitter:card\" content=\"summary_large_image\" \/>\n<meta name=\"twitter:creator\" content=\"@https:\/\/twitter.com\/NOTMERCEDINAS\" \/>\n<meta name=\"twitter:site\" content=\"@notmercedinas\" \/>\n<meta name=\"twitter:label1\" content=\"Escrito por\" \/>\n\t<meta name=\"twitter:data1\" content=\"Cristian Falabella NOTICIASMERCEDINAS.COM\" \/>\n\t<meta name=\"twitter:label2\" content=\"Tiempo de lectura\" \/>\n\t<meta name=\"twitter:data2\" content=\"4 minutos\" \/>\n<script type=\"application\/ld+json\" class=\"yoast-schema-graph\">{\"@context\":\"https:\\\/\\\/schema.org\",\"@graph\":[{\"@type\":\"Article\",\"@id\":\"https:\\\/\\\/noticiasmercedinas.com\\\/site\\\/2025\\\/12\\\/22\\\/bocha-blandini-a-los-93-anos-la-acuarela-es-un-sueno-que-se-plasma-con-la-paz-de-toda-una-vida\\\/#article\",\"isPartOf\":{\"@id\":\"https:\\\/\\\/noticiasmercedinas.com\\\/site\\\/2025\\\/12\\\/22\\\/bocha-blandini-a-los-93-anos-la-acuarela-es-un-sueno-que-se-plasma-con-la-paz-de-toda-una-vida\\\/\"},\"author\":{\"name\":\"Cristian Falabella NOTICIASMERCEDINAS.COM\",\"@id\":\"https:\\\/\\\/noticiasmercedinas.com\\\/site\\\/#\\\/schema\\\/person\\\/d481a9696a5feaec13a60e2bbd991a6a\"},\"headline\":\"Bocha Blandini: A los 93 a\u00f1os, la acuarela es un sue\u00f1o que se plasma con la paz de toda una vida\",\"datePublished\":\"2025-12-22T12:05:16+00:00\",\"dateModified\":\"2025-12-22T12:07:15+00:00\",\"mainEntityOfPage\":{\"@id\":\"https:\\\/\\\/noticiasmercedinas.com\\\/site\\\/2025\\\/12\\\/22\\\/bocha-blandini-a-los-93-anos-la-acuarela-es-un-sueno-que-se-plasma-con-la-paz-de-toda-una-vida\\\/\"},\"wordCount\":675,\"publisher\":{\"@id\":\"https:\\\/\\\/noticiasmercedinas.com\\\/site\\\/#organization\"},\"image\":{\"@id\":\"https:\\\/\\\/noticiasmercedinas.com\\\/site\\\/2025\\\/12\\\/22\\\/bocha-blandini-a-los-93-anos-la-acuarela-es-un-sueno-que-se-plasma-con-la-paz-de-toda-una-vida\\\/#primaryimage\"},\"thumbnailUrl\":\"https:\\\/\\\/noticiasmercedinas.com\\\/site\\\/wp-content\\\/uploads\\\/2025\\\/12\\\/bocha4.jpg\",\"keywords\":[\"93 a\u00f1os\",\"acuarela\",\"arte\",\"bocha blandini\",\"el limonero\",\"Juan Ferrandis\"],\"articleSection\":[\"Cultura\",\"Entrevistas\",\"Ultimo momento\"],\"inLanguage\":\"es\"},{\"@type\":\"WebPage\",\"@id\":\"https:\\\/\\\/noticiasmercedinas.com\\\/site\\\/2025\\\/12\\\/22\\\/bocha-blandini-a-los-93-anos-la-acuarela-es-un-sueno-que-se-plasma-con-la-paz-de-toda-una-vida\\\/\",\"url\":\"https:\\\/\\\/noticiasmercedinas.com\\\/site\\\/2025\\\/12\\\/22\\\/bocha-blandini-a-los-93-anos-la-acuarela-es-un-sueno-que-se-plasma-con-la-paz-de-toda-una-vida\\\/\",\"name\":\"Bocha Blandini: A los 93 a\u00f1os, la acuarela es un sue\u00f1o que se plasma con la paz de toda una vida\",\"isPartOf\":{\"@id\":\"https:\\\/\\\/noticiasmercedinas.com\\\/site\\\/#website\"},\"primaryImageOfPage\":{\"@id\":\"https:\\\/\\\/noticiasmercedinas.com\\\/site\\\/2025\\\/12\\\/22\\\/bocha-blandini-a-los-93-anos-la-acuarela-es-un-sueno-que-se-plasma-con-la-paz-de-toda-una-vida\\\/#primaryimage\"},\"image\":{\"@id\":\"https:\\\/\\\/noticiasmercedinas.com\\\/site\\\/2025\\\/12\\\/22\\\/bocha-blandini-a-los-93-anos-la-acuarela-es-un-sueno-que-se-plasma-con-la-paz-de-toda-una-vida\\\/#primaryimage\"},\"thumbnailUrl\":\"https:\\\/\\\/noticiasmercedinas.com\\\/site\\\/wp-content\\\/uploads\\\/2025\\\/12\\\/bocha4.jpg\",\"datePublished\":\"2025-12-22T12:05:16+00:00\",\"dateModified\":\"2025-12-22T12:07:15+00:00\",\"description\":\"La reconocida mercedina inaugur\u00f3 su obra en muestra anual de \\\"El Limonero\\\". Entre reflexiones sobre el siglo XX y su deseo de ver la llegada del hombre a Marte, destaca la gu\u00eda de su maestro, Juan Ferrandis.\",\"breadcrumb\":{\"@id\":\"https:\\\/\\\/noticiasmercedinas.com\\\/site\\\/2025\\\/12\\\/22\\\/bocha-blandini-a-los-93-anos-la-acuarela-es-un-sueno-que-se-plasma-con-la-paz-de-toda-una-vida\\\/#breadcrumb\"},\"inLanguage\":\"es\",\"potentialAction\":[{\"@type\":\"ReadAction\",\"target\":[\"https:\\\/\\\/noticiasmercedinas.com\\\/site\\\/2025\\\/12\\\/22\\\/bocha-blandini-a-los-93-anos-la-acuarela-es-un-sueno-que-se-plasma-con-la-paz-de-toda-una-vida\\\/\"]}]},{\"@type\":\"ImageObject\",\"inLanguage\":\"es\",\"@id\":\"https:\\\/\\\/noticiasmercedinas.com\\\/site\\\/2025\\\/12\\\/22\\\/bocha-blandini-a-los-93-anos-la-acuarela-es-un-sueno-que-se-plasma-con-la-paz-de-toda-una-vida\\\/#primaryimage\",\"url\":\"https:\\\/\\\/noticiasmercedinas.com\\\/site\\\/wp-content\\\/uploads\\\/2025\\\/12\\\/bocha4.jpg\",\"contentUrl\":\"https:\\\/\\\/noticiasmercedinas.com\\\/site\\\/wp-content\\\/uploads\\\/2025\\\/12\\\/bocha4.jpg\",\"width\":640,\"height\":315},{\"@type\":\"BreadcrumbList\",\"@id\":\"https:\\\/\\\/noticiasmercedinas.com\\\/site\\\/2025\\\/12\\\/22\\\/bocha-blandini-a-los-93-anos-la-acuarela-es-un-sueno-que-se-plasma-con-la-paz-de-toda-una-vida\\\/#breadcrumb\",\"itemListElement\":[{\"@type\":\"ListItem\",\"position\":1,\"name\":\"Portada\",\"item\":\"https:\\\/\\\/noticiasmercedinas.com\\\/site\\\/\"},{\"@type\":\"ListItem\",\"position\":2,\"name\":\"Bocha Blandini: A los 93 a\u00f1os, la acuarela es un sue\u00f1o que se plasma con la paz de toda una vida\"}]},{\"@type\":\"WebSite\",\"@id\":\"https:\\\/\\\/noticiasmercedinas.com\\\/site\\\/#website\",\"url\":\"https:\\\/\\\/noticiasmercedinas.com\\\/site\\\/\",\"name\":\"NOTICIASMERCEDINAS.COM\",\"description\":\"Mercedes, Buenos Aires, Argentina\",\"publisher\":{\"@id\":\"https:\\\/\\\/noticiasmercedinas.com\\\/site\\\/#organization\"},\"potentialAction\":[{\"@type\":\"SearchAction\",\"target\":{\"@type\":\"EntryPoint\",\"urlTemplate\":\"https:\\\/\\\/noticiasmercedinas.com\\\/site\\\/?s={search_term_string}\"},\"query-input\":{\"@type\":\"PropertyValueSpecification\",\"valueRequired\":true,\"valueName\":\"search_term_string\"}}],\"inLanguage\":\"es\"},{\"@type\":\"Organization\",\"@id\":\"https:\\\/\\\/noticiasmercedinas.com\\\/site\\\/#organization\",\"name\":\"NOTICIASMERCEDINAS.COM\",\"url\":\"https:\\\/\\\/noticiasmercedinas.com\\\/site\\\/\",\"logo\":{\"@type\":\"ImageObject\",\"inLanguage\":\"es\",\"@id\":\"https:\\\/\\\/noticiasmercedinas.com\\\/site\\\/#\\\/schema\\\/logo\\\/image\\\/\",\"url\":\"https:\\\/\\\/noticiasmercedinas.com\\\/site\\\/wp-content\\\/uploads\\\/2020\\\/06\\\/LOGO-512.jpg\",\"contentUrl\":\"https:\\\/\\\/noticiasmercedinas.com\\\/site\\\/wp-content\\\/uploads\\\/2020\\\/06\\\/LOGO-512.jpg\",\"width\":512,\"height\":512,\"caption\":\"NOTICIASMERCEDINAS.COM\"},\"image\":{\"@id\":\"https:\\\/\\\/noticiasmercedinas.com\\\/site\\\/#\\\/schema\\\/logo\\\/image\\\/\"},\"sameAs\":[\"https:\\\/\\\/www.facebook.com\\\/noticiasmercedinas\\\/\",\"https:\\\/\\\/x.com\\\/notmercedinas\",\"https:\\\/\\\/www.instagram.com\\\/noticiasmercedinas\\\/\"]},{\"@type\":\"Person\",\"@id\":\"https:\\\/\\\/noticiasmercedinas.com\\\/site\\\/#\\\/schema\\\/person\\\/d481a9696a5feaec13a60e2bbd991a6a\",\"name\":\"Cristian Falabella NOTICIASMERCEDINAS.COM\",\"image\":{\"@type\":\"ImageObject\",\"inLanguage\":\"es\",\"@id\":\"https:\\\/\\\/secure.gravatar.com\\\/avatar\\\/0dbbfc45970cc46bcd0e57766228574ff3511d6eed045b182f536f0f478c1f06?s=96&d=mm&r=g\",\"url\":\"https:\\\/\\\/secure.gravatar.com\\\/avatar\\\/0dbbfc45970cc46bcd0e57766228574ff3511d6eed045b182f536f0f478c1f06?s=96&d=mm&r=g\",\"contentUrl\":\"https:\\\/\\\/secure.gravatar.com\\\/avatar\\\/0dbbfc45970cc46bcd0e57766228574ff3511d6eed045b182f536f0f478c1f06?s=96&d=mm&r=g\",\"caption\":\"Cristian Falabella NOTICIASMERCEDINAS.COM\"},\"description\":\"Periodista, editor de Noticias Mercedinas. Pas\u00f3 por varias redacciones y emprendimientos de prensa, en distintos formatos y \u00e9pocas. Se especializ\u00f3 --y sigue haci\u00e9ndolo-- en comunicaci\u00f3n en la web y en junio de 2006 fund\u00f3 este diario digital.\",\"sameAs\":[\"https:\\\/\\\/noticiasmercedinas.com\",\"https:\\\/\\\/www.facebook.com\\\/cristian.falabella\",\"https:\\\/\\\/www.instagram.com\\\/noticiasmercedinas\\\/\",\"https:\\\/\\\/x.com\\\/https:\\\/\\\/twitter.com\\\/NOTMERCEDINAS\"],\"url\":\"https:\\\/\\\/noticiasmercedinas.com\\\/site\\\/author\\\/as000384\\\/\"}]}<\/script>\n<!-- \/ Yoast SEO plugin. -->","yoast_head_json":{"title":"Bocha Blandini: A los 93 a\u00f1os, la acuarela es un sue\u00f1o que se plasma con la paz de toda una vida","description":"La reconocida mercedina inaugur\u00f3 su obra en muestra anual de \"El Limonero\". Entre reflexiones sobre el siglo XX y su deseo de ver la llegada del hombre a Marte, destaca la gu\u00eda de su maestro, Juan Ferrandis.","robots":{"index":"index","follow":"follow","max-snippet":"max-snippet:-1","max-image-preview":"max-image-preview:large","max-video-preview":"max-video-preview:-1"},"canonical":"https:\/\/noticiasmercedinas.com\/site\/2025\/12\/22\/bocha-blandini-a-los-93-anos-la-acuarela-es-un-sueno-que-se-plasma-con-la-paz-de-toda-una-vida\/","og_locale":"es_ES","og_type":"article","og_title":"Bocha Blandini: A los 93 a\u00f1os, la acuarela es un sue\u00f1o que se plasma con la paz de toda una vida","og_description":"La reconocida mercedina inaugur\u00f3 su obra en muestra anual de \"El Limonero\". Entre reflexiones sobre el siglo XX y su deseo de ver la llegada del hombre a Marte, destaca la gu\u00eda de su maestro, Juan Ferrandis.","og_url":"https:\/\/noticiasmercedinas.com\/site\/2025\/12\/22\/bocha-blandini-a-los-93-anos-la-acuarela-es-un-sueno-que-se-plasma-con-la-paz-de-toda-una-vida\/","og_site_name":"NOTICIASMERCEDINAS.COM","article_publisher":"https:\/\/www.facebook.com\/noticiasmercedinas\/","article_author":"https:\/\/www.facebook.com\/cristian.falabella","article_published_time":"2025-12-22T12:05:16+00:00","article_modified_time":"2025-12-22T12:07:15+00:00","og_image":[{"width":640,"height":315,"url":"https:\/\/noticiasmercedinas.com\/site\/wp-content\/uploads\/2025\/12\/bocha4.jpg","type":"image\/jpeg"}],"author":"Cristian Falabella NOTICIASMERCEDINAS.COM","twitter_card":"summary_large_image","twitter_creator":"@https:\/\/twitter.com\/NOTMERCEDINAS","twitter_site":"@notmercedinas","twitter_misc":{"Escrito por":"Cristian Falabella NOTICIASMERCEDINAS.COM","Tiempo de lectura":"4 minutos"},"schema":{"@context":"https:\/\/schema.org","@graph":[{"@type":"Article","@id":"https:\/\/noticiasmercedinas.com\/site\/2025\/12\/22\/bocha-blandini-a-los-93-anos-la-acuarela-es-un-sueno-que-se-plasma-con-la-paz-de-toda-una-vida\/#article","isPartOf":{"@id":"https:\/\/noticiasmercedinas.com\/site\/2025\/12\/22\/bocha-blandini-a-los-93-anos-la-acuarela-es-un-sueno-que-se-plasma-con-la-paz-de-toda-una-vida\/"},"author":{"name":"Cristian Falabella NOTICIASMERCEDINAS.COM","@id":"https:\/\/noticiasmercedinas.com\/site\/#\/schema\/person\/d481a9696a5feaec13a60e2bbd991a6a"},"headline":"Bocha Blandini: A los 93 a\u00f1os, la acuarela es un sue\u00f1o que se plasma con la paz de toda una vida","datePublished":"2025-12-22T12:05:16+00:00","dateModified":"2025-12-22T12:07:15+00:00","mainEntityOfPage":{"@id":"https:\/\/noticiasmercedinas.com\/site\/2025\/12\/22\/bocha-blandini-a-los-93-anos-la-acuarela-es-un-sueno-que-se-plasma-con-la-paz-de-toda-una-vida\/"},"wordCount":675,"publisher":{"@id":"https:\/\/noticiasmercedinas.com\/site\/#organization"},"image":{"@id":"https:\/\/noticiasmercedinas.com\/site\/2025\/12\/22\/bocha-blandini-a-los-93-anos-la-acuarela-es-un-sueno-que-se-plasma-con-la-paz-de-toda-una-vida\/#primaryimage"},"thumbnailUrl":"https:\/\/noticiasmercedinas.com\/site\/wp-content\/uploads\/2025\/12\/bocha4.jpg","keywords":["93 a\u00f1os","acuarela","arte","bocha blandini","el limonero","Juan Ferrandis"],"articleSection":["Cultura","Entrevistas","Ultimo momento"],"inLanguage":"es"},{"@type":"WebPage","@id":"https:\/\/noticiasmercedinas.com\/site\/2025\/12\/22\/bocha-blandini-a-los-93-anos-la-acuarela-es-un-sueno-que-se-plasma-con-la-paz-de-toda-una-vida\/","url":"https:\/\/noticiasmercedinas.com\/site\/2025\/12\/22\/bocha-blandini-a-los-93-anos-la-acuarela-es-un-sueno-que-se-plasma-con-la-paz-de-toda-una-vida\/","name":"Bocha Blandini: A los 93 a\u00f1os, la acuarela es un sue\u00f1o que se plasma con la paz de toda una vida","isPartOf":{"@id":"https:\/\/noticiasmercedinas.com\/site\/#website"},"primaryImageOfPage":{"@id":"https:\/\/noticiasmercedinas.com\/site\/2025\/12\/22\/bocha-blandini-a-los-93-anos-la-acuarela-es-un-sueno-que-se-plasma-con-la-paz-de-toda-una-vida\/#primaryimage"},"image":{"@id":"https:\/\/noticiasmercedinas.com\/site\/2025\/12\/22\/bocha-blandini-a-los-93-anos-la-acuarela-es-un-sueno-que-se-plasma-con-la-paz-de-toda-una-vida\/#primaryimage"},"thumbnailUrl":"https:\/\/noticiasmercedinas.com\/site\/wp-content\/uploads\/2025\/12\/bocha4.jpg","datePublished":"2025-12-22T12:05:16+00:00","dateModified":"2025-12-22T12:07:15+00:00","description":"La reconocida mercedina inaugur\u00f3 su obra en muestra anual de \"El Limonero\". Entre reflexiones sobre el siglo XX y su deseo de ver la llegada del hombre a Marte, destaca la gu\u00eda de su maestro, Juan Ferrandis.","breadcrumb":{"@id":"https:\/\/noticiasmercedinas.com\/site\/2025\/12\/22\/bocha-blandini-a-los-93-anos-la-acuarela-es-un-sueno-que-se-plasma-con-la-paz-de-toda-una-vida\/#breadcrumb"},"inLanguage":"es","potentialAction":[{"@type":"ReadAction","target":["https:\/\/noticiasmercedinas.com\/site\/2025\/12\/22\/bocha-blandini-a-los-93-anos-la-acuarela-es-un-sueno-que-se-plasma-con-la-paz-de-toda-una-vida\/"]}]},{"@type":"ImageObject","inLanguage":"es","@id":"https:\/\/noticiasmercedinas.com\/site\/2025\/12\/22\/bocha-blandini-a-los-93-anos-la-acuarela-es-un-sueno-que-se-plasma-con-la-paz-de-toda-una-vida\/#primaryimage","url":"https:\/\/noticiasmercedinas.com\/site\/wp-content\/uploads\/2025\/12\/bocha4.jpg","contentUrl":"https:\/\/noticiasmercedinas.com\/site\/wp-content\/uploads\/2025\/12\/bocha4.jpg","width":640,"height":315},{"@type":"BreadcrumbList","@id":"https:\/\/noticiasmercedinas.com\/site\/2025\/12\/22\/bocha-blandini-a-los-93-anos-la-acuarela-es-un-sueno-que-se-plasma-con-la-paz-de-toda-una-vida\/#breadcrumb","itemListElement":[{"@type":"ListItem","position":1,"name":"Portada","item":"https:\/\/noticiasmercedinas.com\/site\/"},{"@type":"ListItem","position":2,"name":"Bocha Blandini: A los 93 a\u00f1os, la acuarela es un sue\u00f1o que se plasma con la paz de toda una vida"}]},{"@type":"WebSite","@id":"https:\/\/noticiasmercedinas.com\/site\/#website","url":"https:\/\/noticiasmercedinas.com\/site\/","name":"NOTICIASMERCEDINAS.COM","description":"Mercedes, Buenos Aires, Argentina","publisher":{"@id":"https:\/\/noticiasmercedinas.com\/site\/#organization"},"potentialAction":[{"@type":"SearchAction","target":{"@type":"EntryPoint","urlTemplate":"https:\/\/noticiasmercedinas.com\/site\/?s={search_term_string}"},"query-input":{"@type":"PropertyValueSpecification","valueRequired":true,"valueName":"search_term_string"}}],"inLanguage":"es"},{"@type":"Organization","@id":"https:\/\/noticiasmercedinas.com\/site\/#organization","name":"NOTICIASMERCEDINAS.COM","url":"https:\/\/noticiasmercedinas.com\/site\/","logo":{"@type":"ImageObject","inLanguage":"es","@id":"https:\/\/noticiasmercedinas.com\/site\/#\/schema\/logo\/image\/","url":"https:\/\/noticiasmercedinas.com\/site\/wp-content\/uploads\/2020\/06\/LOGO-512.jpg","contentUrl":"https:\/\/noticiasmercedinas.com\/site\/wp-content\/uploads\/2020\/06\/LOGO-512.jpg","width":512,"height":512,"caption":"NOTICIASMERCEDINAS.COM"},"image":{"@id":"https:\/\/noticiasmercedinas.com\/site\/#\/schema\/logo\/image\/"},"sameAs":["https:\/\/www.facebook.com\/noticiasmercedinas\/","https:\/\/x.com\/notmercedinas","https:\/\/www.instagram.com\/noticiasmercedinas\/"]},{"@type":"Person","@id":"https:\/\/noticiasmercedinas.com\/site\/#\/schema\/person\/d481a9696a5feaec13a60e2bbd991a6a","name":"Cristian Falabella NOTICIASMERCEDINAS.COM","image":{"@type":"ImageObject","inLanguage":"es","@id":"https:\/\/secure.gravatar.com\/avatar\/0dbbfc45970cc46bcd0e57766228574ff3511d6eed045b182f536f0f478c1f06?s=96&d=mm&r=g","url":"https:\/\/secure.gravatar.com\/avatar\/0dbbfc45970cc46bcd0e57766228574ff3511d6eed045b182f536f0f478c1f06?s=96&d=mm&r=g","contentUrl":"https:\/\/secure.gravatar.com\/avatar\/0dbbfc45970cc46bcd0e57766228574ff3511d6eed045b182f536f0f478c1f06?s=96&d=mm&r=g","caption":"Cristian Falabella NOTICIASMERCEDINAS.COM"},"description":"Periodista, editor de Noticias Mercedinas. Pas\u00f3 por varias redacciones y emprendimientos de prensa, en distintos formatos y \u00e9pocas. Se especializ\u00f3 --y sigue haci\u00e9ndolo-- en comunicaci\u00f3n en la web y en junio de 2006 fund\u00f3 este diario digital.","sameAs":["https:\/\/noticiasmercedinas.com","https:\/\/www.facebook.com\/cristian.falabella","https:\/\/www.instagram.com\/noticiasmercedinas\/","https:\/\/x.com\/https:\/\/twitter.com\/NOTMERCEDINAS"],"url":"https:\/\/noticiasmercedinas.com\/site\/author\/as000384\/"}]}},"amp_enabled":true,"_links":{"self":[{"href":"https:\/\/noticiasmercedinas.com\/site\/wp-json\/wp\/v2\/posts\/177183","targetHints":{"allow":["GET"]}}],"collection":[{"href":"https:\/\/noticiasmercedinas.com\/site\/wp-json\/wp\/v2\/posts"}],"about":[{"href":"https:\/\/noticiasmercedinas.com\/site\/wp-json\/wp\/v2\/types\/post"}],"author":[{"embeddable":true,"href":"https:\/\/noticiasmercedinas.com\/site\/wp-json\/wp\/v2\/users\/2"}],"replies":[{"embeddable":true,"href":"https:\/\/noticiasmercedinas.com\/site\/wp-json\/wp\/v2\/comments?post=177183"}],"version-history":[{"count":2,"href":"https:\/\/noticiasmercedinas.com\/site\/wp-json\/wp\/v2\/posts\/177183\/revisions"}],"predecessor-version":[{"id":177190,"href":"https:\/\/noticiasmercedinas.com\/site\/wp-json\/wp\/v2\/posts\/177183\/revisions\/177190"}],"wp:featuredmedia":[{"embeddable":true,"href":"https:\/\/noticiasmercedinas.com\/site\/wp-json\/wp\/v2\/media\/177184"}],"wp:attachment":[{"href":"https:\/\/noticiasmercedinas.com\/site\/wp-json\/wp\/v2\/media?parent=177183"}],"wp:term":[{"taxonomy":"category","embeddable":true,"href":"https:\/\/noticiasmercedinas.com\/site\/wp-json\/wp\/v2\/categories?post=177183"},{"taxonomy":"post_tag","embeddable":true,"href":"https:\/\/noticiasmercedinas.com\/site\/wp-json\/wp\/v2\/tags?post=177183"}],"curies":[{"name":"wp","href":"https:\/\/api.w.org\/{rel}","templated":true}]}}