{"id":177269,"date":"2025-12-22T20:53:38","date_gmt":"2025-12-22T23:53:38","guid":{"rendered":"https:\/\/noticiasmercedinas.com\/site\/?p=177269"},"modified":"2025-12-23T11:16:22","modified_gmt":"2025-12-23T14:16:22","slug":"concierto-inedito-campanas-y-organo-tubular-sonaran-en-san-patricio","status":"publish","type":"post","link":"https:\/\/noticiasmercedinas.com\/site\/2025\/12\/22\/concierto-inedito-campanas-y-organo-tubular-sonaran-en-san-patricio\/","title":{"rendered":"Concierto in\u00e9dito: campanas y \u00f3rgano tubular sonar\u00e1n en San Patricio"},"content":{"rendered":"<p data-path-to-node=\"4\"><img loading=\"lazy\" decoding=\"async\" class=\"alignnone size-full wp-image-177271\" src=\"https:\/\/noticiasmercedinas.com\/site\/wp-content\/uploads\/2025\/12\/campanero1.jpg\" alt=\"\" width=\"640\" height=\"360\" srcset=\"https:\/\/noticiasmercedinas.com\/site\/wp-content\/uploads\/2025\/12\/campanero1.jpg 640w, https:\/\/noticiasmercedinas.com\/site\/wp-content\/uploads\/2025\/12\/campanero1-300x169.jpg 300w\" sizes=\"auto, (max-width: 640px) 100vw, 640px\" \/><\/p>\n<p data-path-to-node=\"4\">El templo de la Iglesia San Patricio, reconocido por su imponente arquitectura g\u00f3tica, ser\u00e1 el escenario de un evento cultural saliente para cerrar el a\u00f1o: el concierto <b data-path-to-node=\"4\" data-index-in-node=\"181\">\u00abM\u00fasica para venir de un sue\u00f1o\u00bb<\/b>.<\/p>\n<p data-path-to-node=\"4\">La cita, programada para este <b data-path-to-node=\"4\" data-index-in-node=\"244\">s\u00e1bado 27 de diciembre a las 12:30 horas<\/b>, propone un di\u00e1logo sonoro entre el \u00f3rgano tubular alem\u00e1n del templo y su carill\u00f3n de campanas afinadas, una combinaci\u00f3n instrumental casi inexistente en el resto de Argentina.<\/p>\n<p data-path-to-node=\"5\">La actividad contar\u00e1 con la presencia de <b data-path-to-node=\"5\" data-index-in-node=\"41\">Federico Orio<\/b>, campanero profesional, y el m\u00fasico <b data-path-to-node=\"5\" data-index-in-node=\"91\">Alejandro Kauderer<\/b>, bajo la coordinaci\u00f3n del organista estable de San Patricio, <b data-path-to-node=\"5\" data-index-in-node=\"171\">Manuel Maturo<\/b>.<\/p>\n<p data-path-to-node=\"7\">La relevancia del concierto radica en la calidad y rareza de los instrumentos involucrados. Seg\u00fan explic\u00f3 Federico Orio a este medio, el carill\u00f3n de San Patricio es una joya de la ingenier\u00eda sonora: \u00abSon bronces alemanes de una marca poderosa, excelentemente afinados. En Argentina, solo conozco otro equivalente: el carill\u00f3n de la Legislatura Porte\u00f1a\u00bb.<\/p>\n<p data-path-to-node=\"8\">El m\u00fasico destac\u00f3 el esfuerzo log\u00edstico y la pasi\u00f3n detr\u00e1s de la propuesta: \u00abMe voy en colectivo desde Buenos Aires saliendo a las 7 de la ma\u00f1ana para brindar el concierto. Mi expectativa es que la gente disfrute del sonido de este instrumento \u00fanico. Va a ser, por lo menos, muy interesante\u00bb.<\/p>\n<h3 data-path-to-node=\"9\">Replicar un sue\u00f1o<\/h3>\n<p data-path-to-node=\"10\">El evento busca retomar y expandir la experiencia iniciada hace un a\u00f1o por Alejandro Kauderer. \u00abAlejandro va a replicar lo que fue &#8216;M\u00fasica para venir de un sue\u00f1o&#8217;, pero esta vez con el condimento \u00fanico del carill\u00f3n de San Patricio\u00bb, detall\u00f3 Manuel Maturo, impulsor de la iniciativa.<\/p>\n<p data-path-to-node=\"11\">El concierto se presenta como una oportunidad para que los mercedinos y visitantes redescubran la ac\u00fastica del templo a trav\u00e9s de una marca de bronces alemanes de renombre mundial, cuyo sonido puro y afinaci\u00f3n precisa prometen una atm\u00f3sfera envolvente.<\/p>\n<p data-path-to-node=\"13,0,0\"><b data-path-to-node=\"13,0,0\" data-index-in-node=\"0\">Fecha:<\/b> S\u00e1bado 27 de diciembre de 2025.<\/p>\n<p data-path-to-node=\"13,1,0\"><b data-path-to-node=\"13,1,0\" data-index-in-node=\"0\">Hora:<\/b> 12:30 hs.<\/p>\n<p data-path-to-node=\"13,2,0\"><b data-path-to-node=\"13,2,0\" data-index-in-node=\"0\">Lugar:<\/b> Iglesia San Patricio, Mercedes (B).<\/p>\n<p data-path-to-node=\"13,3,0\"><b data-path-to-node=\"13,3,0\" data-index-in-node=\"0\">Artistas:<\/b> Federico Orio (campanas) y Alejandro Kauderer (\u00f3rgano).<\/p>\n<p data-path-to-node=\"13,4,0\"><b data-path-to-node=\"13,4,0\" data-index-in-node=\"0\">Entrada:<\/b> Abierta a la comunidad.<\/p>\n<p data-path-to-node=\"13,4,0\"><img loading=\"lazy\" decoding=\"async\" class=\"alignnone size-full wp-image-177270\" src=\"https:\/\/noticiasmercedinas.com\/site\/wp-content\/uploads\/2025\/12\/campanero2.jpg\" alt=\"\" width=\"640\" height=\"360\" srcset=\"https:\/\/noticiasmercedinas.com\/site\/wp-content\/uploads\/2025\/12\/campanero2.jpg 640w, https:\/\/noticiasmercedinas.com\/site\/wp-content\/uploads\/2025\/12\/campanero2-300x169.jpg 300w\" sizes=\"auto, (max-width: 640px) 100vw, 640px\" \/><\/p>\n","protected":false},"excerpt":{"rendered":"<p>\u25a0 El s\u00e1bado 27 de diciembre, Federico Orio y Alejandro Kauderer protagonizar\u00e1n un encuentro musical \u00fanico utilizando el carill\u00f3n de bronces alemanes y el \u00f3rgano de la iglesia. Es uno de los dos \u00fanicos instrumentos de su tipo en el pa\u00eds.<\/p>\n","protected":false},"author":16,"featured_media":177271,"comment_status":"closed","ping_status":"closed","sticky":false,"template":"","format":"standard","meta":{"footnotes":""},"categories":[4,20734],"tags":[19171,21492,7745,13373,1751],"class_list":["post-177269","post","type-post","status-publish","format-standard","has-post-thumbnail","hentry","category-cultura","category-ultimo-momento","tag-alejandro-kauderer","tag-federico-orio","tag-manuel-maturo","tag-organo","tag-san-patricio"],"yoast_head":"<!-- This site is optimized with the Yoast SEO plugin v27.4 - https:\/\/yoast.com\/product\/yoast-seo-wordpress\/ -->\n<title>Concierto in\u00e9dito: campanas y \u00f3rgano tubular sonar\u00e1n en San Patricio<\/title>\n<meta name=\"description\" content=\"\u25a0 El s\u00e1bado 27 de diciembre, Federico Orio y Alejandro Kauderer protagonizar\u00e1n un encuentro musical \u00fanico utilizando el carill\u00f3n de bronces alemanes y el \u00f3rgano de la iglesia. Es uno de los dos \u00fanicos instrumentos de su tipo en el pa\u00eds.\" \/>\n<meta name=\"robots\" content=\"index, follow, max-snippet:-1, max-image-preview:large, max-video-preview:-1\" \/>\n<link rel=\"canonical\" href=\"https:\/\/noticiasmercedinas.com\/site\/2025\/12\/22\/concierto-inedito-campanas-y-organo-tubular-sonaran-en-san-patricio\/\" \/>\n<meta property=\"og:locale\" content=\"es_ES\" \/>\n<meta property=\"og:type\" content=\"article\" \/>\n<meta property=\"og:title\" content=\"Concierto in\u00e9dito: campanas y \u00f3rgano tubular sonar\u00e1n en San Patricio\" \/>\n<meta property=\"og:description\" content=\"\u25a0 El s\u00e1bado 27 de diciembre, Federico Orio y Alejandro Kauderer protagonizar\u00e1n un encuentro musical \u00fanico utilizando el carill\u00f3n de bronces alemanes y el \u00f3rgano de la iglesia. Es uno de los dos \u00fanicos instrumentos de su tipo en el pa\u00eds.\" \/>\n<meta property=\"og:url\" content=\"https:\/\/noticiasmercedinas.com\/site\/2025\/12\/22\/concierto-inedito-campanas-y-organo-tubular-sonaran-en-san-patricio\/\" \/>\n<meta property=\"og:site_name\" content=\"NOTICIASMERCEDINAS.COM\" \/>\n<meta property=\"article:publisher\" content=\"https:\/\/www.facebook.com\/noticiasmercedinas\/\" \/>\n<meta property=\"article:published_time\" content=\"2025-12-22T23:53:38+00:00\" \/>\n<meta property=\"article:modified_time\" content=\"2025-12-23T14:16:22+00:00\" \/>\n<meta property=\"og:image\" content=\"https:\/\/noticiasmercedinas.com\/site\/wp-content\/uploads\/2025\/12\/campanero1.jpg\" \/>\n\t<meta property=\"og:image:width\" content=\"640\" \/>\n\t<meta property=\"og:image:height\" content=\"360\" \/>\n\t<meta property=\"og:image:type\" content=\"image\/jpeg\" \/>\n<meta name=\"author\" content=\"NOTICIASMERCEDINAS.COM\" \/>\n<meta name=\"twitter:card\" content=\"summary_large_image\" \/>\n<meta name=\"twitter:creator\" content=\"@notmercedinas\" \/>\n<meta name=\"twitter:site\" content=\"@notmercedinas\" \/>\n<meta name=\"twitter:label1\" content=\"Escrito por\" \/>\n\t<meta name=\"twitter:data1\" content=\"NOTICIASMERCEDINAS.COM\" \/>\n\t<meta name=\"twitter:label2\" content=\"Tiempo de lectura\" \/>\n\t<meta name=\"twitter:data2\" content=\"3 minutos\" \/>\n<script type=\"application\/ld+json\" class=\"yoast-schema-graph\">{\"@context\":\"https:\\\/\\\/schema.org\",\"@graph\":[{\"@type\":\"Article\",\"@id\":\"https:\\\/\\\/noticiasmercedinas.com\\\/site\\\/2025\\\/12\\\/22\\\/concierto-inedito-campanas-y-organo-tubular-sonaran-en-san-patricio\\\/#article\",\"isPartOf\":{\"@id\":\"https:\\\/\\\/noticiasmercedinas.com\\\/site\\\/2025\\\/12\\\/22\\\/concierto-inedito-campanas-y-organo-tubular-sonaran-en-san-patricio\\\/\"},\"author\":{\"name\":\"NOTICIASMERCEDINAS.COM\",\"@id\":\"https:\\\/\\\/noticiasmercedinas.com\\\/site\\\/#\\\/schema\\\/person\\\/84b59c099c28ff2e8b77d4ceec5d8063\"},\"headline\":\"Concierto in\u00e9dito: campanas y \u00f3rgano tubular sonar\u00e1n en San Patricio\",\"datePublished\":\"2025-12-22T23:53:38+00:00\",\"dateModified\":\"2025-12-23T14:16:22+00:00\",\"mainEntityOfPage\":{\"@id\":\"https:\\\/\\\/noticiasmercedinas.com\\\/site\\\/2025\\\/12\\\/22\\\/concierto-inedito-campanas-y-organo-tubular-sonaran-en-san-patricio\\\/\"},\"wordCount\":361,\"publisher\":{\"@id\":\"https:\\\/\\\/noticiasmercedinas.com\\\/site\\\/#organization\"},\"image\":{\"@id\":\"https:\\\/\\\/noticiasmercedinas.com\\\/site\\\/2025\\\/12\\\/22\\\/concierto-inedito-campanas-y-organo-tubular-sonaran-en-san-patricio\\\/#primaryimage\"},\"thumbnailUrl\":\"https:\\\/\\\/noticiasmercedinas.com\\\/site\\\/wp-content\\\/uploads\\\/2025\\\/12\\\/campanero1.jpg\",\"keywords\":[\"Alejandro Kauderer\",\"Federico Orio\",\"Manuel Maturo\",\"organo\",\"san patricio\"],\"articleSection\":[\"Cultura\",\"Ultimo momento\"],\"inLanguage\":\"es\"},{\"@type\":\"WebPage\",\"@id\":\"https:\\\/\\\/noticiasmercedinas.com\\\/site\\\/2025\\\/12\\\/22\\\/concierto-inedito-campanas-y-organo-tubular-sonaran-en-san-patricio\\\/\",\"url\":\"https:\\\/\\\/noticiasmercedinas.com\\\/site\\\/2025\\\/12\\\/22\\\/concierto-inedito-campanas-y-organo-tubular-sonaran-en-san-patricio\\\/\",\"name\":\"Concierto in\u00e9dito: campanas y \u00f3rgano tubular sonar\u00e1n en San Patricio\",\"isPartOf\":{\"@id\":\"https:\\\/\\\/noticiasmercedinas.com\\\/site\\\/#website\"},\"primaryImageOfPage\":{\"@id\":\"https:\\\/\\\/noticiasmercedinas.com\\\/site\\\/2025\\\/12\\\/22\\\/concierto-inedito-campanas-y-organo-tubular-sonaran-en-san-patricio\\\/#primaryimage\"},\"image\":{\"@id\":\"https:\\\/\\\/noticiasmercedinas.com\\\/site\\\/2025\\\/12\\\/22\\\/concierto-inedito-campanas-y-organo-tubular-sonaran-en-san-patricio\\\/#primaryimage\"},\"thumbnailUrl\":\"https:\\\/\\\/noticiasmercedinas.com\\\/site\\\/wp-content\\\/uploads\\\/2025\\\/12\\\/campanero1.jpg\",\"datePublished\":\"2025-12-22T23:53:38+00:00\",\"dateModified\":\"2025-12-23T14:16:22+00:00\",\"description\":\"\u25a0 El s\u00e1bado 27 de diciembre, Federico Orio y Alejandro Kauderer protagonizar\u00e1n un encuentro musical \u00fanico utilizando el carill\u00f3n de bronces alemanes y el \u00f3rgano de la iglesia. Es uno de los dos \u00fanicos instrumentos de su tipo en el pa\u00eds.\",\"breadcrumb\":{\"@id\":\"https:\\\/\\\/noticiasmercedinas.com\\\/site\\\/2025\\\/12\\\/22\\\/concierto-inedito-campanas-y-organo-tubular-sonaran-en-san-patricio\\\/#breadcrumb\"},\"inLanguage\":\"es\",\"potentialAction\":[{\"@type\":\"ReadAction\",\"target\":[\"https:\\\/\\\/noticiasmercedinas.com\\\/site\\\/2025\\\/12\\\/22\\\/concierto-inedito-campanas-y-organo-tubular-sonaran-en-san-patricio\\\/\"]}]},{\"@type\":\"ImageObject\",\"inLanguage\":\"es\",\"@id\":\"https:\\\/\\\/noticiasmercedinas.com\\\/site\\\/2025\\\/12\\\/22\\\/concierto-inedito-campanas-y-organo-tubular-sonaran-en-san-patricio\\\/#primaryimage\",\"url\":\"https:\\\/\\\/noticiasmercedinas.com\\\/site\\\/wp-content\\\/uploads\\\/2025\\\/12\\\/campanero1.jpg\",\"contentUrl\":\"https:\\\/\\\/noticiasmercedinas.com\\\/site\\\/wp-content\\\/uploads\\\/2025\\\/12\\\/campanero1.jpg\",\"width\":640,\"height\":360},{\"@type\":\"BreadcrumbList\",\"@id\":\"https:\\\/\\\/noticiasmercedinas.com\\\/site\\\/2025\\\/12\\\/22\\\/concierto-inedito-campanas-y-organo-tubular-sonaran-en-san-patricio\\\/#breadcrumb\",\"itemListElement\":[{\"@type\":\"ListItem\",\"position\":1,\"name\":\"Portada\",\"item\":\"https:\\\/\\\/noticiasmercedinas.com\\\/site\\\/\"},{\"@type\":\"ListItem\",\"position\":2,\"name\":\"Concierto in\u00e9dito: campanas y \u00f3rgano tubular sonar\u00e1n en San Patricio\"}]},{\"@type\":\"WebSite\",\"@id\":\"https:\\\/\\\/noticiasmercedinas.com\\\/site\\\/#website\",\"url\":\"https:\\\/\\\/noticiasmercedinas.com\\\/site\\\/\",\"name\":\"NOTICIASMERCEDINAS.COM\",\"description\":\"Mercedes, Buenos Aires, Argentina\",\"publisher\":{\"@id\":\"https:\\\/\\\/noticiasmercedinas.com\\\/site\\\/#organization\"},\"potentialAction\":[{\"@type\":\"SearchAction\",\"target\":{\"@type\":\"EntryPoint\",\"urlTemplate\":\"https:\\\/\\\/noticiasmercedinas.com\\\/site\\\/?s={search_term_string}\"},\"query-input\":{\"@type\":\"PropertyValueSpecification\",\"valueRequired\":true,\"valueName\":\"search_term_string\"}}],\"inLanguage\":\"es\"},{\"@type\":\"Organization\",\"@id\":\"https:\\\/\\\/noticiasmercedinas.com\\\/site\\\/#organization\",\"name\":\"NOTICIASMERCEDINAS.COM\",\"url\":\"https:\\\/\\\/noticiasmercedinas.com\\\/site\\\/\",\"logo\":{\"@type\":\"ImageObject\",\"inLanguage\":\"es\",\"@id\":\"https:\\\/\\\/noticiasmercedinas.com\\\/site\\\/#\\\/schema\\\/logo\\\/image\\\/\",\"url\":\"https:\\\/\\\/noticiasmercedinas.com\\\/site\\\/wp-content\\\/uploads\\\/2020\\\/06\\\/LOGO-512.jpg\",\"contentUrl\":\"https:\\\/\\\/noticiasmercedinas.com\\\/site\\\/wp-content\\\/uploads\\\/2020\\\/06\\\/LOGO-512.jpg\",\"width\":512,\"height\":512,\"caption\":\"NOTICIASMERCEDINAS.COM\"},\"image\":{\"@id\":\"https:\\\/\\\/noticiasmercedinas.com\\\/site\\\/#\\\/schema\\\/logo\\\/image\\\/\"},\"sameAs\":[\"https:\\\/\\\/www.facebook.com\\\/noticiasmercedinas\\\/\",\"https:\\\/\\\/x.com\\\/notmercedinas\",\"https:\\\/\\\/www.instagram.com\\\/noticiasmercedinas\\\/\"]},{\"@type\":\"Person\",\"@id\":\"https:\\\/\\\/noticiasmercedinas.com\\\/site\\\/#\\\/schema\\\/person\\\/84b59c099c28ff2e8b77d4ceec5d8063\",\"name\":\"NOTICIASMERCEDINAS.COM\",\"image\":{\"@type\":\"ImageObject\",\"inLanguage\":\"es\",\"@id\":\"https:\\\/\\\/secure.gravatar.com\\\/avatar\\\/4dfbf16b4d17945bfb6341b2d19043457132fcf478a5ee04f42e959fd8f5df0a?s=96&d=mm&r=g\",\"url\":\"https:\\\/\\\/secure.gravatar.com\\\/avatar\\\/4dfbf16b4d17945bfb6341b2d19043457132fcf478a5ee04f42e959fd8f5df0a?s=96&d=mm&r=g\",\"contentUrl\":\"https:\\\/\\\/secure.gravatar.com\\\/avatar\\\/4dfbf16b4d17945bfb6341b2d19043457132fcf478a5ee04f42e959fd8f5df0a?s=96&d=mm&r=g\",\"caption\":\"NOTICIASMERCEDINAS.COM\"},\"url\":\"https:\\\/\\\/noticiasmercedinas.com\\\/site\\\/author\\\/anonimo\\\/\"}]}<\/script>\n<!-- \/ Yoast SEO plugin. -->","yoast_head_json":{"title":"Concierto in\u00e9dito: campanas y \u00f3rgano tubular sonar\u00e1n en San Patricio","description":"\u25a0 El s\u00e1bado 27 de diciembre, Federico Orio y Alejandro Kauderer protagonizar\u00e1n un encuentro musical \u00fanico utilizando el carill\u00f3n de bronces alemanes y el \u00f3rgano de la iglesia. Es uno de los dos \u00fanicos instrumentos de su tipo en el pa\u00eds.","robots":{"index":"index","follow":"follow","max-snippet":"max-snippet:-1","max-image-preview":"max-image-preview:large","max-video-preview":"max-video-preview:-1"},"canonical":"https:\/\/noticiasmercedinas.com\/site\/2025\/12\/22\/concierto-inedito-campanas-y-organo-tubular-sonaran-en-san-patricio\/","og_locale":"es_ES","og_type":"article","og_title":"Concierto in\u00e9dito: campanas y \u00f3rgano tubular sonar\u00e1n en San Patricio","og_description":"\u25a0 El s\u00e1bado 27 de diciembre, Federico Orio y Alejandro Kauderer protagonizar\u00e1n un encuentro musical \u00fanico utilizando el carill\u00f3n de bronces alemanes y el \u00f3rgano de la iglesia. Es uno de los dos \u00fanicos instrumentos de su tipo en el pa\u00eds.","og_url":"https:\/\/noticiasmercedinas.com\/site\/2025\/12\/22\/concierto-inedito-campanas-y-organo-tubular-sonaran-en-san-patricio\/","og_site_name":"NOTICIASMERCEDINAS.COM","article_publisher":"https:\/\/www.facebook.com\/noticiasmercedinas\/","article_published_time":"2025-12-22T23:53:38+00:00","article_modified_time":"2025-12-23T14:16:22+00:00","og_image":[{"width":640,"height":360,"url":"https:\/\/noticiasmercedinas.com\/site\/wp-content\/uploads\/2025\/12\/campanero1.jpg","type":"image\/jpeg"}],"author":"NOTICIASMERCEDINAS.COM","twitter_card":"summary_large_image","twitter_creator":"@notmercedinas","twitter_site":"@notmercedinas","twitter_misc":{"Escrito por":"NOTICIASMERCEDINAS.COM","Tiempo de lectura":"3 minutos"},"schema":{"@context":"https:\/\/schema.org","@graph":[{"@type":"Article","@id":"https:\/\/noticiasmercedinas.com\/site\/2025\/12\/22\/concierto-inedito-campanas-y-organo-tubular-sonaran-en-san-patricio\/#article","isPartOf":{"@id":"https:\/\/noticiasmercedinas.com\/site\/2025\/12\/22\/concierto-inedito-campanas-y-organo-tubular-sonaran-en-san-patricio\/"},"author":{"name":"NOTICIASMERCEDINAS.COM","@id":"https:\/\/noticiasmercedinas.com\/site\/#\/schema\/person\/84b59c099c28ff2e8b77d4ceec5d8063"},"headline":"Concierto in\u00e9dito: campanas y \u00f3rgano tubular sonar\u00e1n en San Patricio","datePublished":"2025-12-22T23:53:38+00:00","dateModified":"2025-12-23T14:16:22+00:00","mainEntityOfPage":{"@id":"https:\/\/noticiasmercedinas.com\/site\/2025\/12\/22\/concierto-inedito-campanas-y-organo-tubular-sonaran-en-san-patricio\/"},"wordCount":361,"publisher":{"@id":"https:\/\/noticiasmercedinas.com\/site\/#organization"},"image":{"@id":"https:\/\/noticiasmercedinas.com\/site\/2025\/12\/22\/concierto-inedito-campanas-y-organo-tubular-sonaran-en-san-patricio\/#primaryimage"},"thumbnailUrl":"https:\/\/noticiasmercedinas.com\/site\/wp-content\/uploads\/2025\/12\/campanero1.jpg","keywords":["Alejandro Kauderer","Federico Orio","Manuel Maturo","organo","san patricio"],"articleSection":["Cultura","Ultimo momento"],"inLanguage":"es"},{"@type":"WebPage","@id":"https:\/\/noticiasmercedinas.com\/site\/2025\/12\/22\/concierto-inedito-campanas-y-organo-tubular-sonaran-en-san-patricio\/","url":"https:\/\/noticiasmercedinas.com\/site\/2025\/12\/22\/concierto-inedito-campanas-y-organo-tubular-sonaran-en-san-patricio\/","name":"Concierto in\u00e9dito: campanas y \u00f3rgano tubular sonar\u00e1n en San Patricio","isPartOf":{"@id":"https:\/\/noticiasmercedinas.com\/site\/#website"},"primaryImageOfPage":{"@id":"https:\/\/noticiasmercedinas.com\/site\/2025\/12\/22\/concierto-inedito-campanas-y-organo-tubular-sonaran-en-san-patricio\/#primaryimage"},"image":{"@id":"https:\/\/noticiasmercedinas.com\/site\/2025\/12\/22\/concierto-inedito-campanas-y-organo-tubular-sonaran-en-san-patricio\/#primaryimage"},"thumbnailUrl":"https:\/\/noticiasmercedinas.com\/site\/wp-content\/uploads\/2025\/12\/campanero1.jpg","datePublished":"2025-12-22T23:53:38+00:00","dateModified":"2025-12-23T14:16:22+00:00","description":"\u25a0 El s\u00e1bado 27 de diciembre, Federico Orio y Alejandro Kauderer protagonizar\u00e1n un encuentro musical \u00fanico utilizando el carill\u00f3n de bronces alemanes y el \u00f3rgano de la iglesia. Es uno de los dos \u00fanicos instrumentos de su tipo en el pa\u00eds.","breadcrumb":{"@id":"https:\/\/noticiasmercedinas.com\/site\/2025\/12\/22\/concierto-inedito-campanas-y-organo-tubular-sonaran-en-san-patricio\/#breadcrumb"},"inLanguage":"es","potentialAction":[{"@type":"ReadAction","target":["https:\/\/noticiasmercedinas.com\/site\/2025\/12\/22\/concierto-inedito-campanas-y-organo-tubular-sonaran-en-san-patricio\/"]}]},{"@type":"ImageObject","inLanguage":"es","@id":"https:\/\/noticiasmercedinas.com\/site\/2025\/12\/22\/concierto-inedito-campanas-y-organo-tubular-sonaran-en-san-patricio\/#primaryimage","url":"https:\/\/noticiasmercedinas.com\/site\/wp-content\/uploads\/2025\/12\/campanero1.jpg","contentUrl":"https:\/\/noticiasmercedinas.com\/site\/wp-content\/uploads\/2025\/12\/campanero1.jpg","width":640,"height":360},{"@type":"BreadcrumbList","@id":"https:\/\/noticiasmercedinas.com\/site\/2025\/12\/22\/concierto-inedito-campanas-y-organo-tubular-sonaran-en-san-patricio\/#breadcrumb","itemListElement":[{"@type":"ListItem","position":1,"name":"Portada","item":"https:\/\/noticiasmercedinas.com\/site\/"},{"@type":"ListItem","position":2,"name":"Concierto in\u00e9dito: campanas y \u00f3rgano tubular sonar\u00e1n en San Patricio"}]},{"@type":"WebSite","@id":"https:\/\/noticiasmercedinas.com\/site\/#website","url":"https:\/\/noticiasmercedinas.com\/site\/","name":"NOTICIASMERCEDINAS.COM","description":"Mercedes, Buenos Aires, Argentina","publisher":{"@id":"https:\/\/noticiasmercedinas.com\/site\/#organization"},"potentialAction":[{"@type":"SearchAction","target":{"@type":"EntryPoint","urlTemplate":"https:\/\/noticiasmercedinas.com\/site\/?s={search_term_string}"},"query-input":{"@type":"PropertyValueSpecification","valueRequired":true,"valueName":"search_term_string"}}],"inLanguage":"es"},{"@type":"Organization","@id":"https:\/\/noticiasmercedinas.com\/site\/#organization","name":"NOTICIASMERCEDINAS.COM","url":"https:\/\/noticiasmercedinas.com\/site\/","logo":{"@type":"ImageObject","inLanguage":"es","@id":"https:\/\/noticiasmercedinas.com\/site\/#\/schema\/logo\/image\/","url":"https:\/\/noticiasmercedinas.com\/site\/wp-content\/uploads\/2020\/06\/LOGO-512.jpg","contentUrl":"https:\/\/noticiasmercedinas.com\/site\/wp-content\/uploads\/2020\/06\/LOGO-512.jpg","width":512,"height":512,"caption":"NOTICIASMERCEDINAS.COM"},"image":{"@id":"https:\/\/noticiasmercedinas.com\/site\/#\/schema\/logo\/image\/"},"sameAs":["https:\/\/www.facebook.com\/noticiasmercedinas\/","https:\/\/x.com\/notmercedinas","https:\/\/www.instagram.com\/noticiasmercedinas\/"]},{"@type":"Person","@id":"https:\/\/noticiasmercedinas.com\/site\/#\/schema\/person\/84b59c099c28ff2e8b77d4ceec5d8063","name":"NOTICIASMERCEDINAS.COM","image":{"@type":"ImageObject","inLanguage":"es","@id":"https:\/\/secure.gravatar.com\/avatar\/4dfbf16b4d17945bfb6341b2d19043457132fcf478a5ee04f42e959fd8f5df0a?s=96&d=mm&r=g","url":"https:\/\/secure.gravatar.com\/avatar\/4dfbf16b4d17945bfb6341b2d19043457132fcf478a5ee04f42e959fd8f5df0a?s=96&d=mm&r=g","contentUrl":"https:\/\/secure.gravatar.com\/avatar\/4dfbf16b4d17945bfb6341b2d19043457132fcf478a5ee04f42e959fd8f5df0a?s=96&d=mm&r=g","caption":"NOTICIASMERCEDINAS.COM"},"url":"https:\/\/noticiasmercedinas.com\/site\/author\/anonimo\/"}]}},"amp_enabled":true,"_links":{"self":[{"href":"https:\/\/noticiasmercedinas.com\/site\/wp-json\/wp\/v2\/posts\/177269","targetHints":{"allow":["GET"]}}],"collection":[{"href":"https:\/\/noticiasmercedinas.com\/site\/wp-json\/wp\/v2\/posts"}],"about":[{"href":"https:\/\/noticiasmercedinas.com\/site\/wp-json\/wp\/v2\/types\/post"}],"author":[{"embeddable":true,"href":"https:\/\/noticiasmercedinas.com\/site\/wp-json\/wp\/v2\/users\/16"}],"replies":[{"embeddable":true,"href":"https:\/\/noticiasmercedinas.com\/site\/wp-json\/wp\/v2\/comments?post=177269"}],"version-history":[{"count":1,"href":"https:\/\/noticiasmercedinas.com\/site\/wp-json\/wp\/v2\/posts\/177269\/revisions"}],"predecessor-version":[{"id":177272,"href":"https:\/\/noticiasmercedinas.com\/site\/wp-json\/wp\/v2\/posts\/177269\/revisions\/177272"}],"wp:featuredmedia":[{"embeddable":true,"href":"https:\/\/noticiasmercedinas.com\/site\/wp-json\/wp\/v2\/media\/177271"}],"wp:attachment":[{"href":"https:\/\/noticiasmercedinas.com\/site\/wp-json\/wp\/v2\/media?parent=177269"}],"wp:term":[{"taxonomy":"category","embeddable":true,"href":"https:\/\/noticiasmercedinas.com\/site\/wp-json\/wp\/v2\/categories?post=177269"},{"taxonomy":"post_tag","embeddable":true,"href":"https:\/\/noticiasmercedinas.com\/site\/wp-json\/wp\/v2\/tags?post=177269"}],"curies":[{"name":"wp","href":"https:\/\/api.w.org\/{rel}","templated":true}]}}