{"id":177415,"date":"2025-12-25T22:37:19","date_gmt":"2025-12-26T01:37:19","guid":{"rendered":"https:\/\/noticiasmercedinas.com\/site\/?p=177415"},"modified":"2025-12-25T22:37:19","modified_gmt":"2025-12-26T01:37:19","slug":"mundo-magico-lanza-promocion-del-15-off-en-eventos-infantiles","status":"publish","type":"post","link":"https:\/\/noticiasmercedinas.com\/site\/2025\/12\/25\/mundo-magico-lanza-promocion-del-15-off-en-eventos-infantiles\/","title":{"rendered":"Mundo M\u00e1gico lanza promoci\u00f3n del 15% off en eventos infantiles"},"content":{"rendered":"<p data-path-to-node=\"4\"><img loading=\"lazy\" decoding=\"async\" class=\"alignnone size-full wp-image-168259\" src=\"https:\/\/noticiasmercedinas.com\/site\/wp-content\/uploads\/2025\/08\/Mundo-Magico-Mercedes.png\" alt=\"\" width=\"1500\" height=\"1500\" srcset=\"https:\/\/noticiasmercedinas.com\/site\/wp-content\/uploads\/2025\/08\/Mundo-Magico-Mercedes.png 1500w, https:\/\/noticiasmercedinas.com\/site\/wp-content\/uploads\/2025\/08\/Mundo-Magico-Mercedes-300x300.png 300w, https:\/\/noticiasmercedinas.com\/site\/wp-content\/uploads\/2025\/08\/Mundo-Magico-Mercedes-1024x1024.png 1024w, https:\/\/noticiasmercedinas.com\/site\/wp-content\/uploads\/2025\/08\/Mundo-Magico-Mercedes-150x150.png 150w, https:\/\/noticiasmercedinas.com\/site\/wp-content\/uploads\/2025\/08\/Mundo-Magico-Mercedes-768x768.png 768w, https:\/\/noticiasmercedinas.com\/site\/wp-content\/uploads\/2025\/08\/Mundo-Magico-Mercedes-640x640.png 640w, https:\/\/noticiasmercedinas.com\/site\/wp-content\/uploads\/2025\/08\/Mundo-Magico-Mercedes-1280x1280.png 1280w, https:\/\/noticiasmercedinas.com\/site\/wp-content\/uploads\/2025\/08\/Mundo-Magico-Mercedes-681x681.png 681w, https:\/\/noticiasmercedinas.com\/site\/wp-content\/uploads\/2025\/08\/Mundo-Magico-Mercedes-1362x1362.png 1362w\" sizes=\"auto, (max-width: 1500px) 100vw, 1500px\" \/><\/p>\n<p data-path-to-node=\"4\">Con el objetivo de facilitar la planificaci\u00f3n de celebraciones infantiles, el sal\u00f3n <b data-path-to-node=\"4\" data-index-in-node=\"96\">Mundo M\u00e1gico Mercedes<\/b> anunci\u00f3 una <b data-path-to-node=\"4\" data-index-in-node=\"130\">promoci\u00f3n especial por tiempo limitado<\/b> que ofrece un <b data-path-to-node=\"4\" data-index-in-node=\"183\">15% de descuento<\/b> en la contrataci\u00f3n de cumplea\u00f1os y eventos.<\/p>\n<p data-path-to-node=\"4\">El beneficio es v\u00e1lido para las reservas confirmadas desde ahora y hasta el pr\u00f3ximo <b data-path-to-node=\"4\" data-index-in-node=\"328\">10 de enero de 2026<\/b>.<\/p>\n<blockquote>\n<p data-path-to-node=\"3\">El sal\u00f3n de fiestas ofrece un descuento especial para reservas realizadas hasta el 10 de enero de 2026. Con instalaciones climatizadas y una amplia variedad de juegos, buscan consolidarse como la opci\u00f3n ideal para festejos de verano en la ciudad.<\/p>\n<\/blockquote>\n<h3 data-path-to-node=\"5\">Instalaciones preparadas para el verano<\/h3>\n<p data-path-to-node=\"6\">Ante las altas temperaturas de la temporada, el sal\u00f3n destaca como principal diferencial su <b data-path-to-node=\"6\" data-index-in-node=\"92\">sistema de climatizaci\u00f3n integral<\/b>. Esta caracter\u00edstica asegura que tanto ni\u00f1os como adultos puedan disfrutar de las instalaciones con total comodidad, en un espacio amplio y seguro dise\u00f1ado espec\u00edficamente para festejos familiares.<\/p>\n<p data-path-to-node=\"8\">El complejo, ubicado en la <b data-path-to-node=\"8\" data-index-in-node=\"27\">Calle 39 entre 102 y 106 (N\u00b0 3133)<\/b>, cuenta con una infraestructura l\u00fadica diversa que incluye:<\/p>\n<ul>\n<li data-path-to-node=\"9,0,0\"><b data-path-to-node=\"9,0,0\" data-index-in-node=\"0\">Deportes y acci\u00f3n<\/b>: Cancha de f\u00fatbol, inflables y cama el\u00e1stica.<\/li>\n<li data-path-to-node=\"9,1,0\"><b data-path-to-node=\"9,1,0\" data-index-in-node=\"0\">Juegos cl\u00e1sicos<\/b>: Metegol, tejo y ping pong.<\/li>\n<li data-path-to-node=\"9,2,0\"><b data-path-to-node=\"9,2,0\" data-index-in-node=\"0\">Tecnolog\u00eda y primera infancia<\/b>: M\u00e1quinas arcade para los m\u00e1s grandes y una plaza blanda especialmente dise\u00f1ada para los m\u00e1s peque\u00f1os.<\/li>\n<\/ul>\n<h3 data-path-to-node=\"10\">Contacto y reservas<\/h3>\n<p data-path-to-node=\"11\">La administraci\u00f3n del sal\u00f3n invita a los interesados a asegurar sus fechas con antelaci\u00f3n para aprovechar el descuento vigente. Las consultas pueden realizarse a trav\u00e9s de los siguientes canales:<\/p>\n<p data-path-to-node=\"12,0,0\"><b data-path-to-node=\"12,0,0\" data-index-in-node=\"0\">WhatsApp<\/b>: 2324505990<\/p>\n<p data-path-to-node=\"12,1,0\"><b data-path-to-node=\"12,1,0\" data-index-in-node=\"0\">Plataforma Digital<\/b>: Toda la informaci\u00f3n detallada se encuentra disponible en su enlace oficial <a class=\"ng-star-inserted\" href=\"https:\/\/linktr.ee\/mundomagico.mercedes\" target=\"_blank\" rel=\"noopener\" data-hveid=\"0\" data-ved=\"0CAAQ_4QMahcKEwiOpsO0_9iRAxUAAAAAHQAAAAAQRA\">linktr.ee\/mundomagico.mercedes<\/a>.<\/p>\n<p data-path-to-node=\"12,1,0\"><img loading=\"lazy\" decoding=\"async\" class=\"alignnone size-full wp-image-168258\" src=\"https:\/\/noticiasmercedinas.com\/site\/wp-content\/uploads\/2025\/08\/mundo-magico-mercedes-salon-cumpleanos-infantiles-mercedes-buenos-aires-e1756656265296.png\" alt=\"\" width=\"1080\" height=\"862\" srcset=\"https:\/\/noticiasmercedinas.com\/site\/wp-content\/uploads\/2025\/08\/mundo-magico-mercedes-salon-cumpleanos-infantiles-mercedes-buenos-aires-e1756656265296.png 1080w, https:\/\/noticiasmercedinas.com\/site\/wp-content\/uploads\/2025\/08\/mundo-magico-mercedes-salon-cumpleanos-infantiles-mercedes-buenos-aires-e1756656265296-300x239.png 300w, https:\/\/noticiasmercedinas.com\/site\/wp-content\/uploads\/2025\/08\/mundo-magico-mercedes-salon-cumpleanos-infantiles-mercedes-buenos-aires-e1756656265296-1024x817.png 1024w, https:\/\/noticiasmercedinas.com\/site\/wp-content\/uploads\/2025\/08\/mundo-magico-mercedes-salon-cumpleanos-infantiles-mercedes-buenos-aires-e1756656265296-768x613.png 768w, https:\/\/noticiasmercedinas.com\/site\/wp-content\/uploads\/2025\/08\/mundo-magico-mercedes-salon-cumpleanos-infantiles-mercedes-buenos-aires-e1756656265296-640x511.png 640w, https:\/\/noticiasmercedinas.com\/site\/wp-content\/uploads\/2025\/08\/mundo-magico-mercedes-salon-cumpleanos-infantiles-mercedes-buenos-aires-e1756656265296-681x544.png 681w\" sizes=\"auto, (max-width: 1080px) 100vw, 1080px\" \/><\/p>\n","protected":false},"excerpt":{"rendered":"<p>Con el objetivo de facilitar la planificaci\u00f3n de celebraciones infantiles, el sal\u00f3n Mundo M\u00e1gico Mercedes anunci\u00f3 una promoci\u00f3n especial por tiempo limitado que ofrece un 15% de descuento en la contrataci\u00f3n de cumplea\u00f1os y eventos. El beneficio es v\u00e1lido para las reservas confirmadas desde ahora y hasta el pr\u00f3ximo 10 de enero de 2026. El [&hellip;]<\/p>\n","protected":false},"author":16,"featured_media":168259,"comment_status":"closed","ping_status":"closed","sticky":false,"template":"","format":"standard","meta":{"footnotes":""},"categories":[74],"tags":[6115,10265,20811,6378],"class_list":["post-177415","post","type-post","status-publish","format-standard","has-post-thumbnail","hentry","category-emprendimientos","tag-cumpleanos","tag-eventos","tag-mundo-magico","tag-promocion"],"yoast_head":"<!-- This site is optimized with the Yoast SEO plugin v27.4 - https:\/\/yoast.com\/product\/yoast-seo-wordpress\/ -->\n<title>Mundo M\u00e1gico lanza promoci\u00f3n del 15% off en eventos infantiles<\/title>\n<meta name=\"robots\" content=\"index, follow, max-snippet:-1, max-image-preview:large, max-video-preview:-1\" \/>\n<link rel=\"canonical\" href=\"https:\/\/noticiasmercedinas.com\/site\/2025\/12\/25\/mundo-magico-lanza-promocion-del-15-off-en-eventos-infantiles\/\" \/>\n<meta property=\"og:locale\" content=\"es_ES\" \/>\n<meta property=\"og:type\" content=\"article\" \/>\n<meta property=\"og:title\" content=\"Mundo M\u00e1gico lanza promoci\u00f3n del 15% off en eventos infantiles\" \/>\n<meta property=\"og:description\" content=\"Con el objetivo de facilitar la planificaci\u00f3n de celebraciones infantiles, el sal\u00f3n Mundo M\u00e1gico Mercedes anunci\u00f3 una promoci\u00f3n especial por tiempo limitado que ofrece un 15% de descuento en la contrataci\u00f3n de cumplea\u00f1os y eventos. El beneficio es v\u00e1lido para las reservas confirmadas desde ahora y hasta el pr\u00f3ximo 10 de enero de 2026. El [&hellip;]\" \/>\n<meta property=\"og:url\" content=\"https:\/\/noticiasmercedinas.com\/site\/2025\/12\/25\/mundo-magico-lanza-promocion-del-15-off-en-eventos-infantiles\/\" \/>\n<meta property=\"og:site_name\" content=\"NOTICIASMERCEDINAS.COM\" \/>\n<meta property=\"article:publisher\" content=\"https:\/\/www.facebook.com\/noticiasmercedinas\/\" \/>\n<meta property=\"article:published_time\" content=\"2025-12-26T01:37:19+00:00\" \/>\n<meta property=\"og:image\" content=\"https:\/\/noticiasmercedinas.com\/site\/wp-content\/uploads\/2025\/08\/Mundo-Magico-Mercedes.png\" \/>\n\t<meta property=\"og:image:width\" content=\"1500\" \/>\n\t<meta property=\"og:image:height\" content=\"1500\" \/>\n\t<meta property=\"og:image:type\" content=\"image\/png\" \/>\n<meta name=\"author\" content=\"NOTICIASMERCEDINAS.COM\" \/>\n<meta name=\"twitter:card\" content=\"summary_large_image\" \/>\n<meta name=\"twitter:creator\" content=\"@notmercedinas\" \/>\n<meta name=\"twitter:site\" content=\"@notmercedinas\" \/>\n<meta name=\"twitter:label1\" content=\"Escrito por\" \/>\n\t<meta name=\"twitter:data1\" content=\"NOTICIASMERCEDINAS.COM\" \/>\n\t<meta name=\"twitter:label2\" content=\"Tiempo de lectura\" \/>\n\t<meta name=\"twitter:data2\" content=\"2 minutos\" \/>\n<script type=\"application\/ld+json\" class=\"yoast-schema-graph\">{\"@context\":\"https:\\\/\\\/schema.org\",\"@graph\":[{\"@type\":\"Article\",\"@id\":\"https:\\\/\\\/noticiasmercedinas.com\\\/site\\\/2025\\\/12\\\/25\\\/mundo-magico-lanza-promocion-del-15-off-en-eventos-infantiles\\\/#article\",\"isPartOf\":{\"@id\":\"https:\\\/\\\/noticiasmercedinas.com\\\/site\\\/2025\\\/12\\\/25\\\/mundo-magico-lanza-promocion-del-15-off-en-eventos-infantiles\\\/\"},\"author\":{\"name\":\"NOTICIASMERCEDINAS.COM\",\"@id\":\"https:\\\/\\\/noticiasmercedinas.com\\\/site\\\/#\\\/schema\\\/person\\\/84b59c099c28ff2e8b77d4ceec5d8063\"},\"headline\":\"Mundo M\u00e1gico lanza promoci\u00f3n del 15% off en eventos infantiles\",\"datePublished\":\"2025-12-26T01:37:19+00:00\",\"mainEntityOfPage\":{\"@id\":\"https:\\\/\\\/noticiasmercedinas.com\\\/site\\\/2025\\\/12\\\/25\\\/mundo-magico-lanza-promocion-del-15-off-en-eventos-infantiles\\\/\"},\"wordCount\":286,\"publisher\":{\"@id\":\"https:\\\/\\\/noticiasmercedinas.com\\\/site\\\/#organization\"},\"image\":{\"@id\":\"https:\\\/\\\/noticiasmercedinas.com\\\/site\\\/2025\\\/12\\\/25\\\/mundo-magico-lanza-promocion-del-15-off-en-eventos-infantiles\\\/#primaryimage\"},\"thumbnailUrl\":\"https:\\\/\\\/noticiasmercedinas.com\\\/site\\\/wp-content\\\/uploads\\\/2025\\\/08\\\/Mundo-Magico-Mercedes.png\",\"keywords\":[\"cumplea\u00f1os\",\"eventos\",\"mundo magico\",\"promocion\"],\"articleSection\":[\"Emprendimientos\"],\"inLanguage\":\"es\"},{\"@type\":\"WebPage\",\"@id\":\"https:\\\/\\\/noticiasmercedinas.com\\\/site\\\/2025\\\/12\\\/25\\\/mundo-magico-lanza-promocion-del-15-off-en-eventos-infantiles\\\/\",\"url\":\"https:\\\/\\\/noticiasmercedinas.com\\\/site\\\/2025\\\/12\\\/25\\\/mundo-magico-lanza-promocion-del-15-off-en-eventos-infantiles\\\/\",\"name\":\"Mundo M\u00e1gico lanza promoci\u00f3n del 15% off en eventos infantiles\",\"isPartOf\":{\"@id\":\"https:\\\/\\\/noticiasmercedinas.com\\\/site\\\/#website\"},\"primaryImageOfPage\":{\"@id\":\"https:\\\/\\\/noticiasmercedinas.com\\\/site\\\/2025\\\/12\\\/25\\\/mundo-magico-lanza-promocion-del-15-off-en-eventos-infantiles\\\/#primaryimage\"},\"image\":{\"@id\":\"https:\\\/\\\/noticiasmercedinas.com\\\/site\\\/2025\\\/12\\\/25\\\/mundo-magico-lanza-promocion-del-15-off-en-eventos-infantiles\\\/#primaryimage\"},\"thumbnailUrl\":\"https:\\\/\\\/noticiasmercedinas.com\\\/site\\\/wp-content\\\/uploads\\\/2025\\\/08\\\/Mundo-Magico-Mercedes.png\",\"datePublished\":\"2025-12-26T01:37:19+00:00\",\"breadcrumb\":{\"@id\":\"https:\\\/\\\/noticiasmercedinas.com\\\/site\\\/2025\\\/12\\\/25\\\/mundo-magico-lanza-promocion-del-15-off-en-eventos-infantiles\\\/#breadcrumb\"},\"inLanguage\":\"es\",\"potentialAction\":[{\"@type\":\"ReadAction\",\"target\":[\"https:\\\/\\\/noticiasmercedinas.com\\\/site\\\/2025\\\/12\\\/25\\\/mundo-magico-lanza-promocion-del-15-off-en-eventos-infantiles\\\/\"]}]},{\"@type\":\"ImageObject\",\"inLanguage\":\"es\",\"@id\":\"https:\\\/\\\/noticiasmercedinas.com\\\/site\\\/2025\\\/12\\\/25\\\/mundo-magico-lanza-promocion-del-15-off-en-eventos-infantiles\\\/#primaryimage\",\"url\":\"https:\\\/\\\/noticiasmercedinas.com\\\/site\\\/wp-content\\\/uploads\\\/2025\\\/08\\\/Mundo-Magico-Mercedes.png\",\"contentUrl\":\"https:\\\/\\\/noticiasmercedinas.com\\\/site\\\/wp-content\\\/uploads\\\/2025\\\/08\\\/Mundo-Magico-Mercedes.png\",\"width\":1500,\"height\":1500},{\"@type\":\"BreadcrumbList\",\"@id\":\"https:\\\/\\\/noticiasmercedinas.com\\\/site\\\/2025\\\/12\\\/25\\\/mundo-magico-lanza-promocion-del-15-off-en-eventos-infantiles\\\/#breadcrumb\",\"itemListElement\":[{\"@type\":\"ListItem\",\"position\":1,\"name\":\"Portada\",\"item\":\"https:\\\/\\\/noticiasmercedinas.com\\\/site\\\/\"},{\"@type\":\"ListItem\",\"position\":2,\"name\":\"Mundo M\u00e1gico lanza promoci\u00f3n del 15% off en eventos infantiles\"}]},{\"@type\":\"WebSite\",\"@id\":\"https:\\\/\\\/noticiasmercedinas.com\\\/site\\\/#website\",\"url\":\"https:\\\/\\\/noticiasmercedinas.com\\\/site\\\/\",\"name\":\"NOTICIASMERCEDINAS.COM\",\"description\":\"Mercedes, Buenos Aires, Argentina\",\"publisher\":{\"@id\":\"https:\\\/\\\/noticiasmercedinas.com\\\/site\\\/#organization\"},\"potentialAction\":[{\"@type\":\"SearchAction\",\"target\":{\"@type\":\"EntryPoint\",\"urlTemplate\":\"https:\\\/\\\/noticiasmercedinas.com\\\/site\\\/?s={search_term_string}\"},\"query-input\":{\"@type\":\"PropertyValueSpecification\",\"valueRequired\":true,\"valueName\":\"search_term_string\"}}],\"inLanguage\":\"es\"},{\"@type\":\"Organization\",\"@id\":\"https:\\\/\\\/noticiasmercedinas.com\\\/site\\\/#organization\",\"name\":\"NOTICIASMERCEDINAS.COM\",\"url\":\"https:\\\/\\\/noticiasmercedinas.com\\\/site\\\/\",\"logo\":{\"@type\":\"ImageObject\",\"inLanguage\":\"es\",\"@id\":\"https:\\\/\\\/noticiasmercedinas.com\\\/site\\\/#\\\/schema\\\/logo\\\/image\\\/\",\"url\":\"https:\\\/\\\/noticiasmercedinas.com\\\/site\\\/wp-content\\\/uploads\\\/2020\\\/06\\\/LOGO-512.jpg\",\"contentUrl\":\"https:\\\/\\\/noticiasmercedinas.com\\\/site\\\/wp-content\\\/uploads\\\/2020\\\/06\\\/LOGO-512.jpg\",\"width\":512,\"height\":512,\"caption\":\"NOTICIASMERCEDINAS.COM\"},\"image\":{\"@id\":\"https:\\\/\\\/noticiasmercedinas.com\\\/site\\\/#\\\/schema\\\/logo\\\/image\\\/\"},\"sameAs\":[\"https:\\\/\\\/www.facebook.com\\\/noticiasmercedinas\\\/\",\"https:\\\/\\\/x.com\\\/notmercedinas\",\"https:\\\/\\\/www.instagram.com\\\/noticiasmercedinas\\\/\"]},{\"@type\":\"Person\",\"@id\":\"https:\\\/\\\/noticiasmercedinas.com\\\/site\\\/#\\\/schema\\\/person\\\/84b59c099c28ff2e8b77d4ceec5d8063\",\"name\":\"NOTICIASMERCEDINAS.COM\",\"image\":{\"@type\":\"ImageObject\",\"inLanguage\":\"es\",\"@id\":\"https:\\\/\\\/secure.gravatar.com\\\/avatar\\\/4dfbf16b4d17945bfb6341b2d19043457132fcf478a5ee04f42e959fd8f5df0a?s=96&d=mm&r=g\",\"url\":\"https:\\\/\\\/secure.gravatar.com\\\/avatar\\\/4dfbf16b4d17945bfb6341b2d19043457132fcf478a5ee04f42e959fd8f5df0a?s=96&d=mm&r=g\",\"contentUrl\":\"https:\\\/\\\/secure.gravatar.com\\\/avatar\\\/4dfbf16b4d17945bfb6341b2d19043457132fcf478a5ee04f42e959fd8f5df0a?s=96&d=mm&r=g\",\"caption\":\"NOTICIASMERCEDINAS.COM\"},\"url\":\"https:\\\/\\\/noticiasmercedinas.com\\\/site\\\/author\\\/anonimo\\\/\"}]}<\/script>\n<!-- \/ Yoast SEO plugin. -->","yoast_head_json":{"title":"Mundo M\u00e1gico lanza promoci\u00f3n del 15% off en eventos infantiles","robots":{"index":"index","follow":"follow","max-snippet":"max-snippet:-1","max-image-preview":"max-image-preview:large","max-video-preview":"max-video-preview:-1"},"canonical":"https:\/\/noticiasmercedinas.com\/site\/2025\/12\/25\/mundo-magico-lanza-promocion-del-15-off-en-eventos-infantiles\/","og_locale":"es_ES","og_type":"article","og_title":"Mundo M\u00e1gico lanza promoci\u00f3n del 15% off en eventos infantiles","og_description":"Con el objetivo de facilitar la planificaci\u00f3n de celebraciones infantiles, el sal\u00f3n Mundo M\u00e1gico Mercedes anunci\u00f3 una promoci\u00f3n especial por tiempo limitado que ofrece un 15% de descuento en la contrataci\u00f3n de cumplea\u00f1os y eventos. El beneficio es v\u00e1lido para las reservas confirmadas desde ahora y hasta el pr\u00f3ximo 10 de enero de 2026. El [&hellip;]","og_url":"https:\/\/noticiasmercedinas.com\/site\/2025\/12\/25\/mundo-magico-lanza-promocion-del-15-off-en-eventos-infantiles\/","og_site_name":"NOTICIASMERCEDINAS.COM","article_publisher":"https:\/\/www.facebook.com\/noticiasmercedinas\/","article_published_time":"2025-12-26T01:37:19+00:00","og_image":[{"width":1500,"height":1500,"url":"https:\/\/noticiasmercedinas.com\/site\/wp-content\/uploads\/2025\/08\/Mundo-Magico-Mercedes.png","type":"image\/png"}],"author":"NOTICIASMERCEDINAS.COM","twitter_card":"summary_large_image","twitter_creator":"@notmercedinas","twitter_site":"@notmercedinas","twitter_misc":{"Escrito por":"NOTICIASMERCEDINAS.COM","Tiempo de lectura":"2 minutos"},"schema":{"@context":"https:\/\/schema.org","@graph":[{"@type":"Article","@id":"https:\/\/noticiasmercedinas.com\/site\/2025\/12\/25\/mundo-magico-lanza-promocion-del-15-off-en-eventos-infantiles\/#article","isPartOf":{"@id":"https:\/\/noticiasmercedinas.com\/site\/2025\/12\/25\/mundo-magico-lanza-promocion-del-15-off-en-eventos-infantiles\/"},"author":{"name":"NOTICIASMERCEDINAS.COM","@id":"https:\/\/noticiasmercedinas.com\/site\/#\/schema\/person\/84b59c099c28ff2e8b77d4ceec5d8063"},"headline":"Mundo M\u00e1gico lanza promoci\u00f3n del 15% off en eventos infantiles","datePublished":"2025-12-26T01:37:19+00:00","mainEntityOfPage":{"@id":"https:\/\/noticiasmercedinas.com\/site\/2025\/12\/25\/mundo-magico-lanza-promocion-del-15-off-en-eventos-infantiles\/"},"wordCount":286,"publisher":{"@id":"https:\/\/noticiasmercedinas.com\/site\/#organization"},"image":{"@id":"https:\/\/noticiasmercedinas.com\/site\/2025\/12\/25\/mundo-magico-lanza-promocion-del-15-off-en-eventos-infantiles\/#primaryimage"},"thumbnailUrl":"https:\/\/noticiasmercedinas.com\/site\/wp-content\/uploads\/2025\/08\/Mundo-Magico-Mercedes.png","keywords":["cumplea\u00f1os","eventos","mundo magico","promocion"],"articleSection":["Emprendimientos"],"inLanguage":"es"},{"@type":"WebPage","@id":"https:\/\/noticiasmercedinas.com\/site\/2025\/12\/25\/mundo-magico-lanza-promocion-del-15-off-en-eventos-infantiles\/","url":"https:\/\/noticiasmercedinas.com\/site\/2025\/12\/25\/mundo-magico-lanza-promocion-del-15-off-en-eventos-infantiles\/","name":"Mundo M\u00e1gico lanza promoci\u00f3n del 15% off en eventos infantiles","isPartOf":{"@id":"https:\/\/noticiasmercedinas.com\/site\/#website"},"primaryImageOfPage":{"@id":"https:\/\/noticiasmercedinas.com\/site\/2025\/12\/25\/mundo-magico-lanza-promocion-del-15-off-en-eventos-infantiles\/#primaryimage"},"image":{"@id":"https:\/\/noticiasmercedinas.com\/site\/2025\/12\/25\/mundo-magico-lanza-promocion-del-15-off-en-eventos-infantiles\/#primaryimage"},"thumbnailUrl":"https:\/\/noticiasmercedinas.com\/site\/wp-content\/uploads\/2025\/08\/Mundo-Magico-Mercedes.png","datePublished":"2025-12-26T01:37:19+00:00","breadcrumb":{"@id":"https:\/\/noticiasmercedinas.com\/site\/2025\/12\/25\/mundo-magico-lanza-promocion-del-15-off-en-eventos-infantiles\/#breadcrumb"},"inLanguage":"es","potentialAction":[{"@type":"ReadAction","target":["https:\/\/noticiasmercedinas.com\/site\/2025\/12\/25\/mundo-magico-lanza-promocion-del-15-off-en-eventos-infantiles\/"]}]},{"@type":"ImageObject","inLanguage":"es","@id":"https:\/\/noticiasmercedinas.com\/site\/2025\/12\/25\/mundo-magico-lanza-promocion-del-15-off-en-eventos-infantiles\/#primaryimage","url":"https:\/\/noticiasmercedinas.com\/site\/wp-content\/uploads\/2025\/08\/Mundo-Magico-Mercedes.png","contentUrl":"https:\/\/noticiasmercedinas.com\/site\/wp-content\/uploads\/2025\/08\/Mundo-Magico-Mercedes.png","width":1500,"height":1500},{"@type":"BreadcrumbList","@id":"https:\/\/noticiasmercedinas.com\/site\/2025\/12\/25\/mundo-magico-lanza-promocion-del-15-off-en-eventos-infantiles\/#breadcrumb","itemListElement":[{"@type":"ListItem","position":1,"name":"Portada","item":"https:\/\/noticiasmercedinas.com\/site\/"},{"@type":"ListItem","position":2,"name":"Mundo M\u00e1gico lanza promoci\u00f3n del 15% off en eventos infantiles"}]},{"@type":"WebSite","@id":"https:\/\/noticiasmercedinas.com\/site\/#website","url":"https:\/\/noticiasmercedinas.com\/site\/","name":"NOTICIASMERCEDINAS.COM","description":"Mercedes, Buenos Aires, Argentina","publisher":{"@id":"https:\/\/noticiasmercedinas.com\/site\/#organization"},"potentialAction":[{"@type":"SearchAction","target":{"@type":"EntryPoint","urlTemplate":"https:\/\/noticiasmercedinas.com\/site\/?s={search_term_string}"},"query-input":{"@type":"PropertyValueSpecification","valueRequired":true,"valueName":"search_term_string"}}],"inLanguage":"es"},{"@type":"Organization","@id":"https:\/\/noticiasmercedinas.com\/site\/#organization","name":"NOTICIASMERCEDINAS.COM","url":"https:\/\/noticiasmercedinas.com\/site\/","logo":{"@type":"ImageObject","inLanguage":"es","@id":"https:\/\/noticiasmercedinas.com\/site\/#\/schema\/logo\/image\/","url":"https:\/\/noticiasmercedinas.com\/site\/wp-content\/uploads\/2020\/06\/LOGO-512.jpg","contentUrl":"https:\/\/noticiasmercedinas.com\/site\/wp-content\/uploads\/2020\/06\/LOGO-512.jpg","width":512,"height":512,"caption":"NOTICIASMERCEDINAS.COM"},"image":{"@id":"https:\/\/noticiasmercedinas.com\/site\/#\/schema\/logo\/image\/"},"sameAs":["https:\/\/www.facebook.com\/noticiasmercedinas\/","https:\/\/x.com\/notmercedinas","https:\/\/www.instagram.com\/noticiasmercedinas\/"]},{"@type":"Person","@id":"https:\/\/noticiasmercedinas.com\/site\/#\/schema\/person\/84b59c099c28ff2e8b77d4ceec5d8063","name":"NOTICIASMERCEDINAS.COM","image":{"@type":"ImageObject","inLanguage":"es","@id":"https:\/\/secure.gravatar.com\/avatar\/4dfbf16b4d17945bfb6341b2d19043457132fcf478a5ee04f42e959fd8f5df0a?s=96&d=mm&r=g","url":"https:\/\/secure.gravatar.com\/avatar\/4dfbf16b4d17945bfb6341b2d19043457132fcf478a5ee04f42e959fd8f5df0a?s=96&d=mm&r=g","contentUrl":"https:\/\/secure.gravatar.com\/avatar\/4dfbf16b4d17945bfb6341b2d19043457132fcf478a5ee04f42e959fd8f5df0a?s=96&d=mm&r=g","caption":"NOTICIASMERCEDINAS.COM"},"url":"https:\/\/noticiasmercedinas.com\/site\/author\/anonimo\/"}]}},"amp_enabled":true,"_links":{"self":[{"href":"https:\/\/noticiasmercedinas.com\/site\/wp-json\/wp\/v2\/posts\/177415","targetHints":{"allow":["GET"]}}],"collection":[{"href":"https:\/\/noticiasmercedinas.com\/site\/wp-json\/wp\/v2\/posts"}],"about":[{"href":"https:\/\/noticiasmercedinas.com\/site\/wp-json\/wp\/v2\/types\/post"}],"author":[{"embeddable":true,"href":"https:\/\/noticiasmercedinas.com\/site\/wp-json\/wp\/v2\/users\/16"}],"replies":[{"embeddable":true,"href":"https:\/\/noticiasmercedinas.com\/site\/wp-json\/wp\/v2\/comments?post=177415"}],"version-history":[{"count":1,"href":"https:\/\/noticiasmercedinas.com\/site\/wp-json\/wp\/v2\/posts\/177415\/revisions"}],"predecessor-version":[{"id":177416,"href":"https:\/\/noticiasmercedinas.com\/site\/wp-json\/wp\/v2\/posts\/177415\/revisions\/177416"}],"wp:featuredmedia":[{"embeddable":true,"href":"https:\/\/noticiasmercedinas.com\/site\/wp-json\/wp\/v2\/media\/168259"}],"wp:attachment":[{"href":"https:\/\/noticiasmercedinas.com\/site\/wp-json\/wp\/v2\/media?parent=177415"}],"wp:term":[{"taxonomy":"category","embeddable":true,"href":"https:\/\/noticiasmercedinas.com\/site\/wp-json\/wp\/v2\/categories?post=177415"},{"taxonomy":"post_tag","embeddable":true,"href":"https:\/\/noticiasmercedinas.com\/site\/wp-json\/wp\/v2\/tags?post=177415"}],"curies":[{"name":"wp","href":"https:\/\/api.w.org\/{rel}","templated":true}]}}