{"id":177439,"date":"2025-12-26T13:20:50","date_gmt":"2025-12-26T16:20:50","guid":{"rendered":"https:\/\/noticiasmercedinas.com\/site\/?p=177439"},"modified":"2025-12-26T13:20:50","modified_gmt":"2025-12-26T16:20:50","slug":"bomberos-voluntarios-de-mercedes-llaman-a-evitar-incendios-forestales","status":"publish","type":"post","link":"https:\/\/noticiasmercedinas.com\/site\/2025\/12\/26\/bomberos-voluntarios-de-mercedes-llaman-a-evitar-incendios-forestales\/","title":{"rendered":"Bomberos Voluntarios de Mercedes llaman a evitar incendios forestales"},"content":{"rendered":"<p data-path-to-node=\"0\"><img loading=\"lazy\" decoding=\"async\" class=\"alignnone size-full wp-image-54244\" src=\"https:\/\/noticiasmercedinas.com\/site\/wp-content\/uploads\/2020\/10\/Incendios-en-Cordoba.jpg\" alt=\"\" width=\"1200\" height=\"800\" srcset=\"https:\/\/noticiasmercedinas.com\/site\/wp-content\/uploads\/2020\/10\/Incendios-en-Cordoba.jpg 1200w, https:\/\/noticiasmercedinas.com\/site\/wp-content\/uploads\/2020\/10\/Incendios-en-Cordoba-300x200.jpg 300w, https:\/\/noticiasmercedinas.com\/site\/wp-content\/uploads\/2020\/10\/Incendios-en-Cordoba-1024x683.jpg 1024w, https:\/\/noticiasmercedinas.com\/site\/wp-content\/uploads\/2020\/10\/Incendios-en-Cordoba-768x512.jpg 768w, https:\/\/noticiasmercedinas.com\/site\/wp-content\/uploads\/2020\/10\/Incendios-en-Cordoba-640x427.jpg 640w, https:\/\/noticiasmercedinas.com\/site\/wp-content\/uploads\/2020\/10\/Incendios-en-Cordoba-681x454.jpg 681w\" sizes=\"auto, (max-width: 1200px) 100vw, 1200px\" \/><\/p>\n<p data-path-to-node=\"0\">Se dio a conocer una campa\u00f1a de concientizaci\u00f3n que &#8211;lanzada por los <b data-path-to-node=\"0\" data-index-in-node=\"73\">Bomberos Voluntarios de Mercedes<\/b>&#8212; busca la prevenci\u00f3n de incendios forestales durante la actual temporada de verano.<\/p>\n<p data-path-to-node=\"2\">Bajo el lema <b data-path-to-node=\"2\" data-index-in-node=\"13\">\u00abPrevenir es cuidar la vida y el entorno\u00bb<\/b>, el cuerpo de bomberos local inici\u00f3 una difusi\u00f3n activa en redes sociales debido a que la zona se encuentra en plena temporada alta de incendios forestales.<\/p>\n<p data-path-to-node=\"2\">La instituci\u00f3n remarca que la prevenci\u00f3n es una responsabilidad compartida, ya que un descuido puede ocasionar da\u00f1os graves al medio ambiente, a las viviendas y poner en riesgo vidas humanas.<\/p>\n<p data-path-to-node=\"3\"><b data-path-to-node=\"3\" data-index-in-node=\"0\">Recomendaciones principales brindadas por los servidores p\u00fablicos:<\/b><\/p>\n<ul>\n<li data-path-to-node=\"4,0,0\"><b data-path-to-node=\"4,0,0\" data-index-in-node=\"0\">Evitar el fuego:<\/b> No encender llamas en zonas rurales o de pastizales.<\/li>\n<li data-path-to-node=\"4,1,0\"><b data-path-to-node=\"4,1,0\" data-index-in-node=\"0\">Manejo de residuos:<\/b> No arrojar colillas de cigarrillos ni residuos que puedan ser inflamables.<\/li>\n<li data-path-to-node=\"4,2,0\"><b data-path-to-node=\"4,2,0\" data-index-in-node=\"0\">Denuncia inmediata:<\/b> Evitar cualquier tipo de quema y denunciar cualquier foco de incendio detectado.<\/li>\n<\/ul>\n<p data-path-to-node=\"5\">Ante cualquier emergencia o avistamiento de humo, se solicita a la comunidad comunicarse de inmediato con el n\u00famero <b data-path-to-node=\"5\" data-index-in-node=\"116\">100<\/b>.<\/p>\n<p data-path-to-node=\"5\"><img loading=\"lazy\" decoding=\"async\" class=\"alignnone wp-image-177440 size-full\" src=\"https:\/\/noticiasmercedinas.com\/site\/wp-content\/uploads\/2025\/12\/unnamed-e1766766010540.jpg\" alt=\"\" width=\"475\" height=\"576\" srcset=\"https:\/\/noticiasmercedinas.com\/site\/wp-content\/uploads\/2025\/12\/unnamed-e1766766010540.jpg 475w, https:\/\/noticiasmercedinas.com\/site\/wp-content\/uploads\/2025\/12\/unnamed-e1766766010540-247x300.jpg 247w\" sizes=\"auto, (max-width: 475px) 100vw, 475px\" \/><\/p>\n","protected":false},"excerpt":{"rendered":"<p>\u25a0 Bajo el lema \u00abPrevenir es cuidar la vida y el entorno\u00bb, el cuerpo de bomberos local inici\u00f3 una difusi\u00f3n activa en redes sociales debido a que la zona se encuentra en plena temporada alta de incendios forestales.<\/p>\n","protected":false},"author":16,"featured_media":54244,"comment_status":"closed","ping_status":"closed","sticky":false,"template":"","format":"standard","meta":{"footnotes":""},"categories":[7],"tags":[21504,1746,10219,2396],"class_list":["post-177439","post","type-post","status-publish","format-standard","has-post-thumbnail","hentry","category-policiales","tag-bombers-voluntarios","tag-incendio","tag-incendios-forestales","tag-prevencion"],"yoast_head":"<!-- This site is optimized with the Yoast SEO plugin v27.5 - https:\/\/yoast.com\/product\/yoast-seo-wordpress\/ -->\n<title>Bomberos Voluntarios de Mercedes llaman a evitar incendios forestales<\/title>\n<meta name=\"description\" content=\"Bajo el lema &quot;Prevenir es cuidar la vida y el entorno&quot;, el cuerpo de bomberos local inici\u00f3 una difusi\u00f3n activa en redes sociales debido a que la zona se encuentra en plena temporada alta de incendios forestales.\" \/>\n<meta name=\"robots\" content=\"index, follow, max-snippet:-1, max-image-preview:large, max-video-preview:-1\" \/>\n<link rel=\"canonical\" href=\"https:\/\/noticiasmercedinas.com\/site\/2025\/12\/26\/bomberos-voluntarios-de-mercedes-llaman-a-evitar-incendios-forestales\/\" \/>\n<meta property=\"og:locale\" content=\"es_ES\" \/>\n<meta property=\"og:type\" content=\"article\" \/>\n<meta property=\"og:title\" content=\"Bomberos Voluntarios de Mercedes llaman a evitar incendios forestales\" \/>\n<meta property=\"og:description\" content=\"Bajo el lema &quot;Prevenir es cuidar la vida y el entorno&quot;, el cuerpo de bomberos local inici\u00f3 una difusi\u00f3n activa en redes sociales debido a que la zona se encuentra en plena temporada alta de incendios forestales.\" \/>\n<meta property=\"og:url\" content=\"https:\/\/noticiasmercedinas.com\/site\/2025\/12\/26\/bomberos-voluntarios-de-mercedes-llaman-a-evitar-incendios-forestales\/\" \/>\n<meta property=\"og:site_name\" content=\"NOTICIASMERCEDINAS.COM\" \/>\n<meta property=\"article:publisher\" content=\"https:\/\/www.facebook.com\/noticiasmercedinas\/\" \/>\n<meta property=\"article:published_time\" content=\"2025-12-26T16:20:50+00:00\" \/>\n<meta property=\"og:image\" content=\"https:\/\/noticiasmercedinas.com\/site\/wp-content\/uploads\/2020\/10\/Incendios-en-Cordoba.jpg\" \/>\n\t<meta property=\"og:image:width\" content=\"1200\" \/>\n\t<meta property=\"og:image:height\" content=\"800\" \/>\n\t<meta property=\"og:image:type\" content=\"image\/jpeg\" \/>\n<meta name=\"author\" content=\"NOTICIASMERCEDINAS.COM\" \/>\n<meta name=\"twitter:card\" content=\"summary_large_image\" \/>\n<meta name=\"twitter:creator\" content=\"@notmercedinas\" \/>\n<meta name=\"twitter:site\" content=\"@notmercedinas\" \/>\n<meta name=\"twitter:label1\" content=\"Escrito por\" \/>\n\t<meta name=\"twitter:data1\" content=\"NOTICIASMERCEDINAS.COM\" \/>\n\t<meta name=\"twitter:label2\" content=\"Tiempo de lectura\" \/>\n\t<meta name=\"twitter:data2\" content=\"2 minutos\" \/>\n<script type=\"application\/ld+json\" class=\"yoast-schema-graph\">{\"@context\":\"https:\\\/\\\/schema.org\",\"@graph\":[{\"@type\":\"Article\",\"@id\":\"https:\\\/\\\/noticiasmercedinas.com\\\/site\\\/2025\\\/12\\\/26\\\/bomberos-voluntarios-de-mercedes-llaman-a-evitar-incendios-forestales\\\/#article\",\"isPartOf\":{\"@id\":\"https:\\\/\\\/noticiasmercedinas.com\\\/site\\\/2025\\\/12\\\/26\\\/bomberos-voluntarios-de-mercedes-llaman-a-evitar-incendios-forestales\\\/\"},\"author\":{\"name\":\"NOTICIASMERCEDINAS.COM\",\"@id\":\"https:\\\/\\\/noticiasmercedinas.com\\\/site\\\/#\\\/schema\\\/person\\\/84b59c099c28ff2e8b77d4ceec5d8063\"},\"headline\":\"Bomberos Voluntarios de Mercedes llaman a evitar incendios forestales\",\"datePublished\":\"2025-12-26T16:20:50+00:00\",\"mainEntityOfPage\":{\"@id\":\"https:\\\/\\\/noticiasmercedinas.com\\\/site\\\/2025\\\/12\\\/26\\\/bomberos-voluntarios-de-mercedes-llaman-a-evitar-incendios-forestales\\\/\"},\"wordCount\":178,\"publisher\":{\"@id\":\"https:\\\/\\\/noticiasmercedinas.com\\\/site\\\/#organization\"},\"image\":{\"@id\":\"https:\\\/\\\/noticiasmercedinas.com\\\/site\\\/2025\\\/12\\\/26\\\/bomberos-voluntarios-de-mercedes-llaman-a-evitar-incendios-forestales\\\/#primaryimage\"},\"thumbnailUrl\":\"https:\\\/\\\/noticiasmercedinas.com\\\/site\\\/wp-content\\\/uploads\\\/2020\\\/10\\\/Incendios-en-Cordoba.jpg\",\"keywords\":[\"bombers voluntarios\",\"incendio\",\"Incendios forestales\",\"prevencion\"],\"articleSection\":[\"Seguridad\"],\"inLanguage\":\"es\"},{\"@type\":\"WebPage\",\"@id\":\"https:\\\/\\\/noticiasmercedinas.com\\\/site\\\/2025\\\/12\\\/26\\\/bomberos-voluntarios-de-mercedes-llaman-a-evitar-incendios-forestales\\\/\",\"url\":\"https:\\\/\\\/noticiasmercedinas.com\\\/site\\\/2025\\\/12\\\/26\\\/bomberos-voluntarios-de-mercedes-llaman-a-evitar-incendios-forestales\\\/\",\"name\":\"Bomberos Voluntarios de Mercedes llaman a evitar incendios forestales\",\"isPartOf\":{\"@id\":\"https:\\\/\\\/noticiasmercedinas.com\\\/site\\\/#website\"},\"primaryImageOfPage\":{\"@id\":\"https:\\\/\\\/noticiasmercedinas.com\\\/site\\\/2025\\\/12\\\/26\\\/bomberos-voluntarios-de-mercedes-llaman-a-evitar-incendios-forestales\\\/#primaryimage\"},\"image\":{\"@id\":\"https:\\\/\\\/noticiasmercedinas.com\\\/site\\\/2025\\\/12\\\/26\\\/bomberos-voluntarios-de-mercedes-llaman-a-evitar-incendios-forestales\\\/#primaryimage\"},\"thumbnailUrl\":\"https:\\\/\\\/noticiasmercedinas.com\\\/site\\\/wp-content\\\/uploads\\\/2020\\\/10\\\/Incendios-en-Cordoba.jpg\",\"datePublished\":\"2025-12-26T16:20:50+00:00\",\"description\":\"Bajo el lema \\\"Prevenir es cuidar la vida y el entorno\\\", el cuerpo de bomberos local inici\u00f3 una difusi\u00f3n activa en redes sociales debido a que la zona se encuentra en plena temporada alta de incendios forestales.\",\"breadcrumb\":{\"@id\":\"https:\\\/\\\/noticiasmercedinas.com\\\/site\\\/2025\\\/12\\\/26\\\/bomberos-voluntarios-de-mercedes-llaman-a-evitar-incendios-forestales\\\/#breadcrumb\"},\"inLanguage\":\"es\",\"potentialAction\":[{\"@type\":\"ReadAction\",\"target\":[\"https:\\\/\\\/noticiasmercedinas.com\\\/site\\\/2025\\\/12\\\/26\\\/bomberos-voluntarios-de-mercedes-llaman-a-evitar-incendios-forestales\\\/\"]}]},{\"@type\":\"ImageObject\",\"inLanguage\":\"es\",\"@id\":\"https:\\\/\\\/noticiasmercedinas.com\\\/site\\\/2025\\\/12\\\/26\\\/bomberos-voluntarios-de-mercedes-llaman-a-evitar-incendios-forestales\\\/#primaryimage\",\"url\":\"https:\\\/\\\/noticiasmercedinas.com\\\/site\\\/wp-content\\\/uploads\\\/2020\\\/10\\\/Incendios-en-Cordoba.jpg\",\"contentUrl\":\"https:\\\/\\\/noticiasmercedinas.com\\\/site\\\/wp-content\\\/uploads\\\/2020\\\/10\\\/Incendios-en-Cordoba.jpg\",\"width\":1200,\"height\":800},{\"@type\":\"BreadcrumbList\",\"@id\":\"https:\\\/\\\/noticiasmercedinas.com\\\/site\\\/2025\\\/12\\\/26\\\/bomberos-voluntarios-de-mercedes-llaman-a-evitar-incendios-forestales\\\/#breadcrumb\",\"itemListElement\":[{\"@type\":\"ListItem\",\"position\":1,\"name\":\"Portada\",\"item\":\"https:\\\/\\\/noticiasmercedinas.com\\\/site\\\/\"},{\"@type\":\"ListItem\",\"position\":2,\"name\":\"Bomberos Voluntarios de Mercedes llaman a evitar incendios forestales\"}]},{\"@type\":\"WebSite\",\"@id\":\"https:\\\/\\\/noticiasmercedinas.com\\\/site\\\/#website\",\"url\":\"https:\\\/\\\/noticiasmercedinas.com\\\/site\\\/\",\"name\":\"NOTICIASMERCEDINAS.COM\",\"description\":\"Mercedes, Buenos Aires, Argentina\",\"publisher\":{\"@id\":\"https:\\\/\\\/noticiasmercedinas.com\\\/site\\\/#organization\"},\"potentialAction\":[{\"@type\":\"SearchAction\",\"target\":{\"@type\":\"EntryPoint\",\"urlTemplate\":\"https:\\\/\\\/noticiasmercedinas.com\\\/site\\\/?s={search_term_string}\"},\"query-input\":{\"@type\":\"PropertyValueSpecification\",\"valueRequired\":true,\"valueName\":\"search_term_string\"}}],\"inLanguage\":\"es\"},{\"@type\":\"Organization\",\"@id\":\"https:\\\/\\\/noticiasmercedinas.com\\\/site\\\/#organization\",\"name\":\"NOTICIASMERCEDINAS.COM\",\"url\":\"https:\\\/\\\/noticiasmercedinas.com\\\/site\\\/\",\"logo\":{\"@type\":\"ImageObject\",\"inLanguage\":\"es\",\"@id\":\"https:\\\/\\\/noticiasmercedinas.com\\\/site\\\/#\\\/schema\\\/logo\\\/image\\\/\",\"url\":\"https:\\\/\\\/noticiasmercedinas.com\\\/site\\\/wp-content\\\/uploads\\\/2020\\\/06\\\/LOGO-512.jpg\",\"contentUrl\":\"https:\\\/\\\/noticiasmercedinas.com\\\/site\\\/wp-content\\\/uploads\\\/2020\\\/06\\\/LOGO-512.jpg\",\"width\":512,\"height\":512,\"caption\":\"NOTICIASMERCEDINAS.COM\"},\"image\":{\"@id\":\"https:\\\/\\\/noticiasmercedinas.com\\\/site\\\/#\\\/schema\\\/logo\\\/image\\\/\"},\"sameAs\":[\"https:\\\/\\\/www.facebook.com\\\/noticiasmercedinas\\\/\",\"https:\\\/\\\/x.com\\\/notmercedinas\",\"https:\\\/\\\/www.instagram.com\\\/noticiasmercedinas\\\/\"]},{\"@type\":\"Person\",\"@id\":\"https:\\\/\\\/noticiasmercedinas.com\\\/site\\\/#\\\/schema\\\/person\\\/84b59c099c28ff2e8b77d4ceec5d8063\",\"name\":\"NOTICIASMERCEDINAS.COM\",\"image\":{\"@type\":\"ImageObject\",\"inLanguage\":\"es\",\"@id\":\"https:\\\/\\\/secure.gravatar.com\\\/avatar\\\/4dfbf16b4d17945bfb6341b2d19043457132fcf478a5ee04f42e959fd8f5df0a?s=96&d=mm&r=g\",\"url\":\"https:\\\/\\\/secure.gravatar.com\\\/avatar\\\/4dfbf16b4d17945bfb6341b2d19043457132fcf478a5ee04f42e959fd8f5df0a?s=96&d=mm&r=g\",\"contentUrl\":\"https:\\\/\\\/secure.gravatar.com\\\/avatar\\\/4dfbf16b4d17945bfb6341b2d19043457132fcf478a5ee04f42e959fd8f5df0a?s=96&d=mm&r=g\",\"caption\":\"NOTICIASMERCEDINAS.COM\"},\"url\":\"https:\\\/\\\/noticiasmercedinas.com\\\/site\\\/author\\\/anonimo\\\/\"}]}<\/script>\n<!-- \/ Yoast SEO plugin. -->","yoast_head_json":{"title":"Bomberos Voluntarios de Mercedes llaman a evitar incendios forestales","description":"Bajo el lema \"Prevenir es cuidar la vida y el entorno\", el cuerpo de bomberos local inici\u00f3 una difusi\u00f3n activa en redes sociales debido a que la zona se encuentra en plena temporada alta de incendios forestales.","robots":{"index":"index","follow":"follow","max-snippet":"max-snippet:-1","max-image-preview":"max-image-preview:large","max-video-preview":"max-video-preview:-1"},"canonical":"https:\/\/noticiasmercedinas.com\/site\/2025\/12\/26\/bomberos-voluntarios-de-mercedes-llaman-a-evitar-incendios-forestales\/","og_locale":"es_ES","og_type":"article","og_title":"Bomberos Voluntarios de Mercedes llaman a evitar incendios forestales","og_description":"Bajo el lema \"Prevenir es cuidar la vida y el entorno\", el cuerpo de bomberos local inici\u00f3 una difusi\u00f3n activa en redes sociales debido a que la zona se encuentra en plena temporada alta de incendios forestales.","og_url":"https:\/\/noticiasmercedinas.com\/site\/2025\/12\/26\/bomberos-voluntarios-de-mercedes-llaman-a-evitar-incendios-forestales\/","og_site_name":"NOTICIASMERCEDINAS.COM","article_publisher":"https:\/\/www.facebook.com\/noticiasmercedinas\/","article_published_time":"2025-12-26T16:20:50+00:00","og_image":[{"width":1200,"height":800,"url":"https:\/\/noticiasmercedinas.com\/site\/wp-content\/uploads\/2020\/10\/Incendios-en-Cordoba.jpg","type":"image\/jpeg"}],"author":"NOTICIASMERCEDINAS.COM","twitter_card":"summary_large_image","twitter_creator":"@notmercedinas","twitter_site":"@notmercedinas","twitter_misc":{"Escrito por":"NOTICIASMERCEDINAS.COM","Tiempo de lectura":"2 minutos"},"schema":{"@context":"https:\/\/schema.org","@graph":[{"@type":"Article","@id":"https:\/\/noticiasmercedinas.com\/site\/2025\/12\/26\/bomberos-voluntarios-de-mercedes-llaman-a-evitar-incendios-forestales\/#article","isPartOf":{"@id":"https:\/\/noticiasmercedinas.com\/site\/2025\/12\/26\/bomberos-voluntarios-de-mercedes-llaman-a-evitar-incendios-forestales\/"},"author":{"name":"NOTICIASMERCEDINAS.COM","@id":"https:\/\/noticiasmercedinas.com\/site\/#\/schema\/person\/84b59c099c28ff2e8b77d4ceec5d8063"},"headline":"Bomberos Voluntarios de Mercedes llaman a evitar incendios forestales","datePublished":"2025-12-26T16:20:50+00:00","mainEntityOfPage":{"@id":"https:\/\/noticiasmercedinas.com\/site\/2025\/12\/26\/bomberos-voluntarios-de-mercedes-llaman-a-evitar-incendios-forestales\/"},"wordCount":178,"publisher":{"@id":"https:\/\/noticiasmercedinas.com\/site\/#organization"},"image":{"@id":"https:\/\/noticiasmercedinas.com\/site\/2025\/12\/26\/bomberos-voluntarios-de-mercedes-llaman-a-evitar-incendios-forestales\/#primaryimage"},"thumbnailUrl":"https:\/\/noticiasmercedinas.com\/site\/wp-content\/uploads\/2020\/10\/Incendios-en-Cordoba.jpg","keywords":["bombers voluntarios","incendio","Incendios forestales","prevencion"],"articleSection":["Seguridad"],"inLanguage":"es"},{"@type":"WebPage","@id":"https:\/\/noticiasmercedinas.com\/site\/2025\/12\/26\/bomberos-voluntarios-de-mercedes-llaman-a-evitar-incendios-forestales\/","url":"https:\/\/noticiasmercedinas.com\/site\/2025\/12\/26\/bomberos-voluntarios-de-mercedes-llaman-a-evitar-incendios-forestales\/","name":"Bomberos Voluntarios de Mercedes llaman a evitar incendios forestales","isPartOf":{"@id":"https:\/\/noticiasmercedinas.com\/site\/#website"},"primaryImageOfPage":{"@id":"https:\/\/noticiasmercedinas.com\/site\/2025\/12\/26\/bomberos-voluntarios-de-mercedes-llaman-a-evitar-incendios-forestales\/#primaryimage"},"image":{"@id":"https:\/\/noticiasmercedinas.com\/site\/2025\/12\/26\/bomberos-voluntarios-de-mercedes-llaman-a-evitar-incendios-forestales\/#primaryimage"},"thumbnailUrl":"https:\/\/noticiasmercedinas.com\/site\/wp-content\/uploads\/2020\/10\/Incendios-en-Cordoba.jpg","datePublished":"2025-12-26T16:20:50+00:00","description":"Bajo el lema \"Prevenir es cuidar la vida y el entorno\", el cuerpo de bomberos local inici\u00f3 una difusi\u00f3n activa en redes sociales debido a que la zona se encuentra en plena temporada alta de incendios forestales.","breadcrumb":{"@id":"https:\/\/noticiasmercedinas.com\/site\/2025\/12\/26\/bomberos-voluntarios-de-mercedes-llaman-a-evitar-incendios-forestales\/#breadcrumb"},"inLanguage":"es","potentialAction":[{"@type":"ReadAction","target":["https:\/\/noticiasmercedinas.com\/site\/2025\/12\/26\/bomberos-voluntarios-de-mercedes-llaman-a-evitar-incendios-forestales\/"]}]},{"@type":"ImageObject","inLanguage":"es","@id":"https:\/\/noticiasmercedinas.com\/site\/2025\/12\/26\/bomberos-voluntarios-de-mercedes-llaman-a-evitar-incendios-forestales\/#primaryimage","url":"https:\/\/noticiasmercedinas.com\/site\/wp-content\/uploads\/2020\/10\/Incendios-en-Cordoba.jpg","contentUrl":"https:\/\/noticiasmercedinas.com\/site\/wp-content\/uploads\/2020\/10\/Incendios-en-Cordoba.jpg","width":1200,"height":800},{"@type":"BreadcrumbList","@id":"https:\/\/noticiasmercedinas.com\/site\/2025\/12\/26\/bomberos-voluntarios-de-mercedes-llaman-a-evitar-incendios-forestales\/#breadcrumb","itemListElement":[{"@type":"ListItem","position":1,"name":"Portada","item":"https:\/\/noticiasmercedinas.com\/site\/"},{"@type":"ListItem","position":2,"name":"Bomberos Voluntarios de Mercedes llaman a evitar incendios forestales"}]},{"@type":"WebSite","@id":"https:\/\/noticiasmercedinas.com\/site\/#website","url":"https:\/\/noticiasmercedinas.com\/site\/","name":"NOTICIASMERCEDINAS.COM","description":"Mercedes, Buenos Aires, Argentina","publisher":{"@id":"https:\/\/noticiasmercedinas.com\/site\/#organization"},"potentialAction":[{"@type":"SearchAction","target":{"@type":"EntryPoint","urlTemplate":"https:\/\/noticiasmercedinas.com\/site\/?s={search_term_string}"},"query-input":{"@type":"PropertyValueSpecification","valueRequired":true,"valueName":"search_term_string"}}],"inLanguage":"es"},{"@type":"Organization","@id":"https:\/\/noticiasmercedinas.com\/site\/#organization","name":"NOTICIASMERCEDINAS.COM","url":"https:\/\/noticiasmercedinas.com\/site\/","logo":{"@type":"ImageObject","inLanguage":"es","@id":"https:\/\/noticiasmercedinas.com\/site\/#\/schema\/logo\/image\/","url":"https:\/\/noticiasmercedinas.com\/site\/wp-content\/uploads\/2020\/06\/LOGO-512.jpg","contentUrl":"https:\/\/noticiasmercedinas.com\/site\/wp-content\/uploads\/2020\/06\/LOGO-512.jpg","width":512,"height":512,"caption":"NOTICIASMERCEDINAS.COM"},"image":{"@id":"https:\/\/noticiasmercedinas.com\/site\/#\/schema\/logo\/image\/"},"sameAs":["https:\/\/www.facebook.com\/noticiasmercedinas\/","https:\/\/x.com\/notmercedinas","https:\/\/www.instagram.com\/noticiasmercedinas\/"]},{"@type":"Person","@id":"https:\/\/noticiasmercedinas.com\/site\/#\/schema\/person\/84b59c099c28ff2e8b77d4ceec5d8063","name":"NOTICIASMERCEDINAS.COM","image":{"@type":"ImageObject","inLanguage":"es","@id":"https:\/\/secure.gravatar.com\/avatar\/4dfbf16b4d17945bfb6341b2d19043457132fcf478a5ee04f42e959fd8f5df0a?s=96&d=mm&r=g","url":"https:\/\/secure.gravatar.com\/avatar\/4dfbf16b4d17945bfb6341b2d19043457132fcf478a5ee04f42e959fd8f5df0a?s=96&d=mm&r=g","contentUrl":"https:\/\/secure.gravatar.com\/avatar\/4dfbf16b4d17945bfb6341b2d19043457132fcf478a5ee04f42e959fd8f5df0a?s=96&d=mm&r=g","caption":"NOTICIASMERCEDINAS.COM"},"url":"https:\/\/noticiasmercedinas.com\/site\/author\/anonimo\/"}]}},"amp_enabled":true,"_links":{"self":[{"href":"https:\/\/noticiasmercedinas.com\/site\/wp-json\/wp\/v2\/posts\/177439","targetHints":{"allow":["GET"]}}],"collection":[{"href":"https:\/\/noticiasmercedinas.com\/site\/wp-json\/wp\/v2\/posts"}],"about":[{"href":"https:\/\/noticiasmercedinas.com\/site\/wp-json\/wp\/v2\/types\/post"}],"author":[{"embeddable":true,"href":"https:\/\/noticiasmercedinas.com\/site\/wp-json\/wp\/v2\/users\/16"}],"replies":[{"embeddable":true,"href":"https:\/\/noticiasmercedinas.com\/site\/wp-json\/wp\/v2\/comments?post=177439"}],"version-history":[{"count":1,"href":"https:\/\/noticiasmercedinas.com\/site\/wp-json\/wp\/v2\/posts\/177439\/revisions"}],"predecessor-version":[{"id":177441,"href":"https:\/\/noticiasmercedinas.com\/site\/wp-json\/wp\/v2\/posts\/177439\/revisions\/177441"}],"wp:featuredmedia":[{"embeddable":true,"href":"https:\/\/noticiasmercedinas.com\/site\/wp-json\/wp\/v2\/media\/54244"}],"wp:attachment":[{"href":"https:\/\/noticiasmercedinas.com\/site\/wp-json\/wp\/v2\/media?parent=177439"}],"wp:term":[{"taxonomy":"category","embeddable":true,"href":"https:\/\/noticiasmercedinas.com\/site\/wp-json\/wp\/v2\/categories?post=177439"},{"taxonomy":"post_tag","embeddable":true,"href":"https:\/\/noticiasmercedinas.com\/site\/wp-json\/wp\/v2\/tags?post=177439"}],"curies":[{"name":"wp","href":"https:\/\/api.w.org\/{rel}","templated":true}]}}